{"id":193690,"date":"2026-04-29T13:00:22","date_gmt":"2026-04-29T16:00:22","guid":{"rendered":"https:\/\/gysfm.com.ar\/inicio\/ceferino-reato-presento-su-ultimo-libro\/"},"modified":"2026-04-29T13:00:22","modified_gmt":"2026-04-29T16:00:22","slug":"ceferino-reato-presento-su-ultimo-libro","status":"publish","type":"post","link":"https:\/\/gysfm.com.ar\/inicio\/ceferino-reato-presento-su-ultimo-libro\/","title":{"rendered":"Ceferino Reato present\u00f3 su \u00faltimo libro"},"content":{"rendered":"<p><\/p>\n<div id=\"article-content\">\n<p><em>\u201c\u00bfViste que la izquierda escribe m\u00e1s que la derecha? Bueno, fueron los ex montoneros quienes le llevaron a Menem un documento en el que hab\u00edan llegado a la conclusi\u00f3n que hab\u00eda habido en las \u00faltimas d\u00e9cadas en la Argentina una \u2018guerra civil intermitente\u2019 y que la soluci\u00f3n no pod\u00eda ser judicial sino pol\u00edtica: una amnist\u00eda o un indulto\u201d.<\/em><\/p>\n<p>De esa manera, en la presentaci\u00f3n de su \u00faltimo libro, <strong>Pax menemista<\/strong>, en la Feria del Libro y en di\u00e1logo con el abogado y escritor <strong>Roberto Bosca<\/strong>, el periodista y polit\u00f3logo Ceferino Reato explic\u00f3 c\u00f3mo naci\u00f3 la idea de los indultos del presidente Carlos Menem, entre 1989 y 1990, cuando la Argentina viv\u00eda a los tumbos por una severa crisis econ\u00f3mica y social.<\/p>\n<p>\u201cYo pensaba \u2014agreg\u00f3\u2014 que la idea hab\u00eda sido de los militares presos por violaciones a los derechos humanos en la dictadura, pero no: fueron los ex guerrilleros, que tambi\u00e9n ten\u00edan preso a su l\u00edder, Mario Firmenich, y procesados a decenas de sus compa\u00f1eros. Los militares quer\u00edan m\u00e1s: <strong>no les conformaba el indulto, que borraba la pena, pero no el delito<\/strong>\u201d.<\/p>\n<div class=\"subscription\">\n<p>\n        Esto no les gusta a los autoritarios\n    <\/p>\n<div class=\"subscription__container\">\n<div class=\"subscription__text-wrapper\">\n<p>\n                El ejercicio del periodismo profesional y cr\u00edtico es un pilar fundamental de la democracia. Por eso molesta a quienes creen ser los due\u00f1os de la verdad.\n            <\/p>\n<\/p><\/div><\/div>\n<\/div>\n<p>\u201c<strong>El ex dictador Jorge Videla<\/strong>, por ejemplo, consideraba que no hab\u00eda cometido ning\u00fan delito y que, por el contrario, \u00e9l y las Fuerzas Armadas deb\u00edan ser reivindicadas <strong>por haber salvado al pa\u00eds del comunismo<\/strong>\u201d, se\u00f1al\u00f3.<\/p>\n<p>Esa alianza entre Menem y los montoneros <strong>fue sellada en el verano de 1988<\/strong>, cuando el pol\u00edtico comenzaba su campa\u00f1a para las elecciones internas del peronismo y aparec\u00eda como el seguro perdedor frente a Antonio Cafiero, el poderoso gobernador de Buenos Aires. \u201c<strong>Fue un acuerdo entre el hambre y las ganas de comer<\/strong>: Menem, que no ten\u00eda dinero para la campa\u00f1a, y los ex montoneros, que eran vistos con recelo dentro del peronismo y aportaron recursos que todav\u00eda ten\u00edan de los secuestros a empresarios en los 70\u201d, cont\u00f3 el autor.<\/p>\n<p>Pero, la mayor\u00eda de la gente estaba en contra de los indultos, tanto a militares como a guerrilleros, y apoyaba los juicios propiciados por el ex presidente Ra\u00fal Alfons\u00edn. De acuerdo con el libro, Menem privilegi\u00f3 la pacificaci\u00f3n nacional porque, al asumir cinco meses antes por la crisis econ\u00f3mica y social, se encontr\u00f3 tambi\u00e9n con un Ej\u00e9rcito disgustado por los juicios, con una fuerte divisi\u00f3n entre \u201c<strong>leales<\/strong>\u201d y \u201c<strong>carapintadas<\/strong>\u201d, que se hab\u00edan rebelado tres veces sin que Alfons\u00edn pudiera reprimirlos.<\/p>\n<div style=\"text-align:center\">\n<figure class=\"image\" style=\"display:inline-block\"><picture><source media=\"(max-width: 440px)\" srcset=\"https:\/\/fotos.perfil.com\/\/2026\/04\/28\/440\/0\/ceferino-reato-presenta-pax-menemista-28042026-2229564.jpg?webp\"\/><source media=\"(max-width: 1019px)\" srcset=\"https:\/\/fotos.perfil.com\/\/2026\/04\/28\/712\/0\/ceferino-reato-presenta-pax-menemista-28042026-2229564.jpg?webp\"\/><img decoding=\"async\" style=\"max-width: 100%; width: 100%;\" alt=\"Ceferino Reato presenta PAX Menemista 28042026\" src=\"https:\/\/fotos.perfil.com\/\/2026\/04\/28\/900\/0\/ceferino-reato-presenta-pax-menemista-28042026-2229564.jpg?webp\" loading=\"lazy\"\/><\/picture><figcaption>Ceferino Reato, en la presentaci\u00f3n de su \u00faltimo libro<\/figcaption><\/figure>\n<\/p><\/div>\n<p>\u201cTambi\u00e9n Menem se ve\u00eda como <strong>el gran perdonador <\/strong>luego de haber estado preso cinco a\u00f1os en la dictadura y pretend\u00eda solucionar las dos grandes antinomias que divid\u00edan a los argentinos: entre unitarios y federales, y entre peronistas y antiperonistas\u201d, dijo Reato.<\/p>\n<p>En ese marco, los indultos fueron el tema m\u00e1s controvertido de una bater\u00eda de decisiones que apuntaban a la reconciliaci\u00f3n nacional o a la cancelaci\u00f3n de esas antinomias. Por ejemplo, la repatriaci\u00f3n de los restos de Juan Manuel de Rosas, que segu\u00edan en un cementerio brit\u00e1nico, alimentando la divisi\u00f3n entre federales y unitarios.<\/p>\n<p>Tambi\u00e9n el abrazo con el almirante <strong>Isaac Rojas,<\/strong> emblema y vocero principal del antiperonismo, <strong>una figura singular, odiada por los peronistas<\/strong> por su rol estelar en el <strong>golpe de Estado contra Juan Per\u00f3n en 1955<\/strong>, los fusilamientos del a\u00f1o siguiente y la proscripci\u00f3n del peronismo durante dieciocho a\u00f1os.<\/p>\n<p>Reato recogi\u00f3 el testimonio de la hija del marino. Uno de sus amigos cercanos le recrimin\u00f3 el gesto y Rojas respondi\u00f3: \u201cA veces hay que hacer cosas por el bien de la Patria\u201d. Para Reato, el episodio ilustra algo que el libro quiere documentar: que hubo, en distintos actores, un deseo genuino de acercamiento que la narrativa predominante tiende a ignorar.<\/p>\n<p>Tambi\u00e9n la construcci\u00f3n del<strong> Monumento a los Ca\u00eddos en Malvinas<\/strong>, en la ciudad de Buenos Aires. Reato cont\u00f3 que hab\u00eda resistencias de todo tipo: quienes cre\u00edan que era un homenaje a los militares, quienes no quer\u00edan alterar la barranca de Retiro, quienes lo ve\u00edan como un desaf\u00edo a los ingleses porque estaba frente a la Torre. Fue posible gracias a civiles de la Sociedad de Numism\u00e1tica, \u201cpatriotas que no ganaron nada. Al contrario, fueron denunciados penalmente porque supuestamente arruinaban un monumento hist\u00f3rico nacional\u201d. Varios empresarios aportaron dinero de forma an\u00f3nima, entre ellos<strong> Amalia Lacroze de Fortabat<\/strong> y<strong> Eduardo Escasany.<\/strong><\/p>\n<\/p><\/div>\n<p><script>\n                !function(f,b,e,v,n,t,s)\n                {if(f.fbq)return;n=f.fbq=function(){n.callMethod?\n                    n.callMethod.apply(n,arguments):n.queue.push(arguments)};\n                    if(!f._fbq)f._fbq=n;n.push=n;n.loaded=!0;n.version='2.0';\n                    n.queue=[];t=b.createElement(e);t.async=!0;\n                    t.src=v;s=b.getElementsByTagName(e)[0];\n                    s.parentNode.insertBefore(t,s)}(window, document,'script',\n                    'https:\/\/connect.facebook.net\/en_US\/fbevents.js');\n                window.paywallConfig.facebook_pixel=\"1000228364089342\"\n            <\/script><\/p>\n","protected":false},"excerpt":{"rendered":"<p>\u201c\u00bfViste que la izquierda escribe m\u00e1s que la derecha? Bueno, fueron los ex montoneros quienes le llevaron a Menem un documento en el que hab\u00edan llegado a la conclusi\u00f3n que hab\u00eda habido en las \u00faltimas d\u00e9cadas en la Argentina una \u2018guerra civil intermitente\u2019 y que la soluci\u00f3n no pod\u00eda ser judicial sino pol\u00edtica: una amnist\u00eda [&hellip;]<\/p>\n","protected":false},"author":2,"featured_media":193691,"comment_status":"closed","ping_status":"closed","sticky":false,"template":"","format":"standard","meta":{"footnotes":""},"categories":[25],"tags":[],"class_list":["post-193690","post","type-post","status-publish","format-standard","has-post-thumbnail","hentry","category-nacionales"],"yoast_head":"<!-- This site is optimized with the Yoast SEO plugin v24.4 - https:\/\/yoast.com\/wordpress\/plugins\/seo\/ -->\n<title>Ceferino Reato present\u00f3 su \u00faltimo libro - GYS NOTICIAS |<\/title>\n<meta name=\"robots\" content=\"index, follow, max-snippet:-1, max-image-preview:large, max-video-preview:-1\" \/>\n<link rel=\"canonical\" href=\"https:\/\/gysfm.com.ar\/inicio\/ceferino-reato-presento-su-ultimo-libro\/\" \/>\n<meta property=\"og:locale\" content=\"es_ES\" \/>\n<meta property=\"og:type\" content=\"article\" \/>\n<meta property=\"og:title\" content=\"Ceferino Reato present\u00f3 su \u00faltimo libro - GYS NOTICIAS |\" \/>\n<meta property=\"og:description\" content=\"\u201c\u00bfViste que la izquierda escribe m\u00e1s que la derecha? Bueno, fueron los ex montoneros quienes le llevaron a Menem un documento en el que hab\u00edan llegado a la conclusi\u00f3n que hab\u00eda habido en las \u00faltimas d\u00e9cadas en la Argentina una \u2018guerra civil intermitente\u2019 y que la soluci\u00f3n no pod\u00eda ser judicial sino pol\u00edtica: una amnist\u00eda [&hellip;]\" \/>\n<meta property=\"og:url\" content=\"https:\/\/gysfm.com.ar\/inicio\/ceferino-reato-presento-su-ultimo-libro\/\" \/>\n<meta property=\"og:site_name\" content=\"GYS NOTICIAS |\" \/>\n<meta property=\"article:published_time\" content=\"2026-04-29T16:00:22+00:00\" \/>\n<meta property=\"og:image\" content=\"https:\/\/fotos.perfil.com\/\/2026\/04\/28\/900\/0\/ceferino-reato-presenta-pax-menemista-28042026-2229564.jpg?webp\" \/>\n<meta name=\"author\" content=\"Prensa G&amp;S FM\" \/>\n<meta name=\"twitter:card\" content=\"summary_large_image\" \/>\n<meta name=\"twitter:label1\" content=\"Escrito por\" \/>\n\t<meta name=\"twitter:data1\" content=\"Prensa G&amp;S FM\" \/>\n\t<meta name=\"twitter:label2\" content=\"Tiempo de lectura\" \/>\n\t<meta name=\"twitter:data2\" content=\"4 minutos\" \/>\n<script type=\"application\/ld+json\" class=\"yoast-schema-graph\">{\"@context\":\"https:\/\/schema.org\",\"@graph\":[{\"@type\":\"Article\",\"@id\":\"https:\/\/gysfm.com.ar\/inicio\/ceferino-reato-presento-su-ultimo-libro\/#article\",\"isPartOf\":{\"@id\":\"https:\/\/gysfm.com.ar\/inicio\/ceferino-reato-presento-su-ultimo-libro\/\"},\"author\":{\"name\":\"Prensa G&amp;S FM\",\"@id\":\"https:\/\/gysfm.com.ar\/inicio\/#\/schema\/person\/3abba7593ef2ad19e1be221d54383dc5\"},\"headline\":\"Ceferino Reato present\u00f3 su \u00faltimo libro\",\"datePublished\":\"2026-04-29T16:00:22+00:00\",\"mainEntityOfPage\":{\"@id\":\"https:\/\/gysfm.com.ar\/inicio\/ceferino-reato-presento-su-ultimo-libro\/\"},\"wordCount\":807,\"publisher\":{\"@id\":\"https:\/\/gysfm.com.ar\/inicio\/#organization\"},\"image\":{\"@id\":\"https:\/\/gysfm.com.ar\/inicio\/ceferino-reato-presento-su-ultimo-libro\/#primaryimage\"},\"thumbnailUrl\":\"https:\/\/gysfm.com.ar\/inicio\/wp-content\/uploads\/2026\/04\/ceferino-reato-presenta-pax-menemista-28042026-2229562.jpg\",\"articleSection\":[\"NACIONALES\"],\"inLanguage\":\"es\"},{\"@type\":\"WebPage\",\"@id\":\"https:\/\/gysfm.com.ar\/inicio\/ceferino-reato-presento-su-ultimo-libro\/\",\"url\":\"https:\/\/gysfm.com.ar\/inicio\/ceferino-reato-presento-su-ultimo-libro\/\",\"name\":\"Ceferino Reato present\u00f3 su \u00faltimo libro - GYS NOTICIAS |\",\"isPartOf\":{\"@id\":\"https:\/\/gysfm.com.ar\/inicio\/#website\"},\"primaryImageOfPage\":{\"@id\":\"https:\/\/gysfm.com.ar\/inicio\/ceferino-reato-presento-su-ultimo-libro\/#primaryimage\"},\"image\":{\"@id\":\"https:\/\/gysfm.com.ar\/inicio\/ceferino-reato-presento-su-ultimo-libro\/#primaryimage\"},\"thumbnailUrl\":\"https:\/\/gysfm.com.ar\/inicio\/wp-content\/uploads\/2026\/04\/ceferino-reato-presenta-pax-menemista-28042026-2229562.jpg\",\"datePublished\":\"2026-04-29T16:00:22+00:00\",\"breadcrumb\":{\"@id\":\"https:\/\/gysfm.com.ar\/inicio\/ceferino-reato-presento-su-ultimo-libro\/#breadcrumb\"},\"inLanguage\":\"es\",\"potentialAction\":[{\"@type\":\"ReadAction\",\"target\":[\"https:\/\/gysfm.com.ar\/inicio\/ceferino-reato-presento-su-ultimo-libro\/\"]}]},{\"@type\":\"ImageObject\",\"inLanguage\":\"es\",\"@id\":\"https:\/\/gysfm.com.ar\/inicio\/ceferino-reato-presento-su-ultimo-libro\/#primaryimage\",\"url\":\"https:\/\/gysfm.com.ar\/inicio\/wp-content\/uploads\/2026\/04\/ceferino-reato-presenta-pax-menemista-28042026-2229562.jpg\",\"contentUrl\":\"https:\/\/gysfm.com.ar\/inicio\/wp-content\/uploads\/2026\/04\/ceferino-reato-presenta-pax-menemista-28042026-2229562.jpg\",\"width\":1140,\"height\":641},{\"@type\":\"BreadcrumbList\",\"@id\":\"https:\/\/gysfm.com.ar\/inicio\/ceferino-reato-presento-su-ultimo-libro\/#breadcrumb\",\"itemListElement\":[{\"@type\":\"ListItem\",\"position\":1,\"name\":\"Portada\",\"item\":\"https:\/\/gysfm.com.ar\/inicio\/\"},{\"@type\":\"ListItem\",\"position\":2,\"name\":\"Ceferino Reato present\u00f3 su \u00faltimo libro\"}]},{\"@type\":\"WebSite\",\"@id\":\"https:\/\/gysfm.com.ar\/inicio\/#website\",\"url\":\"https:\/\/gysfm.com.ar\/inicio\/\",\"name\":\"GYS NOTICIAS |\",\"description\":\"DIARIO - RADIO ONLINE SAN JUAN ARGENTINA\",\"publisher\":{\"@id\":\"https:\/\/gysfm.com.ar\/inicio\/#organization\"},\"potentialAction\":[{\"@type\":\"SearchAction\",\"target\":{\"@type\":\"EntryPoint\",\"urlTemplate\":\"https:\/\/gysfm.com.ar\/inicio\/?s={search_term_string}\"},\"query-input\":{\"@type\":\"PropertyValueSpecification\",\"valueRequired\":true,\"valueName\":\"search_term_string\"}}],\"inLanguage\":\"es\"},{\"@type\":\"Organization\",\"@id\":\"https:\/\/gysfm.com.ar\/inicio\/#organization\",\"name\":\"GYS NOTICIAS |\",\"url\":\"https:\/\/gysfm.com.ar\/inicio\/\",\"logo\":{\"@type\":\"ImageObject\",\"inLanguage\":\"es\",\"@id\":\"https:\/\/gysfm.com.ar\/inicio\/#\/schema\/logo\/image\/\",\"url\":\"https:\/\/gysfm.com.ar\/inicio\/wp-content\/uploads\/2023\/07\/LOGOGYS-OK.png\",\"contentUrl\":\"https:\/\/gysfm.com.ar\/inicio\/wp-content\/uploads\/2023\/07\/LOGOGYS-OK.png\",\"width\":1170,\"height\":872,\"caption\":\"GYS NOTICIAS |\"},\"image\":{\"@id\":\"https:\/\/gysfm.com.ar\/inicio\/#\/schema\/logo\/image\/\"}},{\"@type\":\"Person\",\"@id\":\"https:\/\/gysfm.com.ar\/inicio\/#\/schema\/person\/3abba7593ef2ad19e1be221d54383dc5\",\"name\":\"Prensa G&amp;S FM\",\"image\":{\"@type\":\"ImageObject\",\"inLanguage\":\"es\",\"@id\":\"https:\/\/gysfm.com.ar\/inicio\/#\/schema\/person\/image\/\",\"url\":\"https:\/\/secure.gravatar.com\/avatar\/096ec78df02049ab018702bb4ccedf659377fa92a26540b5247612077a0dbd29?s=96&d=mm&r=g\",\"contentUrl\":\"https:\/\/secure.gravatar.com\/avatar\/096ec78df02049ab018702bb4ccedf659377fa92a26540b5247612077a0dbd29?s=96&d=mm&r=g\",\"caption\":\"Prensa G&amp;S FM\"},\"sameAs\":[\"https:\/\/gysfm.com.ar\/\"],\"url\":\"https:\/\/gysfm.com.ar\/inicio\/author\/lucasm\/\"}]}<\/script>\n<!-- \/ Yoast SEO plugin. -->","yoast_head_json":{"title":"Ceferino Reato present\u00f3 su \u00faltimo libro - GYS NOTICIAS |","robots":{"index":"index","follow":"follow","max-snippet":"max-snippet:-1","max-image-preview":"max-image-preview:large","max-video-preview":"max-video-preview:-1"},"canonical":"https:\/\/gysfm.com.ar\/inicio\/ceferino-reato-presento-su-ultimo-libro\/","og_locale":"es_ES","og_type":"article","og_title":"Ceferino Reato present\u00f3 su \u00faltimo libro - GYS NOTICIAS |","og_description":"\u201c\u00bfViste que la izquierda escribe m\u00e1s que la derecha? Bueno, fueron los ex montoneros quienes le llevaron a Menem un documento en el que hab\u00edan llegado a la conclusi\u00f3n que hab\u00eda habido en las \u00faltimas d\u00e9cadas en la Argentina una \u2018guerra civil intermitente\u2019 y que la soluci\u00f3n no pod\u00eda ser judicial sino pol\u00edtica: una amnist\u00eda [&hellip;]","og_url":"https:\/\/gysfm.com.ar\/inicio\/ceferino-reato-presento-su-ultimo-libro\/","og_site_name":"GYS NOTICIAS |","article_published_time":"2026-04-29T16:00:22+00:00","og_image":[{"url":"https:\/\/fotos.perfil.com\/\/2026\/04\/28\/900\/0\/ceferino-reato-presenta-pax-menemista-28042026-2229564.jpg?webp","type":"","width":"","height":""}],"author":"Prensa G&amp;S FM","twitter_card":"summary_large_image","twitter_misc":{"Escrito por":"Prensa G&amp;S FM","Tiempo de lectura":"4 minutos"},"schema":{"@context":"https:\/\/schema.org","@graph":[{"@type":"Article","@id":"https:\/\/gysfm.com.ar\/inicio\/ceferino-reato-presento-su-ultimo-libro\/#article","isPartOf":{"@id":"https:\/\/gysfm.com.ar\/inicio\/ceferino-reato-presento-su-ultimo-libro\/"},"author":{"name":"Prensa G&amp;S FM","@id":"https:\/\/gysfm.com.ar\/inicio\/#\/schema\/person\/3abba7593ef2ad19e1be221d54383dc5"},"headline":"Ceferino Reato present\u00f3 su \u00faltimo libro","datePublished":"2026-04-29T16:00:22+00:00","mainEntityOfPage":{"@id":"https:\/\/gysfm.com.ar\/inicio\/ceferino-reato-presento-su-ultimo-libro\/"},"wordCount":807,"publisher":{"@id":"https:\/\/gysfm.com.ar\/inicio\/#organization"},"image":{"@id":"https:\/\/gysfm.com.ar\/inicio\/ceferino-reato-presento-su-ultimo-libro\/#primaryimage"},"thumbnailUrl":"https:\/\/gysfm.com.ar\/inicio\/wp-content\/uploads\/2026\/04\/ceferino-reato-presenta-pax-menemista-28042026-2229562.jpg","articleSection":["NACIONALES"],"inLanguage":"es"},{"@type":"WebPage","@id":"https:\/\/gysfm.com.ar\/inicio\/ceferino-reato-presento-su-ultimo-libro\/","url":"https:\/\/gysfm.com.ar\/inicio\/ceferino-reato-presento-su-ultimo-libro\/","name":"Ceferino Reato present\u00f3 su \u00faltimo libro - GYS NOTICIAS |","isPartOf":{"@id":"https:\/\/gysfm.com.ar\/inicio\/#website"},"primaryImageOfPage":{"@id":"https:\/\/gysfm.com.ar\/inicio\/ceferino-reato-presento-su-ultimo-libro\/#primaryimage"},"image":{"@id":"https:\/\/gysfm.com.ar\/inicio\/ceferino-reato-presento-su-ultimo-libro\/#primaryimage"},"thumbnailUrl":"https:\/\/gysfm.com.ar\/inicio\/wp-content\/uploads\/2026\/04\/ceferino-reato-presenta-pax-menemista-28042026-2229562.jpg","datePublished":"2026-04-29T16:00:22+00:00","breadcrumb":{"@id":"https:\/\/gysfm.com.ar\/inicio\/ceferino-reato-presento-su-ultimo-libro\/#breadcrumb"},"inLanguage":"es","potentialAction":[{"@type":"ReadAction","target":["https:\/\/gysfm.com.ar\/inicio\/ceferino-reato-presento-su-ultimo-libro\/"]}]},{"@type":"ImageObject","inLanguage":"es","@id":"https:\/\/gysfm.com.ar\/inicio\/ceferino-reato-presento-su-ultimo-libro\/#primaryimage","url":"https:\/\/gysfm.com.ar\/inicio\/wp-content\/uploads\/2026\/04\/ceferino-reato-presenta-pax-menemista-28042026-2229562.jpg","contentUrl":"https:\/\/gysfm.com.ar\/inicio\/wp-content\/uploads\/2026\/04\/ceferino-reato-presenta-pax-menemista-28042026-2229562.jpg","width":1140,"height":641},{"@type":"BreadcrumbList","@id":"https:\/\/gysfm.com.ar\/inicio\/ceferino-reato-presento-su-ultimo-libro\/#breadcrumb","itemListElement":[{"@type":"ListItem","position":1,"name":"Portada","item":"https:\/\/gysfm.com.ar\/inicio\/"},{"@type":"ListItem","position":2,"name":"Ceferino Reato present\u00f3 su \u00faltimo libro"}]},{"@type":"WebSite","@id":"https:\/\/gysfm.com.ar\/inicio\/#website","url":"https:\/\/gysfm.com.ar\/inicio\/","name":"GYS NOTICIAS |","description":"DIARIO - RADIO ONLINE SAN JUAN ARGENTINA","publisher":{"@id":"https:\/\/gysfm.com.ar\/inicio\/#organization"},"potentialAction":[{"@type":"SearchAction","target":{"@type":"EntryPoint","urlTemplate":"https:\/\/gysfm.com.ar\/inicio\/?s={search_term_string}"},"query-input":{"@type":"PropertyValueSpecification","valueRequired":true,"valueName":"search_term_string"}}],"inLanguage":"es"},{"@type":"Organization","@id":"https:\/\/gysfm.com.ar\/inicio\/#organization","name":"GYS NOTICIAS |","url":"https:\/\/gysfm.com.ar\/inicio\/","logo":{"@type":"ImageObject","inLanguage":"es","@id":"https:\/\/gysfm.com.ar\/inicio\/#\/schema\/logo\/image\/","url":"https:\/\/gysfm.com.ar\/inicio\/wp-content\/uploads\/2023\/07\/LOGOGYS-OK.png","contentUrl":"https:\/\/gysfm.com.ar\/inicio\/wp-content\/uploads\/2023\/07\/LOGOGYS-OK.png","width":1170,"height":872,"caption":"GYS NOTICIAS |"},"image":{"@id":"https:\/\/gysfm.com.ar\/inicio\/#\/schema\/logo\/image\/"}},{"@type":"Person","@id":"https:\/\/gysfm.com.ar\/inicio\/#\/schema\/person\/3abba7593ef2ad19e1be221d54383dc5","name":"Prensa G&amp;S FM","image":{"@type":"ImageObject","inLanguage":"es","@id":"https:\/\/gysfm.com.ar\/inicio\/#\/schema\/person\/image\/","url":"https:\/\/secure.gravatar.com\/avatar\/096ec78df02049ab018702bb4ccedf659377fa92a26540b5247612077a0dbd29?s=96&d=mm&r=g","contentUrl":"https:\/\/secure.gravatar.com\/avatar\/096ec78df02049ab018702bb4ccedf659377fa92a26540b5247612077a0dbd29?s=96&d=mm&r=g","caption":"Prensa G&amp;S FM"},"sameAs":["https:\/\/gysfm.com.ar\/"],"url":"https:\/\/gysfm.com.ar\/inicio\/author\/lucasm\/"}]}},"_links":{"self":[{"href":"https:\/\/gysfm.com.ar\/inicio\/wp-json\/wp\/v2\/posts\/193690","targetHints":{"allow":["GET"]}}],"collection":[{"href":"https:\/\/gysfm.com.ar\/inicio\/wp-json\/wp\/v2\/posts"}],"about":[{"href":"https:\/\/gysfm.com.ar\/inicio\/wp-json\/wp\/v2\/types\/post"}],"author":[{"embeddable":true,"href":"https:\/\/gysfm.com.ar\/inicio\/wp-json\/wp\/v2\/users\/2"}],"replies":[{"embeddable":true,"href":"https:\/\/gysfm.com.ar\/inicio\/wp-json\/wp\/v2\/comments?post=193690"}],"version-history":[{"count":0,"href":"https:\/\/gysfm.com.ar\/inicio\/wp-json\/wp\/v2\/posts\/193690\/revisions"}],"wp:featuredmedia":[{"embeddable":true,"href":"https:\/\/gysfm.com.ar\/inicio\/wp-json\/wp\/v2\/media\/193691"}],"wp:attachment":[{"href":"https:\/\/gysfm.com.ar\/inicio\/wp-json\/wp\/v2\/media?parent=193690"}],"wp:term":[{"taxonomy":"category","embeddable":true,"href":"https:\/\/gysfm.com.ar\/inicio\/wp-json\/wp\/v2\/categories?post=193690"},{"taxonomy":"post_tag","embeddable":true,"href":"https:\/\/gysfm.com.ar\/inicio\/wp-json\/wp\/v2\/tags?post=193690"}],"curies":[{"name":"wp","href":"https:\/\/api.w.org\/{rel}","templated":true}]}}