{"id":193688,"date":"2026-04-29T12:29:16","date_gmt":"2026-04-29T15:29:16","guid":{"rendered":"https:\/\/gysfm.com.ar\/inicio\/cumbre-clave-por-los-colectivos-del-amba-el-sector-exige-el-pago-de-una-deuda-millonaria-para-no-cortar-el-servicio\/"},"modified":"2026-04-29T12:29:16","modified_gmt":"2026-04-29T15:29:16","slug":"cumbre-clave-por-los-colectivos-del-amba-el-sector-exige-el-pago-de-una-deuda-millonaria-para-no-cortar-el-servicio","status":"publish","type":"post","link":"https:\/\/gysfm.com.ar\/inicio\/cumbre-clave-por-los-colectivos-del-amba-el-sector-exige-el-pago-de-una-deuda-millonaria-para-no-cortar-el-servicio\/","title":{"rendered":"Cumbre clave por los colectivos del AMBA: el sector exige el pago de una deuda millonaria para no cortar el servicio"},"content":{"rendered":"<p><\/p>\n<div id=\"article-content\">\n<p>El sistema de transporte p\u00fablico del <strong>\u00c1rea Metropolitana de Buenos Aires (AMBA) <\/strong>atraviesa horas decisivas que definir\u00e1n c\u00f3mo viajar\u00e1n millones de pasajeros en los pr\u00f3ximos d\u00edas. Tras declararse formalmente en<a target=\"_blank\" href=\"https:\/\/www.perfil.com\/noticias\/politica\/al-borde-del-colapso-empresas-de-colectivos-del-amba-se-declaran-en-emergencia-y-amenazan-con-fuertes-recortes-de-servicio.phtml\"> estado de emergencia,<\/a> las c\u00e1maras empresarias del sector se reunir\u00e1n este jueves con las autoridades de la <strong>Secretar\u00eda de Transporte de la Naci\u00f3n<\/strong> en un intento l\u00edmite por evitar un colapso operativo total.<\/p>\n<p>El encuentro de este 30 de abril se desarrollar\u00e1 bajo la \u00f3rbita de la cartera que ahora comanda <strong>Mariano Plencovich.<\/strong> El vocero de la<strong> C\u00e1mara Empresaria de Autotransporte de Pasajeros (CEAP),<\/strong> <strong>Adri\u00e1n Noriega<\/strong>, <a target=\"_blank\" href=\"https:\/\/www.perfil.com\/noticias\/reperfilar\/amba-aumenta-el-boleto-de-colectivos-y-subte-cuanto-y-a-partir-de-cuando.phtml\">confirm\u00f3 que la cumbre<\/a> ya estaba pautada antes de que el ex secretario <strong>Fernando Herrmann<\/strong> abandonara su puesto para asumir en el \u00e1rea de Infraestructura, tras la sorpresiva renuncia de <strong>Carlos Frugoni<\/strong>.<\/p>\n<p style=\"text-align:center\"><picture><source media=\"(max-width: 440px)\" srcset=\"https:\/\/fotos.perfil.com\/\/2026\/04\/28\/440\/0\/colectivos-28042026-2229480.jpg?webp\"\/><source media=\"(max-width: 1019px)\" srcset=\"https:\/\/fotos.perfil.com\/\/2026\/04\/28\/712\/0\/colectivos-28042026-2229480.jpg?webp\"\/><img decoding=\"async\" style=\"max-width: 100%; width: 100%;\" alt=\"Colectivos 28042026\" src=\"https:\/\/fotos.perfil.com\/\/2026\/04\/28\/900\/0\/colectivos-28042026-2229480.jpg?webp\" loading=\"lazy\"\/><\/picture><\/p>\n<div class=\"subscription\">\n<p>\n        Esto no les gusta a los autoritarios\n    <\/p>\n<div class=\"subscription__container\">\n<div class=\"subscription__text-wrapper\">\n<p>\n                El ejercicio del periodismo profesional y cr\u00edtico es un pilar fundamental de la democracia. Por eso molesta a quienes creen ser los due\u00f1os de la verdad.\n            <\/p>\n<\/p><\/div><\/div>\n<\/div>\n<p>Sin embargo, el escenario de la negociaci\u00f3n mantiene una fuerte cuota de incertidumbre institucional. Noriega detall\u00f3 que las empresas<strong> todav\u00eda desconocen qu\u00e9 funcionarios se sentar\u00e1n a la mesa <\/strong>por parte del Gobierno, ya que el decreto de nombramiento de Plencovich se conoci\u00f3 a \u00faltima hora del lunes y la Secretar\u00eda no suele anticipar a sus participantes. Las que <strong>s\u00ed garantizaron su asistencia fueron todas las c\u00e1maras<\/strong> <strong>de transporte<\/strong> convocadas.<\/p>\n<p>En este contexto de m\u00e1xima tensi\u00f3n, el reclamo de los empresarios es directo y apunta tanto a la administraci\u00f3n nacional como a la provincia de<strong> Buenos Aires.<\/strong> El n\u00facleo del conflicto radica en la falta de definiciones concretas frente a una estructura operativa desfasada y, fundamentalmente, en la exigencia de cancelar un monumental atraso en el pago de compensaciones que ya supera los <strong>128 mil millones de pesos.<\/strong><\/p>\n<p style=\"text-align:center\"><picture><source media=\"(max-width: 440px)\" srcset=\"https:\/\/fotos.perfil.com\/\/2026\/04\/28\/440\/0\/colectivos-28042026-2229478.jpg?webp\"\/><source media=\"(max-width: 1019px)\" srcset=\"https:\/\/fotos.perfil.com\/\/2026\/04\/28\/712\/0\/colectivos-28042026-2229478.jpg?webp\"\/><img decoding=\"async\" style=\"max-width: 100%; width: 100%;\" alt=\"Colectivos 28042026\" src=\"https:\/\/fotos.perfil.com\/\/2026\/04\/28\/900\/0\/colectivos-28042026-2229478.jpg?webp\" loading=\"lazy\"\/><\/picture><\/p>\n<p>Las compa\u00f1\u00edas advirtieron que la situaci\u00f3n actual del sistema resulta completamente insostenible y lanzaron un ultim\u00e1tum de cara a la reuni\u00f3n. Expresaron que esperan<strong> respuestas inmediatas<\/strong> y verificables sobre los plazos de reconocimiento de los mayores costos; caso contrario, se ver\u00e1n en la necesidad de profundizar las medidas, lo que implicar\u00e1 recortes dr\u00e1sticos en el servicio,<a target=\"_blank\" href=\"https:\/\/www.perfil.com\/noticias\/economia\/empresas-de-colectivos-de-amba-reducen-servicios-por-el-aumento-del-gasoil-a40.phtml\"> <strong>afectando principalmente a los horarios nocturnos.<\/strong><\/a><\/p>\n<p>Para fundamentar la inminencia de una medida de fuerza, las entidades destacan que sostuvieron la prestaci\u00f3n hasta ahora mediante un desgaste y esfuerzo financiero enorme por parte del sector privado. Adem\u00e1s, recordaron que<strong> agotaron m\u00faltiples instancias de di\u00e1logo <\/strong>en las que presentaron propuestas para optimizar la red de movilidad metropolitana, pero lamentaron que ninguna iniciativa se tradujera en una soluci\u00f3n efectiva para frenar la crisis.<\/p>\n<p class=\"destacadoNota\"><a target=\"_blank\" href=\"https:\/\/www.perfil.com\/noticias\/politica\/paro-de-colectivos-el-gobierno-se-vio-obligado-a-resolver-el-conflicto-con-las-camaras-de-transporte.phtml\">Paro de colectivos: el Gobierno se vio obligado a resolver el conflicto con las c\u00e1maras de Transporte<\/a><\/p>\n<h2><strong>El impacto del combustible en los costos<\/strong><\/h2>\n<p>Esta amenaza de recorte agrava un cuadro que ya castiga duramente a los usuarios. Un informe del <strong>Instituto Interdisciplinario de Econom\u00eda Pol\u00edtica (IIEP) <\/strong>de la <a target=\"_blank\" href=\"https:\/\/www.perfil.com\/noticias\/sociedad\/el-reformismo-gano-la-uba-y-desplazo-a-la-izquierda-y-los-libertarios-no-llegaron-al-encuentro.phtml\"><strong>UBA <\/strong><\/a>revel\u00f3 que la circulaci\u00f3n de colectivos sufri\u00f3<strong> ca\u00eddas de hasta un 40% <\/strong>durante abril en los trayectos interjurisdiccionales, una consecuencia directa del impacto de la guerra en Ir\u00e1n sobre los precios internacionales de la energ\u00eda.<\/p>\n<p>El estudio universitario dej\u00f3 al descubierto el gigantesco agujero fiscal que denuncian las empresas prestadoras. Actualmente, los subsidios estatales vigentes contemplan un valor del gasoil de <strong>$1.744 por litro,<\/strong> mientras que el precio real de mercado ya perfor\u00f3 el techo de los <strong>$2.100.<\/strong> Para poder sostener el nivel operativo regular de la flota, el Estado deber\u00eda inyectar al menos<strong> $17.500 millones adicionales <\/strong>por mes.<\/p>\n<p>Los especialistas del observatorio encendieron una luz de alarma final que golpea de lleno al bolsillo de los trabajadores. Ante la persistente falta de asistencia estatal, advirtieron que si las firmas de transporte deciden trasladar la totalidad del incremento del combustible al boleto para esquivar la quiebra, <strong>la tarifa sufrir\u00e1 un aumento directo del 16%<\/strong>, porcentaje que se sumar\u00eda irremediablemente a los ajustes que ya estaban previstos para este a\u00f1o.<\/p>\n<p>TC cp<\/p>\n<\/p><\/div>\n<p><script>\n                !function(f,b,e,v,n,t,s)\n                {if(f.fbq)return;n=f.fbq=function(){n.callMethod?\n                    n.callMethod.apply(n,arguments):n.queue.push(arguments)};\n                    if(!f._fbq)f._fbq=n;n.push=n;n.loaded=!0;n.version='2.0';\n                    n.queue=[];t=b.createElement(e);t.async=!0;\n                    t.src=v;s=b.getElementsByTagName(e)[0];\n                    s.parentNode.insertBefore(t,s)}(window, document,'script',\n                    'https:\/\/connect.facebook.net\/en_US\/fbevents.js');\n                window.paywallConfig.facebook_pixel=\"1000228364089342\"\n            <\/script><\/p>\n","protected":false},"excerpt":{"rendered":"<p>El sistema de transporte p\u00fablico del \u00c1rea Metropolitana de Buenos Aires (AMBA) atraviesa horas decisivas que definir\u00e1n c\u00f3mo viajar\u00e1n millones de pasajeros en los pr\u00f3ximos d\u00edas. Tras declararse formalmente en estado de emergencia, las c\u00e1maras empresarias del sector se reunir\u00e1n este jueves con las autoridades de la Secretar\u00eda de Transporte de la Naci\u00f3n en un [&hellip;]<\/p>\n","protected":false},"author":2,"featured_media":193689,"comment_status":"closed","ping_status":"closed","sticky":false,"template":"","format":"standard","meta":{"footnotes":""},"categories":[25],"tags":[],"class_list":["post-193688","post","type-post","status-publish","format-standard","has-post-thumbnail","hentry","category-nacionales"],"yoast_head":"<!-- This site is optimized with the Yoast SEO plugin v24.4 - https:\/\/yoast.com\/wordpress\/plugins\/seo\/ -->\n<title>Cumbre clave por los colectivos del AMBA: el sector exige el pago de una deuda millonaria para no cortar el servicio - GYS NOTICIAS |<\/title>\n<meta name=\"robots\" content=\"index, follow, max-snippet:-1, max-image-preview:large, max-video-preview:-1\" \/>\n<link rel=\"canonical\" href=\"https:\/\/gysfm.com.ar\/inicio\/cumbre-clave-por-los-colectivos-del-amba-el-sector-exige-el-pago-de-una-deuda-millonaria-para-no-cortar-el-servicio\/\" \/>\n<meta property=\"og:locale\" content=\"es_ES\" \/>\n<meta property=\"og:type\" content=\"article\" \/>\n<meta property=\"og:title\" content=\"Cumbre clave por los colectivos del AMBA: el sector exige el pago de una deuda millonaria para no cortar el servicio - GYS NOTICIAS |\" \/>\n<meta property=\"og:description\" content=\"El sistema de transporte p\u00fablico del \u00c1rea Metropolitana de Buenos Aires (AMBA) atraviesa horas decisivas que definir\u00e1n c\u00f3mo viajar\u00e1n millones de pasajeros en los pr\u00f3ximos d\u00edas. Tras declararse formalmente en estado de emergencia, las c\u00e1maras empresarias del sector se reunir\u00e1n este jueves con las autoridades de la Secretar\u00eda de Transporte de la Naci\u00f3n en un [&hellip;]\" \/>\n<meta property=\"og:url\" content=\"https:\/\/gysfm.com.ar\/inicio\/cumbre-clave-por-los-colectivos-del-amba-el-sector-exige-el-pago-de-una-deuda-millonaria-para-no-cortar-el-servicio\/\" \/>\n<meta property=\"og:site_name\" content=\"GYS NOTICIAS |\" \/>\n<meta property=\"article:published_time\" content=\"2026-04-29T15:29:16+00:00\" \/>\n<meta property=\"og:image\" content=\"https:\/\/fotos.perfil.com\/\/2026\/04\/28\/900\/0\/colectivos-28042026-2229480.jpg?webp\" \/>\n<meta name=\"author\" content=\"Prensa G&amp;S FM\" \/>\n<meta name=\"twitter:card\" content=\"summary_large_image\" \/>\n<meta name=\"twitter:label1\" content=\"Escrito por\" \/>\n\t<meta name=\"twitter:data1\" content=\"Prensa G&amp;S FM\" \/>\n\t<meta name=\"twitter:label2\" content=\"Tiempo de lectura\" \/>\n\t<meta name=\"twitter:data2\" content=\"3 minutos\" \/>\n<script type=\"application\/ld+json\" class=\"yoast-schema-graph\">{\"@context\":\"https:\/\/schema.org\",\"@graph\":[{\"@type\":\"Article\",\"@id\":\"https:\/\/gysfm.com.ar\/inicio\/cumbre-clave-por-los-colectivos-del-amba-el-sector-exige-el-pago-de-una-deuda-millonaria-para-no-cortar-el-servicio\/#article\",\"isPartOf\":{\"@id\":\"https:\/\/gysfm.com.ar\/inicio\/cumbre-clave-por-los-colectivos-del-amba-el-sector-exige-el-pago-de-una-deuda-millonaria-para-no-cortar-el-servicio\/\"},\"author\":{\"name\":\"Prensa G&amp;S FM\",\"@id\":\"https:\/\/gysfm.com.ar\/inicio\/#\/schema\/person\/3abba7593ef2ad19e1be221d54383dc5\"},\"headline\":\"Cumbre clave por los colectivos del AMBA: el sector exige el pago de una deuda millonaria para no cortar el servicio\",\"datePublished\":\"2026-04-29T15:29:16+00:00\",\"mainEntityOfPage\":{\"@id\":\"https:\/\/gysfm.com.ar\/inicio\/cumbre-clave-por-los-colectivos-del-amba-el-sector-exige-el-pago-de-una-deuda-millonaria-para-no-cortar-el-servicio\/\"},\"wordCount\":705,\"publisher\":{\"@id\":\"https:\/\/gysfm.com.ar\/inicio\/#organization\"},\"image\":{\"@id\":\"https:\/\/gysfm.com.ar\/inicio\/cumbre-clave-por-los-colectivos-del-amba-el-sector-exige-el-pago-de-una-deuda-millonaria-para-no-cortar-el-servicio\/#primaryimage\"},\"thumbnailUrl\":\"https:\/\/gysfm.com.ar\/inicio\/wp-content\/uploads\/2026\/04\/colectivos-28042026-2229481.jpg\",\"articleSection\":[\"NACIONALES\"],\"inLanguage\":\"es\"},{\"@type\":\"WebPage\",\"@id\":\"https:\/\/gysfm.com.ar\/inicio\/cumbre-clave-por-los-colectivos-del-amba-el-sector-exige-el-pago-de-una-deuda-millonaria-para-no-cortar-el-servicio\/\",\"url\":\"https:\/\/gysfm.com.ar\/inicio\/cumbre-clave-por-los-colectivos-del-amba-el-sector-exige-el-pago-de-una-deuda-millonaria-para-no-cortar-el-servicio\/\",\"name\":\"Cumbre clave por los colectivos del AMBA: el sector exige el pago de una deuda millonaria para no cortar el servicio - GYS NOTICIAS |\",\"isPartOf\":{\"@id\":\"https:\/\/gysfm.com.ar\/inicio\/#website\"},\"primaryImageOfPage\":{\"@id\":\"https:\/\/gysfm.com.ar\/inicio\/cumbre-clave-por-los-colectivos-del-amba-el-sector-exige-el-pago-de-una-deuda-millonaria-para-no-cortar-el-servicio\/#primaryimage\"},\"image\":{\"@id\":\"https:\/\/gysfm.com.ar\/inicio\/cumbre-clave-por-los-colectivos-del-amba-el-sector-exige-el-pago-de-una-deuda-millonaria-para-no-cortar-el-servicio\/#primaryimage\"},\"thumbnailUrl\":\"https:\/\/gysfm.com.ar\/inicio\/wp-content\/uploads\/2026\/04\/colectivos-28042026-2229481.jpg\",\"datePublished\":\"2026-04-29T15:29:16+00:00\",\"breadcrumb\":{\"@id\":\"https:\/\/gysfm.com.ar\/inicio\/cumbre-clave-por-los-colectivos-del-amba-el-sector-exige-el-pago-de-una-deuda-millonaria-para-no-cortar-el-servicio\/#breadcrumb\"},\"inLanguage\":\"es\",\"potentialAction\":[{\"@type\":\"ReadAction\",\"target\":[\"https:\/\/gysfm.com.ar\/inicio\/cumbre-clave-por-los-colectivos-del-amba-el-sector-exige-el-pago-de-una-deuda-millonaria-para-no-cortar-el-servicio\/\"]}]},{\"@type\":\"ImageObject\",\"inLanguage\":\"es\",\"@id\":\"https:\/\/gysfm.com.ar\/inicio\/cumbre-clave-por-los-colectivos-del-amba-el-sector-exige-el-pago-de-una-deuda-millonaria-para-no-cortar-el-servicio\/#primaryimage\",\"url\":\"https:\/\/gysfm.com.ar\/inicio\/wp-content\/uploads\/2026\/04\/colectivos-28042026-2229481.jpg\",\"contentUrl\":\"https:\/\/gysfm.com.ar\/inicio\/wp-content\/uploads\/2026\/04\/colectivos-28042026-2229481.jpg\",\"width\":1140,\"height\":641},{\"@type\":\"BreadcrumbList\",\"@id\":\"https:\/\/gysfm.com.ar\/inicio\/cumbre-clave-por-los-colectivos-del-amba-el-sector-exige-el-pago-de-una-deuda-millonaria-para-no-cortar-el-servicio\/#breadcrumb\",\"itemListElement\":[{\"@type\":\"ListItem\",\"position\":1,\"name\":\"Portada\",\"item\":\"https:\/\/gysfm.com.ar\/inicio\/\"},{\"@type\":\"ListItem\",\"position\":2,\"name\":\"Cumbre clave por los colectivos del AMBA: el sector exige el pago de una deuda millonaria para no cortar el servicio\"}]},{\"@type\":\"WebSite\",\"@id\":\"https:\/\/gysfm.com.ar\/inicio\/#website\",\"url\":\"https:\/\/gysfm.com.ar\/inicio\/\",\"name\":\"GYS NOTICIAS |\",\"description\":\"DIARIO - RADIO ONLINE SAN JUAN ARGENTINA\",\"publisher\":{\"@id\":\"https:\/\/gysfm.com.ar\/inicio\/#organization\"},\"potentialAction\":[{\"@type\":\"SearchAction\",\"target\":{\"@type\":\"EntryPoint\",\"urlTemplate\":\"https:\/\/gysfm.com.ar\/inicio\/?s={search_term_string}\"},\"query-input\":{\"@type\":\"PropertyValueSpecification\",\"valueRequired\":true,\"valueName\":\"search_term_string\"}}],\"inLanguage\":\"es\"},{\"@type\":\"Organization\",\"@id\":\"https:\/\/gysfm.com.ar\/inicio\/#organization\",\"name\":\"GYS NOTICIAS |\",\"url\":\"https:\/\/gysfm.com.ar\/inicio\/\",\"logo\":{\"@type\":\"ImageObject\",\"inLanguage\":\"es\",\"@id\":\"https:\/\/gysfm.com.ar\/inicio\/#\/schema\/logo\/image\/\",\"url\":\"https:\/\/gysfm.com.ar\/inicio\/wp-content\/uploads\/2023\/07\/LOGOGYS-OK.png\",\"contentUrl\":\"https:\/\/gysfm.com.ar\/inicio\/wp-content\/uploads\/2023\/07\/LOGOGYS-OK.png\",\"width\":1170,\"height\":872,\"caption\":\"GYS NOTICIAS |\"},\"image\":{\"@id\":\"https:\/\/gysfm.com.ar\/inicio\/#\/schema\/logo\/image\/\"}},{\"@type\":\"Person\",\"@id\":\"https:\/\/gysfm.com.ar\/inicio\/#\/schema\/person\/3abba7593ef2ad19e1be221d54383dc5\",\"name\":\"Prensa G&amp;S FM\",\"image\":{\"@type\":\"ImageObject\",\"inLanguage\":\"es\",\"@id\":\"https:\/\/gysfm.com.ar\/inicio\/#\/schema\/person\/image\/\",\"url\":\"https:\/\/secure.gravatar.com\/avatar\/096ec78df02049ab018702bb4ccedf659377fa92a26540b5247612077a0dbd29?s=96&d=mm&r=g\",\"contentUrl\":\"https:\/\/secure.gravatar.com\/avatar\/096ec78df02049ab018702bb4ccedf659377fa92a26540b5247612077a0dbd29?s=96&d=mm&r=g\",\"caption\":\"Prensa G&amp;S FM\"},\"sameAs\":[\"https:\/\/gysfm.com.ar\/\"],\"url\":\"https:\/\/gysfm.com.ar\/inicio\/author\/lucasm\/\"}]}<\/script>\n<!-- \/ Yoast SEO plugin. -->","yoast_head_json":{"title":"Cumbre clave por los colectivos del AMBA: el sector exige el pago de una deuda millonaria para no cortar el servicio - GYS NOTICIAS |","robots":{"index":"index","follow":"follow","max-snippet":"max-snippet:-1","max-image-preview":"max-image-preview:large","max-video-preview":"max-video-preview:-1"},"canonical":"https:\/\/gysfm.com.ar\/inicio\/cumbre-clave-por-los-colectivos-del-amba-el-sector-exige-el-pago-de-una-deuda-millonaria-para-no-cortar-el-servicio\/","og_locale":"es_ES","og_type":"article","og_title":"Cumbre clave por los colectivos del AMBA: el sector exige el pago de una deuda millonaria para no cortar el servicio - GYS NOTICIAS |","og_description":"El sistema de transporte p\u00fablico del \u00c1rea Metropolitana de Buenos Aires (AMBA) atraviesa horas decisivas que definir\u00e1n c\u00f3mo viajar\u00e1n millones de pasajeros en los pr\u00f3ximos d\u00edas. Tras declararse formalmente en estado de emergencia, las c\u00e1maras empresarias del sector se reunir\u00e1n este jueves con las autoridades de la Secretar\u00eda de Transporte de la Naci\u00f3n en un [&hellip;]","og_url":"https:\/\/gysfm.com.ar\/inicio\/cumbre-clave-por-los-colectivos-del-amba-el-sector-exige-el-pago-de-una-deuda-millonaria-para-no-cortar-el-servicio\/","og_site_name":"GYS NOTICIAS |","article_published_time":"2026-04-29T15:29:16+00:00","og_image":[{"url":"https:\/\/fotos.perfil.com\/\/2026\/04\/28\/900\/0\/colectivos-28042026-2229480.jpg?webp","type":"","width":"","height":""}],"author":"Prensa G&amp;S FM","twitter_card":"summary_large_image","twitter_misc":{"Escrito por":"Prensa G&amp;S FM","Tiempo de lectura":"3 minutos"},"schema":{"@context":"https:\/\/schema.org","@graph":[{"@type":"Article","@id":"https:\/\/gysfm.com.ar\/inicio\/cumbre-clave-por-los-colectivos-del-amba-el-sector-exige-el-pago-de-una-deuda-millonaria-para-no-cortar-el-servicio\/#article","isPartOf":{"@id":"https:\/\/gysfm.com.ar\/inicio\/cumbre-clave-por-los-colectivos-del-amba-el-sector-exige-el-pago-de-una-deuda-millonaria-para-no-cortar-el-servicio\/"},"author":{"name":"Prensa G&amp;S FM","@id":"https:\/\/gysfm.com.ar\/inicio\/#\/schema\/person\/3abba7593ef2ad19e1be221d54383dc5"},"headline":"Cumbre clave por los colectivos del AMBA: el sector exige el pago de una deuda millonaria para no cortar el servicio","datePublished":"2026-04-29T15:29:16+00:00","mainEntityOfPage":{"@id":"https:\/\/gysfm.com.ar\/inicio\/cumbre-clave-por-los-colectivos-del-amba-el-sector-exige-el-pago-de-una-deuda-millonaria-para-no-cortar-el-servicio\/"},"wordCount":705,"publisher":{"@id":"https:\/\/gysfm.com.ar\/inicio\/#organization"},"image":{"@id":"https:\/\/gysfm.com.ar\/inicio\/cumbre-clave-por-los-colectivos-del-amba-el-sector-exige-el-pago-de-una-deuda-millonaria-para-no-cortar-el-servicio\/#primaryimage"},"thumbnailUrl":"https:\/\/gysfm.com.ar\/inicio\/wp-content\/uploads\/2026\/04\/colectivos-28042026-2229481.jpg","articleSection":["NACIONALES"],"inLanguage":"es"},{"@type":"WebPage","@id":"https:\/\/gysfm.com.ar\/inicio\/cumbre-clave-por-los-colectivos-del-amba-el-sector-exige-el-pago-de-una-deuda-millonaria-para-no-cortar-el-servicio\/","url":"https:\/\/gysfm.com.ar\/inicio\/cumbre-clave-por-los-colectivos-del-amba-el-sector-exige-el-pago-de-una-deuda-millonaria-para-no-cortar-el-servicio\/","name":"Cumbre clave por los colectivos del AMBA: el sector exige el pago de una deuda millonaria para no cortar el servicio - GYS NOTICIAS |","isPartOf":{"@id":"https:\/\/gysfm.com.ar\/inicio\/#website"},"primaryImageOfPage":{"@id":"https:\/\/gysfm.com.ar\/inicio\/cumbre-clave-por-los-colectivos-del-amba-el-sector-exige-el-pago-de-una-deuda-millonaria-para-no-cortar-el-servicio\/#primaryimage"},"image":{"@id":"https:\/\/gysfm.com.ar\/inicio\/cumbre-clave-por-los-colectivos-del-amba-el-sector-exige-el-pago-de-una-deuda-millonaria-para-no-cortar-el-servicio\/#primaryimage"},"thumbnailUrl":"https:\/\/gysfm.com.ar\/inicio\/wp-content\/uploads\/2026\/04\/colectivos-28042026-2229481.jpg","datePublished":"2026-04-29T15:29:16+00:00","breadcrumb":{"@id":"https:\/\/gysfm.com.ar\/inicio\/cumbre-clave-por-los-colectivos-del-amba-el-sector-exige-el-pago-de-una-deuda-millonaria-para-no-cortar-el-servicio\/#breadcrumb"},"inLanguage":"es","potentialAction":[{"@type":"ReadAction","target":["https:\/\/gysfm.com.ar\/inicio\/cumbre-clave-por-los-colectivos-del-amba-el-sector-exige-el-pago-de-una-deuda-millonaria-para-no-cortar-el-servicio\/"]}]},{"@type":"ImageObject","inLanguage":"es","@id":"https:\/\/gysfm.com.ar\/inicio\/cumbre-clave-por-los-colectivos-del-amba-el-sector-exige-el-pago-de-una-deuda-millonaria-para-no-cortar-el-servicio\/#primaryimage","url":"https:\/\/gysfm.com.ar\/inicio\/wp-content\/uploads\/2026\/04\/colectivos-28042026-2229481.jpg","contentUrl":"https:\/\/gysfm.com.ar\/inicio\/wp-content\/uploads\/2026\/04\/colectivos-28042026-2229481.jpg","width":1140,"height":641},{"@type":"BreadcrumbList","@id":"https:\/\/gysfm.com.ar\/inicio\/cumbre-clave-por-los-colectivos-del-amba-el-sector-exige-el-pago-de-una-deuda-millonaria-para-no-cortar-el-servicio\/#breadcrumb","itemListElement":[{"@type":"ListItem","position":1,"name":"Portada","item":"https:\/\/gysfm.com.ar\/inicio\/"},{"@type":"ListItem","position":2,"name":"Cumbre clave por los colectivos del AMBA: el sector exige el pago de una deuda millonaria para no cortar el servicio"}]},{"@type":"WebSite","@id":"https:\/\/gysfm.com.ar\/inicio\/#website","url":"https:\/\/gysfm.com.ar\/inicio\/","name":"GYS NOTICIAS |","description":"DIARIO - RADIO ONLINE SAN JUAN ARGENTINA","publisher":{"@id":"https:\/\/gysfm.com.ar\/inicio\/#organization"},"potentialAction":[{"@type":"SearchAction","target":{"@type":"EntryPoint","urlTemplate":"https:\/\/gysfm.com.ar\/inicio\/?s={search_term_string}"},"query-input":{"@type":"PropertyValueSpecification","valueRequired":true,"valueName":"search_term_string"}}],"inLanguage":"es"},{"@type":"Organization","@id":"https:\/\/gysfm.com.ar\/inicio\/#organization","name":"GYS NOTICIAS |","url":"https:\/\/gysfm.com.ar\/inicio\/","logo":{"@type":"ImageObject","inLanguage":"es","@id":"https:\/\/gysfm.com.ar\/inicio\/#\/schema\/logo\/image\/","url":"https:\/\/gysfm.com.ar\/inicio\/wp-content\/uploads\/2023\/07\/LOGOGYS-OK.png","contentUrl":"https:\/\/gysfm.com.ar\/inicio\/wp-content\/uploads\/2023\/07\/LOGOGYS-OK.png","width":1170,"height":872,"caption":"GYS NOTICIAS |"},"image":{"@id":"https:\/\/gysfm.com.ar\/inicio\/#\/schema\/logo\/image\/"}},{"@type":"Person","@id":"https:\/\/gysfm.com.ar\/inicio\/#\/schema\/person\/3abba7593ef2ad19e1be221d54383dc5","name":"Prensa G&amp;S FM","image":{"@type":"ImageObject","inLanguage":"es","@id":"https:\/\/gysfm.com.ar\/inicio\/#\/schema\/person\/image\/","url":"https:\/\/secure.gravatar.com\/avatar\/096ec78df02049ab018702bb4ccedf659377fa92a26540b5247612077a0dbd29?s=96&d=mm&r=g","contentUrl":"https:\/\/secure.gravatar.com\/avatar\/096ec78df02049ab018702bb4ccedf659377fa92a26540b5247612077a0dbd29?s=96&d=mm&r=g","caption":"Prensa G&amp;S FM"},"sameAs":["https:\/\/gysfm.com.ar\/"],"url":"https:\/\/gysfm.com.ar\/inicio\/author\/lucasm\/"}]}},"_links":{"self":[{"href":"https:\/\/gysfm.com.ar\/inicio\/wp-json\/wp\/v2\/posts\/193688","targetHints":{"allow":["GET"]}}],"collection":[{"href":"https:\/\/gysfm.com.ar\/inicio\/wp-json\/wp\/v2\/posts"}],"about":[{"href":"https:\/\/gysfm.com.ar\/inicio\/wp-json\/wp\/v2\/types\/post"}],"author":[{"embeddable":true,"href":"https:\/\/gysfm.com.ar\/inicio\/wp-json\/wp\/v2\/users\/2"}],"replies":[{"embeddable":true,"href":"https:\/\/gysfm.com.ar\/inicio\/wp-json\/wp\/v2\/comments?post=193688"}],"version-history":[{"count":0,"href":"https:\/\/gysfm.com.ar\/inicio\/wp-json\/wp\/v2\/posts\/193688\/revisions"}],"wp:featuredmedia":[{"embeddable":true,"href":"https:\/\/gysfm.com.ar\/inicio\/wp-json\/wp\/v2\/media\/193689"}],"wp:attachment":[{"href":"https:\/\/gysfm.com.ar\/inicio\/wp-json\/wp\/v2\/media?parent=193688"}],"wp:term":[{"taxonomy":"category","embeddable":true,"href":"https:\/\/gysfm.com.ar\/inicio\/wp-json\/wp\/v2\/categories?post=193688"},{"taxonomy":"post_tag","embeddable":true,"href":"https:\/\/gysfm.com.ar\/inicio\/wp-json\/wp\/v2\/tags?post=193688"}],"curies":[{"name":"wp","href":"https:\/\/api.w.org\/{rel}","templated":true}]}}