{"id":193675,"date":"2026-04-29T11:28:05","date_gmt":"2026-04-29T14:28:05","guid":{"rendered":"https:\/\/gysfm.com.ar\/inicio\/ypf-aumento-el-precio-de-sus-combustibles-apenas-27-dias-despues-de-anunciar-un-congelamiento-por-45-dias\/"},"modified":"2026-04-29T11:28:05","modified_gmt":"2026-04-29T14:28:05","slug":"ypf-aumento-el-precio-de-sus-combustibles-apenas-27-dias-despues-de-anunciar-un-congelamiento-por-45-dias","status":"publish","type":"post","link":"https:\/\/gysfm.com.ar\/inicio\/ypf-aumento-el-precio-de-sus-combustibles-apenas-27-dias-despues-de-anunciar-un-congelamiento-por-45-dias\/","title":{"rendered":"YPF aument\u00f3 el precio de sus combustibles, apenas 27 d\u00edas despu\u00e9s de anunciar un congelamiento por 45 d\u00edas"},"content":{"rendered":"<p><\/p>\n<div id=\"article-content\">\n<p>El pasado 1 de abril, <a target=\"_blank\" href=\"https:\/\/www.perfil.com\/noticias\/economia\/la-app-ypf-ahora-permitira-ganar-rendimientos-por-el-dinero-disponible-en-cuenta-a40.phtml\"><strong>YPF<\/strong><\/a> anunci\u00f3 que no habr\u00eda aumentos en los<strong> <a target=\"_blank\" href=\"https:\/\/www.perfil.com\/noticias\/economia\/guia-reintegros-nafta-descuentos-vigentes-sabado-domingo-todo-pais-con-modo-a35.phtml\">combustibles<\/a><\/strong> por 45 d\u00edas, sin embargo, <strong>acaba de producirse un nuevo incremento<\/strong>, lo que sorprendi\u00f3 a los consumidores, que reaccionaron en las redes sociales ante esta medida inesperada convirtiendo el tema en tendencia.<\/p>\n<p class=\"destacadoNota\"><a target=\"_blank\" href=\"https:\/\/www.perfil.com\/noticias\/economia\/la-liga-de-intendentes-le-reclamara-a-javier-milei-la-eliminacion-del-impuesto-a-los-combustibles-a40.phtml\">La liga de intendentes le reclamar\u00e1 a Javier Milei la eliminaci\u00f3n del Impuesto a los combustibles<\/a><\/p>\n<p>La noticia fue dada por el portal <em>Noticias Ya<\/em>, quien adem\u00e1s comparti\u00f3 una captura con los nuevos valores anunciado por las estaciones de servicio YPF. <strong>Los nuevos precios, para la <a target=\"_blank\" href=\"https:\/\/www.perfil.com\/noticias\/economia\/combustibles-el-gobierno-cambio-una-norma-sobre-naftas-para-amortiguar-el-impacto-del-crudo-en-surtidores-a40.phtml\">nafta<\/a> y el GNC<\/strong>, dados a conocer el 28 de abril son los siguientes:<\/p>\n<div class=\"subscription\">\n<p>\n        Esto no les gusta a los autoritarios\n    <\/p>\n<div class=\"subscription__container\">\n<div class=\"subscription__text-wrapper\">\n<p>\n                El ejercicio del periodismo profesional y cr\u00edtico es un pilar fundamental de la democracia. Por eso molesta a quienes creen ser los due\u00f1os de la verdad.\n            <\/p>\n<\/p><\/div><\/div>\n<\/div>\n<p>&#8211; <strong>Super<\/strong>: 2062 pesos.<\/p>\n<p>&#8211; <strong>Infinia:<\/strong> 2197 pesos.<\/p>\n<p>&#8211; <strong>Infinia Diesel<\/strong>: 2339 pesos.<\/p>\n<p>&#8211; <strong>Diesel 500<\/strong>: 2219 pesos.<\/p>\n<p>&#8211; <strong>GNC: <\/strong>895 pesos.<\/p>\n<p style=\"text-align:center\"><picture><source media=\"(max-width: 440px)\" srcset=\"https:\/\/fotos.perfil.com\/\/2026\/04\/10\/440\/0\/ypf-2218490.jpg?webp\"\/><source media=\"(max-width: 1019px)\" srcset=\"https:\/\/fotos.perfil.com\/\/2026\/04\/10\/712\/0\/ypf-2218490.jpg?webp\"\/><img decoding=\"async\" style=\"max-width: 100%; width: 100%;\" alt=\"YPF\" src=\"https:\/\/fotos.perfil.com\/\/2026\/04\/10\/900\/0\/ypf-2218490.jpg?webp\" loading=\"lazy\"\/><\/picture><\/p>\n<p>Es importante poner la situaci\u00f3n en contexto, para entender lo ocurrido. Todo comenz\u00f3 cuando <strong>Horacio Mar\u00edn, presidente de YPF<\/strong>, declar\u00f3 el pasado mi\u00e9rcoles 1 de abril que la petrolera <strong>estabilizar\u00eda los aumentos de la nafta por 45 d\u00edas<\/strong>, motivo por el cual el surtidor no se ver\u00eda afectado, directamente, por los cambios en el barril Brent.<\/p>\n<p>Las principales petroleras que trabajan en la Argentina aceptaron sumarse a esta estrategia de YPF al d\u00eda siguiente de conocerse esta noticia.<\/p>\n<div style=\"text-align:center\">\n<figure class=\"image\" style=\"display:inline-block\"><picture><source media=\"(max-width: 440px)\" srcset=\"https:\/\/fotos.perfil.com\/\/2026\/04\/28\/440\/0\/expo-efi-2026-horacio-marin-ypf-28042026-2229584.jpg?webp\"\/><source media=\"(max-width: 1019px)\" srcset=\"https:\/\/fotos.perfil.com\/\/2026\/04\/28\/712\/0\/expo-efi-2026-horacio-marin-ypf-28042026-2229584.jpg?webp\"\/><img decoding=\"async\" style=\"max-width: 100%; width: 100%;\" alt=\"EXPO EFI 2026 Horacio Mar\u00edn YPF 28042026\" src=\"https:\/\/fotos.perfil.com\/\/2026\/04\/28\/900\/0\/expo-efi-2026-horacio-marin-ypf-28042026-2229584.jpg?webp\" loading=\"lazy\"\/><\/picture><figcaption><em>Horacio Mar\u00edn, presidente de YPF <\/em><\/figcaption><\/figure>\n<\/p><\/div>\n<h2><strong>La declaraci\u00f3n del presidente de YPF diciendo que no habr\u00eda aumentos por 45 d\u00edas<\/strong><\/h2>\n<p>\u201cA partir de hoy, en YPF<strong> hemos decidido crear un buffer (amortiguador) de precios<\/strong> para estabilizar los precios de los combustibles hasta 45 d\u00edas. Nosotros nos debemos a los consumidores porque los consumidores son los que nos hacen facturar 12.000 millones de d\u00f3lares\u201d, dijo Horacio Mar\u00edn, presidente de YPF, en una entrevista que le dio a Esteban Trebucq, en<em> LN+<\/em>, el pasado 1 de abril.<\/p>\n<p>Y agreg\u00f3: \u201cEstuvimos viendo que hace una semana la demanda comenz\u00f3 a ser el\u00e1stica, eso significa que con aumento de precios cae el consumo. Entonces tenemos que crear un buffer para que el consumo no baje y, de esa forma, poder pasar este periodo transitorio\u201d.<\/p>\n<p>Mar\u00edn aclar\u00f3 que \u201cno es un tope de precio. Significa que <strong>vamos a dejar el precio hasta 45 d\u00edas aproximadamente constante.<\/strong> El precio de barril en Argentina es precio libre y seguir\u00e1 siendo libre\u00bb.<\/p>\n<div style=\"text-align:center\">\n<figure class=\"image\" style=\"display:inline-block\"><picture><source media=\"(max-width: 440px)\" srcset=\"https:\/\/fotos.perfil.com\/\/2024\/08\/13\/440\/0\/horacio-marin-ceo-ypf-1853098.jpg?webp\"\/><source media=\"(max-width: 1019px)\" srcset=\"https:\/\/fotos.perfil.com\/\/2024\/08\/13\/712\/0\/horacio-marin-ceo-ypf-1853098.jpg?webp\"\/><img decoding=\"async\" style=\"max-width: 100%; width: 100%;\" alt=\"Horacio Mar\u00edn, CEO YPF\" src=\"https:\/\/fotos.perfil.com\/\/2024\/08\/13\/900\/0\/horacio-marin-ceo-ypf-1853098.jpg?webp\" loading=\"lazy\"\/><\/picture><figcaption>Horacio Mar\u00edn, presidente de YPF<\/figcaption><\/figure>\n<\/p><\/div>\n<p>Y sum\u00f3: \u00abEn este periodo de buffer -que significa un amortiguador-, yo ahora al consumidor le digo: &#8216;<strong>YPF te va a ayudar, te va a mantener el precio estable durante estos 45 d\u00edas<\/strong>, pero despu\u00e9s vos me vas a tener que ayudar para recuperar lo que yo te ayud\u00e9&#8217;. Esto es a partir de hoy mismo. Despu\u00e9s vamos a ir viendo&#8230;\u201d.<\/p>\n<p class=\"destacadoNota\"><a target=\"_blank\" href=\"https:\/\/www.perfil.com\/noticias\/amp\/economia\/cortan-el-gnc-en-estaciones-de-servicio-del-amba-para-priorizar-el-consumo-residencial-a40.phtml\">Restringen la venta de GNC en estaciones de servicio del AMBA para priorizar el consumo residencial<\/a><\/p>\n<p>El funcionario afirm\u00f3 que: \u201cN<strong>uestro acuerdo con la gente es un acuerdo honesto y moral<\/strong>. Si lo hacemos de esa forma no hay juego con la especulaci\u00f3n\u201d.<\/p>\n<p><em>HM\/DCQ<\/em><\/p>\n<\/p><\/div>\n<p><script>\n                !function(f,b,e,v,n,t,s)\n                {if(f.fbq)return;n=f.fbq=function(){n.callMethod?\n                    n.callMethod.apply(n,arguments):n.queue.push(arguments)};\n                    if(!f._fbq)f._fbq=n;n.push=n;n.loaded=!0;n.version='2.0';\n                    n.queue=[];t=b.createElement(e);t.async=!0;\n                    t.src=v;s=b.getElementsByTagName(e)[0];\n                    s.parentNode.insertBefore(t,s)}(window, document,'script',\n                    'https:\/\/connect.facebook.net\/en_US\/fbevents.js');\n                window.paywallConfig.facebook_pixel=\"1000228364089342\"\n            <\/script><\/p>\n","protected":false},"excerpt":{"rendered":"<p>El pasado 1 de abril, YPF anunci\u00f3 que no habr\u00eda aumentos en los combustibles por 45 d\u00edas, sin embargo, acaba de producirse un nuevo incremento, lo que sorprendi\u00f3 a los consumidores, que reaccionaron en las redes sociales ante esta medida inesperada convirtiendo el tema en tendencia. La liga de intendentes le reclamar\u00e1 a Javier Milei [&hellip;]<\/p>\n","protected":false},"author":2,"featured_media":193676,"comment_status":"closed","ping_status":"closed","sticky":false,"template":"","format":"standard","meta":{"footnotes":""},"categories":[25],"tags":[],"class_list":["post-193675","post","type-post","status-publish","format-standard","has-post-thumbnail","hentry","category-nacionales"],"yoast_head":"<!-- This site is optimized with the Yoast SEO plugin v24.4 - https:\/\/yoast.com\/wordpress\/plugins\/seo\/ -->\n<title>YPF aument\u00f3 el precio de sus combustibles, apenas 27 d\u00edas despu\u00e9s de anunciar un congelamiento por 45 d\u00edas - GYS NOTICIAS |<\/title>\n<meta name=\"robots\" content=\"index, follow, max-snippet:-1, max-image-preview:large, max-video-preview:-1\" \/>\n<link rel=\"canonical\" href=\"https:\/\/gysfm.com.ar\/inicio\/ypf-aumento-el-precio-de-sus-combustibles-apenas-27-dias-despues-de-anunciar-un-congelamiento-por-45-dias\/\" \/>\n<meta property=\"og:locale\" content=\"es_ES\" \/>\n<meta property=\"og:type\" content=\"article\" \/>\n<meta property=\"og:title\" content=\"YPF aument\u00f3 el precio de sus combustibles, apenas 27 d\u00edas despu\u00e9s de anunciar un congelamiento por 45 d\u00edas - GYS NOTICIAS |\" \/>\n<meta property=\"og:description\" content=\"El pasado 1 de abril, YPF anunci\u00f3 que no habr\u00eda aumentos en los combustibles por 45 d\u00edas, sin embargo, acaba de producirse un nuevo incremento, lo que sorprendi\u00f3 a los consumidores, que reaccionaron en las redes sociales ante esta medida inesperada convirtiendo el tema en tendencia. La liga de intendentes le reclamar\u00e1 a Javier Milei [&hellip;]\" \/>\n<meta property=\"og:url\" content=\"https:\/\/gysfm.com.ar\/inicio\/ypf-aumento-el-precio-de-sus-combustibles-apenas-27-dias-despues-de-anunciar-un-congelamiento-por-45-dias\/\" \/>\n<meta property=\"og:site_name\" content=\"GYS NOTICIAS |\" \/>\n<meta property=\"article:published_time\" content=\"2026-04-29T14:28:05+00:00\" \/>\n<meta property=\"og:image\" content=\"https:\/\/fotos.perfil.com\/\/2026\/04\/10\/900\/0\/ypf-2218490.jpg?webp\" \/>\n<meta name=\"author\" content=\"Prensa G&amp;S FM\" \/>\n<meta name=\"twitter:card\" content=\"summary_large_image\" \/>\n<meta name=\"twitter:label1\" content=\"Escrito por\" \/>\n\t<meta name=\"twitter:data1\" content=\"Prensa G&amp;S FM\" \/>\n\t<meta name=\"twitter:label2\" content=\"Tiempo de lectura\" \/>\n\t<meta name=\"twitter:data2\" content=\"3 minutos\" \/>\n<script type=\"application\/ld+json\" class=\"yoast-schema-graph\">{\"@context\":\"https:\/\/schema.org\",\"@graph\":[{\"@type\":\"Article\",\"@id\":\"https:\/\/gysfm.com.ar\/inicio\/ypf-aumento-el-precio-de-sus-combustibles-apenas-27-dias-despues-de-anunciar-un-congelamiento-por-45-dias\/#article\",\"isPartOf\":{\"@id\":\"https:\/\/gysfm.com.ar\/inicio\/ypf-aumento-el-precio-de-sus-combustibles-apenas-27-dias-despues-de-anunciar-un-congelamiento-por-45-dias\/\"},\"author\":{\"name\":\"Prensa G&amp;S FM\",\"@id\":\"https:\/\/gysfm.com.ar\/inicio\/#\/schema\/person\/3abba7593ef2ad19e1be221d54383dc5\"},\"headline\":\"YPF aument\u00f3 el precio de sus combustibles, apenas 27 d\u00edas despu\u00e9s de anunciar un congelamiento por 45 d\u00edas\",\"datePublished\":\"2026-04-29T14:28:05+00:00\",\"mainEntityOfPage\":{\"@id\":\"https:\/\/gysfm.com.ar\/inicio\/ypf-aumento-el-precio-de-sus-combustibles-apenas-27-dias-despues-de-anunciar-un-congelamiento-por-45-dias\/\"},\"wordCount\":543,\"publisher\":{\"@id\":\"https:\/\/gysfm.com.ar\/inicio\/#organization\"},\"image\":{\"@id\":\"https:\/\/gysfm.com.ar\/inicio\/ypf-aumento-el-precio-de-sus-combustibles-apenas-27-dias-despues-de-anunciar-un-congelamiento-por-45-dias\/#primaryimage\"},\"thumbnailUrl\":\"https:\/\/gysfm.com.ar\/inicio\/wp-content\/uploads\/2026\/04\/combustibles-precios-ypf-2078265.jpg\",\"articleSection\":[\"NACIONALES\"],\"inLanguage\":\"es\"},{\"@type\":\"WebPage\",\"@id\":\"https:\/\/gysfm.com.ar\/inicio\/ypf-aumento-el-precio-de-sus-combustibles-apenas-27-dias-despues-de-anunciar-un-congelamiento-por-45-dias\/\",\"url\":\"https:\/\/gysfm.com.ar\/inicio\/ypf-aumento-el-precio-de-sus-combustibles-apenas-27-dias-despues-de-anunciar-un-congelamiento-por-45-dias\/\",\"name\":\"YPF aument\u00f3 el precio de sus combustibles, apenas 27 d\u00edas despu\u00e9s de anunciar un congelamiento por 45 d\u00edas - GYS NOTICIAS |\",\"isPartOf\":{\"@id\":\"https:\/\/gysfm.com.ar\/inicio\/#website\"},\"primaryImageOfPage\":{\"@id\":\"https:\/\/gysfm.com.ar\/inicio\/ypf-aumento-el-precio-de-sus-combustibles-apenas-27-dias-despues-de-anunciar-un-congelamiento-por-45-dias\/#primaryimage\"},\"image\":{\"@id\":\"https:\/\/gysfm.com.ar\/inicio\/ypf-aumento-el-precio-de-sus-combustibles-apenas-27-dias-despues-de-anunciar-un-congelamiento-por-45-dias\/#primaryimage\"},\"thumbnailUrl\":\"https:\/\/gysfm.com.ar\/inicio\/wp-content\/uploads\/2026\/04\/combustibles-precios-ypf-2078265.jpg\",\"datePublished\":\"2026-04-29T14:28:05+00:00\",\"breadcrumb\":{\"@id\":\"https:\/\/gysfm.com.ar\/inicio\/ypf-aumento-el-precio-de-sus-combustibles-apenas-27-dias-despues-de-anunciar-un-congelamiento-por-45-dias\/#breadcrumb\"},\"inLanguage\":\"es\",\"potentialAction\":[{\"@type\":\"ReadAction\",\"target\":[\"https:\/\/gysfm.com.ar\/inicio\/ypf-aumento-el-precio-de-sus-combustibles-apenas-27-dias-despues-de-anunciar-un-congelamiento-por-45-dias\/\"]}]},{\"@type\":\"ImageObject\",\"inLanguage\":\"es\",\"@id\":\"https:\/\/gysfm.com.ar\/inicio\/ypf-aumento-el-precio-de-sus-combustibles-apenas-27-dias-despues-de-anunciar-un-congelamiento-por-45-dias\/#primaryimage\",\"url\":\"https:\/\/gysfm.com.ar\/inicio\/wp-content\/uploads\/2026\/04\/combustibles-precios-ypf-2078265.jpg\",\"contentUrl\":\"https:\/\/gysfm.com.ar\/inicio\/wp-content\/uploads\/2026\/04\/combustibles-precios-ypf-2078265.jpg\",\"width\":1140,\"height\":641},{\"@type\":\"BreadcrumbList\",\"@id\":\"https:\/\/gysfm.com.ar\/inicio\/ypf-aumento-el-precio-de-sus-combustibles-apenas-27-dias-despues-de-anunciar-un-congelamiento-por-45-dias\/#breadcrumb\",\"itemListElement\":[{\"@type\":\"ListItem\",\"position\":1,\"name\":\"Portada\",\"item\":\"https:\/\/gysfm.com.ar\/inicio\/\"},{\"@type\":\"ListItem\",\"position\":2,\"name\":\"YPF aument\u00f3 el precio de sus combustibles, apenas 27 d\u00edas despu\u00e9s de anunciar un congelamiento por 45 d\u00edas\"}]},{\"@type\":\"WebSite\",\"@id\":\"https:\/\/gysfm.com.ar\/inicio\/#website\",\"url\":\"https:\/\/gysfm.com.ar\/inicio\/\",\"name\":\"GYS NOTICIAS |\",\"description\":\"DIARIO - RADIO ONLINE SAN JUAN ARGENTINA\",\"publisher\":{\"@id\":\"https:\/\/gysfm.com.ar\/inicio\/#organization\"},\"potentialAction\":[{\"@type\":\"SearchAction\",\"target\":{\"@type\":\"EntryPoint\",\"urlTemplate\":\"https:\/\/gysfm.com.ar\/inicio\/?s={search_term_string}\"},\"query-input\":{\"@type\":\"PropertyValueSpecification\",\"valueRequired\":true,\"valueName\":\"search_term_string\"}}],\"inLanguage\":\"es\"},{\"@type\":\"Organization\",\"@id\":\"https:\/\/gysfm.com.ar\/inicio\/#organization\",\"name\":\"GYS NOTICIAS |\",\"url\":\"https:\/\/gysfm.com.ar\/inicio\/\",\"logo\":{\"@type\":\"ImageObject\",\"inLanguage\":\"es\",\"@id\":\"https:\/\/gysfm.com.ar\/inicio\/#\/schema\/logo\/image\/\",\"url\":\"https:\/\/gysfm.com.ar\/inicio\/wp-content\/uploads\/2023\/07\/LOGOGYS-OK.png\",\"contentUrl\":\"https:\/\/gysfm.com.ar\/inicio\/wp-content\/uploads\/2023\/07\/LOGOGYS-OK.png\",\"width\":1170,\"height\":872,\"caption\":\"GYS NOTICIAS |\"},\"image\":{\"@id\":\"https:\/\/gysfm.com.ar\/inicio\/#\/schema\/logo\/image\/\"}},{\"@type\":\"Person\",\"@id\":\"https:\/\/gysfm.com.ar\/inicio\/#\/schema\/person\/3abba7593ef2ad19e1be221d54383dc5\",\"name\":\"Prensa G&amp;S FM\",\"image\":{\"@type\":\"ImageObject\",\"inLanguage\":\"es\",\"@id\":\"https:\/\/gysfm.com.ar\/inicio\/#\/schema\/person\/image\/\",\"url\":\"https:\/\/secure.gravatar.com\/avatar\/096ec78df02049ab018702bb4ccedf659377fa92a26540b5247612077a0dbd29?s=96&d=mm&r=g\",\"contentUrl\":\"https:\/\/secure.gravatar.com\/avatar\/096ec78df02049ab018702bb4ccedf659377fa92a26540b5247612077a0dbd29?s=96&d=mm&r=g\",\"caption\":\"Prensa G&amp;S FM\"},\"sameAs\":[\"https:\/\/gysfm.com.ar\/\"],\"url\":\"https:\/\/gysfm.com.ar\/inicio\/author\/lucasm\/\"}]}<\/script>\n<!-- \/ Yoast SEO plugin. -->","yoast_head_json":{"title":"YPF aument\u00f3 el precio de sus combustibles, apenas 27 d\u00edas despu\u00e9s de anunciar un congelamiento por 45 d\u00edas - GYS NOTICIAS |","robots":{"index":"index","follow":"follow","max-snippet":"max-snippet:-1","max-image-preview":"max-image-preview:large","max-video-preview":"max-video-preview:-1"},"canonical":"https:\/\/gysfm.com.ar\/inicio\/ypf-aumento-el-precio-de-sus-combustibles-apenas-27-dias-despues-de-anunciar-un-congelamiento-por-45-dias\/","og_locale":"es_ES","og_type":"article","og_title":"YPF aument\u00f3 el precio de sus combustibles, apenas 27 d\u00edas despu\u00e9s de anunciar un congelamiento por 45 d\u00edas - GYS NOTICIAS |","og_description":"El pasado 1 de abril, YPF anunci\u00f3 que no habr\u00eda aumentos en los combustibles por 45 d\u00edas, sin embargo, acaba de producirse un nuevo incremento, lo que sorprendi\u00f3 a los consumidores, que reaccionaron en las redes sociales ante esta medida inesperada convirtiendo el tema en tendencia. La liga de intendentes le reclamar\u00e1 a Javier Milei [&hellip;]","og_url":"https:\/\/gysfm.com.ar\/inicio\/ypf-aumento-el-precio-de-sus-combustibles-apenas-27-dias-despues-de-anunciar-un-congelamiento-por-45-dias\/","og_site_name":"GYS NOTICIAS |","article_published_time":"2026-04-29T14:28:05+00:00","og_image":[{"url":"https:\/\/fotos.perfil.com\/\/2026\/04\/10\/900\/0\/ypf-2218490.jpg?webp","type":"","width":"","height":""}],"author":"Prensa G&amp;S FM","twitter_card":"summary_large_image","twitter_misc":{"Escrito por":"Prensa G&amp;S FM","Tiempo de lectura":"3 minutos"},"schema":{"@context":"https:\/\/schema.org","@graph":[{"@type":"Article","@id":"https:\/\/gysfm.com.ar\/inicio\/ypf-aumento-el-precio-de-sus-combustibles-apenas-27-dias-despues-de-anunciar-un-congelamiento-por-45-dias\/#article","isPartOf":{"@id":"https:\/\/gysfm.com.ar\/inicio\/ypf-aumento-el-precio-de-sus-combustibles-apenas-27-dias-despues-de-anunciar-un-congelamiento-por-45-dias\/"},"author":{"name":"Prensa G&amp;S FM","@id":"https:\/\/gysfm.com.ar\/inicio\/#\/schema\/person\/3abba7593ef2ad19e1be221d54383dc5"},"headline":"YPF aument\u00f3 el precio de sus combustibles, apenas 27 d\u00edas despu\u00e9s de anunciar un congelamiento por 45 d\u00edas","datePublished":"2026-04-29T14:28:05+00:00","mainEntityOfPage":{"@id":"https:\/\/gysfm.com.ar\/inicio\/ypf-aumento-el-precio-de-sus-combustibles-apenas-27-dias-despues-de-anunciar-un-congelamiento-por-45-dias\/"},"wordCount":543,"publisher":{"@id":"https:\/\/gysfm.com.ar\/inicio\/#organization"},"image":{"@id":"https:\/\/gysfm.com.ar\/inicio\/ypf-aumento-el-precio-de-sus-combustibles-apenas-27-dias-despues-de-anunciar-un-congelamiento-por-45-dias\/#primaryimage"},"thumbnailUrl":"https:\/\/gysfm.com.ar\/inicio\/wp-content\/uploads\/2026\/04\/combustibles-precios-ypf-2078265.jpg","articleSection":["NACIONALES"],"inLanguage":"es"},{"@type":"WebPage","@id":"https:\/\/gysfm.com.ar\/inicio\/ypf-aumento-el-precio-de-sus-combustibles-apenas-27-dias-despues-de-anunciar-un-congelamiento-por-45-dias\/","url":"https:\/\/gysfm.com.ar\/inicio\/ypf-aumento-el-precio-de-sus-combustibles-apenas-27-dias-despues-de-anunciar-un-congelamiento-por-45-dias\/","name":"YPF aument\u00f3 el precio de sus combustibles, apenas 27 d\u00edas despu\u00e9s de anunciar un congelamiento por 45 d\u00edas - GYS NOTICIAS |","isPartOf":{"@id":"https:\/\/gysfm.com.ar\/inicio\/#website"},"primaryImageOfPage":{"@id":"https:\/\/gysfm.com.ar\/inicio\/ypf-aumento-el-precio-de-sus-combustibles-apenas-27-dias-despues-de-anunciar-un-congelamiento-por-45-dias\/#primaryimage"},"image":{"@id":"https:\/\/gysfm.com.ar\/inicio\/ypf-aumento-el-precio-de-sus-combustibles-apenas-27-dias-despues-de-anunciar-un-congelamiento-por-45-dias\/#primaryimage"},"thumbnailUrl":"https:\/\/gysfm.com.ar\/inicio\/wp-content\/uploads\/2026\/04\/combustibles-precios-ypf-2078265.jpg","datePublished":"2026-04-29T14:28:05+00:00","breadcrumb":{"@id":"https:\/\/gysfm.com.ar\/inicio\/ypf-aumento-el-precio-de-sus-combustibles-apenas-27-dias-despues-de-anunciar-un-congelamiento-por-45-dias\/#breadcrumb"},"inLanguage":"es","potentialAction":[{"@type":"ReadAction","target":["https:\/\/gysfm.com.ar\/inicio\/ypf-aumento-el-precio-de-sus-combustibles-apenas-27-dias-despues-de-anunciar-un-congelamiento-por-45-dias\/"]}]},{"@type":"ImageObject","inLanguage":"es","@id":"https:\/\/gysfm.com.ar\/inicio\/ypf-aumento-el-precio-de-sus-combustibles-apenas-27-dias-despues-de-anunciar-un-congelamiento-por-45-dias\/#primaryimage","url":"https:\/\/gysfm.com.ar\/inicio\/wp-content\/uploads\/2026\/04\/combustibles-precios-ypf-2078265.jpg","contentUrl":"https:\/\/gysfm.com.ar\/inicio\/wp-content\/uploads\/2026\/04\/combustibles-precios-ypf-2078265.jpg","width":1140,"height":641},{"@type":"BreadcrumbList","@id":"https:\/\/gysfm.com.ar\/inicio\/ypf-aumento-el-precio-de-sus-combustibles-apenas-27-dias-despues-de-anunciar-un-congelamiento-por-45-dias\/#breadcrumb","itemListElement":[{"@type":"ListItem","position":1,"name":"Portada","item":"https:\/\/gysfm.com.ar\/inicio\/"},{"@type":"ListItem","position":2,"name":"YPF aument\u00f3 el precio de sus combustibles, apenas 27 d\u00edas despu\u00e9s de anunciar un congelamiento por 45 d\u00edas"}]},{"@type":"WebSite","@id":"https:\/\/gysfm.com.ar\/inicio\/#website","url":"https:\/\/gysfm.com.ar\/inicio\/","name":"GYS NOTICIAS |","description":"DIARIO - RADIO ONLINE SAN JUAN ARGENTINA","publisher":{"@id":"https:\/\/gysfm.com.ar\/inicio\/#organization"},"potentialAction":[{"@type":"SearchAction","target":{"@type":"EntryPoint","urlTemplate":"https:\/\/gysfm.com.ar\/inicio\/?s={search_term_string}"},"query-input":{"@type":"PropertyValueSpecification","valueRequired":true,"valueName":"search_term_string"}}],"inLanguage":"es"},{"@type":"Organization","@id":"https:\/\/gysfm.com.ar\/inicio\/#organization","name":"GYS NOTICIAS |","url":"https:\/\/gysfm.com.ar\/inicio\/","logo":{"@type":"ImageObject","inLanguage":"es","@id":"https:\/\/gysfm.com.ar\/inicio\/#\/schema\/logo\/image\/","url":"https:\/\/gysfm.com.ar\/inicio\/wp-content\/uploads\/2023\/07\/LOGOGYS-OK.png","contentUrl":"https:\/\/gysfm.com.ar\/inicio\/wp-content\/uploads\/2023\/07\/LOGOGYS-OK.png","width":1170,"height":872,"caption":"GYS NOTICIAS |"},"image":{"@id":"https:\/\/gysfm.com.ar\/inicio\/#\/schema\/logo\/image\/"}},{"@type":"Person","@id":"https:\/\/gysfm.com.ar\/inicio\/#\/schema\/person\/3abba7593ef2ad19e1be221d54383dc5","name":"Prensa G&amp;S FM","image":{"@type":"ImageObject","inLanguage":"es","@id":"https:\/\/gysfm.com.ar\/inicio\/#\/schema\/person\/image\/","url":"https:\/\/secure.gravatar.com\/avatar\/096ec78df02049ab018702bb4ccedf659377fa92a26540b5247612077a0dbd29?s=96&d=mm&r=g","contentUrl":"https:\/\/secure.gravatar.com\/avatar\/096ec78df02049ab018702bb4ccedf659377fa92a26540b5247612077a0dbd29?s=96&d=mm&r=g","caption":"Prensa G&amp;S FM"},"sameAs":["https:\/\/gysfm.com.ar\/"],"url":"https:\/\/gysfm.com.ar\/inicio\/author\/lucasm\/"}]}},"_links":{"self":[{"href":"https:\/\/gysfm.com.ar\/inicio\/wp-json\/wp\/v2\/posts\/193675","targetHints":{"allow":["GET"]}}],"collection":[{"href":"https:\/\/gysfm.com.ar\/inicio\/wp-json\/wp\/v2\/posts"}],"about":[{"href":"https:\/\/gysfm.com.ar\/inicio\/wp-json\/wp\/v2\/types\/post"}],"author":[{"embeddable":true,"href":"https:\/\/gysfm.com.ar\/inicio\/wp-json\/wp\/v2\/users\/2"}],"replies":[{"embeddable":true,"href":"https:\/\/gysfm.com.ar\/inicio\/wp-json\/wp\/v2\/comments?post=193675"}],"version-history":[{"count":0,"href":"https:\/\/gysfm.com.ar\/inicio\/wp-json\/wp\/v2\/posts\/193675\/revisions"}],"wp:featuredmedia":[{"embeddable":true,"href":"https:\/\/gysfm.com.ar\/inicio\/wp-json\/wp\/v2\/media\/193676"}],"wp:attachment":[{"href":"https:\/\/gysfm.com.ar\/inicio\/wp-json\/wp\/v2\/media?parent=193675"}],"wp:term":[{"taxonomy":"category","embeddable":true,"href":"https:\/\/gysfm.com.ar\/inicio\/wp-json\/wp\/v2\/categories?post=193675"},{"taxonomy":"post_tag","embeddable":true,"href":"https:\/\/gysfm.com.ar\/inicio\/wp-json\/wp\/v2\/tags?post=193675"}],"curies":[{"name":"wp","href":"https:\/\/api.w.org\/{rel}","templated":true}]}}