{"id":193672,"date":"2026-04-29T11:20:46","date_gmt":"2026-04-29T14:20:46","guid":{"rendered":"https:\/\/gysfm.com.ar\/inicio\/trump-arremete-contra-merz-y-profundiza-la-grieta-con-europa-por-la-crisis-con-iran\/"},"modified":"2026-04-29T11:20:47","modified_gmt":"2026-04-29T14:20:47","slug":"trump-arremete-contra-merz-y-profundiza-la-grieta-con-europa-por-la-crisis-con-iran","status":"publish","type":"post","link":"https:\/\/gysfm.com.ar\/inicio\/trump-arremete-contra-merz-y-profundiza-la-grieta-con-europa-por-la-crisis-con-iran\/","title":{"rendered":"Trump arremete contra Merz y profundiza la grieta con Europa por la crisis con Ir\u00e1n"},"content":{"rendered":"<p> <br \/>\n<\/p>\n<div>\n<p class=\"com-paragraph  --capital --s\">WASHINGTON.\u2013 La <strong>tensi\u00f3n entre <\/strong><a href=\"https:\/\/www.lanacion.com.ar\/el-mundo\/un-senador-de-92-anos-quedo-como-ultimo-garante-del-poder-en-washington-tras-el-atentado-contra-nid28042026\/\" target=\"_self\" title=\"https:\/\/www.lanacion.com.ar\/el-mundo\/un-senador-de-92-anos-quedo-como-ultimo-garante-del-poder-en-washington-tras-el-atentado-contra-nid28042026\/\" class=\"com-link break-word\" data-mrf-recirculation=\"n_link_parrafo\"><strong>Estados Unidos<\/strong><\/a><strong> y Alemania <\/strong>sum\u00f3 un nuevo cap\u00edtulo tras un duro cruce p\u00fablico en el que el<strong> <\/strong><a href=\"https:\/\/www.lanacion.com.ar\/estados-unidos\/pompa-gestos-y-una-revelacion-inesperada-trump-y-carlos-iii-se-reunen-en-medio-de-tensiones-con-nid28042026\/\" target=\"_self\" title=\"https:\/\/www.lanacion.com.ar\/estados-unidos\/pompa-gestos-y-una-revelacion-inesperada-trump-y-carlos-iii-se-reunen-en-medio-de-tensiones-con-nid28042026\/\" class=\"com-link break-word\" data-mrf-recirculation=\"n_link_parrafo\"><strong>presidente Donald Trump<\/strong><\/a><strong> acus\u00f3 al canciller Friedrich Merz de ignorar el riesgo nuclear de Ir\u00e1n<\/strong>.<strong> <\/strong>Esto expuso nuevamente las crecientes diferencias entre Washington y sus aliados europeos en torno al <a href=\"https:\/\/www.lanacion.com.ar\/el-mundo\/emiratos-arabes-unidos-abandona-la-opep-en-un-duro-golpe-para-el-grupo-petrolero-nid28042026\/\" target=\"_self\" title=\"https:\/\/www.lanacion.com.ar\/el-mundo\/emiratos-arabes-unidos-abandona-la-opep-en-un-duro-golpe-para-el-grupo-petrolero-nid28042026\/\" class=\"com-link break-word\" data-mrf-recirculation=\"n_link_parrafo\">conflicto con Teher\u00e1n<\/a>.<\/p>\n<p class=\"com-paragraph   --s\">El <strong>detonante fue una serie de declaraciones de Merz <\/strong>durante una charla con estudiantes en la ciudad de Marsberg, en las que <strong>critic\u00f3 con inusual dureza la estrategia estadounidense<\/strong>. El canciller alem\u00e1n sostuvo que <strong>Ir\u00e1n est\u00e1 \u201chumillando\u201d a Estados Unidos a forzar negociaciones infructuosas <\/strong>y cuestion\u00f3 la falta de un plan claro de salida en la escalada militar. Estados Unidos <strong>\u201cobviamente entr\u00f3 a esta guerra sin una estrategia\u201d<\/strong>, afirm\u00f3, en un mensaje que reson\u00f3 m\u00e1s all\u00e1 de Alemania y evidenci\u00f3 el malestar dentro de la OTAN. <\/p>\n<p class=\"com-paragraph   --s\">Las palabras no tardaron en encontrar respuesta. A trav\u00e9s de su red Truth Social, <strong>Trump reaccion\u00f3 con dureza <\/strong>y apunt\u00f3 directamente contra el l\u00edder alem\u00e1n.<strong> \u201cNo es de extra\u00f1ar que Alemania est\u00e9 tan mal, tanto econ\u00f3mica como en otros aspectos\u201d<\/strong>, escribi\u00f3, antes de acusar a Merz de sostener una postura irresponsable frente a Ir\u00e1n. <strong>\u201cEl canciller de Alemania piensa que est\u00e1 bien que Ir\u00e1n tenga un arma nuclear. \u00a1No sabe de qu\u00e9 est\u00e1 hablando!\u201d<\/strong>, lanz\u00f3. <\/p>\n<p class=\"com-paragraph   --s\">El presidente estadounidense defendi\u00f3 su pol\u00edtica hacia Teher\u00e1n y asegur\u00f3 que est\u00e1 haciendo lo que otros l\u00edderes no se animaron a hacer. <strong>\u201cSi Ir\u00e1n tuviera un arma nuclear, el mundo entero estar\u00eda tomado como reh\u00e9n\u201d<\/strong>, afirm\u00f3, en un intento por justificar la presi\u00f3n militar y diplom\u00e1tica que impulsa su administraci\u00f3n. <\/p>\n<div class=\"content-media\">\n<section role=\"button\" class=\"mod-media   \">\n<figure role=\"button\" tabindex=\"0\" class=\"mod-figure \"><figcaption class=\"mod-figcaption\"><span class=\"com-text --caption --twoxs\">Trump atac\u00f3 a Merz en Truth Social<\/span><\/figcaption><\/figure>\n<\/section>\n<\/div>\n<p class=\"com-paragraph   --s\">El intercambio marca un <strong>deterioro visible en la relaci\u00f3n transatl\u00e1ntica<\/strong>, ya tensionada por <strong>desacuerdos previos en torno a la guerra en Ucrania, el gasto en defensa y el rol de la OTAN<\/strong>. En este caso, el eje del conflicto es la ofensiva iniciada el 28 de febrero por Estados Unidos e Israel contra objetivos iran\u00edes, una operaci\u00f3n que, seg\u00fan Berl\u00edn, no fue consultada con sus socios europeos. <\/p>\n<p class=\"com-paragraph   --s\">Merz fue expl\u00edcito en ese punto:<strong> asegur\u00f3 que Alemania \u2014y Europa en general\u2014 no fueron informadas previamente sobre los ataques<\/strong>, y que posteriormente transmiti\u00f3 su escepticismo directamente a Trump. Incluso <strong>compar\u00f3 la situaci\u00f3n con las guerras de Irak y Afganist\u00e1n, sugiriendo que Washington podr\u00eda estar repitiendo errores del pasado<\/strong>. <\/p>\n<p class=\"com-paragraph   --s\">Adem\u00e1s, el canciller subray\u00f3 el impacto econ\u00f3mico que el conflicto est\u00e1 teniendo en su pa\u00eds. El cierre de facto del estrecho de Ormuz, una v\u00eda clave para el comercio energ\u00e9tico global, gener\u00f3 turbulencias en los mercados y amenaza con afectar el suministro. <strong>\u201cEsto le est\u00e1 costando a Alemania mucho dinero, mucho dinero de los contribuyentes y mucha fortaleza econ\u00f3mica\u201d<\/strong>, advirti\u00f3. <\/p>\n<div class=\"content-media\">\n<section role=\"button\" class=\"mod-media   \">\n<figure role=\"button\" tabindex=\"0\" class=\"mod-figure \"><figcaption class=\"mod-figcaption\"><span class=\"com-text --caption --twoxs\">El cruce entre el presidente estadounidense y el canciller alem\u00e1n expone nuevas fisuras en la OTAN<\/span><span class=\"com-text --credit --twoxs\">Michael Kappeler &#8211; dpa<\/span><\/figcaption><\/figure>\n<\/section>\n<\/div>\n<p class=\"com-paragraph   --s\">La cr\u00edtica alemana tambi\u00e9n se inscribe en un contexto m\u00e1s amplio de incomodidad europea frente a la estrategia estadounidense. <strong>Trump<\/strong>, por su parte,<strong> presion\u00f3 p\u00fablicamente a los pa\u00edses de la OTAN para que contribuyan con fuerzas navales a reabrir el estrecho<\/strong>, una exigencia que varios aliados recibieron con reservas. <\/p>\n<p class=\"com-paragraph   --s\"><strong>Agencias AP y Reuters<\/strong><\/p>\n<section class=\"container-center-100 mb-40 border border-bottom border-thin border-neutral-light-700\">\n<hr\/>\n<\/section>\n<\/div>\n<p><script id=\"facebookpixel\" defer=\"\" type=\"text\/javascript\">\n        !function(f,b,e,v,n,t,s)\n        {if(f.fbq)return;n=f.fbq=function(){n.callMethod?\n        n.callMethod.apply(n,arguments):n.queue.push(arguments)};\n        if(!f._fbq)f._fbq=n;n.push=n;n.loaded=!0;n.version='2.0';\n        n.queue=[];t=b.createElement(e);t.async=!0;\n        t.src=v;s=b.getElementsByTagName(e)[0];\n        s.parentNode.insertBefore(t,s)}(window, document,'script',\n        'https:\/\/connect.facebook.net\/en_US\/fbevents.js');\n        fbq('init', '492459597522335');\n        fbq('track', 'PageView');\n    <\/script><br \/>\n<br \/><\/p>\n","protected":false},"excerpt":{"rendered":"<p>WASHINGTON.\u2013 La tensi\u00f3n entre Estados Unidos y Alemania sum\u00f3 un nuevo cap\u00edtulo tras un duro cruce p\u00fablico en el que el presidente Donald Trump acus\u00f3 al canciller Friedrich Merz de ignorar el riesgo nuclear de Ir\u00e1n. Esto expuso nuevamente las crecientes diferencias entre Washington y sus aliados europeos en torno al conflicto con Teher\u00e1n. El [&hellip;]<\/p>\n","protected":false},"author":2,"featured_media":193673,"comment_status":"closed","ping_status":"closed","sticky":false,"template":"","format":"standard","meta":{"footnotes":""},"categories":[26],"tags":[],"class_list":["post-193672","post","type-post","status-publish","format-standard","has-post-thumbnail","hentry","category-internacionales"],"yoast_head":"<!-- This site is optimized with the Yoast SEO plugin v24.4 - https:\/\/yoast.com\/wordpress\/plugins\/seo\/ -->\n<title>Trump arremete contra Merz y profundiza la grieta con Europa por la crisis con Ir\u00e1n - GYS NOTICIAS |<\/title>\n<meta name=\"robots\" content=\"index, follow, max-snippet:-1, max-image-preview:large, max-video-preview:-1\" \/>\n<link rel=\"canonical\" href=\"https:\/\/gysfm.com.ar\/inicio\/trump-arremete-contra-merz-y-profundiza-la-grieta-con-europa-por-la-crisis-con-iran\/\" \/>\n<meta property=\"og:locale\" content=\"es_ES\" \/>\n<meta property=\"og:type\" content=\"article\" \/>\n<meta property=\"og:title\" content=\"Trump arremete contra Merz y profundiza la grieta con Europa por la crisis con Ir\u00e1n - GYS NOTICIAS |\" \/>\n<meta property=\"og:description\" content=\"WASHINGTON.\u2013 La tensi\u00f3n entre Estados Unidos y Alemania sum\u00f3 un nuevo cap\u00edtulo tras un duro cruce p\u00fablico en el que el presidente Donald Trump acus\u00f3 al canciller Friedrich Merz de ignorar el riesgo nuclear de Ir\u00e1n. Esto expuso nuevamente las crecientes diferencias entre Washington y sus aliados europeos en torno al conflicto con Teher\u00e1n. El [&hellip;]\" \/>\n<meta property=\"og:url\" content=\"https:\/\/gysfm.com.ar\/inicio\/trump-arremete-contra-merz-y-profundiza-la-grieta-con-europa-por-la-crisis-con-iran\/\" \/>\n<meta property=\"og:site_name\" content=\"GYS NOTICIAS |\" \/>\n<meta property=\"article:published_time\" content=\"2026-04-29T14:20:46+00:00\" \/>\n<meta property=\"article:modified_time\" content=\"2026-04-29T14:20:47+00:00\" \/>\n<meta property=\"og:image\" content=\"https:\/\/gysfm.com.ar\/inicio\/wp-content\/uploads\/2026\/04\/trump-respondio-con-dureza-a-las-criticas-de-merz-V3WT5QZ2NRCVBDV5HLQFBTFCUI.JPG\" \/>\n\t<meta property=\"og:image:width\" content=\"1200\" \/>\n\t<meta property=\"og:image:height\" content=\"800\" \/>\n\t<meta property=\"og:image:type\" content=\"image\/jpeg\" \/>\n<meta name=\"author\" content=\"Prensa G&amp;S FM\" \/>\n<meta name=\"twitter:card\" content=\"summary_large_image\" \/>\n<meta name=\"twitter:label1\" content=\"Escrito por\" \/>\n\t<meta name=\"twitter:data1\" content=\"Prensa G&amp;S FM\" \/>\n\t<meta name=\"twitter:label2\" content=\"Tiempo de lectura\" \/>\n\t<meta name=\"twitter:data2\" content=\"3 minutos\" \/>\n<script type=\"application\/ld+json\" class=\"yoast-schema-graph\">{\"@context\":\"https:\/\/schema.org\",\"@graph\":[{\"@type\":\"Article\",\"@id\":\"https:\/\/gysfm.com.ar\/inicio\/trump-arremete-contra-merz-y-profundiza-la-grieta-con-europa-por-la-crisis-con-iran\/#article\",\"isPartOf\":{\"@id\":\"https:\/\/gysfm.com.ar\/inicio\/trump-arremete-contra-merz-y-profundiza-la-grieta-con-europa-por-la-crisis-con-iran\/\"},\"author\":{\"name\":\"Prensa G&amp;S FM\",\"@id\":\"https:\/\/gysfm.com.ar\/inicio\/#\/schema\/person\/3abba7593ef2ad19e1be221d54383dc5\"},\"headline\":\"Trump arremete contra Merz y profundiza la grieta con Europa por la crisis con Ir\u00e1n\",\"datePublished\":\"2026-04-29T14:20:46+00:00\",\"dateModified\":\"2026-04-29T14:20:47+00:00\",\"mainEntityOfPage\":{\"@id\":\"https:\/\/gysfm.com.ar\/inicio\/trump-arremete-contra-merz-y-profundiza-la-grieta-con-europa-por-la-crisis-con-iran\/\"},\"wordCount\":584,\"publisher\":{\"@id\":\"https:\/\/gysfm.com.ar\/inicio\/#organization\"},\"image\":{\"@id\":\"https:\/\/gysfm.com.ar\/inicio\/trump-arremete-contra-merz-y-profundiza-la-grieta-con-europa-por-la-crisis-con-iran\/#primaryimage\"},\"thumbnailUrl\":\"https:\/\/gysfm.com.ar\/inicio\/wp-content\/uploads\/2026\/04\/trump-respondio-con-dureza-a-las-criticas-de-merz-V3WT5QZ2NRCVBDV5HLQFBTFCUI.JPG\",\"articleSection\":[\"INTERNACIONALES\"],\"inLanguage\":\"es\"},{\"@type\":\"WebPage\",\"@id\":\"https:\/\/gysfm.com.ar\/inicio\/trump-arremete-contra-merz-y-profundiza-la-grieta-con-europa-por-la-crisis-con-iran\/\",\"url\":\"https:\/\/gysfm.com.ar\/inicio\/trump-arremete-contra-merz-y-profundiza-la-grieta-con-europa-por-la-crisis-con-iran\/\",\"name\":\"Trump arremete contra Merz y profundiza la grieta con Europa por la crisis con Ir\u00e1n - GYS NOTICIAS |\",\"isPartOf\":{\"@id\":\"https:\/\/gysfm.com.ar\/inicio\/#website\"},\"primaryImageOfPage\":{\"@id\":\"https:\/\/gysfm.com.ar\/inicio\/trump-arremete-contra-merz-y-profundiza-la-grieta-con-europa-por-la-crisis-con-iran\/#primaryimage\"},\"image\":{\"@id\":\"https:\/\/gysfm.com.ar\/inicio\/trump-arremete-contra-merz-y-profundiza-la-grieta-con-europa-por-la-crisis-con-iran\/#primaryimage\"},\"thumbnailUrl\":\"https:\/\/gysfm.com.ar\/inicio\/wp-content\/uploads\/2026\/04\/trump-respondio-con-dureza-a-las-criticas-de-merz-V3WT5QZ2NRCVBDV5HLQFBTFCUI.JPG\",\"datePublished\":\"2026-04-29T14:20:46+00:00\",\"dateModified\":\"2026-04-29T14:20:47+00:00\",\"breadcrumb\":{\"@id\":\"https:\/\/gysfm.com.ar\/inicio\/trump-arremete-contra-merz-y-profundiza-la-grieta-con-europa-por-la-crisis-con-iran\/#breadcrumb\"},\"inLanguage\":\"es\",\"potentialAction\":[{\"@type\":\"ReadAction\",\"target\":[\"https:\/\/gysfm.com.ar\/inicio\/trump-arremete-contra-merz-y-profundiza-la-grieta-con-europa-por-la-crisis-con-iran\/\"]}]},{\"@type\":\"ImageObject\",\"inLanguage\":\"es\",\"@id\":\"https:\/\/gysfm.com.ar\/inicio\/trump-arremete-contra-merz-y-profundiza-la-grieta-con-europa-por-la-crisis-con-iran\/#primaryimage\",\"url\":\"https:\/\/gysfm.com.ar\/inicio\/wp-content\/uploads\/2026\/04\/trump-respondio-con-dureza-a-las-criticas-de-merz-V3WT5QZ2NRCVBDV5HLQFBTFCUI.JPG\",\"contentUrl\":\"https:\/\/gysfm.com.ar\/inicio\/wp-content\/uploads\/2026\/04\/trump-respondio-con-dureza-a-las-criticas-de-merz-V3WT5QZ2NRCVBDV5HLQFBTFCUI.JPG\",\"width\":1200,\"height\":800},{\"@type\":\"BreadcrumbList\",\"@id\":\"https:\/\/gysfm.com.ar\/inicio\/trump-arremete-contra-merz-y-profundiza-la-grieta-con-europa-por-la-crisis-con-iran\/#breadcrumb\",\"itemListElement\":[{\"@type\":\"ListItem\",\"position\":1,\"name\":\"Portada\",\"item\":\"https:\/\/gysfm.com.ar\/inicio\/\"},{\"@type\":\"ListItem\",\"position\":2,\"name\":\"Trump arremete contra Merz y profundiza la grieta con Europa por la crisis con Ir\u00e1n\"}]},{\"@type\":\"WebSite\",\"@id\":\"https:\/\/gysfm.com.ar\/inicio\/#website\",\"url\":\"https:\/\/gysfm.com.ar\/inicio\/\",\"name\":\"GYS NOTICIAS |\",\"description\":\"DIARIO - RADIO ONLINE SAN JUAN ARGENTINA\",\"publisher\":{\"@id\":\"https:\/\/gysfm.com.ar\/inicio\/#organization\"},\"potentialAction\":[{\"@type\":\"SearchAction\",\"target\":{\"@type\":\"EntryPoint\",\"urlTemplate\":\"https:\/\/gysfm.com.ar\/inicio\/?s={search_term_string}\"},\"query-input\":{\"@type\":\"PropertyValueSpecification\",\"valueRequired\":true,\"valueName\":\"search_term_string\"}}],\"inLanguage\":\"es\"},{\"@type\":\"Organization\",\"@id\":\"https:\/\/gysfm.com.ar\/inicio\/#organization\",\"name\":\"GYS NOTICIAS |\",\"url\":\"https:\/\/gysfm.com.ar\/inicio\/\",\"logo\":{\"@type\":\"ImageObject\",\"inLanguage\":\"es\",\"@id\":\"https:\/\/gysfm.com.ar\/inicio\/#\/schema\/logo\/image\/\",\"url\":\"https:\/\/gysfm.com.ar\/inicio\/wp-content\/uploads\/2023\/07\/LOGOGYS-OK.png\",\"contentUrl\":\"https:\/\/gysfm.com.ar\/inicio\/wp-content\/uploads\/2023\/07\/LOGOGYS-OK.png\",\"width\":1170,\"height\":872,\"caption\":\"GYS NOTICIAS |\"},\"image\":{\"@id\":\"https:\/\/gysfm.com.ar\/inicio\/#\/schema\/logo\/image\/\"}},{\"@type\":\"Person\",\"@id\":\"https:\/\/gysfm.com.ar\/inicio\/#\/schema\/person\/3abba7593ef2ad19e1be221d54383dc5\",\"name\":\"Prensa G&amp;S FM\",\"image\":{\"@type\":\"ImageObject\",\"inLanguage\":\"es\",\"@id\":\"https:\/\/gysfm.com.ar\/inicio\/#\/schema\/person\/image\/\",\"url\":\"https:\/\/secure.gravatar.com\/avatar\/096ec78df02049ab018702bb4ccedf659377fa92a26540b5247612077a0dbd29?s=96&d=mm&r=g\",\"contentUrl\":\"https:\/\/secure.gravatar.com\/avatar\/096ec78df02049ab018702bb4ccedf659377fa92a26540b5247612077a0dbd29?s=96&d=mm&r=g\",\"caption\":\"Prensa G&amp;S FM\"},\"sameAs\":[\"https:\/\/gysfm.com.ar\/\"],\"url\":\"https:\/\/gysfm.com.ar\/inicio\/author\/lucasm\/\"}]}<\/script>\n<!-- \/ Yoast SEO plugin. -->","yoast_head_json":{"title":"Trump arremete contra Merz y profundiza la grieta con Europa por la crisis con Ir\u00e1n - GYS NOTICIAS |","robots":{"index":"index","follow":"follow","max-snippet":"max-snippet:-1","max-image-preview":"max-image-preview:large","max-video-preview":"max-video-preview:-1"},"canonical":"https:\/\/gysfm.com.ar\/inicio\/trump-arremete-contra-merz-y-profundiza-la-grieta-con-europa-por-la-crisis-con-iran\/","og_locale":"es_ES","og_type":"article","og_title":"Trump arremete contra Merz y profundiza la grieta con Europa por la crisis con Ir\u00e1n - GYS NOTICIAS |","og_description":"WASHINGTON.\u2013 La tensi\u00f3n entre Estados Unidos y Alemania sum\u00f3 un nuevo cap\u00edtulo tras un duro cruce p\u00fablico en el que el presidente Donald Trump acus\u00f3 al canciller Friedrich Merz de ignorar el riesgo nuclear de Ir\u00e1n. Esto expuso nuevamente las crecientes diferencias entre Washington y sus aliados europeos en torno al conflicto con Teher\u00e1n. El [&hellip;]","og_url":"https:\/\/gysfm.com.ar\/inicio\/trump-arremete-contra-merz-y-profundiza-la-grieta-con-europa-por-la-crisis-con-iran\/","og_site_name":"GYS NOTICIAS |","article_published_time":"2026-04-29T14:20:46+00:00","article_modified_time":"2026-04-29T14:20:47+00:00","og_image":[{"width":1200,"height":800,"url":"https:\/\/gysfm.com.ar\/inicio\/wp-content\/uploads\/2026\/04\/trump-respondio-con-dureza-a-las-criticas-de-merz-V3WT5QZ2NRCVBDV5HLQFBTFCUI.JPG","type":"image\/jpeg"}],"author":"Prensa G&amp;S FM","twitter_card":"summary_large_image","twitter_misc":{"Escrito por":"Prensa G&amp;S FM","Tiempo de lectura":"3 minutos"},"schema":{"@context":"https:\/\/schema.org","@graph":[{"@type":"Article","@id":"https:\/\/gysfm.com.ar\/inicio\/trump-arremete-contra-merz-y-profundiza-la-grieta-con-europa-por-la-crisis-con-iran\/#article","isPartOf":{"@id":"https:\/\/gysfm.com.ar\/inicio\/trump-arremete-contra-merz-y-profundiza-la-grieta-con-europa-por-la-crisis-con-iran\/"},"author":{"name":"Prensa G&amp;S FM","@id":"https:\/\/gysfm.com.ar\/inicio\/#\/schema\/person\/3abba7593ef2ad19e1be221d54383dc5"},"headline":"Trump arremete contra Merz y profundiza la grieta con Europa por la crisis con Ir\u00e1n","datePublished":"2026-04-29T14:20:46+00:00","dateModified":"2026-04-29T14:20:47+00:00","mainEntityOfPage":{"@id":"https:\/\/gysfm.com.ar\/inicio\/trump-arremete-contra-merz-y-profundiza-la-grieta-con-europa-por-la-crisis-con-iran\/"},"wordCount":584,"publisher":{"@id":"https:\/\/gysfm.com.ar\/inicio\/#organization"},"image":{"@id":"https:\/\/gysfm.com.ar\/inicio\/trump-arremete-contra-merz-y-profundiza-la-grieta-con-europa-por-la-crisis-con-iran\/#primaryimage"},"thumbnailUrl":"https:\/\/gysfm.com.ar\/inicio\/wp-content\/uploads\/2026\/04\/trump-respondio-con-dureza-a-las-criticas-de-merz-V3WT5QZ2NRCVBDV5HLQFBTFCUI.JPG","articleSection":["INTERNACIONALES"],"inLanguage":"es"},{"@type":"WebPage","@id":"https:\/\/gysfm.com.ar\/inicio\/trump-arremete-contra-merz-y-profundiza-la-grieta-con-europa-por-la-crisis-con-iran\/","url":"https:\/\/gysfm.com.ar\/inicio\/trump-arremete-contra-merz-y-profundiza-la-grieta-con-europa-por-la-crisis-con-iran\/","name":"Trump arremete contra Merz y profundiza la grieta con Europa por la crisis con Ir\u00e1n - GYS NOTICIAS |","isPartOf":{"@id":"https:\/\/gysfm.com.ar\/inicio\/#website"},"primaryImageOfPage":{"@id":"https:\/\/gysfm.com.ar\/inicio\/trump-arremete-contra-merz-y-profundiza-la-grieta-con-europa-por-la-crisis-con-iran\/#primaryimage"},"image":{"@id":"https:\/\/gysfm.com.ar\/inicio\/trump-arremete-contra-merz-y-profundiza-la-grieta-con-europa-por-la-crisis-con-iran\/#primaryimage"},"thumbnailUrl":"https:\/\/gysfm.com.ar\/inicio\/wp-content\/uploads\/2026\/04\/trump-respondio-con-dureza-a-las-criticas-de-merz-V3WT5QZ2NRCVBDV5HLQFBTFCUI.JPG","datePublished":"2026-04-29T14:20:46+00:00","dateModified":"2026-04-29T14:20:47+00:00","breadcrumb":{"@id":"https:\/\/gysfm.com.ar\/inicio\/trump-arremete-contra-merz-y-profundiza-la-grieta-con-europa-por-la-crisis-con-iran\/#breadcrumb"},"inLanguage":"es","potentialAction":[{"@type":"ReadAction","target":["https:\/\/gysfm.com.ar\/inicio\/trump-arremete-contra-merz-y-profundiza-la-grieta-con-europa-por-la-crisis-con-iran\/"]}]},{"@type":"ImageObject","inLanguage":"es","@id":"https:\/\/gysfm.com.ar\/inicio\/trump-arremete-contra-merz-y-profundiza-la-grieta-con-europa-por-la-crisis-con-iran\/#primaryimage","url":"https:\/\/gysfm.com.ar\/inicio\/wp-content\/uploads\/2026\/04\/trump-respondio-con-dureza-a-las-criticas-de-merz-V3WT5QZ2NRCVBDV5HLQFBTFCUI.JPG","contentUrl":"https:\/\/gysfm.com.ar\/inicio\/wp-content\/uploads\/2026\/04\/trump-respondio-con-dureza-a-las-criticas-de-merz-V3WT5QZ2NRCVBDV5HLQFBTFCUI.JPG","width":1200,"height":800},{"@type":"BreadcrumbList","@id":"https:\/\/gysfm.com.ar\/inicio\/trump-arremete-contra-merz-y-profundiza-la-grieta-con-europa-por-la-crisis-con-iran\/#breadcrumb","itemListElement":[{"@type":"ListItem","position":1,"name":"Portada","item":"https:\/\/gysfm.com.ar\/inicio\/"},{"@type":"ListItem","position":2,"name":"Trump arremete contra Merz y profundiza la grieta con Europa por la crisis con Ir\u00e1n"}]},{"@type":"WebSite","@id":"https:\/\/gysfm.com.ar\/inicio\/#website","url":"https:\/\/gysfm.com.ar\/inicio\/","name":"GYS NOTICIAS |","description":"DIARIO - RADIO ONLINE SAN JUAN ARGENTINA","publisher":{"@id":"https:\/\/gysfm.com.ar\/inicio\/#organization"},"potentialAction":[{"@type":"SearchAction","target":{"@type":"EntryPoint","urlTemplate":"https:\/\/gysfm.com.ar\/inicio\/?s={search_term_string}"},"query-input":{"@type":"PropertyValueSpecification","valueRequired":true,"valueName":"search_term_string"}}],"inLanguage":"es"},{"@type":"Organization","@id":"https:\/\/gysfm.com.ar\/inicio\/#organization","name":"GYS NOTICIAS |","url":"https:\/\/gysfm.com.ar\/inicio\/","logo":{"@type":"ImageObject","inLanguage":"es","@id":"https:\/\/gysfm.com.ar\/inicio\/#\/schema\/logo\/image\/","url":"https:\/\/gysfm.com.ar\/inicio\/wp-content\/uploads\/2023\/07\/LOGOGYS-OK.png","contentUrl":"https:\/\/gysfm.com.ar\/inicio\/wp-content\/uploads\/2023\/07\/LOGOGYS-OK.png","width":1170,"height":872,"caption":"GYS NOTICIAS |"},"image":{"@id":"https:\/\/gysfm.com.ar\/inicio\/#\/schema\/logo\/image\/"}},{"@type":"Person","@id":"https:\/\/gysfm.com.ar\/inicio\/#\/schema\/person\/3abba7593ef2ad19e1be221d54383dc5","name":"Prensa G&amp;S FM","image":{"@type":"ImageObject","inLanguage":"es","@id":"https:\/\/gysfm.com.ar\/inicio\/#\/schema\/person\/image\/","url":"https:\/\/secure.gravatar.com\/avatar\/096ec78df02049ab018702bb4ccedf659377fa92a26540b5247612077a0dbd29?s=96&d=mm&r=g","contentUrl":"https:\/\/secure.gravatar.com\/avatar\/096ec78df02049ab018702bb4ccedf659377fa92a26540b5247612077a0dbd29?s=96&d=mm&r=g","caption":"Prensa G&amp;S FM"},"sameAs":["https:\/\/gysfm.com.ar\/"],"url":"https:\/\/gysfm.com.ar\/inicio\/author\/lucasm\/"}]}},"_links":{"self":[{"href":"https:\/\/gysfm.com.ar\/inicio\/wp-json\/wp\/v2\/posts\/193672","targetHints":{"allow":["GET"]}}],"collection":[{"href":"https:\/\/gysfm.com.ar\/inicio\/wp-json\/wp\/v2\/posts"}],"about":[{"href":"https:\/\/gysfm.com.ar\/inicio\/wp-json\/wp\/v2\/types\/post"}],"author":[{"embeddable":true,"href":"https:\/\/gysfm.com.ar\/inicio\/wp-json\/wp\/v2\/users\/2"}],"replies":[{"embeddable":true,"href":"https:\/\/gysfm.com.ar\/inicio\/wp-json\/wp\/v2\/comments?post=193672"}],"version-history":[{"count":1,"href":"https:\/\/gysfm.com.ar\/inicio\/wp-json\/wp\/v2\/posts\/193672\/revisions"}],"predecessor-version":[{"id":193674,"href":"https:\/\/gysfm.com.ar\/inicio\/wp-json\/wp\/v2\/posts\/193672\/revisions\/193674"}],"wp:featuredmedia":[{"embeddable":true,"href":"https:\/\/gysfm.com.ar\/inicio\/wp-json\/wp\/v2\/media\/193673"}],"wp:attachment":[{"href":"https:\/\/gysfm.com.ar\/inicio\/wp-json\/wp\/v2\/media?parent=193672"}],"wp:term":[{"taxonomy":"category","embeddable":true,"href":"https:\/\/gysfm.com.ar\/inicio\/wp-json\/wp\/v2\/categories?post=193672"},{"taxonomy":"post_tag","embeddable":true,"href":"https:\/\/gysfm.com.ar\/inicio\/wp-json\/wp\/v2\/tags?post=193672"}],"curies":[{"name":"wp","href":"https:\/\/api.w.org\/{rel}","templated":true}]}}