{"id":193668,"date":"2026-04-29T10:56:51","date_gmt":"2026-04-29T13:56:51","guid":{"rendered":"https:\/\/gysfm.com.ar\/inicio\/adornipalooza-las-8-pulseras-para-controlar-el-acceso-a-la-sesion-informativa-del-jefe-de-gabinete-en-el-congreso\/"},"modified":"2026-04-29T10:56:51","modified_gmt":"2026-04-29T13:56:51","slug":"adornipalooza-las-8-pulseras-para-controlar-el-acceso-a-la-sesion-informativa-del-jefe-de-gabinete-en-el-congreso","status":"publish","type":"post","link":"https:\/\/gysfm.com.ar\/inicio\/adornipalooza-las-8-pulseras-para-controlar-el-acceso-a-la-sesion-informativa-del-jefe-de-gabinete-en-el-congreso\/","title":{"rendered":"\u201cAdornipalooza\u201d: las 8 pulseras para controlar el acceso a la sesi\u00f3n informativa del jefe de Gabinete en el Congreso"},"content":{"rendered":"<p><\/p>\n<div id=\"article-content\">\n<p>Un sofisticado operativo de seguridad se puso en marcha en el Congreso. El sistema, <strong>dise\u00f1ado para la sesi\u00f3n informativa del jefe de Gabinete<\/strong>, <a target=\"_blank\" href=\"https:\/\/www.perfil.com\/noticias\/politica\/el-departamento-de-manuel-adorni-en-parque-chacabuco-caracteristicas-venta-y-vida-cotidiana-en-asamblea-1132-modof.phtml\"><strong>Manuel Adorni<\/strong><\/a>, consiste en el uso de<strong> 8 pulseras de colores y acreditaciones diferenciadas <\/strong>que controlan el acceso y cada movimiento dentro del recinto. <\/p>\n<p style=\"text-align:center\"><picture><source media=\"(max-width: 440px)\" srcset=\"https:\/\/fotos.perfil.com\/\/2026\/04\/29\/440\/0\/x-esteban-paulon-29042026-2229975.jpg?webp\"\/><source media=\"(max-width: 1019px)\" srcset=\"https:\/\/fotos.perfil.com\/\/2026\/04\/29\/712\/0\/x-esteban-paulon-29042026-2229975.jpg?webp\"\/><img decoding=\"async\" style=\"max-width: 100%; width: 100%;\" alt=\"X Esteban Paul\u00f3n 29042026\" src=\"https:\/\/fotos.perfil.com\/\/2026\/04\/29\/900\/0\/x-esteban-paulon-29042026-2229975.jpg?webp\" loading=\"lazy\"\/><\/picture><\/p>\n<p>Se espera que el jefe de Gabinete inicie la sesi\u00f3n este mi\u00e9rcoles 29 de abril a las 10:30<strong>, para presentar el informe de gesti\u00f3<\/strong>n y luego responder a las preguntas de los legisladores de diferentes partidos pol\u00edticos. Se esperan m\u00e1s de 100 asistentes y est\u00e1 confirmada la presencia del presidente <strong>Javier Milei<\/strong>, quien tendr\u00e1 una<strong> pulsera dorada<\/strong>. <\/p>\n<div class=\"subscription\">\n<p>\n        Esto no les gusta a los autoritarios\n    <\/p>\n<div class=\"subscription__container\">\n<div class=\"subscription__text-wrapper\">\n<p>\n                El ejercicio del periodismo profesional y cr\u00edtico es un pilar fundamental de la democracia. Por eso molesta a quienes creen ser los due\u00f1os de la verdad.\n            <\/p>\n<\/p><\/div><\/div>\n<\/div>\n<h2>Qu\u00e9 significa cada color de las pulseras<\/h2>\n<p>La <strong>pulsera dorada, que llevar\u00e1 el presidente Mil<\/strong>ei, ser\u00e1 para acceder al primer piso donde se encuentra la Galer\u00eda Reservada; la<strong> violeta<\/strong> es para ingresar a la Primera Bandeja en el segundo piso; con la pulsera<strong> blanca <\/strong>se accede a Bandeja y Pasos Perdidos.<\/p>\n<p>La pulsera de color<strong> amarillo<\/strong> da acceso a Galer\u00eda Reservada y Pasos Perdidos; la<strong> roj<\/strong>a a Pasos Perdidos; la <strong>celeste<\/strong> al Bastonero, Sal\u00f3n de Honor, Recinto y Sal\u00f3n Delia Parodi, con la color <strong>gris<\/strong> al Sal\u00f3n Delia Parodi y Recinto y con la color <strong>fucsia<\/strong> solo al Sal\u00f3n Delia Parodi. <\/p>\n<p class=\"destacadoNota\"><a target=\"_blank\" href=\"https:\/\/www.perfil.com\/noticias\/judiciales\/la-justicia-descubrio-que-la-esposa-de-manuel-adorni-gasto-6000-dolares-en-efectivo-en-espana.phtml\">La Justicia descubri\u00f3 que la esposa de Manuel Adorni gast\u00f3 6000 d\u00f3lares en efectivo en Espa\u00f1a<\/a><\/p>\n<p>Este esquema de<strong> \u00abaccesos selectivos\u00bb <\/strong>busca restringir la libre circulaci\u00f3n por los pasillos de la sede legislativa, permitiendo que solo el personal con el precinto correspondiente acceda a zonas espec\u00edficas. La medida fue recibida con malestar por los trabajadores de prensa, por la creciente dificultad para realizar coberturas de forma directa y sin filtros oficiales.<\/p>\n<p>LT\/ff<\/p>\n<\/p><\/div>\n<p><script>\n                !function(f,b,e,v,n,t,s)\n                {if(f.fbq)return;n=f.fbq=function(){n.callMethod?\n                    n.callMethod.apply(n,arguments):n.queue.push(arguments)};\n                    if(!f._fbq)f._fbq=n;n.push=n;n.loaded=!0;n.version='2.0';\n                    n.queue=[];t=b.createElement(e);t.async=!0;\n                    t.src=v;s=b.getElementsByTagName(e)[0];\n                    s.parentNode.insertBefore(t,s)}(window, document,'script',\n                    'https:\/\/connect.facebook.net\/en_US\/fbevents.js');\n                window.paywallConfig.facebook_pixel=\"1000228364089342\"\n            <\/script><\/p>\n","protected":false},"excerpt":{"rendered":"<p>Un sofisticado operativo de seguridad se puso en marcha en el Congreso. El sistema, dise\u00f1ado para la sesi\u00f3n informativa del jefe de Gabinete, Manuel Adorni, consiste en el uso de 8 pulseras de colores y acreditaciones diferenciadas que controlan el acceso y cada movimiento dentro del recinto. Se espera que el jefe de Gabinete inicie [&hellip;]<\/p>\n","protected":false},"author":2,"featured_media":193669,"comment_status":"closed","ping_status":"closed","sticky":false,"template":"","format":"standard","meta":{"footnotes":""},"categories":[25],"tags":[],"class_list":["post-193668","post","type-post","status-publish","format-standard","has-post-thumbnail","hentry","category-nacionales"],"yoast_head":"<!-- This site is optimized with the Yoast SEO plugin v24.4 - https:\/\/yoast.com\/wordpress\/plugins\/seo\/ -->\n<title>\u201cAdornipalooza\u201d: las 8 pulseras para controlar el acceso a la sesi\u00f3n informativa del jefe de Gabinete en el Congreso - GYS NOTICIAS |<\/title>\n<meta name=\"robots\" content=\"index, follow, max-snippet:-1, max-image-preview:large, max-video-preview:-1\" \/>\n<link rel=\"canonical\" href=\"https:\/\/gysfm.com.ar\/inicio\/adornipalooza-las-8-pulseras-para-controlar-el-acceso-a-la-sesion-informativa-del-jefe-de-gabinete-en-el-congreso\/\" \/>\n<meta property=\"og:locale\" content=\"es_ES\" \/>\n<meta property=\"og:type\" content=\"article\" \/>\n<meta property=\"og:title\" content=\"\u201cAdornipalooza\u201d: las 8 pulseras para controlar el acceso a la sesi\u00f3n informativa del jefe de Gabinete en el Congreso - GYS NOTICIAS |\" \/>\n<meta property=\"og:description\" content=\"Un sofisticado operativo de seguridad se puso en marcha en el Congreso. El sistema, dise\u00f1ado para la sesi\u00f3n informativa del jefe de Gabinete, Manuel Adorni, consiste en el uso de 8 pulseras de colores y acreditaciones diferenciadas que controlan el acceso y cada movimiento dentro del recinto. Se espera que el jefe de Gabinete inicie [&hellip;]\" \/>\n<meta property=\"og:url\" content=\"https:\/\/gysfm.com.ar\/inicio\/adornipalooza-las-8-pulseras-para-controlar-el-acceso-a-la-sesion-informativa-del-jefe-de-gabinete-en-el-congreso\/\" \/>\n<meta property=\"og:site_name\" content=\"GYS NOTICIAS |\" \/>\n<meta property=\"article:published_time\" content=\"2026-04-29T13:56:51+00:00\" \/>\n<meta property=\"og:image\" content=\"https:\/\/fotos.perfil.com\/\/2026\/04\/29\/900\/0\/x-esteban-paulon-29042026-2229975.jpg?webp\" \/>\n<meta name=\"author\" content=\"Prensa G&amp;S FM\" \/>\n<meta name=\"twitter:card\" content=\"summary_large_image\" \/>\n<meta name=\"twitter:label1\" content=\"Escrito por\" \/>\n\t<meta name=\"twitter:data1\" content=\"Prensa G&amp;S FM\" \/>\n\t<meta name=\"twitter:label2\" content=\"Tiempo de lectura\" \/>\n\t<meta name=\"twitter:data2\" content=\"2 minutos\" \/>\n<script type=\"application\/ld+json\" class=\"yoast-schema-graph\">{\"@context\":\"https:\/\/schema.org\",\"@graph\":[{\"@type\":\"Article\",\"@id\":\"https:\/\/gysfm.com.ar\/inicio\/adornipalooza-las-8-pulseras-para-controlar-el-acceso-a-la-sesion-informativa-del-jefe-de-gabinete-en-el-congreso\/#article\",\"isPartOf\":{\"@id\":\"https:\/\/gysfm.com.ar\/inicio\/adornipalooza-las-8-pulseras-para-controlar-el-acceso-a-la-sesion-informativa-del-jefe-de-gabinete-en-el-congreso\/\"},\"author\":{\"name\":\"Prensa G&amp;S FM\",\"@id\":\"https:\/\/gysfm.com.ar\/inicio\/#\/schema\/person\/3abba7593ef2ad19e1be221d54383dc5\"},\"headline\":\"\u201cAdornipalooza\u201d: las 8 pulseras para controlar el acceso a la sesi\u00f3n informativa del jefe de Gabinete en el Congreso\",\"datePublished\":\"2026-04-29T13:56:51+00:00\",\"mainEntityOfPage\":{\"@id\":\"https:\/\/gysfm.com.ar\/inicio\/adornipalooza-las-8-pulseras-para-controlar-el-acceso-a-la-sesion-informativa-del-jefe-de-gabinete-en-el-congreso\/\"},\"wordCount\":344,\"publisher\":{\"@id\":\"https:\/\/gysfm.com.ar\/inicio\/#organization\"},\"image\":{\"@id\":\"https:\/\/gysfm.com.ar\/inicio\/adornipalooza-las-8-pulseras-para-controlar-el-acceso-a-la-sesion-informativa-del-jefe-de-gabinete-en-el-congreso\/#primaryimage\"},\"thumbnailUrl\":\"https:\/\/gysfm.com.ar\/inicio\/wp-content\/uploads\/2026\/04\/adorni-congreso-pulseras-2229974.jpg\",\"articleSection\":[\"NACIONALES\"],\"inLanguage\":\"es\"},{\"@type\":\"WebPage\",\"@id\":\"https:\/\/gysfm.com.ar\/inicio\/adornipalooza-las-8-pulseras-para-controlar-el-acceso-a-la-sesion-informativa-del-jefe-de-gabinete-en-el-congreso\/\",\"url\":\"https:\/\/gysfm.com.ar\/inicio\/adornipalooza-las-8-pulseras-para-controlar-el-acceso-a-la-sesion-informativa-del-jefe-de-gabinete-en-el-congreso\/\",\"name\":\"\u201cAdornipalooza\u201d: las 8 pulseras para controlar el acceso a la sesi\u00f3n informativa del jefe de Gabinete en el Congreso - GYS NOTICIAS |\",\"isPartOf\":{\"@id\":\"https:\/\/gysfm.com.ar\/inicio\/#website\"},\"primaryImageOfPage\":{\"@id\":\"https:\/\/gysfm.com.ar\/inicio\/adornipalooza-las-8-pulseras-para-controlar-el-acceso-a-la-sesion-informativa-del-jefe-de-gabinete-en-el-congreso\/#primaryimage\"},\"image\":{\"@id\":\"https:\/\/gysfm.com.ar\/inicio\/adornipalooza-las-8-pulseras-para-controlar-el-acceso-a-la-sesion-informativa-del-jefe-de-gabinete-en-el-congreso\/#primaryimage\"},\"thumbnailUrl\":\"https:\/\/gysfm.com.ar\/inicio\/wp-content\/uploads\/2026\/04\/adorni-congreso-pulseras-2229974.jpg\",\"datePublished\":\"2026-04-29T13:56:51+00:00\",\"breadcrumb\":{\"@id\":\"https:\/\/gysfm.com.ar\/inicio\/adornipalooza-las-8-pulseras-para-controlar-el-acceso-a-la-sesion-informativa-del-jefe-de-gabinete-en-el-congreso\/#breadcrumb\"},\"inLanguage\":\"es\",\"potentialAction\":[{\"@type\":\"ReadAction\",\"target\":[\"https:\/\/gysfm.com.ar\/inicio\/adornipalooza-las-8-pulseras-para-controlar-el-acceso-a-la-sesion-informativa-del-jefe-de-gabinete-en-el-congreso\/\"]}]},{\"@type\":\"ImageObject\",\"inLanguage\":\"es\",\"@id\":\"https:\/\/gysfm.com.ar\/inicio\/adornipalooza-las-8-pulseras-para-controlar-el-acceso-a-la-sesion-informativa-del-jefe-de-gabinete-en-el-congreso\/#primaryimage\",\"url\":\"https:\/\/gysfm.com.ar\/inicio\/wp-content\/uploads\/2026\/04\/adorni-congreso-pulseras-2229974.jpg\",\"contentUrl\":\"https:\/\/gysfm.com.ar\/inicio\/wp-content\/uploads\/2026\/04\/adorni-congreso-pulseras-2229974.jpg\",\"width\":1140,\"height\":641},{\"@type\":\"BreadcrumbList\",\"@id\":\"https:\/\/gysfm.com.ar\/inicio\/adornipalooza-las-8-pulseras-para-controlar-el-acceso-a-la-sesion-informativa-del-jefe-de-gabinete-en-el-congreso\/#breadcrumb\",\"itemListElement\":[{\"@type\":\"ListItem\",\"position\":1,\"name\":\"Portada\",\"item\":\"https:\/\/gysfm.com.ar\/inicio\/\"},{\"@type\":\"ListItem\",\"position\":2,\"name\":\"\u201cAdornipalooza\u201d: las 8 pulseras para controlar el acceso a la sesi\u00f3n informativa del jefe de Gabinete en el Congreso\"}]},{\"@type\":\"WebSite\",\"@id\":\"https:\/\/gysfm.com.ar\/inicio\/#website\",\"url\":\"https:\/\/gysfm.com.ar\/inicio\/\",\"name\":\"GYS NOTICIAS |\",\"description\":\"DIARIO - RADIO ONLINE SAN JUAN ARGENTINA\",\"publisher\":{\"@id\":\"https:\/\/gysfm.com.ar\/inicio\/#organization\"},\"potentialAction\":[{\"@type\":\"SearchAction\",\"target\":{\"@type\":\"EntryPoint\",\"urlTemplate\":\"https:\/\/gysfm.com.ar\/inicio\/?s={search_term_string}\"},\"query-input\":{\"@type\":\"PropertyValueSpecification\",\"valueRequired\":true,\"valueName\":\"search_term_string\"}}],\"inLanguage\":\"es\"},{\"@type\":\"Organization\",\"@id\":\"https:\/\/gysfm.com.ar\/inicio\/#organization\",\"name\":\"GYS NOTICIAS |\",\"url\":\"https:\/\/gysfm.com.ar\/inicio\/\",\"logo\":{\"@type\":\"ImageObject\",\"inLanguage\":\"es\",\"@id\":\"https:\/\/gysfm.com.ar\/inicio\/#\/schema\/logo\/image\/\",\"url\":\"https:\/\/gysfm.com.ar\/inicio\/wp-content\/uploads\/2023\/07\/LOGOGYS-OK.png\",\"contentUrl\":\"https:\/\/gysfm.com.ar\/inicio\/wp-content\/uploads\/2023\/07\/LOGOGYS-OK.png\",\"width\":1170,\"height\":872,\"caption\":\"GYS NOTICIAS |\"},\"image\":{\"@id\":\"https:\/\/gysfm.com.ar\/inicio\/#\/schema\/logo\/image\/\"}},{\"@type\":\"Person\",\"@id\":\"https:\/\/gysfm.com.ar\/inicio\/#\/schema\/person\/3abba7593ef2ad19e1be221d54383dc5\",\"name\":\"Prensa G&amp;S FM\",\"image\":{\"@type\":\"ImageObject\",\"inLanguage\":\"es\",\"@id\":\"https:\/\/gysfm.com.ar\/inicio\/#\/schema\/person\/image\/\",\"url\":\"https:\/\/secure.gravatar.com\/avatar\/096ec78df02049ab018702bb4ccedf659377fa92a26540b5247612077a0dbd29?s=96&d=mm&r=g\",\"contentUrl\":\"https:\/\/secure.gravatar.com\/avatar\/096ec78df02049ab018702bb4ccedf659377fa92a26540b5247612077a0dbd29?s=96&d=mm&r=g\",\"caption\":\"Prensa G&amp;S FM\"},\"sameAs\":[\"https:\/\/gysfm.com.ar\/\"],\"url\":\"https:\/\/gysfm.com.ar\/inicio\/author\/lucasm\/\"}]}<\/script>\n<!-- \/ Yoast SEO plugin. -->","yoast_head_json":{"title":"\u201cAdornipalooza\u201d: las 8 pulseras para controlar el acceso a la sesi\u00f3n informativa del jefe de Gabinete en el Congreso - GYS NOTICIAS |","robots":{"index":"index","follow":"follow","max-snippet":"max-snippet:-1","max-image-preview":"max-image-preview:large","max-video-preview":"max-video-preview:-1"},"canonical":"https:\/\/gysfm.com.ar\/inicio\/adornipalooza-las-8-pulseras-para-controlar-el-acceso-a-la-sesion-informativa-del-jefe-de-gabinete-en-el-congreso\/","og_locale":"es_ES","og_type":"article","og_title":"\u201cAdornipalooza\u201d: las 8 pulseras para controlar el acceso a la sesi\u00f3n informativa del jefe de Gabinete en el Congreso - GYS NOTICIAS |","og_description":"Un sofisticado operativo de seguridad se puso en marcha en el Congreso. El sistema, dise\u00f1ado para la sesi\u00f3n informativa del jefe de Gabinete, Manuel Adorni, consiste en el uso de 8 pulseras de colores y acreditaciones diferenciadas que controlan el acceso y cada movimiento dentro del recinto. Se espera que el jefe de Gabinete inicie [&hellip;]","og_url":"https:\/\/gysfm.com.ar\/inicio\/adornipalooza-las-8-pulseras-para-controlar-el-acceso-a-la-sesion-informativa-del-jefe-de-gabinete-en-el-congreso\/","og_site_name":"GYS NOTICIAS |","article_published_time":"2026-04-29T13:56:51+00:00","og_image":[{"url":"https:\/\/fotos.perfil.com\/\/2026\/04\/29\/900\/0\/x-esteban-paulon-29042026-2229975.jpg?webp","type":"","width":"","height":""}],"author":"Prensa G&amp;S FM","twitter_card":"summary_large_image","twitter_misc":{"Escrito por":"Prensa G&amp;S FM","Tiempo de lectura":"2 minutos"},"schema":{"@context":"https:\/\/schema.org","@graph":[{"@type":"Article","@id":"https:\/\/gysfm.com.ar\/inicio\/adornipalooza-las-8-pulseras-para-controlar-el-acceso-a-la-sesion-informativa-del-jefe-de-gabinete-en-el-congreso\/#article","isPartOf":{"@id":"https:\/\/gysfm.com.ar\/inicio\/adornipalooza-las-8-pulseras-para-controlar-el-acceso-a-la-sesion-informativa-del-jefe-de-gabinete-en-el-congreso\/"},"author":{"name":"Prensa G&amp;S FM","@id":"https:\/\/gysfm.com.ar\/inicio\/#\/schema\/person\/3abba7593ef2ad19e1be221d54383dc5"},"headline":"\u201cAdornipalooza\u201d: las 8 pulseras para controlar el acceso a la sesi\u00f3n informativa del jefe de Gabinete en el Congreso","datePublished":"2026-04-29T13:56:51+00:00","mainEntityOfPage":{"@id":"https:\/\/gysfm.com.ar\/inicio\/adornipalooza-las-8-pulseras-para-controlar-el-acceso-a-la-sesion-informativa-del-jefe-de-gabinete-en-el-congreso\/"},"wordCount":344,"publisher":{"@id":"https:\/\/gysfm.com.ar\/inicio\/#organization"},"image":{"@id":"https:\/\/gysfm.com.ar\/inicio\/adornipalooza-las-8-pulseras-para-controlar-el-acceso-a-la-sesion-informativa-del-jefe-de-gabinete-en-el-congreso\/#primaryimage"},"thumbnailUrl":"https:\/\/gysfm.com.ar\/inicio\/wp-content\/uploads\/2026\/04\/adorni-congreso-pulseras-2229974.jpg","articleSection":["NACIONALES"],"inLanguage":"es"},{"@type":"WebPage","@id":"https:\/\/gysfm.com.ar\/inicio\/adornipalooza-las-8-pulseras-para-controlar-el-acceso-a-la-sesion-informativa-del-jefe-de-gabinete-en-el-congreso\/","url":"https:\/\/gysfm.com.ar\/inicio\/adornipalooza-las-8-pulseras-para-controlar-el-acceso-a-la-sesion-informativa-del-jefe-de-gabinete-en-el-congreso\/","name":"\u201cAdornipalooza\u201d: las 8 pulseras para controlar el acceso a la sesi\u00f3n informativa del jefe de Gabinete en el Congreso - GYS NOTICIAS |","isPartOf":{"@id":"https:\/\/gysfm.com.ar\/inicio\/#website"},"primaryImageOfPage":{"@id":"https:\/\/gysfm.com.ar\/inicio\/adornipalooza-las-8-pulseras-para-controlar-el-acceso-a-la-sesion-informativa-del-jefe-de-gabinete-en-el-congreso\/#primaryimage"},"image":{"@id":"https:\/\/gysfm.com.ar\/inicio\/adornipalooza-las-8-pulseras-para-controlar-el-acceso-a-la-sesion-informativa-del-jefe-de-gabinete-en-el-congreso\/#primaryimage"},"thumbnailUrl":"https:\/\/gysfm.com.ar\/inicio\/wp-content\/uploads\/2026\/04\/adorni-congreso-pulseras-2229974.jpg","datePublished":"2026-04-29T13:56:51+00:00","breadcrumb":{"@id":"https:\/\/gysfm.com.ar\/inicio\/adornipalooza-las-8-pulseras-para-controlar-el-acceso-a-la-sesion-informativa-del-jefe-de-gabinete-en-el-congreso\/#breadcrumb"},"inLanguage":"es","potentialAction":[{"@type":"ReadAction","target":["https:\/\/gysfm.com.ar\/inicio\/adornipalooza-las-8-pulseras-para-controlar-el-acceso-a-la-sesion-informativa-del-jefe-de-gabinete-en-el-congreso\/"]}]},{"@type":"ImageObject","inLanguage":"es","@id":"https:\/\/gysfm.com.ar\/inicio\/adornipalooza-las-8-pulseras-para-controlar-el-acceso-a-la-sesion-informativa-del-jefe-de-gabinete-en-el-congreso\/#primaryimage","url":"https:\/\/gysfm.com.ar\/inicio\/wp-content\/uploads\/2026\/04\/adorni-congreso-pulseras-2229974.jpg","contentUrl":"https:\/\/gysfm.com.ar\/inicio\/wp-content\/uploads\/2026\/04\/adorni-congreso-pulseras-2229974.jpg","width":1140,"height":641},{"@type":"BreadcrumbList","@id":"https:\/\/gysfm.com.ar\/inicio\/adornipalooza-las-8-pulseras-para-controlar-el-acceso-a-la-sesion-informativa-del-jefe-de-gabinete-en-el-congreso\/#breadcrumb","itemListElement":[{"@type":"ListItem","position":1,"name":"Portada","item":"https:\/\/gysfm.com.ar\/inicio\/"},{"@type":"ListItem","position":2,"name":"\u201cAdornipalooza\u201d: las 8 pulseras para controlar el acceso a la sesi\u00f3n informativa del jefe de Gabinete en el Congreso"}]},{"@type":"WebSite","@id":"https:\/\/gysfm.com.ar\/inicio\/#website","url":"https:\/\/gysfm.com.ar\/inicio\/","name":"GYS NOTICIAS |","description":"DIARIO - RADIO ONLINE SAN JUAN ARGENTINA","publisher":{"@id":"https:\/\/gysfm.com.ar\/inicio\/#organization"},"potentialAction":[{"@type":"SearchAction","target":{"@type":"EntryPoint","urlTemplate":"https:\/\/gysfm.com.ar\/inicio\/?s={search_term_string}"},"query-input":{"@type":"PropertyValueSpecification","valueRequired":true,"valueName":"search_term_string"}}],"inLanguage":"es"},{"@type":"Organization","@id":"https:\/\/gysfm.com.ar\/inicio\/#organization","name":"GYS NOTICIAS |","url":"https:\/\/gysfm.com.ar\/inicio\/","logo":{"@type":"ImageObject","inLanguage":"es","@id":"https:\/\/gysfm.com.ar\/inicio\/#\/schema\/logo\/image\/","url":"https:\/\/gysfm.com.ar\/inicio\/wp-content\/uploads\/2023\/07\/LOGOGYS-OK.png","contentUrl":"https:\/\/gysfm.com.ar\/inicio\/wp-content\/uploads\/2023\/07\/LOGOGYS-OK.png","width":1170,"height":872,"caption":"GYS NOTICIAS |"},"image":{"@id":"https:\/\/gysfm.com.ar\/inicio\/#\/schema\/logo\/image\/"}},{"@type":"Person","@id":"https:\/\/gysfm.com.ar\/inicio\/#\/schema\/person\/3abba7593ef2ad19e1be221d54383dc5","name":"Prensa G&amp;S FM","image":{"@type":"ImageObject","inLanguage":"es","@id":"https:\/\/gysfm.com.ar\/inicio\/#\/schema\/person\/image\/","url":"https:\/\/secure.gravatar.com\/avatar\/096ec78df02049ab018702bb4ccedf659377fa92a26540b5247612077a0dbd29?s=96&d=mm&r=g","contentUrl":"https:\/\/secure.gravatar.com\/avatar\/096ec78df02049ab018702bb4ccedf659377fa92a26540b5247612077a0dbd29?s=96&d=mm&r=g","caption":"Prensa G&amp;S FM"},"sameAs":["https:\/\/gysfm.com.ar\/"],"url":"https:\/\/gysfm.com.ar\/inicio\/author\/lucasm\/"}]}},"_links":{"self":[{"href":"https:\/\/gysfm.com.ar\/inicio\/wp-json\/wp\/v2\/posts\/193668","targetHints":{"allow":["GET"]}}],"collection":[{"href":"https:\/\/gysfm.com.ar\/inicio\/wp-json\/wp\/v2\/posts"}],"about":[{"href":"https:\/\/gysfm.com.ar\/inicio\/wp-json\/wp\/v2\/types\/post"}],"author":[{"embeddable":true,"href":"https:\/\/gysfm.com.ar\/inicio\/wp-json\/wp\/v2\/users\/2"}],"replies":[{"embeddable":true,"href":"https:\/\/gysfm.com.ar\/inicio\/wp-json\/wp\/v2\/comments?post=193668"}],"version-history":[{"count":0,"href":"https:\/\/gysfm.com.ar\/inicio\/wp-json\/wp\/v2\/posts\/193668\/revisions"}],"wp:featuredmedia":[{"embeddable":true,"href":"https:\/\/gysfm.com.ar\/inicio\/wp-json\/wp\/v2\/media\/193669"}],"wp:attachment":[{"href":"https:\/\/gysfm.com.ar\/inicio\/wp-json\/wp\/v2\/media?parent=193668"}],"wp:term":[{"taxonomy":"category","embeddable":true,"href":"https:\/\/gysfm.com.ar\/inicio\/wp-json\/wp\/v2\/categories?post=193668"},{"taxonomy":"post_tag","embeddable":true,"href":"https:\/\/gysfm.com.ar\/inicio\/wp-json\/wp\/v2\/tags?post=193668"}],"curies":[{"name":"wp","href":"https:\/\/api.w.org\/{rel}","templated":true}]}}