{"id":193666,"date":"2026-04-29T10:20:59","date_gmt":"2026-04-29T13:20:59","guid":{"rendered":"https:\/\/gysfm.com.ar\/inicio\/docentes-y-no-docentes-de-uba-cruzan-a-capital-humano-y-llaman-a-una-nueva-marcha-federal\/"},"modified":"2026-04-29T10:20:59","modified_gmt":"2026-04-29T13:20:59","slug":"docentes-y-no-docentes-de-uba-cruzan-a-capital-humano-y-llaman-a-una-nueva-marcha-federal","status":"publish","type":"post","link":"https:\/\/gysfm.com.ar\/inicio\/docentes-y-no-docentes-de-uba-cruzan-a-capital-humano-y-llaman-a-una-nueva-marcha-federal\/","title":{"rendered":"Docentes y no docentes de UBA cruzan a Capital Humano y llaman a una nueva Marcha Federal"},"content":{"rendered":"<p><\/p>\n<div id=\"article-content\">\n<p>La tensi\u00f3n entre la<a target=\"_blank\" href=\"https:\/\/www.perfil.com\/noticias\/modo-fontevecchia\/crisis-en-la-uba-y-denuncia-de-emiliano-yacobitti-el-presidente-milei-esta-fuera-de-la-ley-modof.phtml\"><strong> Universidad de Buenos Aires (UBA) <\/strong><\/a>y el Gobierno Nacional alcanz\u00f3 un nuevo pico de intensidad. Este mi\u00e9rcoles, la casa de altos estudios se ver\u00e1 afectada por un <strong>paro total <\/strong>de actividades decretado por la <strong>Asociaci\u00f3n de Docentes de la UBA (ADUBA) y la Asociaci\u00f3n del Personal de la UBA (APUBA)<\/strong>, en respuesta a las recientes declaraciones del <a target=\"_blank\" href=\"https:\/\/www.perfil.com\/noticias\/politica\/capital-humano-intimo-a-rectores-de-universidades-nacionales-por-los-paros-y-les-pidio-garantizar-las-clases.phtml\"><strong>Ministerio de Capital Humano<\/strong><\/a>. <\/p>\n<p>La medida de fuerza surge como reacci\u00f3n directa a lo que los sindicatos calificaron como un<strong> \u201cprovocador comunicado\u201d<\/strong> emitido por la cartera que conduce <strong>Sandra Pettovello<\/strong>. En dicho texto, el Gobierno responsabiliz\u00f3 a los trabajadores por no garantizar el derecho a la educaci\u00f3n debido a las reiteradas huelgas, solicitando adem\u00e1s un <strong>\u00abplan de contingencia\u00bb <\/strong>para las aulas. <\/p>\n<p class=\"destacadoNota\"><a target=\"_blank\" href=\"https:\/\/www.perfil.com\/noticias\/sociedad\/el-reformismo-gano-la-uba-y-desplazo-a-la-izquierda-y-los-libertarios-no-llegaron-al-encuentro.phtml\">El Reformismo gan\u00f3 la UBA, la izquierda perdi\u00f3 Veterinaria, La C\u00e1mpora cedi\u00f3 Sociales y libertarios \u00abno avanzan\u00bb<\/a><\/p>\n<div class=\"subscription\">\n<p>\n        Esto no les gusta a los autoritarios\n    <\/p>\n<div class=\"subscription__container\">\n<div class=\"subscription__text-wrapper\">\n<p>\n                El ejercicio del periodismo profesional y cr\u00edtico es un pilar fundamental de la democracia. Por eso molesta a quienes creen ser los due\u00f1os de la verdad.\n            <\/p>\n<\/p><\/div><\/div>\n<\/div>\n<h2>El rechazo al \u00abcinismo\u00bb oficial y la crisis salarial <\/h2>\n<p>Desde los gremios universitarios no tardaron en responder con dureza. A trav\u00e9s de un comunicado conjunto, se\u00f1alaron que, desde el inicio del mandato de <strong>Javier Milei<\/strong>, el Ejecutivo ha desarrollado una \u201c<strong>pol\u00edtica de pauperizaci\u00f3n de los salarios <\/strong>y de asfixia del funcionamiento de las Universidades P\u00fablicas\u201d. <\/p>\n<p>\u201cCon su acostumbrada dosis de cinismo, el Gobierno solicita un plan de contingencia mientras profundiza la<strong> crisis de la educaci\u00f3n superior <\/strong>con definiciones unilaterales de salarios que pierden mes a mes contra la inflaci\u00f3n\u201d, denunciaron las organizaciones. <\/p>\n<p>Asimismo, recordaron que existe un incumplimiento absoluto de la <strong>Ley de Financiamiento Universitario<\/strong>, la cual ya cuenta con dos ordenamientos de la Justicia para ser ejecutada, pero que contin\u00faa siendo ignorada por la administraci\u00f3n central. <\/p>\n<h2>Cruces directos con Sandra Pettovello <\/h2>\n<p>El secretario general de ADUBA,<strong> Emiliano Cagnacci<\/strong>, fue uno de los m\u00e1s cr\u00edticos ante la postura del Ministerio de Capital Humano. \u201cRepudiamos y rechazamos el comunicado donde se nos responsabiliza de no garantizar el derecho a la educaci\u00f3n. Quien debe hacerlo es el<strong> Gobierno Nacional <\/strong>a trav\u00e9s de la ministra Sandra Pettovello\u201d, sentenci\u00f3 el dirigente. <\/p>\n<p>Cagnacci inst\u00f3 a la funcionaria a <strong>abandonar la comunicaci\u00f3n por redes sociales <\/strong>y centrarse en la gesti\u00f3n institucional: \u201cDebe ponerse a trabajar exigi\u00e9ndole a su gobierno que cumpla con la Ley de Financiamiento Universitario, que ya tiene dos fallos judiciales en ese sentido\u201d. <\/p>\n<p class=\"destacadoNota\"><a target=\"_blank\" href=\"https:\/\/www.perfil.com\/noticias\/politica\/capital-humano-intimo-a-rectores-de-universidades-nacionales-por-los-paros-y-les-pidio-garantizar-las-clases.phtml\">Capital Humano intim\u00f3 a rectores de universidades nacionales por los paros y les pidi\u00f3 garantizar las clases<\/a><\/p>\n<h2>Hacia la Cuarta Marcha Federal Universitaria <\/h2>\n<p>M\u00e1s all\u00e1 del <strong>paro de 24 horas previsto para este mi\u00e9rcoles<\/strong>, la comunidad educativa ya mira hacia el horizonte del pr\u00f3ximo mes. Los gremios ratificaron la convocatoria a la <strong>Cuarta Marcha Federal Universitaria<\/strong>, programada para el 12 de mayo. <\/p>\n<p>Desde ADUBA y APUBA invitaron a toda la sociedad a sumarse a la movilizaci\u00f3n, bajo la convicci\u00f3n de que es necesario<strong> \u201cpreservar y fortalecer esta instituci\u00f3n central\u201d<\/strong> frente al recorte presupuestario y el deterioro del poder adquisitivo de los trabajadores del sector. <\/p>\n<p>MEG\/ff<\/p>\n<\/p><\/div>\n<p><script>\n                !function(f,b,e,v,n,t,s)\n                {if(f.fbq)return;n=f.fbq=function(){n.callMethod?\n                    n.callMethod.apply(n,arguments):n.queue.push(arguments)};\n                    if(!f._fbq)f._fbq=n;n.push=n;n.loaded=!0;n.version='2.0';\n                    n.queue=[];t=b.createElement(e);t.async=!0;\n                    t.src=v;s=b.getElementsByTagName(e)[0];\n                    s.parentNode.insertBefore(t,s)}(window, document,'script',\n                    'https:\/\/connect.facebook.net\/en_US\/fbevents.js');\n                window.paywallConfig.facebook_pixel=\"1000228364089342\"\n            <\/script><\/p>\n","protected":false},"excerpt":{"rendered":"<p>La tensi\u00f3n entre la Universidad de Buenos Aires (UBA) y el Gobierno Nacional alcanz\u00f3 un nuevo pico de intensidad. Este mi\u00e9rcoles, la casa de altos estudios se ver\u00e1 afectada por un paro total de actividades decretado por la Asociaci\u00f3n de Docentes de la UBA (ADUBA) y la Asociaci\u00f3n del Personal de la UBA (APUBA), en [&hellip;]<\/p>\n","protected":false},"author":2,"featured_media":193667,"comment_status":"closed","ping_status":"closed","sticky":false,"template":"","format":"standard","meta":{"footnotes":""},"categories":[25],"tags":[],"class_list":["post-193666","post","type-post","status-publish","format-standard","has-post-thumbnail","hentry","category-nacionales"],"yoast_head":"<!-- This site is optimized with the Yoast SEO plugin v24.4 - https:\/\/yoast.com\/wordpress\/plugins\/seo\/ -->\n<title>Docentes y no docentes de UBA cruzan a Capital Humano y llaman a una nueva Marcha Federal - GYS NOTICIAS |<\/title>\n<meta name=\"robots\" content=\"index, follow, max-snippet:-1, max-image-preview:large, max-video-preview:-1\" \/>\n<link rel=\"canonical\" href=\"https:\/\/gysfm.com.ar\/inicio\/docentes-y-no-docentes-de-uba-cruzan-a-capital-humano-y-llaman-a-una-nueva-marcha-federal\/\" \/>\n<meta property=\"og:locale\" content=\"es_ES\" \/>\n<meta property=\"og:type\" content=\"article\" \/>\n<meta property=\"og:title\" content=\"Docentes y no docentes de UBA cruzan a Capital Humano y llaman a una nueva Marcha Federal - GYS NOTICIAS |\" \/>\n<meta property=\"og:description\" content=\"La tensi\u00f3n entre la Universidad de Buenos Aires (UBA) y el Gobierno Nacional alcanz\u00f3 un nuevo pico de intensidad. Este mi\u00e9rcoles, la casa de altos estudios se ver\u00e1 afectada por un paro total de actividades decretado por la Asociaci\u00f3n de Docentes de la UBA (ADUBA) y la Asociaci\u00f3n del Personal de la UBA (APUBA), en [&hellip;]\" \/>\n<meta property=\"og:url\" content=\"https:\/\/gysfm.com.ar\/inicio\/docentes-y-no-docentes-de-uba-cruzan-a-capital-humano-y-llaman-a-una-nueva-marcha-federal\/\" \/>\n<meta property=\"og:site_name\" content=\"GYS NOTICIAS |\" \/>\n<meta property=\"article:published_time\" content=\"2026-04-29T13:20:59+00:00\" \/>\n<meta name=\"author\" content=\"Prensa G&amp;S FM\" \/>\n<meta name=\"twitter:card\" content=\"summary_large_image\" \/>\n<meta name=\"twitter:label1\" content=\"Escrito por\" \/>\n\t<meta name=\"twitter:data1\" content=\"Prensa G&amp;S FM\" \/>\n\t<meta name=\"twitter:label2\" content=\"Tiempo de lectura\" \/>\n\t<meta name=\"twitter:data2\" content=\"3 minutos\" \/>\n<script type=\"application\/ld+json\" class=\"yoast-schema-graph\">{\"@context\":\"https:\/\/schema.org\",\"@graph\":[{\"@type\":\"Article\",\"@id\":\"https:\/\/gysfm.com.ar\/inicio\/docentes-y-no-docentes-de-uba-cruzan-a-capital-humano-y-llaman-a-una-nueva-marcha-federal\/#article\",\"isPartOf\":{\"@id\":\"https:\/\/gysfm.com.ar\/inicio\/docentes-y-no-docentes-de-uba-cruzan-a-capital-humano-y-llaman-a-una-nueva-marcha-federal\/\"},\"author\":{\"name\":\"Prensa G&amp;S FM\",\"@id\":\"https:\/\/gysfm.com.ar\/inicio\/#\/schema\/person\/3abba7593ef2ad19e1be221d54383dc5\"},\"headline\":\"Docentes y no docentes de UBA cruzan a Capital Humano y llaman a una nueva Marcha Federal\",\"datePublished\":\"2026-04-29T13:20:59+00:00\",\"mainEntityOfPage\":{\"@id\":\"https:\/\/gysfm.com.ar\/inicio\/docentes-y-no-docentes-de-uba-cruzan-a-capital-humano-y-llaman-a-una-nueva-marcha-federal\/\"},\"wordCount\":555,\"publisher\":{\"@id\":\"https:\/\/gysfm.com.ar\/inicio\/#organization\"},\"image\":{\"@id\":\"https:\/\/gysfm.com.ar\/inicio\/docentes-y-no-docentes-de-uba-cruzan-a-capital-humano-y-llaman-a-una-nueva-marcha-federal\/#primaryimage\"},\"thumbnailUrl\":\"https:\/\/gysfm.com.ar\/inicio\/wp-content\/uploads\/2026\/04\/paro-universitario-1818031.jpg\",\"articleSection\":[\"NACIONALES\"],\"inLanguage\":\"es\"},{\"@type\":\"WebPage\",\"@id\":\"https:\/\/gysfm.com.ar\/inicio\/docentes-y-no-docentes-de-uba-cruzan-a-capital-humano-y-llaman-a-una-nueva-marcha-federal\/\",\"url\":\"https:\/\/gysfm.com.ar\/inicio\/docentes-y-no-docentes-de-uba-cruzan-a-capital-humano-y-llaman-a-una-nueva-marcha-federal\/\",\"name\":\"Docentes y no docentes de UBA cruzan a Capital Humano y llaman a una nueva Marcha Federal - GYS NOTICIAS |\",\"isPartOf\":{\"@id\":\"https:\/\/gysfm.com.ar\/inicio\/#website\"},\"primaryImageOfPage\":{\"@id\":\"https:\/\/gysfm.com.ar\/inicio\/docentes-y-no-docentes-de-uba-cruzan-a-capital-humano-y-llaman-a-una-nueva-marcha-federal\/#primaryimage\"},\"image\":{\"@id\":\"https:\/\/gysfm.com.ar\/inicio\/docentes-y-no-docentes-de-uba-cruzan-a-capital-humano-y-llaman-a-una-nueva-marcha-federal\/#primaryimage\"},\"thumbnailUrl\":\"https:\/\/gysfm.com.ar\/inicio\/wp-content\/uploads\/2026\/04\/paro-universitario-1818031.jpg\",\"datePublished\":\"2026-04-29T13:20:59+00:00\",\"breadcrumb\":{\"@id\":\"https:\/\/gysfm.com.ar\/inicio\/docentes-y-no-docentes-de-uba-cruzan-a-capital-humano-y-llaman-a-una-nueva-marcha-federal\/#breadcrumb\"},\"inLanguage\":\"es\",\"potentialAction\":[{\"@type\":\"ReadAction\",\"target\":[\"https:\/\/gysfm.com.ar\/inicio\/docentes-y-no-docentes-de-uba-cruzan-a-capital-humano-y-llaman-a-una-nueva-marcha-federal\/\"]}]},{\"@type\":\"ImageObject\",\"inLanguage\":\"es\",\"@id\":\"https:\/\/gysfm.com.ar\/inicio\/docentes-y-no-docentes-de-uba-cruzan-a-capital-humano-y-llaman-a-una-nueva-marcha-federal\/#primaryimage\",\"url\":\"https:\/\/gysfm.com.ar\/inicio\/wp-content\/uploads\/2026\/04\/paro-universitario-1818031.jpg\",\"contentUrl\":\"https:\/\/gysfm.com.ar\/inicio\/wp-content\/uploads\/2026\/04\/paro-universitario-1818031.jpg\",\"width\":1140,\"height\":641},{\"@type\":\"BreadcrumbList\",\"@id\":\"https:\/\/gysfm.com.ar\/inicio\/docentes-y-no-docentes-de-uba-cruzan-a-capital-humano-y-llaman-a-una-nueva-marcha-federal\/#breadcrumb\",\"itemListElement\":[{\"@type\":\"ListItem\",\"position\":1,\"name\":\"Portada\",\"item\":\"https:\/\/gysfm.com.ar\/inicio\/\"},{\"@type\":\"ListItem\",\"position\":2,\"name\":\"Docentes y no docentes de UBA cruzan a Capital Humano y llaman a una nueva Marcha Federal\"}]},{\"@type\":\"WebSite\",\"@id\":\"https:\/\/gysfm.com.ar\/inicio\/#website\",\"url\":\"https:\/\/gysfm.com.ar\/inicio\/\",\"name\":\"GYS NOTICIAS |\",\"description\":\"DIARIO - RADIO ONLINE SAN JUAN ARGENTINA\",\"publisher\":{\"@id\":\"https:\/\/gysfm.com.ar\/inicio\/#organization\"},\"potentialAction\":[{\"@type\":\"SearchAction\",\"target\":{\"@type\":\"EntryPoint\",\"urlTemplate\":\"https:\/\/gysfm.com.ar\/inicio\/?s={search_term_string}\"},\"query-input\":{\"@type\":\"PropertyValueSpecification\",\"valueRequired\":true,\"valueName\":\"search_term_string\"}}],\"inLanguage\":\"es\"},{\"@type\":\"Organization\",\"@id\":\"https:\/\/gysfm.com.ar\/inicio\/#organization\",\"name\":\"GYS NOTICIAS |\",\"url\":\"https:\/\/gysfm.com.ar\/inicio\/\",\"logo\":{\"@type\":\"ImageObject\",\"inLanguage\":\"es\",\"@id\":\"https:\/\/gysfm.com.ar\/inicio\/#\/schema\/logo\/image\/\",\"url\":\"https:\/\/gysfm.com.ar\/inicio\/wp-content\/uploads\/2023\/07\/LOGOGYS-OK.png\",\"contentUrl\":\"https:\/\/gysfm.com.ar\/inicio\/wp-content\/uploads\/2023\/07\/LOGOGYS-OK.png\",\"width\":1170,\"height\":872,\"caption\":\"GYS NOTICIAS |\"},\"image\":{\"@id\":\"https:\/\/gysfm.com.ar\/inicio\/#\/schema\/logo\/image\/\"}},{\"@type\":\"Person\",\"@id\":\"https:\/\/gysfm.com.ar\/inicio\/#\/schema\/person\/3abba7593ef2ad19e1be221d54383dc5\",\"name\":\"Prensa G&amp;S FM\",\"image\":{\"@type\":\"ImageObject\",\"inLanguage\":\"es\",\"@id\":\"https:\/\/gysfm.com.ar\/inicio\/#\/schema\/person\/image\/\",\"url\":\"https:\/\/secure.gravatar.com\/avatar\/096ec78df02049ab018702bb4ccedf659377fa92a26540b5247612077a0dbd29?s=96&d=mm&r=g\",\"contentUrl\":\"https:\/\/secure.gravatar.com\/avatar\/096ec78df02049ab018702bb4ccedf659377fa92a26540b5247612077a0dbd29?s=96&d=mm&r=g\",\"caption\":\"Prensa G&amp;S FM\"},\"sameAs\":[\"https:\/\/gysfm.com.ar\/\"],\"url\":\"https:\/\/gysfm.com.ar\/inicio\/author\/lucasm\/\"}]}<\/script>\n<!-- \/ Yoast SEO plugin. -->","yoast_head_json":{"title":"Docentes y no docentes de UBA cruzan a Capital Humano y llaman a una nueva Marcha Federal - GYS NOTICIAS |","robots":{"index":"index","follow":"follow","max-snippet":"max-snippet:-1","max-image-preview":"max-image-preview:large","max-video-preview":"max-video-preview:-1"},"canonical":"https:\/\/gysfm.com.ar\/inicio\/docentes-y-no-docentes-de-uba-cruzan-a-capital-humano-y-llaman-a-una-nueva-marcha-federal\/","og_locale":"es_ES","og_type":"article","og_title":"Docentes y no docentes de UBA cruzan a Capital Humano y llaman a una nueva Marcha Federal - GYS NOTICIAS |","og_description":"La tensi\u00f3n entre la Universidad de Buenos Aires (UBA) y el Gobierno Nacional alcanz\u00f3 un nuevo pico de intensidad. Este mi\u00e9rcoles, la casa de altos estudios se ver\u00e1 afectada por un paro total de actividades decretado por la Asociaci\u00f3n de Docentes de la UBA (ADUBA) y la Asociaci\u00f3n del Personal de la UBA (APUBA), en [&hellip;]","og_url":"https:\/\/gysfm.com.ar\/inicio\/docentes-y-no-docentes-de-uba-cruzan-a-capital-humano-y-llaman-a-una-nueva-marcha-federal\/","og_site_name":"GYS NOTICIAS |","article_published_time":"2026-04-29T13:20:59+00:00","author":"Prensa G&amp;S FM","twitter_card":"summary_large_image","twitter_misc":{"Escrito por":"Prensa G&amp;S FM","Tiempo de lectura":"3 minutos"},"schema":{"@context":"https:\/\/schema.org","@graph":[{"@type":"Article","@id":"https:\/\/gysfm.com.ar\/inicio\/docentes-y-no-docentes-de-uba-cruzan-a-capital-humano-y-llaman-a-una-nueva-marcha-federal\/#article","isPartOf":{"@id":"https:\/\/gysfm.com.ar\/inicio\/docentes-y-no-docentes-de-uba-cruzan-a-capital-humano-y-llaman-a-una-nueva-marcha-federal\/"},"author":{"name":"Prensa G&amp;S FM","@id":"https:\/\/gysfm.com.ar\/inicio\/#\/schema\/person\/3abba7593ef2ad19e1be221d54383dc5"},"headline":"Docentes y no docentes de UBA cruzan a Capital Humano y llaman a una nueva Marcha Federal","datePublished":"2026-04-29T13:20:59+00:00","mainEntityOfPage":{"@id":"https:\/\/gysfm.com.ar\/inicio\/docentes-y-no-docentes-de-uba-cruzan-a-capital-humano-y-llaman-a-una-nueva-marcha-federal\/"},"wordCount":555,"publisher":{"@id":"https:\/\/gysfm.com.ar\/inicio\/#organization"},"image":{"@id":"https:\/\/gysfm.com.ar\/inicio\/docentes-y-no-docentes-de-uba-cruzan-a-capital-humano-y-llaman-a-una-nueva-marcha-federal\/#primaryimage"},"thumbnailUrl":"https:\/\/gysfm.com.ar\/inicio\/wp-content\/uploads\/2026\/04\/paro-universitario-1818031.jpg","articleSection":["NACIONALES"],"inLanguage":"es"},{"@type":"WebPage","@id":"https:\/\/gysfm.com.ar\/inicio\/docentes-y-no-docentes-de-uba-cruzan-a-capital-humano-y-llaman-a-una-nueva-marcha-federal\/","url":"https:\/\/gysfm.com.ar\/inicio\/docentes-y-no-docentes-de-uba-cruzan-a-capital-humano-y-llaman-a-una-nueva-marcha-federal\/","name":"Docentes y no docentes de UBA cruzan a Capital Humano y llaman a una nueva Marcha Federal - GYS NOTICIAS |","isPartOf":{"@id":"https:\/\/gysfm.com.ar\/inicio\/#website"},"primaryImageOfPage":{"@id":"https:\/\/gysfm.com.ar\/inicio\/docentes-y-no-docentes-de-uba-cruzan-a-capital-humano-y-llaman-a-una-nueva-marcha-federal\/#primaryimage"},"image":{"@id":"https:\/\/gysfm.com.ar\/inicio\/docentes-y-no-docentes-de-uba-cruzan-a-capital-humano-y-llaman-a-una-nueva-marcha-federal\/#primaryimage"},"thumbnailUrl":"https:\/\/gysfm.com.ar\/inicio\/wp-content\/uploads\/2026\/04\/paro-universitario-1818031.jpg","datePublished":"2026-04-29T13:20:59+00:00","breadcrumb":{"@id":"https:\/\/gysfm.com.ar\/inicio\/docentes-y-no-docentes-de-uba-cruzan-a-capital-humano-y-llaman-a-una-nueva-marcha-federal\/#breadcrumb"},"inLanguage":"es","potentialAction":[{"@type":"ReadAction","target":["https:\/\/gysfm.com.ar\/inicio\/docentes-y-no-docentes-de-uba-cruzan-a-capital-humano-y-llaman-a-una-nueva-marcha-federal\/"]}]},{"@type":"ImageObject","inLanguage":"es","@id":"https:\/\/gysfm.com.ar\/inicio\/docentes-y-no-docentes-de-uba-cruzan-a-capital-humano-y-llaman-a-una-nueva-marcha-federal\/#primaryimage","url":"https:\/\/gysfm.com.ar\/inicio\/wp-content\/uploads\/2026\/04\/paro-universitario-1818031.jpg","contentUrl":"https:\/\/gysfm.com.ar\/inicio\/wp-content\/uploads\/2026\/04\/paro-universitario-1818031.jpg","width":1140,"height":641},{"@type":"BreadcrumbList","@id":"https:\/\/gysfm.com.ar\/inicio\/docentes-y-no-docentes-de-uba-cruzan-a-capital-humano-y-llaman-a-una-nueva-marcha-federal\/#breadcrumb","itemListElement":[{"@type":"ListItem","position":1,"name":"Portada","item":"https:\/\/gysfm.com.ar\/inicio\/"},{"@type":"ListItem","position":2,"name":"Docentes y no docentes de UBA cruzan a Capital Humano y llaman a una nueva Marcha Federal"}]},{"@type":"WebSite","@id":"https:\/\/gysfm.com.ar\/inicio\/#website","url":"https:\/\/gysfm.com.ar\/inicio\/","name":"GYS NOTICIAS |","description":"DIARIO - RADIO ONLINE SAN JUAN ARGENTINA","publisher":{"@id":"https:\/\/gysfm.com.ar\/inicio\/#organization"},"potentialAction":[{"@type":"SearchAction","target":{"@type":"EntryPoint","urlTemplate":"https:\/\/gysfm.com.ar\/inicio\/?s={search_term_string}"},"query-input":{"@type":"PropertyValueSpecification","valueRequired":true,"valueName":"search_term_string"}}],"inLanguage":"es"},{"@type":"Organization","@id":"https:\/\/gysfm.com.ar\/inicio\/#organization","name":"GYS NOTICIAS |","url":"https:\/\/gysfm.com.ar\/inicio\/","logo":{"@type":"ImageObject","inLanguage":"es","@id":"https:\/\/gysfm.com.ar\/inicio\/#\/schema\/logo\/image\/","url":"https:\/\/gysfm.com.ar\/inicio\/wp-content\/uploads\/2023\/07\/LOGOGYS-OK.png","contentUrl":"https:\/\/gysfm.com.ar\/inicio\/wp-content\/uploads\/2023\/07\/LOGOGYS-OK.png","width":1170,"height":872,"caption":"GYS NOTICIAS |"},"image":{"@id":"https:\/\/gysfm.com.ar\/inicio\/#\/schema\/logo\/image\/"}},{"@type":"Person","@id":"https:\/\/gysfm.com.ar\/inicio\/#\/schema\/person\/3abba7593ef2ad19e1be221d54383dc5","name":"Prensa G&amp;S FM","image":{"@type":"ImageObject","inLanguage":"es","@id":"https:\/\/gysfm.com.ar\/inicio\/#\/schema\/person\/image\/","url":"https:\/\/secure.gravatar.com\/avatar\/096ec78df02049ab018702bb4ccedf659377fa92a26540b5247612077a0dbd29?s=96&d=mm&r=g","contentUrl":"https:\/\/secure.gravatar.com\/avatar\/096ec78df02049ab018702bb4ccedf659377fa92a26540b5247612077a0dbd29?s=96&d=mm&r=g","caption":"Prensa G&amp;S FM"},"sameAs":["https:\/\/gysfm.com.ar\/"],"url":"https:\/\/gysfm.com.ar\/inicio\/author\/lucasm\/"}]}},"_links":{"self":[{"href":"https:\/\/gysfm.com.ar\/inicio\/wp-json\/wp\/v2\/posts\/193666","targetHints":{"allow":["GET"]}}],"collection":[{"href":"https:\/\/gysfm.com.ar\/inicio\/wp-json\/wp\/v2\/posts"}],"about":[{"href":"https:\/\/gysfm.com.ar\/inicio\/wp-json\/wp\/v2\/types\/post"}],"author":[{"embeddable":true,"href":"https:\/\/gysfm.com.ar\/inicio\/wp-json\/wp\/v2\/users\/2"}],"replies":[{"embeddable":true,"href":"https:\/\/gysfm.com.ar\/inicio\/wp-json\/wp\/v2\/comments?post=193666"}],"version-history":[{"count":0,"href":"https:\/\/gysfm.com.ar\/inicio\/wp-json\/wp\/v2\/posts\/193666\/revisions"}],"wp:featuredmedia":[{"embeddable":true,"href":"https:\/\/gysfm.com.ar\/inicio\/wp-json\/wp\/v2\/media\/193667"}],"wp:attachment":[{"href":"https:\/\/gysfm.com.ar\/inicio\/wp-json\/wp\/v2\/media?parent=193666"}],"wp:term":[{"taxonomy":"category","embeddable":true,"href":"https:\/\/gysfm.com.ar\/inicio\/wp-json\/wp\/v2\/categories?post=193666"},{"taxonomy":"post_tag","embeddable":true,"href":"https:\/\/gysfm.com.ar\/inicio\/wp-json\/wp\/v2\/tags?post=193666"}],"curies":[{"name":"wp","href":"https:\/\/api.w.org\/{rel}","templated":true}]}}