{"id":193663,"date":"2026-04-29T10:19:56","date_gmt":"2026-04-29T13:19:56","guid":{"rendered":"https:\/\/gysfm.com.ar\/inicio\/el-presidente-del-bcra-asegura-que-la-mora-toco-su-pico-y-el-credito-empieza-a-recuperarse\/"},"modified":"2026-04-29T10:19:57","modified_gmt":"2026-04-29T13:19:57","slug":"el-presidente-del-bcra-asegura-que-la-mora-toco-su-pico-y-el-credito-empieza-a-recuperarse","status":"publish","type":"post","link":"https:\/\/gysfm.com.ar\/inicio\/el-presidente-del-bcra-asegura-que-la-mora-toco-su-pico-y-el-credito-empieza-a-recuperarse\/","title":{"rendered":"El presidente del BCRA asegura que la mora toc\u00f3 su pico y el cr\u00e9dito empieza a recuperarse"},"content":{"rendered":"<p><\/p>\n<div>\n<p class=\"com-paragraph  --capital --s\">El presidente del Banco Central (BCRA), <strong>Santiago Bausili<\/strong>, ley\u00f3 un discurso de 18 minutos ante un auditorio del sector financiero y dej\u00f3 un mensaje que sintoniza con el del presidente <strong>Javier Milei <\/strong><a href=\"https:\/\/www.lanacion.com.ar\/economia\/en-un-discurso-cargado-de-optimismo-caputo-anticipo-que-la-economia-mejoro-en-marzo-nid28042026\/\" target=\"_self\" title=\"https:\/\/www.lanacion.com.ar\/economia\/en-un-discurso-cargado-de-optimismo-caputo-anticipo-que-la-economia-mejoro-en-marzo-nid28042026\/\" class=\"com-link break-word\" data-mrf-recirculation=\"n_link_parrafo\">y el ministro de Econom\u00eda, <strong>Luis Caputo<\/strong><\/a>: los peores datos ya quedaron atr\u00e1s. La mora crediticia, la inflaci\u00f3n y la volatilidad de tasas de inter\u00e9s tocaron pico en los \u00faltimos meses, y <strong>los indicadores de las \u00faltimas semanas apuntan, seg\u00fan el funcionario, hacia una recuperaci\u00f3n gradual pero firme<\/strong>.<\/p>\n<p class=\"com-paragraph   --s\">\u201cEs claro que el \u00edndice de precios aument\u00f3 m\u00e1s de lo deseado. Nosotros vemos que esto es temporal y <strong>nos preocuparnos porque el impacto en cambios de precios relativos no se traduzca a impulsos inflacionarios de segundo orden<\/strong>\u201d, dijo Bausili en la ExpoEFI, en alusi\u00f3n al proceso desinflacionario.<\/p>\n<p class=\"com-paragraph   --s\"><strong>El mercado crediticio fue uno de los focos centrales del discurso<\/strong>, luego de que los \u00faltimos datos de morosidad en las familias publicados por la entidad <a href=\"https:\/\/www.lanacion.com.ar\/economia\/la-mora-bancaria-volvio-a-subir-de-manera-generalizada-en-febrero-supero-el-11-para-las-familias-nid24042026\/\" target=\"_self\" title=\"https:\/\/www.lanacion.com.ar\/economia\/la-mora-bancaria-volvio-a-subir-de-manera-generalizada-en-febrero-supero-el-11-para-las-familias-nid24042026\/\" class=\"com-link break-word\" data-mrf-recirculation=\"n_link_parrafo\">mostraran una nueva suba en febrero, por decimotercer mes consecutivo<\/a>, que marc\u00f3 nuevos m\u00e1ximos en m\u00e1s de 20 a\u00f1os. <strong>Bausili reconoci\u00f3 que la expansi\u00f3n del cr\u00e9dito al sector privado vino acompa\u00f1ada de un proceso de aprendizaje doloroso para bancos y deudores<\/strong>. <\/p>\n<div class=\"content-media\">\n<section role=\"button\" class=\"mod-media   \">\n<figure role=\"button\" tabindex=\"0\" class=\"mod-figure \"><figcaption class=\"mod-figcaption\"><span class=\"com-text --caption --twoxs\">El presidente del BCRA, Santiago Bausili, present\u00f3 un balance del programa de estabilizaci\u00f3n y anticip\u00f3 datos alentadores para los pr\u00f3ximos meses<\/span><span class=\"com-text --credit --twoxs\">Pilar Camacho<\/span><\/figcaption><\/figure>\n<\/section>\n<\/div>\n<p class=\"com-paragraph   --s\"><strong>\u201cLa primera ola de cr\u00e9ditos fue otorgada, de alguna manera, a ciegas, sin saber a qui\u00e9n se le estaba tratando el dinero\u201d,<\/strong> dijo Bausili. Los bancos tuvieron que reconstruir sus bases de datos crediticias; los tomadores, a entender las nuevas condiciones de un sistema sin techos artificiales a las tasas de inter\u00e9s y sin una inflaci\u00f3n que licuaba las \u00faltimas cuotas.<\/p>\n<p class=\"com-paragraph   --s\"><strong>Ese proceso deriv\u00f3 en un salto de la morosidad que gener\u00f3 preocupaci\u00f3n en el sistema<\/strong>, pero Bausili se\u00f1al\u00f3 que los picos ya se registraron: algunos bancos los vieron en enero, otros en febrero, otros en marzo. <strong>\u201cEl nivel de deterioro de la cartera se desacelera, y la informaci\u00f3n que anticipan marzo y abril muestran mejoras adicionales. <\/strong><strong>El sistema se est\u00e1 saneando\u201d<\/strong><strong>,<\/strong> dijo. El cr\u00e9dito en d\u00f3lares, en tanto, ya retom\u00f3 su ritmo: creci\u00f3 US$4000 millones en lo que va del a\u00f1o, un aumento del 22% del stock en apenas cuatro meses.<\/p>\n<p class=\"com-paragraph   --s\">La recuperaci\u00f3n del cr\u00e9dito es, para Bausili, uno de los motores de la reactivaci\u00f3n econ\u00f3mica. La combinaci\u00f3n de tasas m\u00e1s bajas, tipo de cambio estable y expectativas de inflaci\u00f3n ancladas crea, seg\u00fan el funcionario, <strong>las condiciones para que las empresas y los hogares vuelvan a planificar a horizontes m\u00e1s largos<\/strong>. \u201cEmpezamos a hablar de indicadores crecientes de cr\u00e9dito y de nivel de actividad\u201d, se\u00f1al\u00f3, en referencia a un ciclo que, a su juicio, empieza a retroalimentarse positivamente.<\/p>\n<div class=\"content-media\">\n<section role=\"button\" class=\"mod-media   \">\n<figure role=\"button\" tabindex=\"0\" class=\"mod-figure \"><figcaption class=\"mod-figcaption\"><span class=\"com-text --caption --twoxs\">Bausili defendi\u00f3 los fundamentos del esquema cambiario y monetario en un contexto de turbulencia global por el conflicto en Medio Oriente<\/span><span class=\"com-text --credit --twoxs\">Pilar Camacho<\/span><\/figcaption><\/figure>\n<\/section>\n<\/div>\n<p class=\"com-paragraph   --s\"><strong>El tipo de cambio se mantuvo estable durante el per\u00edodo poselectoral <\/strong>y el shock geopol\u00edtico derivado del conflicto en Medio Oriente, un dato que Bausili subray\u00f3 como una se\u00f1al de la solidez de los fundamentos. \u201cEl peso es realmente estable, la tasa de inter\u00e9s en el mercado local sigue bajando y las acciones argentinas se destacan\u201d, se\u00f1al\u00f3, en contraste con el desempe\u00f1o de otros mercados emergentes afectados por la turbulencia global.<strong> El techo de la banda cambiaria se ubica hoy en $1700<\/strong>, un nivel que, seg\u00fan el funcionario, genera flujos que apuntan hacia adentro del pa\u00eds y no hacia afuera, lo que garantiza estabilidad autom\u00e1tica del tipo de cambio. \u201cPoca gente piensa hoy en el techo de la banda\u201d, dijo.<\/p>\n<p class=\"com-paragraph   --s\">En materia de reservas, <strong>el Banco Central compr\u00f3 US$6900 millones en el mercado desde principios de a\u00f1o<\/strong>, adelant\u00e1ndose a las expectativas del mercado. Bausili destac\u00f3 que eso ocurri\u00f3, adem\u00e1s, <strong>en un contexto en que las empresas extranjeras ya distribuyeron dividendos por m\u00e1s de US$1300 millones en lo que va del a\u00f1o<\/strong> \u2014algo que no ocurr\u00eda desde hac\u00eda seis a\u00f1os, cuando el cepo lo imped\u00eda\u2014. El acuerdo con el FMI anticipa compras adicionales por US$3000 millones para el resto del ejercicio. El resultado neto es un aumento de US$5000 millones en las reservas internacionales p\u00fablicas desde comienzos de 2026.<\/p>\n<p class=\"com-paragraph   --s\">Sobre la inflaci\u00f3n, <strong>Bausili reconoci\u00f3 que el \u00edndice de precios de los \u00faltimos meses \u201cgener\u00f3 debate\u201d y que \u201caument\u00f3 m\u00e1s de lo deseado\u201d<\/strong>. Pero atribuy\u00f3 esos movimientos a factores transitorios: el precio de la carne \u2014que acumula subas desde noviembre <strong>pero mostrar\u00eda una reversi\u00f3n en abril, seg\u00fan mediciones de alta frecuencia<\/strong>\u2014, los ajustes de tarifas p\u00fablicas y el componente estacional de educaci\u00f3n en marzo. \u201cLos efectos de la ca\u00edda brutal de la demanda de dinero que observamos en la etapa preelectoral han sido absorbidos de la mejor manera posible\u201d, sostuvo. Las expectativas del mercado, seg\u00fan el Relevamiento de Expectativas del Mercado (REM), apuntan a una convergencia desinflacionaria hacia adelante.<\/p>\n<p class=\"com-paragraph   --s\">Bausili tambi\u00e9n anticip\u00f3 que los estados contables de 2025 del BCRA, que se conocer\u00e1n en los pr\u00f3ximos meses, <a href=\"https:\/\/www.lanacion.com.ar\/economia\/el-tesoro-podria-recibir-30-billones-del-bcra-por-que-eso-le-da-poder-para-bajar-las-tasas-nid27042026\/\" target=\"_self\" title=\"https:\/\/www.lanacion.com.ar\/economia\/el-tesoro-podria-recibir-30-billones-del-bcra-por-que-eso-le-da-poder-para-bajar-las-tasas-nid27042026\/\" class=\"com-link break-word\" data-mrf-recirculation=\"n_link_parrafo\">mostrar\u00e1n el patrimonio neto m\u00e1s alto de los \u00faltimos 10 a\u00f1os<\/a>. <strong>El dato apuntala el argumento oficial de que el saneamiento de la hoja de balance de la autoridad monetaria<\/strong> \u2014uno de los objetivos centrales de la gesti\u00f3n\u2014 avanza seg\u00fan lo previsto.<\/p>\n<p class=\"com-paragraph   --s\">El horizonte exportador fue el otro argumento de solidez que Bausili esgrimi\u00f3. Desde la salida del cepo y la unificaci\u00f3n cambiaria de abril de 2025, <strong>las exportaciones medidas en cantidades alcanzaron nuevos m\u00e1ximos hist\u00f3ricos todos los meses<\/strong>, algo que tambi\u00e9n destac\u00f3 Caputo ayer. Los proyectos bajo el r\u00e9gimen RIGI ya generan flujos de divisas asociados a sus inversiones por casi US$1000 millones, y antes de fin de a\u00f1o estar\u00e1n en producci\u00f3n los primeros proyectos exportadores. \u201cEl horizonte exportador de la Argentina cambi\u00f3 estructuralmente\u201d, se\u00f1al\u00f3.<\/p>\n<section class=\"container-center-100 mb-40 border border-bottom border-thin border-neutral-light-700\">\n<hr\/>\n<\/section>\n<\/div>\n<p><script id=\"facebookpixel\" defer=\"\" type=\"text\/javascript\">\n        !function(f,b,e,v,n,t,s)\n        {if(f.fbq)return;n=f.fbq=function(){n.callMethod?\n        n.callMethod.apply(n,arguments):n.queue.push(arguments)};\n        if(!f._fbq)f._fbq=n;n.push=n;n.loaded=!0;n.version='2.0';\n        n.queue=[];t=b.createElement(e);t.async=!0;\n        t.src=v;s=b.getElementsByTagName(e)[0];\n        s.parentNode.insertBefore(t,s)}(window, document,'script',\n        'https:\/\/connect.facebook.net\/en_US\/fbevents.js');\n        fbq('init', '492459597522335');\n        fbq('track', 'PageView');\n    <\/script><\/p>\n","protected":false},"excerpt":{"rendered":"<p>El presidente del Banco Central (BCRA), Santiago Bausili, ley\u00f3 un discurso de 18 minutos ante un auditorio del sector financiero y dej\u00f3 un mensaje que sintoniza con el del presidente Javier Milei y el ministro de Econom\u00eda, Luis Caputo: los peores datos ya quedaron atr\u00e1s. La mora crediticia, la inflaci\u00f3n y la volatilidad de tasas [&hellip;]<\/p>\n","protected":false},"author":1,"featured_media":193664,"comment_status":"closed","ping_status":"closed","sticky":false,"template":"","format":"standard","meta":{"footnotes":""},"categories":[28],"tags":[],"class_list":["post-193663","post","type-post","status-publish","format-standard","has-post-thumbnail","hentry","category-economia"],"yoast_head":"<!-- This site is optimized with the Yoast SEO plugin v24.4 - https:\/\/yoast.com\/wordpress\/plugins\/seo\/ -->\n<title>El presidente del BCRA asegura que la mora toc\u00f3 su pico y el cr\u00e9dito empieza a recuperarse - GYS NOTICIAS |<\/title>\n<meta name=\"robots\" content=\"index, follow, max-snippet:-1, max-image-preview:large, max-video-preview:-1\" \/>\n<link rel=\"canonical\" href=\"https:\/\/gysfm.com.ar\/inicio\/el-presidente-del-bcra-asegura-que-la-mora-toco-su-pico-y-el-credito-empieza-a-recuperarse\/\" \/>\n<meta property=\"og:locale\" content=\"es_ES\" \/>\n<meta property=\"og:type\" content=\"article\" \/>\n<meta property=\"og:title\" content=\"El presidente del BCRA asegura que la mora toc\u00f3 su pico y el cr\u00e9dito empieza a recuperarse - GYS NOTICIAS |\" \/>\n<meta property=\"og:description\" content=\"El presidente del Banco Central (BCRA), Santiago Bausili, ley\u00f3 un discurso de 18 minutos ante un auditorio del sector financiero y dej\u00f3 un mensaje que sintoniza con el del presidente Javier Milei y el ministro de Econom\u00eda, Luis Caputo: los peores datos ya quedaron atr\u00e1s. La mora crediticia, la inflaci\u00f3n y la volatilidad de tasas [&hellip;]\" \/>\n<meta property=\"og:url\" content=\"https:\/\/gysfm.com.ar\/inicio\/el-presidente-del-bcra-asegura-que-la-mora-toco-su-pico-y-el-credito-empieza-a-recuperarse\/\" \/>\n<meta property=\"og:site_name\" content=\"GYS NOTICIAS |\" \/>\n<meta property=\"article:published_time\" content=\"2026-04-29T13:19:56+00:00\" \/>\n<meta property=\"article:modified_time\" content=\"2026-04-29T13:19:57+00:00\" \/>\n<meta property=\"og:image\" content=\"https:\/\/gysfm.com.ar\/inicio\/wp-content\/uploads\/2026\/04\/santiago-bausili-presidente-del-banco-central-XWSU2JELCJDUJGM77LTWNGWJXU.jpeg\" \/>\n\t<meta property=\"og:image:width\" content=\"1200\" \/>\n\t<meta property=\"og:image:height\" content=\"800\" \/>\n\t<meta property=\"og:image:type\" content=\"image\/jpeg\" \/>\n<meta name=\"author\" content=\"admin\" \/>\n<meta name=\"twitter:card\" content=\"summary_large_image\" \/>\n<meta name=\"twitter:label1\" content=\"Escrito por\" \/>\n\t<meta name=\"twitter:data1\" content=\"admin\" \/>\n\t<meta name=\"twitter:label2\" content=\"Tiempo de lectura\" \/>\n\t<meta name=\"twitter:data2\" content=\"5 minutos\" \/>\n<script type=\"application\/ld+json\" class=\"yoast-schema-graph\">{\"@context\":\"https:\/\/schema.org\",\"@graph\":[{\"@type\":\"Article\",\"@id\":\"https:\/\/gysfm.com.ar\/inicio\/el-presidente-del-bcra-asegura-que-la-mora-toco-su-pico-y-el-credito-empieza-a-recuperarse\/#article\",\"isPartOf\":{\"@id\":\"https:\/\/gysfm.com.ar\/inicio\/el-presidente-del-bcra-asegura-que-la-mora-toco-su-pico-y-el-credito-empieza-a-recuperarse\/\"},\"author\":{\"name\":\"admin\",\"@id\":\"https:\/\/gysfm.com.ar\/inicio\/#\/schema\/person\/5bedd7ecd35cc35548d89effafa23696\"},\"headline\":\"El presidente del BCRA asegura que la mora toc\u00f3 su pico y el cr\u00e9dito empieza a recuperarse\",\"datePublished\":\"2026-04-29T13:19:56+00:00\",\"dateModified\":\"2026-04-29T13:19:57+00:00\",\"mainEntityOfPage\":{\"@id\":\"https:\/\/gysfm.com.ar\/inicio\/el-presidente-del-bcra-asegura-que-la-mora-toco-su-pico-y-el-credito-empieza-a-recuperarse\/\"},\"wordCount\":1033,\"publisher\":{\"@id\":\"https:\/\/gysfm.com.ar\/inicio\/#organization\"},\"image\":{\"@id\":\"https:\/\/gysfm.com.ar\/inicio\/el-presidente-del-bcra-asegura-que-la-mora-toco-su-pico-y-el-credito-empieza-a-recuperarse\/#primaryimage\"},\"thumbnailUrl\":\"https:\/\/gysfm.com.ar\/inicio\/wp-content\/uploads\/2026\/04\/santiago-bausili-presidente-del-banco-central-XWSU2JELCJDUJGM77LTWNGWJXU.jpeg\",\"articleSection\":[\"ECONOMIA\"],\"inLanguage\":\"es\"},{\"@type\":\"WebPage\",\"@id\":\"https:\/\/gysfm.com.ar\/inicio\/el-presidente-del-bcra-asegura-que-la-mora-toco-su-pico-y-el-credito-empieza-a-recuperarse\/\",\"url\":\"https:\/\/gysfm.com.ar\/inicio\/el-presidente-del-bcra-asegura-que-la-mora-toco-su-pico-y-el-credito-empieza-a-recuperarse\/\",\"name\":\"El presidente del BCRA asegura que la mora toc\u00f3 su pico y el cr\u00e9dito empieza a recuperarse - GYS NOTICIAS |\",\"isPartOf\":{\"@id\":\"https:\/\/gysfm.com.ar\/inicio\/#website\"},\"primaryImageOfPage\":{\"@id\":\"https:\/\/gysfm.com.ar\/inicio\/el-presidente-del-bcra-asegura-que-la-mora-toco-su-pico-y-el-credito-empieza-a-recuperarse\/#primaryimage\"},\"image\":{\"@id\":\"https:\/\/gysfm.com.ar\/inicio\/el-presidente-del-bcra-asegura-que-la-mora-toco-su-pico-y-el-credito-empieza-a-recuperarse\/#primaryimage\"},\"thumbnailUrl\":\"https:\/\/gysfm.com.ar\/inicio\/wp-content\/uploads\/2026\/04\/santiago-bausili-presidente-del-banco-central-XWSU2JELCJDUJGM77LTWNGWJXU.jpeg\",\"datePublished\":\"2026-04-29T13:19:56+00:00\",\"dateModified\":\"2026-04-29T13:19:57+00:00\",\"breadcrumb\":{\"@id\":\"https:\/\/gysfm.com.ar\/inicio\/el-presidente-del-bcra-asegura-que-la-mora-toco-su-pico-y-el-credito-empieza-a-recuperarse\/#breadcrumb\"},\"inLanguage\":\"es\",\"potentialAction\":[{\"@type\":\"ReadAction\",\"target\":[\"https:\/\/gysfm.com.ar\/inicio\/el-presidente-del-bcra-asegura-que-la-mora-toco-su-pico-y-el-credito-empieza-a-recuperarse\/\"]}]},{\"@type\":\"ImageObject\",\"inLanguage\":\"es\",\"@id\":\"https:\/\/gysfm.com.ar\/inicio\/el-presidente-del-bcra-asegura-que-la-mora-toco-su-pico-y-el-credito-empieza-a-recuperarse\/#primaryimage\",\"url\":\"https:\/\/gysfm.com.ar\/inicio\/wp-content\/uploads\/2026\/04\/santiago-bausili-presidente-del-banco-central-XWSU2JELCJDUJGM77LTWNGWJXU.jpeg\",\"contentUrl\":\"https:\/\/gysfm.com.ar\/inicio\/wp-content\/uploads\/2026\/04\/santiago-bausili-presidente-del-banco-central-XWSU2JELCJDUJGM77LTWNGWJXU.jpeg\",\"width\":1200,\"height\":800},{\"@type\":\"BreadcrumbList\",\"@id\":\"https:\/\/gysfm.com.ar\/inicio\/el-presidente-del-bcra-asegura-que-la-mora-toco-su-pico-y-el-credito-empieza-a-recuperarse\/#breadcrumb\",\"itemListElement\":[{\"@type\":\"ListItem\",\"position\":1,\"name\":\"Portada\",\"item\":\"https:\/\/gysfm.com.ar\/inicio\/\"},{\"@type\":\"ListItem\",\"position\":2,\"name\":\"El presidente del BCRA asegura que la mora toc\u00f3 su pico y el cr\u00e9dito empieza a recuperarse\"}]},{\"@type\":\"WebSite\",\"@id\":\"https:\/\/gysfm.com.ar\/inicio\/#website\",\"url\":\"https:\/\/gysfm.com.ar\/inicio\/\",\"name\":\"GYS NOTICIAS |\",\"description\":\"DIARIO - RADIO ONLINE SAN JUAN ARGENTINA\",\"publisher\":{\"@id\":\"https:\/\/gysfm.com.ar\/inicio\/#organization\"},\"potentialAction\":[{\"@type\":\"SearchAction\",\"target\":{\"@type\":\"EntryPoint\",\"urlTemplate\":\"https:\/\/gysfm.com.ar\/inicio\/?s={search_term_string}\"},\"query-input\":{\"@type\":\"PropertyValueSpecification\",\"valueRequired\":true,\"valueName\":\"search_term_string\"}}],\"inLanguage\":\"es\"},{\"@type\":\"Organization\",\"@id\":\"https:\/\/gysfm.com.ar\/inicio\/#organization\",\"name\":\"GYS NOTICIAS |\",\"url\":\"https:\/\/gysfm.com.ar\/inicio\/\",\"logo\":{\"@type\":\"ImageObject\",\"inLanguage\":\"es\",\"@id\":\"https:\/\/gysfm.com.ar\/inicio\/#\/schema\/logo\/image\/\",\"url\":\"https:\/\/gysfm.com.ar\/inicio\/wp-content\/uploads\/2023\/07\/LOGOGYS-OK.png\",\"contentUrl\":\"https:\/\/gysfm.com.ar\/inicio\/wp-content\/uploads\/2023\/07\/LOGOGYS-OK.png\",\"width\":1170,\"height\":872,\"caption\":\"GYS NOTICIAS |\"},\"image\":{\"@id\":\"https:\/\/gysfm.com.ar\/inicio\/#\/schema\/logo\/image\/\"}},{\"@type\":\"Person\",\"@id\":\"https:\/\/gysfm.com.ar\/inicio\/#\/schema\/person\/5bedd7ecd35cc35548d89effafa23696\",\"name\":\"admin\",\"image\":{\"@type\":\"ImageObject\",\"inLanguage\":\"es\",\"@id\":\"https:\/\/gysfm.com.ar\/inicio\/#\/schema\/person\/image\/\",\"url\":\"https:\/\/secure.gravatar.com\/avatar\/c331d312b5243fb64d5ba28108a447b27c925295129a363082c9ea52c28d32c2?s=96&d=mm&r=g\",\"contentUrl\":\"https:\/\/secure.gravatar.com\/avatar\/c331d312b5243fb64d5ba28108a447b27c925295129a363082c9ea52c28d32c2?s=96&d=mm&r=g\",\"caption\":\"admin\"},\"sameAs\":[\"https:\/\/gysfm.com.ar\/inicio\"],\"url\":\"https:\/\/gysfm.com.ar\/inicio\/author\/admin\/\"}]}<\/script>\n<!-- \/ Yoast SEO plugin. -->","yoast_head_json":{"title":"El presidente del BCRA asegura que la mora toc\u00f3 su pico y el cr\u00e9dito empieza a recuperarse - GYS NOTICIAS |","robots":{"index":"index","follow":"follow","max-snippet":"max-snippet:-1","max-image-preview":"max-image-preview:large","max-video-preview":"max-video-preview:-1"},"canonical":"https:\/\/gysfm.com.ar\/inicio\/el-presidente-del-bcra-asegura-que-la-mora-toco-su-pico-y-el-credito-empieza-a-recuperarse\/","og_locale":"es_ES","og_type":"article","og_title":"El presidente del BCRA asegura que la mora toc\u00f3 su pico y el cr\u00e9dito empieza a recuperarse - GYS NOTICIAS |","og_description":"El presidente del Banco Central (BCRA), Santiago Bausili, ley\u00f3 un discurso de 18 minutos ante un auditorio del sector financiero y dej\u00f3 un mensaje que sintoniza con el del presidente Javier Milei y el ministro de Econom\u00eda, Luis Caputo: los peores datos ya quedaron atr\u00e1s. La mora crediticia, la inflaci\u00f3n y la volatilidad de tasas [&hellip;]","og_url":"https:\/\/gysfm.com.ar\/inicio\/el-presidente-del-bcra-asegura-que-la-mora-toco-su-pico-y-el-credito-empieza-a-recuperarse\/","og_site_name":"GYS NOTICIAS |","article_published_time":"2026-04-29T13:19:56+00:00","article_modified_time":"2026-04-29T13:19:57+00:00","og_image":[{"width":1200,"height":800,"url":"https:\/\/gysfm.com.ar\/inicio\/wp-content\/uploads\/2026\/04\/santiago-bausili-presidente-del-banco-central-XWSU2JELCJDUJGM77LTWNGWJXU.jpeg","type":"image\/jpeg"}],"author":"admin","twitter_card":"summary_large_image","twitter_misc":{"Escrito por":"admin","Tiempo de lectura":"5 minutos"},"schema":{"@context":"https:\/\/schema.org","@graph":[{"@type":"Article","@id":"https:\/\/gysfm.com.ar\/inicio\/el-presidente-del-bcra-asegura-que-la-mora-toco-su-pico-y-el-credito-empieza-a-recuperarse\/#article","isPartOf":{"@id":"https:\/\/gysfm.com.ar\/inicio\/el-presidente-del-bcra-asegura-que-la-mora-toco-su-pico-y-el-credito-empieza-a-recuperarse\/"},"author":{"name":"admin","@id":"https:\/\/gysfm.com.ar\/inicio\/#\/schema\/person\/5bedd7ecd35cc35548d89effafa23696"},"headline":"El presidente del BCRA asegura que la mora toc\u00f3 su pico y el cr\u00e9dito empieza a recuperarse","datePublished":"2026-04-29T13:19:56+00:00","dateModified":"2026-04-29T13:19:57+00:00","mainEntityOfPage":{"@id":"https:\/\/gysfm.com.ar\/inicio\/el-presidente-del-bcra-asegura-que-la-mora-toco-su-pico-y-el-credito-empieza-a-recuperarse\/"},"wordCount":1033,"publisher":{"@id":"https:\/\/gysfm.com.ar\/inicio\/#organization"},"image":{"@id":"https:\/\/gysfm.com.ar\/inicio\/el-presidente-del-bcra-asegura-que-la-mora-toco-su-pico-y-el-credito-empieza-a-recuperarse\/#primaryimage"},"thumbnailUrl":"https:\/\/gysfm.com.ar\/inicio\/wp-content\/uploads\/2026\/04\/santiago-bausili-presidente-del-banco-central-XWSU2JELCJDUJGM77LTWNGWJXU.jpeg","articleSection":["ECONOMIA"],"inLanguage":"es"},{"@type":"WebPage","@id":"https:\/\/gysfm.com.ar\/inicio\/el-presidente-del-bcra-asegura-que-la-mora-toco-su-pico-y-el-credito-empieza-a-recuperarse\/","url":"https:\/\/gysfm.com.ar\/inicio\/el-presidente-del-bcra-asegura-que-la-mora-toco-su-pico-y-el-credito-empieza-a-recuperarse\/","name":"El presidente del BCRA asegura que la mora toc\u00f3 su pico y el cr\u00e9dito empieza a recuperarse - GYS NOTICIAS |","isPartOf":{"@id":"https:\/\/gysfm.com.ar\/inicio\/#website"},"primaryImageOfPage":{"@id":"https:\/\/gysfm.com.ar\/inicio\/el-presidente-del-bcra-asegura-que-la-mora-toco-su-pico-y-el-credito-empieza-a-recuperarse\/#primaryimage"},"image":{"@id":"https:\/\/gysfm.com.ar\/inicio\/el-presidente-del-bcra-asegura-que-la-mora-toco-su-pico-y-el-credito-empieza-a-recuperarse\/#primaryimage"},"thumbnailUrl":"https:\/\/gysfm.com.ar\/inicio\/wp-content\/uploads\/2026\/04\/santiago-bausili-presidente-del-banco-central-XWSU2JELCJDUJGM77LTWNGWJXU.jpeg","datePublished":"2026-04-29T13:19:56+00:00","dateModified":"2026-04-29T13:19:57+00:00","breadcrumb":{"@id":"https:\/\/gysfm.com.ar\/inicio\/el-presidente-del-bcra-asegura-que-la-mora-toco-su-pico-y-el-credito-empieza-a-recuperarse\/#breadcrumb"},"inLanguage":"es","potentialAction":[{"@type":"ReadAction","target":["https:\/\/gysfm.com.ar\/inicio\/el-presidente-del-bcra-asegura-que-la-mora-toco-su-pico-y-el-credito-empieza-a-recuperarse\/"]}]},{"@type":"ImageObject","inLanguage":"es","@id":"https:\/\/gysfm.com.ar\/inicio\/el-presidente-del-bcra-asegura-que-la-mora-toco-su-pico-y-el-credito-empieza-a-recuperarse\/#primaryimage","url":"https:\/\/gysfm.com.ar\/inicio\/wp-content\/uploads\/2026\/04\/santiago-bausili-presidente-del-banco-central-XWSU2JELCJDUJGM77LTWNGWJXU.jpeg","contentUrl":"https:\/\/gysfm.com.ar\/inicio\/wp-content\/uploads\/2026\/04\/santiago-bausili-presidente-del-banco-central-XWSU2JELCJDUJGM77LTWNGWJXU.jpeg","width":1200,"height":800},{"@type":"BreadcrumbList","@id":"https:\/\/gysfm.com.ar\/inicio\/el-presidente-del-bcra-asegura-que-la-mora-toco-su-pico-y-el-credito-empieza-a-recuperarse\/#breadcrumb","itemListElement":[{"@type":"ListItem","position":1,"name":"Portada","item":"https:\/\/gysfm.com.ar\/inicio\/"},{"@type":"ListItem","position":2,"name":"El presidente del BCRA asegura que la mora toc\u00f3 su pico y el cr\u00e9dito empieza a recuperarse"}]},{"@type":"WebSite","@id":"https:\/\/gysfm.com.ar\/inicio\/#website","url":"https:\/\/gysfm.com.ar\/inicio\/","name":"GYS NOTICIAS |","description":"DIARIO - RADIO ONLINE SAN JUAN ARGENTINA","publisher":{"@id":"https:\/\/gysfm.com.ar\/inicio\/#organization"},"potentialAction":[{"@type":"SearchAction","target":{"@type":"EntryPoint","urlTemplate":"https:\/\/gysfm.com.ar\/inicio\/?s={search_term_string}"},"query-input":{"@type":"PropertyValueSpecification","valueRequired":true,"valueName":"search_term_string"}}],"inLanguage":"es"},{"@type":"Organization","@id":"https:\/\/gysfm.com.ar\/inicio\/#organization","name":"GYS NOTICIAS |","url":"https:\/\/gysfm.com.ar\/inicio\/","logo":{"@type":"ImageObject","inLanguage":"es","@id":"https:\/\/gysfm.com.ar\/inicio\/#\/schema\/logo\/image\/","url":"https:\/\/gysfm.com.ar\/inicio\/wp-content\/uploads\/2023\/07\/LOGOGYS-OK.png","contentUrl":"https:\/\/gysfm.com.ar\/inicio\/wp-content\/uploads\/2023\/07\/LOGOGYS-OK.png","width":1170,"height":872,"caption":"GYS NOTICIAS |"},"image":{"@id":"https:\/\/gysfm.com.ar\/inicio\/#\/schema\/logo\/image\/"}},{"@type":"Person","@id":"https:\/\/gysfm.com.ar\/inicio\/#\/schema\/person\/5bedd7ecd35cc35548d89effafa23696","name":"admin","image":{"@type":"ImageObject","inLanguage":"es","@id":"https:\/\/gysfm.com.ar\/inicio\/#\/schema\/person\/image\/","url":"https:\/\/secure.gravatar.com\/avatar\/c331d312b5243fb64d5ba28108a447b27c925295129a363082c9ea52c28d32c2?s=96&d=mm&r=g","contentUrl":"https:\/\/secure.gravatar.com\/avatar\/c331d312b5243fb64d5ba28108a447b27c925295129a363082c9ea52c28d32c2?s=96&d=mm&r=g","caption":"admin"},"sameAs":["https:\/\/gysfm.com.ar\/inicio"],"url":"https:\/\/gysfm.com.ar\/inicio\/author\/admin\/"}]}},"_links":{"self":[{"href":"https:\/\/gysfm.com.ar\/inicio\/wp-json\/wp\/v2\/posts\/193663","targetHints":{"allow":["GET"]}}],"collection":[{"href":"https:\/\/gysfm.com.ar\/inicio\/wp-json\/wp\/v2\/posts"}],"about":[{"href":"https:\/\/gysfm.com.ar\/inicio\/wp-json\/wp\/v2\/types\/post"}],"author":[{"embeddable":true,"href":"https:\/\/gysfm.com.ar\/inicio\/wp-json\/wp\/v2\/users\/1"}],"replies":[{"embeddable":true,"href":"https:\/\/gysfm.com.ar\/inicio\/wp-json\/wp\/v2\/comments?post=193663"}],"version-history":[{"count":1,"href":"https:\/\/gysfm.com.ar\/inicio\/wp-json\/wp\/v2\/posts\/193663\/revisions"}],"predecessor-version":[{"id":193665,"href":"https:\/\/gysfm.com.ar\/inicio\/wp-json\/wp\/v2\/posts\/193663\/revisions\/193665"}],"wp:featuredmedia":[{"embeddable":true,"href":"https:\/\/gysfm.com.ar\/inicio\/wp-json\/wp\/v2\/media\/193664"}],"wp:attachment":[{"href":"https:\/\/gysfm.com.ar\/inicio\/wp-json\/wp\/v2\/media?parent=193663"}],"wp:term":[{"taxonomy":"category","embeddable":true,"href":"https:\/\/gysfm.com.ar\/inicio\/wp-json\/wp\/v2\/categories?post=193663"},{"taxonomy":"post_tag","embeddable":true,"href":"https:\/\/gysfm.com.ar\/inicio\/wp-json\/wp\/v2\/tags?post=193663"}],"curies":[{"name":"wp","href":"https:\/\/api.w.org\/{rel}","templated":true}]}}