{"id":193659,"date":"2026-04-29T10:12:23","date_gmt":"2026-04-29T13:12:23","guid":{"rendered":"https:\/\/gysfm.com.ar\/inicio\/federico-sturzenegger-impulsa-una-ley-para-que-existan-empresas-gestionadas-100-por-inteligencia-artificial\/"},"modified":"2026-04-29T10:12:23","modified_gmt":"2026-04-29T13:12:23","slug":"federico-sturzenegger-impulsa-una-ley-para-que-existan-empresas-gestionadas-100-por-inteligencia-artificial","status":"publish","type":"post","link":"https:\/\/gysfm.com.ar\/inicio\/federico-sturzenegger-impulsa-una-ley-para-que-existan-empresas-gestionadas-100-por-inteligencia-artificial\/","title":{"rendered":"Federico Sturzenegger impulsa una ley para que existan empresas gestionadas 100% por inteligencia artificial"},"content":{"rendered":"<p> <br \/>\n<\/p>\n<div>\t\t<!-- { REGION4 --> <\/p>\n<header class=\"news-headline\">\n<h2 class=\"news-headline__article-summary\">\t\t<\/h2>\n<p id=\"p-1777400571399-43126\" class=\"ignore-parser\">Durante su discurso, el ministro de Desregulaci\u00f3n y Transformaci\u00f3n del Estado adelant\u00f3 seis nuevas leyes que planea enviar al Congreso Nacional.<\/p>\n<\/header>\n<div class=\"detail-highlighted-multimedia content-protected-false\">\n<figure class=\"detail-highlighted-multimedia__figure\">  <img decoding=\"async\" src=\"https:\/\/media.ambito.com\/p\/07d7ad06aede53aecdba61f8de145b32\/adjuntos\/239\/imagenes\/042\/865\/0042865669\/federico-sturzenegger-coloquio-idea.jpg\" class=\"detail-highlighted-multimedia__figure-img img-fluid\" alt=\"Federico Sturzenegger, defendi\u00f3 durante su discurso en Expo EFI una bater\u00eda de leyes.\" width=\"655\" height=\"368\" crossorigin=\"anonymous\" fetchpriority=\"high\" decode=\"async\"\/><figcaption class=\"detail-highlighted-multimedia__figcaption\">  <span class=\"detail-highlighted-multimedia__copyright\">Coloquio IDEA<\/span><\/figcaption><\/figure>\n<\/div>\n<article class=\"article-body article-body--first-paragraph content-protected-false\" data-td-script-src=\"https:\/\/www.ambito.com\/td\/modulos\/encuestas\/js\/function-embeds-min-version-1777349332.js\">\n<p id=\"p-1777400802929-91237\" data-path-to-node=\"6\">El ministro de Desregulaci\u00f3n y Transformaci\u00f3n, <strong>Federico Sturzenegger<\/strong>, defendi\u00f3 este martes durante su discurso en <strong> Expo EFI<\/strong> una bater\u00eda de leyes que planea enviar al Congreso Nacional que van desde eliminar 80 normativas que consider\u00f3 \u00abobsoletas\u00bb, un proyecto sobre la <strong data-path-to-node=\"7\" data-index-in-node=\"53\">inviolabilidad de la propiedad privada<\/strong>, que incluye cambios en las leyes de protecci\u00f3n, desalojos y de fuego, hasta una reforma a la <strong data-path-to-node=\"10\" data-index-in-node=\"40\">Ley de Sociedades<\/strong> que permitir\u00e1<strong> la incorporaci\u00f3n de sociedades de inteligencia artificial, b\u00e1sicamente, empresas que no tienen humanos.<\/strong><\/p>\n<\/article>\n<section class=\"suscription-false printed-edition\" style=\"display:none\">\n<p>El contenido al que quiere acceder es exclusivo para suscriptores.<\/p>\n<p>  <span> <button type=\"button\" name=\"button\" class=\"subscribe-btn mercadopago-btn\">suscribirse<\/button><\/span>  <span class=\"btns\"><button type=\"button\" name=\"button\" class=\"subscribe-btn reload-login\"> ya estoy suscripto<\/button><\/span>  <\/p>\n<\/section>\n<article class=\"article-body article-body--second-paragraph content-protected-false\">\n<p id=\"p-1777400573516-34174\" data-path-to-node=\"6\"><strong>\u00abQuiero contarles sobre seis proyectos de ley que estamos enviando al Congreso, en lo que Javier Milei ha llamado &#8216;el Congreso m\u00e1s reformista de la historia\u00bb<\/strong>, dijo durante su discurso el funcionario libertario. Una de las normativas m\u00e1s llamativas que anunci\u00f3 fue una reforma a la <strong data-path-to-node=\"10\" data-index-in-node=\"40\">Ley de Sociedades<\/strong> que, \u00abadem\u00e1s de modernizarla y digitalizarla, permitir\u00e1 la incorporaci\u00f3n de sociedades de inteligencia artificial; empresas que no tienen humanos, sino que son programas\u00bb, detall\u00f3.<\/p>\n<\/article>\n<section class=\"related-news\">\t\t<span class=\"related-news__title\">Informate m\u00e1s<\/span>\t\t<\/p>\n<div class=\"row row--eq-height\">\n<div class=\"col-12 col-md-6\">\n<article class=\"news-article news-article--landscape-news news-article--landscape-news\">\n<figure class=\"news-article__figure figure\">\n\t\t\t\t\t\t\t\t\t\t\t<img loading=\"lazy\" decoding=\"async\" src=\"https:\/\/media.ambito.com\/p\/90a345519f4a13d0d622f268dd95d7a9\/adjuntos\/239\/imagenes\/041\/740\/0041740715\/federico-sturzenegger-ministro-desregulacion-y-transformacion-del-estado-la-nacion-argentina.jpg\" alt=\"Federico Sturzenegger se refiri\u00f3 a la pol\u00e9mica en torno a los despidos en el SMN.\u00a0\" title=\"Federico Sturzenegger se refiri\u00f3 a la pol\u00e9mica en torno a los despidos en el SMN.\u00a0\" width=\"93\" height=\"52\" class=\"news-article__figure-img figure-img img-fluid\"\/>\t\t<\/figure>\n<\/article><\/div>\n<div class=\"col-12 col-md-6\">\n<article class=\"news-article news-article--landscape-news news-article--landscape-news\">\n<figure class=\"news-article__figure figure\">\n\t\t\t\t\t\t\t\t\t\t\t<img loading=\"lazy\" decoding=\"async\" src=\"https:\/\/media.ambito.com\/p\/8ca3efdf4ff22944df0025e0f50765a6\/adjuntos\/239\/imagenes\/043\/284\/0043284537\/93x52\/smart\/plenario-diputados-glaciares.jpg\" alt=\"El proyecto impulsado por el Ejecutivo deroga unas 70 leyes.\u00a0 \" title=\"El proyecto impulsado por el Ejecutivo deroga unas 70 leyes.\u00a0 \" width=\"93\" height=\"52\" class=\"news-article__figure-img figure-img img-fluid\"\/>\t\t<\/figure>\n<\/article><\/div>\n<\/div>\n<\/section>\n<article class=\"article-body article-body--third-paragraph content-protected-false\">\n<p id=\"p-1777400998165-41897\" data-path-to-node=\"6\">Al respecto mencion\u00f3 como ejemplo, <strong>Irlanda<\/strong>, que logr\u00f3 que<strong> su PBI subiera un 25% en un solo d\u00eda cuando Apple incorpor\u00f3 a la empresa due\u00f1a del software de los iPhones que tiene origen en ese pa\u00eds. \u00ab<\/strong>Si en 10 a\u00f1os el 90% del PBI mundial lo producen agentes de IA, queremos que ese r\u00e9gimen jur\u00eddico est\u00e9 en Argentina. Podr\u00edamos tener 50 millones de habitantes y<strong> 500 millones de agentes de IA incorporados aqu\u00ed, produciendo para el mundo y pagando impuestos en nuestro pa\u00eds.<\/strong> Es una propuesta transformadora y vanguardista. Hay que mirar lejos para tener m\u00e1s oportunidades\u00bb, detall\u00f3.<\/p>\n<\/article>\n<article class=\"article-body article-body--fourth-paragraph content-protected-false\">\n<div contenteditable=\"false\" class=\"embed_cont type_imagen\" id=\"8217454-Libre-543264152_wrap\">\n<p>image <span onclick=\"parent.parent.TinyMCETdcuerpo.preview_embed('8217454-Libre-543264152')\" class=\"embed_colapse less\" id=\"8217454-Libre-543264152_colapse\"\/>  <span onclick=\"parent.parent.TinyMCETdcuerpo.delete_embed('8217454-Libre-543264152')\" class=\"embed_delete less\" id=\"8217454-Libre-543264152_delete\"\/><\/p>\n<div id=\"8217454-Libre-543264152_content\" class=\"embed_content\"><img decoding=\"async\" src=\"https:\/\/media.ambito.com\/p\/a471a28040db93f399ad50201518c79b\/adjuntos\/239\/imagenes\/043\/333\/0043333997\/730x0\/smart\/image.png\" alt=\"\" title=\"\" width=\"730\" height=\"undefined\" id=\"8217454-Libre-543264152_embed\"\/><\/div><\/div>\n<\/article>\n<article class=\"article-body article-body--fifth-paragraph content-protected-false\">\n<h2 id=\"p-1777401160539-39255\" data-path-to-node=\"6\">Cu\u00e1les son las otras leyes que planea enviar el Congreso<\/h2>\n<p id=\"p-1777401224172-2426\">La <strong>\u00abLey Hojarasca\u00bb,<\/strong> impulsada por el ministro Federico Sturzenegger, es un proyecto del Gobierno para derogar m\u00e1s de 60-70 leyes consideradas obsoletas, \u00abvetustas\u00bb o innecesarias. \u00abEs el comienzo de un camino de simplificaci\u00f3n legislativa: cuantas menos leyes, m\u00e1s justicia. Necesitamos limpiar el bosque para que haya claridad sobre el marco jur\u00eddico\u00bb, determin\u00f3.<\/p>\n<\/article>\n<article class=\"article-body article-body--remaining-paragraph content-protected-false\">\n<p id=\"p-1777401247492-22272\">El funcionario dijo que tambi\u00e9n enviaron al Senado un proyecto sobre la <strong data-path-to-node=\"7\" data-index-in-node=\"53\">inviolabilidad de la propiedad privada<\/strong>, que incluye cambios en <strong>las leyes de protecci\u00f3n, desalojos y de fuego<\/strong>. \u00abEsto contempla la derogaci\u00f3n parcial de la Ley de Tierras para permitir la inversi\u00f3n extranjera, que estimamos en u$s15.000 millones para las econom\u00edas regionales. Esto cambiar\u00e1 la fisonom\u00eda de la Patagonia al poner capital sobre nuestros recursos\u00bb, describi\u00f3.<\/p>\n<p id=\"p-1777400573516-4173\" data-path-to-node=\"8\">El ministro de Desregulaci\u00f3n anunci\u00f3 que el mes que viene enviar\u00e1n <strong>una reforma que incluye mercado de capitales y seguros,<\/strong> y tambi\u00e9n la <strong data-path-to-node=\"8\" data-index-in-node=\"108\">Ley de Cabotaje<\/strong>. \u00abLa Constituci\u00f3n establece que la navegaci\u00f3n de los r\u00edos es libre. Liberar la navegaci\u00f3n de cabotaje generar\u00eda una baja de costos log\u00edstica equivalente a bajar las retenciones ocho puntos. Es absurdo poner 300 camiones desde Salta a quemar gasoil hasta Rosario pudiendo cargar en barcazas en Chaco a un costo mucho m\u00e1s accesible\u00bb, describi\u00f3.<\/p>\n<p id=\"p-1777401387999-5652\" data-path-to-node=\"8\">Y utiliz\u00f3 m\u00e1s ejemplos sobre la aplicaci\u00f3n: \u00ab<strong>Lo mismo con los productores forestales de Misiones: hoy llevan la madera en cami\u00f3n hasta Z\u00e1rate cuando podr\u00edan embarcarla en El Dorado directamente hacia China. <\/strong>Es el cambio log\u00edstico m\u00e1s importante que podemos hacer\u00bb.<\/p>\n<p id=\"p-1777400573516-43200\" data-path-to-node=\"9\">\u00abEste cambio se complementar\u00e1 con el programa de licitaci\u00f3n de rutas y la <strong data-path-to-node=\"9\" data-index-in-node=\"73\">Ley de Defensa de la Competencia<\/strong>. Vamos a darle a la autoridad de aplicaci\u00f3n la potestad de litigar contra las regulaciones del Estado, que son las principales barreras de entrada que da\u00f1an la competencia, especialmente para las pymes\u00bb, detall\u00f3 y la \u00faltima de las seis leyes es que avanzar\u00e1n con la <strong data-path-to-node=\"9\" data-index-in-node=\"336\">Reforma del Estado<\/strong> para definir sus competencias.<\/p>\n<\/article>\n<p>\t\t\t\t<!-- REGION4 } -->\n\t\t\t\t\t\t<\/div>\n<p><script>\n!function(f,b,e,v,n,t,s)\n{if(f.fbq)return;n=f.fbq=function(){n.callMethod?\nn.callMethod.apply(n,arguments):n.queue.push(arguments)};\nif(!f._fbq)f._fbq=n;n.push=n;n.loaded=!0;n.version='2.0';\nn.queue=[];t=b.createElement(e);t.async=!0;\nt.src=v;s=b.getElementsByTagName(e)[0];\ns.parentNode.insertBefore(t,s)}(window,document,'script',\n'https:\/\/connect.facebook.net\/en_US\/fbevents.js');\nfbq('init', '2047048335588113');\nfbq('track', 'PageView');\n<\/script><br \/>\n<br \/><\/p>\n","protected":false},"excerpt":{"rendered":"<p>Durante su discurso, el ministro de Desregulaci\u00f3n y Transformaci\u00f3n del Estado adelant\u00f3 seis nuevas leyes que planea enviar al Congreso Nacional. Coloquio IDEA El ministro de Desregulaci\u00f3n y Transformaci\u00f3n, Federico Sturzenegger, defendi\u00f3 este martes durante su discurso en Expo EFI una bater\u00eda de leyes que planea enviar al Congreso Nacional que van desde eliminar 80 [&hellip;]<\/p>\n","protected":false},"author":1,"featured_media":169767,"comment_status":"closed","ping_status":"closed","sticky":false,"template":"","format":"standard","meta":{"footnotes":""},"categories":[28],"tags":[],"class_list":["post-193659","post","type-post","status-publish","format-standard","has-post-thumbnail","hentry","category-economia"],"yoast_head":"<!-- This site is optimized with the Yoast SEO plugin v24.4 - https:\/\/yoast.com\/wordpress\/plugins\/seo\/ -->\n<title>Federico Sturzenegger impulsa una ley para que existan empresas gestionadas 100% por inteligencia artificial - GYS NOTICIAS |<\/title>\n<meta name=\"robots\" content=\"index, follow, max-snippet:-1, max-image-preview:large, max-video-preview:-1\" \/>\n<link rel=\"canonical\" href=\"https:\/\/gysfm.com.ar\/inicio\/federico-sturzenegger-impulsa-una-ley-para-que-existan-empresas-gestionadas-100-por-inteligencia-artificial\/\" \/>\n<meta property=\"og:locale\" content=\"es_ES\" \/>\n<meta property=\"og:type\" content=\"article\" \/>\n<meta property=\"og:title\" content=\"Federico Sturzenegger impulsa una ley para que existan empresas gestionadas 100% por inteligencia artificial - GYS NOTICIAS |\" \/>\n<meta property=\"og:description\" content=\"Durante su discurso, el ministro de Desregulaci\u00f3n y Transformaci\u00f3n del Estado adelant\u00f3 seis nuevas leyes que planea enviar al Congreso Nacional. Coloquio IDEA El ministro de Desregulaci\u00f3n y Transformaci\u00f3n, Federico Sturzenegger, defendi\u00f3 este martes durante su discurso en Expo EFI una bater\u00eda de leyes que planea enviar al Congreso Nacional que van desde eliminar 80 [&hellip;]\" \/>\n<meta property=\"og:url\" content=\"https:\/\/gysfm.com.ar\/inicio\/federico-sturzenegger-impulsa-una-ley-para-que-existan-empresas-gestionadas-100-por-inteligencia-artificial\/\" \/>\n<meta property=\"og:site_name\" content=\"GYS NOTICIAS |\" \/>\n<meta property=\"article:published_time\" content=\"2026-04-29T13:12:23+00:00\" \/>\n<meta property=\"og:image\" content=\"https:\/\/media.ambito.com\/p\/07d7ad06aede53aecdba61f8de145b32\/adjuntos\/239\/imagenes\/042\/865\/0042865669\/federico-sturzenegger-coloquio-idea.jpg\" \/>\n<meta name=\"author\" content=\"admin\" \/>\n<meta name=\"twitter:card\" content=\"summary_large_image\" \/>\n<meta name=\"twitter:label1\" content=\"Escrito por\" \/>\n\t<meta name=\"twitter:data1\" content=\"admin\" \/>\n\t<meta name=\"twitter:label2\" content=\"Tiempo de lectura\" \/>\n\t<meta name=\"twitter:data2\" content=\"3 minutos\" \/>\n<script type=\"application\/ld+json\" class=\"yoast-schema-graph\">{\"@context\":\"https:\/\/schema.org\",\"@graph\":[{\"@type\":\"Article\",\"@id\":\"https:\/\/gysfm.com.ar\/inicio\/federico-sturzenegger-impulsa-una-ley-para-que-existan-empresas-gestionadas-100-por-inteligencia-artificial\/#article\",\"isPartOf\":{\"@id\":\"https:\/\/gysfm.com.ar\/inicio\/federico-sturzenegger-impulsa-una-ley-para-que-existan-empresas-gestionadas-100-por-inteligencia-artificial\/\"},\"author\":{\"name\":\"admin\",\"@id\":\"https:\/\/gysfm.com.ar\/inicio\/#\/schema\/person\/5bedd7ecd35cc35548d89effafa23696\"},\"headline\":\"Federico Sturzenegger impulsa una ley para que existan empresas gestionadas 100% por inteligencia artificial\",\"datePublished\":\"2026-04-29T13:12:23+00:00\",\"mainEntityOfPage\":{\"@id\":\"https:\/\/gysfm.com.ar\/inicio\/federico-sturzenegger-impulsa-una-ley-para-que-existan-empresas-gestionadas-100-por-inteligencia-artificial\/\"},\"wordCount\":675,\"publisher\":{\"@id\":\"https:\/\/gysfm.com.ar\/inicio\/#organization\"},\"image\":{\"@id\":\"https:\/\/gysfm.com.ar\/inicio\/federico-sturzenegger-impulsa-una-ley-para-que-existan-empresas-gestionadas-100-por-inteligencia-artificial\/#primaryimage\"},\"thumbnailUrl\":\"https:\/\/gysfm.com.ar\/inicio\/wp-content\/uploads\/2025\/12\/federico-sturzenegger-coloquio-idea.jpg\",\"articleSection\":[\"ECONOMIA\"],\"inLanguage\":\"es\"},{\"@type\":\"WebPage\",\"@id\":\"https:\/\/gysfm.com.ar\/inicio\/federico-sturzenegger-impulsa-una-ley-para-que-existan-empresas-gestionadas-100-por-inteligencia-artificial\/\",\"url\":\"https:\/\/gysfm.com.ar\/inicio\/federico-sturzenegger-impulsa-una-ley-para-que-existan-empresas-gestionadas-100-por-inteligencia-artificial\/\",\"name\":\"Federico Sturzenegger impulsa una ley para que existan empresas gestionadas 100% por inteligencia artificial - GYS NOTICIAS |\",\"isPartOf\":{\"@id\":\"https:\/\/gysfm.com.ar\/inicio\/#website\"},\"primaryImageOfPage\":{\"@id\":\"https:\/\/gysfm.com.ar\/inicio\/federico-sturzenegger-impulsa-una-ley-para-que-existan-empresas-gestionadas-100-por-inteligencia-artificial\/#primaryimage\"},\"image\":{\"@id\":\"https:\/\/gysfm.com.ar\/inicio\/federico-sturzenegger-impulsa-una-ley-para-que-existan-empresas-gestionadas-100-por-inteligencia-artificial\/#primaryimage\"},\"thumbnailUrl\":\"https:\/\/gysfm.com.ar\/inicio\/wp-content\/uploads\/2025\/12\/federico-sturzenegger-coloquio-idea.jpg\",\"datePublished\":\"2026-04-29T13:12:23+00:00\",\"breadcrumb\":{\"@id\":\"https:\/\/gysfm.com.ar\/inicio\/federico-sturzenegger-impulsa-una-ley-para-que-existan-empresas-gestionadas-100-por-inteligencia-artificial\/#breadcrumb\"},\"inLanguage\":\"es\",\"potentialAction\":[{\"@type\":\"ReadAction\",\"target\":[\"https:\/\/gysfm.com.ar\/inicio\/federico-sturzenegger-impulsa-una-ley-para-que-existan-empresas-gestionadas-100-por-inteligencia-artificial\/\"]}]},{\"@type\":\"ImageObject\",\"inLanguage\":\"es\",\"@id\":\"https:\/\/gysfm.com.ar\/inicio\/federico-sturzenegger-impulsa-una-ley-para-que-existan-empresas-gestionadas-100-por-inteligencia-artificial\/#primaryimage\",\"url\":\"https:\/\/gysfm.com.ar\/inicio\/wp-content\/uploads\/2025\/12\/federico-sturzenegger-coloquio-idea.jpg\",\"contentUrl\":\"https:\/\/gysfm.com.ar\/inicio\/wp-content\/uploads\/2025\/12\/federico-sturzenegger-coloquio-idea.jpg\",\"width\":1200,\"height\":675},{\"@type\":\"BreadcrumbList\",\"@id\":\"https:\/\/gysfm.com.ar\/inicio\/federico-sturzenegger-impulsa-una-ley-para-que-existan-empresas-gestionadas-100-por-inteligencia-artificial\/#breadcrumb\",\"itemListElement\":[{\"@type\":\"ListItem\",\"position\":1,\"name\":\"Portada\",\"item\":\"https:\/\/gysfm.com.ar\/inicio\/\"},{\"@type\":\"ListItem\",\"position\":2,\"name\":\"Federico Sturzenegger impulsa una ley para que existan empresas gestionadas 100% por inteligencia artificial\"}]},{\"@type\":\"WebSite\",\"@id\":\"https:\/\/gysfm.com.ar\/inicio\/#website\",\"url\":\"https:\/\/gysfm.com.ar\/inicio\/\",\"name\":\"GYS NOTICIAS |\",\"description\":\"DIARIO - RADIO ONLINE SAN JUAN ARGENTINA\",\"publisher\":{\"@id\":\"https:\/\/gysfm.com.ar\/inicio\/#organization\"},\"potentialAction\":[{\"@type\":\"SearchAction\",\"target\":{\"@type\":\"EntryPoint\",\"urlTemplate\":\"https:\/\/gysfm.com.ar\/inicio\/?s={search_term_string}\"},\"query-input\":{\"@type\":\"PropertyValueSpecification\",\"valueRequired\":true,\"valueName\":\"search_term_string\"}}],\"inLanguage\":\"es\"},{\"@type\":\"Organization\",\"@id\":\"https:\/\/gysfm.com.ar\/inicio\/#organization\",\"name\":\"GYS NOTICIAS |\",\"url\":\"https:\/\/gysfm.com.ar\/inicio\/\",\"logo\":{\"@type\":\"ImageObject\",\"inLanguage\":\"es\",\"@id\":\"https:\/\/gysfm.com.ar\/inicio\/#\/schema\/logo\/image\/\",\"url\":\"https:\/\/gysfm.com.ar\/inicio\/wp-content\/uploads\/2023\/07\/LOGOGYS-OK.png\",\"contentUrl\":\"https:\/\/gysfm.com.ar\/inicio\/wp-content\/uploads\/2023\/07\/LOGOGYS-OK.png\",\"width\":1170,\"height\":872,\"caption\":\"GYS NOTICIAS |\"},\"image\":{\"@id\":\"https:\/\/gysfm.com.ar\/inicio\/#\/schema\/logo\/image\/\"}},{\"@type\":\"Person\",\"@id\":\"https:\/\/gysfm.com.ar\/inicio\/#\/schema\/person\/5bedd7ecd35cc35548d89effafa23696\",\"name\":\"admin\",\"image\":{\"@type\":\"ImageObject\",\"inLanguage\":\"es\",\"@id\":\"https:\/\/gysfm.com.ar\/inicio\/#\/schema\/person\/image\/\",\"url\":\"https:\/\/secure.gravatar.com\/avatar\/c331d312b5243fb64d5ba28108a447b27c925295129a363082c9ea52c28d32c2?s=96&d=mm&r=g\",\"contentUrl\":\"https:\/\/secure.gravatar.com\/avatar\/c331d312b5243fb64d5ba28108a447b27c925295129a363082c9ea52c28d32c2?s=96&d=mm&r=g\",\"caption\":\"admin\"},\"sameAs\":[\"https:\/\/gysfm.com.ar\/inicio\"],\"url\":\"https:\/\/gysfm.com.ar\/inicio\/author\/admin\/\"}]}<\/script>\n<!-- \/ Yoast SEO plugin. -->","yoast_head_json":{"title":"Federico Sturzenegger impulsa una ley para que existan empresas gestionadas 100% por inteligencia artificial - GYS NOTICIAS |","robots":{"index":"index","follow":"follow","max-snippet":"max-snippet:-1","max-image-preview":"max-image-preview:large","max-video-preview":"max-video-preview:-1"},"canonical":"https:\/\/gysfm.com.ar\/inicio\/federico-sturzenegger-impulsa-una-ley-para-que-existan-empresas-gestionadas-100-por-inteligencia-artificial\/","og_locale":"es_ES","og_type":"article","og_title":"Federico Sturzenegger impulsa una ley para que existan empresas gestionadas 100% por inteligencia artificial - GYS NOTICIAS |","og_description":"Durante su discurso, el ministro de Desregulaci\u00f3n y Transformaci\u00f3n del Estado adelant\u00f3 seis nuevas leyes que planea enviar al Congreso Nacional. Coloquio IDEA El ministro de Desregulaci\u00f3n y Transformaci\u00f3n, Federico Sturzenegger, defendi\u00f3 este martes durante su discurso en Expo EFI una bater\u00eda de leyes que planea enviar al Congreso Nacional que van desde eliminar 80 [&hellip;]","og_url":"https:\/\/gysfm.com.ar\/inicio\/federico-sturzenegger-impulsa-una-ley-para-que-existan-empresas-gestionadas-100-por-inteligencia-artificial\/","og_site_name":"GYS NOTICIAS |","article_published_time":"2026-04-29T13:12:23+00:00","og_image":[{"url":"https:\/\/media.ambito.com\/p\/07d7ad06aede53aecdba61f8de145b32\/adjuntos\/239\/imagenes\/042\/865\/0042865669\/federico-sturzenegger-coloquio-idea.jpg","type":"","width":"","height":""}],"author":"admin","twitter_card":"summary_large_image","twitter_misc":{"Escrito por":"admin","Tiempo de lectura":"3 minutos"},"schema":{"@context":"https:\/\/schema.org","@graph":[{"@type":"Article","@id":"https:\/\/gysfm.com.ar\/inicio\/federico-sturzenegger-impulsa-una-ley-para-que-existan-empresas-gestionadas-100-por-inteligencia-artificial\/#article","isPartOf":{"@id":"https:\/\/gysfm.com.ar\/inicio\/federico-sturzenegger-impulsa-una-ley-para-que-existan-empresas-gestionadas-100-por-inteligencia-artificial\/"},"author":{"name":"admin","@id":"https:\/\/gysfm.com.ar\/inicio\/#\/schema\/person\/5bedd7ecd35cc35548d89effafa23696"},"headline":"Federico Sturzenegger impulsa una ley para que existan empresas gestionadas 100% por inteligencia artificial","datePublished":"2026-04-29T13:12:23+00:00","mainEntityOfPage":{"@id":"https:\/\/gysfm.com.ar\/inicio\/federico-sturzenegger-impulsa-una-ley-para-que-existan-empresas-gestionadas-100-por-inteligencia-artificial\/"},"wordCount":675,"publisher":{"@id":"https:\/\/gysfm.com.ar\/inicio\/#organization"},"image":{"@id":"https:\/\/gysfm.com.ar\/inicio\/federico-sturzenegger-impulsa-una-ley-para-que-existan-empresas-gestionadas-100-por-inteligencia-artificial\/#primaryimage"},"thumbnailUrl":"https:\/\/gysfm.com.ar\/inicio\/wp-content\/uploads\/2025\/12\/federico-sturzenegger-coloquio-idea.jpg","articleSection":["ECONOMIA"],"inLanguage":"es"},{"@type":"WebPage","@id":"https:\/\/gysfm.com.ar\/inicio\/federico-sturzenegger-impulsa-una-ley-para-que-existan-empresas-gestionadas-100-por-inteligencia-artificial\/","url":"https:\/\/gysfm.com.ar\/inicio\/federico-sturzenegger-impulsa-una-ley-para-que-existan-empresas-gestionadas-100-por-inteligencia-artificial\/","name":"Federico Sturzenegger impulsa una ley para que existan empresas gestionadas 100% por inteligencia artificial - GYS NOTICIAS |","isPartOf":{"@id":"https:\/\/gysfm.com.ar\/inicio\/#website"},"primaryImageOfPage":{"@id":"https:\/\/gysfm.com.ar\/inicio\/federico-sturzenegger-impulsa-una-ley-para-que-existan-empresas-gestionadas-100-por-inteligencia-artificial\/#primaryimage"},"image":{"@id":"https:\/\/gysfm.com.ar\/inicio\/federico-sturzenegger-impulsa-una-ley-para-que-existan-empresas-gestionadas-100-por-inteligencia-artificial\/#primaryimage"},"thumbnailUrl":"https:\/\/gysfm.com.ar\/inicio\/wp-content\/uploads\/2025\/12\/federico-sturzenegger-coloquio-idea.jpg","datePublished":"2026-04-29T13:12:23+00:00","breadcrumb":{"@id":"https:\/\/gysfm.com.ar\/inicio\/federico-sturzenegger-impulsa-una-ley-para-que-existan-empresas-gestionadas-100-por-inteligencia-artificial\/#breadcrumb"},"inLanguage":"es","potentialAction":[{"@type":"ReadAction","target":["https:\/\/gysfm.com.ar\/inicio\/federico-sturzenegger-impulsa-una-ley-para-que-existan-empresas-gestionadas-100-por-inteligencia-artificial\/"]}]},{"@type":"ImageObject","inLanguage":"es","@id":"https:\/\/gysfm.com.ar\/inicio\/federico-sturzenegger-impulsa-una-ley-para-que-existan-empresas-gestionadas-100-por-inteligencia-artificial\/#primaryimage","url":"https:\/\/gysfm.com.ar\/inicio\/wp-content\/uploads\/2025\/12\/federico-sturzenegger-coloquio-idea.jpg","contentUrl":"https:\/\/gysfm.com.ar\/inicio\/wp-content\/uploads\/2025\/12\/federico-sturzenegger-coloquio-idea.jpg","width":1200,"height":675},{"@type":"BreadcrumbList","@id":"https:\/\/gysfm.com.ar\/inicio\/federico-sturzenegger-impulsa-una-ley-para-que-existan-empresas-gestionadas-100-por-inteligencia-artificial\/#breadcrumb","itemListElement":[{"@type":"ListItem","position":1,"name":"Portada","item":"https:\/\/gysfm.com.ar\/inicio\/"},{"@type":"ListItem","position":2,"name":"Federico Sturzenegger impulsa una ley para que existan empresas gestionadas 100% por inteligencia artificial"}]},{"@type":"WebSite","@id":"https:\/\/gysfm.com.ar\/inicio\/#website","url":"https:\/\/gysfm.com.ar\/inicio\/","name":"GYS NOTICIAS |","description":"DIARIO - RADIO ONLINE SAN JUAN ARGENTINA","publisher":{"@id":"https:\/\/gysfm.com.ar\/inicio\/#organization"},"potentialAction":[{"@type":"SearchAction","target":{"@type":"EntryPoint","urlTemplate":"https:\/\/gysfm.com.ar\/inicio\/?s={search_term_string}"},"query-input":{"@type":"PropertyValueSpecification","valueRequired":true,"valueName":"search_term_string"}}],"inLanguage":"es"},{"@type":"Organization","@id":"https:\/\/gysfm.com.ar\/inicio\/#organization","name":"GYS NOTICIAS |","url":"https:\/\/gysfm.com.ar\/inicio\/","logo":{"@type":"ImageObject","inLanguage":"es","@id":"https:\/\/gysfm.com.ar\/inicio\/#\/schema\/logo\/image\/","url":"https:\/\/gysfm.com.ar\/inicio\/wp-content\/uploads\/2023\/07\/LOGOGYS-OK.png","contentUrl":"https:\/\/gysfm.com.ar\/inicio\/wp-content\/uploads\/2023\/07\/LOGOGYS-OK.png","width":1170,"height":872,"caption":"GYS NOTICIAS |"},"image":{"@id":"https:\/\/gysfm.com.ar\/inicio\/#\/schema\/logo\/image\/"}},{"@type":"Person","@id":"https:\/\/gysfm.com.ar\/inicio\/#\/schema\/person\/5bedd7ecd35cc35548d89effafa23696","name":"admin","image":{"@type":"ImageObject","inLanguage":"es","@id":"https:\/\/gysfm.com.ar\/inicio\/#\/schema\/person\/image\/","url":"https:\/\/secure.gravatar.com\/avatar\/c331d312b5243fb64d5ba28108a447b27c925295129a363082c9ea52c28d32c2?s=96&d=mm&r=g","contentUrl":"https:\/\/secure.gravatar.com\/avatar\/c331d312b5243fb64d5ba28108a447b27c925295129a363082c9ea52c28d32c2?s=96&d=mm&r=g","caption":"admin"},"sameAs":["https:\/\/gysfm.com.ar\/inicio"],"url":"https:\/\/gysfm.com.ar\/inicio\/author\/admin\/"}]}},"_links":{"self":[{"href":"https:\/\/gysfm.com.ar\/inicio\/wp-json\/wp\/v2\/posts\/193659","targetHints":{"allow":["GET"]}}],"collection":[{"href":"https:\/\/gysfm.com.ar\/inicio\/wp-json\/wp\/v2\/posts"}],"about":[{"href":"https:\/\/gysfm.com.ar\/inicio\/wp-json\/wp\/v2\/types\/post"}],"author":[{"embeddable":true,"href":"https:\/\/gysfm.com.ar\/inicio\/wp-json\/wp\/v2\/users\/1"}],"replies":[{"embeddable":true,"href":"https:\/\/gysfm.com.ar\/inicio\/wp-json\/wp\/v2\/comments?post=193659"}],"version-history":[{"count":0,"href":"https:\/\/gysfm.com.ar\/inicio\/wp-json\/wp\/v2\/posts\/193659\/revisions"}],"wp:featuredmedia":[{"embeddable":true,"href":"https:\/\/gysfm.com.ar\/inicio\/wp-json\/wp\/v2\/media\/169767"}],"wp:attachment":[{"href":"https:\/\/gysfm.com.ar\/inicio\/wp-json\/wp\/v2\/media?parent=193659"}],"wp:term":[{"taxonomy":"category","embeddable":true,"href":"https:\/\/gysfm.com.ar\/inicio\/wp-json\/wp\/v2\/categories?post=193659"},{"taxonomy":"post_tag","embeddable":true,"href":"https:\/\/gysfm.com.ar\/inicio\/wp-json\/wp\/v2\/tags?post=193659"}],"curies":[{"name":"wp","href":"https:\/\/api.w.org\/{rel}","templated":true}]}}