{"id":193653,"date":"2026-04-29T09:10:14","date_gmt":"2026-04-29T12:10:14","guid":{"rendered":"https:\/\/gysfm.com.ar\/inicio\/cuanto-cobraran-en-mayo-de-2026-tras-la-homologacion-del-acuerdo\/"},"modified":"2026-04-29T09:10:14","modified_gmt":"2026-04-29T12:10:14","slug":"cuanto-cobraran-en-mayo-de-2026-tras-la-homologacion-del-acuerdo","status":"publish","type":"post","link":"https:\/\/gysfm.com.ar\/inicio\/cuanto-cobraran-en-mayo-de-2026-tras-la-homologacion-del-acuerdo\/","title":{"rendered":"cu\u00e1nto cobrar\u00e1n en mayo de 2026 tras la homologaci\u00f3n del acuerdo"},"content":{"rendered":"<p> <br \/>\n<\/p>\n<div id=\"\">\n<p id=\"p-1777422486146-69885\" data-start=\"667\" data-end=\"968\">La medida fue oficializada por el <strong data-start=\"701\" data-end=\"733\">Ministerio de Capital Humano<\/strong>, que convalid\u00f3 el entendimiento firmado por el gremio mercantil junto a la <strong data-start=\"809\" data-end=\"847\">C\u00e1mara Argentina de Comercio (CAC)<\/strong>, la <strong data-start=\"852\" data-end=\"908\">Confederaci\u00f3n Argentina de la Mediana Empresa (CAME)<\/strong> y la <strong data-start=\"914\" data-end=\"967\">Uni\u00f3n de Entidades Comerciales Argentinas (UDECA)<\/strong>.<\/p>\n<\/div>\n<div id=\"\">\n<p id=\"p-1777422486146-33195\" data-start=\"970\" data-end=\"1297\">El acuerdo establece una mejora remunerativa total del <strong data-start=\"1025\" data-end=\"1031\">5%<\/strong> para el trimestre, distribuida en tres tramos: <strong data-start=\"1079\" data-end=\"1097\">2% desde abril<\/strong>, <strong data-start=\"1099\" data-end=\"1118\">1,5% desde mayo<\/strong> y <strong data-start=\"1121\" data-end=\"1141\">1,5% desde junio<\/strong>. La base de c\u00e1lculo son las escalas b\u00e1sicas vigentes a marzo de 2026, con la incorporaci\u00f3n de las sumas no remunerativas que se abonaban hasta ese momento.<\/p>\n<\/div>\n<div id=\"\">\n<h2 id=\"p-1777422486146-65151\" data-section-id=\"1b4s4dl\" data-start=\"1299\" data-end=\"1359\">Paritaria de Comercio: c\u00f3mo se aplica la suba de mayo<\/h2>\n<p id=\"p-1777422486146-95136\" data-start=\"1361\" data-end=\"1693\">Con la homologaci\u00f3n oficial, los empleados de comercio tendr\u00e1n en mayo la aplicaci\u00f3n del segundo tramo del entendimiento salarial. El incremento del mes ser\u00e1 del <strong data-start=\"1523\" data-end=\"1531\">1,5%<\/strong>, que se suma al <strong data-start=\"1548\" data-end=\"1572\">2% aplicado en abril<\/strong>, dentro del esquema trimestral pactado para los trabajadores encuadrados en el <strong data-start=\"1652\" data-end=\"1692\">Convenio Colectivo de Trabajo 130\/75<\/strong>.<\/p>\n<\/div>\n<div id=\"\">\n<p id=\"p-1777423621810-35315\" data-start=\"399\" data-end=\"768\"><strong data-start=\"399\" data-end=\"768\">Adem\u00e1s, el acuerdo contempla una suma no remunerativa adicional de $20.000 para abril, mayo y junio, que se liquida por fuera de los b\u00e1sicos de convenio. En paralelo, se fij\u00f3 una contribuci\u00f3n empresaria de $28.000 por trabajador en concepto de vigencia del convenio colectivo, adem\u00e1s de aportes adicionales destinados al sostenimiento del sistema de salud sindical.<\/strong><\/p>\n<\/p><\/div>\n<div id=\"\">\n<p id=\"p-1777422486146-48325\" data-start=\"2054\" data-end=\"2417\">Tambi\u00e9n se adiciona una suma no remunerativa de <strong data-start=\"2102\" data-end=\"2113\">$20.000<\/strong> para abril, mayo y junio, bajo las condiciones previstas en el entendimiento paritario. En paralelo, se fij\u00f3 una contribuci\u00f3n empresaria de <strong data-start=\"2254\" data-end=\"2280\">$28.000 por trabajador<\/strong> en concepto de vigencia del convenio colectivo, adem\u00e1s de aportes adicionales destinados al sostenimiento del sistema de salud sindical.<\/p>\n<p id=\"p-1777422486146-30007\" data-start=\"2419\" data-end=\"2709\">Desde FAECyS, el secretario general <strong data-start=\"2455\" data-end=\"2476\">Armando Cavalieri<\/strong> valor\u00f3 el acuerdo y sostuvo que <strong data-start=\"2509\" data-end=\"2565\">\u201ces el resultado de un di\u00e1logo maduro y responsable\u201d<\/strong>, en un contexto econ\u00f3mico complejo tanto para los ingresos de los trabajadores como para la actividad de las pymes y los comercios de cercan\u00eda.<\/p>\n<h2 id=\"p-1777422486146-25468\" data-section-id=\"1i7a89g\" data-start=\"2711\" data-end=\"2772\">Qu\u00e9 cobrar\u00e1n los empleados de comercio en mayo de 2026<\/h2>\n<p id=\"p-1777423574431-59414\" data-start=\"817\" data-end=\"1229\" data-is-last-node=\"\" data-is-only-node=\"\">Con la aplicaci\u00f3n del tramo correspondiente a mayo, las escalas brutas de referencia para jornada completa quedan de la siguiente manera. Los valores incluyen el b\u00e1sico de mayo m\u00e1s la suma fija\/no remunerativa de <strong>$120.000<\/strong>, pero no contemplan la suma adicional de <strong>$20.000<\/strong>, ni otros conceptos como presentismo, antig\u00fcedad, manejo de caja, horas extras, zona o comisiones, que pueden modificar el ingreso final.<\/p>\n<p id=\"p-1777422486146-34697\"><strong data-start=\"3169\" data-end=\"3183\">Maestranza<\/strong><\/p>\n<ul id=\"p-1777422515888-19178\">\n<li id=\"p-1777422486146-47913\" data-start=\"3185\" data-end=\"3283\"> <strong data-start=\"3185\" data-end=\"3201\">Categor\u00eda A:<\/strong> $1.216.248,70<\/li>\n<li id=\"p-1777422486146-87906\"><strong data-start=\"3218\" data-end=\"3234\">Categor\u00eda B:<\/strong> $1.220.184,60<\/li>\n<li id=\"p-1777422486146-4826\"><strong data-start=\"3251\" data-end=\"3267\">Categor\u00eda C:<\/strong> $1.235.243,70<\/li>\n<\/ul>\n<p id=\"p-1777422486146-3981\"><strong data-start=\"3289\" data-end=\"3308\"> Administrativos<\/strong><\/p>\n<ul id=\"p-1777422519721-20429\">\n<li id=\"p-1777422486146-18258\" data-start=\"3310\" data-end=\"3507\"> <strong data-start=\"3310\" data-end=\"3326\">Categor\u00eda A:<\/strong> $1.232.040,60<\/li>\n<li id=\"p-1777422486146-87493\"><strong data-start=\"3343\" data-end=\"3359\">Categor\u00eda B:<\/strong> $1.237.594,40<\/li>\n<li id=\"p-1777422486146-12913\"><strong data-start=\"3376\" data-end=\"3392\">Categor\u00eda C:<\/strong> $1.250.478,30<\/li>\n<li id=\"p-1777422486146-14251\"><strong data-start=\"3409\" data-end=\"3425\">Categor\u00eda D:<\/strong> $1.259.843,60<\/li>\n<li id=\"p-1777422486146-47733\"><strong data-start=\"3442\" data-end=\"3458\">Categor\u00eda E:<\/strong> $1.278.750,00<\/li>\n<li id=\"p-1777422486146-17068\"><strong data-start=\"3475\" data-end=\"3491\">Categor\u00eda F:<\/strong> $1.303.346,80<\/li>\n<\/ul>\n<p id=\"p-1777422486146-23596\"><strong data-start=\"3513\" data-end=\"3524\"> Cajeros<\/strong><\/p>\n<ul id=\"p-1777422524943-68217\">\n<li id=\"p-1777422486146-90109\" data-start=\"3526\" data-end=\"3624\"> <strong data-start=\"3526\" data-end=\"3542\">Categor\u00eda A:<\/strong> $1.235.999,30<\/li>\n<li id=\"p-1777422486146-36073\"><strong data-start=\"3559\" data-end=\"3575\">Categor\u00eda B:<\/strong> $1.242.882,50<\/li>\n<li id=\"p-1777422486146-57870\"><strong data-start=\"3592\" data-end=\"3608\">Categor\u00eda C:<\/strong> $1.261.946,20<\/li>\n<\/ul>\n<p id=\"p-1777422486146-14697\"><strong data-start=\"3630\" data-end=\"3644\"> Auxiliares<\/strong><\/p>\n<ul id=\"p-1777422528524-7803\">\n<li id=\"p-1777422486146-39597\" data-start=\"3646\" data-end=\"3744\"> <strong data-start=\"3646\" data-end=\"3662\">Categor\u00eda A:<\/strong> $1.235.999,30<\/li>\n<li id=\"p-1777422486146-18663\"><strong data-start=\"3679\" data-end=\"3695\">Categor\u00eda B:<\/strong> $1.247.194,90<\/li>\n<li id=\"p-1777422486146-88131\"><strong data-start=\"3712\" data-end=\"3728\">Categor\u00eda C:<\/strong> $1.282.440,80<\/li>\n<\/ul>\n<p id=\"p-1777422486146-68874\"><strong data-start=\"3750\" data-end=\"3779\"> Auxiliares especializados<\/strong><\/p>\n<ul id=\"p-1777422531917-37769\">\n<li id=\"p-1777422486146-44028\" data-start=\"3781\" data-end=\"3846\"> <strong data-start=\"3781\" data-end=\"3797\">Categor\u00eda A:<\/strong> $1.247.843,30<\/li>\n<li id=\"p-1777422486146-78689\"><strong data-start=\"3814\" data-end=\"3830\">Categor\u00eda B:<\/strong> $1.267.372,30<\/li>\n<\/ul>\n<p id=\"p-1777422486146-17811\" data-start=\"3781\" data-end=\"3846\"><strong data-start=\"3852\" data-end=\"3866\"> Vendedores<\/strong><\/p>\n<ul id=\"p-1777422535422-92072\">\n<li id=\"p-1777422486146-94221\" data-start=\"3868\" data-end=\"3999\"> <strong data-start=\"3868\" data-end=\"3884\">Categor\u00eda A:<\/strong> $1.235.999,30<\/li>\n<li id=\"p-1777422486146-73512\"><strong data-start=\"3901\" data-end=\"3917\">Categor\u00eda B:<\/strong> $1.268.858,30<\/li>\n<li id=\"p-1777422486146-78578\"><strong data-start=\"3934\" data-end=\"3950\">Categor\u00eda C:<\/strong> $1.278.768,80<\/li>\n<li id=\"p-1777422486146-91071\"><strong data-start=\"3967\" data-end=\"3983\">Categor\u00eda D:<\/strong> $1.303.347,80<\/li>\n<\/ul>\n<p id=\"p-1777422539758-79933\">Estos montos corresponden al salario bruto de referencia para trabajadores de jornada completa. El ingreso de bolsillo puede variar seg\u00fan los descuentos legales y convencionales, as\u00ed como por adicionales particulares que correspondan en cada caso.<\/p>\n<h2 id=\"p-1777422486146-51011\" data-section-id=\"do9g7h\" data-start=\"4250\" data-end=\"4311\">Qu\u00e9 ratific\u00f3 la homologaci\u00f3n de la paritaria mercantil<\/h2>\n<p id=\"p-1777422486146-87479\" data-start=\"4313\" data-end=\"4646\">La homologaci\u00f3n oficial confirm\u00f3 que el entendimiento tendr\u00e1 vigencia desde el <strong data-start=\"4392\" data-end=\"4414\">1 de abril de 2026<\/strong> y fijar\u00e1 las condiciones salariales m\u00ednimas para la actividad durante el trimestre. De todos modos, el acuerdo no impide negociaciones particulares en determinadas jurisdicciones o empresas, siempre que mejoren el piso establecido.<\/p>\n<p id=\"p-1777422486146-47513\" data-start=\"4648\" data-end=\"4935\">El convenio tambi\u00e9n mantiene el esquema de sumas no remunerativas previsto para el per\u00edodo. La suma adicional de <strong data-start=\"4761\" data-end=\"4772\">$20.000<\/strong> se liquidar\u00e1 durante abril, mayo y junio, mientras que el \u00faltimo tramo correspondiente a junio quedar\u00e1 incorporado a los b\u00e1sicos convencionales a partir de julio.<\/p>\n<p id=\"p-1777422486146-21615\" data-start=\"4937\" data-end=\"5214\">En el plano sindical, Cavalieri tambi\u00e9n se refiri\u00f3 al conflicto por la denominada <strong data-start=\"5019\" data-end=\"5038\">cuota solidaria<\/strong> y remarc\u00f3 que la discusi\u00f3n qued\u00f3 encauzada luego de una medida cautelar del <strong data-start=\"5115\" data-end=\"5153\">Juzgado Federal N\u00b0 2 de San Mart\u00edn<\/strong>, que suspendi\u00f3 art\u00edculos de la Ley de Modernizaci\u00f3n Laboral.<\/p>\n<p id=\"p-1777422486146-24694\" data-start=\"5216\" data-end=\"5470\" data-is-last-node=\"\" data-is-only-node=\"\">Seg\u00fan explic\u00f3 el dirigente, esa resoluci\u00f3n garantiza la continuidad de las cl\u00e1usulas vigentes y obliga a las empresas a mantener la retenci\u00f3n y el dep\u00f3sito de esas contribuciones, consideradas clave para el funcionamiento de las organizaciones gremiales.<\/p>\n<\/p><\/div>\n<p><script>\n!function(f,b,e,v,n,t,s)\n{if(f.fbq)return;n=f.fbq=function(){n.callMethod?\nn.callMethod.apply(n,arguments):n.queue.push(arguments)};\nif(!f._fbq)f._fbq=n;n.push=n;n.loaded=!0;n.version='2.0';\nn.queue=[];t=b.createElement(e);t.async=!0;\nt.src=v;s=b.getElementsByTagName(e)[0];\ns.parentNode.insertBefore(t,s)}(window,document,'script',\n'https:\/\/connect.facebook.net\/en_US\/fbevents.js');\nfbq('init', '2047048335588113');\nfbq('track', 'PageView');\n<\/script><br \/>\n<br \/><\/p>\n","protected":false},"excerpt":{"rendered":"<p>La medida fue oficializada por el Ministerio de Capital Humano, que convalid\u00f3 el entendimiento firmado por el gremio mercantil junto a la C\u00e1mara Argentina de Comercio (CAC), la Confederaci\u00f3n Argentina de la Mediana Empresa (CAME) y la Uni\u00f3n de Entidades Comerciales Argentinas (UDECA). El acuerdo establece una mejora remunerativa total del 5% para el trimestre, [&hellip;]<\/p>\n","protected":false},"author":1,"featured_media":93498,"comment_status":"closed","ping_status":"closed","sticky":false,"template":"","format":"standard","meta":{"footnotes":""},"categories":[28],"tags":[],"class_list":["post-193653","post","type-post","status-publish","format-standard","has-post-thumbnail","hentry","category-economia"],"yoast_head":"<!-- This site is optimized with the Yoast SEO plugin v24.4 - https:\/\/yoast.com\/wordpress\/plugins\/seo\/ -->\n<title>cu\u00e1nto cobrar\u00e1n en mayo de 2026 tras la homologaci\u00f3n del acuerdo - GYS NOTICIAS |<\/title>\n<meta name=\"robots\" content=\"index, follow, max-snippet:-1, max-image-preview:large, max-video-preview:-1\" \/>\n<link rel=\"canonical\" href=\"https:\/\/gysfm.com.ar\/inicio\/cuanto-cobraran-en-mayo-de-2026-tras-la-homologacion-del-acuerdo\/\" \/>\n<meta property=\"og:locale\" content=\"es_ES\" \/>\n<meta property=\"og:type\" content=\"article\" \/>\n<meta property=\"og:title\" content=\"cu\u00e1nto cobrar\u00e1n en mayo de 2026 tras la homologaci\u00f3n del acuerdo - GYS NOTICIAS |\" \/>\n<meta property=\"og:description\" content=\"La medida fue oficializada por el Ministerio de Capital Humano, que convalid\u00f3 el entendimiento firmado por el gremio mercantil junto a la C\u00e1mara Argentina de Comercio (CAC), la Confederaci\u00f3n Argentina de la Mediana Empresa (CAME) y la Uni\u00f3n de Entidades Comerciales Argentinas (UDECA). El acuerdo establece una mejora remunerativa total del 5% para el trimestre, [&hellip;]\" \/>\n<meta property=\"og:url\" content=\"https:\/\/gysfm.com.ar\/inicio\/cuanto-cobraran-en-mayo-de-2026-tras-la-homologacion-del-acuerdo\/\" \/>\n<meta property=\"og:site_name\" content=\"GYS NOTICIAS |\" \/>\n<meta property=\"article:published_time\" content=\"2026-04-29T12:10:14+00:00\" \/>\n<meta name=\"author\" content=\"admin\" \/>\n<meta name=\"twitter:card\" content=\"summary_large_image\" \/>\n<meta name=\"twitter:label1\" content=\"Escrito por\" \/>\n\t<meta name=\"twitter:data1\" content=\"admin\" \/>\n\t<meta name=\"twitter:label2\" content=\"Tiempo de lectura\" \/>\n\t<meta name=\"twitter:data2\" content=\"3 minutos\" \/>\n<script type=\"application\/ld+json\" class=\"yoast-schema-graph\">{\"@context\":\"https:\/\/schema.org\",\"@graph\":[{\"@type\":\"Article\",\"@id\":\"https:\/\/gysfm.com.ar\/inicio\/cuanto-cobraran-en-mayo-de-2026-tras-la-homologacion-del-acuerdo\/#article\",\"isPartOf\":{\"@id\":\"https:\/\/gysfm.com.ar\/inicio\/cuanto-cobraran-en-mayo-de-2026-tras-la-homologacion-del-acuerdo\/\"},\"author\":{\"name\":\"admin\",\"@id\":\"https:\/\/gysfm.com.ar\/inicio\/#\/schema\/person\/5bedd7ecd35cc35548d89effafa23696\"},\"headline\":\"cu\u00e1nto cobrar\u00e1n en mayo de 2026 tras la homologaci\u00f3n del acuerdo\",\"datePublished\":\"2026-04-29T12:10:14+00:00\",\"mainEntityOfPage\":{\"@id\":\"https:\/\/gysfm.com.ar\/inicio\/cuanto-cobraran-en-mayo-de-2026-tras-la-homologacion-del-acuerdo\/\"},\"wordCount\":708,\"publisher\":{\"@id\":\"https:\/\/gysfm.com.ar\/inicio\/#organization\"},\"image\":{\"@id\":\"https:\/\/gysfm.com.ar\/inicio\/cuanto-cobraran-en-mayo-de-2026-tras-la-homologacion-del-acuerdo\/#primaryimage\"},\"thumbnailUrl\":\"https:\/\/gysfm.com.ar\/inicio\/wp-content\/uploads\/2025\/02\/empleados-comerciojpgwebp.png\",\"articleSection\":[\"ECONOMIA\"],\"inLanguage\":\"es\"},{\"@type\":\"WebPage\",\"@id\":\"https:\/\/gysfm.com.ar\/inicio\/cuanto-cobraran-en-mayo-de-2026-tras-la-homologacion-del-acuerdo\/\",\"url\":\"https:\/\/gysfm.com.ar\/inicio\/cuanto-cobraran-en-mayo-de-2026-tras-la-homologacion-del-acuerdo\/\",\"name\":\"cu\u00e1nto cobrar\u00e1n en mayo de 2026 tras la homologaci\u00f3n del acuerdo - GYS NOTICIAS |\",\"isPartOf\":{\"@id\":\"https:\/\/gysfm.com.ar\/inicio\/#website\"},\"primaryImageOfPage\":{\"@id\":\"https:\/\/gysfm.com.ar\/inicio\/cuanto-cobraran-en-mayo-de-2026-tras-la-homologacion-del-acuerdo\/#primaryimage\"},\"image\":{\"@id\":\"https:\/\/gysfm.com.ar\/inicio\/cuanto-cobraran-en-mayo-de-2026-tras-la-homologacion-del-acuerdo\/#primaryimage\"},\"thumbnailUrl\":\"https:\/\/gysfm.com.ar\/inicio\/wp-content\/uploads\/2025\/02\/empleados-comerciojpgwebp.png\",\"datePublished\":\"2026-04-29T12:10:14+00:00\",\"breadcrumb\":{\"@id\":\"https:\/\/gysfm.com.ar\/inicio\/cuanto-cobraran-en-mayo-de-2026-tras-la-homologacion-del-acuerdo\/#breadcrumb\"},\"inLanguage\":\"es\",\"potentialAction\":[{\"@type\":\"ReadAction\",\"target\":[\"https:\/\/gysfm.com.ar\/inicio\/cuanto-cobraran-en-mayo-de-2026-tras-la-homologacion-del-acuerdo\/\"]}]},{\"@type\":\"ImageObject\",\"inLanguage\":\"es\",\"@id\":\"https:\/\/gysfm.com.ar\/inicio\/cuanto-cobraran-en-mayo-de-2026-tras-la-homologacion-del-acuerdo\/#primaryimage\",\"url\":\"https:\/\/gysfm.com.ar\/inicio\/wp-content\/uploads\/2025\/02\/empleados-comerciojpgwebp.png\",\"contentUrl\":\"https:\/\/gysfm.com.ar\/inicio\/wp-content\/uploads\/2025\/02\/empleados-comerciojpgwebp.png\",\"width\":1200,\"height\":675},{\"@type\":\"BreadcrumbList\",\"@id\":\"https:\/\/gysfm.com.ar\/inicio\/cuanto-cobraran-en-mayo-de-2026-tras-la-homologacion-del-acuerdo\/#breadcrumb\",\"itemListElement\":[{\"@type\":\"ListItem\",\"position\":1,\"name\":\"Portada\",\"item\":\"https:\/\/gysfm.com.ar\/inicio\/\"},{\"@type\":\"ListItem\",\"position\":2,\"name\":\"cu\u00e1nto cobrar\u00e1n en mayo de 2026 tras la homologaci\u00f3n del acuerdo\"}]},{\"@type\":\"WebSite\",\"@id\":\"https:\/\/gysfm.com.ar\/inicio\/#website\",\"url\":\"https:\/\/gysfm.com.ar\/inicio\/\",\"name\":\"GYS NOTICIAS |\",\"description\":\"DIARIO - RADIO ONLINE SAN JUAN ARGENTINA\",\"publisher\":{\"@id\":\"https:\/\/gysfm.com.ar\/inicio\/#organization\"},\"potentialAction\":[{\"@type\":\"SearchAction\",\"target\":{\"@type\":\"EntryPoint\",\"urlTemplate\":\"https:\/\/gysfm.com.ar\/inicio\/?s={search_term_string}\"},\"query-input\":{\"@type\":\"PropertyValueSpecification\",\"valueRequired\":true,\"valueName\":\"search_term_string\"}}],\"inLanguage\":\"es\"},{\"@type\":\"Organization\",\"@id\":\"https:\/\/gysfm.com.ar\/inicio\/#organization\",\"name\":\"GYS NOTICIAS |\",\"url\":\"https:\/\/gysfm.com.ar\/inicio\/\",\"logo\":{\"@type\":\"ImageObject\",\"inLanguage\":\"es\",\"@id\":\"https:\/\/gysfm.com.ar\/inicio\/#\/schema\/logo\/image\/\",\"url\":\"https:\/\/gysfm.com.ar\/inicio\/wp-content\/uploads\/2023\/07\/LOGOGYS-OK.png\",\"contentUrl\":\"https:\/\/gysfm.com.ar\/inicio\/wp-content\/uploads\/2023\/07\/LOGOGYS-OK.png\",\"width\":1170,\"height\":872,\"caption\":\"GYS NOTICIAS |\"},\"image\":{\"@id\":\"https:\/\/gysfm.com.ar\/inicio\/#\/schema\/logo\/image\/\"}},{\"@type\":\"Person\",\"@id\":\"https:\/\/gysfm.com.ar\/inicio\/#\/schema\/person\/5bedd7ecd35cc35548d89effafa23696\",\"name\":\"admin\",\"image\":{\"@type\":\"ImageObject\",\"inLanguage\":\"es\",\"@id\":\"https:\/\/gysfm.com.ar\/inicio\/#\/schema\/person\/image\/\",\"url\":\"https:\/\/secure.gravatar.com\/avatar\/c331d312b5243fb64d5ba28108a447b27c925295129a363082c9ea52c28d32c2?s=96&d=mm&r=g\",\"contentUrl\":\"https:\/\/secure.gravatar.com\/avatar\/c331d312b5243fb64d5ba28108a447b27c925295129a363082c9ea52c28d32c2?s=96&d=mm&r=g\",\"caption\":\"admin\"},\"sameAs\":[\"https:\/\/gysfm.com.ar\/inicio\"],\"url\":\"https:\/\/gysfm.com.ar\/inicio\/author\/admin\/\"}]}<\/script>\n<!-- \/ Yoast SEO plugin. -->","yoast_head_json":{"title":"cu\u00e1nto cobrar\u00e1n en mayo de 2026 tras la homologaci\u00f3n del acuerdo - GYS NOTICIAS |","robots":{"index":"index","follow":"follow","max-snippet":"max-snippet:-1","max-image-preview":"max-image-preview:large","max-video-preview":"max-video-preview:-1"},"canonical":"https:\/\/gysfm.com.ar\/inicio\/cuanto-cobraran-en-mayo-de-2026-tras-la-homologacion-del-acuerdo\/","og_locale":"es_ES","og_type":"article","og_title":"cu\u00e1nto cobrar\u00e1n en mayo de 2026 tras la homologaci\u00f3n del acuerdo - GYS NOTICIAS |","og_description":"La medida fue oficializada por el Ministerio de Capital Humano, que convalid\u00f3 el entendimiento firmado por el gremio mercantil junto a la C\u00e1mara Argentina de Comercio (CAC), la Confederaci\u00f3n Argentina de la Mediana Empresa (CAME) y la Uni\u00f3n de Entidades Comerciales Argentinas (UDECA). El acuerdo establece una mejora remunerativa total del 5% para el trimestre, [&hellip;]","og_url":"https:\/\/gysfm.com.ar\/inicio\/cuanto-cobraran-en-mayo-de-2026-tras-la-homologacion-del-acuerdo\/","og_site_name":"GYS NOTICIAS |","article_published_time":"2026-04-29T12:10:14+00:00","author":"admin","twitter_card":"summary_large_image","twitter_misc":{"Escrito por":"admin","Tiempo de lectura":"3 minutos"},"schema":{"@context":"https:\/\/schema.org","@graph":[{"@type":"Article","@id":"https:\/\/gysfm.com.ar\/inicio\/cuanto-cobraran-en-mayo-de-2026-tras-la-homologacion-del-acuerdo\/#article","isPartOf":{"@id":"https:\/\/gysfm.com.ar\/inicio\/cuanto-cobraran-en-mayo-de-2026-tras-la-homologacion-del-acuerdo\/"},"author":{"name":"admin","@id":"https:\/\/gysfm.com.ar\/inicio\/#\/schema\/person\/5bedd7ecd35cc35548d89effafa23696"},"headline":"cu\u00e1nto cobrar\u00e1n en mayo de 2026 tras la homologaci\u00f3n del acuerdo","datePublished":"2026-04-29T12:10:14+00:00","mainEntityOfPage":{"@id":"https:\/\/gysfm.com.ar\/inicio\/cuanto-cobraran-en-mayo-de-2026-tras-la-homologacion-del-acuerdo\/"},"wordCount":708,"publisher":{"@id":"https:\/\/gysfm.com.ar\/inicio\/#organization"},"image":{"@id":"https:\/\/gysfm.com.ar\/inicio\/cuanto-cobraran-en-mayo-de-2026-tras-la-homologacion-del-acuerdo\/#primaryimage"},"thumbnailUrl":"https:\/\/gysfm.com.ar\/inicio\/wp-content\/uploads\/2025\/02\/empleados-comerciojpgwebp.png","articleSection":["ECONOMIA"],"inLanguage":"es"},{"@type":"WebPage","@id":"https:\/\/gysfm.com.ar\/inicio\/cuanto-cobraran-en-mayo-de-2026-tras-la-homologacion-del-acuerdo\/","url":"https:\/\/gysfm.com.ar\/inicio\/cuanto-cobraran-en-mayo-de-2026-tras-la-homologacion-del-acuerdo\/","name":"cu\u00e1nto cobrar\u00e1n en mayo de 2026 tras la homologaci\u00f3n del acuerdo - GYS NOTICIAS |","isPartOf":{"@id":"https:\/\/gysfm.com.ar\/inicio\/#website"},"primaryImageOfPage":{"@id":"https:\/\/gysfm.com.ar\/inicio\/cuanto-cobraran-en-mayo-de-2026-tras-la-homologacion-del-acuerdo\/#primaryimage"},"image":{"@id":"https:\/\/gysfm.com.ar\/inicio\/cuanto-cobraran-en-mayo-de-2026-tras-la-homologacion-del-acuerdo\/#primaryimage"},"thumbnailUrl":"https:\/\/gysfm.com.ar\/inicio\/wp-content\/uploads\/2025\/02\/empleados-comerciojpgwebp.png","datePublished":"2026-04-29T12:10:14+00:00","breadcrumb":{"@id":"https:\/\/gysfm.com.ar\/inicio\/cuanto-cobraran-en-mayo-de-2026-tras-la-homologacion-del-acuerdo\/#breadcrumb"},"inLanguage":"es","potentialAction":[{"@type":"ReadAction","target":["https:\/\/gysfm.com.ar\/inicio\/cuanto-cobraran-en-mayo-de-2026-tras-la-homologacion-del-acuerdo\/"]}]},{"@type":"ImageObject","inLanguage":"es","@id":"https:\/\/gysfm.com.ar\/inicio\/cuanto-cobraran-en-mayo-de-2026-tras-la-homologacion-del-acuerdo\/#primaryimage","url":"https:\/\/gysfm.com.ar\/inicio\/wp-content\/uploads\/2025\/02\/empleados-comerciojpgwebp.png","contentUrl":"https:\/\/gysfm.com.ar\/inicio\/wp-content\/uploads\/2025\/02\/empleados-comerciojpgwebp.png","width":1200,"height":675},{"@type":"BreadcrumbList","@id":"https:\/\/gysfm.com.ar\/inicio\/cuanto-cobraran-en-mayo-de-2026-tras-la-homologacion-del-acuerdo\/#breadcrumb","itemListElement":[{"@type":"ListItem","position":1,"name":"Portada","item":"https:\/\/gysfm.com.ar\/inicio\/"},{"@type":"ListItem","position":2,"name":"cu\u00e1nto cobrar\u00e1n en mayo de 2026 tras la homologaci\u00f3n del acuerdo"}]},{"@type":"WebSite","@id":"https:\/\/gysfm.com.ar\/inicio\/#website","url":"https:\/\/gysfm.com.ar\/inicio\/","name":"GYS NOTICIAS |","description":"DIARIO - RADIO ONLINE SAN JUAN ARGENTINA","publisher":{"@id":"https:\/\/gysfm.com.ar\/inicio\/#organization"},"potentialAction":[{"@type":"SearchAction","target":{"@type":"EntryPoint","urlTemplate":"https:\/\/gysfm.com.ar\/inicio\/?s={search_term_string}"},"query-input":{"@type":"PropertyValueSpecification","valueRequired":true,"valueName":"search_term_string"}}],"inLanguage":"es"},{"@type":"Organization","@id":"https:\/\/gysfm.com.ar\/inicio\/#organization","name":"GYS NOTICIAS |","url":"https:\/\/gysfm.com.ar\/inicio\/","logo":{"@type":"ImageObject","inLanguage":"es","@id":"https:\/\/gysfm.com.ar\/inicio\/#\/schema\/logo\/image\/","url":"https:\/\/gysfm.com.ar\/inicio\/wp-content\/uploads\/2023\/07\/LOGOGYS-OK.png","contentUrl":"https:\/\/gysfm.com.ar\/inicio\/wp-content\/uploads\/2023\/07\/LOGOGYS-OK.png","width":1170,"height":872,"caption":"GYS NOTICIAS |"},"image":{"@id":"https:\/\/gysfm.com.ar\/inicio\/#\/schema\/logo\/image\/"}},{"@type":"Person","@id":"https:\/\/gysfm.com.ar\/inicio\/#\/schema\/person\/5bedd7ecd35cc35548d89effafa23696","name":"admin","image":{"@type":"ImageObject","inLanguage":"es","@id":"https:\/\/gysfm.com.ar\/inicio\/#\/schema\/person\/image\/","url":"https:\/\/secure.gravatar.com\/avatar\/c331d312b5243fb64d5ba28108a447b27c925295129a363082c9ea52c28d32c2?s=96&d=mm&r=g","contentUrl":"https:\/\/secure.gravatar.com\/avatar\/c331d312b5243fb64d5ba28108a447b27c925295129a363082c9ea52c28d32c2?s=96&d=mm&r=g","caption":"admin"},"sameAs":["https:\/\/gysfm.com.ar\/inicio"],"url":"https:\/\/gysfm.com.ar\/inicio\/author\/admin\/"}]}},"_links":{"self":[{"href":"https:\/\/gysfm.com.ar\/inicio\/wp-json\/wp\/v2\/posts\/193653","targetHints":{"allow":["GET"]}}],"collection":[{"href":"https:\/\/gysfm.com.ar\/inicio\/wp-json\/wp\/v2\/posts"}],"about":[{"href":"https:\/\/gysfm.com.ar\/inicio\/wp-json\/wp\/v2\/types\/post"}],"author":[{"embeddable":true,"href":"https:\/\/gysfm.com.ar\/inicio\/wp-json\/wp\/v2\/users\/1"}],"replies":[{"embeddable":true,"href":"https:\/\/gysfm.com.ar\/inicio\/wp-json\/wp\/v2\/comments?post=193653"}],"version-history":[{"count":0,"href":"https:\/\/gysfm.com.ar\/inicio\/wp-json\/wp\/v2\/posts\/193653\/revisions"}],"wp:featuredmedia":[{"embeddable":true,"href":"https:\/\/gysfm.com.ar\/inicio\/wp-json\/wp\/v2\/media\/93498"}],"wp:attachment":[{"href":"https:\/\/gysfm.com.ar\/inicio\/wp-json\/wp\/v2\/media?parent=193653"}],"wp:term":[{"taxonomy":"category","embeddable":true,"href":"https:\/\/gysfm.com.ar\/inicio\/wp-json\/wp\/v2\/categories?post=193653"},{"taxonomy":"post_tag","embeddable":true,"href":"https:\/\/gysfm.com.ar\/inicio\/wp-json\/wp\/v2\/tags?post=193653"}],"curies":[{"name":"wp","href":"https:\/\/api.w.org\/{rel}","templated":true}]}}