{"id":193651,"date":"2026-04-29T08:46:13","date_gmt":"2026-04-29T11:46:13","guid":{"rendered":"https:\/\/gysfm.com.ar\/inicio\/intendente-bonaerense-dijo-que-milei-es-un-maldito\/"},"modified":"2026-04-29T08:46:13","modified_gmt":"2026-04-29T11:46:13","slug":"intendente-bonaerense-dijo-que-milei-es-un-maldito","status":"publish","type":"post","link":"https:\/\/gysfm.com.ar\/inicio\/intendente-bonaerense-dijo-que-milei-es-un-maldito\/","title":{"rendered":"Intendente bonaerense dijo que Milei \u00abes un maldito\u00bb"},"content":{"rendered":"<p><\/p>\n<div id=\"article-content\">\n<p>El intendente de Ensenada, <strong>Mario Secco, <\/strong>cuestion\u00f3 con dureza al presidente <strong>Javier Milei <\/strong>al asegurar que <strong>\u00abes un maldito que est\u00e1 haciendo sufrir a la gente\u00bb<\/strong> y que<strong> \u00ablo hace feliz que los municipios quiebren<\/strong>\u00ab.<\/p>\n<p class=\"destacadoNota\"><a target=\"_blank\" href=\"https:\/\/www.perfil.com\/noticias\/cordoba\/aguiar-de-ate-le-respondio-a-sturzenegger-sobre-el-smn-miente-descaradamente.phtml\">Aguiar, de ATE, le respondi\u00f3 a Sturzenegger sobre el SMN: \u00abMiente descaradamente\u00bb<\/a><\/p>\n<h2>\u00abEs un mamarracho\u00bb<\/h2>\n<p>\u00ab<strong>La verdad que no lo puedo ni ver por tan maldito que es<\/strong>. No puedo ser muy delicado hablando del presidente porque<strong> es un mamarracho<\/strong> que nosotros tenemos en el pa\u00eds, que<strong> est\u00e1 haciendo sufrir a la gente<\/strong>\u00ab, respondi\u00f3 cuando se le consult\u00f3 sobre el discurso del primer mandatario en la <strong>Fundaci\u00f3n Libertad<\/strong>.<\/p>\n<p>\u00abNosotros no lleg\u00e1bamos a 10.000 bolsones y hoy estamos en 20.000 bolsones. No lleg\u00e1bamos a 10.000 medicamentos y estamos en 38.000. Este tipo se limpia el traste con nosotros. <strong>Tira a los jubilados a la calle, los del PAMI, 7.800 jubilados a la calle que no los atienden m\u00e1s las cl\u00ednicas privadas, no les dan m\u00e1s medicamentos y los tengo todos en los hospitales municipales, compr\u00e1ndole los remedios. Yo no me puedo cagar en los viejos, en los compa\u00f1eros<\/strong>\u00ab, explic\u00f3 en declaraciones a <em>Radio 10<\/em>.<\/p>\n<p>\u00ab<strong>La desocupaci\u00f3n que me ha generado este tipo en Ensenada<\/strong>, que fue cuna del trabajo y la ciudad que m\u00e1s aporta al PBI en la provincia de Buenos Aires. Destruy\u00f3 todo el engranaje de consumo en la ciudad; el comercio est\u00e1 muerto, no puede pagar a los empleados y los comerciantes se est\u00e1n comiendo sus ahorros\u00bb, agreg\u00f3.<\/p>\n<p>Adem\u00e1s se\u00f1al\u00f3 que siente \u00ab<strong>un rechazo tremendo porque est\u00e1 destruyendo la econom\u00eda de las ciudades y destruyendo los municipios porque es lo que quiere, lo hace feliz que los municipios quiebren<\/strong>\u00ab. \u00ab<strong>Muchos municipios van a quebrar porque no pueden pagar sueldos ni aguinaldos<\/strong>\u00ab, puntualiz\u00f3.<\/p>\n<p class=\"destacadoNota\"><a target=\"_blank\" href=\"https:\/\/www.perfil.com\/noticias\/cordoba\/de-la-sota-tensiona-la-previa-de-adorni-en-diputados-primero-que-milei-explique-la-estafa-libra.phtml\">De la Sota tensiona la previa de Adorni en Diputados: \u00abPrimero que Milei explique la estafa $LIBRA\u00bb<\/a><\/p>\n<h2>Coparticipaci\u00f3n<\/h2>\n<p>\u00ab<strong>Este es un basura (sic) que act\u00faa no dando nada, escondi\u00e9ndose como gran sinverg\u00fcenza que es<\/strong>. Hay que denunciar lo que hacen con la plata porque el 33% de lo que utiliza la provincia de Buenos Aires en alimentos siempre lo aport\u00f3 la Naci\u00f3n con los impuestos que cobra y tiene que mandarlo en una coparticipaci\u00f3n. Hace dos a\u00f1os y medio que esa coparticipaci\u00f3n se la quedan ellos\u00bb, asever\u00f3 en di\u00e1logo con <em>Gustavo Sylvestre<\/em>.<\/p>\n<p>Y luego ejemplific\u00f3: <strong>\u00abEscucho a los tarados que hablan por Milei, estos libertarios de cuarta, diciendo que los municipios cobran tasas municipales, pero \u00bfsaben cu\u00e1nto es eso? Es el 1%. \u00bfPor qu\u00e9 no hablamos del 42% que se llevan del impuesto a la nafta todos los d\u00edas en Ensenada?\u00bb<\/strong><\/p>\n<p>\u00ab<strong>Somos un municipio exitoso que se tiene que hacer cargo de las barbaridades que hacen estos tipos. No es un buen tipo, es un basura al que no le interesa la gente. Lo \u00fanico que le interesa es la timba financiera<\/strong>\u00ab, insisti\u00f3.<\/p>\n<p>\u00ab<strong>Est\u00e1n en esa joda de licuar la guita, llev\u00e1rsela y dejar un pa\u00eds en ruinas para que venga el peronismo y lo vuelva a arreglar<\/strong>\u00ab, concluy\u00f3 Secco.<\/p>\n<p>JP\/ff<\/p>\n<\/p><\/div>\n<p><script>\n                !function(f,b,e,v,n,t,s)\n                {if(f.fbq)return;n=f.fbq=function(){n.callMethod?\n                    n.callMethod.apply(n,arguments):n.queue.push(arguments)};\n                    if(!f._fbq)f._fbq=n;n.push=n;n.loaded=!0;n.version='2.0';\n                    n.queue=[];t=b.createElement(e);t.async=!0;\n                    t.src=v;s=b.getElementsByTagName(e)[0];\n                    s.parentNode.insertBefore(t,s)}(window, document,'script',\n                    'https:\/\/connect.facebook.net\/en_US\/fbevents.js');\n                window.paywallConfig.facebook_pixel=\"1000228364089342\"\n            <\/script><\/p>\n","protected":false},"excerpt":{"rendered":"<p>El intendente de Ensenada, Mario Secco, cuestion\u00f3 con dureza al presidente Javier Milei al asegurar que \u00abes un maldito que est\u00e1 haciendo sufrir a la gente\u00bb y que \u00ablo hace feliz que los municipios quiebren\u00ab. Aguiar, de ATE, le respondi\u00f3 a Sturzenegger sobre el SMN: \u00abMiente descaradamente\u00bb \u00abEs un mamarracho\u00bb \u00abLa verdad que no lo [&hellip;]<\/p>\n","protected":false},"author":2,"featured_media":193652,"comment_status":"closed","ping_status":"closed","sticky":false,"template":"","format":"standard","meta":{"footnotes":""},"categories":[25],"tags":[],"class_list":["post-193651","post","type-post","status-publish","format-standard","has-post-thumbnail","hentry","category-nacionales"],"yoast_head":"<!-- This site is optimized with the Yoast SEO plugin v24.4 - https:\/\/yoast.com\/wordpress\/plugins\/seo\/ -->\n<title>Intendente bonaerense dijo que Milei &quot;es un maldito&quot; - GYS NOTICIAS |<\/title>\n<meta name=\"robots\" content=\"index, follow, max-snippet:-1, max-image-preview:large, max-video-preview:-1\" \/>\n<link rel=\"canonical\" href=\"https:\/\/gysfm.com.ar\/inicio\/intendente-bonaerense-dijo-que-milei-es-un-maldito\/\" \/>\n<meta property=\"og:locale\" content=\"es_ES\" \/>\n<meta property=\"og:type\" content=\"article\" \/>\n<meta property=\"og:title\" content=\"Intendente bonaerense dijo que Milei &quot;es un maldito&quot; - GYS NOTICIAS |\" \/>\n<meta property=\"og:description\" content=\"El intendente de Ensenada, Mario Secco, cuestion\u00f3 con dureza al presidente Javier Milei al asegurar que \u00abes un maldito que est\u00e1 haciendo sufrir a la gente\u00bb y que \u00ablo hace feliz que los municipios quiebren\u00ab. Aguiar, de ATE, le respondi\u00f3 a Sturzenegger sobre el SMN: \u00abMiente descaradamente\u00bb \u00abEs un mamarracho\u00bb \u00abLa verdad que no lo [&hellip;]\" \/>\n<meta property=\"og:url\" content=\"https:\/\/gysfm.com.ar\/inicio\/intendente-bonaerense-dijo-que-milei-es-un-maldito\/\" \/>\n<meta property=\"og:site_name\" content=\"GYS NOTICIAS |\" \/>\n<meta property=\"article:published_time\" content=\"2026-04-29T11:46:13+00:00\" \/>\n<meta name=\"author\" content=\"Prensa G&amp;S FM\" \/>\n<meta name=\"twitter:card\" content=\"summary_large_image\" \/>\n<meta name=\"twitter:label1\" content=\"Escrito por\" \/>\n\t<meta name=\"twitter:data1\" content=\"Prensa G&amp;S FM\" \/>\n\t<meta name=\"twitter:label2\" content=\"Tiempo de lectura\" \/>\n\t<meta name=\"twitter:data2\" content=\"3 minutos\" \/>\n<script type=\"application\/ld+json\" class=\"yoast-schema-graph\">{\"@context\":\"https:\/\/schema.org\",\"@graph\":[{\"@type\":\"Article\",\"@id\":\"https:\/\/gysfm.com.ar\/inicio\/intendente-bonaerense-dijo-que-milei-es-un-maldito\/#article\",\"isPartOf\":{\"@id\":\"https:\/\/gysfm.com.ar\/inicio\/intendente-bonaerense-dijo-que-milei-es-un-maldito\/\"},\"author\":{\"name\":\"Prensa G&amp;S FM\",\"@id\":\"https:\/\/gysfm.com.ar\/inicio\/#\/schema\/person\/3abba7593ef2ad19e1be221d54383dc5\"},\"headline\":\"Intendente bonaerense dijo que Milei \u00abes un maldito\u00bb\",\"datePublished\":\"2026-04-29T11:46:13+00:00\",\"mainEntityOfPage\":{\"@id\":\"https:\/\/gysfm.com.ar\/inicio\/intendente-bonaerense-dijo-que-milei-es-un-maldito\/\"},\"wordCount\":529,\"publisher\":{\"@id\":\"https:\/\/gysfm.com.ar\/inicio\/#organization\"},\"image\":{\"@id\":\"https:\/\/gysfm.com.ar\/inicio\/intendente-bonaerense-dijo-que-milei-es-un-maldito\/#primaryimage\"},\"thumbnailUrl\":\"https:\/\/gysfm.com.ar\/inicio\/wp-content\/uploads\/2026\/04\/10-09-2025-mario-secco-intendente-de-ensenada-2096950.jpg\",\"articleSection\":[\"NACIONALES\"],\"inLanguage\":\"es\"},{\"@type\":\"WebPage\",\"@id\":\"https:\/\/gysfm.com.ar\/inicio\/intendente-bonaerense-dijo-que-milei-es-un-maldito\/\",\"url\":\"https:\/\/gysfm.com.ar\/inicio\/intendente-bonaerense-dijo-que-milei-es-un-maldito\/\",\"name\":\"Intendente bonaerense dijo que Milei \\\"es un maldito\\\" - GYS NOTICIAS |\",\"isPartOf\":{\"@id\":\"https:\/\/gysfm.com.ar\/inicio\/#website\"},\"primaryImageOfPage\":{\"@id\":\"https:\/\/gysfm.com.ar\/inicio\/intendente-bonaerense-dijo-que-milei-es-un-maldito\/#primaryimage\"},\"image\":{\"@id\":\"https:\/\/gysfm.com.ar\/inicio\/intendente-bonaerense-dijo-que-milei-es-un-maldito\/#primaryimage\"},\"thumbnailUrl\":\"https:\/\/gysfm.com.ar\/inicio\/wp-content\/uploads\/2026\/04\/10-09-2025-mario-secco-intendente-de-ensenada-2096950.jpg\",\"datePublished\":\"2026-04-29T11:46:13+00:00\",\"breadcrumb\":{\"@id\":\"https:\/\/gysfm.com.ar\/inicio\/intendente-bonaerense-dijo-que-milei-es-un-maldito\/#breadcrumb\"},\"inLanguage\":\"es\",\"potentialAction\":[{\"@type\":\"ReadAction\",\"target\":[\"https:\/\/gysfm.com.ar\/inicio\/intendente-bonaerense-dijo-que-milei-es-un-maldito\/\"]}]},{\"@type\":\"ImageObject\",\"inLanguage\":\"es\",\"@id\":\"https:\/\/gysfm.com.ar\/inicio\/intendente-bonaerense-dijo-que-milei-es-un-maldito\/#primaryimage\",\"url\":\"https:\/\/gysfm.com.ar\/inicio\/wp-content\/uploads\/2026\/04\/10-09-2025-mario-secco-intendente-de-ensenada-2096950.jpg\",\"contentUrl\":\"https:\/\/gysfm.com.ar\/inicio\/wp-content\/uploads\/2026\/04\/10-09-2025-mario-secco-intendente-de-ensenada-2096950.jpg\",\"width\":1140,\"height\":641},{\"@type\":\"BreadcrumbList\",\"@id\":\"https:\/\/gysfm.com.ar\/inicio\/intendente-bonaerense-dijo-que-milei-es-un-maldito\/#breadcrumb\",\"itemListElement\":[{\"@type\":\"ListItem\",\"position\":1,\"name\":\"Portada\",\"item\":\"https:\/\/gysfm.com.ar\/inicio\/\"},{\"@type\":\"ListItem\",\"position\":2,\"name\":\"Intendente bonaerense dijo que Milei \u00abes un maldito\u00bb\"}]},{\"@type\":\"WebSite\",\"@id\":\"https:\/\/gysfm.com.ar\/inicio\/#website\",\"url\":\"https:\/\/gysfm.com.ar\/inicio\/\",\"name\":\"GYS NOTICIAS |\",\"description\":\"DIARIO - RADIO ONLINE SAN JUAN ARGENTINA\",\"publisher\":{\"@id\":\"https:\/\/gysfm.com.ar\/inicio\/#organization\"},\"potentialAction\":[{\"@type\":\"SearchAction\",\"target\":{\"@type\":\"EntryPoint\",\"urlTemplate\":\"https:\/\/gysfm.com.ar\/inicio\/?s={search_term_string}\"},\"query-input\":{\"@type\":\"PropertyValueSpecification\",\"valueRequired\":true,\"valueName\":\"search_term_string\"}}],\"inLanguage\":\"es\"},{\"@type\":\"Organization\",\"@id\":\"https:\/\/gysfm.com.ar\/inicio\/#organization\",\"name\":\"GYS NOTICIAS |\",\"url\":\"https:\/\/gysfm.com.ar\/inicio\/\",\"logo\":{\"@type\":\"ImageObject\",\"inLanguage\":\"es\",\"@id\":\"https:\/\/gysfm.com.ar\/inicio\/#\/schema\/logo\/image\/\",\"url\":\"https:\/\/gysfm.com.ar\/inicio\/wp-content\/uploads\/2023\/07\/LOGOGYS-OK.png\",\"contentUrl\":\"https:\/\/gysfm.com.ar\/inicio\/wp-content\/uploads\/2023\/07\/LOGOGYS-OK.png\",\"width\":1170,\"height\":872,\"caption\":\"GYS NOTICIAS |\"},\"image\":{\"@id\":\"https:\/\/gysfm.com.ar\/inicio\/#\/schema\/logo\/image\/\"}},{\"@type\":\"Person\",\"@id\":\"https:\/\/gysfm.com.ar\/inicio\/#\/schema\/person\/3abba7593ef2ad19e1be221d54383dc5\",\"name\":\"Prensa G&amp;S FM\",\"image\":{\"@type\":\"ImageObject\",\"inLanguage\":\"es\",\"@id\":\"https:\/\/gysfm.com.ar\/inicio\/#\/schema\/person\/image\/\",\"url\":\"https:\/\/secure.gravatar.com\/avatar\/096ec78df02049ab018702bb4ccedf659377fa92a26540b5247612077a0dbd29?s=96&d=mm&r=g\",\"contentUrl\":\"https:\/\/secure.gravatar.com\/avatar\/096ec78df02049ab018702bb4ccedf659377fa92a26540b5247612077a0dbd29?s=96&d=mm&r=g\",\"caption\":\"Prensa G&amp;S FM\"},\"sameAs\":[\"https:\/\/gysfm.com.ar\/\"],\"url\":\"https:\/\/gysfm.com.ar\/inicio\/author\/lucasm\/\"}]}<\/script>\n<!-- \/ Yoast SEO plugin. -->","yoast_head_json":{"title":"Intendente bonaerense dijo que Milei \"es un maldito\" - GYS NOTICIAS |","robots":{"index":"index","follow":"follow","max-snippet":"max-snippet:-1","max-image-preview":"max-image-preview:large","max-video-preview":"max-video-preview:-1"},"canonical":"https:\/\/gysfm.com.ar\/inicio\/intendente-bonaerense-dijo-que-milei-es-un-maldito\/","og_locale":"es_ES","og_type":"article","og_title":"Intendente bonaerense dijo que Milei \"es un maldito\" - GYS NOTICIAS |","og_description":"El intendente de Ensenada, Mario Secco, cuestion\u00f3 con dureza al presidente Javier Milei al asegurar que \u00abes un maldito que est\u00e1 haciendo sufrir a la gente\u00bb y que \u00ablo hace feliz que los municipios quiebren\u00ab. Aguiar, de ATE, le respondi\u00f3 a Sturzenegger sobre el SMN: \u00abMiente descaradamente\u00bb \u00abEs un mamarracho\u00bb \u00abLa verdad que no lo [&hellip;]","og_url":"https:\/\/gysfm.com.ar\/inicio\/intendente-bonaerense-dijo-que-milei-es-un-maldito\/","og_site_name":"GYS NOTICIAS |","article_published_time":"2026-04-29T11:46:13+00:00","author":"Prensa G&amp;S FM","twitter_card":"summary_large_image","twitter_misc":{"Escrito por":"Prensa G&amp;S FM","Tiempo de lectura":"3 minutos"},"schema":{"@context":"https:\/\/schema.org","@graph":[{"@type":"Article","@id":"https:\/\/gysfm.com.ar\/inicio\/intendente-bonaerense-dijo-que-milei-es-un-maldito\/#article","isPartOf":{"@id":"https:\/\/gysfm.com.ar\/inicio\/intendente-bonaerense-dijo-que-milei-es-un-maldito\/"},"author":{"name":"Prensa G&amp;S FM","@id":"https:\/\/gysfm.com.ar\/inicio\/#\/schema\/person\/3abba7593ef2ad19e1be221d54383dc5"},"headline":"Intendente bonaerense dijo que Milei \u00abes un maldito\u00bb","datePublished":"2026-04-29T11:46:13+00:00","mainEntityOfPage":{"@id":"https:\/\/gysfm.com.ar\/inicio\/intendente-bonaerense-dijo-que-milei-es-un-maldito\/"},"wordCount":529,"publisher":{"@id":"https:\/\/gysfm.com.ar\/inicio\/#organization"},"image":{"@id":"https:\/\/gysfm.com.ar\/inicio\/intendente-bonaerense-dijo-que-milei-es-un-maldito\/#primaryimage"},"thumbnailUrl":"https:\/\/gysfm.com.ar\/inicio\/wp-content\/uploads\/2026\/04\/10-09-2025-mario-secco-intendente-de-ensenada-2096950.jpg","articleSection":["NACIONALES"],"inLanguage":"es"},{"@type":"WebPage","@id":"https:\/\/gysfm.com.ar\/inicio\/intendente-bonaerense-dijo-que-milei-es-un-maldito\/","url":"https:\/\/gysfm.com.ar\/inicio\/intendente-bonaerense-dijo-que-milei-es-un-maldito\/","name":"Intendente bonaerense dijo que Milei \"es un maldito\" - GYS NOTICIAS |","isPartOf":{"@id":"https:\/\/gysfm.com.ar\/inicio\/#website"},"primaryImageOfPage":{"@id":"https:\/\/gysfm.com.ar\/inicio\/intendente-bonaerense-dijo-que-milei-es-un-maldito\/#primaryimage"},"image":{"@id":"https:\/\/gysfm.com.ar\/inicio\/intendente-bonaerense-dijo-que-milei-es-un-maldito\/#primaryimage"},"thumbnailUrl":"https:\/\/gysfm.com.ar\/inicio\/wp-content\/uploads\/2026\/04\/10-09-2025-mario-secco-intendente-de-ensenada-2096950.jpg","datePublished":"2026-04-29T11:46:13+00:00","breadcrumb":{"@id":"https:\/\/gysfm.com.ar\/inicio\/intendente-bonaerense-dijo-que-milei-es-un-maldito\/#breadcrumb"},"inLanguage":"es","potentialAction":[{"@type":"ReadAction","target":["https:\/\/gysfm.com.ar\/inicio\/intendente-bonaerense-dijo-que-milei-es-un-maldito\/"]}]},{"@type":"ImageObject","inLanguage":"es","@id":"https:\/\/gysfm.com.ar\/inicio\/intendente-bonaerense-dijo-que-milei-es-un-maldito\/#primaryimage","url":"https:\/\/gysfm.com.ar\/inicio\/wp-content\/uploads\/2026\/04\/10-09-2025-mario-secco-intendente-de-ensenada-2096950.jpg","contentUrl":"https:\/\/gysfm.com.ar\/inicio\/wp-content\/uploads\/2026\/04\/10-09-2025-mario-secco-intendente-de-ensenada-2096950.jpg","width":1140,"height":641},{"@type":"BreadcrumbList","@id":"https:\/\/gysfm.com.ar\/inicio\/intendente-bonaerense-dijo-que-milei-es-un-maldito\/#breadcrumb","itemListElement":[{"@type":"ListItem","position":1,"name":"Portada","item":"https:\/\/gysfm.com.ar\/inicio\/"},{"@type":"ListItem","position":2,"name":"Intendente bonaerense dijo que Milei \u00abes un maldito\u00bb"}]},{"@type":"WebSite","@id":"https:\/\/gysfm.com.ar\/inicio\/#website","url":"https:\/\/gysfm.com.ar\/inicio\/","name":"GYS NOTICIAS |","description":"DIARIO - RADIO ONLINE SAN JUAN ARGENTINA","publisher":{"@id":"https:\/\/gysfm.com.ar\/inicio\/#organization"},"potentialAction":[{"@type":"SearchAction","target":{"@type":"EntryPoint","urlTemplate":"https:\/\/gysfm.com.ar\/inicio\/?s={search_term_string}"},"query-input":{"@type":"PropertyValueSpecification","valueRequired":true,"valueName":"search_term_string"}}],"inLanguage":"es"},{"@type":"Organization","@id":"https:\/\/gysfm.com.ar\/inicio\/#organization","name":"GYS NOTICIAS |","url":"https:\/\/gysfm.com.ar\/inicio\/","logo":{"@type":"ImageObject","inLanguage":"es","@id":"https:\/\/gysfm.com.ar\/inicio\/#\/schema\/logo\/image\/","url":"https:\/\/gysfm.com.ar\/inicio\/wp-content\/uploads\/2023\/07\/LOGOGYS-OK.png","contentUrl":"https:\/\/gysfm.com.ar\/inicio\/wp-content\/uploads\/2023\/07\/LOGOGYS-OK.png","width":1170,"height":872,"caption":"GYS NOTICIAS |"},"image":{"@id":"https:\/\/gysfm.com.ar\/inicio\/#\/schema\/logo\/image\/"}},{"@type":"Person","@id":"https:\/\/gysfm.com.ar\/inicio\/#\/schema\/person\/3abba7593ef2ad19e1be221d54383dc5","name":"Prensa G&amp;S FM","image":{"@type":"ImageObject","inLanguage":"es","@id":"https:\/\/gysfm.com.ar\/inicio\/#\/schema\/person\/image\/","url":"https:\/\/secure.gravatar.com\/avatar\/096ec78df02049ab018702bb4ccedf659377fa92a26540b5247612077a0dbd29?s=96&d=mm&r=g","contentUrl":"https:\/\/secure.gravatar.com\/avatar\/096ec78df02049ab018702bb4ccedf659377fa92a26540b5247612077a0dbd29?s=96&d=mm&r=g","caption":"Prensa G&amp;S FM"},"sameAs":["https:\/\/gysfm.com.ar\/"],"url":"https:\/\/gysfm.com.ar\/inicio\/author\/lucasm\/"}]}},"_links":{"self":[{"href":"https:\/\/gysfm.com.ar\/inicio\/wp-json\/wp\/v2\/posts\/193651","targetHints":{"allow":["GET"]}}],"collection":[{"href":"https:\/\/gysfm.com.ar\/inicio\/wp-json\/wp\/v2\/posts"}],"about":[{"href":"https:\/\/gysfm.com.ar\/inicio\/wp-json\/wp\/v2\/types\/post"}],"author":[{"embeddable":true,"href":"https:\/\/gysfm.com.ar\/inicio\/wp-json\/wp\/v2\/users\/2"}],"replies":[{"embeddable":true,"href":"https:\/\/gysfm.com.ar\/inicio\/wp-json\/wp\/v2\/comments?post=193651"}],"version-history":[{"count":0,"href":"https:\/\/gysfm.com.ar\/inicio\/wp-json\/wp\/v2\/posts\/193651\/revisions"}],"wp:featuredmedia":[{"embeddable":true,"href":"https:\/\/gysfm.com.ar\/inicio\/wp-json\/wp\/v2\/media\/193652"}],"wp:attachment":[{"href":"https:\/\/gysfm.com.ar\/inicio\/wp-json\/wp\/v2\/media?parent=193651"}],"wp:term":[{"taxonomy":"category","embeddable":true,"href":"https:\/\/gysfm.com.ar\/inicio\/wp-json\/wp\/v2\/categories?post=193651"},{"taxonomy":"post_tag","embeddable":true,"href":"https:\/\/gysfm.com.ar\/inicio\/wp-json\/wp\/v2\/tags?post=193651"}],"curies":[{"name":"wp","href":"https:\/\/api.w.org\/{rel}","templated":true}]}}