{"id":193648,"date":"2026-04-29T08:16:41","date_gmt":"2026-04-29T11:16:41","guid":{"rendered":"https:\/\/gysfm.com.ar\/inicio\/pompa-gestos-y-una-revelacion-inesperada-trump-y-carlos-iii-se-reunen-en-medio-de-tensiones-con-londres\/"},"modified":"2026-04-29T08:16:42","modified_gmt":"2026-04-29T11:16:42","slug":"pompa-gestos-y-una-revelacion-inesperada-trump-y-carlos-iii-se-reunen-en-medio-de-tensiones-con-londres","status":"publish","type":"post","link":"https:\/\/gysfm.com.ar\/inicio\/pompa-gestos-y-una-revelacion-inesperada-trump-y-carlos-iii-se-reunen-en-medio-de-tensiones-con-londres\/","title":{"rendered":"Pompa, gestos y una revelaci\u00f3n inesperada: Trump y Carlos III se re\u00fanen en medio de tensiones con Londres"},"content":{"rendered":"<p> <br \/>\n<\/p>\n<div>\n<p class=\"com-paragraph  --capital --s\">WASHINGTON.- Una <strong>recepci\u00f3n con pompa real<\/strong> en el P\u00f3rtico Sur de la<strong> Casa Blanca<\/strong>; una <strong>reuni\u00f3n bilateral<\/strong> con <strong>Donald Trump<\/strong> para limar asperezas en un momento de<strong> <\/strong><a href=\"https:\/\/www.lanacion.com.ar\/el-mundo\/el-informe-del-pentagono-que-filtro-reuters-sobre-como-eeuu-evalua-revisar-su-apoyo-a-reino-unido-en-nid24042026\/\" target=\"_self\" title=\"https:\/\/www.lanacion.com.ar\/el-mundo\/el-informe-del-pentagono-que-filtro-reuters-sobre-como-eeuu-evalua-revisar-su-apoyo-a-reino-unido-en-nid24042026\/\" class=\"com-link break-word\" data-mrf-recirculation=\"n_link_parrafo\"><strong>alta tensi\u00f3n entre dos aliados<\/strong><\/a>; un esperado <strong>discurso ante el Congreso norteamericano<\/strong> en el que destac\u00f3 la <strong>historia compartida<\/strong> de <strong>Estados Unidos<\/strong> y el <strong>Reino Unido<\/strong> y llam\u00f3 a la <strong>reconciliaci\u00f3n<\/strong>, y un cierre con una <strong>cena de Estado<\/strong>.<\/p>\n<p class=\"com-paragraph   --s\">En el segundo d\u00eda de su gira, con una agenda de fuerte contenido pol\u00edtico, el<strong> rey Carlos III<\/strong>, acompa\u00f1ado por la <strong>reina Camilla<\/strong>,<strong> <\/strong>reconoci\u00f3 este martes las <strong>\u201cdiferencias\u201d y \u201cdesacuerdos\u201d<\/strong> entre el Reino Unido y Estados Unidos, pero hizo hincapi\u00e9 en el compromiso compartido de ambos pa\u00edses y calific\u00f3 el v\u00ednculo bilateral como <strong>\u201cinsustituible e inquebrantable\u201d<\/strong>.<\/p>\n<div class=\"content-media\">\n<section role=\"button\" class=\"mod-media   \">\n<figure role=\"button\" tabindex=\"0\" class=\"mod-figure \"><figcaption class=\"mod-figcaption\"><span class=\"com-text --caption --twoxs\">El rey Carlos III y el presidente Donald Trump, en la Casa Blanca.<\/span><span class=\"com-text --credit --twoxs\">Mark Schiefelbein &#8211; AP<\/span><\/figcaption><\/figure>\n<\/section>\n<\/div>\n<p class=\"com-paragraph   --s\">Su presentaci\u00f3n en el Capitolio fue uno de los momentos centrales de su visita de Estado, que ha captado la atenci\u00f3n internacional ante las <strong>profundas divergencias<\/strong> <strong>entre Trump y el primer ministro Keir Starmer<\/strong> por el rol brit\u00e1nico y de la OTAN en la <strong>guerra en Medio Oriente<\/strong>, entre otros ejes conflictivos. Fue <strong>la segunda vez que un monarca brit\u00e1nico se presenta en ese escenario <\/strong>despu\u00e9s de que su madre, la <strong>reina Isabel II<\/strong>, hablara ante ambas c\u00e1maras en 1991. <\/p>\n<p class=\"com-paragraph   --s\">\u201cEl mismo principio sobre el que se fund\u00f3 su Congreso constituy\u00f3, por un lado, <strong>un desacuerdo fundamental entre nosotros<\/strong> y, por el otro, un <strong>valor democr\u00e1tico compartido <\/strong>que ustedes heredaron de nosotros. <strong>La nuestra es una asociaci\u00f3n nacida de la disputa, pero no por ello menos s\u00f3lida<\/strong>\u201d, se\u00f1al\u00f3 Carlos III, en el evento central de su visita de Estado, la de mayor perfil en su reinado. Este martes por la noche se llev\u00f3 a cabo una <strong>cena de Estado con Trump<\/strong>.<\/p>\n<p><iframe loading=\"lazy\" title=\"LIVE: King Charles III addresses US Congress (full speech)\" width=\"1170\" height=\"658\" src=\"https:\/\/www.youtube.com\/embed\/ZhoflAu-Lls?wmode=transparent&amp;rel=0&amp;feature=oembed\" frameborder=\"0\" allow=\"accelerometer; autoplay; clipboard-write; encrypted-media; gyroscope; picture-in-picture; web-share\" referrerpolicy=\"strict-origin-when-cross-origin\" allowfullscreen><\/iframe><\/p>\n<p class=\"com-paragraph   --s\">El discurso de Carlos III -que se produjo poco despu\u00e9s de una reuni\u00f3n bilateral con Trump en la Casa Blanca- fue interrumpido<strong> varias veces por aplausos de pie del p\u00fablico<\/strong>, que se desarroll\u00f3 en la C\u00e1mara de Representantes. Tambi\u00e9n hubo momentos de distensi\u00f3n en su presentaci\u00f3n, con toques de humor que generaron risas de los asistentes.<\/p>\n<p class=\"com-paragraph   --s\"><strong>\u201cComo dec\u00eda Oscar Wilde, realmente tenemos todo en com\u00fan con Estados Unidos hoy en d\u00eda, excepto, por supuesto, el idioma\u201d<\/strong>, dijo en un tramo.<\/p>\n<p class=\"com-paragraph   --s\">\u201cDe las amargas divisiones de hace 250 a\u00f1os, forjamos una amistad que ha crecido <strong>hasta convertirse en una de las alianzas de mayor trascendencia en la historia de la humanidad<\/strong>\u201d, afirm\u00f3 Carlos III en su discurso, en el que destac\u00f3 que el Reino Unido y Estados Unidos se han apoyado mutuamente en \u201cdos guerras mundiales, la Guerra Fr\u00eda, Afganist\u00e1n y momentos que<strong> han definido nuestra seguridad compartida<\/strong>\u201d.<\/p>\n<p class=\"com-paragraph   --s\">A continuaci\u00f3n, sostuvo que esa misma \u201cdeterminaci\u00f3n inquebrantable es necesaria para la defensa de Ucrania\u201d. <\/p>\n<p class=\"com-paragraph   --s\">En otro tramo, hizo un tiro por elevaci\u00f3n, con sutileza, a los <strong>ataques de Trump contra Gran Breta\u00f1a y la OTAN por no haberse sumado a la guerra contra Ir\u00e1n<\/strong>. \u201cNuestros lazos en materia de <strong>defensa, inteligencia y seguridad <\/strong>est\u00e1n intr\u00ednsecamente entrelazados mediante relaciones que no se miden en a\u00f1os, sino en d\u00e9cadas\u201d, dijo, y record\u00f3 los atentados del 11 de septiembre de 2001. <\/p>\n<p class=\"com-paragraph   --s\">\u201cRespondimos juntos al llamado, tal como lo ha hecho nuestro pueblo durante m\u00e1s de un siglo\u201d, se\u00f1al\u00f3 el rey, que hab\u00eda comenzado su presentaci\u00f3n con una condena al frustrado ataque de un hombre armado contra Trump el pasado s\u00e1bado en la cena de corresponsales de la Casa Blanca. <strong>\u201cPerm\u00edtanme decir con una determinaci\u00f3n inquebrantable: actos de violencia como este nunca tendr\u00e1n \u00e9xito\u201d<\/strong>, se\u00f1al\u00f3.<\/p>\n<p class=\"com-paragraph   --s\">Tanto en Washington como en Londres hab\u00eda expectativas de que el mensaje central del rey en esta gira <strong>contribuyera a distender el v\u00ednculo entre Trump y Starmer<\/strong>. <strong>El presidente critic\u00f3 abiertamente al gobierno brit\u00e1nico <\/strong>por no respaldar la ofensiva militar en Ir\u00e1n y el operativo para reabrir el estrat\u00e9gico <strong>estrecho de Ormuz<\/strong> ante el bloqueo de las fuerzas del r\u00e9gimen.<\/p>\n<p class=\"com-paragraph   --s\">\u201cRezo con todo mi coraz\u00f3n para que <strong>nuestra alianza contin\u00fae defendiendo nuestros valores compartidos<\/strong>, junto con nuestros socios en Europa, en la Mancomunidad de Naciones y en todo el mundo, y para que desoigamos los llamados a replegarnos cada vez m\u00e1s sobre nosotros mismos\u201d, expres\u00f3 el monarca brit\u00e1nico, que llam\u00f3 a ambos pa\u00edses a renovar su <strong>\u201ccompromiso mutuo\u201d<\/strong>.<\/p>\n<p class=\"com-paragraph   --s\">\u201cLas palabras de Estados Unidos tienen peso y significado, tal como lo han tenido desde su independencia. <strong>Las acciones de esta gran naci\u00f3n importan a\u00fan m\u00e1s<\/strong>\u201c, ampli\u00f3. Carlos III concluy\u00f3 con un llamado a la historia compartida de los pa\u00edses, la cual describi\u00f3 como una <strong>\u201dhistoria de reconciliaci\u00f3n, renovaci\u00f3n y una asociaci\u00f3n extraordinaria\u00bb<\/strong>.<\/p>\n<p class=\"com-paragraph   --s\">\u201cComo el propio Trump observ\u00f3&#8230; el v\u00ednculo de parentesco e identidad con el Reino Unido es inestimable y eterno. Es insustituible e inquebrantable\u201d, dijo, al citar al presidente norteamericano. El rey recibi\u00f3 una ovaci\u00f3n de pie.<\/p>\n<p class=\"com-paragraph   --s\">Horas antes, en su discurso de recepci\u00f3n a los monarcas en la Casa Blanca, Trump hab\u00eda se\u00f1alado que desde que Estados Unidos logr\u00f3 su independencia, <strong>el pa\u00eds \u201cno ha tenido amigos m\u00e1s cercanos que los brit\u00e1nicos\u201d<\/strong>, y record\u00f3 la historia de su madre, <strong>Mary Anne MacLeod<\/strong>, nacida en Escocia. <\/p>\n<p class=\"com-paragraph   --s\">\u201cLe cont\u00e9 al rey que<strong> ella amaba a la familia real<\/strong>, y cada vez que la reina participaba en alguna ceremonia o evento, se quedaba pegada al televisor y dec\u00eda: <strong>\u2018Donald, mira qu\u00e9 hermoso es eso\u2019<\/strong>. Tambi\u00e9n recuerdo que dec\u00eda, muy claramente: <strong>\u2018\u00a1Carlos! Mira al joven Carlos&#8230; \u00a1es tan guapo!\u2018. Mi madre estaba enamorada de Carlos. \u00bfPueden creerlo?\u201c<\/strong>, cont\u00f3 el presidente, lo que gener\u00f3 las risas de los invitados. <strong>\u201cMe pregunto qu\u00e9 estar\u00e1 pensando ella ahora mismo\u201d<\/strong>, a\u00f1adi\u00f3.<\/p>\n<p class=\"com-paragraph   --s\">En la ceremonia, aviones militares realizaron un sobrevuelo oficial de exhibici\u00f3n, y Trump y el rey caminaron sobre el c\u00e9sped de los jardines de la Casa Blanca frente a una l\u00ednea de soldados. Esa presentaci\u00f3n militar constituye el m\u00e1s alto honor diplom\u00e1tico que Estados Unidos pueden otorgar a un jefe de Estado de visita.<\/p>\n<div class=\"content-media\">\n<section role=\"button\" class=\"mod-media   \">\n<figure role=\"button\" tabindex=\"0\" class=\"mod-figure \"><figcaption class=\"mod-figcaption\"><span class=\"com-text --caption --twoxs\">El presidente de Estados Unidos, Donald Trump, y la primera dama, Melania Trump, saludan al rey Carlos III y a la reina Camila en la Casa Blanca.<\/span><span class=\"com-text --credit --twoxs\">Pool &#8211; Getty Images Europe<\/span><\/figcaption><\/figure>\n<\/section>\n<\/div>\n<p class=\"com-paragraph   --s\">La visita real -de fuerte impacto pol\u00edtico y simb\u00f3lico- se produce poco antes de que Estados Unidos conmemore el <strong>pr\u00f3ximo 4 de julio el 250\u00b0 aniversario de su independencia<\/strong> del Reino Unido, que estuvo presente en el discurso del rey de este martes por la tarde.<\/p>\n<p class=\"com-paragraph   --s\">En el plano comercial, Trump tambi\u00e9n impuso un arancel al Reino Unido y advirti\u00f3 recientemente que podr\u00eda aplicar <strong>grav\u00e1menes adicionales <\/strong>si el pa\u00eds europeo no eliminara un impuesto a los servicios digitales de las empresas tecnol\u00f3gicas estadounidenses.<\/p>\n<div class=\"content-media\">\n<section role=\"button\" class=\"mod-media   \">\n<figure role=\"button\" tabindex=\"0\" class=\"mod-figure \"><figcaption class=\"mod-figcaption\"><span class=\"com-text --caption --twoxs\">El rey Carlos III y el presidente Donald Trump, en la Casa Blanca.<\/span><span class=\"com-text --credit --twoxs\">Alex Brandon &#8211; AP<\/span><\/figcaption><\/figure>\n<\/section>\n<\/div>\n<p class=\"com-paragraph   --s\">Antes de la <strong>recepci\u00f3n de este martes por la ma\u00f1ana en La Casa Blanca a Carlos III y Camilla<\/strong>, Trump, un reconocido admirador de la familia real brit\u00e1nica, hab\u00eda hecho una publicaci\u00f3n en su red Truth Social con otra se\u00f1al de distensi\u00f3n.<\/p>\n<p class=\"com-paragraph   --s\">\u201c\u00a1Qu\u00e9 bien! <strong>\u00a1Siempre he querido vivir en el Palacio de Buckingham! <\/strong>\u00a1Hablar\u00e9 con el rey y la reina sobre esto en unos minutos!\u201c, escribi\u00f3 el presidente norteamericano, con la publicaci\u00f3n de un art\u00edculo del tabloide brit\u00e1nico <em>Daily Mail <\/em>que se\u00f1al\u00f3 que Trump y Carlos III comparten un <strong>antepasado lejano<\/strong>, lo que los convertir\u00eda en<strong> primos decimoquintos<\/strong>.<\/p>\n<p class=\"com-paragraph   --s\">La visita del rey a Estados Unidos qued\u00f3 marcada adem\u00e1s por el revuelo que se gener\u00f3 la semana pasada por la<strong> filtraci\u00f3n de un correo electr\u00f3nico interno del Pent\u00e1gono<\/strong> que, seg\u00fan public\u00f3 la agencia brit\u00e1nica <em>Reuters<\/em>, <strong>contempla la suspensi\u00f3n del apoyo de Trump al Reino Unido en su disputa con la Argentina por las Islas Malvinas<\/strong>.<\/p>\n<p class=\"com-paragraph   --s\">La revelaci\u00f3n gener\u00f3 amplia repercusi\u00f3n en los medios brit\u00e1nicos, que destacaron que se produjera pocos d\u00edas antes de la visita del monarca a Washington. <\/p>\n<p class=\"com-paragraph   --s\">Tambi\u00e9n hubo pedidos desde el Capitolio para que <strong>Carlos III<\/strong> se re\u00fana con v\u00edctimas del <strong>fallecido criminal sexual Jeffrey Epstein<\/strong> durante su estad\u00eda en Estados Unidos, un caso que <strong>salpica a la familia real brit\u00e1nica por la relaci\u00f3n que ten\u00eda el magnate financiero con el pr\u00edncipe Andr\u00e9s<\/strong>. De todas formas, el Palacio de Buckingham confirm\u00f3 que no habr\u00e1 tales reuniones.<\/p>\n<p class=\"com-paragraph   --s\">En su presentaci\u00f3n en el Capitolio, Carlos III prefiri\u00f3 evitar el esc\u00e1ndalo relacionado con Epstein, aunque hizo una referencia a <strong>\u201cv\u00edctimas de algunos de los males que, tr\u00e1gicamente, existen en ambas sociedades hoy\u201d<\/strong>.<\/p>\n<p class=\"com-paragraph   --s\">El representante dem\u00f3crata <strong>Ro Khanna<\/strong> (California) hab\u00eda instado al rey a que, al menos, abordara este asunto durante su discurso ante el Congreso.<\/p>\n<section class=\"container-center-100 mb-40 border border-bottom border-thin border-neutral-light-700\">\n<hr\/>\n<\/section>\n<\/div>\n<p><script id=\"facebookpixel\" defer=\"\" type=\"text\/javascript\">\n        !function(f,b,e,v,n,t,s)\n        {if(f.fbq)return;n=f.fbq=function(){n.callMethod?\n        n.callMethod.apply(n,arguments):n.queue.push(arguments)};\n        if(!f._fbq)f._fbq=n;n.push=n;n.loaded=!0;n.version='2.0';\n        n.queue=[];t=b.createElement(e);t.async=!0;\n        t.src=v;s=b.getElementsByTagName(e)[0];\n        s.parentNode.insertBefore(t,s)}(window, document,'script',\n        'https:\/\/connect.facebook.net\/en_US\/fbevents.js');\n        fbq('init', '492459597522335');\n        fbq('track', 'PageView');\n    <\/script><br \/>\n<br \/><\/p>\n","protected":false},"excerpt":{"rendered":"<p>WASHINGTON.- Una recepci\u00f3n con pompa real en el P\u00f3rtico Sur de la Casa Blanca; una reuni\u00f3n bilateral con Donald Trump para limar asperezas en un momento de alta tensi\u00f3n entre dos aliados; un esperado discurso ante el Congreso norteamericano en el que destac\u00f3 la historia compartida de Estados Unidos y el Reino Unido y llam\u00f3 [&hellip;]<\/p>\n","protected":false},"author":2,"featured_media":193649,"comment_status":"closed","ping_status":"closed","sticky":false,"template":"","format":"standard","meta":{"footnotes":""},"categories":[26],"tags":[],"class_list":["post-193648","post","type-post","status-publish","format-standard","has-post-thumbnail","hentry","category-internacionales"],"yoast_head":"<!-- This site is optimized with the Yoast SEO plugin v24.4 - https:\/\/yoast.com\/wordpress\/plugins\/seo\/ -->\n<title>Pompa, gestos y una revelaci\u00f3n inesperada: Trump y Carlos III se re\u00fanen en medio de tensiones con Londres - GYS NOTICIAS |<\/title>\n<meta name=\"robots\" content=\"index, follow, max-snippet:-1, max-image-preview:large, max-video-preview:-1\" \/>\n<link rel=\"canonical\" href=\"https:\/\/gysfm.com.ar\/inicio\/pompa-gestos-y-una-revelacion-inesperada-trump-y-carlos-iii-se-reunen-en-medio-de-tensiones-con-londres\/\" \/>\n<meta property=\"og:locale\" content=\"es_ES\" \/>\n<meta property=\"og:type\" content=\"article\" \/>\n<meta property=\"og:title\" content=\"Pompa, gestos y una revelaci\u00f3n inesperada: Trump y Carlos III se re\u00fanen en medio de tensiones con Londres - GYS NOTICIAS |\" \/>\n<meta property=\"og:description\" content=\"WASHINGTON.- Una recepci\u00f3n con pompa real en el P\u00f3rtico Sur de la Casa Blanca; una reuni\u00f3n bilateral con Donald Trump para limar asperezas en un momento de alta tensi\u00f3n entre dos aliados; un esperado discurso ante el Congreso norteamericano en el que destac\u00f3 la historia compartida de Estados Unidos y el Reino Unido y llam\u00f3 [&hellip;]\" \/>\n<meta property=\"og:url\" content=\"https:\/\/gysfm.com.ar\/inicio\/pompa-gestos-y-una-revelacion-inesperada-trump-y-carlos-iii-se-reunen-en-medio-de-tensiones-con-londres\/\" \/>\n<meta property=\"og:site_name\" content=\"GYS NOTICIAS |\" \/>\n<meta property=\"article:published_time\" content=\"2026-04-29T11:16:41+00:00\" \/>\n<meta property=\"article:modified_time\" content=\"2026-04-29T11:16:42+00:00\" \/>\n<meta property=\"og:image\" content=\"https:\/\/gysfm.com.ar\/inicio\/wp-content\/uploads\/2026\/04\/carlos-iii-se-dirige-a-una-sesion-conjunta-del-NAZPNN2IXVG6RIPD4KTOSL5X2M.JPG\" \/>\n\t<meta property=\"og:image:width\" content=\"1200\" \/>\n\t<meta property=\"og:image:height\" content=\"800\" \/>\n\t<meta property=\"og:image:type\" content=\"image\/jpeg\" \/>\n<meta name=\"author\" content=\"Prensa G&amp;S FM\" \/>\n<meta name=\"twitter:card\" content=\"summary_large_image\" \/>\n<meta name=\"twitter:label1\" content=\"Escrito por\" \/>\n\t<meta name=\"twitter:data1\" content=\"Prensa G&amp;S FM\" \/>\n\t<meta name=\"twitter:label2\" content=\"Tiempo de lectura\" \/>\n\t<meta name=\"twitter:data2\" content=\"8 minutos\" \/>\n<script type=\"application\/ld+json\" class=\"yoast-schema-graph\">{\"@context\":\"https:\/\/schema.org\",\"@graph\":[{\"@type\":\"Article\",\"@id\":\"https:\/\/gysfm.com.ar\/inicio\/pompa-gestos-y-una-revelacion-inesperada-trump-y-carlos-iii-se-reunen-en-medio-de-tensiones-con-londres\/#article\",\"isPartOf\":{\"@id\":\"https:\/\/gysfm.com.ar\/inicio\/pompa-gestos-y-una-revelacion-inesperada-trump-y-carlos-iii-se-reunen-en-medio-de-tensiones-con-londres\/\"},\"author\":{\"name\":\"Prensa G&amp;S FM\",\"@id\":\"https:\/\/gysfm.com.ar\/inicio\/#\/schema\/person\/3abba7593ef2ad19e1be221d54383dc5\"},\"headline\":\"Pompa, gestos y una revelaci\u00f3n inesperada: Trump y Carlos III se re\u00fanen en medio de tensiones con Londres\",\"datePublished\":\"2026-04-29T11:16:41+00:00\",\"dateModified\":\"2026-04-29T11:16:42+00:00\",\"mainEntityOfPage\":{\"@id\":\"https:\/\/gysfm.com.ar\/inicio\/pompa-gestos-y-una-revelacion-inesperada-trump-y-carlos-iii-se-reunen-en-medio-de-tensiones-con-londres\/\"},\"wordCount\":1562,\"publisher\":{\"@id\":\"https:\/\/gysfm.com.ar\/inicio\/#organization\"},\"image\":{\"@id\":\"https:\/\/gysfm.com.ar\/inicio\/pompa-gestos-y-una-revelacion-inesperada-trump-y-carlos-iii-se-reunen-en-medio-de-tensiones-con-londres\/#primaryimage\"},\"thumbnailUrl\":\"https:\/\/gysfm.com.ar\/inicio\/wp-content\/uploads\/2026\/04\/carlos-iii-se-dirige-a-una-sesion-conjunta-del-NAZPNN2IXVG6RIPD4KTOSL5X2M.JPG\",\"articleSection\":[\"INTERNACIONALES\"],\"inLanguage\":\"es\"},{\"@type\":\"WebPage\",\"@id\":\"https:\/\/gysfm.com.ar\/inicio\/pompa-gestos-y-una-revelacion-inesperada-trump-y-carlos-iii-se-reunen-en-medio-de-tensiones-con-londres\/\",\"url\":\"https:\/\/gysfm.com.ar\/inicio\/pompa-gestos-y-una-revelacion-inesperada-trump-y-carlos-iii-se-reunen-en-medio-de-tensiones-con-londres\/\",\"name\":\"Pompa, gestos y una revelaci\u00f3n inesperada: Trump y Carlos III se re\u00fanen en medio de tensiones con Londres - GYS NOTICIAS |\",\"isPartOf\":{\"@id\":\"https:\/\/gysfm.com.ar\/inicio\/#website\"},\"primaryImageOfPage\":{\"@id\":\"https:\/\/gysfm.com.ar\/inicio\/pompa-gestos-y-una-revelacion-inesperada-trump-y-carlos-iii-se-reunen-en-medio-de-tensiones-con-londres\/#primaryimage\"},\"image\":{\"@id\":\"https:\/\/gysfm.com.ar\/inicio\/pompa-gestos-y-una-revelacion-inesperada-trump-y-carlos-iii-se-reunen-en-medio-de-tensiones-con-londres\/#primaryimage\"},\"thumbnailUrl\":\"https:\/\/gysfm.com.ar\/inicio\/wp-content\/uploads\/2026\/04\/carlos-iii-se-dirige-a-una-sesion-conjunta-del-NAZPNN2IXVG6RIPD4KTOSL5X2M.JPG\",\"datePublished\":\"2026-04-29T11:16:41+00:00\",\"dateModified\":\"2026-04-29T11:16:42+00:00\",\"breadcrumb\":{\"@id\":\"https:\/\/gysfm.com.ar\/inicio\/pompa-gestos-y-una-revelacion-inesperada-trump-y-carlos-iii-se-reunen-en-medio-de-tensiones-con-londres\/#breadcrumb\"},\"inLanguage\":\"es\",\"potentialAction\":[{\"@type\":\"ReadAction\",\"target\":[\"https:\/\/gysfm.com.ar\/inicio\/pompa-gestos-y-una-revelacion-inesperada-trump-y-carlos-iii-se-reunen-en-medio-de-tensiones-con-londres\/\"]}]},{\"@type\":\"ImageObject\",\"inLanguage\":\"es\",\"@id\":\"https:\/\/gysfm.com.ar\/inicio\/pompa-gestos-y-una-revelacion-inesperada-trump-y-carlos-iii-se-reunen-en-medio-de-tensiones-con-londres\/#primaryimage\",\"url\":\"https:\/\/gysfm.com.ar\/inicio\/wp-content\/uploads\/2026\/04\/carlos-iii-se-dirige-a-una-sesion-conjunta-del-NAZPNN2IXVG6RIPD4KTOSL5X2M.JPG\",\"contentUrl\":\"https:\/\/gysfm.com.ar\/inicio\/wp-content\/uploads\/2026\/04\/carlos-iii-se-dirige-a-una-sesion-conjunta-del-NAZPNN2IXVG6RIPD4KTOSL5X2M.JPG\",\"width\":1200,\"height\":800},{\"@type\":\"BreadcrumbList\",\"@id\":\"https:\/\/gysfm.com.ar\/inicio\/pompa-gestos-y-una-revelacion-inesperada-trump-y-carlos-iii-se-reunen-en-medio-de-tensiones-con-londres\/#breadcrumb\",\"itemListElement\":[{\"@type\":\"ListItem\",\"position\":1,\"name\":\"Portada\",\"item\":\"https:\/\/gysfm.com.ar\/inicio\/\"},{\"@type\":\"ListItem\",\"position\":2,\"name\":\"Pompa, gestos y una revelaci\u00f3n inesperada: Trump y Carlos III se re\u00fanen en medio de tensiones con Londres\"}]},{\"@type\":\"WebSite\",\"@id\":\"https:\/\/gysfm.com.ar\/inicio\/#website\",\"url\":\"https:\/\/gysfm.com.ar\/inicio\/\",\"name\":\"GYS NOTICIAS |\",\"description\":\"DIARIO - RADIO ONLINE SAN JUAN ARGENTINA\",\"publisher\":{\"@id\":\"https:\/\/gysfm.com.ar\/inicio\/#organization\"},\"potentialAction\":[{\"@type\":\"SearchAction\",\"target\":{\"@type\":\"EntryPoint\",\"urlTemplate\":\"https:\/\/gysfm.com.ar\/inicio\/?s={search_term_string}\"},\"query-input\":{\"@type\":\"PropertyValueSpecification\",\"valueRequired\":true,\"valueName\":\"search_term_string\"}}],\"inLanguage\":\"es\"},{\"@type\":\"Organization\",\"@id\":\"https:\/\/gysfm.com.ar\/inicio\/#organization\",\"name\":\"GYS NOTICIAS |\",\"url\":\"https:\/\/gysfm.com.ar\/inicio\/\",\"logo\":{\"@type\":\"ImageObject\",\"inLanguage\":\"es\",\"@id\":\"https:\/\/gysfm.com.ar\/inicio\/#\/schema\/logo\/image\/\",\"url\":\"https:\/\/gysfm.com.ar\/inicio\/wp-content\/uploads\/2023\/07\/LOGOGYS-OK.png\",\"contentUrl\":\"https:\/\/gysfm.com.ar\/inicio\/wp-content\/uploads\/2023\/07\/LOGOGYS-OK.png\",\"width\":1170,\"height\":872,\"caption\":\"GYS NOTICIAS |\"},\"image\":{\"@id\":\"https:\/\/gysfm.com.ar\/inicio\/#\/schema\/logo\/image\/\"}},{\"@type\":\"Person\",\"@id\":\"https:\/\/gysfm.com.ar\/inicio\/#\/schema\/person\/3abba7593ef2ad19e1be221d54383dc5\",\"name\":\"Prensa G&amp;S FM\",\"image\":{\"@type\":\"ImageObject\",\"inLanguage\":\"es\",\"@id\":\"https:\/\/gysfm.com.ar\/inicio\/#\/schema\/person\/image\/\",\"url\":\"https:\/\/secure.gravatar.com\/avatar\/096ec78df02049ab018702bb4ccedf659377fa92a26540b5247612077a0dbd29?s=96&d=mm&r=g\",\"contentUrl\":\"https:\/\/secure.gravatar.com\/avatar\/096ec78df02049ab018702bb4ccedf659377fa92a26540b5247612077a0dbd29?s=96&d=mm&r=g\",\"caption\":\"Prensa G&amp;S FM\"},\"sameAs\":[\"https:\/\/gysfm.com.ar\/\"],\"url\":\"https:\/\/gysfm.com.ar\/inicio\/author\/lucasm\/\"}]}<\/script>\n<!-- \/ Yoast SEO plugin. -->","yoast_head_json":{"title":"Pompa, gestos y una revelaci\u00f3n inesperada: Trump y Carlos III se re\u00fanen en medio de tensiones con Londres - GYS NOTICIAS |","robots":{"index":"index","follow":"follow","max-snippet":"max-snippet:-1","max-image-preview":"max-image-preview:large","max-video-preview":"max-video-preview:-1"},"canonical":"https:\/\/gysfm.com.ar\/inicio\/pompa-gestos-y-una-revelacion-inesperada-trump-y-carlos-iii-se-reunen-en-medio-de-tensiones-con-londres\/","og_locale":"es_ES","og_type":"article","og_title":"Pompa, gestos y una revelaci\u00f3n inesperada: Trump y Carlos III se re\u00fanen en medio de tensiones con Londres - GYS NOTICIAS |","og_description":"WASHINGTON.- Una recepci\u00f3n con pompa real en el P\u00f3rtico Sur de la Casa Blanca; una reuni\u00f3n bilateral con Donald Trump para limar asperezas en un momento de alta tensi\u00f3n entre dos aliados; un esperado discurso ante el Congreso norteamericano en el que destac\u00f3 la historia compartida de Estados Unidos y el Reino Unido y llam\u00f3 [&hellip;]","og_url":"https:\/\/gysfm.com.ar\/inicio\/pompa-gestos-y-una-revelacion-inesperada-trump-y-carlos-iii-se-reunen-en-medio-de-tensiones-con-londres\/","og_site_name":"GYS NOTICIAS |","article_published_time":"2026-04-29T11:16:41+00:00","article_modified_time":"2026-04-29T11:16:42+00:00","og_image":[{"width":1200,"height":800,"url":"https:\/\/gysfm.com.ar\/inicio\/wp-content\/uploads\/2026\/04\/carlos-iii-se-dirige-a-una-sesion-conjunta-del-NAZPNN2IXVG6RIPD4KTOSL5X2M.JPG","type":"image\/jpeg"}],"author":"Prensa G&amp;S FM","twitter_card":"summary_large_image","twitter_misc":{"Escrito por":"Prensa G&amp;S FM","Tiempo de lectura":"8 minutos"},"schema":{"@context":"https:\/\/schema.org","@graph":[{"@type":"Article","@id":"https:\/\/gysfm.com.ar\/inicio\/pompa-gestos-y-una-revelacion-inesperada-trump-y-carlos-iii-se-reunen-en-medio-de-tensiones-con-londres\/#article","isPartOf":{"@id":"https:\/\/gysfm.com.ar\/inicio\/pompa-gestos-y-una-revelacion-inesperada-trump-y-carlos-iii-se-reunen-en-medio-de-tensiones-con-londres\/"},"author":{"name":"Prensa G&amp;S FM","@id":"https:\/\/gysfm.com.ar\/inicio\/#\/schema\/person\/3abba7593ef2ad19e1be221d54383dc5"},"headline":"Pompa, gestos y una revelaci\u00f3n inesperada: Trump y Carlos III se re\u00fanen en medio de tensiones con Londres","datePublished":"2026-04-29T11:16:41+00:00","dateModified":"2026-04-29T11:16:42+00:00","mainEntityOfPage":{"@id":"https:\/\/gysfm.com.ar\/inicio\/pompa-gestos-y-una-revelacion-inesperada-trump-y-carlos-iii-se-reunen-en-medio-de-tensiones-con-londres\/"},"wordCount":1562,"publisher":{"@id":"https:\/\/gysfm.com.ar\/inicio\/#organization"},"image":{"@id":"https:\/\/gysfm.com.ar\/inicio\/pompa-gestos-y-una-revelacion-inesperada-trump-y-carlos-iii-se-reunen-en-medio-de-tensiones-con-londres\/#primaryimage"},"thumbnailUrl":"https:\/\/gysfm.com.ar\/inicio\/wp-content\/uploads\/2026\/04\/carlos-iii-se-dirige-a-una-sesion-conjunta-del-NAZPNN2IXVG6RIPD4KTOSL5X2M.JPG","articleSection":["INTERNACIONALES"],"inLanguage":"es"},{"@type":"WebPage","@id":"https:\/\/gysfm.com.ar\/inicio\/pompa-gestos-y-una-revelacion-inesperada-trump-y-carlos-iii-se-reunen-en-medio-de-tensiones-con-londres\/","url":"https:\/\/gysfm.com.ar\/inicio\/pompa-gestos-y-una-revelacion-inesperada-trump-y-carlos-iii-se-reunen-en-medio-de-tensiones-con-londres\/","name":"Pompa, gestos y una revelaci\u00f3n inesperada: Trump y Carlos III se re\u00fanen en medio de tensiones con Londres - GYS NOTICIAS |","isPartOf":{"@id":"https:\/\/gysfm.com.ar\/inicio\/#website"},"primaryImageOfPage":{"@id":"https:\/\/gysfm.com.ar\/inicio\/pompa-gestos-y-una-revelacion-inesperada-trump-y-carlos-iii-se-reunen-en-medio-de-tensiones-con-londres\/#primaryimage"},"image":{"@id":"https:\/\/gysfm.com.ar\/inicio\/pompa-gestos-y-una-revelacion-inesperada-trump-y-carlos-iii-se-reunen-en-medio-de-tensiones-con-londres\/#primaryimage"},"thumbnailUrl":"https:\/\/gysfm.com.ar\/inicio\/wp-content\/uploads\/2026\/04\/carlos-iii-se-dirige-a-una-sesion-conjunta-del-NAZPNN2IXVG6RIPD4KTOSL5X2M.JPG","datePublished":"2026-04-29T11:16:41+00:00","dateModified":"2026-04-29T11:16:42+00:00","breadcrumb":{"@id":"https:\/\/gysfm.com.ar\/inicio\/pompa-gestos-y-una-revelacion-inesperada-trump-y-carlos-iii-se-reunen-en-medio-de-tensiones-con-londres\/#breadcrumb"},"inLanguage":"es","potentialAction":[{"@type":"ReadAction","target":["https:\/\/gysfm.com.ar\/inicio\/pompa-gestos-y-una-revelacion-inesperada-trump-y-carlos-iii-se-reunen-en-medio-de-tensiones-con-londres\/"]}]},{"@type":"ImageObject","inLanguage":"es","@id":"https:\/\/gysfm.com.ar\/inicio\/pompa-gestos-y-una-revelacion-inesperada-trump-y-carlos-iii-se-reunen-en-medio-de-tensiones-con-londres\/#primaryimage","url":"https:\/\/gysfm.com.ar\/inicio\/wp-content\/uploads\/2026\/04\/carlos-iii-se-dirige-a-una-sesion-conjunta-del-NAZPNN2IXVG6RIPD4KTOSL5X2M.JPG","contentUrl":"https:\/\/gysfm.com.ar\/inicio\/wp-content\/uploads\/2026\/04\/carlos-iii-se-dirige-a-una-sesion-conjunta-del-NAZPNN2IXVG6RIPD4KTOSL5X2M.JPG","width":1200,"height":800},{"@type":"BreadcrumbList","@id":"https:\/\/gysfm.com.ar\/inicio\/pompa-gestos-y-una-revelacion-inesperada-trump-y-carlos-iii-se-reunen-en-medio-de-tensiones-con-londres\/#breadcrumb","itemListElement":[{"@type":"ListItem","position":1,"name":"Portada","item":"https:\/\/gysfm.com.ar\/inicio\/"},{"@type":"ListItem","position":2,"name":"Pompa, gestos y una revelaci\u00f3n inesperada: Trump y Carlos III se re\u00fanen en medio de tensiones con Londres"}]},{"@type":"WebSite","@id":"https:\/\/gysfm.com.ar\/inicio\/#website","url":"https:\/\/gysfm.com.ar\/inicio\/","name":"GYS NOTICIAS |","description":"DIARIO - RADIO ONLINE SAN JUAN ARGENTINA","publisher":{"@id":"https:\/\/gysfm.com.ar\/inicio\/#organization"},"potentialAction":[{"@type":"SearchAction","target":{"@type":"EntryPoint","urlTemplate":"https:\/\/gysfm.com.ar\/inicio\/?s={search_term_string}"},"query-input":{"@type":"PropertyValueSpecification","valueRequired":true,"valueName":"search_term_string"}}],"inLanguage":"es"},{"@type":"Organization","@id":"https:\/\/gysfm.com.ar\/inicio\/#organization","name":"GYS NOTICIAS |","url":"https:\/\/gysfm.com.ar\/inicio\/","logo":{"@type":"ImageObject","inLanguage":"es","@id":"https:\/\/gysfm.com.ar\/inicio\/#\/schema\/logo\/image\/","url":"https:\/\/gysfm.com.ar\/inicio\/wp-content\/uploads\/2023\/07\/LOGOGYS-OK.png","contentUrl":"https:\/\/gysfm.com.ar\/inicio\/wp-content\/uploads\/2023\/07\/LOGOGYS-OK.png","width":1170,"height":872,"caption":"GYS NOTICIAS |"},"image":{"@id":"https:\/\/gysfm.com.ar\/inicio\/#\/schema\/logo\/image\/"}},{"@type":"Person","@id":"https:\/\/gysfm.com.ar\/inicio\/#\/schema\/person\/3abba7593ef2ad19e1be221d54383dc5","name":"Prensa G&amp;S FM","image":{"@type":"ImageObject","inLanguage":"es","@id":"https:\/\/gysfm.com.ar\/inicio\/#\/schema\/person\/image\/","url":"https:\/\/secure.gravatar.com\/avatar\/096ec78df02049ab018702bb4ccedf659377fa92a26540b5247612077a0dbd29?s=96&d=mm&r=g","contentUrl":"https:\/\/secure.gravatar.com\/avatar\/096ec78df02049ab018702bb4ccedf659377fa92a26540b5247612077a0dbd29?s=96&d=mm&r=g","caption":"Prensa G&amp;S FM"},"sameAs":["https:\/\/gysfm.com.ar\/"],"url":"https:\/\/gysfm.com.ar\/inicio\/author\/lucasm\/"}]}},"_links":{"self":[{"href":"https:\/\/gysfm.com.ar\/inicio\/wp-json\/wp\/v2\/posts\/193648","targetHints":{"allow":["GET"]}}],"collection":[{"href":"https:\/\/gysfm.com.ar\/inicio\/wp-json\/wp\/v2\/posts"}],"about":[{"href":"https:\/\/gysfm.com.ar\/inicio\/wp-json\/wp\/v2\/types\/post"}],"author":[{"embeddable":true,"href":"https:\/\/gysfm.com.ar\/inicio\/wp-json\/wp\/v2\/users\/2"}],"replies":[{"embeddable":true,"href":"https:\/\/gysfm.com.ar\/inicio\/wp-json\/wp\/v2\/comments?post=193648"}],"version-history":[{"count":1,"href":"https:\/\/gysfm.com.ar\/inicio\/wp-json\/wp\/v2\/posts\/193648\/revisions"}],"predecessor-version":[{"id":193650,"href":"https:\/\/gysfm.com.ar\/inicio\/wp-json\/wp\/v2\/posts\/193648\/revisions\/193650"}],"wp:featuredmedia":[{"embeddable":true,"href":"https:\/\/gysfm.com.ar\/inicio\/wp-json\/wp\/v2\/media\/193649"}],"wp:attachment":[{"href":"https:\/\/gysfm.com.ar\/inicio\/wp-json\/wp\/v2\/media?parent=193648"}],"wp:term":[{"taxonomy":"category","embeddable":true,"href":"https:\/\/gysfm.com.ar\/inicio\/wp-json\/wp\/v2\/categories?post=193648"},{"taxonomy":"post_tag","embeddable":true,"href":"https:\/\/gysfm.com.ar\/inicio\/wp-json\/wp\/v2\/tags?post=193648"}],"curies":[{"name":"wp","href":"https:\/\/api.w.org\/{rel}","templated":true}]}}