{"id":193644,"date":"2026-04-29T08:08:12","date_gmt":"2026-04-29T11:08:12","guid":{"rendered":"https:\/\/gysfm.com.ar\/inicio\/los-aumentos-de-mayo-que-golpearan-el-bolsillo-y-presionaran-a-la-inflacion\/"},"modified":"2026-04-29T08:08:12","modified_gmt":"2026-04-29T11:08:12","slug":"los-aumentos-de-mayo-que-golpearan-el-bolsillo-y-presionaran-a-la-inflacion","status":"publish","type":"post","link":"https:\/\/gysfm.com.ar\/inicio\/los-aumentos-de-mayo-que-golpearan-el-bolsillo-y-presionaran-a-la-inflacion\/","title":{"rendered":"los aumentos de mayo que golpear\u00e1n el bolsillo y presionar\u00e1n a la inflaci\u00f3n"},"content":{"rendered":"<p> <br \/>\n<\/p>\n<div id=\"\">\n<p id=\"p-1777391025198-94491\"><strong>El mes de mayo traer\u00e1 una nueva serie de<\/strong> <strong>aumentos en los servicios esenciales<\/strong> que impactar\u00e1n en los bolsillos de los argentinos. Estos incrementos alcanzan al <strong>agua<\/strong>, las <strong>prepagas<\/strong>, el <strong>transporte p\u00fablico<\/strong>, entre otros segmentos.<\/p>\n<\/div>\n<div id=\"\">\n<p id=\"p-1777391025198-28383\">Las actualizaciones se dan en un contexto en el que la inflaci\u00f3n, seg\u00fan analistas privados, podr\u00eda ubicarse entre el<strong> 2,6%<\/strong> en abril, luego de lo que fue del pico anual de 3,4% en marzo. Por su parte, el Relevamiento de <strong>Expectativas de Mercado (REM)<\/strong> del <strong>Banco Central (BCRA)<\/strong> arroj\u00f3 que el dato tambi\u00e9n rondar\u00eda un 2,6%.<\/p>\n<\/div>\n<div id=\"\">\n<h2 id=\"p-1777391078864-41817\" data-section-id=\"1lusshz\" data-start=\"3824\" data-end=\"3856\">Agua: aumenta 3% en AMBA<\/h2>\n<p id=\"p-1777391078864-15246\" data-start=\"3858\" data-end=\"4147\">Con el objetivo de desacelerar la inflaci\u00f3n tras el dato de marzo, <strong>el Gobierno nacional tope\u00f3 al 3% mensual los incrementos para las facturas de agua y cloacas entre los meses de mayo y agosto<\/strong> del corriente a\u00f1o. El pasado lunes, fue publicada en el Bolet\u00edn Oficial la Resoluci\u00f3n ERAS N\u00b0 14\/26 que fij\u00f3 la medida <strong>para \u00abcontinuar con el proceso de adecuaci\u00f3n tarifaria de manera gradual y controlada\u00bb<\/strong>.<\/p>\n<\/div>\n<div id=\"\">\n<p id=\"p-1777391078864-89047\" data-start=\"4149\" data-end=\"4451\">Cabe recordar que durante el a\u00f1o pasado la tarifa tuvo una limitaci\u00f3n excepcional que estableci\u00f3 un tope de actualizaci\u00f3n del <strong data-start=\"4275\" data-end=\"4289\">1% mensual<\/strong>, lo que gener\u00f3 un atraso tarifario. Para evitar un incremento alto y abrupto, originalmente se hab\u00eda dispuesto un l\u00edmite del <strong data-start=\"4393\" data-end=\"4407\">4% mensual<\/strong> durante el primer cuatrimestre de este a\u00f1o.<\/p>\n<\/div>\n<div id=\"\">\n<p id=\"p-1777391078864-3117\" data-start=\"4453\" data-end=\"4696\">Adem\u00e1s, continuar\u00e1 vigente el programa de <strong data-start=\"4483\" data-end=\"4500\">Tarifa Social<\/strong> para mitigar el impacto del ajuste en los sectores vulnerables. Tambi\u00e9n se mantiene el <strong data-start=\"4588\" data-end=\"4628\">descuento del 15% para \u00abzonales bajos\u00bb<\/strong>, un beneficio que alcanza al <strong data-start=\"4658\" data-end=\"4695\">48% de los usuarios residenciales<\/strong>.<\/p>\n<\/div>\n<div id=\"\">\n<p id=\"p-1777391078864-73785\" data-start=\"4698\" data-end=\"4946\">De acuerdo con el cuadro tarifario, la <strong data-start=\"4737\" data-end=\"4776\">factura media mensual sin impuestos<\/strong> en mayo de 2026 ser\u00e1 de <strong data-start=\"4802\" data-end=\"4813\">$35.325<\/strong> para el zonal <strong data-start=\"4828\" data-end=\"4836\">alto<\/strong>, de <strong data-start=\"4841\" data-end=\"4852\">$32.081<\/strong> para el <strong data-start=\"4861\" data-end=\"4870\">medio<\/strong> y de <strong data-start=\"4876\" data-end=\"4887\">$25.777<\/strong> para el <strong data-start=\"4896\" data-end=\"4904\">bajo<\/strong>. El promedio general ser\u00e1 de <strong data-start=\"4934\" data-end=\"4945\">$29.967<\/strong>.<\/p>\n<h2 id=\"p-1777391068762-21945\">Prepagas: las cuotas suben hasta 3,9%<\/h2>\n<p id=\"p-1777391068762-5530\" class=\"\">Las empresas de <strong>medicina prepaga <\/strong>comunicaron a sus afiliados que los aumentos de las cuotas se ubicar\u00e1n entre <strong>3<\/strong><strong>% y 3,9% en mayo<\/strong>. Este aumento tambi\u00e9n aplicar\u00e1 a los copagos. El piso del ajuste se encuentra por debajo de la inflaci\u00f3n de marzo, que fue del 3,4%, seg\u00fan datos del <strong>Instituto Nacional de Estad\u00edstica y Censos (INDEC)<\/strong>.<\/p>\n<p id=\"p-1777391068762-27421\" class=\"\">Los usuarios pueden consultar todos los detalles de su prestaci\u00f3n a trav\u00e9s de una plataforma digital habilitada por la <strong>Superintendencia de Servicios de Salud (SSS)<\/strong>, que permite comparar tarifas, prestadores y modalidades de cobertura.<\/p>\n<h2 id=\"p-1777391035113-87632\">Transporte p\u00fablico: otra fuerte suba de los colectivos<\/h2>\n<p id=\"p-1777391035113-97288\">El <strong data-start=\"1799\" data-end=\"1821\">transporte p\u00fablico<\/strong> volver\u00e1 a registrar aumentos importantes en <strong>CABA<\/strong> como en la <strong>provincia de Buenos Aires<\/strong>. En concreto, el <strong data-start=\"90\" data-end=\"131\">gobierno de la Ciudad<\/strong> confirm\u00f3 una nueva <strong>actualizaci\u00f3n tarifaria<\/strong> que impactar\u00e1 en el<strong> transporte p\u00fablico<\/strong> y en las autopistas.<\/p>\n<p id=\"p-1777400644133-21927\">A partir del 1\u00b0 de mayo, los boletos de<strong> colectivos, el subte y los peajes aumentar\u00e1n un 5,4%<\/strong>, en l\u00ednea con el esquema de ajuste que combina el \u00faltimo dato de<strong> inflaci\u00f3n del INDEC<\/strong>, m\u00e1s un adicional del<strong> 2%<\/strong>.<\/p>\n<p id=\"p-1777391053990-47104\">Colectivos que circulan por <strong>CABA<\/strong> (l\u00edneas de 1 al 199):<\/p>\n<ul id=\"p-1777393965552-11260\">\n<li id=\"p-1777391053990-70829\">Boleto m\u00ednimo hasta 3 km: <strong>$753,74<\/strong><\/li>\n<li id=\"p-1777391053990-8830\">Recorrido de 3 a 6 km: <strong>$837,52<\/strong><\/li>\n<li id=\"p-1777391053990-19993\">Recorrido de 6 a 12 km: <strong>$902,04<\/strong><\/li>\n<li id=\"p-1777393962732-83986\">Tramo de 12 a 27 km: <strong>$966,61<\/strong><\/li>\n<\/ul>\n<p id=\"p-1777401686845-10482\"><strong>Colectivos<\/strong> que circulan por <strong>PBA:<\/strong><\/p>\n<ul id=\"p-1777393965552-11260\">\n<li id=\"p-1777391053990-70829\"> Boleto m\u00ednimo hasta 3 km: <strong>$918,35<\/strong><\/li>\n<li id=\"p-1777391053990-8830\">Recorrido de 3 a 6 km: <strong>$1.023,04<\/strong><\/li>\n<li id=\"p-1777393962732-83986\">Tramo superior a 27 km: <strong>$1.259,07<\/strong><\/li>\n<\/ul>\n<p id=\"p-1777401163644-80424\"><strong>Subte:<\/strong><\/p>\n<ul id=\"p-1777401168249-31708\">\n<li id=\"p-1777401166952-89918\"> Boleto con SUBE registrada: <strong>$1.490<\/strong><\/li>\n<li id=\"p-1777401406955-78450\">Boleto sin SUBE registrada: <strong>$2.369,1<\/strong><\/li>\n<\/ul>\n<p id=\"p-1777391035113-15782\"><strong> Peajes<\/strong> de autopistas 25 de Mayo, Perito Moreno, Illia y accesos de Retiro y Alberti:<\/p>\n<ul id=\"p-1777391035113-31109\">\n<li id=\"p-1777391035113-50451\">Veh\u00edculos livianos de hasta dos ejes (<strong>25 de Mayo y Perito Moreno<\/strong>): <strong>$4.319,63 en horas normales <\/strong>y <strong>$6.121,62 en horario pico<\/strong><\/li>\n<li id=\"p-1777401539276-35731\">Veh\u00edculos livianos de hasta dos ejes (<strong>Illia<\/strong>): <strong>$1.799,66 horas normales<\/strong> y <strong>$2.544,99 en horario pico<\/strong><\/li>\n<\/ul>\n<h2 id=\"p-1777404930999-82090\">Luz, gas, internet y telefon\u00eda<\/h2>\n<p id=\"p-1777404945970-41549\">En lo que respecta a telefon\u00eda, la empresa Movistar confirm\u00f3 un aumento del <strong>3,5%<\/strong> para las facturas emitidas de los planes m\u00f3viles a partir del 1\u00b0 de mayo.<\/p>\n<p id=\"p-1777422339258-50568\">Por su parte, todav\u00eda no se conocen detalles de los ajustes tarifarios para la <strong>luz<\/strong>, el <strong>gas<\/strong> e <strong>internet<\/strong> en el AMBA.<\/p>\n<h2 id=\"p-1777391078864-89614\" data-start=\"4698\" data-end=\"4946\"\/>     <\/div>\n<p><script>\n!function(f,b,e,v,n,t,s)\n{if(f.fbq)return;n=f.fbq=function(){n.callMethod?\nn.callMethod.apply(n,arguments):n.queue.push(arguments)};\nif(!f._fbq)f._fbq=n;n.push=n;n.loaded=!0;n.version='2.0';\nn.queue=[];t=b.createElement(e);t.async=!0;\nt.src=v;s=b.getElementsByTagName(e)[0];\ns.parentNode.insertBefore(t,s)}(window,document,'script',\n'https:\/\/connect.facebook.net\/en_US\/fbevents.js');\nfbq('init', '2047048335588113');\nfbq('track', 'PageView');\n<\/script><br \/>\n<br \/><\/p>\n","protected":false},"excerpt":{"rendered":"<p>El mes de mayo traer\u00e1 una nueva serie de aumentos en los servicios esenciales que impactar\u00e1n en los bolsillos de los argentinos. Estos incrementos alcanzan al agua, las prepagas, el transporte p\u00fablico, entre otros segmentos. Las actualizaciones se dan en un contexto en el que la inflaci\u00f3n, seg\u00fan analistas privados, podr\u00eda ubicarse entre el 2,6% [&hellip;]<\/p>\n","protected":false},"author":1,"featured_media":193645,"comment_status":"closed","ping_status":"closed","sticky":false,"template":"","format":"standard","meta":{"footnotes":""},"categories":[28],"tags":[],"class_list":["post-193644","post","type-post","status-publish","format-standard","has-post-thumbnail","hentry","category-economia"],"yoast_head":"<!-- This site is optimized with the Yoast SEO plugin v24.4 - https:\/\/yoast.com\/wordpress\/plugins\/seo\/ -->\n<title>los aumentos de mayo que golpear\u00e1n el bolsillo y presionar\u00e1n a la inflaci\u00f3n - GYS NOTICIAS |<\/title>\n<meta name=\"robots\" content=\"index, follow, max-snippet:-1, max-image-preview:large, max-video-preview:-1\" \/>\n<link rel=\"canonical\" href=\"https:\/\/gysfm.com.ar\/inicio\/los-aumentos-de-mayo-que-golpearan-el-bolsillo-y-presionaran-a-la-inflacion\/\" \/>\n<meta property=\"og:locale\" content=\"es_ES\" \/>\n<meta property=\"og:type\" content=\"article\" \/>\n<meta property=\"og:title\" content=\"los aumentos de mayo que golpear\u00e1n el bolsillo y presionar\u00e1n a la inflaci\u00f3n - GYS NOTICIAS |\" \/>\n<meta property=\"og:description\" content=\"El mes de mayo traer\u00e1 una nueva serie de aumentos en los servicios esenciales que impactar\u00e1n en los bolsillos de los argentinos. Estos incrementos alcanzan al agua, las prepagas, el transporte p\u00fablico, entre otros segmentos. Las actualizaciones se dan en un contexto en el que la inflaci\u00f3n, seg\u00fan analistas privados, podr\u00eda ubicarse entre el 2,6% [&hellip;]\" \/>\n<meta property=\"og:url\" content=\"https:\/\/gysfm.com.ar\/inicio\/los-aumentos-de-mayo-que-golpearan-el-bolsillo-y-presionaran-a-la-inflacion\/\" \/>\n<meta property=\"og:site_name\" content=\"GYS NOTICIAS |\" \/>\n<meta property=\"article:published_time\" content=\"2026-04-29T11:08:12+00:00\" \/>\n<meta name=\"author\" content=\"admin\" \/>\n<meta name=\"twitter:card\" content=\"summary_large_image\" \/>\n<meta name=\"twitter:label1\" content=\"Escrito por\" \/>\n\t<meta name=\"twitter:data1\" content=\"admin\" \/>\n\t<meta name=\"twitter:label2\" content=\"Tiempo de lectura\" \/>\n\t<meta name=\"twitter:data2\" content=\"3 minutos\" \/>\n<script type=\"application\/ld+json\" class=\"yoast-schema-graph\">{\"@context\":\"https:\/\/schema.org\",\"@graph\":[{\"@type\":\"Article\",\"@id\":\"https:\/\/gysfm.com.ar\/inicio\/los-aumentos-de-mayo-que-golpearan-el-bolsillo-y-presionaran-a-la-inflacion\/#article\",\"isPartOf\":{\"@id\":\"https:\/\/gysfm.com.ar\/inicio\/los-aumentos-de-mayo-que-golpearan-el-bolsillo-y-presionaran-a-la-inflacion\/\"},\"author\":{\"name\":\"admin\",\"@id\":\"https:\/\/gysfm.com.ar\/inicio\/#\/schema\/person\/5bedd7ecd35cc35548d89effafa23696\"},\"headline\":\"los aumentos de mayo que golpear\u00e1n el bolsillo y presionar\u00e1n a la inflaci\u00f3n\",\"datePublished\":\"2026-04-29T11:08:12+00:00\",\"mainEntityOfPage\":{\"@id\":\"https:\/\/gysfm.com.ar\/inicio\/los-aumentos-de-mayo-que-golpearan-el-bolsillo-y-presionaran-a-la-inflacion\/\"},\"wordCount\":665,\"publisher\":{\"@id\":\"https:\/\/gysfm.com.ar\/inicio\/#organization\"},\"image\":{\"@id\":\"https:\/\/gysfm.com.ar\/inicio\/los-aumentos-de-mayo-que-golpearan-el-bolsillo-y-presionaran-a-la-inflacion\/#primaryimage\"},\"thumbnailUrl\":\"https:\/\/gysfm.com.ar\/inicio\/wp-content\/uploads\/2026\/04\/aumentos-servicios-tarifas-2025.png\",\"articleSection\":[\"ECONOMIA\"],\"inLanguage\":\"es\"},{\"@type\":\"WebPage\",\"@id\":\"https:\/\/gysfm.com.ar\/inicio\/los-aumentos-de-mayo-que-golpearan-el-bolsillo-y-presionaran-a-la-inflacion\/\",\"url\":\"https:\/\/gysfm.com.ar\/inicio\/los-aumentos-de-mayo-que-golpearan-el-bolsillo-y-presionaran-a-la-inflacion\/\",\"name\":\"los aumentos de mayo que golpear\u00e1n el bolsillo y presionar\u00e1n a la inflaci\u00f3n - GYS NOTICIAS |\",\"isPartOf\":{\"@id\":\"https:\/\/gysfm.com.ar\/inicio\/#website\"},\"primaryImageOfPage\":{\"@id\":\"https:\/\/gysfm.com.ar\/inicio\/los-aumentos-de-mayo-que-golpearan-el-bolsillo-y-presionaran-a-la-inflacion\/#primaryimage\"},\"image\":{\"@id\":\"https:\/\/gysfm.com.ar\/inicio\/los-aumentos-de-mayo-que-golpearan-el-bolsillo-y-presionaran-a-la-inflacion\/#primaryimage\"},\"thumbnailUrl\":\"https:\/\/gysfm.com.ar\/inicio\/wp-content\/uploads\/2026\/04\/aumentos-servicios-tarifas-2025.png\",\"datePublished\":\"2026-04-29T11:08:12+00:00\",\"breadcrumb\":{\"@id\":\"https:\/\/gysfm.com.ar\/inicio\/los-aumentos-de-mayo-que-golpearan-el-bolsillo-y-presionaran-a-la-inflacion\/#breadcrumb\"},\"inLanguage\":\"es\",\"potentialAction\":[{\"@type\":\"ReadAction\",\"target\":[\"https:\/\/gysfm.com.ar\/inicio\/los-aumentos-de-mayo-que-golpearan-el-bolsillo-y-presionaran-a-la-inflacion\/\"]}]},{\"@type\":\"ImageObject\",\"inLanguage\":\"es\",\"@id\":\"https:\/\/gysfm.com.ar\/inicio\/los-aumentos-de-mayo-que-golpearan-el-bolsillo-y-presionaran-a-la-inflacion\/#primaryimage\",\"url\":\"https:\/\/gysfm.com.ar\/inicio\/wp-content\/uploads\/2026\/04\/aumentos-servicios-tarifas-2025.png\",\"contentUrl\":\"https:\/\/gysfm.com.ar\/inicio\/wp-content\/uploads\/2026\/04\/aumentos-servicios-tarifas-2025.png\",\"width\":1200,\"height\":675},{\"@type\":\"BreadcrumbList\",\"@id\":\"https:\/\/gysfm.com.ar\/inicio\/los-aumentos-de-mayo-que-golpearan-el-bolsillo-y-presionaran-a-la-inflacion\/#breadcrumb\",\"itemListElement\":[{\"@type\":\"ListItem\",\"position\":1,\"name\":\"Portada\",\"item\":\"https:\/\/gysfm.com.ar\/inicio\/\"},{\"@type\":\"ListItem\",\"position\":2,\"name\":\"los aumentos de mayo que golpear\u00e1n el bolsillo y presionar\u00e1n a la inflaci\u00f3n\"}]},{\"@type\":\"WebSite\",\"@id\":\"https:\/\/gysfm.com.ar\/inicio\/#website\",\"url\":\"https:\/\/gysfm.com.ar\/inicio\/\",\"name\":\"GYS NOTICIAS |\",\"description\":\"DIARIO - RADIO ONLINE SAN JUAN ARGENTINA\",\"publisher\":{\"@id\":\"https:\/\/gysfm.com.ar\/inicio\/#organization\"},\"potentialAction\":[{\"@type\":\"SearchAction\",\"target\":{\"@type\":\"EntryPoint\",\"urlTemplate\":\"https:\/\/gysfm.com.ar\/inicio\/?s={search_term_string}\"},\"query-input\":{\"@type\":\"PropertyValueSpecification\",\"valueRequired\":true,\"valueName\":\"search_term_string\"}}],\"inLanguage\":\"es\"},{\"@type\":\"Organization\",\"@id\":\"https:\/\/gysfm.com.ar\/inicio\/#organization\",\"name\":\"GYS NOTICIAS |\",\"url\":\"https:\/\/gysfm.com.ar\/inicio\/\",\"logo\":{\"@type\":\"ImageObject\",\"inLanguage\":\"es\",\"@id\":\"https:\/\/gysfm.com.ar\/inicio\/#\/schema\/logo\/image\/\",\"url\":\"https:\/\/gysfm.com.ar\/inicio\/wp-content\/uploads\/2023\/07\/LOGOGYS-OK.png\",\"contentUrl\":\"https:\/\/gysfm.com.ar\/inicio\/wp-content\/uploads\/2023\/07\/LOGOGYS-OK.png\",\"width\":1170,\"height\":872,\"caption\":\"GYS NOTICIAS |\"},\"image\":{\"@id\":\"https:\/\/gysfm.com.ar\/inicio\/#\/schema\/logo\/image\/\"}},{\"@type\":\"Person\",\"@id\":\"https:\/\/gysfm.com.ar\/inicio\/#\/schema\/person\/5bedd7ecd35cc35548d89effafa23696\",\"name\":\"admin\",\"image\":{\"@type\":\"ImageObject\",\"inLanguage\":\"es\",\"@id\":\"https:\/\/gysfm.com.ar\/inicio\/#\/schema\/person\/image\/\",\"url\":\"https:\/\/secure.gravatar.com\/avatar\/c331d312b5243fb64d5ba28108a447b27c925295129a363082c9ea52c28d32c2?s=96&d=mm&r=g\",\"contentUrl\":\"https:\/\/secure.gravatar.com\/avatar\/c331d312b5243fb64d5ba28108a447b27c925295129a363082c9ea52c28d32c2?s=96&d=mm&r=g\",\"caption\":\"admin\"},\"sameAs\":[\"https:\/\/gysfm.com.ar\/inicio\"],\"url\":\"https:\/\/gysfm.com.ar\/inicio\/author\/admin\/\"}]}<\/script>\n<!-- \/ Yoast SEO plugin. -->","yoast_head_json":{"title":"los aumentos de mayo que golpear\u00e1n el bolsillo y presionar\u00e1n a la inflaci\u00f3n - GYS NOTICIAS |","robots":{"index":"index","follow":"follow","max-snippet":"max-snippet:-1","max-image-preview":"max-image-preview:large","max-video-preview":"max-video-preview:-1"},"canonical":"https:\/\/gysfm.com.ar\/inicio\/los-aumentos-de-mayo-que-golpearan-el-bolsillo-y-presionaran-a-la-inflacion\/","og_locale":"es_ES","og_type":"article","og_title":"los aumentos de mayo que golpear\u00e1n el bolsillo y presionar\u00e1n a la inflaci\u00f3n - GYS NOTICIAS |","og_description":"El mes de mayo traer\u00e1 una nueva serie de aumentos en los servicios esenciales que impactar\u00e1n en los bolsillos de los argentinos. Estos incrementos alcanzan al agua, las prepagas, el transporte p\u00fablico, entre otros segmentos. Las actualizaciones se dan en un contexto en el que la inflaci\u00f3n, seg\u00fan analistas privados, podr\u00eda ubicarse entre el 2,6% [&hellip;]","og_url":"https:\/\/gysfm.com.ar\/inicio\/los-aumentos-de-mayo-que-golpearan-el-bolsillo-y-presionaran-a-la-inflacion\/","og_site_name":"GYS NOTICIAS |","article_published_time":"2026-04-29T11:08:12+00:00","author":"admin","twitter_card":"summary_large_image","twitter_misc":{"Escrito por":"admin","Tiempo de lectura":"3 minutos"},"schema":{"@context":"https:\/\/schema.org","@graph":[{"@type":"Article","@id":"https:\/\/gysfm.com.ar\/inicio\/los-aumentos-de-mayo-que-golpearan-el-bolsillo-y-presionaran-a-la-inflacion\/#article","isPartOf":{"@id":"https:\/\/gysfm.com.ar\/inicio\/los-aumentos-de-mayo-que-golpearan-el-bolsillo-y-presionaran-a-la-inflacion\/"},"author":{"name":"admin","@id":"https:\/\/gysfm.com.ar\/inicio\/#\/schema\/person\/5bedd7ecd35cc35548d89effafa23696"},"headline":"los aumentos de mayo que golpear\u00e1n el bolsillo y presionar\u00e1n a la inflaci\u00f3n","datePublished":"2026-04-29T11:08:12+00:00","mainEntityOfPage":{"@id":"https:\/\/gysfm.com.ar\/inicio\/los-aumentos-de-mayo-que-golpearan-el-bolsillo-y-presionaran-a-la-inflacion\/"},"wordCount":665,"publisher":{"@id":"https:\/\/gysfm.com.ar\/inicio\/#organization"},"image":{"@id":"https:\/\/gysfm.com.ar\/inicio\/los-aumentos-de-mayo-que-golpearan-el-bolsillo-y-presionaran-a-la-inflacion\/#primaryimage"},"thumbnailUrl":"https:\/\/gysfm.com.ar\/inicio\/wp-content\/uploads\/2026\/04\/aumentos-servicios-tarifas-2025.png","articleSection":["ECONOMIA"],"inLanguage":"es"},{"@type":"WebPage","@id":"https:\/\/gysfm.com.ar\/inicio\/los-aumentos-de-mayo-que-golpearan-el-bolsillo-y-presionaran-a-la-inflacion\/","url":"https:\/\/gysfm.com.ar\/inicio\/los-aumentos-de-mayo-que-golpearan-el-bolsillo-y-presionaran-a-la-inflacion\/","name":"los aumentos de mayo que golpear\u00e1n el bolsillo y presionar\u00e1n a la inflaci\u00f3n - GYS NOTICIAS |","isPartOf":{"@id":"https:\/\/gysfm.com.ar\/inicio\/#website"},"primaryImageOfPage":{"@id":"https:\/\/gysfm.com.ar\/inicio\/los-aumentos-de-mayo-que-golpearan-el-bolsillo-y-presionaran-a-la-inflacion\/#primaryimage"},"image":{"@id":"https:\/\/gysfm.com.ar\/inicio\/los-aumentos-de-mayo-que-golpearan-el-bolsillo-y-presionaran-a-la-inflacion\/#primaryimage"},"thumbnailUrl":"https:\/\/gysfm.com.ar\/inicio\/wp-content\/uploads\/2026\/04\/aumentos-servicios-tarifas-2025.png","datePublished":"2026-04-29T11:08:12+00:00","breadcrumb":{"@id":"https:\/\/gysfm.com.ar\/inicio\/los-aumentos-de-mayo-que-golpearan-el-bolsillo-y-presionaran-a-la-inflacion\/#breadcrumb"},"inLanguage":"es","potentialAction":[{"@type":"ReadAction","target":["https:\/\/gysfm.com.ar\/inicio\/los-aumentos-de-mayo-que-golpearan-el-bolsillo-y-presionaran-a-la-inflacion\/"]}]},{"@type":"ImageObject","inLanguage":"es","@id":"https:\/\/gysfm.com.ar\/inicio\/los-aumentos-de-mayo-que-golpearan-el-bolsillo-y-presionaran-a-la-inflacion\/#primaryimage","url":"https:\/\/gysfm.com.ar\/inicio\/wp-content\/uploads\/2026\/04\/aumentos-servicios-tarifas-2025.png","contentUrl":"https:\/\/gysfm.com.ar\/inicio\/wp-content\/uploads\/2026\/04\/aumentos-servicios-tarifas-2025.png","width":1200,"height":675},{"@type":"BreadcrumbList","@id":"https:\/\/gysfm.com.ar\/inicio\/los-aumentos-de-mayo-que-golpearan-el-bolsillo-y-presionaran-a-la-inflacion\/#breadcrumb","itemListElement":[{"@type":"ListItem","position":1,"name":"Portada","item":"https:\/\/gysfm.com.ar\/inicio\/"},{"@type":"ListItem","position":2,"name":"los aumentos de mayo que golpear\u00e1n el bolsillo y presionar\u00e1n a la inflaci\u00f3n"}]},{"@type":"WebSite","@id":"https:\/\/gysfm.com.ar\/inicio\/#website","url":"https:\/\/gysfm.com.ar\/inicio\/","name":"GYS NOTICIAS |","description":"DIARIO - RADIO ONLINE SAN JUAN ARGENTINA","publisher":{"@id":"https:\/\/gysfm.com.ar\/inicio\/#organization"},"potentialAction":[{"@type":"SearchAction","target":{"@type":"EntryPoint","urlTemplate":"https:\/\/gysfm.com.ar\/inicio\/?s={search_term_string}"},"query-input":{"@type":"PropertyValueSpecification","valueRequired":true,"valueName":"search_term_string"}}],"inLanguage":"es"},{"@type":"Organization","@id":"https:\/\/gysfm.com.ar\/inicio\/#organization","name":"GYS NOTICIAS |","url":"https:\/\/gysfm.com.ar\/inicio\/","logo":{"@type":"ImageObject","inLanguage":"es","@id":"https:\/\/gysfm.com.ar\/inicio\/#\/schema\/logo\/image\/","url":"https:\/\/gysfm.com.ar\/inicio\/wp-content\/uploads\/2023\/07\/LOGOGYS-OK.png","contentUrl":"https:\/\/gysfm.com.ar\/inicio\/wp-content\/uploads\/2023\/07\/LOGOGYS-OK.png","width":1170,"height":872,"caption":"GYS NOTICIAS |"},"image":{"@id":"https:\/\/gysfm.com.ar\/inicio\/#\/schema\/logo\/image\/"}},{"@type":"Person","@id":"https:\/\/gysfm.com.ar\/inicio\/#\/schema\/person\/5bedd7ecd35cc35548d89effafa23696","name":"admin","image":{"@type":"ImageObject","inLanguage":"es","@id":"https:\/\/gysfm.com.ar\/inicio\/#\/schema\/person\/image\/","url":"https:\/\/secure.gravatar.com\/avatar\/c331d312b5243fb64d5ba28108a447b27c925295129a363082c9ea52c28d32c2?s=96&d=mm&r=g","contentUrl":"https:\/\/secure.gravatar.com\/avatar\/c331d312b5243fb64d5ba28108a447b27c925295129a363082c9ea52c28d32c2?s=96&d=mm&r=g","caption":"admin"},"sameAs":["https:\/\/gysfm.com.ar\/inicio"],"url":"https:\/\/gysfm.com.ar\/inicio\/author\/admin\/"}]}},"_links":{"self":[{"href":"https:\/\/gysfm.com.ar\/inicio\/wp-json\/wp\/v2\/posts\/193644","targetHints":{"allow":["GET"]}}],"collection":[{"href":"https:\/\/gysfm.com.ar\/inicio\/wp-json\/wp\/v2\/posts"}],"about":[{"href":"https:\/\/gysfm.com.ar\/inicio\/wp-json\/wp\/v2\/types\/post"}],"author":[{"embeddable":true,"href":"https:\/\/gysfm.com.ar\/inicio\/wp-json\/wp\/v2\/users\/1"}],"replies":[{"embeddable":true,"href":"https:\/\/gysfm.com.ar\/inicio\/wp-json\/wp\/v2\/comments?post=193644"}],"version-history":[{"count":0,"href":"https:\/\/gysfm.com.ar\/inicio\/wp-json\/wp\/v2\/posts\/193644\/revisions"}],"wp:featuredmedia":[{"embeddable":true,"href":"https:\/\/gysfm.com.ar\/inicio\/wp-json\/wp\/v2\/media\/193645"}],"wp:attachment":[{"href":"https:\/\/gysfm.com.ar\/inicio\/wp-json\/wp\/v2\/media?parent=193644"}],"wp:term":[{"taxonomy":"category","embeddable":true,"href":"https:\/\/gysfm.com.ar\/inicio\/wp-json\/wp\/v2\/categories?post=193644"},{"taxonomy":"post_tag","embeddable":true,"href":"https:\/\/gysfm.com.ar\/inicio\/wp-json\/wp\/v2\/tags?post=193644"}],"curies":[{"name":"wp","href":"https:\/\/api.w.org\/{rel}","templated":true}]}}