{"id":193641,"date":"2026-04-29T07:16:09","date_gmt":"2026-04-29T10:16:09","guid":{"rendered":"https:\/\/gysfm.com.ar\/inicio\/el-incomodo-momento-de-la-reina-letizia-con-un-hombre-en-silla-de-ruedas-en-el-palacio-de-la-zarzuela\/"},"modified":"2026-04-29T07:16:11","modified_gmt":"2026-04-29T10:16:11","slug":"el-incomodo-momento-de-la-reina-letizia-con-un-hombre-en-silla-de-ruedas-en-el-palacio-de-la-zarzuela","status":"publish","type":"post","link":"https:\/\/gysfm.com.ar\/inicio\/el-incomodo-momento-de-la-reina-letizia-con-un-hombre-en-silla-de-ruedas-en-el-palacio-de-la-zarzuela\/","title":{"rendered":"El inc\u00f3modo momento de la reina Letizia con un hombre en silla de ruedas en el Palacio de la Zarzuela"},"content":{"rendered":"<p> <br \/>\n<\/p>\n<div>\n<p class=\"com-paragraph  --capital --s\">La reina<a href=\"https:\/\/www.lanacion.com.ar\/revista-hola\/la-reina-letizia-impactante-detalles-y-curiosidades-del-retrato-mas-espectacular-de-la-soberana-de-nid29112024\/\" target=\"_self\" title=\"https:\/\/www.lanacion.com.ar\/revista-hola\/la-reina-letizia-impactante-detalles-y-curiosidades-del-retrato-mas-espectacular-de-la-soberana-de-nid29112024\/\" class=\"com-link break-word\" data-mrf-recirculation=\"n_link_parrafo\"> <strong>Letizia<\/strong><\/a> de Espa\u00f1a encabez\u00f3 este martes en el Palacio de la Zarzuela una serie de audiencias en las que reafirm\u00f3 su compromiso con las personas que conviven con patolog\u00edas poco frecuentes.<\/p>\n<p class=\"com-paragraph   --s\">Lo que comenz\u00f3 como un acto protocolar para recibir a representantes del<strong> Observatorio de Enfermedades Raras <\/strong>y a los realizadores del documental <em>La vida en una gota<\/em> termin\u00f3 convirti\u00e9ndose en noticia por un gesto imprevisto. <\/p>\n<p class=\"com-paragraph   --s\">Mientras saludaba a los invitados, la monarca protagoniz\u00f3 un inc\u00f3modo incidente al<strong> quedarse accidentalmente con el joystick de la silla de ruedas de uno de los asistentes<\/strong>. <\/p>\n<div class=\"content-media cursor-pointer container-center-100\">\n<section class=\"media-container relative ratio-16-9 mod-media pb-32\">\n<figure class=\"mod-video\">\n<div class=\"video-player bg-black ratio-16-9\" data-has-jwplayer=\"true\" data-video-id-jw=\"ofU2Smt6\" data-config=\"{&quot;title&quot;:&quot;Letizia durante una audiencia en Zarzuela&quot;,&quot;mediaId&quot;:&quot;ofU2Smt6&quot;,&quot;playerId&quot;:&quot;ih0086X3&quot;,&quot;playlist&quot;:[{&quot;mediaid&quot;:&quot;ofU2Smt6&quot;,&quot;sources&quot;:[{&quot;file&quot;:&quot;https:\/\/cdn.jwplayer.com\/manifests\/ofU2Smt6.m3u8&quot;,&quot;type&quot;:&quot;application\/vnd.apple.mpegurl&quot;},{&quot;bitrate&quot;:647132,&quot;file&quot;:&quot;https:\/\/cdn.jwplayer.com\/videos\/ofU2Smt6-kTExGaWf.mp4&quot;,&quot;filesize&quot;:161783,&quot;framerate&quot;:25,&quot;height&quot;:304,&quot;label&quot;:&quot;180p&quot;,&quot;type&quot;:&quot;video\/mp4&quot;,&quot;width&quot;:320},{&quot;bitrate&quot;:144512,&quot;file&quot;:&quot;https:\/\/cdn.jwplayer.com\/videos\/ofU2Smt6-hz5z2Tv4.m4a&quot;,&quot;filesize&quot;:36128,&quot;label&quot;:&quot;AAC Audio&quot;,&quot;type&quot;:&quot;audio\/mp4&quot;}]}],&quot;hasAutoplay&quot;:false,&quot;autostart&quot;:true,&quot;tagsUrl&quot;:&quot;https:\/\/pubads.g.doubleclick.net\/gampad\/ads?slotname=\/133919216\/la_nacion_video\/nota\/preroll&amp;sz=640x480|400x300&amp;ciu_szs=300x250&amp;unviewed_position_start=1&amp;output=vast&amp;impl=s&amp;env=vp&amp;gdfp_req=1&amp;ad_rule=0&amp;vad_type=linear&amp;vpos=preroll&amp;cust_params=tags_nuevos%3Dte_espana%2Cca_el_mundo%2C%2CV26GKU2GA5E4JE644ACFHS4UEY&amp;pod=3&amp;ppos=1&amp;lip=true&amp;min_ad_duration=0&amp;max_ad_duration=30000&amp;vrid=6256&amp;url=https%3A%2F%2Fwww.lanacion.com.ar%2Fel-mundo%2Fel-curioso-momento-de-la-reina-letizia-con-un-hombre-en-silla-de-ruedas-en-el-palacio-de-la-zarzuela-nid28042026%2F%3Fvariant%3DA&amp;description_url=https%3A%2F%2Fwww.lanacion.com.ar%2Fel-mundo%2Fel-curioso-momento-de-la-reina-letizia-con-un-hombre-en-silla-de-ruedas-en-el-palacio-de-la-zarzuela-nid28042026%2F%3Fvariant%3DA&amp;video_doc_id=short_onecue&amp;cmsid=496&amp;kfa=0&amp;tfcd=0&amp;correlator=1777457768829&quot;,&quot;arcSite&quot;:&quot;la-nacion-ar&quot;,&quot;duration&quot;:&quot;2000&quot;}\">\n<div id=\"facade-ofU2Smt6\" class=\"content-facade-jw relative bg-black ratio-16-9\"><picture><source media=\"(max-width: 767px)\" srcset=\"https:\/\/resizer.glanacion.com\/resizer\/v2\/https%3A%2F%2Fcdn.jwplayer.com%2Fv2%2Fmedia%2FofU2Smt6%2Fposter.jpg%3Fwidth%3D720?auth=6c56bb0131df2b051b9269ab64661466d03ea50e1e56896e09aa47aae3b12b51&amp;width=480&amp;quality=70&amp;smart=false\"\/><\/picture><\/div>\n<\/div><figcaption class=\"border border-1 border-bottom border-light-300 relative px-16 py-8 min-h-36 w-100_md px-0_l mb-8 bg-white\"><span class=\"text ln-text text-16 block\">Letizia durante una audiencia en Zarzuela<\/span><\/figcaption><\/figure>\n<\/section>\n<\/div>\n<p class=\"com-paragraph   --s\"><strong>\u201cUy, me he quedado con el joystick\u201d<\/strong>, exclam\u00f3 la reina con naturalidad antes de colocar la pieza de nuevo en su lugar.<\/p>\n<p class=\"com-paragraph   --s\">Se estima que m\u00e1s de <strong>3 millones de personas<\/strong> conviven con alguna enfermedad rara en Espa\u00f1a. El Observatorio Legislativo de Enfermedades Raras y Medicamentos Hu\u00e9rfanos y la Asociaci\u00f3n M\u00e1s Visibles trasladaron a la reina la urgencia de fortalecer el marco normativo para<strong> garantizar la equidad en el diagn\u00f3stico<\/strong>.<\/p>\n<p class=\"com-paragraph   --s\">Seg\u00fan medios espa\u00f1oles, las prioridades presentadas incluyeron la actualizaci\u00f3n de la<strong> Estrategia Nacional de Enfermedades Raras <\/strong>y la incorporaci\u00f3n de t\u00e9cnicas avanzadas en la cartera del Sistema Nacional de Salud.<\/p>\n<p class=\"com-paragraph   --s\">Asimismo, subrayaron la necesidad de incentivar la I+D y adoptar medidas estructurales que reduzcan las brechas territoriales en el acceso a medicamentos hu\u00e9rfanos, proponiendo un registro \u00fanico de pacientes como herramienta clave.<\/p>\n<p class=\"com-paragraph   --s\">Durante el encuentro, se destac\u00f3 tambi\u00e9n la iniciativa legislativa popular de <strong>un pesquisa neonatal<\/strong> -prueba del tal\u00f3n ampliado y equitativo en toda Espa\u00f1a. <\/p>\n<p class=\"com-paragraph   --s\">Sobre el cierre de la audiencia, se presentaron los proyectos audiovisuales <em>La vida en una gota<\/em> creado para visibilizar la realidad de los pacientes y sensibilizar sobre la importancia de la investigaci\u00f3n.<\/p>\n<p class=\"com-paragraph   --s\">Dirigida por Pedro Lend\u00ednez, el film denuncia la <strong>desigualdad en el cribado neonatal <\/strong>(prueba del tal\u00f3n) entre comunidades aut\u00f3nomas. Con apoyo de la Asociaci\u00f3n M\u00e1s Visibles, busca visibilizar la necesidad de equidad en la detecci\u00f3n temprana de enfermedades raras.<\/p>\n<section class=\"container-center-100 mb-40 border border-bottom border-thin border-neutral-light-700\">\n<hr\/>\n<\/section>\n<\/div>\n<p><script id=\"facebookpixel\" defer=\"\" type=\"text\/javascript\">\n        !function(f,b,e,v,n,t,s)\n        {if(f.fbq)return;n=f.fbq=function(){n.callMethod?\n        n.callMethod.apply(n,arguments):n.queue.push(arguments)};\n        if(!f._fbq)f._fbq=n;n.push=n;n.loaded=!0;n.version='2.0';\n        n.queue=[];t=b.createElement(e);t.async=!0;\n        t.src=v;s=b.getElementsByTagName(e)[0];\n        s.parentNode.insertBefore(t,s)}(window, document,'script',\n        'https:\/\/connect.facebook.net\/en_US\/fbevents.js');\n        fbq('init', '492459597522335');\n        fbq('track', 'PageView');\n    <\/script><br \/>\n<br \/><\/p>\n","protected":false},"excerpt":{"rendered":"<p>La reina Letizia de Espa\u00f1a encabez\u00f3 este martes en el Palacio de la Zarzuela una serie de audiencias en las que reafirm\u00f3 su compromiso con las personas que conviven con patolog\u00edas poco frecuentes. Lo que comenz\u00f3 como un acto protocolar para recibir a representantes del Observatorio de Enfermedades Raras y a los realizadores del documental [&hellip;]<\/p>\n","protected":false},"author":2,"featured_media":193642,"comment_status":"closed","ping_status":"closed","sticky":false,"template":"","format":"standard","meta":{"footnotes":""},"categories":[26],"tags":[],"class_list":["post-193641","post","type-post","status-publish","format-standard","has-post-thumbnail","hentry","category-internacionales"],"yoast_head":"<!-- This site is optimized with the Yoast SEO plugin v24.4 - https:\/\/yoast.com\/wordpress\/plugins\/seo\/ -->\n<title>El inc\u00f3modo momento de la reina Letizia con un hombre en silla de ruedas en el Palacio de la Zarzuela - GYS NOTICIAS |<\/title>\n<meta name=\"robots\" content=\"index, follow, max-snippet:-1, max-image-preview:large, max-video-preview:-1\" \/>\n<link rel=\"canonical\" href=\"https:\/\/gysfm.com.ar\/inicio\/el-incomodo-momento-de-la-reina-letizia-con-un-hombre-en-silla-de-ruedas-en-el-palacio-de-la-zarzuela\/\" \/>\n<meta property=\"og:locale\" content=\"es_ES\" \/>\n<meta property=\"og:type\" content=\"article\" \/>\n<meta property=\"og:title\" content=\"El inc\u00f3modo momento de la reina Letizia con un hombre en silla de ruedas en el Palacio de la Zarzuela - GYS NOTICIAS |\" \/>\n<meta property=\"og:description\" content=\"La reina Letizia de Espa\u00f1a encabez\u00f3 este martes en el Palacio de la Zarzuela una serie de audiencias en las que reafirm\u00f3 su compromiso con las personas que conviven con patolog\u00edas poco frecuentes. Lo que comenz\u00f3 como un acto protocolar para recibir a representantes del Observatorio de Enfermedades Raras y a los realizadores del documental [&hellip;]\" \/>\n<meta property=\"og:url\" content=\"https:\/\/gysfm.com.ar\/inicio\/el-incomodo-momento-de-la-reina-letizia-con-un-hombre-en-silla-de-ruedas-en-el-palacio-de-la-zarzuela\/\" \/>\n<meta property=\"og:site_name\" content=\"GYS NOTICIAS |\" \/>\n<meta property=\"article:published_time\" content=\"2026-04-29T10:16:09+00:00\" \/>\n<meta property=\"article:modified_time\" content=\"2026-04-29T10:16:11+00:00\" \/>\n<meta property=\"og:image\" content=\"https:\/\/gysfm.com.ar\/inicio\/wp-content\/uploads\/2026\/04\/la-reina-letizia-vivio-un-FAE2EMPFSFE3RBQX5RQJFNQ5EY.png\" \/>\n\t<meta property=\"og:image:width\" content=\"1200\" \/>\n\t<meta property=\"og:image:height\" content=\"800\" \/>\n\t<meta property=\"og:image:type\" content=\"image\/png\" \/>\n<meta name=\"author\" content=\"Prensa G&amp;S FM\" \/>\n<meta name=\"twitter:card\" content=\"summary_large_image\" \/>\n<meta name=\"twitter:label1\" content=\"Escrito por\" \/>\n\t<meta name=\"twitter:data1\" content=\"Prensa G&amp;S FM\" \/>\n\t<meta name=\"twitter:label2\" content=\"Tiempo de lectura\" \/>\n\t<meta name=\"twitter:data2\" content=\"2 minutos\" \/>\n<script type=\"application\/ld+json\" class=\"yoast-schema-graph\">{\"@context\":\"https:\/\/schema.org\",\"@graph\":[{\"@type\":\"Article\",\"@id\":\"https:\/\/gysfm.com.ar\/inicio\/el-incomodo-momento-de-la-reina-letizia-con-un-hombre-en-silla-de-ruedas-en-el-palacio-de-la-zarzuela\/#article\",\"isPartOf\":{\"@id\":\"https:\/\/gysfm.com.ar\/inicio\/el-incomodo-momento-de-la-reina-letizia-con-un-hombre-en-silla-de-ruedas-en-el-palacio-de-la-zarzuela\/\"},\"author\":{\"name\":\"Prensa G&amp;S FM\",\"@id\":\"https:\/\/gysfm.com.ar\/inicio\/#\/schema\/person\/3abba7593ef2ad19e1be221d54383dc5\"},\"headline\":\"El inc\u00f3modo momento de la reina Letizia con un hombre en silla de ruedas en el Palacio de la Zarzuela\",\"datePublished\":\"2026-04-29T10:16:09+00:00\",\"dateModified\":\"2026-04-29T10:16:11+00:00\",\"mainEntityOfPage\":{\"@id\":\"https:\/\/gysfm.com.ar\/inicio\/el-incomodo-momento-de-la-reina-letizia-con-un-hombre-en-silla-de-ruedas-en-el-palacio-de-la-zarzuela\/\"},\"wordCount\":376,\"publisher\":{\"@id\":\"https:\/\/gysfm.com.ar\/inicio\/#organization\"},\"image\":{\"@id\":\"https:\/\/gysfm.com.ar\/inicio\/el-incomodo-momento-de-la-reina-letizia-con-un-hombre-en-silla-de-ruedas-en-el-palacio-de-la-zarzuela\/#primaryimage\"},\"thumbnailUrl\":\"https:\/\/gysfm.com.ar\/inicio\/wp-content\/uploads\/2026\/04\/la-reina-letizia-vivio-un-FAE2EMPFSFE3RBQX5RQJFNQ5EY.png\",\"articleSection\":[\"INTERNACIONALES\"],\"inLanguage\":\"es\"},{\"@type\":\"WebPage\",\"@id\":\"https:\/\/gysfm.com.ar\/inicio\/el-incomodo-momento-de-la-reina-letizia-con-un-hombre-en-silla-de-ruedas-en-el-palacio-de-la-zarzuela\/\",\"url\":\"https:\/\/gysfm.com.ar\/inicio\/el-incomodo-momento-de-la-reina-letizia-con-un-hombre-en-silla-de-ruedas-en-el-palacio-de-la-zarzuela\/\",\"name\":\"El inc\u00f3modo momento de la reina Letizia con un hombre en silla de ruedas en el Palacio de la Zarzuela - GYS NOTICIAS |\",\"isPartOf\":{\"@id\":\"https:\/\/gysfm.com.ar\/inicio\/#website\"},\"primaryImageOfPage\":{\"@id\":\"https:\/\/gysfm.com.ar\/inicio\/el-incomodo-momento-de-la-reina-letizia-con-un-hombre-en-silla-de-ruedas-en-el-palacio-de-la-zarzuela\/#primaryimage\"},\"image\":{\"@id\":\"https:\/\/gysfm.com.ar\/inicio\/el-incomodo-momento-de-la-reina-letizia-con-un-hombre-en-silla-de-ruedas-en-el-palacio-de-la-zarzuela\/#primaryimage\"},\"thumbnailUrl\":\"https:\/\/gysfm.com.ar\/inicio\/wp-content\/uploads\/2026\/04\/la-reina-letizia-vivio-un-FAE2EMPFSFE3RBQX5RQJFNQ5EY.png\",\"datePublished\":\"2026-04-29T10:16:09+00:00\",\"dateModified\":\"2026-04-29T10:16:11+00:00\",\"breadcrumb\":{\"@id\":\"https:\/\/gysfm.com.ar\/inicio\/el-incomodo-momento-de-la-reina-letizia-con-un-hombre-en-silla-de-ruedas-en-el-palacio-de-la-zarzuela\/#breadcrumb\"},\"inLanguage\":\"es\",\"potentialAction\":[{\"@type\":\"ReadAction\",\"target\":[\"https:\/\/gysfm.com.ar\/inicio\/el-incomodo-momento-de-la-reina-letizia-con-un-hombre-en-silla-de-ruedas-en-el-palacio-de-la-zarzuela\/\"]}]},{\"@type\":\"ImageObject\",\"inLanguage\":\"es\",\"@id\":\"https:\/\/gysfm.com.ar\/inicio\/el-incomodo-momento-de-la-reina-letizia-con-un-hombre-en-silla-de-ruedas-en-el-palacio-de-la-zarzuela\/#primaryimage\",\"url\":\"https:\/\/gysfm.com.ar\/inicio\/wp-content\/uploads\/2026\/04\/la-reina-letizia-vivio-un-FAE2EMPFSFE3RBQX5RQJFNQ5EY.png\",\"contentUrl\":\"https:\/\/gysfm.com.ar\/inicio\/wp-content\/uploads\/2026\/04\/la-reina-letizia-vivio-un-FAE2EMPFSFE3RBQX5RQJFNQ5EY.png\",\"width\":1200,\"height\":800},{\"@type\":\"BreadcrumbList\",\"@id\":\"https:\/\/gysfm.com.ar\/inicio\/el-incomodo-momento-de-la-reina-letizia-con-un-hombre-en-silla-de-ruedas-en-el-palacio-de-la-zarzuela\/#breadcrumb\",\"itemListElement\":[{\"@type\":\"ListItem\",\"position\":1,\"name\":\"Portada\",\"item\":\"https:\/\/gysfm.com.ar\/inicio\/\"},{\"@type\":\"ListItem\",\"position\":2,\"name\":\"El inc\u00f3modo momento de la reina Letizia con un hombre en silla de ruedas en el Palacio de la Zarzuela\"}]},{\"@type\":\"WebSite\",\"@id\":\"https:\/\/gysfm.com.ar\/inicio\/#website\",\"url\":\"https:\/\/gysfm.com.ar\/inicio\/\",\"name\":\"GYS NOTICIAS |\",\"description\":\"DIARIO - RADIO ONLINE SAN JUAN ARGENTINA\",\"publisher\":{\"@id\":\"https:\/\/gysfm.com.ar\/inicio\/#organization\"},\"potentialAction\":[{\"@type\":\"SearchAction\",\"target\":{\"@type\":\"EntryPoint\",\"urlTemplate\":\"https:\/\/gysfm.com.ar\/inicio\/?s={search_term_string}\"},\"query-input\":{\"@type\":\"PropertyValueSpecification\",\"valueRequired\":true,\"valueName\":\"search_term_string\"}}],\"inLanguage\":\"es\"},{\"@type\":\"Organization\",\"@id\":\"https:\/\/gysfm.com.ar\/inicio\/#organization\",\"name\":\"GYS NOTICIAS |\",\"url\":\"https:\/\/gysfm.com.ar\/inicio\/\",\"logo\":{\"@type\":\"ImageObject\",\"inLanguage\":\"es\",\"@id\":\"https:\/\/gysfm.com.ar\/inicio\/#\/schema\/logo\/image\/\",\"url\":\"https:\/\/gysfm.com.ar\/inicio\/wp-content\/uploads\/2023\/07\/LOGOGYS-OK.png\",\"contentUrl\":\"https:\/\/gysfm.com.ar\/inicio\/wp-content\/uploads\/2023\/07\/LOGOGYS-OK.png\",\"width\":1170,\"height\":872,\"caption\":\"GYS NOTICIAS |\"},\"image\":{\"@id\":\"https:\/\/gysfm.com.ar\/inicio\/#\/schema\/logo\/image\/\"}},{\"@type\":\"Person\",\"@id\":\"https:\/\/gysfm.com.ar\/inicio\/#\/schema\/person\/3abba7593ef2ad19e1be221d54383dc5\",\"name\":\"Prensa G&amp;S FM\",\"image\":{\"@type\":\"ImageObject\",\"inLanguage\":\"es\",\"@id\":\"https:\/\/gysfm.com.ar\/inicio\/#\/schema\/person\/image\/\",\"url\":\"https:\/\/secure.gravatar.com\/avatar\/096ec78df02049ab018702bb4ccedf659377fa92a26540b5247612077a0dbd29?s=96&d=mm&r=g\",\"contentUrl\":\"https:\/\/secure.gravatar.com\/avatar\/096ec78df02049ab018702bb4ccedf659377fa92a26540b5247612077a0dbd29?s=96&d=mm&r=g\",\"caption\":\"Prensa G&amp;S FM\"},\"sameAs\":[\"https:\/\/gysfm.com.ar\/\"],\"url\":\"https:\/\/gysfm.com.ar\/inicio\/author\/lucasm\/\"}]}<\/script>\n<!-- \/ Yoast SEO plugin. -->","yoast_head_json":{"title":"El inc\u00f3modo momento de la reina Letizia con un hombre en silla de ruedas en el Palacio de la Zarzuela - GYS NOTICIAS |","robots":{"index":"index","follow":"follow","max-snippet":"max-snippet:-1","max-image-preview":"max-image-preview:large","max-video-preview":"max-video-preview:-1"},"canonical":"https:\/\/gysfm.com.ar\/inicio\/el-incomodo-momento-de-la-reina-letizia-con-un-hombre-en-silla-de-ruedas-en-el-palacio-de-la-zarzuela\/","og_locale":"es_ES","og_type":"article","og_title":"El inc\u00f3modo momento de la reina Letizia con un hombre en silla de ruedas en el Palacio de la Zarzuela - GYS NOTICIAS |","og_description":"La reina Letizia de Espa\u00f1a encabez\u00f3 este martes en el Palacio de la Zarzuela una serie de audiencias en las que reafirm\u00f3 su compromiso con las personas que conviven con patolog\u00edas poco frecuentes. Lo que comenz\u00f3 como un acto protocolar para recibir a representantes del Observatorio de Enfermedades Raras y a los realizadores del documental [&hellip;]","og_url":"https:\/\/gysfm.com.ar\/inicio\/el-incomodo-momento-de-la-reina-letizia-con-un-hombre-en-silla-de-ruedas-en-el-palacio-de-la-zarzuela\/","og_site_name":"GYS NOTICIAS |","article_published_time":"2026-04-29T10:16:09+00:00","article_modified_time":"2026-04-29T10:16:11+00:00","og_image":[{"width":1200,"height":800,"url":"https:\/\/gysfm.com.ar\/inicio\/wp-content\/uploads\/2026\/04\/la-reina-letizia-vivio-un-FAE2EMPFSFE3RBQX5RQJFNQ5EY.png","type":"image\/png"}],"author":"Prensa G&amp;S FM","twitter_card":"summary_large_image","twitter_misc":{"Escrito por":"Prensa G&amp;S FM","Tiempo de lectura":"2 minutos"},"schema":{"@context":"https:\/\/schema.org","@graph":[{"@type":"Article","@id":"https:\/\/gysfm.com.ar\/inicio\/el-incomodo-momento-de-la-reina-letizia-con-un-hombre-en-silla-de-ruedas-en-el-palacio-de-la-zarzuela\/#article","isPartOf":{"@id":"https:\/\/gysfm.com.ar\/inicio\/el-incomodo-momento-de-la-reina-letizia-con-un-hombre-en-silla-de-ruedas-en-el-palacio-de-la-zarzuela\/"},"author":{"name":"Prensa G&amp;S FM","@id":"https:\/\/gysfm.com.ar\/inicio\/#\/schema\/person\/3abba7593ef2ad19e1be221d54383dc5"},"headline":"El inc\u00f3modo momento de la reina Letizia con un hombre en silla de ruedas en el Palacio de la Zarzuela","datePublished":"2026-04-29T10:16:09+00:00","dateModified":"2026-04-29T10:16:11+00:00","mainEntityOfPage":{"@id":"https:\/\/gysfm.com.ar\/inicio\/el-incomodo-momento-de-la-reina-letizia-con-un-hombre-en-silla-de-ruedas-en-el-palacio-de-la-zarzuela\/"},"wordCount":376,"publisher":{"@id":"https:\/\/gysfm.com.ar\/inicio\/#organization"},"image":{"@id":"https:\/\/gysfm.com.ar\/inicio\/el-incomodo-momento-de-la-reina-letizia-con-un-hombre-en-silla-de-ruedas-en-el-palacio-de-la-zarzuela\/#primaryimage"},"thumbnailUrl":"https:\/\/gysfm.com.ar\/inicio\/wp-content\/uploads\/2026\/04\/la-reina-letizia-vivio-un-FAE2EMPFSFE3RBQX5RQJFNQ5EY.png","articleSection":["INTERNACIONALES"],"inLanguage":"es"},{"@type":"WebPage","@id":"https:\/\/gysfm.com.ar\/inicio\/el-incomodo-momento-de-la-reina-letizia-con-un-hombre-en-silla-de-ruedas-en-el-palacio-de-la-zarzuela\/","url":"https:\/\/gysfm.com.ar\/inicio\/el-incomodo-momento-de-la-reina-letizia-con-un-hombre-en-silla-de-ruedas-en-el-palacio-de-la-zarzuela\/","name":"El inc\u00f3modo momento de la reina Letizia con un hombre en silla de ruedas en el Palacio de la Zarzuela - GYS NOTICIAS |","isPartOf":{"@id":"https:\/\/gysfm.com.ar\/inicio\/#website"},"primaryImageOfPage":{"@id":"https:\/\/gysfm.com.ar\/inicio\/el-incomodo-momento-de-la-reina-letizia-con-un-hombre-en-silla-de-ruedas-en-el-palacio-de-la-zarzuela\/#primaryimage"},"image":{"@id":"https:\/\/gysfm.com.ar\/inicio\/el-incomodo-momento-de-la-reina-letizia-con-un-hombre-en-silla-de-ruedas-en-el-palacio-de-la-zarzuela\/#primaryimage"},"thumbnailUrl":"https:\/\/gysfm.com.ar\/inicio\/wp-content\/uploads\/2026\/04\/la-reina-letizia-vivio-un-FAE2EMPFSFE3RBQX5RQJFNQ5EY.png","datePublished":"2026-04-29T10:16:09+00:00","dateModified":"2026-04-29T10:16:11+00:00","breadcrumb":{"@id":"https:\/\/gysfm.com.ar\/inicio\/el-incomodo-momento-de-la-reina-letizia-con-un-hombre-en-silla-de-ruedas-en-el-palacio-de-la-zarzuela\/#breadcrumb"},"inLanguage":"es","potentialAction":[{"@type":"ReadAction","target":["https:\/\/gysfm.com.ar\/inicio\/el-incomodo-momento-de-la-reina-letizia-con-un-hombre-en-silla-de-ruedas-en-el-palacio-de-la-zarzuela\/"]}]},{"@type":"ImageObject","inLanguage":"es","@id":"https:\/\/gysfm.com.ar\/inicio\/el-incomodo-momento-de-la-reina-letizia-con-un-hombre-en-silla-de-ruedas-en-el-palacio-de-la-zarzuela\/#primaryimage","url":"https:\/\/gysfm.com.ar\/inicio\/wp-content\/uploads\/2026\/04\/la-reina-letizia-vivio-un-FAE2EMPFSFE3RBQX5RQJFNQ5EY.png","contentUrl":"https:\/\/gysfm.com.ar\/inicio\/wp-content\/uploads\/2026\/04\/la-reina-letizia-vivio-un-FAE2EMPFSFE3RBQX5RQJFNQ5EY.png","width":1200,"height":800},{"@type":"BreadcrumbList","@id":"https:\/\/gysfm.com.ar\/inicio\/el-incomodo-momento-de-la-reina-letizia-con-un-hombre-en-silla-de-ruedas-en-el-palacio-de-la-zarzuela\/#breadcrumb","itemListElement":[{"@type":"ListItem","position":1,"name":"Portada","item":"https:\/\/gysfm.com.ar\/inicio\/"},{"@type":"ListItem","position":2,"name":"El inc\u00f3modo momento de la reina Letizia con un hombre en silla de ruedas en el Palacio de la Zarzuela"}]},{"@type":"WebSite","@id":"https:\/\/gysfm.com.ar\/inicio\/#website","url":"https:\/\/gysfm.com.ar\/inicio\/","name":"GYS NOTICIAS |","description":"DIARIO - RADIO ONLINE SAN JUAN ARGENTINA","publisher":{"@id":"https:\/\/gysfm.com.ar\/inicio\/#organization"},"potentialAction":[{"@type":"SearchAction","target":{"@type":"EntryPoint","urlTemplate":"https:\/\/gysfm.com.ar\/inicio\/?s={search_term_string}"},"query-input":{"@type":"PropertyValueSpecification","valueRequired":true,"valueName":"search_term_string"}}],"inLanguage":"es"},{"@type":"Organization","@id":"https:\/\/gysfm.com.ar\/inicio\/#organization","name":"GYS NOTICIAS |","url":"https:\/\/gysfm.com.ar\/inicio\/","logo":{"@type":"ImageObject","inLanguage":"es","@id":"https:\/\/gysfm.com.ar\/inicio\/#\/schema\/logo\/image\/","url":"https:\/\/gysfm.com.ar\/inicio\/wp-content\/uploads\/2023\/07\/LOGOGYS-OK.png","contentUrl":"https:\/\/gysfm.com.ar\/inicio\/wp-content\/uploads\/2023\/07\/LOGOGYS-OK.png","width":1170,"height":872,"caption":"GYS NOTICIAS |"},"image":{"@id":"https:\/\/gysfm.com.ar\/inicio\/#\/schema\/logo\/image\/"}},{"@type":"Person","@id":"https:\/\/gysfm.com.ar\/inicio\/#\/schema\/person\/3abba7593ef2ad19e1be221d54383dc5","name":"Prensa G&amp;S FM","image":{"@type":"ImageObject","inLanguage":"es","@id":"https:\/\/gysfm.com.ar\/inicio\/#\/schema\/person\/image\/","url":"https:\/\/secure.gravatar.com\/avatar\/096ec78df02049ab018702bb4ccedf659377fa92a26540b5247612077a0dbd29?s=96&d=mm&r=g","contentUrl":"https:\/\/secure.gravatar.com\/avatar\/096ec78df02049ab018702bb4ccedf659377fa92a26540b5247612077a0dbd29?s=96&d=mm&r=g","caption":"Prensa G&amp;S FM"},"sameAs":["https:\/\/gysfm.com.ar\/"],"url":"https:\/\/gysfm.com.ar\/inicio\/author\/lucasm\/"}]}},"_links":{"self":[{"href":"https:\/\/gysfm.com.ar\/inicio\/wp-json\/wp\/v2\/posts\/193641","targetHints":{"allow":["GET"]}}],"collection":[{"href":"https:\/\/gysfm.com.ar\/inicio\/wp-json\/wp\/v2\/posts"}],"about":[{"href":"https:\/\/gysfm.com.ar\/inicio\/wp-json\/wp\/v2\/types\/post"}],"author":[{"embeddable":true,"href":"https:\/\/gysfm.com.ar\/inicio\/wp-json\/wp\/v2\/users\/2"}],"replies":[{"embeddable":true,"href":"https:\/\/gysfm.com.ar\/inicio\/wp-json\/wp\/v2\/comments?post=193641"}],"version-history":[{"count":1,"href":"https:\/\/gysfm.com.ar\/inicio\/wp-json\/wp\/v2\/posts\/193641\/revisions"}],"predecessor-version":[{"id":193643,"href":"https:\/\/gysfm.com.ar\/inicio\/wp-json\/wp\/v2\/posts\/193641\/revisions\/193643"}],"wp:featuredmedia":[{"embeddable":true,"href":"https:\/\/gysfm.com.ar\/inicio\/wp-json\/wp\/v2\/media\/193642"}],"wp:attachment":[{"href":"https:\/\/gysfm.com.ar\/inicio\/wp-json\/wp\/v2\/media?parent=193641"}],"wp:term":[{"taxonomy":"category","embeddable":true,"href":"https:\/\/gysfm.com.ar\/inicio\/wp-json\/wp\/v2\/categories?post=193641"},{"taxonomy":"post_tag","embeddable":true,"href":"https:\/\/gysfm.com.ar\/inicio\/wp-json\/wp\/v2\/tags?post=193641"}],"curies":[{"name":"wp","href":"https:\/\/api.w.org\/{rel}","templated":true}]}}