{"id":193639,"date":"2026-04-29T07:13:10","date_gmt":"2026-04-29T10:13:10","guid":{"rendered":"https:\/\/gysfm.com.ar\/inicio\/violencia-escolar-los-alumnos-son-portavoces-de-lo-que-sucede-afuera-de-los-centros-educativos\/"},"modified":"2026-04-29T07:13:10","modified_gmt":"2026-04-29T10:13:10","slug":"violencia-escolar-los-alumnos-son-portavoces-de-lo-que-sucede-afuera-de-los-centros-educativos","status":"publish","type":"post","link":"https:\/\/gysfm.com.ar\/inicio\/violencia-escolar-los-alumnos-son-portavoces-de-lo-que-sucede-afuera-de-los-centros-educativos\/","title":{"rendered":"Violencia escolar: \u201cLos alumnos son portavoces de lo que sucede afuera de los centros educativos\u201d"},"content":{"rendered":"<p><\/p>\n<div id=\"article-content\">\n<p>La <strong>violencia escolar<\/strong> dej\u00f3 de ser un fen\u00f3meno aislado para convertirse en un s\u00edntoma de <a target=\"_blank\" href=\"https:\/\/www.perfil.com\/noticias\/canal-e\/carolina-manucci-no-tenemos-una-economia-saneada-sino-sostenida-a-golpes.phtml\">problemas estructurales<\/a> m\u00e1s amplios. As\u00ed lo plante\u00f3 el soci\u00f3logo <strong>Roberto Corne<\/strong>, en di\u00e1logo con<em> Canal E<\/em>, quien sostuvo que las aulas funcionan como un <a target=\"_blank\" href=\"https:\/\/www.perfil.com\/noticias\/canal-e\/congreso-y-elecciones-2027-las-claves-del-nuevo-escenario-politico-argentino.phtml\">reflejo<\/a> de lo que ocurre a nivel social. \u201c<strong>Los espacios escolares son microespacios donde se expresan los conflictos que suceden a nivel macro en la sociedad<\/strong>\u201d, afirm\u00f3.<\/p>\n<p>En ese sentido, explic\u00f3 que el aumento de episodios de violencia est\u00e1 vinculado a factores como la crisis econ\u00f3mica y las fallas del sistema educativo. \u201c<strong>El desgranamiento escolar es multicausal, pero tiene dos ejes claros: la crisis econ\u00f3mica y los problemas pedag\u00f3gicos<\/strong>\u201d, se\u00f1al\u00f3, destacando adem\u00e1s que otros pa\u00edses, como Finlandia, han logrado abordar esta problem\u00e1tica con \u00e9xito.<\/p>\n<h2><strong>La escuela como espejo de la sociedad<\/strong><\/h2>\n<p>Para <strong>Corne<\/strong>, los estudiantes no generan la violencia, sino que la reproducen. \u201c<strong>Los adolescentes y ni\u00f1os son portavoces de lo que est\u00e1 pasando afuera de los centros educativos<\/strong>\u201d, remarc\u00f3. En este contexto, tambi\u00e9n apunt\u00f3 al rol amplificador de las redes sociales y del discurso p\u00fablico: \u201c<strong>Las redes han amplificado la violencia que estamos teniendo a nivel social<\/strong>\u201d.<\/p>\n<p>El especialista advirti\u00f3 que incluso decisiones pol\u00edticas pueden incidir en este fen\u00f3meno. \u201c<strong>Si se aflojan los controles en una sociedad, es probable que aumenten los niveles de violencia<\/strong>\u201d, explic\u00f3, subrayando la necesidad de pol\u00edticas preventivas.<\/p>\n<p>Adem\u00e1s, relacion\u00f3 la violencia escolar con cambios en la estructura familiar: \u201c<strong>La reconfiguraci\u00f3n de las familias est\u00e1 vinculada a la desigualdad y a pol\u00edticas econ\u00f3micas equivocadas<\/strong>\u201d, indic\u00f3. Seg\u00fan su mirada, estos factores impactan directamente en el comportamiento de ni\u00f1os y adolescentes dentro de las instituciones educativas.<\/p>\n<p><iframe id=\"vrudo\" class=\"vrudo\" src=\"https:\/\/rudo.video\/vod\/yiPVK7DZF2I?volume=0\" width=\"100%\" height=\"100%\" allowscriptaccess=\"always\" allowfullscreen=\"true\" webkitallowfullscreen=\"true\" frameborder=\"0\" scrolling=\"no\" allow=\"autoplay; fullscreen\" loading=\"lazy\" title=\"Contenido embebido\"><\/iframe><\/p>\n<h2><strong>La necesidad de una estrategia nacional<\/strong><\/h2>\n<p>Corne fue enf\u00e1tico al se\u00f1alar que las soluciones deben ser integrales y sostenidas en el tiempo. \u201c<strong>La \u00fanica estrategia para corregir esta situaci\u00f3n tiene que ser nacional y federal<\/strong>\u201d, afirm\u00f3, criticando las medidas aisladas a nivel provincial.<\/p>\n<p>En esa l\u00ednea, defendi\u00f3 el rol del Estado en la educaci\u00f3n: \u201c<strong>En los pa\u00edses desarrollados, la educaci\u00f3n es principalmente estatal y depende del nivel federal<\/strong>\u201d, explic\u00f3, y agreg\u00f3: \u201c<strong>La educaci\u00f3n p\u00fablica no es gratuita: la pagan todos los ciudadanos con sus aportes<\/strong>\u201d.<\/p>\n<p>Tambi\u00e9n destac\u00f3 la importancia de incluir a los estudiantes en la soluci\u00f3n: \u201c<strong>Los centros de estudiantes son un actor principal porque los j\u00f3venes se comunican entre ellos sus problemas<\/strong>\u201d, sostuvo, cuestionando iniciativas que buscan limitar su participaci\u00f3n.<\/p>\n<p>Finalmente, advirti\u00f3 sobre los riesgos de no actuar a tiempo: \u201c<strong>En los microespacios se anticipan las violencias que luego pueden reproducirse a nivel general<\/strong>\u201d, concluy\u00f3, marcando la urgencia de implementar pol\u00edticas educativas consistentes.<br \/>&#13;\n <\/p>\n<\/p><\/div>\n<p><script>\n                !function(f,b,e,v,n,t,s)\n                {if(f.fbq)return;n=f.fbq=function(){n.callMethod?\n                    n.callMethod.apply(n,arguments):n.queue.push(arguments)};\n                    if(!f._fbq)f._fbq=n;n.push=n;n.loaded=!0;n.version='2.0';\n                    n.queue=[];t=b.createElement(e);t.async=!0;\n                    t.src=v;s=b.getElementsByTagName(e)[0];\n                    s.parentNode.insertBefore(t,s)}(window, document,'script',\n                    'https:\/\/connect.facebook.net\/en_US\/fbevents.js');\n                window.paywallConfig.facebook_pixel=\"1000228364089342\"\n            <\/script><\/p>\n","protected":false},"excerpt":{"rendered":"<p>La violencia escolar dej\u00f3 de ser un fen\u00f3meno aislado para convertirse en un s\u00edntoma de problemas estructurales m\u00e1s amplios. As\u00ed lo plante\u00f3 el soci\u00f3logo Roberto Corne, en di\u00e1logo con Canal E, quien sostuvo que las aulas funcionan como un reflejo de lo que ocurre a nivel social. \u201cLos espacios escolares son microespacios donde se expresan [&hellip;]<\/p>\n","protected":false},"author":2,"featured_media":193640,"comment_status":"closed","ping_status":"closed","sticky":false,"template":"","format":"standard","meta":{"footnotes":""},"categories":[25],"tags":[],"class_list":["post-193639","post","type-post","status-publish","format-standard","has-post-thumbnail","hentry","category-nacionales"],"yoast_head":"<!-- This site is optimized with the Yoast SEO plugin v24.4 - https:\/\/yoast.com\/wordpress\/plugins\/seo\/ -->\n<title>Violencia escolar: \u201cLos alumnos son portavoces de lo que sucede afuera de los centros educativos\u201d - GYS NOTICIAS |<\/title>\n<meta name=\"robots\" content=\"index, follow, max-snippet:-1, max-image-preview:large, max-video-preview:-1\" \/>\n<link rel=\"canonical\" href=\"https:\/\/gysfm.com.ar\/inicio\/violencia-escolar-los-alumnos-son-portavoces-de-lo-que-sucede-afuera-de-los-centros-educativos\/\" \/>\n<meta property=\"og:locale\" content=\"es_ES\" \/>\n<meta property=\"og:type\" content=\"article\" \/>\n<meta property=\"og:title\" content=\"Violencia escolar: \u201cLos alumnos son portavoces de lo que sucede afuera de los centros educativos\u201d - GYS NOTICIAS |\" \/>\n<meta property=\"og:description\" content=\"La violencia escolar dej\u00f3 de ser un fen\u00f3meno aislado para convertirse en un s\u00edntoma de problemas estructurales m\u00e1s amplios. As\u00ed lo plante\u00f3 el soci\u00f3logo Roberto Corne, en di\u00e1logo con Canal E, quien sostuvo que las aulas funcionan como un reflejo de lo que ocurre a nivel social. \u201cLos espacios escolares son microespacios donde se expresan [&hellip;]\" \/>\n<meta property=\"og:url\" content=\"https:\/\/gysfm.com.ar\/inicio\/violencia-escolar-los-alumnos-son-portavoces-de-lo-que-sucede-afuera-de-los-centros-educativos\/\" \/>\n<meta property=\"og:site_name\" content=\"GYS NOTICIAS |\" \/>\n<meta property=\"article:published_time\" content=\"2026-04-29T10:13:10+00:00\" \/>\n<meta name=\"author\" content=\"Prensa G&amp;S FM\" \/>\n<meta name=\"twitter:card\" content=\"summary_large_image\" \/>\n<meta name=\"twitter:label1\" content=\"Escrito por\" \/>\n\t<meta name=\"twitter:data1\" content=\"Prensa G&amp;S FM\" \/>\n\t<meta name=\"twitter:label2\" content=\"Tiempo de lectura\" \/>\n\t<meta name=\"twitter:data2\" content=\"2 minutos\" \/>\n<script type=\"application\/ld+json\" class=\"yoast-schema-graph\">{\"@context\":\"https:\/\/schema.org\",\"@graph\":[{\"@type\":\"Article\",\"@id\":\"https:\/\/gysfm.com.ar\/inicio\/violencia-escolar-los-alumnos-son-portavoces-de-lo-que-sucede-afuera-de-los-centros-educativos\/#article\",\"isPartOf\":{\"@id\":\"https:\/\/gysfm.com.ar\/inicio\/violencia-escolar-los-alumnos-son-portavoces-de-lo-que-sucede-afuera-de-los-centros-educativos\/\"},\"author\":{\"name\":\"Prensa G&amp;S FM\",\"@id\":\"https:\/\/gysfm.com.ar\/inicio\/#\/schema\/person\/3abba7593ef2ad19e1be221d54383dc5\"},\"headline\":\"Violencia escolar: \u201cLos alumnos son portavoces de lo que sucede afuera de los centros educativos\u201d\",\"datePublished\":\"2026-04-29T10:13:10+00:00\",\"mainEntityOfPage\":{\"@id\":\"https:\/\/gysfm.com.ar\/inicio\/violencia-escolar-los-alumnos-son-portavoces-de-lo-que-sucede-afuera-de-los-centros-educativos\/\"},\"wordCount\":476,\"publisher\":{\"@id\":\"https:\/\/gysfm.com.ar\/inicio\/#organization\"},\"image\":{\"@id\":\"https:\/\/gysfm.com.ar\/inicio\/violencia-escolar-los-alumnos-son-portavoces-de-lo-que-sucede-afuera-de-los-centros-educativos\/#primaryimage\"},\"thumbnailUrl\":\"https:\/\/gysfm.com.ar\/inicio\/wp-content\/uploads\/2026\/04\/escuela-primaria-2229657.jpg\",\"articleSection\":[\"NACIONALES\"],\"inLanguage\":\"es\"},{\"@type\":\"WebPage\",\"@id\":\"https:\/\/gysfm.com.ar\/inicio\/violencia-escolar-los-alumnos-son-portavoces-de-lo-que-sucede-afuera-de-los-centros-educativos\/\",\"url\":\"https:\/\/gysfm.com.ar\/inicio\/violencia-escolar-los-alumnos-son-portavoces-de-lo-que-sucede-afuera-de-los-centros-educativos\/\",\"name\":\"Violencia escolar: \u201cLos alumnos son portavoces de lo que sucede afuera de los centros educativos\u201d - GYS NOTICIAS |\",\"isPartOf\":{\"@id\":\"https:\/\/gysfm.com.ar\/inicio\/#website\"},\"primaryImageOfPage\":{\"@id\":\"https:\/\/gysfm.com.ar\/inicio\/violencia-escolar-los-alumnos-son-portavoces-de-lo-que-sucede-afuera-de-los-centros-educativos\/#primaryimage\"},\"image\":{\"@id\":\"https:\/\/gysfm.com.ar\/inicio\/violencia-escolar-los-alumnos-son-portavoces-de-lo-que-sucede-afuera-de-los-centros-educativos\/#primaryimage\"},\"thumbnailUrl\":\"https:\/\/gysfm.com.ar\/inicio\/wp-content\/uploads\/2026\/04\/escuela-primaria-2229657.jpg\",\"datePublished\":\"2026-04-29T10:13:10+00:00\",\"breadcrumb\":{\"@id\":\"https:\/\/gysfm.com.ar\/inicio\/violencia-escolar-los-alumnos-son-portavoces-de-lo-que-sucede-afuera-de-los-centros-educativos\/#breadcrumb\"},\"inLanguage\":\"es\",\"potentialAction\":[{\"@type\":\"ReadAction\",\"target\":[\"https:\/\/gysfm.com.ar\/inicio\/violencia-escolar-los-alumnos-son-portavoces-de-lo-que-sucede-afuera-de-los-centros-educativos\/\"]}]},{\"@type\":\"ImageObject\",\"inLanguage\":\"es\",\"@id\":\"https:\/\/gysfm.com.ar\/inicio\/violencia-escolar-los-alumnos-son-portavoces-de-lo-que-sucede-afuera-de-los-centros-educativos\/#primaryimage\",\"url\":\"https:\/\/gysfm.com.ar\/inicio\/wp-content\/uploads\/2026\/04\/escuela-primaria-2229657.jpg\",\"contentUrl\":\"https:\/\/gysfm.com.ar\/inicio\/wp-content\/uploads\/2026\/04\/escuela-primaria-2229657.jpg\",\"width\":1140,\"height\":641},{\"@type\":\"BreadcrumbList\",\"@id\":\"https:\/\/gysfm.com.ar\/inicio\/violencia-escolar-los-alumnos-son-portavoces-de-lo-que-sucede-afuera-de-los-centros-educativos\/#breadcrumb\",\"itemListElement\":[{\"@type\":\"ListItem\",\"position\":1,\"name\":\"Portada\",\"item\":\"https:\/\/gysfm.com.ar\/inicio\/\"},{\"@type\":\"ListItem\",\"position\":2,\"name\":\"Violencia escolar: \u201cLos alumnos son portavoces de lo que sucede afuera de los centros educativos\u201d\"}]},{\"@type\":\"WebSite\",\"@id\":\"https:\/\/gysfm.com.ar\/inicio\/#website\",\"url\":\"https:\/\/gysfm.com.ar\/inicio\/\",\"name\":\"GYS NOTICIAS |\",\"description\":\"DIARIO - RADIO ONLINE SAN JUAN ARGENTINA\",\"publisher\":{\"@id\":\"https:\/\/gysfm.com.ar\/inicio\/#organization\"},\"potentialAction\":[{\"@type\":\"SearchAction\",\"target\":{\"@type\":\"EntryPoint\",\"urlTemplate\":\"https:\/\/gysfm.com.ar\/inicio\/?s={search_term_string}\"},\"query-input\":{\"@type\":\"PropertyValueSpecification\",\"valueRequired\":true,\"valueName\":\"search_term_string\"}}],\"inLanguage\":\"es\"},{\"@type\":\"Organization\",\"@id\":\"https:\/\/gysfm.com.ar\/inicio\/#organization\",\"name\":\"GYS NOTICIAS |\",\"url\":\"https:\/\/gysfm.com.ar\/inicio\/\",\"logo\":{\"@type\":\"ImageObject\",\"inLanguage\":\"es\",\"@id\":\"https:\/\/gysfm.com.ar\/inicio\/#\/schema\/logo\/image\/\",\"url\":\"https:\/\/gysfm.com.ar\/inicio\/wp-content\/uploads\/2023\/07\/LOGOGYS-OK.png\",\"contentUrl\":\"https:\/\/gysfm.com.ar\/inicio\/wp-content\/uploads\/2023\/07\/LOGOGYS-OK.png\",\"width\":1170,\"height\":872,\"caption\":\"GYS NOTICIAS |\"},\"image\":{\"@id\":\"https:\/\/gysfm.com.ar\/inicio\/#\/schema\/logo\/image\/\"}},{\"@type\":\"Person\",\"@id\":\"https:\/\/gysfm.com.ar\/inicio\/#\/schema\/person\/3abba7593ef2ad19e1be221d54383dc5\",\"name\":\"Prensa G&amp;S FM\",\"image\":{\"@type\":\"ImageObject\",\"inLanguage\":\"es\",\"@id\":\"https:\/\/gysfm.com.ar\/inicio\/#\/schema\/person\/image\/\",\"url\":\"https:\/\/secure.gravatar.com\/avatar\/096ec78df02049ab018702bb4ccedf659377fa92a26540b5247612077a0dbd29?s=96&d=mm&r=g\",\"contentUrl\":\"https:\/\/secure.gravatar.com\/avatar\/096ec78df02049ab018702bb4ccedf659377fa92a26540b5247612077a0dbd29?s=96&d=mm&r=g\",\"caption\":\"Prensa G&amp;S FM\"},\"sameAs\":[\"https:\/\/gysfm.com.ar\/\"],\"url\":\"https:\/\/gysfm.com.ar\/inicio\/author\/lucasm\/\"}]}<\/script>\n<!-- \/ Yoast SEO plugin. -->","yoast_head_json":{"title":"Violencia escolar: \u201cLos alumnos son portavoces de lo que sucede afuera de los centros educativos\u201d - GYS NOTICIAS |","robots":{"index":"index","follow":"follow","max-snippet":"max-snippet:-1","max-image-preview":"max-image-preview:large","max-video-preview":"max-video-preview:-1"},"canonical":"https:\/\/gysfm.com.ar\/inicio\/violencia-escolar-los-alumnos-son-portavoces-de-lo-que-sucede-afuera-de-los-centros-educativos\/","og_locale":"es_ES","og_type":"article","og_title":"Violencia escolar: \u201cLos alumnos son portavoces de lo que sucede afuera de los centros educativos\u201d - GYS NOTICIAS |","og_description":"La violencia escolar dej\u00f3 de ser un fen\u00f3meno aislado para convertirse en un s\u00edntoma de problemas estructurales m\u00e1s amplios. As\u00ed lo plante\u00f3 el soci\u00f3logo Roberto Corne, en di\u00e1logo con Canal E, quien sostuvo que las aulas funcionan como un reflejo de lo que ocurre a nivel social. \u201cLos espacios escolares son microespacios donde se expresan [&hellip;]","og_url":"https:\/\/gysfm.com.ar\/inicio\/violencia-escolar-los-alumnos-son-portavoces-de-lo-que-sucede-afuera-de-los-centros-educativos\/","og_site_name":"GYS NOTICIAS |","article_published_time":"2026-04-29T10:13:10+00:00","author":"Prensa G&amp;S FM","twitter_card":"summary_large_image","twitter_misc":{"Escrito por":"Prensa G&amp;S FM","Tiempo de lectura":"2 minutos"},"schema":{"@context":"https:\/\/schema.org","@graph":[{"@type":"Article","@id":"https:\/\/gysfm.com.ar\/inicio\/violencia-escolar-los-alumnos-son-portavoces-de-lo-que-sucede-afuera-de-los-centros-educativos\/#article","isPartOf":{"@id":"https:\/\/gysfm.com.ar\/inicio\/violencia-escolar-los-alumnos-son-portavoces-de-lo-que-sucede-afuera-de-los-centros-educativos\/"},"author":{"name":"Prensa G&amp;S FM","@id":"https:\/\/gysfm.com.ar\/inicio\/#\/schema\/person\/3abba7593ef2ad19e1be221d54383dc5"},"headline":"Violencia escolar: \u201cLos alumnos son portavoces de lo que sucede afuera de los centros educativos\u201d","datePublished":"2026-04-29T10:13:10+00:00","mainEntityOfPage":{"@id":"https:\/\/gysfm.com.ar\/inicio\/violencia-escolar-los-alumnos-son-portavoces-de-lo-que-sucede-afuera-de-los-centros-educativos\/"},"wordCount":476,"publisher":{"@id":"https:\/\/gysfm.com.ar\/inicio\/#organization"},"image":{"@id":"https:\/\/gysfm.com.ar\/inicio\/violencia-escolar-los-alumnos-son-portavoces-de-lo-que-sucede-afuera-de-los-centros-educativos\/#primaryimage"},"thumbnailUrl":"https:\/\/gysfm.com.ar\/inicio\/wp-content\/uploads\/2026\/04\/escuela-primaria-2229657.jpg","articleSection":["NACIONALES"],"inLanguage":"es"},{"@type":"WebPage","@id":"https:\/\/gysfm.com.ar\/inicio\/violencia-escolar-los-alumnos-son-portavoces-de-lo-que-sucede-afuera-de-los-centros-educativos\/","url":"https:\/\/gysfm.com.ar\/inicio\/violencia-escolar-los-alumnos-son-portavoces-de-lo-que-sucede-afuera-de-los-centros-educativos\/","name":"Violencia escolar: \u201cLos alumnos son portavoces de lo que sucede afuera de los centros educativos\u201d - GYS NOTICIAS |","isPartOf":{"@id":"https:\/\/gysfm.com.ar\/inicio\/#website"},"primaryImageOfPage":{"@id":"https:\/\/gysfm.com.ar\/inicio\/violencia-escolar-los-alumnos-son-portavoces-de-lo-que-sucede-afuera-de-los-centros-educativos\/#primaryimage"},"image":{"@id":"https:\/\/gysfm.com.ar\/inicio\/violencia-escolar-los-alumnos-son-portavoces-de-lo-que-sucede-afuera-de-los-centros-educativos\/#primaryimage"},"thumbnailUrl":"https:\/\/gysfm.com.ar\/inicio\/wp-content\/uploads\/2026\/04\/escuela-primaria-2229657.jpg","datePublished":"2026-04-29T10:13:10+00:00","breadcrumb":{"@id":"https:\/\/gysfm.com.ar\/inicio\/violencia-escolar-los-alumnos-son-portavoces-de-lo-que-sucede-afuera-de-los-centros-educativos\/#breadcrumb"},"inLanguage":"es","potentialAction":[{"@type":"ReadAction","target":["https:\/\/gysfm.com.ar\/inicio\/violencia-escolar-los-alumnos-son-portavoces-de-lo-que-sucede-afuera-de-los-centros-educativos\/"]}]},{"@type":"ImageObject","inLanguage":"es","@id":"https:\/\/gysfm.com.ar\/inicio\/violencia-escolar-los-alumnos-son-portavoces-de-lo-que-sucede-afuera-de-los-centros-educativos\/#primaryimage","url":"https:\/\/gysfm.com.ar\/inicio\/wp-content\/uploads\/2026\/04\/escuela-primaria-2229657.jpg","contentUrl":"https:\/\/gysfm.com.ar\/inicio\/wp-content\/uploads\/2026\/04\/escuela-primaria-2229657.jpg","width":1140,"height":641},{"@type":"BreadcrumbList","@id":"https:\/\/gysfm.com.ar\/inicio\/violencia-escolar-los-alumnos-son-portavoces-de-lo-que-sucede-afuera-de-los-centros-educativos\/#breadcrumb","itemListElement":[{"@type":"ListItem","position":1,"name":"Portada","item":"https:\/\/gysfm.com.ar\/inicio\/"},{"@type":"ListItem","position":2,"name":"Violencia escolar: \u201cLos alumnos son portavoces de lo que sucede afuera de los centros educativos\u201d"}]},{"@type":"WebSite","@id":"https:\/\/gysfm.com.ar\/inicio\/#website","url":"https:\/\/gysfm.com.ar\/inicio\/","name":"GYS NOTICIAS |","description":"DIARIO - RADIO ONLINE SAN JUAN ARGENTINA","publisher":{"@id":"https:\/\/gysfm.com.ar\/inicio\/#organization"},"potentialAction":[{"@type":"SearchAction","target":{"@type":"EntryPoint","urlTemplate":"https:\/\/gysfm.com.ar\/inicio\/?s={search_term_string}"},"query-input":{"@type":"PropertyValueSpecification","valueRequired":true,"valueName":"search_term_string"}}],"inLanguage":"es"},{"@type":"Organization","@id":"https:\/\/gysfm.com.ar\/inicio\/#organization","name":"GYS NOTICIAS |","url":"https:\/\/gysfm.com.ar\/inicio\/","logo":{"@type":"ImageObject","inLanguage":"es","@id":"https:\/\/gysfm.com.ar\/inicio\/#\/schema\/logo\/image\/","url":"https:\/\/gysfm.com.ar\/inicio\/wp-content\/uploads\/2023\/07\/LOGOGYS-OK.png","contentUrl":"https:\/\/gysfm.com.ar\/inicio\/wp-content\/uploads\/2023\/07\/LOGOGYS-OK.png","width":1170,"height":872,"caption":"GYS NOTICIAS |"},"image":{"@id":"https:\/\/gysfm.com.ar\/inicio\/#\/schema\/logo\/image\/"}},{"@type":"Person","@id":"https:\/\/gysfm.com.ar\/inicio\/#\/schema\/person\/3abba7593ef2ad19e1be221d54383dc5","name":"Prensa G&amp;S FM","image":{"@type":"ImageObject","inLanguage":"es","@id":"https:\/\/gysfm.com.ar\/inicio\/#\/schema\/person\/image\/","url":"https:\/\/secure.gravatar.com\/avatar\/096ec78df02049ab018702bb4ccedf659377fa92a26540b5247612077a0dbd29?s=96&d=mm&r=g","contentUrl":"https:\/\/secure.gravatar.com\/avatar\/096ec78df02049ab018702bb4ccedf659377fa92a26540b5247612077a0dbd29?s=96&d=mm&r=g","caption":"Prensa G&amp;S FM"},"sameAs":["https:\/\/gysfm.com.ar\/"],"url":"https:\/\/gysfm.com.ar\/inicio\/author\/lucasm\/"}]}},"_links":{"self":[{"href":"https:\/\/gysfm.com.ar\/inicio\/wp-json\/wp\/v2\/posts\/193639","targetHints":{"allow":["GET"]}}],"collection":[{"href":"https:\/\/gysfm.com.ar\/inicio\/wp-json\/wp\/v2\/posts"}],"about":[{"href":"https:\/\/gysfm.com.ar\/inicio\/wp-json\/wp\/v2\/types\/post"}],"author":[{"embeddable":true,"href":"https:\/\/gysfm.com.ar\/inicio\/wp-json\/wp\/v2\/users\/2"}],"replies":[{"embeddable":true,"href":"https:\/\/gysfm.com.ar\/inicio\/wp-json\/wp\/v2\/comments?post=193639"}],"version-history":[{"count":0,"href":"https:\/\/gysfm.com.ar\/inicio\/wp-json\/wp\/v2\/posts\/193639\/revisions"}],"wp:featuredmedia":[{"embeddable":true,"href":"https:\/\/gysfm.com.ar\/inicio\/wp-json\/wp\/v2\/media\/193640"}],"wp:attachment":[{"href":"https:\/\/gysfm.com.ar\/inicio\/wp-json\/wp\/v2\/media?parent=193639"}],"wp:term":[{"taxonomy":"category","embeddable":true,"href":"https:\/\/gysfm.com.ar\/inicio\/wp-json\/wp\/v2\/categories?post=193639"},{"taxonomy":"post_tag","embeddable":true,"href":"https:\/\/gysfm.com.ar\/inicio\/wp-json\/wp\/v2\/tags?post=193639"}],"curies":[{"name":"wp","href":"https:\/\/api.w.org\/{rel}","templated":true}]}}