{"id":193638,"date":"2026-04-29T07:06:23","date_gmt":"2026-04-29T10:06:23","guid":{"rendered":"https:\/\/gysfm.com.ar\/inicio\/cuanto-cobraran-los-trabajadores-en-mayo-2026\/"},"modified":"2026-04-29T07:06:23","modified_gmt":"2026-04-29T10:06:23","slug":"cuanto-cobraran-los-trabajadores-en-mayo-2026","status":"publish","type":"post","link":"https:\/\/gysfm.com.ar\/inicio\/cuanto-cobraran-los-trabajadores-en-mayo-2026\/","title":{"rendered":"cu\u00e1nto cobrar\u00e1n los trabajadores en mayo 2026"},"content":{"rendered":"<p> <br \/>\n<\/p>\n<div>\t\t<!-- { REGION4 --> <\/p>\n<header class=\"news-headline\">\n<h2 class=\"news-headline__article-summary\">\t\t<\/h2>\n<p id=\"p-1777423559876-40900\" class=\"ignore-parser\">El acuerdo entre la UOCRA y las c\u00e1maras empresarias fij\u00f3 nuevos valores para abril, que se perciben en mayo. Incluye subas acumulativas y sumas no remunerativas.<\/p>\n<\/header>\n<div class=\"detail-highlighted-multimedia content-protected-false\">\n<figure class=\"detail-highlighted-multimedia__figure\">  <img decoding=\"async\" src=\"https:\/\/media.ambito.com\/p\/ea913556ab8de2f99f9de4ea0aa3d106\/adjuntos\/239\/imagenes\/043\/237\/0043237912\/655x368\/1474x1309:1494x1329\/construccion-colegiales-propiedades.jpg\" class=\"detail-highlighted-multimedia__figure-img img-fluid\" alt=\"Los salarios en la construcci\u00f3n en mayo.\" width=\"3024\" height=\"2258\" crossorigin=\"anonymous\" fetchpriority=\"high\" decode=\"async\"\/><figcaption class=\"detail-highlighted-multimedia__figcaption\">  <span class=\"detail-highlighted-multimedia__copyright\">Situar Propiedades<\/span><\/figcaption><\/figure>\n<\/div>\n<article class=\"article-body article-body--first-paragraph content-protected-false\" data-td-script-src=\"https:\/\/www.ambito.com\/td\/modulos\/encuestas\/js\/function-embeds-min-version-1777435597.js\">\n<p id=\"p-1777424075974-50256\">Los trabajadores de la construcci\u00f3n cobrar\u00e1n en mayo de 2026 con una <strong>suba del 1,9%<\/strong> respecto de abril, en el marco del acuerdo paritario firmado por la UOCRA y las c\u00e1maras del sector. El incremento se suma al 2% otorgado en marzo y forma parte de un esquema acumulativo.<\/p>\n<\/article>\n<section class=\"suscription-false printed-edition\" style=\"display:none\">\n<p> El contenido al que quiere acceder es exclusivo para suscriptores.<\/p>\n<p>  <span> <button type=\"button\" name=\"button\" class=\"subscribe-btn mercadopago-btn\">suscribirse<\/button><\/span>  <span class=\"btns\"><button type=\"button\" name=\"button\" class=\"subscribe-btn reload-login\"> ya estoy suscripto<\/button><\/span>  <\/p>\n<\/section>\n<article class=\"article-body article-body--second-paragraph content-protected-false\">\n<p id=\"p-1777424075974-3559\">El convenio establece aumentos escalonados: un <strong>2% en marzo<\/strong>, un <strong>1,9% en abril<\/strong> y un <strong>1,8% en mayo<\/strong>, todos aplicados de manera acumulativa sobre los salarios b\u00e1sicos. Adem\u00e1s, se definieron <strong>sumas no remunerativas<\/strong> que se abonan de forma mensual y en cuotas.<\/p>\n<\/article>\n<section class=\"related-news\">\t\t<span class=\"related-news__title\">Informate m\u00e1s<\/span>\t\t<\/p>\n<div class=\"row row--eq-height\">\n<div class=\"col-12 col-md-6\">\n<article class=\"news-article news-article--landscape-news news-article--landscape-news\">\n<figure class=\"news-article__figure figure\">\n\t\t\t\t\t\t\t\t\t\t\t<img loading=\"lazy\" decoding=\"async\" src=\"https:\/\/media.ambito.com\/p\/4b6f73207d15548cfc670ea022a4c88d\/adjuntos\/239\/imagenes\/037\/533\/0037533370\/metalurgicosjpg.jpg\" alt=\"Los trabajadores metal\u00fargicos cobrar\u00e1n en mayo los sueldos de abril con valores actualizados.\" title=\"Los trabajadores metal\u00fargicos cobrar\u00e1n en mayo los sueldos de abril con valores actualizados.\" width=\"93\" height=\"52\" class=\"news-article__figure-img figure-img img-fluid\"\/>\t\t<\/figure>\n<\/article><\/div>\n<div class=\"col-12 col-md-6\">\n<article class=\"news-article news-article--landscape-news news-article--landscape-news\">\n<figure class=\"news-article__figure figure\">\n\t\t\t\t\t\t\t\t\t\t\t<img loading=\"lazy\" decoding=\"async\" src=\"https:\/\/media.ambito.com\/p\/eb0d3e076c420cf298a3cebbac77eff6\/adjuntos\/239\/imagenes\/043\/325\/0043325361\/93x52\/smart\/docentes-tierra-del-fuego.jpg\" alt=\"Masiva marcha de la docencia de Tierra del Fuego este \u00faltimo mi\u00e9rcoles, frente a la Legislatura.\" title=\"Masiva marcha de la docencia de Tierra del Fuego este \u00faltimo mi\u00e9rcoles, frente a la Legislatura.\" width=\"93\" height=\"52\" class=\"news-article__figure-img figure-img img-fluid\"\/>\t\t<\/figure>\n<\/article><\/div>\n<\/div>\n<\/section>\n<article class=\"article-body article-body--third-paragraph content-protected-false\">\n<p id=\"p-1777424075974-94636\">En el caso de abril -cobrado en mayo-, estas sumas extraordinarias se pagan en dos tramos: el 50% con la primera quincena y el 50% restante con la segunda.<\/p>\n<\/article>\n<article class=\"article-body article-body--fourth-paragraph content-protected-false\">\n<h2 id=\"p-1777424075974-9939\">Cu\u00e1nto cobrar\u00e1n los trabajadores de la construcci\u00f3n en mayo de 2026<\/h2>\n<p id=\"p-1777424075974-39080\"><strong>Zona A<\/strong><\/p>\n<\/article>\n<article class=\"article-body article-body--fifth-paragraph content-protected-false\">\n<p id=\"p-1777424075974-9629\"> Ciudad Aut\u00f3noma de Buenos Aires (CABA), Buenos Aires, Santa Fe, Mendoza, San Juan, Catamarca, C\u00f3rdoba, Entre R\u00edos, Salta, Tucum\u00e1n, Chaco, La Pampa, San Luis, Corrientes, La Rioja, Formosa, Jujuy y Misiones.<\/p>\n<\/article>\n<article class=\"article-body article-body--remaining-paragraph content-protected-false\">\n<ul id=\"p-1777424075974-28698\">\n<li id=\"p-1777424075974-67976\">\n<p id=\"p-1777424075974-30914\"><strong>Oficial especializado:<\/strong> $6.011 por hora<\/p>\n<\/li>\n<li id=\"p-1777424075974-57222\">\n<p id=\"p-1777424075974-73064\"> <strong>Oficial:<\/strong> $5.142 por hora<\/p>\n<\/li>\n<li id=\"p-1777424075974-24185\">\n<p id=\"p-1777424075974-20237\"> <strong>Medio oficial:<\/strong> $4.752 por hora<\/p>\n<\/li>\n<li id=\"p-1777424075974-40314\">\n<p id=\"p-1777424075974-43094\"> <strong>Ayudante:<\/strong> $4.374 por hora<\/p>\n<\/li>\n<li id=\"p-1777424075974-78028\">\n<p id=\"p-1777424075974-72865\"> <strong>Sereno (mensual):<\/strong> $794.575<\/p>\n<\/li>\n<\/ul>\n<p id=\"p-1777424075974-77409\">Suma no remunerativa:<\/p>\n<p id=\"p-1777424075974-19624\"><strong>Zona B<\/strong><\/p>\n<p id=\"p-1777424075974-6298\">Neuqu\u00e9n, R\u00edo Negro y Chubut.<\/p>\n<ul id=\"p-1777424075974-50165\">\n<li id=\"p-1777424075974-53670\">\n<p id=\"p-1777424075974-52018\"><strong>Oficial especializado:<\/strong> $6.672 por hora<\/p>\n<\/li>\n<li id=\"p-1777424075974-45228\">\n<p id=\"p-1777424075974-60609\"> <strong>Oficial:<\/strong> $5.711 por hora<\/p>\n<\/li>\n<li id=\"p-1777424075974-93849\">\n<p id=\"p-1777424075974-86226\"> <strong>Medio oficial:<\/strong> $5.267 por hora<\/p>\n<\/li>\n<li id=\"p-1777424075974-84810\">\n<p id=\"p-1777424075974-25703\"> <strong>Ayudante:<\/strong> $4.877 por hora<\/p>\n<\/li>\n<li id=\"p-1777424075974-74358\">\n<p id=\"p-1777424075974-45657\"> <strong>Sereno (mensual):<\/strong> $885.191<\/p>\n<\/li>\n<\/ul>\n<p id=\"p-1777424075974-68007\">Suma no remunerativa:<\/p>\n<p id=\"p-1777424075974-43721\"><strong>Zona C<\/strong><\/p>\n<p id=\"p-1777424075974-4352\">Santa Cruz.<\/p>\n<ul id=\"p-1777424075974-88012\">\n<li id=\"p-1777424075974-55659\">\n<p id=\"p-1777424075974-19603\"><strong>Oficial especializado:<\/strong> $9.228 por hora<\/p>\n<\/li>\n<li id=\"p-1777424075974-70706\">\n<p id=\"p-1777424075974-96894\"> <strong>Oficial:<\/strong> $8.652 por hora<\/p>\n<\/li>\n<li id=\"p-1777424075974-87701\">\n<p id=\"p-1777424075974-38356\"> <strong>Medio oficial:<\/strong> $8.349 por hora<\/p>\n<\/li>\n<li id=\"p-1777424075974-87407\">\n<p id=\"p-1777424075974-24908\"> <strong>Ayudante:<\/strong> $8.107 por hora<\/p>\n<\/li>\n<li id=\"p-1777424075974-66523\">\n<p id=\"p-1777424075974-55784\"> <strong>Sereno (mensual):<\/strong> $1.328.356<\/p>\n<\/li>\n<\/ul>\n<p id=\"p-1777424075974-10748\">Suma no remunerativa:<\/p>\n<p id=\"p-1777424075974-79573\"><strong>Zona C-Austral<\/strong><\/p>\n<p id=\"p-1777424075974-83172\">Tierra del Fuego.<\/p>\n<ul id=\"p-1777424075974-56207\">\n<li id=\"p-1777424075974-21706\">\n<p id=\"p-1777424075974-59574\"><strong>Oficial especializado:<\/strong> $12.022 por hora<\/p>\n<\/li>\n<li id=\"p-1777424075974-99427\">\n<p id=\"p-1777424075974-31253\"> <strong>Oficial:<\/strong> $10.284 por hora<\/p>\n<\/li>\n<li id=\"p-1777424075974-54661\">\n<p id=\"p-1777424075974-21242\"> <strong>Medio oficial:<\/strong> $9.504 por hora<\/p>\n<\/li>\n<li id=\"p-1777424075974-44048\">\n<p id=\"p-1777424075974-6864\"> <strong>Ayudante:<\/strong> $8.747 por hora<\/p>\n<\/li>\n<li id=\"p-1777424075974-86267\">\n<p id=\"p-1777424075974-59503\"> <strong>Sereno (mensual):<\/strong> $1.589.149<\/p>\n<\/li>\n<\/ul>\n<p id=\"p-1777424075974-17458\">Suma no remunerativa:<\/p>\n<p id=\"p-1777424075974-93249\">El acuerdo tendr\u00e1 vigencia hasta el <strong>31 de mayo de 2026<\/strong> y contempla una revisi\u00f3n en funci\u00f3n de la evoluci\u00f3n econ\u00f3mica. Adem\u00e1s, incluye un <strong>aporte solidario del 2%<\/strong> sobre los salarios y una contribuci\u00f3n empresarial mensual destinada a acciones asistenciales.<\/p>\n<\/article>\n<p>\t\t\t\t<!-- REGION4 } -->\n\t\t\t\t\t\t<\/div>\n<p><script>\n!function(f,b,e,v,n,t,s)\n{if(f.fbq)return;n=f.fbq=function(){n.callMethod?\nn.callMethod.apply(n,arguments):n.queue.push(arguments)};\nif(!f._fbq)f._fbq=n;n.push=n;n.loaded=!0;n.version='2.0';\nn.queue=[];t=b.createElement(e);t.async=!0;\nt.src=v;s=b.getElementsByTagName(e)[0];\ns.parentNode.insertBefore(t,s)}(window,document,'script',\n'https:\/\/connect.facebook.net\/en_US\/fbevents.js');\nfbq('init', '2047048335588113');\nfbq('track', 'PageView');\n<\/script><br \/>\n<br \/><\/p>\n","protected":false},"excerpt":{"rendered":"<p>El acuerdo entre la UOCRA y las c\u00e1maras empresarias fij\u00f3 nuevos valores para abril, que se perciben en mayo. Incluye subas acumulativas y sumas no remunerativas. Situar Propiedades Los trabajadores de la construcci\u00f3n cobrar\u00e1n en mayo de 2026 con una suba del 1,9% respecto de abril, en el marco del acuerdo paritario firmado por la [&hellip;]<\/p>\n","protected":false},"author":1,"featured_media":189965,"comment_status":"closed","ping_status":"closed","sticky":false,"template":"","format":"standard","meta":{"footnotes":""},"categories":[28],"tags":[],"class_list":["post-193638","post","type-post","status-publish","format-standard","has-post-thumbnail","hentry","category-economia"],"yoast_head":"<!-- This site is optimized with the Yoast SEO plugin v24.4 - https:\/\/yoast.com\/wordpress\/plugins\/seo\/ -->\n<title>cu\u00e1nto cobrar\u00e1n los trabajadores en mayo 2026 - GYS NOTICIAS |<\/title>\n<meta name=\"robots\" content=\"index, follow, max-snippet:-1, max-image-preview:large, max-video-preview:-1\" \/>\n<link rel=\"canonical\" href=\"https:\/\/gysfm.com.ar\/inicio\/cuanto-cobraran-los-trabajadores-en-mayo-2026\/\" \/>\n<meta property=\"og:locale\" content=\"es_ES\" \/>\n<meta property=\"og:type\" content=\"article\" \/>\n<meta property=\"og:title\" content=\"cu\u00e1nto cobrar\u00e1n los trabajadores en mayo 2026 - GYS NOTICIAS |\" \/>\n<meta property=\"og:description\" content=\"El acuerdo entre la UOCRA y las c\u00e1maras empresarias fij\u00f3 nuevos valores para abril, que se perciben en mayo. Incluye subas acumulativas y sumas no remunerativas. Situar Propiedades Los trabajadores de la construcci\u00f3n cobrar\u00e1n en mayo de 2026 con una suba del 1,9% respecto de abril, en el marco del acuerdo paritario firmado por la [&hellip;]\" \/>\n<meta property=\"og:url\" content=\"https:\/\/gysfm.com.ar\/inicio\/cuanto-cobraran-los-trabajadores-en-mayo-2026\/\" \/>\n<meta property=\"og:site_name\" content=\"GYS NOTICIAS |\" \/>\n<meta property=\"article:published_time\" content=\"2026-04-29T10:06:23+00:00\" \/>\n<meta property=\"og:image\" content=\"https:\/\/media.ambito.com\/p\/ea913556ab8de2f99f9de4ea0aa3d106\/adjuntos\/239\/imagenes\/043\/237\/0043237912\/655x368\/1474x1309:1494x1329\/construccion-colegiales-propiedades.jpg\" \/>\n<meta name=\"author\" content=\"admin\" \/>\n<meta name=\"twitter:card\" content=\"summary_large_image\" \/>\n<meta name=\"twitter:label1\" content=\"Escrito por\" \/>\n\t<meta name=\"twitter:data1\" content=\"admin\" \/>\n\t<meta name=\"twitter:label2\" content=\"Tiempo de lectura\" \/>\n\t<meta name=\"twitter:data2\" content=\"2 minutos\" \/>\n<script type=\"application\/ld+json\" class=\"yoast-schema-graph\">{\"@context\":\"https:\/\/schema.org\",\"@graph\":[{\"@type\":\"Article\",\"@id\":\"https:\/\/gysfm.com.ar\/inicio\/cuanto-cobraran-los-trabajadores-en-mayo-2026\/#article\",\"isPartOf\":{\"@id\":\"https:\/\/gysfm.com.ar\/inicio\/cuanto-cobraran-los-trabajadores-en-mayo-2026\/\"},\"author\":{\"name\":\"admin\",\"@id\":\"https:\/\/gysfm.com.ar\/inicio\/#\/schema\/person\/5bedd7ecd35cc35548d89effafa23696\"},\"headline\":\"cu\u00e1nto cobrar\u00e1n los trabajadores en mayo 2026\",\"datePublished\":\"2026-04-29T10:06:23+00:00\",\"mainEntityOfPage\":{\"@id\":\"https:\/\/gysfm.com.ar\/inicio\/cuanto-cobraran-los-trabajadores-en-mayo-2026\/\"},\"wordCount\":360,\"publisher\":{\"@id\":\"https:\/\/gysfm.com.ar\/inicio\/#organization\"},\"image\":{\"@id\":\"https:\/\/gysfm.com.ar\/inicio\/cuanto-cobraran-los-trabajadores-en-mayo-2026\/#primaryimage\"},\"thumbnailUrl\":\"https:\/\/gysfm.com.ar\/inicio\/wp-content\/uploads\/2026\/04\/construccion-colegiales-propiedades.jpg\",\"articleSection\":[\"ECONOMIA\"],\"inLanguage\":\"es\"},{\"@type\":\"WebPage\",\"@id\":\"https:\/\/gysfm.com.ar\/inicio\/cuanto-cobraran-los-trabajadores-en-mayo-2026\/\",\"url\":\"https:\/\/gysfm.com.ar\/inicio\/cuanto-cobraran-los-trabajadores-en-mayo-2026\/\",\"name\":\"cu\u00e1nto cobrar\u00e1n los trabajadores en mayo 2026 - GYS NOTICIAS |\",\"isPartOf\":{\"@id\":\"https:\/\/gysfm.com.ar\/inicio\/#website\"},\"primaryImageOfPage\":{\"@id\":\"https:\/\/gysfm.com.ar\/inicio\/cuanto-cobraran-los-trabajadores-en-mayo-2026\/#primaryimage\"},\"image\":{\"@id\":\"https:\/\/gysfm.com.ar\/inicio\/cuanto-cobraran-los-trabajadores-en-mayo-2026\/#primaryimage\"},\"thumbnailUrl\":\"https:\/\/gysfm.com.ar\/inicio\/wp-content\/uploads\/2026\/04\/construccion-colegiales-propiedades.jpg\",\"datePublished\":\"2026-04-29T10:06:23+00:00\",\"breadcrumb\":{\"@id\":\"https:\/\/gysfm.com.ar\/inicio\/cuanto-cobraran-los-trabajadores-en-mayo-2026\/#breadcrumb\"},\"inLanguage\":\"es\",\"potentialAction\":[{\"@type\":\"ReadAction\",\"target\":[\"https:\/\/gysfm.com.ar\/inicio\/cuanto-cobraran-los-trabajadores-en-mayo-2026\/\"]}]},{\"@type\":\"ImageObject\",\"inLanguage\":\"es\",\"@id\":\"https:\/\/gysfm.com.ar\/inicio\/cuanto-cobraran-los-trabajadores-en-mayo-2026\/#primaryimage\",\"url\":\"https:\/\/gysfm.com.ar\/inicio\/wp-content\/uploads\/2026\/04\/construccion-colegiales-propiedades.jpg\",\"contentUrl\":\"https:\/\/gysfm.com.ar\/inicio\/wp-content\/uploads\/2026\/04\/construccion-colegiales-propiedades.jpg\",\"width\":1200,\"height\":675},{\"@type\":\"BreadcrumbList\",\"@id\":\"https:\/\/gysfm.com.ar\/inicio\/cuanto-cobraran-los-trabajadores-en-mayo-2026\/#breadcrumb\",\"itemListElement\":[{\"@type\":\"ListItem\",\"position\":1,\"name\":\"Portada\",\"item\":\"https:\/\/gysfm.com.ar\/inicio\/\"},{\"@type\":\"ListItem\",\"position\":2,\"name\":\"cu\u00e1nto cobrar\u00e1n los trabajadores en mayo 2026\"}]},{\"@type\":\"WebSite\",\"@id\":\"https:\/\/gysfm.com.ar\/inicio\/#website\",\"url\":\"https:\/\/gysfm.com.ar\/inicio\/\",\"name\":\"GYS NOTICIAS |\",\"description\":\"DIARIO - RADIO ONLINE SAN JUAN ARGENTINA\",\"publisher\":{\"@id\":\"https:\/\/gysfm.com.ar\/inicio\/#organization\"},\"potentialAction\":[{\"@type\":\"SearchAction\",\"target\":{\"@type\":\"EntryPoint\",\"urlTemplate\":\"https:\/\/gysfm.com.ar\/inicio\/?s={search_term_string}\"},\"query-input\":{\"@type\":\"PropertyValueSpecification\",\"valueRequired\":true,\"valueName\":\"search_term_string\"}}],\"inLanguage\":\"es\"},{\"@type\":\"Organization\",\"@id\":\"https:\/\/gysfm.com.ar\/inicio\/#organization\",\"name\":\"GYS NOTICIAS |\",\"url\":\"https:\/\/gysfm.com.ar\/inicio\/\",\"logo\":{\"@type\":\"ImageObject\",\"inLanguage\":\"es\",\"@id\":\"https:\/\/gysfm.com.ar\/inicio\/#\/schema\/logo\/image\/\",\"url\":\"https:\/\/gysfm.com.ar\/inicio\/wp-content\/uploads\/2023\/07\/LOGOGYS-OK.png\",\"contentUrl\":\"https:\/\/gysfm.com.ar\/inicio\/wp-content\/uploads\/2023\/07\/LOGOGYS-OK.png\",\"width\":1170,\"height\":872,\"caption\":\"GYS NOTICIAS |\"},\"image\":{\"@id\":\"https:\/\/gysfm.com.ar\/inicio\/#\/schema\/logo\/image\/\"}},{\"@type\":\"Person\",\"@id\":\"https:\/\/gysfm.com.ar\/inicio\/#\/schema\/person\/5bedd7ecd35cc35548d89effafa23696\",\"name\":\"admin\",\"image\":{\"@type\":\"ImageObject\",\"inLanguage\":\"es\",\"@id\":\"https:\/\/gysfm.com.ar\/inicio\/#\/schema\/person\/image\/\",\"url\":\"https:\/\/secure.gravatar.com\/avatar\/c331d312b5243fb64d5ba28108a447b27c925295129a363082c9ea52c28d32c2?s=96&d=mm&r=g\",\"contentUrl\":\"https:\/\/secure.gravatar.com\/avatar\/c331d312b5243fb64d5ba28108a447b27c925295129a363082c9ea52c28d32c2?s=96&d=mm&r=g\",\"caption\":\"admin\"},\"sameAs\":[\"https:\/\/gysfm.com.ar\/inicio\"],\"url\":\"https:\/\/gysfm.com.ar\/inicio\/author\/admin\/\"}]}<\/script>\n<!-- \/ Yoast SEO plugin. -->","yoast_head_json":{"title":"cu\u00e1nto cobrar\u00e1n los trabajadores en mayo 2026 - GYS NOTICIAS |","robots":{"index":"index","follow":"follow","max-snippet":"max-snippet:-1","max-image-preview":"max-image-preview:large","max-video-preview":"max-video-preview:-1"},"canonical":"https:\/\/gysfm.com.ar\/inicio\/cuanto-cobraran-los-trabajadores-en-mayo-2026\/","og_locale":"es_ES","og_type":"article","og_title":"cu\u00e1nto cobrar\u00e1n los trabajadores en mayo 2026 - GYS NOTICIAS |","og_description":"El acuerdo entre la UOCRA y las c\u00e1maras empresarias fij\u00f3 nuevos valores para abril, que se perciben en mayo. Incluye subas acumulativas y sumas no remunerativas. Situar Propiedades Los trabajadores de la construcci\u00f3n cobrar\u00e1n en mayo de 2026 con una suba del 1,9% respecto de abril, en el marco del acuerdo paritario firmado por la [&hellip;]","og_url":"https:\/\/gysfm.com.ar\/inicio\/cuanto-cobraran-los-trabajadores-en-mayo-2026\/","og_site_name":"GYS NOTICIAS |","article_published_time":"2026-04-29T10:06:23+00:00","og_image":[{"url":"https:\/\/media.ambito.com\/p\/ea913556ab8de2f99f9de4ea0aa3d106\/adjuntos\/239\/imagenes\/043\/237\/0043237912\/655x368\/1474x1309:1494x1329\/construccion-colegiales-propiedades.jpg","type":"","width":"","height":""}],"author":"admin","twitter_card":"summary_large_image","twitter_misc":{"Escrito por":"admin","Tiempo de lectura":"2 minutos"},"schema":{"@context":"https:\/\/schema.org","@graph":[{"@type":"Article","@id":"https:\/\/gysfm.com.ar\/inicio\/cuanto-cobraran-los-trabajadores-en-mayo-2026\/#article","isPartOf":{"@id":"https:\/\/gysfm.com.ar\/inicio\/cuanto-cobraran-los-trabajadores-en-mayo-2026\/"},"author":{"name":"admin","@id":"https:\/\/gysfm.com.ar\/inicio\/#\/schema\/person\/5bedd7ecd35cc35548d89effafa23696"},"headline":"cu\u00e1nto cobrar\u00e1n los trabajadores en mayo 2026","datePublished":"2026-04-29T10:06:23+00:00","mainEntityOfPage":{"@id":"https:\/\/gysfm.com.ar\/inicio\/cuanto-cobraran-los-trabajadores-en-mayo-2026\/"},"wordCount":360,"publisher":{"@id":"https:\/\/gysfm.com.ar\/inicio\/#organization"},"image":{"@id":"https:\/\/gysfm.com.ar\/inicio\/cuanto-cobraran-los-trabajadores-en-mayo-2026\/#primaryimage"},"thumbnailUrl":"https:\/\/gysfm.com.ar\/inicio\/wp-content\/uploads\/2026\/04\/construccion-colegiales-propiedades.jpg","articleSection":["ECONOMIA"],"inLanguage":"es"},{"@type":"WebPage","@id":"https:\/\/gysfm.com.ar\/inicio\/cuanto-cobraran-los-trabajadores-en-mayo-2026\/","url":"https:\/\/gysfm.com.ar\/inicio\/cuanto-cobraran-los-trabajadores-en-mayo-2026\/","name":"cu\u00e1nto cobrar\u00e1n los trabajadores en mayo 2026 - GYS NOTICIAS |","isPartOf":{"@id":"https:\/\/gysfm.com.ar\/inicio\/#website"},"primaryImageOfPage":{"@id":"https:\/\/gysfm.com.ar\/inicio\/cuanto-cobraran-los-trabajadores-en-mayo-2026\/#primaryimage"},"image":{"@id":"https:\/\/gysfm.com.ar\/inicio\/cuanto-cobraran-los-trabajadores-en-mayo-2026\/#primaryimage"},"thumbnailUrl":"https:\/\/gysfm.com.ar\/inicio\/wp-content\/uploads\/2026\/04\/construccion-colegiales-propiedades.jpg","datePublished":"2026-04-29T10:06:23+00:00","breadcrumb":{"@id":"https:\/\/gysfm.com.ar\/inicio\/cuanto-cobraran-los-trabajadores-en-mayo-2026\/#breadcrumb"},"inLanguage":"es","potentialAction":[{"@type":"ReadAction","target":["https:\/\/gysfm.com.ar\/inicio\/cuanto-cobraran-los-trabajadores-en-mayo-2026\/"]}]},{"@type":"ImageObject","inLanguage":"es","@id":"https:\/\/gysfm.com.ar\/inicio\/cuanto-cobraran-los-trabajadores-en-mayo-2026\/#primaryimage","url":"https:\/\/gysfm.com.ar\/inicio\/wp-content\/uploads\/2026\/04\/construccion-colegiales-propiedades.jpg","contentUrl":"https:\/\/gysfm.com.ar\/inicio\/wp-content\/uploads\/2026\/04\/construccion-colegiales-propiedades.jpg","width":1200,"height":675},{"@type":"BreadcrumbList","@id":"https:\/\/gysfm.com.ar\/inicio\/cuanto-cobraran-los-trabajadores-en-mayo-2026\/#breadcrumb","itemListElement":[{"@type":"ListItem","position":1,"name":"Portada","item":"https:\/\/gysfm.com.ar\/inicio\/"},{"@type":"ListItem","position":2,"name":"cu\u00e1nto cobrar\u00e1n los trabajadores en mayo 2026"}]},{"@type":"WebSite","@id":"https:\/\/gysfm.com.ar\/inicio\/#website","url":"https:\/\/gysfm.com.ar\/inicio\/","name":"GYS NOTICIAS |","description":"DIARIO - RADIO ONLINE SAN JUAN ARGENTINA","publisher":{"@id":"https:\/\/gysfm.com.ar\/inicio\/#organization"},"potentialAction":[{"@type":"SearchAction","target":{"@type":"EntryPoint","urlTemplate":"https:\/\/gysfm.com.ar\/inicio\/?s={search_term_string}"},"query-input":{"@type":"PropertyValueSpecification","valueRequired":true,"valueName":"search_term_string"}}],"inLanguage":"es"},{"@type":"Organization","@id":"https:\/\/gysfm.com.ar\/inicio\/#organization","name":"GYS NOTICIAS |","url":"https:\/\/gysfm.com.ar\/inicio\/","logo":{"@type":"ImageObject","inLanguage":"es","@id":"https:\/\/gysfm.com.ar\/inicio\/#\/schema\/logo\/image\/","url":"https:\/\/gysfm.com.ar\/inicio\/wp-content\/uploads\/2023\/07\/LOGOGYS-OK.png","contentUrl":"https:\/\/gysfm.com.ar\/inicio\/wp-content\/uploads\/2023\/07\/LOGOGYS-OK.png","width":1170,"height":872,"caption":"GYS NOTICIAS |"},"image":{"@id":"https:\/\/gysfm.com.ar\/inicio\/#\/schema\/logo\/image\/"}},{"@type":"Person","@id":"https:\/\/gysfm.com.ar\/inicio\/#\/schema\/person\/5bedd7ecd35cc35548d89effafa23696","name":"admin","image":{"@type":"ImageObject","inLanguage":"es","@id":"https:\/\/gysfm.com.ar\/inicio\/#\/schema\/person\/image\/","url":"https:\/\/secure.gravatar.com\/avatar\/c331d312b5243fb64d5ba28108a447b27c925295129a363082c9ea52c28d32c2?s=96&d=mm&r=g","contentUrl":"https:\/\/secure.gravatar.com\/avatar\/c331d312b5243fb64d5ba28108a447b27c925295129a363082c9ea52c28d32c2?s=96&d=mm&r=g","caption":"admin"},"sameAs":["https:\/\/gysfm.com.ar\/inicio"],"url":"https:\/\/gysfm.com.ar\/inicio\/author\/admin\/"}]}},"_links":{"self":[{"href":"https:\/\/gysfm.com.ar\/inicio\/wp-json\/wp\/v2\/posts\/193638","targetHints":{"allow":["GET"]}}],"collection":[{"href":"https:\/\/gysfm.com.ar\/inicio\/wp-json\/wp\/v2\/posts"}],"about":[{"href":"https:\/\/gysfm.com.ar\/inicio\/wp-json\/wp\/v2\/types\/post"}],"author":[{"embeddable":true,"href":"https:\/\/gysfm.com.ar\/inicio\/wp-json\/wp\/v2\/users\/1"}],"replies":[{"embeddable":true,"href":"https:\/\/gysfm.com.ar\/inicio\/wp-json\/wp\/v2\/comments?post=193638"}],"version-history":[{"count":0,"href":"https:\/\/gysfm.com.ar\/inicio\/wp-json\/wp\/v2\/posts\/193638\/revisions"}],"wp:featuredmedia":[{"embeddable":true,"href":"https:\/\/gysfm.com.ar\/inicio\/wp-json\/wp\/v2\/media\/189965"}],"wp:attachment":[{"href":"https:\/\/gysfm.com.ar\/inicio\/wp-json\/wp\/v2\/media?parent=193638"}],"wp:term":[{"taxonomy":"category","embeddable":true,"href":"https:\/\/gysfm.com.ar\/inicio\/wp-json\/wp\/v2\/categories?post=193638"},{"taxonomy":"post_tag","embeddable":true,"href":"https:\/\/gysfm.com.ar\/inicio\/wp-json\/wp\/v2\/tags?post=193638"}],"curies":[{"name":"wp","href":"https:\/\/api.w.org\/{rel}","templated":true}]}}