{"id":193636,"date":"2026-04-29T06:42:10","date_gmt":"2026-04-29T09:42:10","guid":{"rendered":"https:\/\/gysfm.com.ar\/inicio\/eugenia-muzio-estamos-viendo-numeros-muy-malos-en-los-sectores-que-mas-dinamizan-la-economia\/"},"modified":"2026-04-29T06:42:10","modified_gmt":"2026-04-29T09:42:10","slug":"eugenia-muzio-estamos-viendo-numeros-muy-malos-en-los-sectores-que-mas-dinamizan-la-economia","status":"publish","type":"post","link":"https:\/\/gysfm.com.ar\/inicio\/eugenia-muzio-estamos-viendo-numeros-muy-malos-en-los-sectores-que-mas-dinamizan-la-economia\/","title":{"rendered":"Eugenia Muzio: \u201cEstamos viendo n\u00fameros muy malos en los sectores que m\u00e1s dinamizan la econom\u00eda\u201d"},"content":{"rendered":"<p><\/p>\n<div id=\"article-content\">\n<p>En di\u00e1logo con Canal E, la periodista especializada en econom\u00eda <strong>Eugenia Muzio <\/strong>describi\u00f3 el <a target=\"_blank\" href=\"https:\/\/www.perfil.com\/noticias\/canal-e\/carolina-manucci-no-tenemos-una-economia-saneada-sino-sostenida-a-golpes.phtml\">escenario<\/a> que dej\u00f3 <strong>ExpoEFI 2026<\/strong>, marcado por expectativas, <a target=\"_blank\" href=\"https:\/\/www.perfil.com\/noticias\/canal-e\/carolina-manucci-no-tenemos-una-economia-saneada-sino-sostenida-a-golpes.phtml\">contrastes sectoriales<\/a> y cautela empresarial.<\/p>\n<p>\u201c<strong>Es una exposici\u00f3n que se hace todos los a\u00f1os para marcar la agenda econ\u00f3mica y ver por d\u00f3nde estamos<\/strong>\u201d, explic\u00f3, destacando la relevancia del evento que re\u00fane a economistas, empresarios y funcionarios.<\/p>\n<p>La periodista remarc\u00f3 que el ministro de Econom\u00eda dej\u00f3 se\u00f1ales clave. \u201c<strong>Dio dos definiciones: que la inflaci\u00f3n va a caer y que la actividad econ\u00f3mica en alg\u00fan punto va a repuntar<\/strong>\u201d, se\u00f1al\u00f3, aunque contrast\u00f3 estas proyecciones con datos actuales negativos en sectores productivos. \u201c<strong>Estamos viendo n\u00fameros muy malos en los sectores que m\u00e1s dinamizan la econom\u00eda<\/strong>\u201d, advirti\u00f3.<\/p>\n<h2><strong>Una econom\u00eda de contrastes<\/strong><\/h2>\n<p>Uno de los conceptos centrales que emergi\u00f3 del evento fue el de una econom\u00eda \u201c<strong>de dos velocidades<\/strong>\u201d. \u201c<strong>Se est\u00e1 yendo muy bien por el lado de la econom\u00eda extractivista y muy mal por el otro lado<\/strong>\u201d, sostuvo <strong>Muzio<\/strong>, en referencia al contraste entre sectores como energ\u00eda y miner\u00eda frente a la industria y el consumo.<\/p>\n<p>En ese sentido, explic\u00f3 que el R\u00e9gimen de Incentivo a las Grandes Inversiones (RIGI) aparece como eje del modelo oficial. \u201c<strong>Es un poco la zanahoria que quiere vender el Gobierno en t\u00e9rminos de la econom\u00eda que est\u00e1 yendo bien<\/strong>\u201d, afirm\u00f3.<\/p>\n<p>Sin embargo, tambi\u00e9n destac\u00f3 tensiones sociales vinculadas a este esquema. \u201c<strong>Hubo una protesta ambientalista contra la ley de glaciares, mostrando la resistencia a estos proyectos<\/strong>\u201d, relat\u00f3, marcando que el crecimiento de ciertos sectores no est\u00e1 exento de conflicto.<\/p>\n<p><iframe id=\"vrudo\" class=\"vrudo\" src=\"https:\/\/rudo.video\/vod\/yiPSU4ilbxc?volume=0\" width=\"100%\" height=\"100%\" allowscriptaccess=\"always\" allowfullscreen=\"true\" webkitallowfullscreen=\"true\" frameborder=\"0\" scrolling=\"no\" allow=\"autoplay; fullscreen\" loading=\"lazy\" title=\"Contenido embebido\"><\/iframe><\/p>\n<h2><strong>Optimismo con cautela en el empresariado<\/strong><\/h2>\n<p>Respecto al clima entre empresarios, <strong>Muzio <\/strong>describi\u00f3 una mezcla de expectativa y prudencia. \u201c<strong>Hay optimismo, pero depende mucho del sector en el que est\u00e9s<\/strong>\u201d, explic\u00f3. Seg\u00fan detall\u00f3, quienes est\u00e1n vinculados a actividades extractivas muestran mejores perspectivas, mientras que el resto enfrenta mayores dificultades.<\/p>\n<p>Adem\u00e1s, se\u00f1al\u00f3 que persisten dudas sobre la recuperaci\u00f3n econ\u00f3mica. \u201c<strong>Hay que ver si la baja de tasas es suficiente para repuntar la econom\u00eda<\/strong>\u201d, plante\u00f3, subrayando la incertidumbre sobre los pr\u00f3ximos meses.<\/p>\n<p>Otro punto clave es la continuidad del modelo econ\u00f3mico. <strong>\u201cNo sabemos hasta cu\u00e1ndo hay que tener paciencia, esa es la gran duda<\/strong>\u201d, sostuvo, en relaci\u00f3n al mensaje oficial de que \u201c<strong>lo peor ya pas\u00f3<\/strong>\u201d.<\/p>\n<p>Finalmente, la periodista destac\u00f3 que el Gobierno mantiene una postura firme. \u201c<strong>El presidente no se va a mover de la ortodoxia y va a profundizar este modelo<\/strong>\u201d, indic\u00f3, anticipando que el rumbo econ\u00f3mico seguir\u00e1 sin cambios en el corto plazo.<\/p>\n<\/p><\/div>\n<p><script>\n                !function(f,b,e,v,n,t,s)\n                {if(f.fbq)return;n=f.fbq=function(){n.callMethod?\n                    n.callMethod.apply(n,arguments):n.queue.push(arguments)};\n                    if(!f._fbq)f._fbq=n;n.push=n;n.loaded=!0;n.version='2.0';\n                    n.queue=[];t=b.createElement(e);t.async=!0;\n                    t.src=v;s=b.getElementsByTagName(e)[0];\n                    s.parentNode.insertBefore(t,s)}(window, document,'script',\n                    'https:\/\/connect.facebook.net\/en_US\/fbevents.js');\n                window.paywallConfig.facebook_pixel=\"1000228364089342\"\n            <\/script><\/p>\n","protected":false},"excerpt":{"rendered":"<p>En di\u00e1logo con Canal E, la periodista especializada en econom\u00eda Eugenia Muzio describi\u00f3 el escenario que dej\u00f3 ExpoEFI 2026, marcado por expectativas, contrastes sectoriales y cautela empresarial. \u201cEs una exposici\u00f3n que se hace todos los a\u00f1os para marcar la agenda econ\u00f3mica y ver por d\u00f3nde estamos\u201d, explic\u00f3, destacando la relevancia del evento que re\u00fane a [&hellip;]<\/p>\n","protected":false},"author":2,"featured_media":193637,"comment_status":"closed","ping_status":"closed","sticky":false,"template":"","format":"standard","meta":{"footnotes":""},"categories":[25],"tags":[],"class_list":["post-193636","post","type-post","status-publish","format-standard","has-post-thumbnail","hentry","category-nacionales"],"yoast_head":"<!-- This site is optimized with the Yoast SEO plugin v24.4 - https:\/\/yoast.com\/wordpress\/plugins\/seo\/ -->\n<title>Eugenia Muzio: \u201cEstamos viendo n\u00fameros muy malos en los sectores que m\u00e1s dinamizan la econom\u00eda\u201d - GYS NOTICIAS |<\/title>\n<meta name=\"robots\" content=\"index, follow, max-snippet:-1, max-image-preview:large, max-video-preview:-1\" \/>\n<link rel=\"canonical\" href=\"https:\/\/gysfm.com.ar\/inicio\/eugenia-muzio-estamos-viendo-numeros-muy-malos-en-los-sectores-que-mas-dinamizan-la-economia\/\" \/>\n<meta property=\"og:locale\" content=\"es_ES\" \/>\n<meta property=\"og:type\" content=\"article\" \/>\n<meta property=\"og:title\" content=\"Eugenia Muzio: \u201cEstamos viendo n\u00fameros muy malos en los sectores que m\u00e1s dinamizan la econom\u00eda\u201d - GYS NOTICIAS |\" \/>\n<meta property=\"og:description\" content=\"En di\u00e1logo con Canal E, la periodista especializada en econom\u00eda Eugenia Muzio describi\u00f3 el escenario que dej\u00f3 ExpoEFI 2026, marcado por expectativas, contrastes sectoriales y cautela empresarial. \u201cEs una exposici\u00f3n que se hace todos los a\u00f1os para marcar la agenda econ\u00f3mica y ver por d\u00f3nde estamos\u201d, explic\u00f3, destacando la relevancia del evento que re\u00fane a [&hellip;]\" \/>\n<meta property=\"og:url\" content=\"https:\/\/gysfm.com.ar\/inicio\/eugenia-muzio-estamos-viendo-numeros-muy-malos-en-los-sectores-que-mas-dinamizan-la-economia\/\" \/>\n<meta property=\"og:site_name\" content=\"GYS NOTICIAS |\" \/>\n<meta property=\"article:published_time\" content=\"2026-04-29T09:42:10+00:00\" \/>\n<meta name=\"author\" content=\"Prensa G&amp;S FM\" \/>\n<meta name=\"twitter:card\" content=\"summary_large_image\" \/>\n<meta name=\"twitter:label1\" content=\"Escrito por\" \/>\n\t<meta name=\"twitter:data1\" content=\"Prensa G&amp;S FM\" \/>\n\t<meta name=\"twitter:label2\" content=\"Tiempo de lectura\" \/>\n\t<meta name=\"twitter:data2\" content=\"2 minutos\" \/>\n<script type=\"application\/ld+json\" class=\"yoast-schema-graph\">{\"@context\":\"https:\/\/schema.org\",\"@graph\":[{\"@type\":\"Article\",\"@id\":\"https:\/\/gysfm.com.ar\/inicio\/eugenia-muzio-estamos-viendo-numeros-muy-malos-en-los-sectores-que-mas-dinamizan-la-economia\/#article\",\"isPartOf\":{\"@id\":\"https:\/\/gysfm.com.ar\/inicio\/eugenia-muzio-estamos-viendo-numeros-muy-malos-en-los-sectores-que-mas-dinamizan-la-economia\/\"},\"author\":{\"name\":\"Prensa G&amp;S FM\",\"@id\":\"https:\/\/gysfm.com.ar\/inicio\/#\/schema\/person\/3abba7593ef2ad19e1be221d54383dc5\"},\"headline\":\"Eugenia Muzio: \u201cEstamos viendo n\u00fameros muy malos en los sectores que m\u00e1s dinamizan la econom\u00eda\u201d\",\"datePublished\":\"2026-04-29T09:42:10+00:00\",\"mainEntityOfPage\":{\"@id\":\"https:\/\/gysfm.com.ar\/inicio\/eugenia-muzio-estamos-viendo-numeros-muy-malos-en-los-sectores-que-mas-dinamizan-la-economia\/\"},\"wordCount\":462,\"publisher\":{\"@id\":\"https:\/\/gysfm.com.ar\/inicio\/#organization\"},\"image\":{\"@id\":\"https:\/\/gysfm.com.ar\/inicio\/eugenia-muzio-estamos-viendo-numeros-muy-malos-en-los-sectores-que-mas-dinamizan-la-economia\/#primaryimage\"},\"thumbnailUrl\":\"https:\/\/gysfm.com.ar\/inicio\/wp-content\/uploads\/2026\/04\/pesos-argentinos-2229665.jpg\",\"articleSection\":[\"NACIONALES\"],\"inLanguage\":\"es\"},{\"@type\":\"WebPage\",\"@id\":\"https:\/\/gysfm.com.ar\/inicio\/eugenia-muzio-estamos-viendo-numeros-muy-malos-en-los-sectores-que-mas-dinamizan-la-economia\/\",\"url\":\"https:\/\/gysfm.com.ar\/inicio\/eugenia-muzio-estamos-viendo-numeros-muy-malos-en-los-sectores-que-mas-dinamizan-la-economia\/\",\"name\":\"Eugenia Muzio: \u201cEstamos viendo n\u00fameros muy malos en los sectores que m\u00e1s dinamizan la econom\u00eda\u201d - GYS NOTICIAS |\",\"isPartOf\":{\"@id\":\"https:\/\/gysfm.com.ar\/inicio\/#website\"},\"primaryImageOfPage\":{\"@id\":\"https:\/\/gysfm.com.ar\/inicio\/eugenia-muzio-estamos-viendo-numeros-muy-malos-en-los-sectores-que-mas-dinamizan-la-economia\/#primaryimage\"},\"image\":{\"@id\":\"https:\/\/gysfm.com.ar\/inicio\/eugenia-muzio-estamos-viendo-numeros-muy-malos-en-los-sectores-que-mas-dinamizan-la-economia\/#primaryimage\"},\"thumbnailUrl\":\"https:\/\/gysfm.com.ar\/inicio\/wp-content\/uploads\/2026\/04\/pesos-argentinos-2229665.jpg\",\"datePublished\":\"2026-04-29T09:42:10+00:00\",\"breadcrumb\":{\"@id\":\"https:\/\/gysfm.com.ar\/inicio\/eugenia-muzio-estamos-viendo-numeros-muy-malos-en-los-sectores-que-mas-dinamizan-la-economia\/#breadcrumb\"},\"inLanguage\":\"es\",\"potentialAction\":[{\"@type\":\"ReadAction\",\"target\":[\"https:\/\/gysfm.com.ar\/inicio\/eugenia-muzio-estamos-viendo-numeros-muy-malos-en-los-sectores-que-mas-dinamizan-la-economia\/\"]}]},{\"@type\":\"ImageObject\",\"inLanguage\":\"es\",\"@id\":\"https:\/\/gysfm.com.ar\/inicio\/eugenia-muzio-estamos-viendo-numeros-muy-malos-en-los-sectores-que-mas-dinamizan-la-economia\/#primaryimage\",\"url\":\"https:\/\/gysfm.com.ar\/inicio\/wp-content\/uploads\/2026\/04\/pesos-argentinos-2229665.jpg\",\"contentUrl\":\"https:\/\/gysfm.com.ar\/inicio\/wp-content\/uploads\/2026\/04\/pesos-argentinos-2229665.jpg\",\"width\":1140,\"height\":641},{\"@type\":\"BreadcrumbList\",\"@id\":\"https:\/\/gysfm.com.ar\/inicio\/eugenia-muzio-estamos-viendo-numeros-muy-malos-en-los-sectores-que-mas-dinamizan-la-economia\/#breadcrumb\",\"itemListElement\":[{\"@type\":\"ListItem\",\"position\":1,\"name\":\"Portada\",\"item\":\"https:\/\/gysfm.com.ar\/inicio\/\"},{\"@type\":\"ListItem\",\"position\":2,\"name\":\"Eugenia Muzio: \u201cEstamos viendo n\u00fameros muy malos en los sectores que m\u00e1s dinamizan la econom\u00eda\u201d\"}]},{\"@type\":\"WebSite\",\"@id\":\"https:\/\/gysfm.com.ar\/inicio\/#website\",\"url\":\"https:\/\/gysfm.com.ar\/inicio\/\",\"name\":\"GYS NOTICIAS |\",\"description\":\"DIARIO - RADIO ONLINE SAN JUAN ARGENTINA\",\"publisher\":{\"@id\":\"https:\/\/gysfm.com.ar\/inicio\/#organization\"},\"potentialAction\":[{\"@type\":\"SearchAction\",\"target\":{\"@type\":\"EntryPoint\",\"urlTemplate\":\"https:\/\/gysfm.com.ar\/inicio\/?s={search_term_string}\"},\"query-input\":{\"@type\":\"PropertyValueSpecification\",\"valueRequired\":true,\"valueName\":\"search_term_string\"}}],\"inLanguage\":\"es\"},{\"@type\":\"Organization\",\"@id\":\"https:\/\/gysfm.com.ar\/inicio\/#organization\",\"name\":\"GYS NOTICIAS |\",\"url\":\"https:\/\/gysfm.com.ar\/inicio\/\",\"logo\":{\"@type\":\"ImageObject\",\"inLanguage\":\"es\",\"@id\":\"https:\/\/gysfm.com.ar\/inicio\/#\/schema\/logo\/image\/\",\"url\":\"https:\/\/gysfm.com.ar\/inicio\/wp-content\/uploads\/2023\/07\/LOGOGYS-OK.png\",\"contentUrl\":\"https:\/\/gysfm.com.ar\/inicio\/wp-content\/uploads\/2023\/07\/LOGOGYS-OK.png\",\"width\":1170,\"height\":872,\"caption\":\"GYS NOTICIAS |\"},\"image\":{\"@id\":\"https:\/\/gysfm.com.ar\/inicio\/#\/schema\/logo\/image\/\"}},{\"@type\":\"Person\",\"@id\":\"https:\/\/gysfm.com.ar\/inicio\/#\/schema\/person\/3abba7593ef2ad19e1be221d54383dc5\",\"name\":\"Prensa G&amp;S FM\",\"image\":{\"@type\":\"ImageObject\",\"inLanguage\":\"es\",\"@id\":\"https:\/\/gysfm.com.ar\/inicio\/#\/schema\/person\/image\/\",\"url\":\"https:\/\/secure.gravatar.com\/avatar\/096ec78df02049ab018702bb4ccedf659377fa92a26540b5247612077a0dbd29?s=96&d=mm&r=g\",\"contentUrl\":\"https:\/\/secure.gravatar.com\/avatar\/096ec78df02049ab018702bb4ccedf659377fa92a26540b5247612077a0dbd29?s=96&d=mm&r=g\",\"caption\":\"Prensa G&amp;S FM\"},\"sameAs\":[\"https:\/\/gysfm.com.ar\/\"],\"url\":\"https:\/\/gysfm.com.ar\/inicio\/author\/lucasm\/\"}]}<\/script>\n<!-- \/ Yoast SEO plugin. -->","yoast_head_json":{"title":"Eugenia Muzio: \u201cEstamos viendo n\u00fameros muy malos en los sectores que m\u00e1s dinamizan la econom\u00eda\u201d - GYS NOTICIAS |","robots":{"index":"index","follow":"follow","max-snippet":"max-snippet:-1","max-image-preview":"max-image-preview:large","max-video-preview":"max-video-preview:-1"},"canonical":"https:\/\/gysfm.com.ar\/inicio\/eugenia-muzio-estamos-viendo-numeros-muy-malos-en-los-sectores-que-mas-dinamizan-la-economia\/","og_locale":"es_ES","og_type":"article","og_title":"Eugenia Muzio: \u201cEstamos viendo n\u00fameros muy malos en los sectores que m\u00e1s dinamizan la econom\u00eda\u201d - GYS NOTICIAS |","og_description":"En di\u00e1logo con Canal E, la periodista especializada en econom\u00eda Eugenia Muzio describi\u00f3 el escenario que dej\u00f3 ExpoEFI 2026, marcado por expectativas, contrastes sectoriales y cautela empresarial. \u201cEs una exposici\u00f3n que se hace todos los a\u00f1os para marcar la agenda econ\u00f3mica y ver por d\u00f3nde estamos\u201d, explic\u00f3, destacando la relevancia del evento que re\u00fane a [&hellip;]","og_url":"https:\/\/gysfm.com.ar\/inicio\/eugenia-muzio-estamos-viendo-numeros-muy-malos-en-los-sectores-que-mas-dinamizan-la-economia\/","og_site_name":"GYS NOTICIAS |","article_published_time":"2026-04-29T09:42:10+00:00","author":"Prensa G&amp;S FM","twitter_card":"summary_large_image","twitter_misc":{"Escrito por":"Prensa G&amp;S FM","Tiempo de lectura":"2 minutos"},"schema":{"@context":"https:\/\/schema.org","@graph":[{"@type":"Article","@id":"https:\/\/gysfm.com.ar\/inicio\/eugenia-muzio-estamos-viendo-numeros-muy-malos-en-los-sectores-que-mas-dinamizan-la-economia\/#article","isPartOf":{"@id":"https:\/\/gysfm.com.ar\/inicio\/eugenia-muzio-estamos-viendo-numeros-muy-malos-en-los-sectores-que-mas-dinamizan-la-economia\/"},"author":{"name":"Prensa G&amp;S FM","@id":"https:\/\/gysfm.com.ar\/inicio\/#\/schema\/person\/3abba7593ef2ad19e1be221d54383dc5"},"headline":"Eugenia Muzio: \u201cEstamos viendo n\u00fameros muy malos en los sectores que m\u00e1s dinamizan la econom\u00eda\u201d","datePublished":"2026-04-29T09:42:10+00:00","mainEntityOfPage":{"@id":"https:\/\/gysfm.com.ar\/inicio\/eugenia-muzio-estamos-viendo-numeros-muy-malos-en-los-sectores-que-mas-dinamizan-la-economia\/"},"wordCount":462,"publisher":{"@id":"https:\/\/gysfm.com.ar\/inicio\/#organization"},"image":{"@id":"https:\/\/gysfm.com.ar\/inicio\/eugenia-muzio-estamos-viendo-numeros-muy-malos-en-los-sectores-que-mas-dinamizan-la-economia\/#primaryimage"},"thumbnailUrl":"https:\/\/gysfm.com.ar\/inicio\/wp-content\/uploads\/2026\/04\/pesos-argentinos-2229665.jpg","articleSection":["NACIONALES"],"inLanguage":"es"},{"@type":"WebPage","@id":"https:\/\/gysfm.com.ar\/inicio\/eugenia-muzio-estamos-viendo-numeros-muy-malos-en-los-sectores-que-mas-dinamizan-la-economia\/","url":"https:\/\/gysfm.com.ar\/inicio\/eugenia-muzio-estamos-viendo-numeros-muy-malos-en-los-sectores-que-mas-dinamizan-la-economia\/","name":"Eugenia Muzio: \u201cEstamos viendo n\u00fameros muy malos en los sectores que m\u00e1s dinamizan la econom\u00eda\u201d - GYS NOTICIAS |","isPartOf":{"@id":"https:\/\/gysfm.com.ar\/inicio\/#website"},"primaryImageOfPage":{"@id":"https:\/\/gysfm.com.ar\/inicio\/eugenia-muzio-estamos-viendo-numeros-muy-malos-en-los-sectores-que-mas-dinamizan-la-economia\/#primaryimage"},"image":{"@id":"https:\/\/gysfm.com.ar\/inicio\/eugenia-muzio-estamos-viendo-numeros-muy-malos-en-los-sectores-que-mas-dinamizan-la-economia\/#primaryimage"},"thumbnailUrl":"https:\/\/gysfm.com.ar\/inicio\/wp-content\/uploads\/2026\/04\/pesos-argentinos-2229665.jpg","datePublished":"2026-04-29T09:42:10+00:00","breadcrumb":{"@id":"https:\/\/gysfm.com.ar\/inicio\/eugenia-muzio-estamos-viendo-numeros-muy-malos-en-los-sectores-que-mas-dinamizan-la-economia\/#breadcrumb"},"inLanguage":"es","potentialAction":[{"@type":"ReadAction","target":["https:\/\/gysfm.com.ar\/inicio\/eugenia-muzio-estamos-viendo-numeros-muy-malos-en-los-sectores-que-mas-dinamizan-la-economia\/"]}]},{"@type":"ImageObject","inLanguage":"es","@id":"https:\/\/gysfm.com.ar\/inicio\/eugenia-muzio-estamos-viendo-numeros-muy-malos-en-los-sectores-que-mas-dinamizan-la-economia\/#primaryimage","url":"https:\/\/gysfm.com.ar\/inicio\/wp-content\/uploads\/2026\/04\/pesos-argentinos-2229665.jpg","contentUrl":"https:\/\/gysfm.com.ar\/inicio\/wp-content\/uploads\/2026\/04\/pesos-argentinos-2229665.jpg","width":1140,"height":641},{"@type":"BreadcrumbList","@id":"https:\/\/gysfm.com.ar\/inicio\/eugenia-muzio-estamos-viendo-numeros-muy-malos-en-los-sectores-que-mas-dinamizan-la-economia\/#breadcrumb","itemListElement":[{"@type":"ListItem","position":1,"name":"Portada","item":"https:\/\/gysfm.com.ar\/inicio\/"},{"@type":"ListItem","position":2,"name":"Eugenia Muzio: \u201cEstamos viendo n\u00fameros muy malos en los sectores que m\u00e1s dinamizan la econom\u00eda\u201d"}]},{"@type":"WebSite","@id":"https:\/\/gysfm.com.ar\/inicio\/#website","url":"https:\/\/gysfm.com.ar\/inicio\/","name":"GYS NOTICIAS |","description":"DIARIO - RADIO ONLINE SAN JUAN ARGENTINA","publisher":{"@id":"https:\/\/gysfm.com.ar\/inicio\/#organization"},"potentialAction":[{"@type":"SearchAction","target":{"@type":"EntryPoint","urlTemplate":"https:\/\/gysfm.com.ar\/inicio\/?s={search_term_string}"},"query-input":{"@type":"PropertyValueSpecification","valueRequired":true,"valueName":"search_term_string"}}],"inLanguage":"es"},{"@type":"Organization","@id":"https:\/\/gysfm.com.ar\/inicio\/#organization","name":"GYS NOTICIAS |","url":"https:\/\/gysfm.com.ar\/inicio\/","logo":{"@type":"ImageObject","inLanguage":"es","@id":"https:\/\/gysfm.com.ar\/inicio\/#\/schema\/logo\/image\/","url":"https:\/\/gysfm.com.ar\/inicio\/wp-content\/uploads\/2023\/07\/LOGOGYS-OK.png","contentUrl":"https:\/\/gysfm.com.ar\/inicio\/wp-content\/uploads\/2023\/07\/LOGOGYS-OK.png","width":1170,"height":872,"caption":"GYS NOTICIAS |"},"image":{"@id":"https:\/\/gysfm.com.ar\/inicio\/#\/schema\/logo\/image\/"}},{"@type":"Person","@id":"https:\/\/gysfm.com.ar\/inicio\/#\/schema\/person\/3abba7593ef2ad19e1be221d54383dc5","name":"Prensa G&amp;S FM","image":{"@type":"ImageObject","inLanguage":"es","@id":"https:\/\/gysfm.com.ar\/inicio\/#\/schema\/person\/image\/","url":"https:\/\/secure.gravatar.com\/avatar\/096ec78df02049ab018702bb4ccedf659377fa92a26540b5247612077a0dbd29?s=96&d=mm&r=g","contentUrl":"https:\/\/secure.gravatar.com\/avatar\/096ec78df02049ab018702bb4ccedf659377fa92a26540b5247612077a0dbd29?s=96&d=mm&r=g","caption":"Prensa G&amp;S FM"},"sameAs":["https:\/\/gysfm.com.ar\/"],"url":"https:\/\/gysfm.com.ar\/inicio\/author\/lucasm\/"}]}},"_links":{"self":[{"href":"https:\/\/gysfm.com.ar\/inicio\/wp-json\/wp\/v2\/posts\/193636","targetHints":{"allow":["GET"]}}],"collection":[{"href":"https:\/\/gysfm.com.ar\/inicio\/wp-json\/wp\/v2\/posts"}],"about":[{"href":"https:\/\/gysfm.com.ar\/inicio\/wp-json\/wp\/v2\/types\/post"}],"author":[{"embeddable":true,"href":"https:\/\/gysfm.com.ar\/inicio\/wp-json\/wp\/v2\/users\/2"}],"replies":[{"embeddable":true,"href":"https:\/\/gysfm.com.ar\/inicio\/wp-json\/wp\/v2\/comments?post=193636"}],"version-history":[{"count":0,"href":"https:\/\/gysfm.com.ar\/inicio\/wp-json\/wp\/v2\/posts\/193636\/revisions"}],"wp:featuredmedia":[{"embeddable":true,"href":"https:\/\/gysfm.com.ar\/inicio\/wp-json\/wp\/v2\/media\/193637"}],"wp:attachment":[{"href":"https:\/\/gysfm.com.ar\/inicio\/wp-json\/wp\/v2\/media?parent=193636"}],"wp:term":[{"taxonomy":"category","embeddable":true,"href":"https:\/\/gysfm.com.ar\/inicio\/wp-json\/wp\/v2\/categories?post=193636"},{"taxonomy":"post_tag","embeddable":true,"href":"https:\/\/gysfm.com.ar\/inicio\/wp-json\/wp\/v2\/tags?post=193636"}],"curies":[{"name":"wp","href":"https:\/\/api.w.org\/{rel}","templated":true}]}}