{"id":193631,"date":"2026-04-29T06:11:12","date_gmt":"2026-04-29T09:11:12","guid":{"rendered":"https:\/\/gysfm.com.ar\/inicio\/feria-del-libro-2026-mas-titulos-menos-tiradas-y-preven-record-de-visitantes\/"},"modified":"2026-04-29T06:11:12","modified_gmt":"2026-04-29T09:11:12","slug":"feria-del-libro-2026-mas-titulos-menos-tiradas-y-preven-record-de-visitantes","status":"publish","type":"post","link":"https:\/\/gysfm.com.ar\/inicio\/feria-del-libro-2026-mas-titulos-menos-tiradas-y-preven-record-de-visitantes\/","title":{"rendered":"Feria del Libro 2026: m\u00e1s t\u00edtulos, menos tiradas y prev\u00e9n r\u00e9cord de visitantes"},"content":{"rendered":"<p><\/p>\n<div id=\"article-content\">\n<p>La<strong> Feria del Libro de Buenos Aires<\/strong> vuelve a consolidarse como el gran evento cultural del pa\u00eds, en un contexto editorial atravesado por <a target=\"_blank\" href=\"https:\/\/www.perfil.com\/noticias\/canal-e\/carolina-manucci-no-tenemos-una-economia-saneada-sino-sostenida-a-golpes.phtml\">cambios tecnol\u00f3gicos<\/a> y<a target=\"_blank\" href=\"https:\/\/www.perfil.com\/noticias\/canal-e\/congreso-y-elecciones-2027-las-claves-del-nuevo-escenario-politico-argentino.phtml\"> econ\u00f3micos<\/a>. Desde el predio, <strong>Luis Quevedo<\/strong>, gerente general de Eudeba, remarc\u00f3 el entusiasmo del sector: <strong>\u201cestamos en la Feria del Libro, en esta fiesta anual de la cultura, que creo que es la m\u00e1s importante de la Ciudad de Buenos Aires y te dir\u00eda en la Argentina<\/strong>\u201d.<\/p>\n<p>El evento abri\u00f3 al p\u00fablico tras jornadas profesionales y ya muestra un fuerte movimiento. Seg\u00fan explic\u00f3, \u201c<strong>pas\u00f3 el primer fin de semana con una gran afluencia de p\u00fablico, y con ventas que est\u00e1n sostenidas, en el mismo nivel que el a\u00f1o pasado<\/strong>\u201d, lo que refleja cierta estabilidad pese al contexto.<\/p>\n<h2><strong>M\u00e1s libros, menos ejemplares<\/strong><\/h2>\n<p>Uno de los datos m\u00e1s relevantes del sector editorial en 2025 es el crecimiento en la cantidad de t\u00edtulos publicados. <strong>Quevedo <\/strong>detall\u00f3 que \u201c<strong>se registr\u00f3 un 17% m\u00e1s de t\u00edtulos, con 36.000 nuevos libros en la Argentina<\/strong>\u201d, un indicador positivo en t\u00e9rminos de creatividad y diversidad.<\/p>\n<p>Sin embargo, este crecimiento convive con una ca\u00edda en la cantidad de ejemplares impresos. \u201c<strong>Las tiradas bajaron de 52 millones a 36 millones de ejemplares en circulaci\u00f3n<\/strong>\u201d, advirti\u00f3, se\u00f1alando un cambio estructural en la industria.<\/p>\n<p>El fen\u00f3meno se explica, en parte, por la innovaci\u00f3n tecnol\u00f3gica: \u201c<strong>hoy pod\u00e9s imprimir 300 o 500 ejemplares y en dos o tres d\u00edas hacer una reedici\u00f3n<\/strong>\u201d, lo que permite reducir riesgos y costos. Este nuevo modelo modifica la l\u00f3gica hist\u00f3rica del mercado editorial, donde antes eran necesarias grandes tiradas iniciales.<\/p>\n<p><iframe id=\"vrudo\" class=\"vrudo\" src=\"https:\/\/rudo.video\/vod\/czGy4s0NCwL?volume=0\" width=\"100%\" height=\"100%\" allowscriptaccess=\"always\" allowfullscreen=\"true\" webkitallowfullscreen=\"true\" frameborder=\"0\" scrolling=\"no\" allow=\"autoplay; fullscreen\" loading=\"lazy\" title=\"Contenido embebido\"><\/iframe><\/p>\n<h2><strong>Actividades y convocatoria r\u00e9cord<\/strong><\/h2>\n<p>El stand de Eudeba se posiciona como uno de los focos de atracci\u00f3n dentro de la feria, con presentaciones de alto nivel acad\u00e9mico y cultural. Entre los eventos destacados,<strong> Quevedo<\/strong> subray\u00f3 la presentaci\u00f3n de un libro sobre el juicio a las juntas militares: \u201c<strong>fue una presentaci\u00f3n muy emocionante, con los cuatro jueces presentes, una cuesti\u00f3n realmente \u00e9pica<\/strong>\u201d.<\/p>\n<p>La agenda incluye propuestas diversas, desde ensayos pol\u00edticos hasta libros sobre diversidad, deporte y educaci\u00f3n. \u201c<strong>Tenemos temas de inter\u00e9s general, desde sociabilidad gay hasta f\u00fatbol y matem\u00e1ticas<\/strong>\u201d, explic\u00f3, destacando la amplitud de la programaci\u00f3n.<\/p>\n<p>En cuanto al p\u00fablico, el comportamiento sigue patrones habituales, con picos por la tarde y fuerte presencia estudiantil. \u201c<strong>Ya los pasillos est\u00e1n muy nutridos y hacia las 5 o 6 de la tarde crece mucho m\u00e1s la concurrencia<\/strong>\u201d, se\u00f1al\u00f3.<\/p>\n<p>De cara al fin de semana largo, las expectativas son altas<strong>. Quevedo<\/strong> anticip\u00f3 que \u201c<strong>la concurrencia va a superar largamente el mill\u00f3n cien mil o mill\u00f3n doscientos mil visitantes<\/strong>\u201d, impulsada por la llegada de p\u00fablico de todo el pa\u00eds y tambi\u00e9n de Uruguay.<\/p>\n<p>En un contexto econ\u00f3mico desafiante, la Feria del Libro reafirma su lugar como espacio de encuentro cultural masivo, donde la innovaci\u00f3n editorial y el inter\u00e9s del p\u00fablico siguen marcando el ritmo del sector.<\/p>\n<\/p><\/div>\n<p><script>\n                !function(f,b,e,v,n,t,s)\n                {if(f.fbq)return;n=f.fbq=function(){n.callMethod?\n                    n.callMethod.apply(n,arguments):n.queue.push(arguments)};\n                    if(!f._fbq)f._fbq=n;n.push=n;n.loaded=!0;n.version='2.0';\n                    n.queue=[];t=b.createElement(e);t.async=!0;\n                    t.src=v;s=b.getElementsByTagName(e)[0];\n                    s.parentNode.insertBefore(t,s)}(window, document,'script',\n                    'https:\/\/connect.facebook.net\/en_US\/fbevents.js');\n                window.paywallConfig.facebook_pixel=\"1000228364089342\"\n            <\/script><\/p>\n","protected":false},"excerpt":{"rendered":"<p>La Feria del Libro de Buenos Aires vuelve a consolidarse como el gran evento cultural del pa\u00eds, en un contexto editorial atravesado por cambios tecnol\u00f3gicos y econ\u00f3micos. Desde el predio, Luis Quevedo, gerente general de Eudeba, remarc\u00f3 el entusiasmo del sector: \u201cestamos en la Feria del Libro, en esta fiesta anual de la cultura, que [&hellip;]<\/p>\n","protected":false},"author":2,"featured_media":193632,"comment_status":"closed","ping_status":"closed","sticky":false,"template":"","format":"standard","meta":{"footnotes":""},"categories":[25],"tags":[],"class_list":["post-193631","post","type-post","status-publish","format-standard","has-post-thumbnail","hentry","category-nacionales"],"yoast_head":"<!-- This site is optimized with the Yoast SEO plugin v24.4 - https:\/\/yoast.com\/wordpress\/plugins\/seo\/ -->\n<title>Feria del Libro 2026: m\u00e1s t\u00edtulos, menos tiradas y prev\u00e9n r\u00e9cord de visitantes - GYS NOTICIAS |<\/title>\n<meta name=\"robots\" content=\"index, follow, max-snippet:-1, max-image-preview:large, max-video-preview:-1\" \/>\n<link rel=\"canonical\" href=\"https:\/\/gysfm.com.ar\/inicio\/feria-del-libro-2026-mas-titulos-menos-tiradas-y-preven-record-de-visitantes\/\" \/>\n<meta property=\"og:locale\" content=\"es_ES\" \/>\n<meta property=\"og:type\" content=\"article\" \/>\n<meta property=\"og:title\" content=\"Feria del Libro 2026: m\u00e1s t\u00edtulos, menos tiradas y prev\u00e9n r\u00e9cord de visitantes - GYS NOTICIAS |\" \/>\n<meta property=\"og:description\" content=\"La Feria del Libro de Buenos Aires vuelve a consolidarse como el gran evento cultural del pa\u00eds, en un contexto editorial atravesado por cambios tecnol\u00f3gicos y econ\u00f3micos. Desde el predio, Luis Quevedo, gerente general de Eudeba, remarc\u00f3 el entusiasmo del sector: \u201cestamos en la Feria del Libro, en esta fiesta anual de la cultura, que [&hellip;]\" \/>\n<meta property=\"og:url\" content=\"https:\/\/gysfm.com.ar\/inicio\/feria-del-libro-2026-mas-titulos-menos-tiradas-y-preven-record-de-visitantes\/\" \/>\n<meta property=\"og:site_name\" content=\"GYS NOTICIAS |\" \/>\n<meta property=\"article:published_time\" content=\"2026-04-29T09:11:12+00:00\" \/>\n<meta name=\"author\" content=\"Prensa G&amp;S FM\" \/>\n<meta name=\"twitter:card\" content=\"summary_large_image\" \/>\n<meta name=\"twitter:label1\" content=\"Escrito por\" \/>\n\t<meta name=\"twitter:data1\" content=\"Prensa G&amp;S FM\" \/>\n\t<meta name=\"twitter:label2\" content=\"Tiempo de lectura\" \/>\n\t<meta name=\"twitter:data2\" content=\"3 minutos\" \/>\n<script type=\"application\/ld+json\" class=\"yoast-schema-graph\">{\"@context\":\"https:\/\/schema.org\",\"@graph\":[{\"@type\":\"Article\",\"@id\":\"https:\/\/gysfm.com.ar\/inicio\/feria-del-libro-2026-mas-titulos-menos-tiradas-y-preven-record-de-visitantes\/#article\",\"isPartOf\":{\"@id\":\"https:\/\/gysfm.com.ar\/inicio\/feria-del-libro-2026-mas-titulos-menos-tiradas-y-preven-record-de-visitantes\/\"},\"author\":{\"name\":\"Prensa G&amp;S FM\",\"@id\":\"https:\/\/gysfm.com.ar\/inicio\/#\/schema\/person\/3abba7593ef2ad19e1be221d54383dc5\"},\"headline\":\"Feria del Libro 2026: m\u00e1s t\u00edtulos, menos tiradas y prev\u00e9n r\u00e9cord de visitantes\",\"datePublished\":\"2026-04-29T09:11:12+00:00\",\"mainEntityOfPage\":{\"@id\":\"https:\/\/gysfm.com.ar\/inicio\/feria-del-libro-2026-mas-titulos-menos-tiradas-y-preven-record-de-visitantes\/\"},\"wordCount\":527,\"publisher\":{\"@id\":\"https:\/\/gysfm.com.ar\/inicio\/#organization\"},\"image\":{\"@id\":\"https:\/\/gysfm.com.ar\/inicio\/feria-del-libro-2026-mas-titulos-menos-tiradas-y-preven-record-de-visitantes\/#primaryimage\"},\"thumbnailUrl\":\"https:\/\/gysfm.com.ar\/inicio\/wp-content\/uploads\/2026\/04\/feria-del-libro-2229680.jpg\",\"articleSection\":[\"NACIONALES\"],\"inLanguage\":\"es\"},{\"@type\":\"WebPage\",\"@id\":\"https:\/\/gysfm.com.ar\/inicio\/feria-del-libro-2026-mas-titulos-menos-tiradas-y-preven-record-de-visitantes\/\",\"url\":\"https:\/\/gysfm.com.ar\/inicio\/feria-del-libro-2026-mas-titulos-menos-tiradas-y-preven-record-de-visitantes\/\",\"name\":\"Feria del Libro 2026: m\u00e1s t\u00edtulos, menos tiradas y prev\u00e9n r\u00e9cord de visitantes - GYS NOTICIAS |\",\"isPartOf\":{\"@id\":\"https:\/\/gysfm.com.ar\/inicio\/#website\"},\"primaryImageOfPage\":{\"@id\":\"https:\/\/gysfm.com.ar\/inicio\/feria-del-libro-2026-mas-titulos-menos-tiradas-y-preven-record-de-visitantes\/#primaryimage\"},\"image\":{\"@id\":\"https:\/\/gysfm.com.ar\/inicio\/feria-del-libro-2026-mas-titulos-menos-tiradas-y-preven-record-de-visitantes\/#primaryimage\"},\"thumbnailUrl\":\"https:\/\/gysfm.com.ar\/inicio\/wp-content\/uploads\/2026\/04\/feria-del-libro-2229680.jpg\",\"datePublished\":\"2026-04-29T09:11:12+00:00\",\"breadcrumb\":{\"@id\":\"https:\/\/gysfm.com.ar\/inicio\/feria-del-libro-2026-mas-titulos-menos-tiradas-y-preven-record-de-visitantes\/#breadcrumb\"},\"inLanguage\":\"es\",\"potentialAction\":[{\"@type\":\"ReadAction\",\"target\":[\"https:\/\/gysfm.com.ar\/inicio\/feria-del-libro-2026-mas-titulos-menos-tiradas-y-preven-record-de-visitantes\/\"]}]},{\"@type\":\"ImageObject\",\"inLanguage\":\"es\",\"@id\":\"https:\/\/gysfm.com.ar\/inicio\/feria-del-libro-2026-mas-titulos-menos-tiradas-y-preven-record-de-visitantes\/#primaryimage\",\"url\":\"https:\/\/gysfm.com.ar\/inicio\/wp-content\/uploads\/2026\/04\/feria-del-libro-2229680.jpg\",\"contentUrl\":\"https:\/\/gysfm.com.ar\/inicio\/wp-content\/uploads\/2026\/04\/feria-del-libro-2229680.jpg\",\"width\":1140,\"height\":641},{\"@type\":\"BreadcrumbList\",\"@id\":\"https:\/\/gysfm.com.ar\/inicio\/feria-del-libro-2026-mas-titulos-menos-tiradas-y-preven-record-de-visitantes\/#breadcrumb\",\"itemListElement\":[{\"@type\":\"ListItem\",\"position\":1,\"name\":\"Portada\",\"item\":\"https:\/\/gysfm.com.ar\/inicio\/\"},{\"@type\":\"ListItem\",\"position\":2,\"name\":\"Feria del Libro 2026: m\u00e1s t\u00edtulos, menos tiradas y prev\u00e9n r\u00e9cord de visitantes\"}]},{\"@type\":\"WebSite\",\"@id\":\"https:\/\/gysfm.com.ar\/inicio\/#website\",\"url\":\"https:\/\/gysfm.com.ar\/inicio\/\",\"name\":\"GYS NOTICIAS |\",\"description\":\"DIARIO - RADIO ONLINE SAN JUAN ARGENTINA\",\"publisher\":{\"@id\":\"https:\/\/gysfm.com.ar\/inicio\/#organization\"},\"potentialAction\":[{\"@type\":\"SearchAction\",\"target\":{\"@type\":\"EntryPoint\",\"urlTemplate\":\"https:\/\/gysfm.com.ar\/inicio\/?s={search_term_string}\"},\"query-input\":{\"@type\":\"PropertyValueSpecification\",\"valueRequired\":true,\"valueName\":\"search_term_string\"}}],\"inLanguage\":\"es\"},{\"@type\":\"Organization\",\"@id\":\"https:\/\/gysfm.com.ar\/inicio\/#organization\",\"name\":\"GYS NOTICIAS |\",\"url\":\"https:\/\/gysfm.com.ar\/inicio\/\",\"logo\":{\"@type\":\"ImageObject\",\"inLanguage\":\"es\",\"@id\":\"https:\/\/gysfm.com.ar\/inicio\/#\/schema\/logo\/image\/\",\"url\":\"https:\/\/gysfm.com.ar\/inicio\/wp-content\/uploads\/2023\/07\/LOGOGYS-OK.png\",\"contentUrl\":\"https:\/\/gysfm.com.ar\/inicio\/wp-content\/uploads\/2023\/07\/LOGOGYS-OK.png\",\"width\":1170,\"height\":872,\"caption\":\"GYS NOTICIAS |\"},\"image\":{\"@id\":\"https:\/\/gysfm.com.ar\/inicio\/#\/schema\/logo\/image\/\"}},{\"@type\":\"Person\",\"@id\":\"https:\/\/gysfm.com.ar\/inicio\/#\/schema\/person\/3abba7593ef2ad19e1be221d54383dc5\",\"name\":\"Prensa G&amp;S FM\",\"image\":{\"@type\":\"ImageObject\",\"inLanguage\":\"es\",\"@id\":\"https:\/\/gysfm.com.ar\/inicio\/#\/schema\/person\/image\/\",\"url\":\"https:\/\/secure.gravatar.com\/avatar\/096ec78df02049ab018702bb4ccedf659377fa92a26540b5247612077a0dbd29?s=96&d=mm&r=g\",\"contentUrl\":\"https:\/\/secure.gravatar.com\/avatar\/096ec78df02049ab018702bb4ccedf659377fa92a26540b5247612077a0dbd29?s=96&d=mm&r=g\",\"caption\":\"Prensa G&amp;S FM\"},\"sameAs\":[\"https:\/\/gysfm.com.ar\/\"],\"url\":\"https:\/\/gysfm.com.ar\/inicio\/author\/lucasm\/\"}]}<\/script>\n<!-- \/ Yoast SEO plugin. -->","yoast_head_json":{"title":"Feria del Libro 2026: m\u00e1s t\u00edtulos, menos tiradas y prev\u00e9n r\u00e9cord de visitantes - GYS NOTICIAS |","robots":{"index":"index","follow":"follow","max-snippet":"max-snippet:-1","max-image-preview":"max-image-preview:large","max-video-preview":"max-video-preview:-1"},"canonical":"https:\/\/gysfm.com.ar\/inicio\/feria-del-libro-2026-mas-titulos-menos-tiradas-y-preven-record-de-visitantes\/","og_locale":"es_ES","og_type":"article","og_title":"Feria del Libro 2026: m\u00e1s t\u00edtulos, menos tiradas y prev\u00e9n r\u00e9cord de visitantes - GYS NOTICIAS |","og_description":"La Feria del Libro de Buenos Aires vuelve a consolidarse como el gran evento cultural del pa\u00eds, en un contexto editorial atravesado por cambios tecnol\u00f3gicos y econ\u00f3micos. Desde el predio, Luis Quevedo, gerente general de Eudeba, remarc\u00f3 el entusiasmo del sector: \u201cestamos en la Feria del Libro, en esta fiesta anual de la cultura, que [&hellip;]","og_url":"https:\/\/gysfm.com.ar\/inicio\/feria-del-libro-2026-mas-titulos-menos-tiradas-y-preven-record-de-visitantes\/","og_site_name":"GYS NOTICIAS |","article_published_time":"2026-04-29T09:11:12+00:00","author":"Prensa G&amp;S FM","twitter_card":"summary_large_image","twitter_misc":{"Escrito por":"Prensa G&amp;S FM","Tiempo de lectura":"3 minutos"},"schema":{"@context":"https:\/\/schema.org","@graph":[{"@type":"Article","@id":"https:\/\/gysfm.com.ar\/inicio\/feria-del-libro-2026-mas-titulos-menos-tiradas-y-preven-record-de-visitantes\/#article","isPartOf":{"@id":"https:\/\/gysfm.com.ar\/inicio\/feria-del-libro-2026-mas-titulos-menos-tiradas-y-preven-record-de-visitantes\/"},"author":{"name":"Prensa G&amp;S FM","@id":"https:\/\/gysfm.com.ar\/inicio\/#\/schema\/person\/3abba7593ef2ad19e1be221d54383dc5"},"headline":"Feria del Libro 2026: m\u00e1s t\u00edtulos, menos tiradas y prev\u00e9n r\u00e9cord de visitantes","datePublished":"2026-04-29T09:11:12+00:00","mainEntityOfPage":{"@id":"https:\/\/gysfm.com.ar\/inicio\/feria-del-libro-2026-mas-titulos-menos-tiradas-y-preven-record-de-visitantes\/"},"wordCount":527,"publisher":{"@id":"https:\/\/gysfm.com.ar\/inicio\/#organization"},"image":{"@id":"https:\/\/gysfm.com.ar\/inicio\/feria-del-libro-2026-mas-titulos-menos-tiradas-y-preven-record-de-visitantes\/#primaryimage"},"thumbnailUrl":"https:\/\/gysfm.com.ar\/inicio\/wp-content\/uploads\/2026\/04\/feria-del-libro-2229680.jpg","articleSection":["NACIONALES"],"inLanguage":"es"},{"@type":"WebPage","@id":"https:\/\/gysfm.com.ar\/inicio\/feria-del-libro-2026-mas-titulos-menos-tiradas-y-preven-record-de-visitantes\/","url":"https:\/\/gysfm.com.ar\/inicio\/feria-del-libro-2026-mas-titulos-menos-tiradas-y-preven-record-de-visitantes\/","name":"Feria del Libro 2026: m\u00e1s t\u00edtulos, menos tiradas y prev\u00e9n r\u00e9cord de visitantes - GYS NOTICIAS |","isPartOf":{"@id":"https:\/\/gysfm.com.ar\/inicio\/#website"},"primaryImageOfPage":{"@id":"https:\/\/gysfm.com.ar\/inicio\/feria-del-libro-2026-mas-titulos-menos-tiradas-y-preven-record-de-visitantes\/#primaryimage"},"image":{"@id":"https:\/\/gysfm.com.ar\/inicio\/feria-del-libro-2026-mas-titulos-menos-tiradas-y-preven-record-de-visitantes\/#primaryimage"},"thumbnailUrl":"https:\/\/gysfm.com.ar\/inicio\/wp-content\/uploads\/2026\/04\/feria-del-libro-2229680.jpg","datePublished":"2026-04-29T09:11:12+00:00","breadcrumb":{"@id":"https:\/\/gysfm.com.ar\/inicio\/feria-del-libro-2026-mas-titulos-menos-tiradas-y-preven-record-de-visitantes\/#breadcrumb"},"inLanguage":"es","potentialAction":[{"@type":"ReadAction","target":["https:\/\/gysfm.com.ar\/inicio\/feria-del-libro-2026-mas-titulos-menos-tiradas-y-preven-record-de-visitantes\/"]}]},{"@type":"ImageObject","inLanguage":"es","@id":"https:\/\/gysfm.com.ar\/inicio\/feria-del-libro-2026-mas-titulos-menos-tiradas-y-preven-record-de-visitantes\/#primaryimage","url":"https:\/\/gysfm.com.ar\/inicio\/wp-content\/uploads\/2026\/04\/feria-del-libro-2229680.jpg","contentUrl":"https:\/\/gysfm.com.ar\/inicio\/wp-content\/uploads\/2026\/04\/feria-del-libro-2229680.jpg","width":1140,"height":641},{"@type":"BreadcrumbList","@id":"https:\/\/gysfm.com.ar\/inicio\/feria-del-libro-2026-mas-titulos-menos-tiradas-y-preven-record-de-visitantes\/#breadcrumb","itemListElement":[{"@type":"ListItem","position":1,"name":"Portada","item":"https:\/\/gysfm.com.ar\/inicio\/"},{"@type":"ListItem","position":2,"name":"Feria del Libro 2026: m\u00e1s t\u00edtulos, menos tiradas y prev\u00e9n r\u00e9cord de visitantes"}]},{"@type":"WebSite","@id":"https:\/\/gysfm.com.ar\/inicio\/#website","url":"https:\/\/gysfm.com.ar\/inicio\/","name":"GYS NOTICIAS |","description":"DIARIO - RADIO ONLINE SAN JUAN ARGENTINA","publisher":{"@id":"https:\/\/gysfm.com.ar\/inicio\/#organization"},"potentialAction":[{"@type":"SearchAction","target":{"@type":"EntryPoint","urlTemplate":"https:\/\/gysfm.com.ar\/inicio\/?s={search_term_string}"},"query-input":{"@type":"PropertyValueSpecification","valueRequired":true,"valueName":"search_term_string"}}],"inLanguage":"es"},{"@type":"Organization","@id":"https:\/\/gysfm.com.ar\/inicio\/#organization","name":"GYS NOTICIAS |","url":"https:\/\/gysfm.com.ar\/inicio\/","logo":{"@type":"ImageObject","inLanguage":"es","@id":"https:\/\/gysfm.com.ar\/inicio\/#\/schema\/logo\/image\/","url":"https:\/\/gysfm.com.ar\/inicio\/wp-content\/uploads\/2023\/07\/LOGOGYS-OK.png","contentUrl":"https:\/\/gysfm.com.ar\/inicio\/wp-content\/uploads\/2023\/07\/LOGOGYS-OK.png","width":1170,"height":872,"caption":"GYS NOTICIAS |"},"image":{"@id":"https:\/\/gysfm.com.ar\/inicio\/#\/schema\/logo\/image\/"}},{"@type":"Person","@id":"https:\/\/gysfm.com.ar\/inicio\/#\/schema\/person\/3abba7593ef2ad19e1be221d54383dc5","name":"Prensa G&amp;S FM","image":{"@type":"ImageObject","inLanguage":"es","@id":"https:\/\/gysfm.com.ar\/inicio\/#\/schema\/person\/image\/","url":"https:\/\/secure.gravatar.com\/avatar\/096ec78df02049ab018702bb4ccedf659377fa92a26540b5247612077a0dbd29?s=96&d=mm&r=g","contentUrl":"https:\/\/secure.gravatar.com\/avatar\/096ec78df02049ab018702bb4ccedf659377fa92a26540b5247612077a0dbd29?s=96&d=mm&r=g","caption":"Prensa G&amp;S FM"},"sameAs":["https:\/\/gysfm.com.ar\/"],"url":"https:\/\/gysfm.com.ar\/inicio\/author\/lucasm\/"}]}},"_links":{"self":[{"href":"https:\/\/gysfm.com.ar\/inicio\/wp-json\/wp\/v2\/posts\/193631","targetHints":{"allow":["GET"]}}],"collection":[{"href":"https:\/\/gysfm.com.ar\/inicio\/wp-json\/wp\/v2\/posts"}],"about":[{"href":"https:\/\/gysfm.com.ar\/inicio\/wp-json\/wp\/v2\/types\/post"}],"author":[{"embeddable":true,"href":"https:\/\/gysfm.com.ar\/inicio\/wp-json\/wp\/v2\/users\/2"}],"replies":[{"embeddable":true,"href":"https:\/\/gysfm.com.ar\/inicio\/wp-json\/wp\/v2\/comments?post=193631"}],"version-history":[{"count":0,"href":"https:\/\/gysfm.com.ar\/inicio\/wp-json\/wp\/v2\/posts\/193631\/revisions"}],"wp:featuredmedia":[{"embeddable":true,"href":"https:\/\/gysfm.com.ar\/inicio\/wp-json\/wp\/v2\/media\/193632"}],"wp:attachment":[{"href":"https:\/\/gysfm.com.ar\/inicio\/wp-json\/wp\/v2\/media?parent=193631"}],"wp:term":[{"taxonomy":"category","embeddable":true,"href":"https:\/\/gysfm.com.ar\/inicio\/wp-json\/wp\/v2\/categories?post=193631"},{"taxonomy":"post_tag","embeddable":true,"href":"https:\/\/gysfm.com.ar\/inicio\/wp-json\/wp\/v2\/tags?post=193631"}],"curies":[{"name":"wp","href":"https:\/\/api.w.org\/{rel}","templated":true}]}}