{"id":193629,"date":"2026-04-29T06:04:25","date_gmt":"2026-04-29T09:04:25","guid":{"rendered":"https:\/\/gysfm.com.ar\/inicio\/empresarios-de-sectores-clave-respaldaron-el-rumbo-economico-de-milei-pero-alertaron-que-el-proceso-requerira-de-dolor\/"},"modified":"2026-04-29T06:04:25","modified_gmt":"2026-04-29T09:04:25","slug":"empresarios-de-sectores-clave-respaldaron-el-rumbo-economico-de-milei-pero-alertaron-que-el-proceso-requerira-de-dolor","status":"publish","type":"post","link":"https:\/\/gysfm.com.ar\/inicio\/empresarios-de-sectores-clave-respaldaron-el-rumbo-economico-de-milei-pero-alertaron-que-el-proceso-requerira-de-dolor\/","title":{"rendered":"Empresarios de sectores clave respaldaron el rumbo econ\u00f3mico de Milei, pero alertaron que el proceso requerir\u00e1 de dolor"},"content":{"rendered":"<p> <br \/>\n<\/p>\n<div id=\"\">\n<p id=\"p-1777411986945-63901\">La tarde de la primera jornada de la <strong>Expo EFI<\/strong>, donde <strong> \u00c1mbito<\/strong> fue Media Partner, fue dominada por paneles de <strong>importantes empresarios<\/strong>, quienes destacaron las virtudes del modelo econ\u00f3mico actual y marcaron los principales desaf\u00edos hacia adelante. A grandes rasgos, hubo un denominador com\u00fan: gui\u00f1os al rumbo del Gobierno y banca de cara a las elecciones de 2027, pero exigencias de mayores avances en materia impositiva.<\/p>\n<\/div>\n<div id=\"\">\n<p id=\"p-1777412722572-38308\">En primer lugar estuvo el panel \u00abEconom\u00eda real y transformaci\u00f3n productiva\u00bb, que cont\u00f3 con la participaci\u00f3n de I<strong>gnacio Costa, General Manager de la minera Rio Tinto Lithium, Gustavo Id\u00edgoras, presidente de la C\u00e1mara de la Industria Aceitera Argentina (CIARA), Santiago Mignone, Socio en la firma de consultor\u00eda PwC  y Gustavo Weiss , titular de la C\u00e1mara Argentina de la Construcci\u00f3n (CAMARCO)<\/strong>.<\/p>\n<\/div>\n<div id=\"\">\n<p id=\"p-1777419262954-24619\">Uno de los momentos destacados del panel se dio cuando el moderador, Jos\u00e9 del R\u00edo, le pregunt\u00f3 al p\u00fablico presente si su situaci\u00f3n econ\u00f3mica es mejor que hace un a\u00f1o. Solo cuatro manos se levantaron entre la multitud.<\/p>\n<\/div>\n<div id=\"\">\n<p id=\"p-1777419506495-23784\">Sin embargo, ante la consulta sobre las expectativas a futuro, la gran mayor\u00eda respondi\u00f3 de manera positiva. Ese fue el hilo conductor del panel: \u00ab<strong>hoy no estamos como querr\u00edamos, pero el rumbo es el correcto y hay que defenderlo<\/strong>\u00ab.<\/p>\n<\/div>\n<div id=\"\">\n<h2 id=\"p-1777425952325-1431\">Los grandes empresarios apoyan al Gobierno, pese a la disparidad sectorial<\/h2>\n<p id=\"p-1777419032618-73775\">De los sectores representados, la construcci\u00f3n es el \u00fanico que aparece entre los \u00abperdedores\u00bb del modelo econ\u00f3mico del presidente Javier Milei. Al respecto, Weiss recalc\u00f3 que  \u00ab<strong>la construcci\u00f3n en todo el mundo hiperreacciona a los ciclos econ\u00f3micos<\/strong>: cuando el ciclo es positivo crece mucho m\u00e1s, y cuando es negativo cae mucho m\u00e1s\u00bb. Si bien marc\u00f3 que la ca\u00edda en la actividad y el empleo tuvo un cierto freno, el nivel actual sigue siendo muy inferior al del \u00faltimo pico.<\/p>\n<p id=\"p-1777420524046-41781\">Pese a los problemas del sector, el ingeniero en telecomunicaciones, mec\u00e1nico y electricista, sostuvo que \u00ab<strong>estamos en camino a un pa\u00eds normal<\/strong>, donde hay cosas que no se discuten m\u00e1s, como el orden macro, la inflaci\u00f3n o la emisi\u00f3n espuria\u00bb. En ese sentido, afirm\u00f3 que \u00abel principal objetivo de pol\u00edtica econ\u00f3mica que tiene que tener este Gobierno para mantener el rumbo es ganar las elecciones en 2027\u00bb.<\/p>\n<p id=\"p-1777420683538-90115\">Pero para eso, advirti\u00f3, el oficialismo deber\u00eda \u00ab<strong>pensar qu\u00e9 hacer para atender al vasto sector que la est\u00e1 pasando mal, porque se necesita que esa gente acompa\u00f1e por muchos a\u00f1os<\/strong>\u00ab. \u00ab<strong>El rumbo es adecuado, pero en Argentina hay gente que en el transcurso la va a pasar mal<\/strong>\u00ab.<\/p>\n<p id=\"p-1777421885084-79622\">Por su parte, para Mignone \u00abla sociedad entendi\u00f3 que hab\u00eda que abandonar un modelo de gesti\u00f3n que en definitiva no gestionaba y afectaba libertades\u00bb. En esa l\u00ednea, convoc\u00f3 a la sociedad a abrazar el rumbo, porque todav\u00eda la transformaci\u00f3n est\u00e1 en marcha. \u00abEso <strong>va a requerir de dolor<\/strong>. Con distintas velocidades, con mucha heterogeneidad entre los sectores, pero tenemos que persistir para poder cruzar el puente\u00bb.<\/p>\n<p id=\"p-1777423707928-53865\">Sobre la situaci\u00f3n de los sectores o empresas relegadas, Costa replic\u00f3 el mensaje que una de sus pymes proveedoras le dej\u00f3 a sus pares: \u00ab<strong>ten\u00e9s que ser m\u00e1s eficiente, porque si no vas a caer<\/strong>\u00ab. <\/p>\n<p id=\"p-1777426382522-8119\">A su turno, Id\u00edgoras se\u00f1al\u00f3 que \u00ab<strong>hay que buscar la forma en la cual podamos convencer a toda la ciudadan\u00eda y a la pol\u00edtica en general de que este es el \u00fanico camino que que tenemos que transitar<\/strong>\u00ab.<\/p>\n<h2 id=\"p-1777426043292-18652\">Los desaf\u00edos hacia adelante de la econom\u00eda argentina, seg\u00fan el empresariado<\/h2>\n<p id=\"p-1777419802567-63017\">Weiss subray\u00f3 al<strong> d\u00e9ficit de infraestructura como uno de los principales problemas del pa\u00eds <\/strong>y lo adjudic\u00f3 a la muy baja inversi\u00f3n. \u00ab<strong>Solo para mantener la infraestructura que tenemos necesitar\u00edamos invertir u$s24.000 \u00f3 u$s25.000 millones anuales. En los \u00faltimos largos a\u00f1os habremos invertido, en promedio, a lo sumo u$s7.000 millones<\/strong>\u00ab, profundiz\u00f3.<\/p>\n<p id=\"p-1777420257748-55262\">En cuanto a la participaci\u00f3n del sector privado y del Estado en las obras, Weiss expres\u00f3 su lema \u00abtanta inversi\u00f3n privada como sea posible y tanta inversi\u00f3n p\u00fablica como sea necesaria\u00bb. \u00abHay infinidad de obras que no son financiables por el capital privado porque no tienen rentabilidad, como el caso de viabilidad nacional\u00bb, acot\u00f3. <\/p>\n<p id=\"p-1777420764837-63985\">A su turno, Id\u00edgoras hizo hincapi\u00e9 en la <strong>necesidad de \u00abprohibir la prohibici\u00f3n de exportaciones\u00bb<\/strong>, en referencia a las retenciones, los cupos de exportaciones y los diferentes controles sobre el comercio exterior. \u00abLa soja sigue pagando 24% de impuestos por arriba de toda la econom\u00eda argentina cada vez que le exportamos al mundo, mientras Brasil y Estados Unidos son una topadora de crecimiento en este contexto geopol\u00edtico mundial\u00bb. <\/p>\n<p id=\"p-1777421186717-96968\">Por su parte, Costa destac\u00f3 que el RIGI permiti\u00f3 la inversi\u00f3n de su compa\u00f1\u00eda en Salta por u$s2.700 millones, pero aclar\u00f3 que, dado que los desembolsos de financiamiento son a largo plazo,<strong> lo que los inversores se preguntan es si el RIGI va a tener continuidad, gobierne quien gobierne. La continuidad de <\/strong><\/p>\n<p id=\"p-1777421146221-23853\">Para Mignone, el principal desaf\u00edo de la econom\u00eda argentina es de competitividad. \u00abYa aprobada la modernizaci\u00f3n laboral, <strong>lo que m\u00e1s ruido hace hoy es la cuesti\u00f3n impositiva<\/strong>, que en alg\u00fan momento tiene que ser discutida y resuelta\u00bb.<\/p>\n<\/p><\/div>\n<p><script>\n!function(f,b,e,v,n,t,s)\n{if(f.fbq)return;n=f.fbq=function(){n.callMethod?\nn.callMethod.apply(n,arguments):n.queue.push(arguments)};\nif(!f._fbq)f._fbq=n;n.push=n;n.loaded=!0;n.version='2.0';\nn.queue=[];t=b.createElement(e);t.async=!0;\nt.src=v;s=b.getElementsByTagName(e)[0];\ns.parentNode.insertBefore(t,s)}(window,document,'script',\n'https:\/\/connect.facebook.net\/en_US\/fbevents.js');\nfbq('init', '2047048335588113');\nfbq('track', 'PageView');\n<\/script><br \/>\n<br \/><\/p>\n","protected":false},"excerpt":{"rendered":"<p>La tarde de la primera jornada de la Expo EFI, donde \u00c1mbito fue Media Partner, fue dominada por paneles de importantes empresarios, quienes destacaron las virtudes del modelo econ\u00f3mico actual y marcaron los principales desaf\u00edos hacia adelante. A grandes rasgos, hubo un denominador com\u00fan: gui\u00f1os al rumbo del Gobierno y banca de cara a las [&hellip;]<\/p>\n","protected":false},"author":1,"featured_media":193630,"comment_status":"closed","ping_status":"closed","sticky":false,"template":"","format":"standard","meta":{"footnotes":""},"categories":[28],"tags":[],"class_list":["post-193629","post","type-post","status-publish","format-standard","has-post-thumbnail","hentry","category-economia"],"yoast_head":"<!-- This site is optimized with the Yoast SEO plugin v24.4 - https:\/\/yoast.com\/wordpress\/plugins\/seo\/ -->\n<title>Empresarios de sectores clave respaldaron el rumbo econ\u00f3mico de Milei, pero alertaron que el proceso requerir\u00e1 de dolor - GYS NOTICIAS |<\/title>\n<meta name=\"robots\" content=\"index, follow, max-snippet:-1, max-image-preview:large, max-video-preview:-1\" \/>\n<link rel=\"canonical\" href=\"https:\/\/gysfm.com.ar\/inicio\/empresarios-de-sectores-clave-respaldaron-el-rumbo-economico-de-milei-pero-alertaron-que-el-proceso-requerira-de-dolor\/\" \/>\n<meta property=\"og:locale\" content=\"es_ES\" \/>\n<meta property=\"og:type\" content=\"article\" \/>\n<meta property=\"og:title\" content=\"Empresarios de sectores clave respaldaron el rumbo econ\u00f3mico de Milei, pero alertaron que el proceso requerir\u00e1 de dolor - GYS NOTICIAS |\" \/>\n<meta property=\"og:description\" content=\"La tarde de la primera jornada de la Expo EFI, donde \u00c1mbito fue Media Partner, fue dominada por paneles de importantes empresarios, quienes destacaron las virtudes del modelo econ\u00f3mico actual y marcaron los principales desaf\u00edos hacia adelante. A grandes rasgos, hubo un denominador com\u00fan: gui\u00f1os al rumbo del Gobierno y banca de cara a las [&hellip;]\" \/>\n<meta property=\"og:url\" content=\"https:\/\/gysfm.com.ar\/inicio\/empresarios-de-sectores-clave-respaldaron-el-rumbo-economico-de-milei-pero-alertaron-que-el-proceso-requerira-de-dolor\/\" \/>\n<meta property=\"og:site_name\" content=\"GYS NOTICIAS |\" \/>\n<meta property=\"article:published_time\" content=\"2026-04-29T09:04:25+00:00\" \/>\n<meta name=\"author\" content=\"admin\" \/>\n<meta name=\"twitter:card\" content=\"summary_large_image\" \/>\n<meta name=\"twitter:label1\" content=\"Escrito por\" \/>\n\t<meta name=\"twitter:data1\" content=\"admin\" \/>\n\t<meta name=\"twitter:label2\" content=\"Tiempo de lectura\" \/>\n\t<meta name=\"twitter:data2\" content=\"4 minutos\" \/>\n<script type=\"application\/ld+json\" class=\"yoast-schema-graph\">{\"@context\":\"https:\/\/schema.org\",\"@graph\":[{\"@type\":\"Article\",\"@id\":\"https:\/\/gysfm.com.ar\/inicio\/empresarios-de-sectores-clave-respaldaron-el-rumbo-economico-de-milei-pero-alertaron-que-el-proceso-requerira-de-dolor\/#article\",\"isPartOf\":{\"@id\":\"https:\/\/gysfm.com.ar\/inicio\/empresarios-de-sectores-clave-respaldaron-el-rumbo-economico-de-milei-pero-alertaron-que-el-proceso-requerira-de-dolor\/\"},\"author\":{\"name\":\"admin\",\"@id\":\"https:\/\/gysfm.com.ar\/inicio\/#\/schema\/person\/5bedd7ecd35cc35548d89effafa23696\"},\"headline\":\"Empresarios de sectores clave respaldaron el rumbo econ\u00f3mico de Milei, pero alertaron que el proceso requerir\u00e1 de dolor\",\"datePublished\":\"2026-04-29T09:04:25+00:00\",\"mainEntityOfPage\":{\"@id\":\"https:\/\/gysfm.com.ar\/inicio\/empresarios-de-sectores-clave-respaldaron-el-rumbo-economico-de-milei-pero-alertaron-que-el-proceso-requerira-de-dolor\/\"},\"wordCount\":913,\"publisher\":{\"@id\":\"https:\/\/gysfm.com.ar\/inicio\/#organization\"},\"image\":{\"@id\":\"https:\/\/gysfm.com.ar\/inicio\/empresarios-de-sectores-clave-respaldaron-el-rumbo-economico-de-milei-pero-alertaron-que-el-proceso-requerira-de-dolor\/#primaryimage\"},\"thumbnailUrl\":\"https:\/\/gysfm.com.ar\/inicio\/wp-content\/uploads\/2026\/04\/expo-efi.jpg\",\"articleSection\":[\"ECONOMIA\"],\"inLanguage\":\"es\"},{\"@type\":\"WebPage\",\"@id\":\"https:\/\/gysfm.com.ar\/inicio\/empresarios-de-sectores-clave-respaldaron-el-rumbo-economico-de-milei-pero-alertaron-que-el-proceso-requerira-de-dolor\/\",\"url\":\"https:\/\/gysfm.com.ar\/inicio\/empresarios-de-sectores-clave-respaldaron-el-rumbo-economico-de-milei-pero-alertaron-que-el-proceso-requerira-de-dolor\/\",\"name\":\"Empresarios de sectores clave respaldaron el rumbo econ\u00f3mico de Milei, pero alertaron que el proceso requerir\u00e1 de dolor - GYS NOTICIAS |\",\"isPartOf\":{\"@id\":\"https:\/\/gysfm.com.ar\/inicio\/#website\"},\"primaryImageOfPage\":{\"@id\":\"https:\/\/gysfm.com.ar\/inicio\/empresarios-de-sectores-clave-respaldaron-el-rumbo-economico-de-milei-pero-alertaron-que-el-proceso-requerira-de-dolor\/#primaryimage\"},\"image\":{\"@id\":\"https:\/\/gysfm.com.ar\/inicio\/empresarios-de-sectores-clave-respaldaron-el-rumbo-economico-de-milei-pero-alertaron-que-el-proceso-requerira-de-dolor\/#primaryimage\"},\"thumbnailUrl\":\"https:\/\/gysfm.com.ar\/inicio\/wp-content\/uploads\/2026\/04\/expo-efi.jpg\",\"datePublished\":\"2026-04-29T09:04:25+00:00\",\"breadcrumb\":{\"@id\":\"https:\/\/gysfm.com.ar\/inicio\/empresarios-de-sectores-clave-respaldaron-el-rumbo-economico-de-milei-pero-alertaron-que-el-proceso-requerira-de-dolor\/#breadcrumb\"},\"inLanguage\":\"es\",\"potentialAction\":[{\"@type\":\"ReadAction\",\"target\":[\"https:\/\/gysfm.com.ar\/inicio\/empresarios-de-sectores-clave-respaldaron-el-rumbo-economico-de-milei-pero-alertaron-que-el-proceso-requerira-de-dolor\/\"]}]},{\"@type\":\"ImageObject\",\"inLanguage\":\"es\",\"@id\":\"https:\/\/gysfm.com.ar\/inicio\/empresarios-de-sectores-clave-respaldaron-el-rumbo-economico-de-milei-pero-alertaron-que-el-proceso-requerira-de-dolor\/#primaryimage\",\"url\":\"https:\/\/gysfm.com.ar\/inicio\/wp-content\/uploads\/2026\/04\/expo-efi.jpg\",\"contentUrl\":\"https:\/\/gysfm.com.ar\/inicio\/wp-content\/uploads\/2026\/04\/expo-efi.jpg\",\"width\":1200,\"height\":675},{\"@type\":\"BreadcrumbList\",\"@id\":\"https:\/\/gysfm.com.ar\/inicio\/empresarios-de-sectores-clave-respaldaron-el-rumbo-economico-de-milei-pero-alertaron-que-el-proceso-requerira-de-dolor\/#breadcrumb\",\"itemListElement\":[{\"@type\":\"ListItem\",\"position\":1,\"name\":\"Portada\",\"item\":\"https:\/\/gysfm.com.ar\/inicio\/\"},{\"@type\":\"ListItem\",\"position\":2,\"name\":\"Empresarios de sectores clave respaldaron el rumbo econ\u00f3mico de Milei, pero alertaron que el proceso requerir\u00e1 de dolor\"}]},{\"@type\":\"WebSite\",\"@id\":\"https:\/\/gysfm.com.ar\/inicio\/#website\",\"url\":\"https:\/\/gysfm.com.ar\/inicio\/\",\"name\":\"GYS NOTICIAS |\",\"description\":\"DIARIO - RADIO ONLINE SAN JUAN ARGENTINA\",\"publisher\":{\"@id\":\"https:\/\/gysfm.com.ar\/inicio\/#organization\"},\"potentialAction\":[{\"@type\":\"SearchAction\",\"target\":{\"@type\":\"EntryPoint\",\"urlTemplate\":\"https:\/\/gysfm.com.ar\/inicio\/?s={search_term_string}\"},\"query-input\":{\"@type\":\"PropertyValueSpecification\",\"valueRequired\":true,\"valueName\":\"search_term_string\"}}],\"inLanguage\":\"es\"},{\"@type\":\"Organization\",\"@id\":\"https:\/\/gysfm.com.ar\/inicio\/#organization\",\"name\":\"GYS NOTICIAS |\",\"url\":\"https:\/\/gysfm.com.ar\/inicio\/\",\"logo\":{\"@type\":\"ImageObject\",\"inLanguage\":\"es\",\"@id\":\"https:\/\/gysfm.com.ar\/inicio\/#\/schema\/logo\/image\/\",\"url\":\"https:\/\/gysfm.com.ar\/inicio\/wp-content\/uploads\/2023\/07\/LOGOGYS-OK.png\",\"contentUrl\":\"https:\/\/gysfm.com.ar\/inicio\/wp-content\/uploads\/2023\/07\/LOGOGYS-OK.png\",\"width\":1170,\"height\":872,\"caption\":\"GYS NOTICIAS |\"},\"image\":{\"@id\":\"https:\/\/gysfm.com.ar\/inicio\/#\/schema\/logo\/image\/\"}},{\"@type\":\"Person\",\"@id\":\"https:\/\/gysfm.com.ar\/inicio\/#\/schema\/person\/5bedd7ecd35cc35548d89effafa23696\",\"name\":\"admin\",\"image\":{\"@type\":\"ImageObject\",\"inLanguage\":\"es\",\"@id\":\"https:\/\/gysfm.com.ar\/inicio\/#\/schema\/person\/image\/\",\"url\":\"https:\/\/secure.gravatar.com\/avatar\/c331d312b5243fb64d5ba28108a447b27c925295129a363082c9ea52c28d32c2?s=96&d=mm&r=g\",\"contentUrl\":\"https:\/\/secure.gravatar.com\/avatar\/c331d312b5243fb64d5ba28108a447b27c925295129a363082c9ea52c28d32c2?s=96&d=mm&r=g\",\"caption\":\"admin\"},\"sameAs\":[\"https:\/\/gysfm.com.ar\/inicio\"],\"url\":\"https:\/\/gysfm.com.ar\/inicio\/author\/admin\/\"}]}<\/script>\n<!-- \/ Yoast SEO plugin. -->","yoast_head_json":{"title":"Empresarios de sectores clave respaldaron el rumbo econ\u00f3mico de Milei, pero alertaron que el proceso requerir\u00e1 de dolor - GYS NOTICIAS |","robots":{"index":"index","follow":"follow","max-snippet":"max-snippet:-1","max-image-preview":"max-image-preview:large","max-video-preview":"max-video-preview:-1"},"canonical":"https:\/\/gysfm.com.ar\/inicio\/empresarios-de-sectores-clave-respaldaron-el-rumbo-economico-de-milei-pero-alertaron-que-el-proceso-requerira-de-dolor\/","og_locale":"es_ES","og_type":"article","og_title":"Empresarios de sectores clave respaldaron el rumbo econ\u00f3mico de Milei, pero alertaron que el proceso requerir\u00e1 de dolor - GYS NOTICIAS |","og_description":"La tarde de la primera jornada de la Expo EFI, donde \u00c1mbito fue Media Partner, fue dominada por paneles de importantes empresarios, quienes destacaron las virtudes del modelo econ\u00f3mico actual y marcaron los principales desaf\u00edos hacia adelante. A grandes rasgos, hubo un denominador com\u00fan: gui\u00f1os al rumbo del Gobierno y banca de cara a las [&hellip;]","og_url":"https:\/\/gysfm.com.ar\/inicio\/empresarios-de-sectores-clave-respaldaron-el-rumbo-economico-de-milei-pero-alertaron-que-el-proceso-requerira-de-dolor\/","og_site_name":"GYS NOTICIAS |","article_published_time":"2026-04-29T09:04:25+00:00","author":"admin","twitter_card":"summary_large_image","twitter_misc":{"Escrito por":"admin","Tiempo de lectura":"4 minutos"},"schema":{"@context":"https:\/\/schema.org","@graph":[{"@type":"Article","@id":"https:\/\/gysfm.com.ar\/inicio\/empresarios-de-sectores-clave-respaldaron-el-rumbo-economico-de-milei-pero-alertaron-que-el-proceso-requerira-de-dolor\/#article","isPartOf":{"@id":"https:\/\/gysfm.com.ar\/inicio\/empresarios-de-sectores-clave-respaldaron-el-rumbo-economico-de-milei-pero-alertaron-que-el-proceso-requerira-de-dolor\/"},"author":{"name":"admin","@id":"https:\/\/gysfm.com.ar\/inicio\/#\/schema\/person\/5bedd7ecd35cc35548d89effafa23696"},"headline":"Empresarios de sectores clave respaldaron el rumbo econ\u00f3mico de Milei, pero alertaron que el proceso requerir\u00e1 de dolor","datePublished":"2026-04-29T09:04:25+00:00","mainEntityOfPage":{"@id":"https:\/\/gysfm.com.ar\/inicio\/empresarios-de-sectores-clave-respaldaron-el-rumbo-economico-de-milei-pero-alertaron-que-el-proceso-requerira-de-dolor\/"},"wordCount":913,"publisher":{"@id":"https:\/\/gysfm.com.ar\/inicio\/#organization"},"image":{"@id":"https:\/\/gysfm.com.ar\/inicio\/empresarios-de-sectores-clave-respaldaron-el-rumbo-economico-de-milei-pero-alertaron-que-el-proceso-requerira-de-dolor\/#primaryimage"},"thumbnailUrl":"https:\/\/gysfm.com.ar\/inicio\/wp-content\/uploads\/2026\/04\/expo-efi.jpg","articleSection":["ECONOMIA"],"inLanguage":"es"},{"@type":"WebPage","@id":"https:\/\/gysfm.com.ar\/inicio\/empresarios-de-sectores-clave-respaldaron-el-rumbo-economico-de-milei-pero-alertaron-que-el-proceso-requerira-de-dolor\/","url":"https:\/\/gysfm.com.ar\/inicio\/empresarios-de-sectores-clave-respaldaron-el-rumbo-economico-de-milei-pero-alertaron-que-el-proceso-requerira-de-dolor\/","name":"Empresarios de sectores clave respaldaron el rumbo econ\u00f3mico de Milei, pero alertaron que el proceso requerir\u00e1 de dolor - GYS NOTICIAS |","isPartOf":{"@id":"https:\/\/gysfm.com.ar\/inicio\/#website"},"primaryImageOfPage":{"@id":"https:\/\/gysfm.com.ar\/inicio\/empresarios-de-sectores-clave-respaldaron-el-rumbo-economico-de-milei-pero-alertaron-que-el-proceso-requerira-de-dolor\/#primaryimage"},"image":{"@id":"https:\/\/gysfm.com.ar\/inicio\/empresarios-de-sectores-clave-respaldaron-el-rumbo-economico-de-milei-pero-alertaron-que-el-proceso-requerira-de-dolor\/#primaryimage"},"thumbnailUrl":"https:\/\/gysfm.com.ar\/inicio\/wp-content\/uploads\/2026\/04\/expo-efi.jpg","datePublished":"2026-04-29T09:04:25+00:00","breadcrumb":{"@id":"https:\/\/gysfm.com.ar\/inicio\/empresarios-de-sectores-clave-respaldaron-el-rumbo-economico-de-milei-pero-alertaron-que-el-proceso-requerira-de-dolor\/#breadcrumb"},"inLanguage":"es","potentialAction":[{"@type":"ReadAction","target":["https:\/\/gysfm.com.ar\/inicio\/empresarios-de-sectores-clave-respaldaron-el-rumbo-economico-de-milei-pero-alertaron-que-el-proceso-requerira-de-dolor\/"]}]},{"@type":"ImageObject","inLanguage":"es","@id":"https:\/\/gysfm.com.ar\/inicio\/empresarios-de-sectores-clave-respaldaron-el-rumbo-economico-de-milei-pero-alertaron-que-el-proceso-requerira-de-dolor\/#primaryimage","url":"https:\/\/gysfm.com.ar\/inicio\/wp-content\/uploads\/2026\/04\/expo-efi.jpg","contentUrl":"https:\/\/gysfm.com.ar\/inicio\/wp-content\/uploads\/2026\/04\/expo-efi.jpg","width":1200,"height":675},{"@type":"BreadcrumbList","@id":"https:\/\/gysfm.com.ar\/inicio\/empresarios-de-sectores-clave-respaldaron-el-rumbo-economico-de-milei-pero-alertaron-que-el-proceso-requerira-de-dolor\/#breadcrumb","itemListElement":[{"@type":"ListItem","position":1,"name":"Portada","item":"https:\/\/gysfm.com.ar\/inicio\/"},{"@type":"ListItem","position":2,"name":"Empresarios de sectores clave respaldaron el rumbo econ\u00f3mico de Milei, pero alertaron que el proceso requerir\u00e1 de dolor"}]},{"@type":"WebSite","@id":"https:\/\/gysfm.com.ar\/inicio\/#website","url":"https:\/\/gysfm.com.ar\/inicio\/","name":"GYS NOTICIAS |","description":"DIARIO - RADIO ONLINE SAN JUAN ARGENTINA","publisher":{"@id":"https:\/\/gysfm.com.ar\/inicio\/#organization"},"potentialAction":[{"@type":"SearchAction","target":{"@type":"EntryPoint","urlTemplate":"https:\/\/gysfm.com.ar\/inicio\/?s={search_term_string}"},"query-input":{"@type":"PropertyValueSpecification","valueRequired":true,"valueName":"search_term_string"}}],"inLanguage":"es"},{"@type":"Organization","@id":"https:\/\/gysfm.com.ar\/inicio\/#organization","name":"GYS NOTICIAS |","url":"https:\/\/gysfm.com.ar\/inicio\/","logo":{"@type":"ImageObject","inLanguage":"es","@id":"https:\/\/gysfm.com.ar\/inicio\/#\/schema\/logo\/image\/","url":"https:\/\/gysfm.com.ar\/inicio\/wp-content\/uploads\/2023\/07\/LOGOGYS-OK.png","contentUrl":"https:\/\/gysfm.com.ar\/inicio\/wp-content\/uploads\/2023\/07\/LOGOGYS-OK.png","width":1170,"height":872,"caption":"GYS NOTICIAS |"},"image":{"@id":"https:\/\/gysfm.com.ar\/inicio\/#\/schema\/logo\/image\/"}},{"@type":"Person","@id":"https:\/\/gysfm.com.ar\/inicio\/#\/schema\/person\/5bedd7ecd35cc35548d89effafa23696","name":"admin","image":{"@type":"ImageObject","inLanguage":"es","@id":"https:\/\/gysfm.com.ar\/inicio\/#\/schema\/person\/image\/","url":"https:\/\/secure.gravatar.com\/avatar\/c331d312b5243fb64d5ba28108a447b27c925295129a363082c9ea52c28d32c2?s=96&d=mm&r=g","contentUrl":"https:\/\/secure.gravatar.com\/avatar\/c331d312b5243fb64d5ba28108a447b27c925295129a363082c9ea52c28d32c2?s=96&d=mm&r=g","caption":"admin"},"sameAs":["https:\/\/gysfm.com.ar\/inicio"],"url":"https:\/\/gysfm.com.ar\/inicio\/author\/admin\/"}]}},"_links":{"self":[{"href":"https:\/\/gysfm.com.ar\/inicio\/wp-json\/wp\/v2\/posts\/193629","targetHints":{"allow":["GET"]}}],"collection":[{"href":"https:\/\/gysfm.com.ar\/inicio\/wp-json\/wp\/v2\/posts"}],"about":[{"href":"https:\/\/gysfm.com.ar\/inicio\/wp-json\/wp\/v2\/types\/post"}],"author":[{"embeddable":true,"href":"https:\/\/gysfm.com.ar\/inicio\/wp-json\/wp\/v2\/users\/1"}],"replies":[{"embeddable":true,"href":"https:\/\/gysfm.com.ar\/inicio\/wp-json\/wp\/v2\/comments?post=193629"}],"version-history":[{"count":0,"href":"https:\/\/gysfm.com.ar\/inicio\/wp-json\/wp\/v2\/posts\/193629\/revisions"}],"wp:featuredmedia":[{"embeddable":true,"href":"https:\/\/gysfm.com.ar\/inicio\/wp-json\/wp\/v2\/media\/193630"}],"wp:attachment":[{"href":"https:\/\/gysfm.com.ar\/inicio\/wp-json\/wp\/v2\/media?parent=193629"}],"wp:term":[{"taxonomy":"category","embeddable":true,"href":"https:\/\/gysfm.com.ar\/inicio\/wp-json\/wp\/v2\/categories?post=193629"},{"taxonomy":"post_tag","embeddable":true,"href":"https:\/\/gysfm.com.ar\/inicio\/wp-json\/wp\/v2\/tags?post=193629"}],"curies":[{"name":"wp","href":"https:\/\/api.w.org\/{rel}","templated":true}]}}