{"id":193624,"date":"2026-04-29T05:14:13","date_gmt":"2026-04-29T08:14:13","guid":{"rendered":"https:\/\/gysfm.com.ar\/inicio\/el-gobierno-de-trump-vuelve-a-acusar-al-exdirector-del-fbi-ahora-por-un-polemico-mensaje-en-redes\/"},"modified":"2026-04-29T05:14:14","modified_gmt":"2026-04-29T08:14:14","slug":"el-gobierno-de-trump-vuelve-a-acusar-al-exdirector-del-fbi-ahora-por-un-polemico-mensaje-en-redes","status":"publish","type":"post","link":"https:\/\/gysfm.com.ar\/inicio\/el-gobierno-de-trump-vuelve-a-acusar-al-exdirector-del-fbi-ahora-por-un-polemico-mensaje-en-redes\/","title":{"rendered":"El gobierno de Trump vuelve a acusar al exdirector del FBI, ahora por un pol\u00e9mico mensaje en redes"},"content":{"rendered":"<p> <br \/>\n<\/p>\n<div>\n<p class=\"com-paragraph  --capital --s\">WASHINGTON.\u2013 El <strong>Departamento de Justicia de <\/strong><a href=\"https:\/\/www.lanacion.com.ar\/el-mundo\/un-senador-de-92-anos-quedo-como-ultimo-garante-del-poder-en-washington-tras-el-atentado-contra-nid28042026\/\" target=\"_self\" title=\"https:\/\/www.lanacion.com.ar\/el-mundo\/un-senador-de-92-anos-quedo-como-ultimo-garante-del-poder-en-washington-tras-el-atentado-contra-nid28042026\/\" class=\"com-link break-word\" data-mrf-recirculation=\"n_link_parrafo\"><strong>Estados Unidos<\/strong><\/a> volvi\u00f3 a colocar en el centro de la escena al <strong>exdirector del FBI, James B. Comey<\/strong>, al conseguir una<strong> nueva acusaci\u00f3n formal en su contra<\/strong>, en un caso que vuelve a entrelazarse con la<strong> larga disputa pol\u00edtica que mantiene con el <\/strong><a href=\"https:\/\/www.lanacion.com.ar\/el-mundo\/trump-arremete-contra-merz-y-profundiza-la-grieta-con-europa-por-la-crisis-con-iran-nid28042026\/\" target=\"_self\" title=\"https:\/\/www.lanacion.com.ar\/el-mundo\/trump-arremete-contra-merz-y-profundiza-la-grieta-con-europa-por-la-crisis-con-iran-nid28042026\/\" class=\"com-link break-word\" data-mrf-recirculation=\"n_link_parrafo\"><strong>presidente Donald Trump<\/strong><\/a>. <\/p>\n<p class=\"com-paragraph   --s\">La imputaci\u00f3n, presentada por un gran jurado federal en Carolina del Norte, marca un nuevo cap\u00edtulo en una serie de intentos por llevar a juicio a uno de los cr\u00edticos m\u00e1s visibles del mandatario.<\/p>\n<p class=\"com-paragraph   --s\">Aunque los cargos espec\u00edficos no fueron detallados de inmediato, personas familiarizadas con la investigaci\u00f3n se\u00f1alaron que la <strong>causa se origina en una publicaci\u00f3n realizada por Comey el a\u00f1o pasado en redes sociales<\/strong>. La imagen mostraba <strong>conchas marinas acomodadas sobre una playa formando la frase \u201c86 47\u201d<\/strong>, una combinaci\u00f3n que gener\u00f3 controversia por su posible interpretaci\u00f3n. <strong>Trump es el 47\u00ba <\/strong><a href=\"https:\/\/www.lanacion.com.ar\/el-mundo\/mundo-en-crisis-guerras-petroleo-y-el-factor-trump-nid21042026\/\" target=\"_self\" title=\"https:\/\/www.lanacion.com.ar\/el-mundo\/mundo-en-crisis-guerras-petroleo-y-el-factor-trump-nid21042026\/\" class=\"com-link break-word\" data-mrf-recirculation=\"n_link_parrafo\"><strong>presidente de Estados Unidos<\/strong><\/a><strong>, mientras que \u201c86\u201d es una expresi\u00f3n coloquial que puede significar \u201cdeshacerse de\u201d alguien<\/strong>, pero que tambi\u00e9n, en ciertos contextos, se asocia con la idea de matar.<\/p>\n<div class=\"content-media\">\n<section role=\"button\" class=\"mod-media   \">\n<figure role=\"button\" tabindex=\"0\" class=\"mod-figure \"><figcaption class=\"mod-figcaption\"><span class=\"com-text --caption --twoxs\">La publicaci\u00f3n que hizo Comey en Instagram<\/span><\/figcaption><\/figure>\n<\/section>\n<\/div>\n<p class=\"com-paragraph   --s\">La <strong>publicaci\u00f3n fue eliminada poco despu\u00e9s de ser difundida<\/strong>, tras una oleada de cr\u00edticas desde sectores cercanos al gobierno. En ese momento, Comey sostuvo que no hab\u00eda percibido ninguna connotaci\u00f3n violenta y que<strong> interpret\u00f3 la formaci\u00f3n como un \u201cmensaje pol\u00edtico\u201d<\/strong>. \u201c<strong>No me di cuenta de que algunas personas asocian esos n\u00fameros con la violencia\u201d<\/strong>, escribi\u00f3, al tiempo que reiter\u00f3 su rechazo a cualquier forma de agresi\u00f3n.<\/p>\n<p class=\"com-paragraph   --s\">Sin embargo, la reacci\u00f3n en el entorno del presidente fue inmediata. <strong>Donald Trump Jr. acus\u00f3 p\u00fablicamente a Comey de \u201cpedir el asesinato\u201d de su padre<\/strong>, mientras que el propio <strong>Trump afirm\u00f3 que el exfuncionario \u201csab\u00eda exactamente lo que significaba\u201d<\/strong>. Las declaraciones escalaron el episodio y derivaron en la intervenci\u00f3n del Servicio Secreto, que entrevist\u00f3 a Comey tanto por tel\u00e9fono como de manera presencial para evaluar el alcance de la publicaci\u00f3n.<\/p>\n<p class=\"com-paragraph   --s\">En un primer momento, el Departamento de Justicia opt\u00f3 por no avanzar con cargos, pero el <strong>caso fue reabierto en los \u00faltimos meses en medio de una renovada presi\u00f3n pol\u00edtica<\/strong>. La nueva acusaci\u00f3n se produce luego de un intento anterior que hab\u00eda fracasado: en <strong>septiembre, Comey fue imputado por presuntamente mentir al Congreso, en relaci\u00f3n con su testimonio sobre la investigaci\u00f3n del FBI acerca de los v\u00ednculos entre la campa\u00f1a de Trump en 2016 y Rusia<\/strong>. Ese proceso fue finalmente desestimado por un juez, quien consider\u00f3 que el nombramiento del fiscal a cargo no se ajustaba a la ley.<\/p>\n<div class=\"content-media\">\n<section role=\"button\" class=\"mod-media   \">\n<figure role=\"button\" tabindex=\"0\" class=\"mod-figure \"><figcaption class=\"mod-figcaption\"><span class=\"com-text --caption --twoxs\">James B. Comey, exdirector del FBI, fue acusado el a\u00f1o pasado por un gran jurado en Virginia de mentir y obstruir una investigaci\u00f3n del Congreso<\/span><span class=\"com-text --credit --twoxs\">Andrew Harnik &#8211; AP<\/span><\/figcaption><\/figure>\n<\/section>\n<\/div>\n<p class=\"com-paragraph   --s\">El trasfondo pol\u00edtico del caso es ineludible. <strong>Trump reclam\u00f3 durante a\u00f1os que Comey sea procesado<\/strong>, en una disputa que se remonta a 2017, cuando el entonces presidente lo despidi\u00f3 en medio de la investigaci\u00f3n sobre la injerencia rusa en las elecciones. Desde entonces, el <strong>exdirector del FBI se convirti\u00f3 en una figura central en las cr\u00edticas al mandatario<\/strong> y en un s\u00edmbolo de la confrontaci\u00f3n entre la Casa Blanca y sectores del aparato institucional.<\/p>\n<p class=\"com-paragraph   --s\">La insistencia del Departamento de Justicia en avanzar con nuevas acusaciones, incluso despu\u00e9s de reveses judiciales, <strong>alimenta las sospechas de los defensores de Comey<\/strong>, quienes sostienen que <strong>existe una motivaci\u00f3n pol\u00edtica detr\u00e1s de los procesos<\/strong>. <\/p>\n<p class=\"com-paragraph   --s\">Expertos legales ajenos al proceso tambi\u00e9n se\u00f1alaron que <strong>probar una amenaza criminal basada \u00fanicamente en una publicaci\u00f3n ambigua representa un desaf\u00edo significativo<\/strong>, dado el alto est\u00e1ndar requerido por la ley para este tipo de delitos.<\/p>\n<div class=\"content-media\">\n<section role=\"button\" class=\"mod-media   \">\n<figure role=\"button\" tabindex=\"0\" class=\"mod-figure \"><figcaption class=\"mod-figcaption\"><span class=\"com-text --caption --twoxs\">La hija de James Comey fue despedida por el Departamento de Justicia de Trump de su puesto como fiscal en Nueva York<\/span><span class=\"com-text --credit --twoxs\">Ted Shaffrey &#8211; AP<\/span><\/figcaption><\/figure>\n<\/section>\n<\/div>\n<p class=\"com-paragraph   --s\">El caso se inscribe adem\u00e1s en un <strong>contexto m\u00e1s amplio de investigaciones dirigidas contra figuras que han estado vinculadas a indagaciones sobre Trump<\/strong>. Entre ellas se encuentra el exdirector de la CIA, John Brennan, otro de los funcionarios que participaron en las pesquisas sobre la interferencia rusa y que actualmente tambi\u00e9n est\u00e1 bajo escrutinio.<\/p>\n<p class=\"com-paragraph   --s\">A la par de estos movimientos judiciales, tambi\u00e9n <strong>surgieron controversias colaterales<\/strong>, como el <strong>despido de Maurene Comey \u2013hija del exdirector del FBI\u2013 de su cargo como fiscal federal en Nueva York<\/strong>, donde hab\u00eda trabajado en casos de alto perfil como los de <strong>Jeffrey Epstein<\/strong> y Ghislaine Maxwell. La exfiscal present\u00f3 una demanda contra el gobierno, alegando que su <strong>salida respondi\u00f3 a represalias vinculadas a la figura de su padre.<\/strong><\/p>\n<p class=\"com-paragraph   --s\"><strong>Agencia AP y diarios <\/strong><em><strong>The New York Times <\/strong><\/em><strong>y <\/strong><em><strong>Washington Post<\/strong><\/em><\/p>\n<section class=\"container-center-100 mb-40 border border-bottom border-thin border-neutral-light-700\">\n<hr\/>\n<\/section>\n<\/div>\n<p><script id=\"facebookpixel\" defer=\"\" type=\"text\/javascript\">\n        !function(f,b,e,v,n,t,s)\n        {if(f.fbq)return;n=f.fbq=function(){n.callMethod?\n        n.callMethod.apply(n,arguments):n.queue.push(arguments)};\n        if(!f._fbq)f._fbq=n;n.push=n;n.loaded=!0;n.version='2.0';\n        n.queue=[];t=b.createElement(e);t.async=!0;\n        t.src=v;s=b.getElementsByTagName(e)[0];\n        s.parentNode.insertBefore(t,s)}(window, document,'script',\n        'https:\/\/connect.facebook.net\/en_US\/fbevents.js');\n        fbq('init', '492459597522335');\n        fbq('track', 'PageView');\n    <\/script><br \/>\n<br \/><\/p>\n","protected":false},"excerpt":{"rendered":"<p>WASHINGTON.\u2013 El Departamento de Justicia de Estados Unidos volvi\u00f3 a colocar en el centro de la escena al exdirector del FBI, James B. Comey, al conseguir una nueva acusaci\u00f3n formal en su contra, en un caso que vuelve a entrelazarse con la larga disputa pol\u00edtica que mantiene con el presidente Donald Trump. La imputaci\u00f3n, presentada [&hellip;]<\/p>\n","protected":false},"author":2,"featured_media":193625,"comment_status":"closed","ping_status":"closed","sticky":false,"template":"","format":"standard","meta":{"footnotes":""},"categories":[26],"tags":[],"class_list":["post-193624","post","type-post","status-publish","format-standard","has-post-thumbnail","hentry","category-internacionales"],"yoast_head":"<!-- This site is optimized with the Yoast SEO plugin v24.4 - https:\/\/yoast.com\/wordpress\/plugins\/seo\/ -->\n<title>El gobierno de Trump vuelve a acusar al exdirector del FBI, ahora por un pol\u00e9mico mensaje en redes - GYS NOTICIAS |<\/title>\n<meta name=\"robots\" content=\"index, follow, max-snippet:-1, max-image-preview:large, max-video-preview:-1\" \/>\n<link rel=\"canonical\" href=\"https:\/\/gysfm.com.ar\/inicio\/el-gobierno-de-trump-vuelve-a-acusar-al-exdirector-del-fbi-ahora-por-un-polemico-mensaje-en-redes\/\" \/>\n<meta property=\"og:locale\" content=\"es_ES\" \/>\n<meta property=\"og:type\" content=\"article\" \/>\n<meta property=\"og:title\" content=\"El gobierno de Trump vuelve a acusar al exdirector del FBI, ahora por un pol\u00e9mico mensaje en redes - GYS NOTICIAS |\" \/>\n<meta property=\"og:description\" content=\"WASHINGTON.\u2013 El Departamento de Justicia de Estados Unidos volvi\u00f3 a colocar en el centro de la escena al exdirector del FBI, James B. Comey, al conseguir una nueva acusaci\u00f3n formal en su contra, en un caso que vuelve a entrelazarse con la larga disputa pol\u00edtica que mantiene con el presidente Donald Trump. La imputaci\u00f3n, presentada [&hellip;]\" \/>\n<meta property=\"og:url\" content=\"https:\/\/gysfm.com.ar\/inicio\/el-gobierno-de-trump-vuelve-a-acusar-al-exdirector-del-fbi-ahora-por-un-polemico-mensaje-en-redes\/\" \/>\n<meta property=\"og:site_name\" content=\"GYS NOTICIAS |\" \/>\n<meta property=\"article:published_time\" content=\"2026-04-29T08:14:13+00:00\" \/>\n<meta property=\"article:modified_time\" content=\"2026-04-29T08:14:14+00:00\" \/>\n<meta property=\"og:image\" content=\"https:\/\/gysfm.com.ar\/inicio\/wp-content\/uploads\/2026\/04\/la-administracion-trump-logra-una-nueva-acusacion-EKYTGMPYF5C4LCZHS3K52A2HTI.JPG\" \/>\n\t<meta property=\"og:image:width\" content=\"1200\" \/>\n\t<meta property=\"og:image:height\" content=\"800\" \/>\n\t<meta property=\"og:image:type\" content=\"image\/jpeg\" \/>\n<meta name=\"author\" content=\"Prensa G&amp;S FM\" \/>\n<meta name=\"twitter:card\" content=\"summary_large_image\" \/>\n<meta name=\"twitter:label1\" content=\"Escrito por\" \/>\n\t<meta name=\"twitter:data1\" content=\"Prensa G&amp;S FM\" \/>\n\t<meta name=\"twitter:label2\" content=\"Tiempo de lectura\" \/>\n\t<meta name=\"twitter:data2\" content=\"4 minutos\" \/>\n<script type=\"application\/ld+json\" class=\"yoast-schema-graph\">{\"@context\":\"https:\/\/schema.org\",\"@graph\":[{\"@type\":\"Article\",\"@id\":\"https:\/\/gysfm.com.ar\/inicio\/el-gobierno-de-trump-vuelve-a-acusar-al-exdirector-del-fbi-ahora-por-un-polemico-mensaje-en-redes\/#article\",\"isPartOf\":{\"@id\":\"https:\/\/gysfm.com.ar\/inicio\/el-gobierno-de-trump-vuelve-a-acusar-al-exdirector-del-fbi-ahora-por-un-polemico-mensaje-en-redes\/\"},\"author\":{\"name\":\"Prensa G&amp;S FM\",\"@id\":\"https:\/\/gysfm.com.ar\/inicio\/#\/schema\/person\/3abba7593ef2ad19e1be221d54383dc5\"},\"headline\":\"El gobierno de Trump vuelve a acusar al exdirector del FBI, ahora por un pol\u00e9mico mensaje en redes\",\"datePublished\":\"2026-04-29T08:14:13+00:00\",\"dateModified\":\"2026-04-29T08:14:14+00:00\",\"mainEntityOfPage\":{\"@id\":\"https:\/\/gysfm.com.ar\/inicio\/el-gobierno-de-trump-vuelve-a-acusar-al-exdirector-del-fbi-ahora-por-un-polemico-mensaje-en-redes\/\"},\"wordCount\":826,\"publisher\":{\"@id\":\"https:\/\/gysfm.com.ar\/inicio\/#organization\"},\"image\":{\"@id\":\"https:\/\/gysfm.com.ar\/inicio\/el-gobierno-de-trump-vuelve-a-acusar-al-exdirector-del-fbi-ahora-por-un-polemico-mensaje-en-redes\/#primaryimage\"},\"thumbnailUrl\":\"https:\/\/gysfm.com.ar\/inicio\/wp-content\/uploads\/2026\/04\/la-administracion-trump-logra-una-nueva-acusacion-EKYTGMPYF5C4LCZHS3K52A2HTI.JPG\",\"articleSection\":[\"INTERNACIONALES\"],\"inLanguage\":\"es\"},{\"@type\":\"WebPage\",\"@id\":\"https:\/\/gysfm.com.ar\/inicio\/el-gobierno-de-trump-vuelve-a-acusar-al-exdirector-del-fbi-ahora-por-un-polemico-mensaje-en-redes\/\",\"url\":\"https:\/\/gysfm.com.ar\/inicio\/el-gobierno-de-trump-vuelve-a-acusar-al-exdirector-del-fbi-ahora-por-un-polemico-mensaje-en-redes\/\",\"name\":\"El gobierno de Trump vuelve a acusar al exdirector del FBI, ahora por un pol\u00e9mico mensaje en redes - GYS NOTICIAS |\",\"isPartOf\":{\"@id\":\"https:\/\/gysfm.com.ar\/inicio\/#website\"},\"primaryImageOfPage\":{\"@id\":\"https:\/\/gysfm.com.ar\/inicio\/el-gobierno-de-trump-vuelve-a-acusar-al-exdirector-del-fbi-ahora-por-un-polemico-mensaje-en-redes\/#primaryimage\"},\"image\":{\"@id\":\"https:\/\/gysfm.com.ar\/inicio\/el-gobierno-de-trump-vuelve-a-acusar-al-exdirector-del-fbi-ahora-por-un-polemico-mensaje-en-redes\/#primaryimage\"},\"thumbnailUrl\":\"https:\/\/gysfm.com.ar\/inicio\/wp-content\/uploads\/2026\/04\/la-administracion-trump-logra-una-nueva-acusacion-EKYTGMPYF5C4LCZHS3K52A2HTI.JPG\",\"datePublished\":\"2026-04-29T08:14:13+00:00\",\"dateModified\":\"2026-04-29T08:14:14+00:00\",\"breadcrumb\":{\"@id\":\"https:\/\/gysfm.com.ar\/inicio\/el-gobierno-de-trump-vuelve-a-acusar-al-exdirector-del-fbi-ahora-por-un-polemico-mensaje-en-redes\/#breadcrumb\"},\"inLanguage\":\"es\",\"potentialAction\":[{\"@type\":\"ReadAction\",\"target\":[\"https:\/\/gysfm.com.ar\/inicio\/el-gobierno-de-trump-vuelve-a-acusar-al-exdirector-del-fbi-ahora-por-un-polemico-mensaje-en-redes\/\"]}]},{\"@type\":\"ImageObject\",\"inLanguage\":\"es\",\"@id\":\"https:\/\/gysfm.com.ar\/inicio\/el-gobierno-de-trump-vuelve-a-acusar-al-exdirector-del-fbi-ahora-por-un-polemico-mensaje-en-redes\/#primaryimage\",\"url\":\"https:\/\/gysfm.com.ar\/inicio\/wp-content\/uploads\/2026\/04\/la-administracion-trump-logra-una-nueva-acusacion-EKYTGMPYF5C4LCZHS3K52A2HTI.JPG\",\"contentUrl\":\"https:\/\/gysfm.com.ar\/inicio\/wp-content\/uploads\/2026\/04\/la-administracion-trump-logra-una-nueva-acusacion-EKYTGMPYF5C4LCZHS3K52A2HTI.JPG\",\"width\":1200,\"height\":800},{\"@type\":\"BreadcrumbList\",\"@id\":\"https:\/\/gysfm.com.ar\/inicio\/el-gobierno-de-trump-vuelve-a-acusar-al-exdirector-del-fbi-ahora-por-un-polemico-mensaje-en-redes\/#breadcrumb\",\"itemListElement\":[{\"@type\":\"ListItem\",\"position\":1,\"name\":\"Portada\",\"item\":\"https:\/\/gysfm.com.ar\/inicio\/\"},{\"@type\":\"ListItem\",\"position\":2,\"name\":\"El gobierno de Trump vuelve a acusar al exdirector del FBI, ahora por un pol\u00e9mico mensaje en redes\"}]},{\"@type\":\"WebSite\",\"@id\":\"https:\/\/gysfm.com.ar\/inicio\/#website\",\"url\":\"https:\/\/gysfm.com.ar\/inicio\/\",\"name\":\"GYS NOTICIAS |\",\"description\":\"DIARIO - RADIO ONLINE SAN JUAN ARGENTINA\",\"publisher\":{\"@id\":\"https:\/\/gysfm.com.ar\/inicio\/#organization\"},\"potentialAction\":[{\"@type\":\"SearchAction\",\"target\":{\"@type\":\"EntryPoint\",\"urlTemplate\":\"https:\/\/gysfm.com.ar\/inicio\/?s={search_term_string}\"},\"query-input\":{\"@type\":\"PropertyValueSpecification\",\"valueRequired\":true,\"valueName\":\"search_term_string\"}}],\"inLanguage\":\"es\"},{\"@type\":\"Organization\",\"@id\":\"https:\/\/gysfm.com.ar\/inicio\/#organization\",\"name\":\"GYS NOTICIAS |\",\"url\":\"https:\/\/gysfm.com.ar\/inicio\/\",\"logo\":{\"@type\":\"ImageObject\",\"inLanguage\":\"es\",\"@id\":\"https:\/\/gysfm.com.ar\/inicio\/#\/schema\/logo\/image\/\",\"url\":\"https:\/\/gysfm.com.ar\/inicio\/wp-content\/uploads\/2023\/07\/LOGOGYS-OK.png\",\"contentUrl\":\"https:\/\/gysfm.com.ar\/inicio\/wp-content\/uploads\/2023\/07\/LOGOGYS-OK.png\",\"width\":1170,\"height\":872,\"caption\":\"GYS NOTICIAS |\"},\"image\":{\"@id\":\"https:\/\/gysfm.com.ar\/inicio\/#\/schema\/logo\/image\/\"}},{\"@type\":\"Person\",\"@id\":\"https:\/\/gysfm.com.ar\/inicio\/#\/schema\/person\/3abba7593ef2ad19e1be221d54383dc5\",\"name\":\"Prensa G&amp;S FM\",\"image\":{\"@type\":\"ImageObject\",\"inLanguage\":\"es\",\"@id\":\"https:\/\/gysfm.com.ar\/inicio\/#\/schema\/person\/image\/\",\"url\":\"https:\/\/secure.gravatar.com\/avatar\/096ec78df02049ab018702bb4ccedf659377fa92a26540b5247612077a0dbd29?s=96&d=mm&r=g\",\"contentUrl\":\"https:\/\/secure.gravatar.com\/avatar\/096ec78df02049ab018702bb4ccedf659377fa92a26540b5247612077a0dbd29?s=96&d=mm&r=g\",\"caption\":\"Prensa G&amp;S FM\"},\"sameAs\":[\"https:\/\/gysfm.com.ar\/\"],\"url\":\"https:\/\/gysfm.com.ar\/inicio\/author\/lucasm\/\"}]}<\/script>\n<!-- \/ Yoast SEO plugin. -->","yoast_head_json":{"title":"El gobierno de Trump vuelve a acusar al exdirector del FBI, ahora por un pol\u00e9mico mensaje en redes - GYS NOTICIAS |","robots":{"index":"index","follow":"follow","max-snippet":"max-snippet:-1","max-image-preview":"max-image-preview:large","max-video-preview":"max-video-preview:-1"},"canonical":"https:\/\/gysfm.com.ar\/inicio\/el-gobierno-de-trump-vuelve-a-acusar-al-exdirector-del-fbi-ahora-por-un-polemico-mensaje-en-redes\/","og_locale":"es_ES","og_type":"article","og_title":"El gobierno de Trump vuelve a acusar al exdirector del FBI, ahora por un pol\u00e9mico mensaje en redes - GYS NOTICIAS |","og_description":"WASHINGTON.\u2013 El Departamento de Justicia de Estados Unidos volvi\u00f3 a colocar en el centro de la escena al exdirector del FBI, James B. Comey, al conseguir una nueva acusaci\u00f3n formal en su contra, en un caso que vuelve a entrelazarse con la larga disputa pol\u00edtica que mantiene con el presidente Donald Trump. La imputaci\u00f3n, presentada [&hellip;]","og_url":"https:\/\/gysfm.com.ar\/inicio\/el-gobierno-de-trump-vuelve-a-acusar-al-exdirector-del-fbi-ahora-por-un-polemico-mensaje-en-redes\/","og_site_name":"GYS NOTICIAS |","article_published_time":"2026-04-29T08:14:13+00:00","article_modified_time":"2026-04-29T08:14:14+00:00","og_image":[{"width":1200,"height":800,"url":"https:\/\/gysfm.com.ar\/inicio\/wp-content\/uploads\/2026\/04\/la-administracion-trump-logra-una-nueva-acusacion-EKYTGMPYF5C4LCZHS3K52A2HTI.JPG","type":"image\/jpeg"}],"author":"Prensa G&amp;S FM","twitter_card":"summary_large_image","twitter_misc":{"Escrito por":"Prensa G&amp;S FM","Tiempo de lectura":"4 minutos"},"schema":{"@context":"https:\/\/schema.org","@graph":[{"@type":"Article","@id":"https:\/\/gysfm.com.ar\/inicio\/el-gobierno-de-trump-vuelve-a-acusar-al-exdirector-del-fbi-ahora-por-un-polemico-mensaje-en-redes\/#article","isPartOf":{"@id":"https:\/\/gysfm.com.ar\/inicio\/el-gobierno-de-trump-vuelve-a-acusar-al-exdirector-del-fbi-ahora-por-un-polemico-mensaje-en-redes\/"},"author":{"name":"Prensa G&amp;S FM","@id":"https:\/\/gysfm.com.ar\/inicio\/#\/schema\/person\/3abba7593ef2ad19e1be221d54383dc5"},"headline":"El gobierno de Trump vuelve a acusar al exdirector del FBI, ahora por un pol\u00e9mico mensaje en redes","datePublished":"2026-04-29T08:14:13+00:00","dateModified":"2026-04-29T08:14:14+00:00","mainEntityOfPage":{"@id":"https:\/\/gysfm.com.ar\/inicio\/el-gobierno-de-trump-vuelve-a-acusar-al-exdirector-del-fbi-ahora-por-un-polemico-mensaje-en-redes\/"},"wordCount":826,"publisher":{"@id":"https:\/\/gysfm.com.ar\/inicio\/#organization"},"image":{"@id":"https:\/\/gysfm.com.ar\/inicio\/el-gobierno-de-trump-vuelve-a-acusar-al-exdirector-del-fbi-ahora-por-un-polemico-mensaje-en-redes\/#primaryimage"},"thumbnailUrl":"https:\/\/gysfm.com.ar\/inicio\/wp-content\/uploads\/2026\/04\/la-administracion-trump-logra-una-nueva-acusacion-EKYTGMPYF5C4LCZHS3K52A2HTI.JPG","articleSection":["INTERNACIONALES"],"inLanguage":"es"},{"@type":"WebPage","@id":"https:\/\/gysfm.com.ar\/inicio\/el-gobierno-de-trump-vuelve-a-acusar-al-exdirector-del-fbi-ahora-por-un-polemico-mensaje-en-redes\/","url":"https:\/\/gysfm.com.ar\/inicio\/el-gobierno-de-trump-vuelve-a-acusar-al-exdirector-del-fbi-ahora-por-un-polemico-mensaje-en-redes\/","name":"El gobierno de Trump vuelve a acusar al exdirector del FBI, ahora por un pol\u00e9mico mensaje en redes - GYS NOTICIAS |","isPartOf":{"@id":"https:\/\/gysfm.com.ar\/inicio\/#website"},"primaryImageOfPage":{"@id":"https:\/\/gysfm.com.ar\/inicio\/el-gobierno-de-trump-vuelve-a-acusar-al-exdirector-del-fbi-ahora-por-un-polemico-mensaje-en-redes\/#primaryimage"},"image":{"@id":"https:\/\/gysfm.com.ar\/inicio\/el-gobierno-de-trump-vuelve-a-acusar-al-exdirector-del-fbi-ahora-por-un-polemico-mensaje-en-redes\/#primaryimage"},"thumbnailUrl":"https:\/\/gysfm.com.ar\/inicio\/wp-content\/uploads\/2026\/04\/la-administracion-trump-logra-una-nueva-acusacion-EKYTGMPYF5C4LCZHS3K52A2HTI.JPG","datePublished":"2026-04-29T08:14:13+00:00","dateModified":"2026-04-29T08:14:14+00:00","breadcrumb":{"@id":"https:\/\/gysfm.com.ar\/inicio\/el-gobierno-de-trump-vuelve-a-acusar-al-exdirector-del-fbi-ahora-por-un-polemico-mensaje-en-redes\/#breadcrumb"},"inLanguage":"es","potentialAction":[{"@type":"ReadAction","target":["https:\/\/gysfm.com.ar\/inicio\/el-gobierno-de-trump-vuelve-a-acusar-al-exdirector-del-fbi-ahora-por-un-polemico-mensaje-en-redes\/"]}]},{"@type":"ImageObject","inLanguage":"es","@id":"https:\/\/gysfm.com.ar\/inicio\/el-gobierno-de-trump-vuelve-a-acusar-al-exdirector-del-fbi-ahora-por-un-polemico-mensaje-en-redes\/#primaryimage","url":"https:\/\/gysfm.com.ar\/inicio\/wp-content\/uploads\/2026\/04\/la-administracion-trump-logra-una-nueva-acusacion-EKYTGMPYF5C4LCZHS3K52A2HTI.JPG","contentUrl":"https:\/\/gysfm.com.ar\/inicio\/wp-content\/uploads\/2026\/04\/la-administracion-trump-logra-una-nueva-acusacion-EKYTGMPYF5C4LCZHS3K52A2HTI.JPG","width":1200,"height":800},{"@type":"BreadcrumbList","@id":"https:\/\/gysfm.com.ar\/inicio\/el-gobierno-de-trump-vuelve-a-acusar-al-exdirector-del-fbi-ahora-por-un-polemico-mensaje-en-redes\/#breadcrumb","itemListElement":[{"@type":"ListItem","position":1,"name":"Portada","item":"https:\/\/gysfm.com.ar\/inicio\/"},{"@type":"ListItem","position":2,"name":"El gobierno de Trump vuelve a acusar al exdirector del FBI, ahora por un pol\u00e9mico mensaje en redes"}]},{"@type":"WebSite","@id":"https:\/\/gysfm.com.ar\/inicio\/#website","url":"https:\/\/gysfm.com.ar\/inicio\/","name":"GYS NOTICIAS |","description":"DIARIO - RADIO ONLINE SAN JUAN ARGENTINA","publisher":{"@id":"https:\/\/gysfm.com.ar\/inicio\/#organization"},"potentialAction":[{"@type":"SearchAction","target":{"@type":"EntryPoint","urlTemplate":"https:\/\/gysfm.com.ar\/inicio\/?s={search_term_string}"},"query-input":{"@type":"PropertyValueSpecification","valueRequired":true,"valueName":"search_term_string"}}],"inLanguage":"es"},{"@type":"Organization","@id":"https:\/\/gysfm.com.ar\/inicio\/#organization","name":"GYS NOTICIAS |","url":"https:\/\/gysfm.com.ar\/inicio\/","logo":{"@type":"ImageObject","inLanguage":"es","@id":"https:\/\/gysfm.com.ar\/inicio\/#\/schema\/logo\/image\/","url":"https:\/\/gysfm.com.ar\/inicio\/wp-content\/uploads\/2023\/07\/LOGOGYS-OK.png","contentUrl":"https:\/\/gysfm.com.ar\/inicio\/wp-content\/uploads\/2023\/07\/LOGOGYS-OK.png","width":1170,"height":872,"caption":"GYS NOTICIAS |"},"image":{"@id":"https:\/\/gysfm.com.ar\/inicio\/#\/schema\/logo\/image\/"}},{"@type":"Person","@id":"https:\/\/gysfm.com.ar\/inicio\/#\/schema\/person\/3abba7593ef2ad19e1be221d54383dc5","name":"Prensa G&amp;S FM","image":{"@type":"ImageObject","inLanguage":"es","@id":"https:\/\/gysfm.com.ar\/inicio\/#\/schema\/person\/image\/","url":"https:\/\/secure.gravatar.com\/avatar\/096ec78df02049ab018702bb4ccedf659377fa92a26540b5247612077a0dbd29?s=96&d=mm&r=g","contentUrl":"https:\/\/secure.gravatar.com\/avatar\/096ec78df02049ab018702bb4ccedf659377fa92a26540b5247612077a0dbd29?s=96&d=mm&r=g","caption":"Prensa G&amp;S FM"},"sameAs":["https:\/\/gysfm.com.ar\/"],"url":"https:\/\/gysfm.com.ar\/inicio\/author\/lucasm\/"}]}},"_links":{"self":[{"href":"https:\/\/gysfm.com.ar\/inicio\/wp-json\/wp\/v2\/posts\/193624","targetHints":{"allow":["GET"]}}],"collection":[{"href":"https:\/\/gysfm.com.ar\/inicio\/wp-json\/wp\/v2\/posts"}],"about":[{"href":"https:\/\/gysfm.com.ar\/inicio\/wp-json\/wp\/v2\/types\/post"}],"author":[{"embeddable":true,"href":"https:\/\/gysfm.com.ar\/inicio\/wp-json\/wp\/v2\/users\/2"}],"replies":[{"embeddable":true,"href":"https:\/\/gysfm.com.ar\/inicio\/wp-json\/wp\/v2\/comments?post=193624"}],"version-history":[{"count":1,"href":"https:\/\/gysfm.com.ar\/inicio\/wp-json\/wp\/v2\/posts\/193624\/revisions"}],"predecessor-version":[{"id":193626,"href":"https:\/\/gysfm.com.ar\/inicio\/wp-json\/wp\/v2\/posts\/193624\/revisions\/193626"}],"wp:featuredmedia":[{"embeddable":true,"href":"https:\/\/gysfm.com.ar\/inicio\/wp-json\/wp\/v2\/media\/193625"}],"wp:attachment":[{"href":"https:\/\/gysfm.com.ar\/inicio\/wp-json\/wp\/v2\/media?parent=193624"}],"wp:term":[{"taxonomy":"category","embeddable":true,"href":"https:\/\/gysfm.com.ar\/inicio\/wp-json\/wp\/v2\/categories?post=193624"},{"taxonomy":"post_tag","embeddable":true,"href":"https:\/\/gysfm.com.ar\/inicio\/wp-json\/wp\/v2\/tags?post=193624"}],"curies":[{"name":"wp","href":"https:\/\/api.w.org\/{rel}","templated":true}]}}