{"id":193622,"date":"2026-04-29T05:08:46","date_gmt":"2026-04-29T08:08:46","guid":{"rendered":"https:\/\/gysfm.com.ar\/inicio\/kicillof-edges-forward-as-peronism-eyes-2027-opening\/"},"modified":"2026-04-29T05:08:46","modified_gmt":"2026-04-29T08:08:46","slug":"kicillof-edges-forward-as-peronism-eyes-2027-opening","status":"publish","type":"post","link":"https:\/\/gysfm.com.ar\/inicio\/kicillof-edges-forward-as-peronism-eyes-2027-opening\/","title":{"rendered":"Kicillof edges forward as Peronism eyes 2027 opening"},"content":{"rendered":"<p><\/p>\n<div id=\"news-body\" style=\"overflow-x: hidden;\">\n<p>Talks between different factions of the opposition have multiplied over the past month. The crisis affecting President Javier Milei\u2019s government is forcing Peronism to get its house in order, as it begins to sense that unity and expansion could make the force a competitive offering in 2027. That said, when victory seems within reach, internal disputes over the candidacy tend to intensify \u2013 and today no figure has their name secured at the top of the opposition\u2019s ballot paper.<\/p>\n<p>\u201cIf the election were held today, he doesn\u2019t have the votes,\u201d says a senior Peronist, referring to Milei\u2019s chances of re-election. Still, the party heavyweight concedes that the time remaining in office could allow the President to recover. So far, at each moment of crisis, the libertarian leader has shown an almost miraculous ability to rebound in his public image. For that reason, no-one is willing to predict a clear outcome for next year. Even so, they believe an opportunity may be opening up.<\/p>\n<p>Buenos Aires Province Governor Axel Kicillof appears to be the candidate-in-waiting. However, his name must still pass internal debate. Even if he manages to unite governors and key figures, the final contest would be against ex-president Cristina Fern\u00e1ndez de Kirchner and veteran operator Sergio Massa, who for now remain out of public view.<\/p>\n<p>\u201cYou can\u2019t be the heir if you\u2019re at odds with your mother,\u201d says a national lawmaker in contact with the two-term former president. The Buenos Aires Province governor is not waiting for permission though \u2013 he is already building his position. Kicillof needs to enter the internal debate as the counterpoint to Milei\u2019s austerity drive, even if that means competing in a primary election.<\/p>\n<p>Massa does not admit it publicly, but he is waiting for the World Cup to pass before \u201cstarting his run-up.\u201d The Frente Renovador leader entered the 2023 race knowing it would be difficult to win the Presidency. At the time, the aim was to see Alberto Fern\u00e1ndez\u2019s government through to the end \u2013 and to do so as orderly as possible \u2013 while securing Buenos Aires Province and preventing PRO from returning to power.<\/p>\n<p>Without formally launching candidates, the rally on May 1 will bring together different figures who can begin the process of expanding Uni\u00f3n por la Patria. One of Massa\u2019s closest allies is among those seeking to consolidate a \u201cfederal Peronism\u201d force that, for now, is not discussing names but focusing on ideas first.\u00a0<\/p>\n<p>National deputies Guillermo Michel and Victoria Tolosa Paz, alongside Buenos Aires Province operator Juan Manuel Olmos, will seek a joint appearance with lawmakers and leaders from the region next Friday. \u201cWe can\u2019t remain just an AMBA-based party heading for certain defeat in a run-off,\u201d says one figure from the space.<\/p>\n<p>Also stepping onto the public stage of profile is San Juan Province Senator Sergio U\u00f1ac, who has called for the debate over the presidential candidacy to be brought forward. Other figures are circulating in the political manoeuvring, oscillating between acting as brokers of a winning coalition or launching bids of their own \u2013 though the former appears more likely. That is the case for Ricardo Quintela (La Rioja Province governor) and Gerardo Zamora (Santiago del Estero Province senator).<\/p>\n<p>On the fringes, but drawing closer to the various strands of Peronism, three figures could become part of an expanded version of Frente de Todos: Miguel \u00c1ngel Pichetto, Emilio Monz\u00f3 and Nicol\u00e1s Massot are all making moves, though for now they are more focused on promoting an outsider candidate such as Jorge Brito.<\/p>\n<p>That alone will not suffice. Within Peronism, talks are also advancing with some Radical figures who do not support libertarian ideas, as well as with governors who once allied with Milei but are now feeling the economic strain in their provinces.<\/p>\n<p>\u201cIt\u2019s everyone or nothing \u2013 that\u2019s the reality. Losing would be worse,\u201d admits one senior Uni\u00f3n por la Patria leader. Peronism knows it must organise itself, even as it keeps a watchful eye on the extent of the government\u2019s fragility.<\/p>\n<p>\t\t\t\t\t\t\t\t<!-- e-planning v3 - Comienzo espacio _ articulo _ teads --><\/p>\n<p><noscript><a href=\"https:\/\/ads.us.e-planning.net\/ei\/3\/212f2\/articulo\/teads?it=i&amp;rnd=$RANDOM\" target=\"_blank\"><img loading=\"lazy\" decoding=\"async\" width=\"1\" height=\"1\" alt=\"e-planning ad\" src=\"https:\/\/ads.us.e-planning.net\/eb\/3\/212f2\/articulo\/teads?o=i&amp;rnd=$RANDOM\" border=\"0\"\/><\/a><\/noscript><br \/>\n<!-- e-planning v3 - Fin espacio _ articulo _ teads --><\/p><\/div>\n<p><script>(function(d, s, id) {\n\t\tvar js, fjs = d.getElementsByTagName(s)[0];\n\t\tif (d.getElementById(id)) return;\n\t\tjs = d.createElement(s); js.id = id;\n\t\tjs.src=\"https:\/\/connect.facebook.net\/es_LA\/sdk.js#xfbml=1&version=v3.1\";\n\t\tfjs.parentNode.insertBefore(js, fjs);\n\t}(document, 'script', 'facebook-jssdk'));<\/script><\/p>\n","protected":false},"excerpt":{"rendered":"<p>Talks between different factions of the opposition have multiplied over the past month. The crisis affecting President Javier Milei\u2019s government is forcing Peronism to get its house in order, as it begins to sense that unity and expansion could make the force a competitive offering in 2027. That said, when victory seems within reach, internal [&hellip;]<\/p>\n","protected":false},"author":2,"featured_media":193623,"comment_status":"closed","ping_status":"closed","sticky":false,"template":"","format":"standard","meta":{"footnotes":""},"categories":[25],"tags":[],"class_list":["post-193622","post","type-post","status-publish","format-standard","has-post-thumbnail","hentry","category-nacionales"],"yoast_head":"<!-- This site is optimized with the Yoast SEO plugin v24.4 - https:\/\/yoast.com\/wordpress\/plugins\/seo\/ -->\n<title>Kicillof edges forward as Peronism eyes 2027 opening - GYS NOTICIAS |<\/title>\n<meta name=\"robots\" content=\"index, follow, max-snippet:-1, max-image-preview:large, max-video-preview:-1\" \/>\n<link rel=\"canonical\" href=\"https:\/\/gysfm.com.ar\/inicio\/kicillof-edges-forward-as-peronism-eyes-2027-opening\/\" \/>\n<meta property=\"og:locale\" content=\"es_ES\" \/>\n<meta property=\"og:type\" content=\"article\" \/>\n<meta property=\"og:title\" content=\"Kicillof edges forward as Peronism eyes 2027 opening - GYS NOTICIAS |\" \/>\n<meta property=\"og:description\" content=\"Talks between different factions of the opposition have multiplied over the past month. The crisis affecting President Javier Milei\u2019s government is forcing Peronism to get its house in order, as it begins to sense that unity and expansion could make the force a competitive offering in 2027. That said, when victory seems within reach, internal [&hellip;]\" \/>\n<meta property=\"og:url\" content=\"https:\/\/gysfm.com.ar\/inicio\/kicillof-edges-forward-as-peronism-eyes-2027-opening\/\" \/>\n<meta property=\"og:site_name\" content=\"GYS NOTICIAS |\" \/>\n<meta property=\"article:published_time\" content=\"2026-04-29T08:08:46+00:00\" \/>\n<meta property=\"og:image\" content=\"https:\/\/ads.us.e-planning.net\/eb\/3\/212f2\/articulo\/teads?o=i&amp;rnd=$RANDOM\" \/>\n<meta name=\"author\" content=\"Prensa G&amp;S FM\" \/>\n<meta name=\"twitter:card\" content=\"summary_large_image\" \/>\n<meta name=\"twitter:label1\" content=\"Escrito por\" \/>\n\t<meta name=\"twitter:data1\" content=\"Prensa G&amp;S FM\" \/>\n\t<meta name=\"twitter:label2\" content=\"Tiempo de lectura\" \/>\n\t<meta name=\"twitter:data2\" content=\"3 minutos\" \/>\n<script type=\"application\/ld+json\" class=\"yoast-schema-graph\">{\"@context\":\"https:\/\/schema.org\",\"@graph\":[{\"@type\":\"Article\",\"@id\":\"https:\/\/gysfm.com.ar\/inicio\/kicillof-edges-forward-as-peronism-eyes-2027-opening\/#article\",\"isPartOf\":{\"@id\":\"https:\/\/gysfm.com.ar\/inicio\/kicillof-edges-forward-as-peronism-eyes-2027-opening\/\"},\"author\":{\"name\":\"Prensa G&amp;S FM\",\"@id\":\"https:\/\/gysfm.com.ar\/inicio\/#\/schema\/person\/3abba7593ef2ad19e1be221d54383dc5\"},\"headline\":\"Kicillof edges forward as Peronism eyes 2027 opening\",\"datePublished\":\"2026-04-29T08:08:46+00:00\",\"mainEntityOfPage\":{\"@id\":\"https:\/\/gysfm.com.ar\/inicio\/kicillof-edges-forward-as-peronism-eyes-2027-opening\/\"},\"wordCount\":685,\"publisher\":{\"@id\":\"https:\/\/gysfm.com.ar\/inicio\/#organization\"},\"image\":{\"@id\":\"https:\/\/gysfm.com.ar\/inicio\/kicillof-edges-forward-as-peronism-eyes-2027-opening\/#primaryimage\"},\"thumbnailUrl\":\"https:\/\/gysfm.com.ar\/inicio\/wp-content\/uploads\/2026\/04\/axel-kicillof-stock-2229378.jpg\",\"articleSection\":[\"NACIONALES\"],\"inLanguage\":\"es\"},{\"@type\":\"WebPage\",\"@id\":\"https:\/\/gysfm.com.ar\/inicio\/kicillof-edges-forward-as-peronism-eyes-2027-opening\/\",\"url\":\"https:\/\/gysfm.com.ar\/inicio\/kicillof-edges-forward-as-peronism-eyes-2027-opening\/\",\"name\":\"Kicillof edges forward as Peronism eyes 2027 opening - GYS NOTICIAS |\",\"isPartOf\":{\"@id\":\"https:\/\/gysfm.com.ar\/inicio\/#website\"},\"primaryImageOfPage\":{\"@id\":\"https:\/\/gysfm.com.ar\/inicio\/kicillof-edges-forward-as-peronism-eyes-2027-opening\/#primaryimage\"},\"image\":{\"@id\":\"https:\/\/gysfm.com.ar\/inicio\/kicillof-edges-forward-as-peronism-eyes-2027-opening\/#primaryimage\"},\"thumbnailUrl\":\"https:\/\/gysfm.com.ar\/inicio\/wp-content\/uploads\/2026\/04\/axel-kicillof-stock-2229378.jpg\",\"datePublished\":\"2026-04-29T08:08:46+00:00\",\"breadcrumb\":{\"@id\":\"https:\/\/gysfm.com.ar\/inicio\/kicillof-edges-forward-as-peronism-eyes-2027-opening\/#breadcrumb\"},\"inLanguage\":\"es\",\"potentialAction\":[{\"@type\":\"ReadAction\",\"target\":[\"https:\/\/gysfm.com.ar\/inicio\/kicillof-edges-forward-as-peronism-eyes-2027-opening\/\"]}]},{\"@type\":\"ImageObject\",\"inLanguage\":\"es\",\"@id\":\"https:\/\/gysfm.com.ar\/inicio\/kicillof-edges-forward-as-peronism-eyes-2027-opening\/#primaryimage\",\"url\":\"https:\/\/gysfm.com.ar\/inicio\/wp-content\/uploads\/2026\/04\/axel-kicillof-stock-2229378.jpg\",\"contentUrl\":\"https:\/\/gysfm.com.ar\/inicio\/wp-content\/uploads\/2026\/04\/axel-kicillof-stock-2229378.jpg\",\"width\":1140,\"height\":641},{\"@type\":\"BreadcrumbList\",\"@id\":\"https:\/\/gysfm.com.ar\/inicio\/kicillof-edges-forward-as-peronism-eyes-2027-opening\/#breadcrumb\",\"itemListElement\":[{\"@type\":\"ListItem\",\"position\":1,\"name\":\"Portada\",\"item\":\"https:\/\/gysfm.com.ar\/inicio\/\"},{\"@type\":\"ListItem\",\"position\":2,\"name\":\"Kicillof edges forward as Peronism eyes 2027 opening\"}]},{\"@type\":\"WebSite\",\"@id\":\"https:\/\/gysfm.com.ar\/inicio\/#website\",\"url\":\"https:\/\/gysfm.com.ar\/inicio\/\",\"name\":\"GYS NOTICIAS |\",\"description\":\"DIARIO - RADIO ONLINE SAN JUAN ARGENTINA\",\"publisher\":{\"@id\":\"https:\/\/gysfm.com.ar\/inicio\/#organization\"},\"potentialAction\":[{\"@type\":\"SearchAction\",\"target\":{\"@type\":\"EntryPoint\",\"urlTemplate\":\"https:\/\/gysfm.com.ar\/inicio\/?s={search_term_string}\"},\"query-input\":{\"@type\":\"PropertyValueSpecification\",\"valueRequired\":true,\"valueName\":\"search_term_string\"}}],\"inLanguage\":\"es\"},{\"@type\":\"Organization\",\"@id\":\"https:\/\/gysfm.com.ar\/inicio\/#organization\",\"name\":\"GYS NOTICIAS |\",\"url\":\"https:\/\/gysfm.com.ar\/inicio\/\",\"logo\":{\"@type\":\"ImageObject\",\"inLanguage\":\"es\",\"@id\":\"https:\/\/gysfm.com.ar\/inicio\/#\/schema\/logo\/image\/\",\"url\":\"https:\/\/gysfm.com.ar\/inicio\/wp-content\/uploads\/2023\/07\/LOGOGYS-OK.png\",\"contentUrl\":\"https:\/\/gysfm.com.ar\/inicio\/wp-content\/uploads\/2023\/07\/LOGOGYS-OK.png\",\"width\":1170,\"height\":872,\"caption\":\"GYS NOTICIAS |\"},\"image\":{\"@id\":\"https:\/\/gysfm.com.ar\/inicio\/#\/schema\/logo\/image\/\"}},{\"@type\":\"Person\",\"@id\":\"https:\/\/gysfm.com.ar\/inicio\/#\/schema\/person\/3abba7593ef2ad19e1be221d54383dc5\",\"name\":\"Prensa G&amp;S FM\",\"image\":{\"@type\":\"ImageObject\",\"inLanguage\":\"es\",\"@id\":\"https:\/\/gysfm.com.ar\/inicio\/#\/schema\/person\/image\/\",\"url\":\"https:\/\/secure.gravatar.com\/avatar\/096ec78df02049ab018702bb4ccedf659377fa92a26540b5247612077a0dbd29?s=96&d=mm&r=g\",\"contentUrl\":\"https:\/\/secure.gravatar.com\/avatar\/096ec78df02049ab018702bb4ccedf659377fa92a26540b5247612077a0dbd29?s=96&d=mm&r=g\",\"caption\":\"Prensa G&amp;S FM\"},\"sameAs\":[\"https:\/\/gysfm.com.ar\/\"],\"url\":\"https:\/\/gysfm.com.ar\/inicio\/author\/lucasm\/\"}]}<\/script>\n<!-- \/ Yoast SEO plugin. -->","yoast_head_json":{"title":"Kicillof edges forward as Peronism eyes 2027 opening - GYS NOTICIAS |","robots":{"index":"index","follow":"follow","max-snippet":"max-snippet:-1","max-image-preview":"max-image-preview:large","max-video-preview":"max-video-preview:-1"},"canonical":"https:\/\/gysfm.com.ar\/inicio\/kicillof-edges-forward-as-peronism-eyes-2027-opening\/","og_locale":"es_ES","og_type":"article","og_title":"Kicillof edges forward as Peronism eyes 2027 opening - GYS NOTICIAS |","og_description":"Talks between different factions of the opposition have multiplied over the past month. The crisis affecting President Javier Milei\u2019s government is forcing Peronism to get its house in order, as it begins to sense that unity and expansion could make the force a competitive offering in 2027. That said, when victory seems within reach, internal [&hellip;]","og_url":"https:\/\/gysfm.com.ar\/inicio\/kicillof-edges-forward-as-peronism-eyes-2027-opening\/","og_site_name":"GYS NOTICIAS |","article_published_time":"2026-04-29T08:08:46+00:00","og_image":[{"url":"https:\/\/ads.us.e-planning.net\/eb\/3\/212f2\/articulo\/teads?o=i&amp;rnd=$RANDOM","type":"","width":"","height":""}],"author":"Prensa G&amp;S FM","twitter_card":"summary_large_image","twitter_misc":{"Escrito por":"Prensa G&amp;S FM","Tiempo de lectura":"3 minutos"},"schema":{"@context":"https:\/\/schema.org","@graph":[{"@type":"Article","@id":"https:\/\/gysfm.com.ar\/inicio\/kicillof-edges-forward-as-peronism-eyes-2027-opening\/#article","isPartOf":{"@id":"https:\/\/gysfm.com.ar\/inicio\/kicillof-edges-forward-as-peronism-eyes-2027-opening\/"},"author":{"name":"Prensa G&amp;S FM","@id":"https:\/\/gysfm.com.ar\/inicio\/#\/schema\/person\/3abba7593ef2ad19e1be221d54383dc5"},"headline":"Kicillof edges forward as Peronism eyes 2027 opening","datePublished":"2026-04-29T08:08:46+00:00","mainEntityOfPage":{"@id":"https:\/\/gysfm.com.ar\/inicio\/kicillof-edges-forward-as-peronism-eyes-2027-opening\/"},"wordCount":685,"publisher":{"@id":"https:\/\/gysfm.com.ar\/inicio\/#organization"},"image":{"@id":"https:\/\/gysfm.com.ar\/inicio\/kicillof-edges-forward-as-peronism-eyes-2027-opening\/#primaryimage"},"thumbnailUrl":"https:\/\/gysfm.com.ar\/inicio\/wp-content\/uploads\/2026\/04\/axel-kicillof-stock-2229378.jpg","articleSection":["NACIONALES"],"inLanguage":"es"},{"@type":"WebPage","@id":"https:\/\/gysfm.com.ar\/inicio\/kicillof-edges-forward-as-peronism-eyes-2027-opening\/","url":"https:\/\/gysfm.com.ar\/inicio\/kicillof-edges-forward-as-peronism-eyes-2027-opening\/","name":"Kicillof edges forward as Peronism eyes 2027 opening - GYS NOTICIAS |","isPartOf":{"@id":"https:\/\/gysfm.com.ar\/inicio\/#website"},"primaryImageOfPage":{"@id":"https:\/\/gysfm.com.ar\/inicio\/kicillof-edges-forward-as-peronism-eyes-2027-opening\/#primaryimage"},"image":{"@id":"https:\/\/gysfm.com.ar\/inicio\/kicillof-edges-forward-as-peronism-eyes-2027-opening\/#primaryimage"},"thumbnailUrl":"https:\/\/gysfm.com.ar\/inicio\/wp-content\/uploads\/2026\/04\/axel-kicillof-stock-2229378.jpg","datePublished":"2026-04-29T08:08:46+00:00","breadcrumb":{"@id":"https:\/\/gysfm.com.ar\/inicio\/kicillof-edges-forward-as-peronism-eyes-2027-opening\/#breadcrumb"},"inLanguage":"es","potentialAction":[{"@type":"ReadAction","target":["https:\/\/gysfm.com.ar\/inicio\/kicillof-edges-forward-as-peronism-eyes-2027-opening\/"]}]},{"@type":"ImageObject","inLanguage":"es","@id":"https:\/\/gysfm.com.ar\/inicio\/kicillof-edges-forward-as-peronism-eyes-2027-opening\/#primaryimage","url":"https:\/\/gysfm.com.ar\/inicio\/wp-content\/uploads\/2026\/04\/axel-kicillof-stock-2229378.jpg","contentUrl":"https:\/\/gysfm.com.ar\/inicio\/wp-content\/uploads\/2026\/04\/axel-kicillof-stock-2229378.jpg","width":1140,"height":641},{"@type":"BreadcrumbList","@id":"https:\/\/gysfm.com.ar\/inicio\/kicillof-edges-forward-as-peronism-eyes-2027-opening\/#breadcrumb","itemListElement":[{"@type":"ListItem","position":1,"name":"Portada","item":"https:\/\/gysfm.com.ar\/inicio\/"},{"@type":"ListItem","position":2,"name":"Kicillof edges forward as Peronism eyes 2027 opening"}]},{"@type":"WebSite","@id":"https:\/\/gysfm.com.ar\/inicio\/#website","url":"https:\/\/gysfm.com.ar\/inicio\/","name":"GYS NOTICIAS |","description":"DIARIO - RADIO ONLINE SAN JUAN ARGENTINA","publisher":{"@id":"https:\/\/gysfm.com.ar\/inicio\/#organization"},"potentialAction":[{"@type":"SearchAction","target":{"@type":"EntryPoint","urlTemplate":"https:\/\/gysfm.com.ar\/inicio\/?s={search_term_string}"},"query-input":{"@type":"PropertyValueSpecification","valueRequired":true,"valueName":"search_term_string"}}],"inLanguage":"es"},{"@type":"Organization","@id":"https:\/\/gysfm.com.ar\/inicio\/#organization","name":"GYS NOTICIAS |","url":"https:\/\/gysfm.com.ar\/inicio\/","logo":{"@type":"ImageObject","inLanguage":"es","@id":"https:\/\/gysfm.com.ar\/inicio\/#\/schema\/logo\/image\/","url":"https:\/\/gysfm.com.ar\/inicio\/wp-content\/uploads\/2023\/07\/LOGOGYS-OK.png","contentUrl":"https:\/\/gysfm.com.ar\/inicio\/wp-content\/uploads\/2023\/07\/LOGOGYS-OK.png","width":1170,"height":872,"caption":"GYS NOTICIAS |"},"image":{"@id":"https:\/\/gysfm.com.ar\/inicio\/#\/schema\/logo\/image\/"}},{"@type":"Person","@id":"https:\/\/gysfm.com.ar\/inicio\/#\/schema\/person\/3abba7593ef2ad19e1be221d54383dc5","name":"Prensa G&amp;S FM","image":{"@type":"ImageObject","inLanguage":"es","@id":"https:\/\/gysfm.com.ar\/inicio\/#\/schema\/person\/image\/","url":"https:\/\/secure.gravatar.com\/avatar\/096ec78df02049ab018702bb4ccedf659377fa92a26540b5247612077a0dbd29?s=96&d=mm&r=g","contentUrl":"https:\/\/secure.gravatar.com\/avatar\/096ec78df02049ab018702bb4ccedf659377fa92a26540b5247612077a0dbd29?s=96&d=mm&r=g","caption":"Prensa G&amp;S FM"},"sameAs":["https:\/\/gysfm.com.ar\/"],"url":"https:\/\/gysfm.com.ar\/inicio\/author\/lucasm\/"}]}},"_links":{"self":[{"href":"https:\/\/gysfm.com.ar\/inicio\/wp-json\/wp\/v2\/posts\/193622","targetHints":{"allow":["GET"]}}],"collection":[{"href":"https:\/\/gysfm.com.ar\/inicio\/wp-json\/wp\/v2\/posts"}],"about":[{"href":"https:\/\/gysfm.com.ar\/inicio\/wp-json\/wp\/v2\/types\/post"}],"author":[{"embeddable":true,"href":"https:\/\/gysfm.com.ar\/inicio\/wp-json\/wp\/v2\/users\/2"}],"replies":[{"embeddable":true,"href":"https:\/\/gysfm.com.ar\/inicio\/wp-json\/wp\/v2\/comments?post=193622"}],"version-history":[{"count":0,"href":"https:\/\/gysfm.com.ar\/inicio\/wp-json\/wp\/v2\/posts\/193622\/revisions"}],"wp:featuredmedia":[{"embeddable":true,"href":"https:\/\/gysfm.com.ar\/inicio\/wp-json\/wp\/v2\/media\/193623"}],"wp:attachment":[{"href":"https:\/\/gysfm.com.ar\/inicio\/wp-json\/wp\/v2\/media?parent=193622"}],"wp:term":[{"taxonomy":"category","embeddable":true,"href":"https:\/\/gysfm.com.ar\/inicio\/wp-json\/wp\/v2\/categories?post=193622"},{"taxonomy":"post_tag","embeddable":true,"href":"https:\/\/gysfm.com.ar\/inicio\/wp-json\/wp\/v2\/tags?post=193622"}],"curies":[{"name":"wp","href":"https:\/\/api.w.org\/{rel}","templated":true}]}}