{"id":193614,"date":"2026-04-29T04:00:05","date_gmt":"2026-04-29T07:00:05","guid":{"rendered":"https:\/\/gysfm.com.ar\/inicio\/trump-se-olvido-de-iran-y-malvinas-y-recibio-al-rey-carlos-iii-no-tengo-amigos-mas-intimos-que-los-britanicos\/"},"modified":"2026-04-29T04:00:05","modified_gmt":"2026-04-29T07:00:05","slug":"trump-se-olvido-de-iran-y-malvinas-y-recibio-al-rey-carlos-iii-no-tengo-amigos-mas-intimos-que-los-britanicos","status":"publish","type":"post","link":"https:\/\/gysfm.com.ar\/inicio\/trump-se-olvido-de-iran-y-malvinas-y-recibio-al-rey-carlos-iii-no-tengo-amigos-mas-intimos-que-los-britanicos\/","title":{"rendered":"Trump se olvid\u00f3 de Ir\u00e1n y Malvinas, y recibi\u00f3 al rey Carlos III: \u00abNo tengo amigos m\u00e1s \u00edntimos que los brit\u00e1nicos\u00bb"},"content":{"rendered":"<p><\/p>\n<div id=\"article-content\">\n<p>El presidente de Estados Unidos, <a target=\"_blank\" href=\"https:\/\/www.perfil.com\/noticias\/reperfilar\/malvinas-trump-analiza-quitar-el-apoyo-al-reino-unido-cual-fue-la-reaccion-de-la-prensa-britanica.phtml\"><strong>Donald Trump<\/strong><\/a>, recibi\u00f3 este martes al rey <a target=\"_blank\" href=\"https:\/\/www.perfil.com\/noticias\/internacional\/el-rey-carlos-iii-se-despega-de-andres-por-el-caso-epstein-y-asegura-que-colaborara-con-la-policia.phtml\"><strong>Carlos III<\/strong> <\/a>y a la reina <strong>Camila<\/strong> de Inglaterra en la <strong>Casa Blanca<\/strong>, en el marco de una visita de Estado de cuatro d\u00edas que conmemora el 250 aniversario de la firma de la <strong>Declaraci\u00f3n de Independencia<\/strong> del pa\u00eds.<\/p>\n<p>Es la primera visita del monarca a <strong>Estados Unidos<\/strong> desde que lleg\u00f3 al trono, en 2022, y la primera visita de Estado de un soberano brit\u00e1nico desde que la reina <strong>Isabel II<\/strong> fue recibida por <strong>George W. Bush<\/strong> en 2007. Ocurre en medio de una fractura entre <strong>Trump<\/strong> y el primer ministro brit\u00e1nico, <a target=\"_blank\" href=\"https:\/\/www.perfil.com\/noticias\/internacional\/londres-responde-a-las-amenazas-de-trump-sobre-la-soberania-de-las-malvinas-la-soberania-pertenece-al-reino-unido.phtml\"><strong>Keir Starmer<\/strong><\/a>, por la negativa de <strong>Gran Breta\u00f1a<\/strong> a apoyar los bombardeos contra <strong>Ir\u00e1n<\/strong>. El presidente de Estados Unidos llam\u00f3 <strong>\u00abcobardes\u00bb<\/strong> a los aliados de la OTAN que no se sumaron al ataque.<\/p>\n<p class=\"destacadoNota\"><a target=\"_blank\" href=\"https:\/\/www.perfil.com\/noticias\/internacional\/malvinas-que-hay-detras-del-giro-de-trump-y-el-vacio-estrategico-del-gobierno-libertario-a39.phtml\">Malvinas: qu\u00e9 hay detr\u00e1s del giro de Trump y el vac\u00edo estrat\u00e9gico del Gobierno<\/a><\/p>\n<div class=\"subscription\">\n<p>\n        Esto no les gusta a los autoritarios\n    <\/p>\n<div class=\"subscription__container\">\n<div class=\"subscription__text-wrapper\">\n<p>\n                El ejercicio del periodismo profesional y cr\u00edtico es un pilar fundamental de la democracia. Por eso molesta a quienes creen ser los due\u00f1os de la verdad.\n            <\/p>\n<\/p><\/div><\/div>\n<\/div>\n<p>En ese contexto, un correo filtrado del <strong>Pent\u00e1gono<\/strong> sugiri\u00f3 que <strong>Estados Unidos<\/strong> podr\u00eda usar el reclamo argentino por <strong>Malvinas<\/strong> como <strong>herramienta de presi\u00f3n contra Gran Breta\u00f1a<\/strong>.<\/p>\n<h2>Donald Trump elogia a los brit\u00e1nicos y evita mencionar a Keir Starmer<\/h2>\n<p>El rey y la reina arribaron a <strong>Washington<\/strong> el lunes 27 de abril y fueron recibidos por <strong>Trump<\/strong> y la primera dama <strong>Melania Trump<\/strong> con un t\u00e9 privado en la <strong>Casa Blanca<\/strong>, seguido de un saludo militar de 21 ca\u00f1onazos, desfile de tropas, un sobrevuelo de cuatro cazas <strong>F-35<\/strong>, y un recorrido por las colmenas del jard\u00edn sur.  <\/p>\n<div style=\"text-align:center\">\n<figure class=\"image\" style=\"display:inline-block\"><picture><source media=\"(max-width: 440px)\" srcset=\"https:\/\/fotos.perfil.com\/\/\/2026\/04\/28\/440\/0\/rey-carlos-y-donald-trump-28042026-2229383.jpg?webp\"\/><source media=\"(max-width: 1019px)\" srcset=\"https:\/\/fotos.perfil.com\/\/\/2026\/04\/28\/712\/0\/rey-carlos-y-donald-trump-28042026-2229383.jpg?webp\"\/><img decoding=\"async\" style=\"max-width: 100%; width: 100%;\" alt=\"Los reyes Camila y Carlos de Inglaterra junto al presidente de Estados Unidos, Donald Trump, y su esposa Melania\" height=\"730\" src=\"https:\/\/fotos.perfil.com\/\/\/2026\/04\/28\/900\/0\/rey-carlos-y-donald-trump-28042026-2229383.jpg?webp\" width=\"1300\" loading=\"lazy\"\/><\/picture><figcaption>Los reyes Camila y Carlos de Inglaterra junto al presidente de Estados Unidos, Donald Trump, y su esposa Melania.<\/figcaption><\/figure>\n<\/p><\/div>\n<p>En su discurso de bienvenida, <strong>Trump<\/strong> afirm\u00f3: \u00abEn los siglos transcurridos desde que ganamos nuestra independencia, <strong>los estadounidenses no tuvieron amigos m\u00e1s \u00edntimos que los brit\u00e1nicos<\/strong>\u00bb . Agreg\u00f3 que ambos pa\u00edses mantienen \u00abuna <strong>relaci\u00f3n especial<\/strong>\u00ab, y que espera que \u00absiempre permanezca as\u00ed\u00bb. Tambi\u00e9n hizo referencia al encuentro entre <strong>Winston Churchill<\/strong> y <strong>Franklin Roosevelt<\/strong> a bordo del barco \u00ab<strong>Pr\u00edncipe de Gales<\/strong>\u00ab, el t\u00edtulo que <strong>Carlos<\/strong> llev\u00f3 durante d\u00e9cadas, donde se configur\u00f3 el mapa geopol\u00edtico tras la <strong>Segunda Guerra Mundial<\/strong>.<\/p>\n<div style=\"text-align:center\">\n<figure class=\"image\" style=\"display:inline-block\"><picture><source media=\"(max-width: 440px)\" srcset=\"https:\/\/fotos.perfil.com\/\/\/2026\/04\/28\/440\/0\/rey-carlos-y-donald-trump-28042026-2229387.jpg?webp\"\/><source media=\"(max-width: 1019px)\" srcset=\"https:\/\/fotos.perfil.com\/\/\/2026\/04\/28\/712\/0\/rey-carlos-y-donald-trump-28042026-2229387.jpg?webp\"\/><img decoding=\"async\" style=\"max-width: 100%; width: 100%;\" alt=\"Carlos III y Donald Trump pasean por los jardines de la Casa Blanca junto a sus esposas, Camila y Melania. \" height=\"730\" src=\"https:\/\/fotos.perfil.com\/\/\/2026\/04\/28\/900\/0\/rey-carlos-y-donald-trump-28042026-2229387.jpg?webp\" width=\"1300\" loading=\"lazy\"\/><\/picture><figcaption>Carlos III y Donald Trump pasean por los jardines de la Casa Blanca junto a sus esposas, Camila y Melania. <\/figcaption><\/figure>\n<\/p><\/div>\n<p><strong>Trump<\/strong> tambi\u00e9n dijo que \u00abning\u00fan tributo podr\u00eda ser m\u00e1s apropiado\u00bb para iniciar las celebraciones de la independencia estadounidense que una visita del monarca brit\u00e1nico, y brome\u00f3 sobre su supuesto parentesco lejano con <strong>Carlos<\/strong>, descubierto por un genealogista. La reuni\u00f3n bilateral entre ambos mandatarios se realiz\u00f3 a puertas cerradas en el <strong>Despacho Oval<\/strong> .<\/p>\n<div style=\"text-align:center\">\n<figure class=\"image\" style=\"display:inline-block\"><picture><source media=\"(max-width: 440px)\" srcset=\"https:\/\/fotos.perfil.com\/\/\/2026\/04\/28\/440\/0\/rey-carlos-y-donald-trump-28042026-2229384.jpg?webp\"\/><source media=\"(max-width: 1019px)\" srcset=\"https:\/\/fotos.perfil.com\/\/\/2026\/04\/28\/712\/0\/rey-carlos-y-donald-trump-28042026-2229384.jpg?webp\"\/><img decoding=\"async\" style=\"max-width: 100%; width: 100%;\" alt=\"Carlos III, Donald Trump y sus colaboradores en una reuni\u00f3n bilateral en el Sal\u00f3n Oval de la Casa Blanca. \" height=\"730\" src=\"https:\/\/fotos.perfil.com\/\/\/2026\/04\/28\/900\/0\/rey-carlos-y-donald-trump-28042026-2229384.jpg?webp\" width=\"1300\" loading=\"lazy\"\/><\/picture><figcaption>Carlos III, Donald Trump y sus colaboradores en una reuni\u00f3n bilateral en el Sal\u00f3n Oval de la Casa Blanca. Caption<\/figcaption><\/figure>\n<\/p><\/div>\n<p><strong>Carlos III<\/strong> no habl\u00f3 en la ceremonia de recepci\u00f3n. Se espera que pronuncie un discurso ante una sesi\u00f3n conjunta del <strong>Congreso<\/strong> estadounidense, tal como hizo su madre, la reina Isabel, en 1991. <\/p>\n<h2>El reclamo por Malvinas, un factor inesperado en la tensa relaci\u00f3n bilateral <\/h2>\n<p>En las \u00faltimas semanas, <strong>Trump<\/strong> critic\u00f3 duramente al primer ministro brit\u00e1nico, <strong>Keir Starmer,<\/strong> por su negativa a sumarse a los ataques militares estadounidenses contra <strong>Ir\u00e1n<\/strong>, y lo descalific\u00f3 diciendo que \u00abno es <strong>Winston Churchill<\/strong>\u00ab, en medio de una invectiva a los pa\u00edses de la OTAN que no acompa\u00f1aron los bombardeos. <\/p>\n<p>Esa situaci\u00f3n tuvo una derivaci\u00f3n inesperada en relaci\u00f3n con la Argentina: seg\u00fan inform\u00f3 la agencia Reuters, se filtr\u00f3 un correo electr\u00f3nico del <strong>Pent\u00e1gono<\/strong> donde se sugiere que <strong>Estados Unidos<\/strong> podr\u00eda \u00abreconsiderar su apoyo a posesiones imperiales como las <strong>Malvinas<\/strong>\u00ab. La posici\u00f3n hist\u00f3rica de <strong>Washington<\/strong> sobre las islas Malvinas se describe como \u00abneutral\u00bb, aunque durante la guerra de 1982 el gobierno de <strong>Ronald Reagan<\/strong> apoy\u00f3 a <strong>Gran Breta\u00f1a<\/strong> .Este posible giro diplom\u00e1tico funciona como una represalia a Gran Breta\u00f1a por negarse a dar derechos de acceso, bases y sobrevuelo en su territorio para la campa\u00f1a contra <strong>Ir\u00e1n<\/strong>.<\/p>\n<p>Ante la difusi\u00f3n de estos rumores, el gobierno brit\u00e1nico respondi\u00f3 que la soberan\u00eda del <strong>Reino Unido<\/strong> y el derecho a la autodeterminaci\u00f3n de los isle\u00f1os <strong>\u00abno est\u00e1n en cuesti\u00f3n\u00bb<\/strong>, y record\u00f3 el refer\u00e9ndum de 2013 en el que la poblaci\u00f3n vot\u00f3 abrumadoramente por permanecer bajo bandera brit\u00e1nica..<\/p>\n<p><strong>Argentina<\/strong> aprovech\u00f3 la coyuntura para reiterar su reclamo. El presidente <strong>Javier Milei <\/strong>se refiri\u00f3 a la cuesti\u00f3n como un tema pendiente, y el canciller <strong>Pablo Quirno<\/strong> reafirm\u00f3 en <strong>X<\/strong> la voluntad argentina de \u00ab<strong>reanudar negociaciones bilaterales con el Reino Unido<\/strong>\u00bb para encontrar una soluci\u00f3n pac\u00edfica y definitiva a la disputa de soberan\u00eda. El Ministerio de Relaciones Exteriores brit\u00e1nico, sin embargo, trata el escenario como \u00abhipot\u00e9tico\u00bb, Y la administraci\u00f3n de Estados Unidos no se expidi\u00f3 oficialmente sobre el tema. <\/p>\n<p>MB CP<\/p>\n<\/p><\/div>\n<p><script>\n                !function(f,b,e,v,n,t,s)\n                {if(f.fbq)return;n=f.fbq=function(){n.callMethod?\n                    n.callMethod.apply(n,arguments):n.queue.push(arguments)};\n                    if(!f._fbq)f._fbq=n;n.push=n;n.loaded=!0;n.version='2.0';\n                    n.queue=[];t=b.createElement(e);t.async=!0;\n                    t.src=v;s=b.getElementsByTagName(e)[0];\n                    s.parentNode.insertBefore(t,s)}(window, document,'script',\n                    'https:\/\/connect.facebook.net\/en_US\/fbevents.js');\n                window.paywallConfig.facebook_pixel=\"1000228364089342\"\n            <\/script><\/p>\n","protected":false},"excerpt":{"rendered":"<p>El presidente de Estados Unidos, Donald Trump, recibi\u00f3 este martes al rey Carlos III y a la reina Camila de Inglaterra en la Casa Blanca, en el marco de una visita de Estado de cuatro d\u00edas que conmemora el 250 aniversario de la firma de la Declaraci\u00f3n de Independencia del pa\u00eds. Es la primera visita [&hellip;]<\/p>\n","protected":false},"author":2,"featured_media":193615,"comment_status":"closed","ping_status":"closed","sticky":false,"template":"","format":"standard","meta":{"footnotes":""},"categories":[25],"tags":[],"class_list":["post-193614","post","type-post","status-publish","format-standard","has-post-thumbnail","hentry","category-nacionales"],"yoast_head":"<!-- This site is optimized with the Yoast SEO plugin v24.4 - https:\/\/yoast.com\/wordpress\/plugins\/seo\/ -->\n<title>Trump se olvid\u00f3 de Ir\u00e1n y Malvinas, y recibi\u00f3 al rey Carlos III: &quot;No tengo amigos m\u00e1s \u00edntimos que los brit\u00e1nicos&quot; - GYS NOTICIAS |<\/title>\n<meta name=\"robots\" content=\"index, follow, max-snippet:-1, max-image-preview:large, max-video-preview:-1\" \/>\n<link rel=\"canonical\" href=\"https:\/\/gysfm.com.ar\/inicio\/trump-se-olvido-de-iran-y-malvinas-y-recibio-al-rey-carlos-iii-no-tengo-amigos-mas-intimos-que-los-britanicos\/\" \/>\n<meta property=\"og:locale\" content=\"es_ES\" \/>\n<meta property=\"og:type\" content=\"article\" \/>\n<meta property=\"og:title\" content=\"Trump se olvid\u00f3 de Ir\u00e1n y Malvinas, y recibi\u00f3 al rey Carlos III: &quot;No tengo amigos m\u00e1s \u00edntimos que los brit\u00e1nicos&quot; - GYS NOTICIAS |\" \/>\n<meta property=\"og:description\" content=\"El presidente de Estados Unidos, Donald Trump, recibi\u00f3 este martes al rey Carlos III y a la reina Camila de Inglaterra en la Casa Blanca, en el marco de una visita de Estado de cuatro d\u00edas que conmemora el 250 aniversario de la firma de la Declaraci\u00f3n de Independencia del pa\u00eds. Es la primera visita [&hellip;]\" \/>\n<meta property=\"og:url\" content=\"https:\/\/gysfm.com.ar\/inicio\/trump-se-olvido-de-iran-y-malvinas-y-recibio-al-rey-carlos-iii-no-tengo-amigos-mas-intimos-que-los-britanicos\/\" \/>\n<meta property=\"og:site_name\" content=\"GYS NOTICIAS |\" \/>\n<meta property=\"article:published_time\" content=\"2026-04-29T07:00:05+00:00\" \/>\n<meta property=\"og:image\" content=\"https:\/\/fotos.perfil.com\/\/\/2026\/04\/28\/900\/0\/rey-carlos-y-donald-trump-28042026-2229383.jpg?webp\" \/>\n<meta name=\"author\" content=\"Prensa G&amp;S FM\" \/>\n<meta name=\"twitter:card\" content=\"summary_large_image\" \/>\n<meta name=\"twitter:label1\" content=\"Escrito por\" \/>\n\t<meta name=\"twitter:data1\" content=\"Prensa G&amp;S FM\" \/>\n\t<meta name=\"twitter:label2\" content=\"Tiempo de lectura\" \/>\n\t<meta name=\"twitter:data2\" content=\"4 minutos\" \/>\n<script type=\"application\/ld+json\" class=\"yoast-schema-graph\">{\"@context\":\"https:\/\/schema.org\",\"@graph\":[{\"@type\":\"Article\",\"@id\":\"https:\/\/gysfm.com.ar\/inicio\/trump-se-olvido-de-iran-y-malvinas-y-recibio-al-rey-carlos-iii-no-tengo-amigos-mas-intimos-que-los-britanicos\/#article\",\"isPartOf\":{\"@id\":\"https:\/\/gysfm.com.ar\/inicio\/trump-se-olvido-de-iran-y-malvinas-y-recibio-al-rey-carlos-iii-no-tengo-amigos-mas-intimos-que-los-britanicos\/\"},\"author\":{\"name\":\"Prensa G&amp;S FM\",\"@id\":\"https:\/\/gysfm.com.ar\/inicio\/#\/schema\/person\/3abba7593ef2ad19e1be221d54383dc5\"},\"headline\":\"Trump se olvid\u00f3 de Ir\u00e1n y Malvinas, y recibi\u00f3 al rey Carlos III: \u00abNo tengo amigos m\u00e1s \u00edntimos que los brit\u00e1nicos\u00bb\",\"datePublished\":\"2026-04-29T07:00:05+00:00\",\"mainEntityOfPage\":{\"@id\":\"https:\/\/gysfm.com.ar\/inicio\/trump-se-olvido-de-iran-y-malvinas-y-recibio-al-rey-carlos-iii-no-tengo-amigos-mas-intimos-que-los-britanicos\/\"},\"wordCount\":875,\"publisher\":{\"@id\":\"https:\/\/gysfm.com.ar\/inicio\/#organization\"},\"image\":{\"@id\":\"https:\/\/gysfm.com.ar\/inicio\/trump-se-olvido-de-iran-y-malvinas-y-recibio-al-rey-carlos-iii-no-tengo-amigos-mas-intimos-que-los-britanicos\/#primaryimage\"},\"thumbnailUrl\":\"https:\/\/gysfm.com.ar\/inicio\/wp-content\/uploads\/2026\/04\/rey-carlos-y-donald-trump-28042026-2229388.jpg\",\"articleSection\":[\"NACIONALES\"],\"inLanguage\":\"es\"},{\"@type\":\"WebPage\",\"@id\":\"https:\/\/gysfm.com.ar\/inicio\/trump-se-olvido-de-iran-y-malvinas-y-recibio-al-rey-carlos-iii-no-tengo-amigos-mas-intimos-que-los-britanicos\/\",\"url\":\"https:\/\/gysfm.com.ar\/inicio\/trump-se-olvido-de-iran-y-malvinas-y-recibio-al-rey-carlos-iii-no-tengo-amigos-mas-intimos-que-los-britanicos\/\",\"name\":\"Trump se olvid\u00f3 de Ir\u00e1n y Malvinas, y recibi\u00f3 al rey Carlos III: \\\"No tengo amigos m\u00e1s \u00edntimos que los brit\u00e1nicos\\\" - GYS NOTICIAS |\",\"isPartOf\":{\"@id\":\"https:\/\/gysfm.com.ar\/inicio\/#website\"},\"primaryImageOfPage\":{\"@id\":\"https:\/\/gysfm.com.ar\/inicio\/trump-se-olvido-de-iran-y-malvinas-y-recibio-al-rey-carlos-iii-no-tengo-amigos-mas-intimos-que-los-britanicos\/#primaryimage\"},\"image\":{\"@id\":\"https:\/\/gysfm.com.ar\/inicio\/trump-se-olvido-de-iran-y-malvinas-y-recibio-al-rey-carlos-iii-no-tengo-amigos-mas-intimos-que-los-britanicos\/#primaryimage\"},\"thumbnailUrl\":\"https:\/\/gysfm.com.ar\/inicio\/wp-content\/uploads\/2026\/04\/rey-carlos-y-donald-trump-28042026-2229388.jpg\",\"datePublished\":\"2026-04-29T07:00:05+00:00\",\"breadcrumb\":{\"@id\":\"https:\/\/gysfm.com.ar\/inicio\/trump-se-olvido-de-iran-y-malvinas-y-recibio-al-rey-carlos-iii-no-tengo-amigos-mas-intimos-que-los-britanicos\/#breadcrumb\"},\"inLanguage\":\"es\",\"potentialAction\":[{\"@type\":\"ReadAction\",\"target\":[\"https:\/\/gysfm.com.ar\/inicio\/trump-se-olvido-de-iran-y-malvinas-y-recibio-al-rey-carlos-iii-no-tengo-amigos-mas-intimos-que-los-britanicos\/\"]}]},{\"@type\":\"ImageObject\",\"inLanguage\":\"es\",\"@id\":\"https:\/\/gysfm.com.ar\/inicio\/trump-se-olvido-de-iran-y-malvinas-y-recibio-al-rey-carlos-iii-no-tengo-amigos-mas-intimos-que-los-britanicos\/#primaryimage\",\"url\":\"https:\/\/gysfm.com.ar\/inicio\/wp-content\/uploads\/2026\/04\/rey-carlos-y-donald-trump-28042026-2229388.jpg\",\"contentUrl\":\"https:\/\/gysfm.com.ar\/inicio\/wp-content\/uploads\/2026\/04\/rey-carlos-y-donald-trump-28042026-2229388.jpg\",\"width\":1140,\"height\":641},{\"@type\":\"BreadcrumbList\",\"@id\":\"https:\/\/gysfm.com.ar\/inicio\/trump-se-olvido-de-iran-y-malvinas-y-recibio-al-rey-carlos-iii-no-tengo-amigos-mas-intimos-que-los-britanicos\/#breadcrumb\",\"itemListElement\":[{\"@type\":\"ListItem\",\"position\":1,\"name\":\"Portada\",\"item\":\"https:\/\/gysfm.com.ar\/inicio\/\"},{\"@type\":\"ListItem\",\"position\":2,\"name\":\"Trump se olvid\u00f3 de Ir\u00e1n y Malvinas, y recibi\u00f3 al rey Carlos III: \u00abNo tengo amigos m\u00e1s \u00edntimos que los brit\u00e1nicos\u00bb\"}]},{\"@type\":\"WebSite\",\"@id\":\"https:\/\/gysfm.com.ar\/inicio\/#website\",\"url\":\"https:\/\/gysfm.com.ar\/inicio\/\",\"name\":\"GYS NOTICIAS |\",\"description\":\"DIARIO - RADIO ONLINE SAN JUAN ARGENTINA\",\"publisher\":{\"@id\":\"https:\/\/gysfm.com.ar\/inicio\/#organization\"},\"potentialAction\":[{\"@type\":\"SearchAction\",\"target\":{\"@type\":\"EntryPoint\",\"urlTemplate\":\"https:\/\/gysfm.com.ar\/inicio\/?s={search_term_string}\"},\"query-input\":{\"@type\":\"PropertyValueSpecification\",\"valueRequired\":true,\"valueName\":\"search_term_string\"}}],\"inLanguage\":\"es\"},{\"@type\":\"Organization\",\"@id\":\"https:\/\/gysfm.com.ar\/inicio\/#organization\",\"name\":\"GYS NOTICIAS |\",\"url\":\"https:\/\/gysfm.com.ar\/inicio\/\",\"logo\":{\"@type\":\"ImageObject\",\"inLanguage\":\"es\",\"@id\":\"https:\/\/gysfm.com.ar\/inicio\/#\/schema\/logo\/image\/\",\"url\":\"https:\/\/gysfm.com.ar\/inicio\/wp-content\/uploads\/2023\/07\/LOGOGYS-OK.png\",\"contentUrl\":\"https:\/\/gysfm.com.ar\/inicio\/wp-content\/uploads\/2023\/07\/LOGOGYS-OK.png\",\"width\":1170,\"height\":872,\"caption\":\"GYS NOTICIAS |\"},\"image\":{\"@id\":\"https:\/\/gysfm.com.ar\/inicio\/#\/schema\/logo\/image\/\"}},{\"@type\":\"Person\",\"@id\":\"https:\/\/gysfm.com.ar\/inicio\/#\/schema\/person\/3abba7593ef2ad19e1be221d54383dc5\",\"name\":\"Prensa G&amp;S FM\",\"image\":{\"@type\":\"ImageObject\",\"inLanguage\":\"es\",\"@id\":\"https:\/\/gysfm.com.ar\/inicio\/#\/schema\/person\/image\/\",\"url\":\"https:\/\/secure.gravatar.com\/avatar\/096ec78df02049ab018702bb4ccedf659377fa92a26540b5247612077a0dbd29?s=96&d=mm&r=g\",\"contentUrl\":\"https:\/\/secure.gravatar.com\/avatar\/096ec78df02049ab018702bb4ccedf659377fa92a26540b5247612077a0dbd29?s=96&d=mm&r=g\",\"caption\":\"Prensa G&amp;S FM\"},\"sameAs\":[\"https:\/\/gysfm.com.ar\/\"],\"url\":\"https:\/\/gysfm.com.ar\/inicio\/author\/lucasm\/\"}]}<\/script>\n<!-- \/ Yoast SEO plugin. -->","yoast_head_json":{"title":"Trump se olvid\u00f3 de Ir\u00e1n y Malvinas, y recibi\u00f3 al rey Carlos III: \"No tengo amigos m\u00e1s \u00edntimos que los brit\u00e1nicos\" - GYS NOTICIAS |","robots":{"index":"index","follow":"follow","max-snippet":"max-snippet:-1","max-image-preview":"max-image-preview:large","max-video-preview":"max-video-preview:-1"},"canonical":"https:\/\/gysfm.com.ar\/inicio\/trump-se-olvido-de-iran-y-malvinas-y-recibio-al-rey-carlos-iii-no-tengo-amigos-mas-intimos-que-los-britanicos\/","og_locale":"es_ES","og_type":"article","og_title":"Trump se olvid\u00f3 de Ir\u00e1n y Malvinas, y recibi\u00f3 al rey Carlos III: \"No tengo amigos m\u00e1s \u00edntimos que los brit\u00e1nicos\" - GYS NOTICIAS |","og_description":"El presidente de Estados Unidos, Donald Trump, recibi\u00f3 este martes al rey Carlos III y a la reina Camila de Inglaterra en la Casa Blanca, en el marco de una visita de Estado de cuatro d\u00edas que conmemora el 250 aniversario de la firma de la Declaraci\u00f3n de Independencia del pa\u00eds. Es la primera visita [&hellip;]","og_url":"https:\/\/gysfm.com.ar\/inicio\/trump-se-olvido-de-iran-y-malvinas-y-recibio-al-rey-carlos-iii-no-tengo-amigos-mas-intimos-que-los-britanicos\/","og_site_name":"GYS NOTICIAS |","article_published_time":"2026-04-29T07:00:05+00:00","og_image":[{"url":"https:\/\/fotos.perfil.com\/\/\/2026\/04\/28\/900\/0\/rey-carlos-y-donald-trump-28042026-2229383.jpg?webp","type":"","width":"","height":""}],"author":"Prensa G&amp;S FM","twitter_card":"summary_large_image","twitter_misc":{"Escrito por":"Prensa G&amp;S FM","Tiempo de lectura":"4 minutos"},"schema":{"@context":"https:\/\/schema.org","@graph":[{"@type":"Article","@id":"https:\/\/gysfm.com.ar\/inicio\/trump-se-olvido-de-iran-y-malvinas-y-recibio-al-rey-carlos-iii-no-tengo-amigos-mas-intimos-que-los-britanicos\/#article","isPartOf":{"@id":"https:\/\/gysfm.com.ar\/inicio\/trump-se-olvido-de-iran-y-malvinas-y-recibio-al-rey-carlos-iii-no-tengo-amigos-mas-intimos-que-los-britanicos\/"},"author":{"name":"Prensa G&amp;S FM","@id":"https:\/\/gysfm.com.ar\/inicio\/#\/schema\/person\/3abba7593ef2ad19e1be221d54383dc5"},"headline":"Trump se olvid\u00f3 de Ir\u00e1n y Malvinas, y recibi\u00f3 al rey Carlos III: \u00abNo tengo amigos m\u00e1s \u00edntimos que los brit\u00e1nicos\u00bb","datePublished":"2026-04-29T07:00:05+00:00","mainEntityOfPage":{"@id":"https:\/\/gysfm.com.ar\/inicio\/trump-se-olvido-de-iran-y-malvinas-y-recibio-al-rey-carlos-iii-no-tengo-amigos-mas-intimos-que-los-britanicos\/"},"wordCount":875,"publisher":{"@id":"https:\/\/gysfm.com.ar\/inicio\/#organization"},"image":{"@id":"https:\/\/gysfm.com.ar\/inicio\/trump-se-olvido-de-iran-y-malvinas-y-recibio-al-rey-carlos-iii-no-tengo-amigos-mas-intimos-que-los-britanicos\/#primaryimage"},"thumbnailUrl":"https:\/\/gysfm.com.ar\/inicio\/wp-content\/uploads\/2026\/04\/rey-carlos-y-donald-trump-28042026-2229388.jpg","articleSection":["NACIONALES"],"inLanguage":"es"},{"@type":"WebPage","@id":"https:\/\/gysfm.com.ar\/inicio\/trump-se-olvido-de-iran-y-malvinas-y-recibio-al-rey-carlos-iii-no-tengo-amigos-mas-intimos-que-los-britanicos\/","url":"https:\/\/gysfm.com.ar\/inicio\/trump-se-olvido-de-iran-y-malvinas-y-recibio-al-rey-carlos-iii-no-tengo-amigos-mas-intimos-que-los-britanicos\/","name":"Trump se olvid\u00f3 de Ir\u00e1n y Malvinas, y recibi\u00f3 al rey Carlos III: \"No tengo amigos m\u00e1s \u00edntimos que los brit\u00e1nicos\" - GYS NOTICIAS |","isPartOf":{"@id":"https:\/\/gysfm.com.ar\/inicio\/#website"},"primaryImageOfPage":{"@id":"https:\/\/gysfm.com.ar\/inicio\/trump-se-olvido-de-iran-y-malvinas-y-recibio-al-rey-carlos-iii-no-tengo-amigos-mas-intimos-que-los-britanicos\/#primaryimage"},"image":{"@id":"https:\/\/gysfm.com.ar\/inicio\/trump-se-olvido-de-iran-y-malvinas-y-recibio-al-rey-carlos-iii-no-tengo-amigos-mas-intimos-que-los-britanicos\/#primaryimage"},"thumbnailUrl":"https:\/\/gysfm.com.ar\/inicio\/wp-content\/uploads\/2026\/04\/rey-carlos-y-donald-trump-28042026-2229388.jpg","datePublished":"2026-04-29T07:00:05+00:00","breadcrumb":{"@id":"https:\/\/gysfm.com.ar\/inicio\/trump-se-olvido-de-iran-y-malvinas-y-recibio-al-rey-carlos-iii-no-tengo-amigos-mas-intimos-que-los-britanicos\/#breadcrumb"},"inLanguage":"es","potentialAction":[{"@type":"ReadAction","target":["https:\/\/gysfm.com.ar\/inicio\/trump-se-olvido-de-iran-y-malvinas-y-recibio-al-rey-carlos-iii-no-tengo-amigos-mas-intimos-que-los-britanicos\/"]}]},{"@type":"ImageObject","inLanguage":"es","@id":"https:\/\/gysfm.com.ar\/inicio\/trump-se-olvido-de-iran-y-malvinas-y-recibio-al-rey-carlos-iii-no-tengo-amigos-mas-intimos-que-los-britanicos\/#primaryimage","url":"https:\/\/gysfm.com.ar\/inicio\/wp-content\/uploads\/2026\/04\/rey-carlos-y-donald-trump-28042026-2229388.jpg","contentUrl":"https:\/\/gysfm.com.ar\/inicio\/wp-content\/uploads\/2026\/04\/rey-carlos-y-donald-trump-28042026-2229388.jpg","width":1140,"height":641},{"@type":"BreadcrumbList","@id":"https:\/\/gysfm.com.ar\/inicio\/trump-se-olvido-de-iran-y-malvinas-y-recibio-al-rey-carlos-iii-no-tengo-amigos-mas-intimos-que-los-britanicos\/#breadcrumb","itemListElement":[{"@type":"ListItem","position":1,"name":"Portada","item":"https:\/\/gysfm.com.ar\/inicio\/"},{"@type":"ListItem","position":2,"name":"Trump se olvid\u00f3 de Ir\u00e1n y Malvinas, y recibi\u00f3 al rey Carlos III: \u00abNo tengo amigos m\u00e1s \u00edntimos que los brit\u00e1nicos\u00bb"}]},{"@type":"WebSite","@id":"https:\/\/gysfm.com.ar\/inicio\/#website","url":"https:\/\/gysfm.com.ar\/inicio\/","name":"GYS NOTICIAS |","description":"DIARIO - RADIO ONLINE SAN JUAN ARGENTINA","publisher":{"@id":"https:\/\/gysfm.com.ar\/inicio\/#organization"},"potentialAction":[{"@type":"SearchAction","target":{"@type":"EntryPoint","urlTemplate":"https:\/\/gysfm.com.ar\/inicio\/?s={search_term_string}"},"query-input":{"@type":"PropertyValueSpecification","valueRequired":true,"valueName":"search_term_string"}}],"inLanguage":"es"},{"@type":"Organization","@id":"https:\/\/gysfm.com.ar\/inicio\/#organization","name":"GYS NOTICIAS |","url":"https:\/\/gysfm.com.ar\/inicio\/","logo":{"@type":"ImageObject","inLanguage":"es","@id":"https:\/\/gysfm.com.ar\/inicio\/#\/schema\/logo\/image\/","url":"https:\/\/gysfm.com.ar\/inicio\/wp-content\/uploads\/2023\/07\/LOGOGYS-OK.png","contentUrl":"https:\/\/gysfm.com.ar\/inicio\/wp-content\/uploads\/2023\/07\/LOGOGYS-OK.png","width":1170,"height":872,"caption":"GYS NOTICIAS |"},"image":{"@id":"https:\/\/gysfm.com.ar\/inicio\/#\/schema\/logo\/image\/"}},{"@type":"Person","@id":"https:\/\/gysfm.com.ar\/inicio\/#\/schema\/person\/3abba7593ef2ad19e1be221d54383dc5","name":"Prensa G&amp;S FM","image":{"@type":"ImageObject","inLanguage":"es","@id":"https:\/\/gysfm.com.ar\/inicio\/#\/schema\/person\/image\/","url":"https:\/\/secure.gravatar.com\/avatar\/096ec78df02049ab018702bb4ccedf659377fa92a26540b5247612077a0dbd29?s=96&d=mm&r=g","contentUrl":"https:\/\/secure.gravatar.com\/avatar\/096ec78df02049ab018702bb4ccedf659377fa92a26540b5247612077a0dbd29?s=96&d=mm&r=g","caption":"Prensa G&amp;S FM"},"sameAs":["https:\/\/gysfm.com.ar\/"],"url":"https:\/\/gysfm.com.ar\/inicio\/author\/lucasm\/"}]}},"_links":{"self":[{"href":"https:\/\/gysfm.com.ar\/inicio\/wp-json\/wp\/v2\/posts\/193614","targetHints":{"allow":["GET"]}}],"collection":[{"href":"https:\/\/gysfm.com.ar\/inicio\/wp-json\/wp\/v2\/posts"}],"about":[{"href":"https:\/\/gysfm.com.ar\/inicio\/wp-json\/wp\/v2\/types\/post"}],"author":[{"embeddable":true,"href":"https:\/\/gysfm.com.ar\/inicio\/wp-json\/wp\/v2\/users\/2"}],"replies":[{"embeddable":true,"href":"https:\/\/gysfm.com.ar\/inicio\/wp-json\/wp\/v2\/comments?post=193614"}],"version-history":[{"count":0,"href":"https:\/\/gysfm.com.ar\/inicio\/wp-json\/wp\/v2\/posts\/193614\/revisions"}],"wp:featuredmedia":[{"embeddable":true,"href":"https:\/\/gysfm.com.ar\/inicio\/wp-json\/wp\/v2\/media\/193615"}],"wp:attachment":[{"href":"https:\/\/gysfm.com.ar\/inicio\/wp-json\/wp\/v2\/media?parent=193614"}],"wp:term":[{"taxonomy":"category","embeddable":true,"href":"https:\/\/gysfm.com.ar\/inicio\/wp-json\/wp\/v2\/categories?post=193614"},{"taxonomy":"post_tag","embeddable":true,"href":"https:\/\/gysfm.com.ar\/inicio\/wp-json\/wp\/v2\/tags?post=193614"}],"curies":[{"name":"wp","href":"https:\/\/api.w.org\/{rel}","templated":true}]}}