{"id":193612,"date":"2026-04-29T03:29:04","date_gmt":"2026-04-29T06:29:04","guid":{"rendered":"https:\/\/gysfm.com.ar\/inicio\/el-consejo-de-pichetto-a-bregman-si-deja-el-trotskismo-la-casa-rosada-estaria-al-alcance-de-su-mano\/"},"modified":"2026-04-29T03:29:04","modified_gmt":"2026-04-29T06:29:04","slug":"el-consejo-de-pichetto-a-bregman-si-deja-el-trotskismo-la-casa-rosada-estaria-al-alcance-de-su-mano","status":"publish","type":"post","link":"https:\/\/gysfm.com.ar\/inicio\/el-consejo-de-pichetto-a-bregman-si-deja-el-trotskismo-la-casa-rosada-estaria-al-alcance-de-su-mano\/","title":{"rendered":"El \u00abconsejo\u00bb de Pichetto a Bregman: \u00abSi deja el trotskismo, la Casa Rosada estar\u00eda al alcance de su mano\u00bb"},"content":{"rendered":"<p><\/p>\n<div id=\"article-content\">\n<p>En los pasillos del Congreso, donde las leyes se negocian y las alianzas se tejen en las sombras, un breve encuentro de ascensor entre dos figuras antag\u00f3nicas encendi\u00f3 al menos curiosidad. <a target=\"_blank\" href=\"https:\/\/www.perfil.com\/noticias\/modo-fontevecchia\/miguel-angel-pichetto-fue-un-error-de-cristina-no-ser-candidata-en-2019.phtml\"><strong>Miguel \u00c1ngel Pichetto<\/strong><\/a>, el eterno armador y s\u00edmbolo del pragmatismo peronista, se cruz\u00f3 con <a target=\"_blank\" href=\"https:\/\/www.perfil.com\/noticias\/modo-fontevecchia\/myriam-bregman-le-dije-gatito-mimoso-cuando-todos-se-arrodillaban-ante-milei-modof.phtml\"><strong>Myriam Bregman<\/strong><\/a>, la referente del PTS que sostiene la bandera de la intransigencia trotskista.<\/p>\n<p>Seg\u00fan testigos, Pichetto, con su habitual tono pausado y quir\u00fargico, le solt\u00f3 una frase que reson\u00f3 como una profec\u00eda o una provocaci\u00f3n: <strong>si deja el \u201ctrotskismo\u201d y gira hacia una \u201csocial democracia\u201d, la Casa Rosada estar\u00eda al alcance de su mano<\/strong>. La respuesta de \u00abLa Rusa\u00bb fue apenas una sonrisa, un gesto enigm\u00e1tico que algunos interpretan como cortes\u00eda y otros como el desprecio ideol\u00f3gico de quien no est\u00e1 dispuesta a \u00abtransar\u00bb con el sistema que critica.<\/p>\n<h2><strong>El fen\u00f3meno Bregman: tercera en las encuestas y primera en imagen<\/strong><\/h2>\n<p>La recomendaci\u00f3n de Pichetto no es caprichosa. Los \u00faltimos sondeos de opini\u00f3n p\u00fablica, reflejados en un reciente informe de <em>La Naci\u00f3n<\/em>, muestran que <strong>Myriam Bregman<\/strong> atraviesa su mejor momento estad\u00edstico. En un escenario polarizado, la diputada del Frente de Izquierda-Unidad (FIT-U) ya se ubica como la <strong>tercera fuerza en intenci\u00f3n de voto<\/strong>, solo por detr\u00e1s de las opciones de Javier Milei y el peronismo de <strong>Axel Kicillof.<\/strong><\/p>\n<div class=\"subscription\">\n<p>\n        Esto no les gusta a los autoritarios\n    <\/p>\n<div class=\"subscription__container\">\n<div class=\"subscription__text-wrapper\">\n<p>\n                El ejercicio del periodismo profesional y cr\u00edtico es un pilar fundamental de la democracia. Por eso molesta a quienes creen ser los due\u00f1os de la verdad.\n            <\/p>\n<\/p><\/div><\/div>\n<\/div>\n<p class=\"destacadoNota\"><a target=\"_blank\" href=\"https:\/\/www.perfil.com\/noticias\/modo-fontevecchia\/myriam-bregman-le-dije-gatito-mimoso-cuando-todos-se-arrodillaban-ante-milei-modof.phtml\">Myriam Bregman: \u201cLe dije \u2018gatito mimoso\u2019 cuando todos se arrodillaban ante Milei\u201d<\/a><\/p>\n<p>Los n\u00fameros son elocuentes: consultoras como <strong>Tendencias (11,4%)<\/strong>, <strong>Hugo Haime (13,8%)<\/strong> y <strong>Opina Argentina (9%)<\/strong> la posicionan con un techo electoral que la izquierda argentina no ve\u00eda hace d\u00e9cadas. M\u00e1s impactante a\u00fan es su imagen positiva, que llega al <strong>44%<\/strong>, empatando con Kicillof y superando a la mayor\u00eda de los dirigentes de la oposici\u00f3n tradicional.<\/p>\n<p>Sin embargo, este crecimiento viene acompa\u00f1ado de una paradoja: mientras Bregman sube, el FIT-U muestra grietas. Su partido, el PTS, decidi\u00f3 realizar un acto propio este 1\u00ba de Mayo en Ferro, despeg\u00e1ndose de sus socios (PO, IS y MST), quienes le recriminan una \u00abpol\u00edtica divisionista\u00bb en un momento clave de ajuste econ\u00f3mico.<\/p>\n<h2><strong>Pichetto: el tejedor de la unidad peronista<\/strong><\/h2>\n<p>Mientras le sugiere rumbos a la izquierda, Pichetto no descuida su propio tablero. El diputado ha vuelto a demostrar que para \u00e9l la pol\u00edtica es el arte de lo posible y, sobre todo, de la desmemoria selectiva. Recientemente, protagoniz\u00f3 un encuentro de alto impacto al <strong>visitar a Cristina Kirchner<\/strong> en sus oficinas de la calle San Jos\u00e9.<\/p>\n<p class=\"destacadoNota\"><a target=\"_blank\" href=\"https:\/\/www.perfil.com\/noticias\/modo-fontevecchia\/miguel-angel-pichetto-fue-un-error-de-cristina-no-ser-candidata-en-2019.phtml\">Pichetto propone una coalici\u00f3n que integre al peronismo bonaerense para competirle a Milei en 2027, como en Brasil o Francia<\/a><\/p>\n<p>Bajo la premisa de \u00abno hablar del pasado\u00bb, Pichetto y la expresidenta dialogaron sobre la unidad del peronismo. El exsenador, que supo ser vice de <strong>Mauricio Macri<\/strong>, ahora busca amalgamar al peronismo del interior con el kirchnerismo bonaerense, en un movimiento que muchos ven como una desautorizaci\u00f3n a la conducci\u00f3n de Kicillof. Para Pichetto, el objetivo es claro: un frente nacional que proteja la industria y a los empresarios argentinos frente al avance libertario.<\/p>\n<h2><strong>La respuesta de Bregman: \u00abNi gatita, ni sumisa\u00bb<\/strong><\/h2>\n<p>Pese al consejo de Pichetto y a su crecimiento en las encuestas de \u00abclase media\u00bb, Bregman no parece dispuesta a suavizar su discurso. En declaraciones recientes a <em>La Izquierda Diario<\/em>, la diputada fue tajante al cuestionar el armado pol\u00edtico que integra el propio Pichetto junto a figuras como Massot: <strong>\u201c\u00bfEse frente que arman va a derogar la reforma laboral que pidi\u00f3 Rocca?\u201d<\/strong>, dispar\u00f3 sin filtros.<\/p>\n<p>El encuentro en el ascensor deja una pregunta flotando en el aire del Palacio Legislativo: \u00bfEs Bregman una potencial l\u00edder atrapada en una estructura ideol\u00f3gica r\u00edgida, o es precisamente esa rigidez la que la ha llevado a ser la \u00fanica figura con imagen positiva que no se ha \u00abquemado\u00bb en la rosca del poder?<\/p>\n<p>fl\/ff<\/p>\n<\/p><\/div>\n<p><script>\n                !function(f,b,e,v,n,t,s)\n                {if(f.fbq)return;n=f.fbq=function(){n.callMethod?\n                    n.callMethod.apply(n,arguments):n.queue.push(arguments)};\n                    if(!f._fbq)f._fbq=n;n.push=n;n.loaded=!0;n.version='2.0';\n                    n.queue=[];t=b.createElement(e);t.async=!0;\n                    t.src=v;s=b.getElementsByTagName(e)[0];\n                    s.parentNode.insertBefore(t,s)}(window, document,'script',\n                    'https:\/\/connect.facebook.net\/en_US\/fbevents.js');\n                window.paywallConfig.facebook_pixel=\"1000228364089342\"\n            <\/script><\/p>\n","protected":false},"excerpt":{"rendered":"<p>En los pasillos del Congreso, donde las leyes se negocian y las alianzas se tejen en las sombras, un breve encuentro de ascensor entre dos figuras antag\u00f3nicas encendi\u00f3 al menos curiosidad. Miguel \u00c1ngel Pichetto, el eterno armador y s\u00edmbolo del pragmatismo peronista, se cruz\u00f3 con Myriam Bregman, la referente del PTS que sostiene la bandera [&hellip;]<\/p>\n","protected":false},"author":2,"featured_media":193613,"comment_status":"closed","ping_status":"closed","sticky":false,"template":"","format":"standard","meta":{"footnotes":""},"categories":[25],"tags":[],"class_list":["post-193612","post","type-post","status-publish","format-standard","has-post-thumbnail","hentry","category-nacionales"],"yoast_head":"<!-- This site is optimized with the Yoast SEO plugin v24.4 - https:\/\/yoast.com\/wordpress\/plugins\/seo\/ -->\n<title>El &quot;consejo&quot; de Pichetto a Bregman: &quot;Si deja el trotskismo, la Casa Rosada estar\u00eda al alcance de su mano&quot; - GYS NOTICIAS |<\/title>\n<meta name=\"robots\" content=\"index, follow, max-snippet:-1, max-image-preview:large, max-video-preview:-1\" \/>\n<link rel=\"canonical\" href=\"https:\/\/gysfm.com.ar\/inicio\/el-consejo-de-pichetto-a-bregman-si-deja-el-trotskismo-la-casa-rosada-estaria-al-alcance-de-su-mano\/\" \/>\n<meta property=\"og:locale\" content=\"es_ES\" \/>\n<meta property=\"og:type\" content=\"article\" \/>\n<meta property=\"og:title\" content=\"El &quot;consejo&quot; de Pichetto a Bregman: &quot;Si deja el trotskismo, la Casa Rosada estar\u00eda al alcance de su mano&quot; - GYS NOTICIAS |\" \/>\n<meta property=\"og:description\" content=\"En los pasillos del Congreso, donde las leyes se negocian y las alianzas se tejen en las sombras, un breve encuentro de ascensor entre dos figuras antag\u00f3nicas encendi\u00f3 al menos curiosidad. Miguel \u00c1ngel Pichetto, el eterno armador y s\u00edmbolo del pragmatismo peronista, se cruz\u00f3 con Myriam Bregman, la referente del PTS que sostiene la bandera [&hellip;]\" \/>\n<meta property=\"og:url\" content=\"https:\/\/gysfm.com.ar\/inicio\/el-consejo-de-pichetto-a-bregman-si-deja-el-trotskismo-la-casa-rosada-estaria-al-alcance-de-su-mano\/\" \/>\n<meta property=\"og:site_name\" content=\"GYS NOTICIAS |\" \/>\n<meta property=\"article:published_time\" content=\"2026-04-29T06:29:04+00:00\" \/>\n<meta name=\"author\" content=\"Prensa G&amp;S FM\" \/>\n<meta name=\"twitter:card\" content=\"summary_large_image\" \/>\n<meta name=\"twitter:label1\" content=\"Escrito por\" \/>\n\t<meta name=\"twitter:data1\" content=\"Prensa G&amp;S FM\" \/>\n\t<meta name=\"twitter:label2\" content=\"Tiempo de lectura\" \/>\n\t<meta name=\"twitter:data2\" content=\"3 minutos\" \/>\n<script type=\"application\/ld+json\" class=\"yoast-schema-graph\">{\"@context\":\"https:\/\/schema.org\",\"@graph\":[{\"@type\":\"Article\",\"@id\":\"https:\/\/gysfm.com.ar\/inicio\/el-consejo-de-pichetto-a-bregman-si-deja-el-trotskismo-la-casa-rosada-estaria-al-alcance-de-su-mano\/#article\",\"isPartOf\":{\"@id\":\"https:\/\/gysfm.com.ar\/inicio\/el-consejo-de-pichetto-a-bregman-si-deja-el-trotskismo-la-casa-rosada-estaria-al-alcance-de-su-mano\/\"},\"author\":{\"name\":\"Prensa G&amp;S FM\",\"@id\":\"https:\/\/gysfm.com.ar\/inicio\/#\/schema\/person\/3abba7593ef2ad19e1be221d54383dc5\"},\"headline\":\"El \u00abconsejo\u00bb de Pichetto a Bregman: \u00abSi deja el trotskismo, la Casa Rosada estar\u00eda al alcance de su mano\u00bb\",\"datePublished\":\"2026-04-29T06:29:04+00:00\",\"mainEntityOfPage\":{\"@id\":\"https:\/\/gysfm.com.ar\/inicio\/el-consejo-de-pichetto-a-bregman-si-deja-el-trotskismo-la-casa-rosada-estaria-al-alcance-de-su-mano\/\"},\"wordCount\":705,\"publisher\":{\"@id\":\"https:\/\/gysfm.com.ar\/inicio\/#organization\"},\"image\":{\"@id\":\"https:\/\/gysfm.com.ar\/inicio\/el-consejo-de-pichetto-a-bregman-si-deja-el-trotskismo-la-casa-rosada-estaria-al-alcance-de-su-mano\/#primaryimage\"},\"thumbnailUrl\":\"https:\/\/gysfm.com.ar\/inicio\/wp-content\/uploads\/2026\/04\/miguel-angel-pichetto-myriam-bregman-2229270.jpg\",\"articleSection\":[\"NACIONALES\"],\"inLanguage\":\"es\"},{\"@type\":\"WebPage\",\"@id\":\"https:\/\/gysfm.com.ar\/inicio\/el-consejo-de-pichetto-a-bregman-si-deja-el-trotskismo-la-casa-rosada-estaria-al-alcance-de-su-mano\/\",\"url\":\"https:\/\/gysfm.com.ar\/inicio\/el-consejo-de-pichetto-a-bregman-si-deja-el-trotskismo-la-casa-rosada-estaria-al-alcance-de-su-mano\/\",\"name\":\"El \\\"consejo\\\" de Pichetto a Bregman: \\\"Si deja el trotskismo, la Casa Rosada estar\u00eda al alcance de su mano\\\" - GYS NOTICIAS |\",\"isPartOf\":{\"@id\":\"https:\/\/gysfm.com.ar\/inicio\/#website\"},\"primaryImageOfPage\":{\"@id\":\"https:\/\/gysfm.com.ar\/inicio\/el-consejo-de-pichetto-a-bregman-si-deja-el-trotskismo-la-casa-rosada-estaria-al-alcance-de-su-mano\/#primaryimage\"},\"image\":{\"@id\":\"https:\/\/gysfm.com.ar\/inicio\/el-consejo-de-pichetto-a-bregman-si-deja-el-trotskismo-la-casa-rosada-estaria-al-alcance-de-su-mano\/#primaryimage\"},\"thumbnailUrl\":\"https:\/\/gysfm.com.ar\/inicio\/wp-content\/uploads\/2026\/04\/miguel-angel-pichetto-myriam-bregman-2229270.jpg\",\"datePublished\":\"2026-04-29T06:29:04+00:00\",\"breadcrumb\":{\"@id\":\"https:\/\/gysfm.com.ar\/inicio\/el-consejo-de-pichetto-a-bregman-si-deja-el-trotskismo-la-casa-rosada-estaria-al-alcance-de-su-mano\/#breadcrumb\"},\"inLanguage\":\"es\",\"potentialAction\":[{\"@type\":\"ReadAction\",\"target\":[\"https:\/\/gysfm.com.ar\/inicio\/el-consejo-de-pichetto-a-bregman-si-deja-el-trotskismo-la-casa-rosada-estaria-al-alcance-de-su-mano\/\"]}]},{\"@type\":\"ImageObject\",\"inLanguage\":\"es\",\"@id\":\"https:\/\/gysfm.com.ar\/inicio\/el-consejo-de-pichetto-a-bregman-si-deja-el-trotskismo-la-casa-rosada-estaria-al-alcance-de-su-mano\/#primaryimage\",\"url\":\"https:\/\/gysfm.com.ar\/inicio\/wp-content\/uploads\/2026\/04\/miguel-angel-pichetto-myriam-bregman-2229270.jpg\",\"contentUrl\":\"https:\/\/gysfm.com.ar\/inicio\/wp-content\/uploads\/2026\/04\/miguel-angel-pichetto-myriam-bregman-2229270.jpg\",\"width\":1140,\"height\":641},{\"@type\":\"BreadcrumbList\",\"@id\":\"https:\/\/gysfm.com.ar\/inicio\/el-consejo-de-pichetto-a-bregman-si-deja-el-trotskismo-la-casa-rosada-estaria-al-alcance-de-su-mano\/#breadcrumb\",\"itemListElement\":[{\"@type\":\"ListItem\",\"position\":1,\"name\":\"Portada\",\"item\":\"https:\/\/gysfm.com.ar\/inicio\/\"},{\"@type\":\"ListItem\",\"position\":2,\"name\":\"El \u00abconsejo\u00bb de Pichetto a Bregman: \u00abSi deja el trotskismo, la Casa Rosada estar\u00eda al alcance de su mano\u00bb\"}]},{\"@type\":\"WebSite\",\"@id\":\"https:\/\/gysfm.com.ar\/inicio\/#website\",\"url\":\"https:\/\/gysfm.com.ar\/inicio\/\",\"name\":\"GYS NOTICIAS |\",\"description\":\"DIARIO - RADIO ONLINE SAN JUAN ARGENTINA\",\"publisher\":{\"@id\":\"https:\/\/gysfm.com.ar\/inicio\/#organization\"},\"potentialAction\":[{\"@type\":\"SearchAction\",\"target\":{\"@type\":\"EntryPoint\",\"urlTemplate\":\"https:\/\/gysfm.com.ar\/inicio\/?s={search_term_string}\"},\"query-input\":{\"@type\":\"PropertyValueSpecification\",\"valueRequired\":true,\"valueName\":\"search_term_string\"}}],\"inLanguage\":\"es\"},{\"@type\":\"Organization\",\"@id\":\"https:\/\/gysfm.com.ar\/inicio\/#organization\",\"name\":\"GYS NOTICIAS |\",\"url\":\"https:\/\/gysfm.com.ar\/inicio\/\",\"logo\":{\"@type\":\"ImageObject\",\"inLanguage\":\"es\",\"@id\":\"https:\/\/gysfm.com.ar\/inicio\/#\/schema\/logo\/image\/\",\"url\":\"https:\/\/gysfm.com.ar\/inicio\/wp-content\/uploads\/2023\/07\/LOGOGYS-OK.png\",\"contentUrl\":\"https:\/\/gysfm.com.ar\/inicio\/wp-content\/uploads\/2023\/07\/LOGOGYS-OK.png\",\"width\":1170,\"height\":872,\"caption\":\"GYS NOTICIAS |\"},\"image\":{\"@id\":\"https:\/\/gysfm.com.ar\/inicio\/#\/schema\/logo\/image\/\"}},{\"@type\":\"Person\",\"@id\":\"https:\/\/gysfm.com.ar\/inicio\/#\/schema\/person\/3abba7593ef2ad19e1be221d54383dc5\",\"name\":\"Prensa G&amp;S FM\",\"image\":{\"@type\":\"ImageObject\",\"inLanguage\":\"es\",\"@id\":\"https:\/\/gysfm.com.ar\/inicio\/#\/schema\/person\/image\/\",\"url\":\"https:\/\/secure.gravatar.com\/avatar\/096ec78df02049ab018702bb4ccedf659377fa92a26540b5247612077a0dbd29?s=96&d=mm&r=g\",\"contentUrl\":\"https:\/\/secure.gravatar.com\/avatar\/096ec78df02049ab018702bb4ccedf659377fa92a26540b5247612077a0dbd29?s=96&d=mm&r=g\",\"caption\":\"Prensa G&amp;S FM\"},\"sameAs\":[\"https:\/\/gysfm.com.ar\/\"],\"url\":\"https:\/\/gysfm.com.ar\/inicio\/author\/lucasm\/\"}]}<\/script>\n<!-- \/ Yoast SEO plugin. -->","yoast_head_json":{"title":"El \"consejo\" de Pichetto a Bregman: \"Si deja el trotskismo, la Casa Rosada estar\u00eda al alcance de su mano\" - GYS NOTICIAS |","robots":{"index":"index","follow":"follow","max-snippet":"max-snippet:-1","max-image-preview":"max-image-preview:large","max-video-preview":"max-video-preview:-1"},"canonical":"https:\/\/gysfm.com.ar\/inicio\/el-consejo-de-pichetto-a-bregman-si-deja-el-trotskismo-la-casa-rosada-estaria-al-alcance-de-su-mano\/","og_locale":"es_ES","og_type":"article","og_title":"El \"consejo\" de Pichetto a Bregman: \"Si deja el trotskismo, la Casa Rosada estar\u00eda al alcance de su mano\" - GYS NOTICIAS |","og_description":"En los pasillos del Congreso, donde las leyes se negocian y las alianzas se tejen en las sombras, un breve encuentro de ascensor entre dos figuras antag\u00f3nicas encendi\u00f3 al menos curiosidad. Miguel \u00c1ngel Pichetto, el eterno armador y s\u00edmbolo del pragmatismo peronista, se cruz\u00f3 con Myriam Bregman, la referente del PTS que sostiene la bandera [&hellip;]","og_url":"https:\/\/gysfm.com.ar\/inicio\/el-consejo-de-pichetto-a-bregman-si-deja-el-trotskismo-la-casa-rosada-estaria-al-alcance-de-su-mano\/","og_site_name":"GYS NOTICIAS |","article_published_time":"2026-04-29T06:29:04+00:00","author":"Prensa G&amp;S FM","twitter_card":"summary_large_image","twitter_misc":{"Escrito por":"Prensa G&amp;S FM","Tiempo de lectura":"3 minutos"},"schema":{"@context":"https:\/\/schema.org","@graph":[{"@type":"Article","@id":"https:\/\/gysfm.com.ar\/inicio\/el-consejo-de-pichetto-a-bregman-si-deja-el-trotskismo-la-casa-rosada-estaria-al-alcance-de-su-mano\/#article","isPartOf":{"@id":"https:\/\/gysfm.com.ar\/inicio\/el-consejo-de-pichetto-a-bregman-si-deja-el-trotskismo-la-casa-rosada-estaria-al-alcance-de-su-mano\/"},"author":{"name":"Prensa G&amp;S FM","@id":"https:\/\/gysfm.com.ar\/inicio\/#\/schema\/person\/3abba7593ef2ad19e1be221d54383dc5"},"headline":"El \u00abconsejo\u00bb de Pichetto a Bregman: \u00abSi deja el trotskismo, la Casa Rosada estar\u00eda al alcance de su mano\u00bb","datePublished":"2026-04-29T06:29:04+00:00","mainEntityOfPage":{"@id":"https:\/\/gysfm.com.ar\/inicio\/el-consejo-de-pichetto-a-bregman-si-deja-el-trotskismo-la-casa-rosada-estaria-al-alcance-de-su-mano\/"},"wordCount":705,"publisher":{"@id":"https:\/\/gysfm.com.ar\/inicio\/#organization"},"image":{"@id":"https:\/\/gysfm.com.ar\/inicio\/el-consejo-de-pichetto-a-bregman-si-deja-el-trotskismo-la-casa-rosada-estaria-al-alcance-de-su-mano\/#primaryimage"},"thumbnailUrl":"https:\/\/gysfm.com.ar\/inicio\/wp-content\/uploads\/2026\/04\/miguel-angel-pichetto-myriam-bregman-2229270.jpg","articleSection":["NACIONALES"],"inLanguage":"es"},{"@type":"WebPage","@id":"https:\/\/gysfm.com.ar\/inicio\/el-consejo-de-pichetto-a-bregman-si-deja-el-trotskismo-la-casa-rosada-estaria-al-alcance-de-su-mano\/","url":"https:\/\/gysfm.com.ar\/inicio\/el-consejo-de-pichetto-a-bregman-si-deja-el-trotskismo-la-casa-rosada-estaria-al-alcance-de-su-mano\/","name":"El \"consejo\" de Pichetto a Bregman: \"Si deja el trotskismo, la Casa Rosada estar\u00eda al alcance de su mano\" - GYS NOTICIAS |","isPartOf":{"@id":"https:\/\/gysfm.com.ar\/inicio\/#website"},"primaryImageOfPage":{"@id":"https:\/\/gysfm.com.ar\/inicio\/el-consejo-de-pichetto-a-bregman-si-deja-el-trotskismo-la-casa-rosada-estaria-al-alcance-de-su-mano\/#primaryimage"},"image":{"@id":"https:\/\/gysfm.com.ar\/inicio\/el-consejo-de-pichetto-a-bregman-si-deja-el-trotskismo-la-casa-rosada-estaria-al-alcance-de-su-mano\/#primaryimage"},"thumbnailUrl":"https:\/\/gysfm.com.ar\/inicio\/wp-content\/uploads\/2026\/04\/miguel-angel-pichetto-myriam-bregman-2229270.jpg","datePublished":"2026-04-29T06:29:04+00:00","breadcrumb":{"@id":"https:\/\/gysfm.com.ar\/inicio\/el-consejo-de-pichetto-a-bregman-si-deja-el-trotskismo-la-casa-rosada-estaria-al-alcance-de-su-mano\/#breadcrumb"},"inLanguage":"es","potentialAction":[{"@type":"ReadAction","target":["https:\/\/gysfm.com.ar\/inicio\/el-consejo-de-pichetto-a-bregman-si-deja-el-trotskismo-la-casa-rosada-estaria-al-alcance-de-su-mano\/"]}]},{"@type":"ImageObject","inLanguage":"es","@id":"https:\/\/gysfm.com.ar\/inicio\/el-consejo-de-pichetto-a-bregman-si-deja-el-trotskismo-la-casa-rosada-estaria-al-alcance-de-su-mano\/#primaryimage","url":"https:\/\/gysfm.com.ar\/inicio\/wp-content\/uploads\/2026\/04\/miguel-angel-pichetto-myriam-bregman-2229270.jpg","contentUrl":"https:\/\/gysfm.com.ar\/inicio\/wp-content\/uploads\/2026\/04\/miguel-angel-pichetto-myriam-bregman-2229270.jpg","width":1140,"height":641},{"@type":"BreadcrumbList","@id":"https:\/\/gysfm.com.ar\/inicio\/el-consejo-de-pichetto-a-bregman-si-deja-el-trotskismo-la-casa-rosada-estaria-al-alcance-de-su-mano\/#breadcrumb","itemListElement":[{"@type":"ListItem","position":1,"name":"Portada","item":"https:\/\/gysfm.com.ar\/inicio\/"},{"@type":"ListItem","position":2,"name":"El \u00abconsejo\u00bb de Pichetto a Bregman: \u00abSi deja el trotskismo, la Casa Rosada estar\u00eda al alcance de su mano\u00bb"}]},{"@type":"WebSite","@id":"https:\/\/gysfm.com.ar\/inicio\/#website","url":"https:\/\/gysfm.com.ar\/inicio\/","name":"GYS NOTICIAS |","description":"DIARIO - RADIO ONLINE SAN JUAN ARGENTINA","publisher":{"@id":"https:\/\/gysfm.com.ar\/inicio\/#organization"},"potentialAction":[{"@type":"SearchAction","target":{"@type":"EntryPoint","urlTemplate":"https:\/\/gysfm.com.ar\/inicio\/?s={search_term_string}"},"query-input":{"@type":"PropertyValueSpecification","valueRequired":true,"valueName":"search_term_string"}}],"inLanguage":"es"},{"@type":"Organization","@id":"https:\/\/gysfm.com.ar\/inicio\/#organization","name":"GYS NOTICIAS |","url":"https:\/\/gysfm.com.ar\/inicio\/","logo":{"@type":"ImageObject","inLanguage":"es","@id":"https:\/\/gysfm.com.ar\/inicio\/#\/schema\/logo\/image\/","url":"https:\/\/gysfm.com.ar\/inicio\/wp-content\/uploads\/2023\/07\/LOGOGYS-OK.png","contentUrl":"https:\/\/gysfm.com.ar\/inicio\/wp-content\/uploads\/2023\/07\/LOGOGYS-OK.png","width":1170,"height":872,"caption":"GYS NOTICIAS |"},"image":{"@id":"https:\/\/gysfm.com.ar\/inicio\/#\/schema\/logo\/image\/"}},{"@type":"Person","@id":"https:\/\/gysfm.com.ar\/inicio\/#\/schema\/person\/3abba7593ef2ad19e1be221d54383dc5","name":"Prensa G&amp;S FM","image":{"@type":"ImageObject","inLanguage":"es","@id":"https:\/\/gysfm.com.ar\/inicio\/#\/schema\/person\/image\/","url":"https:\/\/secure.gravatar.com\/avatar\/096ec78df02049ab018702bb4ccedf659377fa92a26540b5247612077a0dbd29?s=96&d=mm&r=g","contentUrl":"https:\/\/secure.gravatar.com\/avatar\/096ec78df02049ab018702bb4ccedf659377fa92a26540b5247612077a0dbd29?s=96&d=mm&r=g","caption":"Prensa G&amp;S FM"},"sameAs":["https:\/\/gysfm.com.ar\/"],"url":"https:\/\/gysfm.com.ar\/inicio\/author\/lucasm\/"}]}},"_links":{"self":[{"href":"https:\/\/gysfm.com.ar\/inicio\/wp-json\/wp\/v2\/posts\/193612","targetHints":{"allow":["GET"]}}],"collection":[{"href":"https:\/\/gysfm.com.ar\/inicio\/wp-json\/wp\/v2\/posts"}],"about":[{"href":"https:\/\/gysfm.com.ar\/inicio\/wp-json\/wp\/v2\/types\/post"}],"author":[{"embeddable":true,"href":"https:\/\/gysfm.com.ar\/inicio\/wp-json\/wp\/v2\/users\/2"}],"replies":[{"embeddable":true,"href":"https:\/\/gysfm.com.ar\/inicio\/wp-json\/wp\/v2\/comments?post=193612"}],"version-history":[{"count":0,"href":"https:\/\/gysfm.com.ar\/inicio\/wp-json\/wp\/v2\/posts\/193612\/revisions"}],"wp:featuredmedia":[{"embeddable":true,"href":"https:\/\/gysfm.com.ar\/inicio\/wp-json\/wp\/v2\/media\/193613"}],"wp:attachment":[{"href":"https:\/\/gysfm.com.ar\/inicio\/wp-json\/wp\/v2\/media?parent=193612"}],"wp:term":[{"taxonomy":"category","embeddable":true,"href":"https:\/\/gysfm.com.ar\/inicio\/wp-json\/wp\/v2\/categories?post=193612"},{"taxonomy":"post_tag","embeddable":true,"href":"https:\/\/gysfm.com.ar\/inicio\/wp-json\/wp\/v2\/tags?post=193612"}],"curies":[{"name":"wp","href":"https:\/\/api.w.org\/{rel}","templated":true}]}}