{"id":193607,"date":"2026-04-29T02:58:11","date_gmt":"2026-04-29T05:58:11","guid":{"rendered":"https:\/\/gysfm.com.ar\/inicio\/el-derecho-a-la-supervivencia-social\/"},"modified":"2026-04-29T02:58:11","modified_gmt":"2026-04-29T05:58:11","slug":"el-derecho-a-la-supervivencia-social","status":"publish","type":"post","link":"https:\/\/gysfm.com.ar\/inicio\/el-derecho-a-la-supervivencia-social\/","title":{"rendered":"El derecho a la supervivencia social"},"content":{"rendered":"<p><\/p>\n<div id=\"article-content\">\n<p>Ignorar la realidad no la hace desaparecer. Javier Milei es una <strong>extravagancia institucional<\/strong> y un error de la democracia. Representa una deriva del republicanismo que, incluso para la derecha liberal, resulta ser un experimento temerario cuyo mesianismo colisiona de frente con el pragmatismo de la raz\u00f3n. Lo que este gobierno ejecuta bajo la bandera de la ideolog\u00eda es sencillamente intolerable; nos asiste, por lo tanto, la obligaci\u00f3n de impedir su prosecuci\u00f3n antes de que el da\u00f1o al tejido nacional sea irreversible.<\/p>\n<p>Cuando vemos la forma en que se trata, y solo doy tres ejemplos, a las<a target=\"_blank\" href=\"https:\/\/www.perfil.com\/noticias\/opinion\/entre-maltrato-y-corrupcion-o-viceversa.phtml\"> personas con discapacidad, a los jubilados y a pacientes hospitalarios poniendo en riesgo concreto la vida de ellos<\/a>, tenemos que tener claro que evitar la continuidad de esta pol\u00edticas tiene como raz\u00f3n central, salvar vidas, que es el eje sobre el que cualquier humanismo y cualquier sentido \u00e9tico debe girar, la sacralidad de la vida humana.<\/p>\n<p>La prensa amiga del r\u00e9gimen repite una monserga que intenta confundir el leg\u00edtimo reclamo con la sedici\u00f3n. Califican de \u00abgolpista\u00bb a todo aquel que busque poner <strong>l\u00edmites al desastre.<\/strong> Seamos claros: el golpismo es la bota militar, el asalto a la Casa Rosada o la violencia f\u00edsica sobre el funcionario y el sabotaje organizado. <\/p>\n<div class=\"subscription\">\n<p>\n        Esto no les gusta a los autoritarios\n    <\/p>\n<div class=\"subscription__container\">\n<div class=\"subscription__text-wrapper\">\n<p>\n                El ejercicio del periodismo profesional y cr\u00edtico es un pilar fundamental de la democracia. Por eso molesta a quienes creen ser los due\u00f1os de la verdad.\n            <\/p>\n<\/p><\/div><\/div>\n<\/div>\n<p>Nada de eso ocurre aqu\u00ed. Nuestra b\u00fasqueda es la finalizaci\u00f3n de una anomal\u00eda formal a trav\u00e9s de los resortes que la propia Constituci\u00f3n prev\u00e9. El Juicio Pol\u00edtico es un mecanismo tan legal como la elecci\u00f3n que lo llev\u00f3 al poder; y la movilizaci\u00f3n masiva, pac\u00edfica y popular es leg\u00edtima ante un gobierno que pierde el sentido de realidad.<\/p>\n<p class=\"destacadoNota\"><a target=\"_blank\" href=\"https:\/\/www.perfil.com\/noticias\/opinion\/de-la-hegemonia-al-insulto-como-la-politica-argentina-cayo-en-la-trampa-de-los-extremos-la-degradacion-del-discurso-presidencial-tambie.phtml\">De la hegemon\u00eda al insulto: c\u00f3mo la pol\u00edtica argentina cay\u00f3 en la trampa de los extremos<\/a><\/p>\n<p>Lo que hoy enfrentamos no es una crisis pol\u00edtica com\u00fan, sino la erosi\u00f3n de la legitimidad de ejercicio. Cuando la anomal\u00eda deja de ser vista como una esperanza de cambio para ser percibida como una amenaza a la supervivencia social, el contrato se rompe.<\/p>\n<p>La historia demuestra que cuando la brecha entre la gesti\u00f3n y la demanda social se vuelve insoportable, las instituciones cruzan un punto de quiebre inevitable. En nuestro pa\u00eds tenemos ejemplos que hablan de la relaci\u00f3n entre la movilizaci\u00f3n popular y el destino de gobierno no queridos:<\/p>\n<p>La Revoluci\u00f3n del Parque (1890): Es el ejemplo de c\u00f3mo una movilizaci\u00f3n urbana intensa puede derribar a un presidente. Ju\u00e1rez Celman encabezaba el \u00abunicato\u00bb, un modelo de concentraci\u00f3n de poder y corrupci\u00f3n. Aunque la revoluci\u00f3n fue contenida en las armas, la presi\u00f3n social forz\u00f3 su renuncia, demostrando que el mando no es un cheque en blanco.<\/p>\n<blockquote>\n<p><a target=\"_blank\" href=\"https:\/\/www.perfil.com\/noticias\/politica\/la-cgt-define-su-estrategia-judicial-y-evalua-una-marcha-a-plaza-de-mayo-por-el-dia-del-trabajador.phtml\">Nuestra b\u00fasqueda es la finalizaci\u00f3n de una anomal\u00eda formal a trav\u00e9s de los <strong>resortes leg\u00edtimos que la propia Constituci\u00f3n prev\u00e9: Juicio Pol\u00edtico y la movilizaci\u00f3n masiva,<\/strong> pac\u00edfica y popular \u00ab<\/a><\/p>\n<\/blockquote>\n<p>El<strong> 17 de Octubre de 1945<\/strong>: Fue el momento donde el \u00abconsenso de obediencia\u00bb se traslad\u00f3 de las oficinas a las plazas. La movilizaci\u00f3n obrera oblig\u00f3 al gobierno de entonces a capitular y transformar el orden institucional, liberando a Per\u00f3n y abriendo paso a la voluntad popular.<\/p>\n<p><strong>Diciembre de 2001<\/strong>: Bajo el grito de \u00abQue se vayan todos\u00bb, el colapso del modelo de convertibilidad y la<strong> traici\u00f3n a la clase media<\/strong> mediante el corralito detonaron la renuncia de Fernando de la R\u00faa. Fue la prueba de que un gobierno queda deslegitimado cuando rompe su funci\u00f3n b\u00e1sica de garantizar la paz social.<\/p>\n<p>Hay dos ejemplos en lo internacional como es lo de <strong>Islandia en 2009<\/strong> donde las pr\u00e1cticas democr\u00e1ticas no se violentaron pero la protesta social logr\u00f3 sus objetivos y tras el colapso financiero, la ciudadan\u00eda entendi\u00f3 que la \u00e9lite pol\u00edtica hab\u00eda traicionado el contrato de protecci\u00f3n econ\u00f3mica. <\/p>\n<p>La \u00abRevoluci\u00f3n de las Cacerolas\u00bb no fue un acto de violencia, sino de madurez ciudadana: el pueblo forz\u00f3 la ca\u00edda de la \u00e9lite financiera y pol\u00edtica que hab\u00eda destruido el bienestar com\u00fan. <\/p>\n<blockquote>\n<p>La realidad argentina nos exige, hoy m\u00e1s que nunca y parafraseando a <strong>Arturo Jauretche<\/strong>, &#8216;la urgencia de ser m\u00e1s inteligentes&#8217; \u00ab<\/p>\n<\/blockquote>\n<p>En <strong>Ecuador (1997)<\/strong>, el Congreso utiliz\u00f3 la figura de \u00abVacancia por Incapacidad\u00bb para destituir a Abdal\u00e1 Bucaram tras masivas protestas; el sistema pol\u00edtico entendi\u00f3 que la salud de la Rep\u00fablica estaba por encima de la continuidad de un l\u00edder <\/p>\n<p>Hoy, lo revolucionario es detener el avance del proyecto libertario, combinando t\u00e1ctica y estrategia en una sinergia virtuosa. <\/p>\n<p>Existe una pretensi\u00f3n de restauraci\u00f3n conservadora que debemos enfrentar con determinaci\u00f3n. La realidad argentina nos exige, hoy m\u00e1s que nunca y parafraseando a <strong>Arturo Jauretche<\/strong>, \u00abla urgencia de ser m\u00e1s inteligentes\u00bb. <\/p>\n<p>En verdad, lo que hace este gobierno es intolerable e insisto, pone en riesgo la vida de colectivos vulnerados, y tenemos la obligaci\u00f3n de impedir su persistencia. <br \/>Es fundamental entender que el derecho a oponerse a un gobierno por v\u00eda popular (elecciones, pedir Juicio Pol\u00edtico y hasta movilizaciones masivas) no es un acto puramente ca\u00f3tico, sino un proceso de sensatez social en defensa de la vida, la salud y la alimentaci\u00f3n. Casi una consecuencia l\u00f3gica de la evoluci\u00f3n adaptativa. Ninguna especie quiere morir.<\/p>\n<p>La legitimidad de ejercicio de este  gobierno, est\u00e1 erosionada, las instituciones del Estado, dejaron de responder al sentido que le dan origen.<\/p>\n<p><em>*Diputado nacional mc \u2013 R\u00edo Negro<\/em><\/p>\n<\/p><\/div>\n<p><script>\n                !function(f,b,e,v,n,t,s)\n                {if(f.fbq)return;n=f.fbq=function(){n.callMethod?\n                    n.callMethod.apply(n,arguments):n.queue.push(arguments)};\n                    if(!f._fbq)f._fbq=n;n.push=n;n.loaded=!0;n.version='2.0';\n                    n.queue=[];t=b.createElement(e);t.async=!0;\n                    t.src=v;s=b.getElementsByTagName(e)[0];\n                    s.parentNode.insertBefore(t,s)}(window, document,'script',\n                    'https:\/\/connect.facebook.net\/en_US\/fbevents.js');\n                window.paywallConfig.facebook_pixel=\"1000228364089342\"\n            <\/script><\/p>\n","protected":false},"excerpt":{"rendered":"<p>Ignorar la realidad no la hace desaparecer. Javier Milei es una extravagancia institucional y un error de la democracia. Representa una deriva del republicanismo que, incluso para la derecha liberal, resulta ser un experimento temerario cuyo mesianismo colisiona de frente con el pragmatismo de la raz\u00f3n. Lo que este gobierno ejecuta bajo la bandera de [&hellip;]<\/p>\n","protected":false},"author":2,"featured_media":193608,"comment_status":"closed","ping_status":"closed","sticky":false,"template":"","format":"standard","meta":{"footnotes":""},"categories":[25],"tags":[],"class_list":["post-193607","post","type-post","status-publish","format-standard","has-post-thumbnail","hentry","category-nacionales"],"yoast_head":"<!-- This site is optimized with the Yoast SEO plugin v24.4 - https:\/\/yoast.com\/wordpress\/plugins\/seo\/ -->\n<title>El derecho a la supervivencia social - GYS NOTICIAS |<\/title>\n<meta name=\"robots\" content=\"index, follow, max-snippet:-1, max-image-preview:large, max-video-preview:-1\" \/>\n<link rel=\"canonical\" href=\"https:\/\/gysfm.com.ar\/inicio\/el-derecho-a-la-supervivencia-social\/\" \/>\n<meta property=\"og:locale\" content=\"es_ES\" \/>\n<meta property=\"og:type\" content=\"article\" \/>\n<meta property=\"og:title\" content=\"El derecho a la supervivencia social - GYS NOTICIAS |\" \/>\n<meta property=\"og:description\" content=\"Ignorar la realidad no la hace desaparecer. Javier Milei es una extravagancia institucional y un error de la democracia. Representa una deriva del republicanismo que, incluso para la derecha liberal, resulta ser un experimento temerario cuyo mesianismo colisiona de frente con el pragmatismo de la raz\u00f3n. Lo que este gobierno ejecuta bajo la bandera de [&hellip;]\" \/>\n<meta property=\"og:url\" content=\"https:\/\/gysfm.com.ar\/inicio\/el-derecho-a-la-supervivencia-social\/\" \/>\n<meta property=\"og:site_name\" content=\"GYS NOTICIAS |\" \/>\n<meta property=\"article:published_time\" content=\"2026-04-29T05:58:11+00:00\" \/>\n<meta name=\"author\" content=\"Prensa G&amp;S FM\" \/>\n<meta name=\"twitter:card\" content=\"summary_large_image\" \/>\n<meta name=\"twitter:label1\" content=\"Escrito por\" \/>\n\t<meta name=\"twitter:data1\" content=\"Prensa G&amp;S FM\" \/>\n\t<meta name=\"twitter:label2\" content=\"Tiempo de lectura\" \/>\n\t<meta name=\"twitter:data2\" content=\"5 minutos\" \/>\n<script type=\"application\/ld+json\" class=\"yoast-schema-graph\">{\"@context\":\"https:\/\/schema.org\",\"@graph\":[{\"@type\":\"Article\",\"@id\":\"https:\/\/gysfm.com.ar\/inicio\/el-derecho-a-la-supervivencia-social\/#article\",\"isPartOf\":{\"@id\":\"https:\/\/gysfm.com.ar\/inicio\/el-derecho-a-la-supervivencia-social\/\"},\"author\":{\"name\":\"Prensa G&amp;S FM\",\"@id\":\"https:\/\/gysfm.com.ar\/inicio\/#\/schema\/person\/3abba7593ef2ad19e1be221d54383dc5\"},\"headline\":\"El derecho a la supervivencia social\",\"datePublished\":\"2026-04-29T05:58:11+00:00\",\"mainEntityOfPage\":{\"@id\":\"https:\/\/gysfm.com.ar\/inicio\/el-derecho-a-la-supervivencia-social\/\"},\"wordCount\":974,\"publisher\":{\"@id\":\"https:\/\/gysfm.com.ar\/inicio\/#organization\"},\"image\":{\"@id\":\"https:\/\/gysfm.com.ar\/inicio\/el-derecho-a-la-supervivencia-social\/#primaryimage\"},\"thumbnailUrl\":\"https:\/\/gysfm.com.ar\/inicio\/wp-content\/uploads\/2026\/04\/aniversario-del-2001-2156988.jpg\",\"articleSection\":[\"NACIONALES\"],\"inLanguage\":\"es\"},{\"@type\":\"WebPage\",\"@id\":\"https:\/\/gysfm.com.ar\/inicio\/el-derecho-a-la-supervivencia-social\/\",\"url\":\"https:\/\/gysfm.com.ar\/inicio\/el-derecho-a-la-supervivencia-social\/\",\"name\":\"El derecho a la supervivencia social - GYS NOTICIAS |\",\"isPartOf\":{\"@id\":\"https:\/\/gysfm.com.ar\/inicio\/#website\"},\"primaryImageOfPage\":{\"@id\":\"https:\/\/gysfm.com.ar\/inicio\/el-derecho-a-la-supervivencia-social\/#primaryimage\"},\"image\":{\"@id\":\"https:\/\/gysfm.com.ar\/inicio\/el-derecho-a-la-supervivencia-social\/#primaryimage\"},\"thumbnailUrl\":\"https:\/\/gysfm.com.ar\/inicio\/wp-content\/uploads\/2026\/04\/aniversario-del-2001-2156988.jpg\",\"datePublished\":\"2026-04-29T05:58:11+00:00\",\"breadcrumb\":{\"@id\":\"https:\/\/gysfm.com.ar\/inicio\/el-derecho-a-la-supervivencia-social\/#breadcrumb\"},\"inLanguage\":\"es\",\"potentialAction\":[{\"@type\":\"ReadAction\",\"target\":[\"https:\/\/gysfm.com.ar\/inicio\/el-derecho-a-la-supervivencia-social\/\"]}]},{\"@type\":\"ImageObject\",\"inLanguage\":\"es\",\"@id\":\"https:\/\/gysfm.com.ar\/inicio\/el-derecho-a-la-supervivencia-social\/#primaryimage\",\"url\":\"https:\/\/gysfm.com.ar\/inicio\/wp-content\/uploads\/2026\/04\/aniversario-del-2001-2156988.jpg\",\"contentUrl\":\"https:\/\/gysfm.com.ar\/inicio\/wp-content\/uploads\/2026\/04\/aniversario-del-2001-2156988.jpg\",\"width\":1140,\"height\":641},{\"@type\":\"BreadcrumbList\",\"@id\":\"https:\/\/gysfm.com.ar\/inicio\/el-derecho-a-la-supervivencia-social\/#breadcrumb\",\"itemListElement\":[{\"@type\":\"ListItem\",\"position\":1,\"name\":\"Portada\",\"item\":\"https:\/\/gysfm.com.ar\/inicio\/\"},{\"@type\":\"ListItem\",\"position\":2,\"name\":\"El derecho a la supervivencia social\"}]},{\"@type\":\"WebSite\",\"@id\":\"https:\/\/gysfm.com.ar\/inicio\/#website\",\"url\":\"https:\/\/gysfm.com.ar\/inicio\/\",\"name\":\"GYS NOTICIAS |\",\"description\":\"DIARIO - RADIO ONLINE SAN JUAN ARGENTINA\",\"publisher\":{\"@id\":\"https:\/\/gysfm.com.ar\/inicio\/#organization\"},\"potentialAction\":[{\"@type\":\"SearchAction\",\"target\":{\"@type\":\"EntryPoint\",\"urlTemplate\":\"https:\/\/gysfm.com.ar\/inicio\/?s={search_term_string}\"},\"query-input\":{\"@type\":\"PropertyValueSpecification\",\"valueRequired\":true,\"valueName\":\"search_term_string\"}}],\"inLanguage\":\"es\"},{\"@type\":\"Organization\",\"@id\":\"https:\/\/gysfm.com.ar\/inicio\/#organization\",\"name\":\"GYS NOTICIAS |\",\"url\":\"https:\/\/gysfm.com.ar\/inicio\/\",\"logo\":{\"@type\":\"ImageObject\",\"inLanguage\":\"es\",\"@id\":\"https:\/\/gysfm.com.ar\/inicio\/#\/schema\/logo\/image\/\",\"url\":\"https:\/\/gysfm.com.ar\/inicio\/wp-content\/uploads\/2023\/07\/LOGOGYS-OK.png\",\"contentUrl\":\"https:\/\/gysfm.com.ar\/inicio\/wp-content\/uploads\/2023\/07\/LOGOGYS-OK.png\",\"width\":1170,\"height\":872,\"caption\":\"GYS NOTICIAS |\"},\"image\":{\"@id\":\"https:\/\/gysfm.com.ar\/inicio\/#\/schema\/logo\/image\/\"}},{\"@type\":\"Person\",\"@id\":\"https:\/\/gysfm.com.ar\/inicio\/#\/schema\/person\/3abba7593ef2ad19e1be221d54383dc5\",\"name\":\"Prensa G&amp;S FM\",\"image\":{\"@type\":\"ImageObject\",\"inLanguage\":\"es\",\"@id\":\"https:\/\/gysfm.com.ar\/inicio\/#\/schema\/person\/image\/\",\"url\":\"https:\/\/secure.gravatar.com\/avatar\/096ec78df02049ab018702bb4ccedf659377fa92a26540b5247612077a0dbd29?s=96&d=mm&r=g\",\"contentUrl\":\"https:\/\/secure.gravatar.com\/avatar\/096ec78df02049ab018702bb4ccedf659377fa92a26540b5247612077a0dbd29?s=96&d=mm&r=g\",\"caption\":\"Prensa G&amp;S FM\"},\"sameAs\":[\"https:\/\/gysfm.com.ar\/\"],\"url\":\"https:\/\/gysfm.com.ar\/inicio\/author\/lucasm\/\"}]}<\/script>\n<!-- \/ Yoast SEO plugin. -->","yoast_head_json":{"title":"El derecho a la supervivencia social - GYS NOTICIAS |","robots":{"index":"index","follow":"follow","max-snippet":"max-snippet:-1","max-image-preview":"max-image-preview:large","max-video-preview":"max-video-preview:-1"},"canonical":"https:\/\/gysfm.com.ar\/inicio\/el-derecho-a-la-supervivencia-social\/","og_locale":"es_ES","og_type":"article","og_title":"El derecho a la supervivencia social - GYS NOTICIAS |","og_description":"Ignorar la realidad no la hace desaparecer. Javier Milei es una extravagancia institucional y un error de la democracia. Representa una deriva del republicanismo que, incluso para la derecha liberal, resulta ser un experimento temerario cuyo mesianismo colisiona de frente con el pragmatismo de la raz\u00f3n. Lo que este gobierno ejecuta bajo la bandera de [&hellip;]","og_url":"https:\/\/gysfm.com.ar\/inicio\/el-derecho-a-la-supervivencia-social\/","og_site_name":"GYS NOTICIAS |","article_published_time":"2026-04-29T05:58:11+00:00","author":"Prensa G&amp;S FM","twitter_card":"summary_large_image","twitter_misc":{"Escrito por":"Prensa G&amp;S FM","Tiempo de lectura":"5 minutos"},"schema":{"@context":"https:\/\/schema.org","@graph":[{"@type":"Article","@id":"https:\/\/gysfm.com.ar\/inicio\/el-derecho-a-la-supervivencia-social\/#article","isPartOf":{"@id":"https:\/\/gysfm.com.ar\/inicio\/el-derecho-a-la-supervivencia-social\/"},"author":{"name":"Prensa G&amp;S FM","@id":"https:\/\/gysfm.com.ar\/inicio\/#\/schema\/person\/3abba7593ef2ad19e1be221d54383dc5"},"headline":"El derecho a la supervivencia social","datePublished":"2026-04-29T05:58:11+00:00","mainEntityOfPage":{"@id":"https:\/\/gysfm.com.ar\/inicio\/el-derecho-a-la-supervivencia-social\/"},"wordCount":974,"publisher":{"@id":"https:\/\/gysfm.com.ar\/inicio\/#organization"},"image":{"@id":"https:\/\/gysfm.com.ar\/inicio\/el-derecho-a-la-supervivencia-social\/#primaryimage"},"thumbnailUrl":"https:\/\/gysfm.com.ar\/inicio\/wp-content\/uploads\/2026\/04\/aniversario-del-2001-2156988.jpg","articleSection":["NACIONALES"],"inLanguage":"es"},{"@type":"WebPage","@id":"https:\/\/gysfm.com.ar\/inicio\/el-derecho-a-la-supervivencia-social\/","url":"https:\/\/gysfm.com.ar\/inicio\/el-derecho-a-la-supervivencia-social\/","name":"El derecho a la supervivencia social - GYS NOTICIAS |","isPartOf":{"@id":"https:\/\/gysfm.com.ar\/inicio\/#website"},"primaryImageOfPage":{"@id":"https:\/\/gysfm.com.ar\/inicio\/el-derecho-a-la-supervivencia-social\/#primaryimage"},"image":{"@id":"https:\/\/gysfm.com.ar\/inicio\/el-derecho-a-la-supervivencia-social\/#primaryimage"},"thumbnailUrl":"https:\/\/gysfm.com.ar\/inicio\/wp-content\/uploads\/2026\/04\/aniversario-del-2001-2156988.jpg","datePublished":"2026-04-29T05:58:11+00:00","breadcrumb":{"@id":"https:\/\/gysfm.com.ar\/inicio\/el-derecho-a-la-supervivencia-social\/#breadcrumb"},"inLanguage":"es","potentialAction":[{"@type":"ReadAction","target":["https:\/\/gysfm.com.ar\/inicio\/el-derecho-a-la-supervivencia-social\/"]}]},{"@type":"ImageObject","inLanguage":"es","@id":"https:\/\/gysfm.com.ar\/inicio\/el-derecho-a-la-supervivencia-social\/#primaryimage","url":"https:\/\/gysfm.com.ar\/inicio\/wp-content\/uploads\/2026\/04\/aniversario-del-2001-2156988.jpg","contentUrl":"https:\/\/gysfm.com.ar\/inicio\/wp-content\/uploads\/2026\/04\/aniversario-del-2001-2156988.jpg","width":1140,"height":641},{"@type":"BreadcrumbList","@id":"https:\/\/gysfm.com.ar\/inicio\/el-derecho-a-la-supervivencia-social\/#breadcrumb","itemListElement":[{"@type":"ListItem","position":1,"name":"Portada","item":"https:\/\/gysfm.com.ar\/inicio\/"},{"@type":"ListItem","position":2,"name":"El derecho a la supervivencia social"}]},{"@type":"WebSite","@id":"https:\/\/gysfm.com.ar\/inicio\/#website","url":"https:\/\/gysfm.com.ar\/inicio\/","name":"GYS NOTICIAS |","description":"DIARIO - RADIO ONLINE SAN JUAN ARGENTINA","publisher":{"@id":"https:\/\/gysfm.com.ar\/inicio\/#organization"},"potentialAction":[{"@type":"SearchAction","target":{"@type":"EntryPoint","urlTemplate":"https:\/\/gysfm.com.ar\/inicio\/?s={search_term_string}"},"query-input":{"@type":"PropertyValueSpecification","valueRequired":true,"valueName":"search_term_string"}}],"inLanguage":"es"},{"@type":"Organization","@id":"https:\/\/gysfm.com.ar\/inicio\/#organization","name":"GYS NOTICIAS |","url":"https:\/\/gysfm.com.ar\/inicio\/","logo":{"@type":"ImageObject","inLanguage":"es","@id":"https:\/\/gysfm.com.ar\/inicio\/#\/schema\/logo\/image\/","url":"https:\/\/gysfm.com.ar\/inicio\/wp-content\/uploads\/2023\/07\/LOGOGYS-OK.png","contentUrl":"https:\/\/gysfm.com.ar\/inicio\/wp-content\/uploads\/2023\/07\/LOGOGYS-OK.png","width":1170,"height":872,"caption":"GYS NOTICIAS |"},"image":{"@id":"https:\/\/gysfm.com.ar\/inicio\/#\/schema\/logo\/image\/"}},{"@type":"Person","@id":"https:\/\/gysfm.com.ar\/inicio\/#\/schema\/person\/3abba7593ef2ad19e1be221d54383dc5","name":"Prensa G&amp;S FM","image":{"@type":"ImageObject","inLanguage":"es","@id":"https:\/\/gysfm.com.ar\/inicio\/#\/schema\/person\/image\/","url":"https:\/\/secure.gravatar.com\/avatar\/096ec78df02049ab018702bb4ccedf659377fa92a26540b5247612077a0dbd29?s=96&d=mm&r=g","contentUrl":"https:\/\/secure.gravatar.com\/avatar\/096ec78df02049ab018702bb4ccedf659377fa92a26540b5247612077a0dbd29?s=96&d=mm&r=g","caption":"Prensa G&amp;S FM"},"sameAs":["https:\/\/gysfm.com.ar\/"],"url":"https:\/\/gysfm.com.ar\/inicio\/author\/lucasm\/"}]}},"_links":{"self":[{"href":"https:\/\/gysfm.com.ar\/inicio\/wp-json\/wp\/v2\/posts\/193607","targetHints":{"allow":["GET"]}}],"collection":[{"href":"https:\/\/gysfm.com.ar\/inicio\/wp-json\/wp\/v2\/posts"}],"about":[{"href":"https:\/\/gysfm.com.ar\/inicio\/wp-json\/wp\/v2\/types\/post"}],"author":[{"embeddable":true,"href":"https:\/\/gysfm.com.ar\/inicio\/wp-json\/wp\/v2\/users\/2"}],"replies":[{"embeddable":true,"href":"https:\/\/gysfm.com.ar\/inicio\/wp-json\/wp\/v2\/comments?post=193607"}],"version-history":[{"count":0,"href":"https:\/\/gysfm.com.ar\/inicio\/wp-json\/wp\/v2\/posts\/193607\/revisions"}],"wp:featuredmedia":[{"embeddable":true,"href":"https:\/\/gysfm.com.ar\/inicio\/wp-json\/wp\/v2\/media\/193608"}],"wp:attachment":[{"href":"https:\/\/gysfm.com.ar\/inicio\/wp-json\/wp\/v2\/media?parent=193607"}],"wp:term":[{"taxonomy":"category","embeddable":true,"href":"https:\/\/gysfm.com.ar\/inicio\/wp-json\/wp\/v2\/categories?post=193607"},{"taxonomy":"post_tag","embeddable":true,"href":"https:\/\/gysfm.com.ar\/inicio\/wp-json\/wp\/v2\/tags?post=193607"}],"curies":[{"name":"wp","href":"https:\/\/api.w.org\/{rel}","templated":true}]}}