{"id":193594,"date":"2026-04-29T01:10:08","date_gmt":"2026-04-29T04:10:08","guid":{"rendered":"https:\/\/gysfm.com.ar\/inicio\/se-desprendio-el-techo-a-7315-metros-el-desastre-aereo-mas-terrorifico-que-tuvo-un-final-inesperado\/"},"modified":"2026-04-29T01:10:10","modified_gmt":"2026-04-29T04:10:10","slug":"se-desprendio-el-techo-a-7315-metros-el-desastre-aereo-mas-terrorifico-que-tuvo-un-final-inesperado","status":"publish","type":"post","link":"https:\/\/gysfm.com.ar\/inicio\/se-desprendio-el-techo-a-7315-metros-el-desastre-aereo-mas-terrorifico-que-tuvo-un-final-inesperado\/","title":{"rendered":"\u201cSe desprendi\u00f3 el techo a 7315 metros\u201d: el desastre a\u00e9reo m\u00e1s terror\u00edfico que tuvo un final inesperado"},"content":{"rendered":"<p> <br \/>\n<\/p>\n<div>\n<p class=\"com-paragraph  --capital --s\">Un sonido de desgarro sorprendi\u00f3 a los pilotos <strong>Robert Schornstheimer<\/strong> y <strong>Madeline \u201cMimi\u201d Tompkins<\/strong> del vuelo <strong>243 de Aloha Airlines <\/strong>el 28 de abril de 1988, mientras se dirig\u00edan en un <strong>Boeing 737-200<\/strong> a Honolulu. La puerta de la cabina de mando desapareci\u00f3 sin previo aviso, al igual que parte del techo en el \u00e1rea de pasajeros. Solo se ve\u00eda el cielo celeste y se o\u00eda el ruido ensordecedor del viento que golpeaba los trozos sueltos. La imagen era evidente: <strong>el techo no estaba. <\/strong><\/p>\n<p class=\"com-paragraph   --s\">La adrenalina activ\u00f3 el sentido de supervivencia de los oficiales y, despu\u00e9s de una maniobra kamikaze,<strong> lograron descender y aterrizar de emergencia<\/strong>. Desde entonces se constat\u00f3 <a href=\"https:\/\/www.lanacion.com.ar\/el-mundo\/las-peores-tragedias-aereas-del-siglo-xxi-del-misterio-del-vuelo-mh370-al-reciente-desastre-en-la-nid12062025\/\" target=\"_self\" title=\"https:\/\/www.lanacion.com.ar\/el-mundo\/las-peores-tragedias-aereas-del-siglo-xxi-del-misterio-del-vuelo-mh370-al-reciente-desastre-en-la-nid12062025\/\" class=\"com-link break-word\" data-mrf-recirculation=\"n_link_parrafo\">como uno de los accidentes m\u00e1s importantes y terror\u00edficos<\/a> de la historia de la aviaci\u00f3n.<\/p>\n<p class=\"com-paragraph   --s\">Pasaron <strong>38 a\u00f1os del accidente del vuelo 243 de Aloha Airlines<\/strong>, que dej\u00f3 el saldo de una azafata desaparecida y 95 personas a bordo que sobrevivieron milagrosamente, de las cuales <strong>65 resultaron heridas<\/strong>.<\/p>\n<div class=\"content-media\">\n<section role=\"button\" class=\"mod-media   \">\n<figure role=\"button\" tabindex=\"0\" class=\"mod-figure \"><figcaption class=\"mod-figcaption\"><span class=\"com-text --caption --twoxs\">El vuelo 243 de Aloha Airlines, un Boeing 737-200, sufri\u00f3 una descompresi\u00f3n explosiva a m\u00e1s de 7.000 metros de altura<\/span><span class=\"com-text --credit --twoxs\">(Fuente: NTSB)<\/span><\/figcaption><\/figure>\n<\/section>\n<\/div>\n<p class=\"com-paragraph   --s\">Seg\u00fan <a href=\"https:\/\/aviation-safety.net\/wikibase\/326559\" target=\"_blank\" title=\"https:\/\/aviation-safety.net\/wikibase\/326559\" class=\"com-link break-word\" data-mrf-recirculation=\"n_link_parrafo\" rel=\"nofollow\"><em>Aviation Safety Network<\/em><\/a>, ese d\u00eda el capit\u00e1n extendi\u00f3 los frenos aerodin\u00e1micos y descendi\u00f3 a una velocidad aerodin\u00e1mica indicada (IAS) de 280 a 290 nudos, <strong>con una velocidad de 1200 metros por minuto<\/strong>.<\/p>\n<p class=\"com-paragraph   --s\">Pese a que se convirti\u00f3 en un momento cr\u00edtico, ninguno de los responsables del vuelo entr\u00f3 en p\u00e1nico, seg\u00fan se comunic\u00f3 m\u00e1s tarde. Simplemente hicieron lo que deb\u00edan con el prop\u00f3sito de salvar la mayor cantidad de vidas posible. <\/p>\n<div class=\"content-media\">\n<section role=\"button\" class=\"mod-media   \">\n<figure role=\"button\" tabindex=\"0\" class=\"mod-figure \"><figcaption class=\"mod-figcaption\"><span class=\"com-text --caption --twoxs\">El avi\u00f3n sufri\u00f3 el desprendimiento de su techo cuando super\u00f3 los 10.000 metros de altura<\/span><span class=\"com-text --credit --twoxs\">(Fuente: NTSB)<\/span><\/figcaption><\/figure>\n<\/section>\n<\/div>\n<p class=\"com-paragraph   --s\">Afortunadamente, cuando son\u00f3 la alarma, todos los pasajeros estaban sentados y la se\u00f1al de abrocharse el cintur\u00f3n estaba encendida. De acuerdo a los informes, la azafata principal estaba en el pasillo, junto a la fila cinco, <strong>cuando se desprendi\u00f3 el techo y la succion\u00f3 hacia la nada<\/strong>. La segunda azafata alcanz\u00f3 a sostenerse de los asientos y sufri\u00f3 heridas leves, mientras que la tercera fue golpeada por los escombros y tuvo contusiones graves. <\/p>\n<div class=\"content-media cursor-pointer container-center-100\">\n<section class=\"media-container relative ratio-16-9 mod-media pb-32\">\n<figure class=\"mod-video\">\n<div class=\"video-player bg-black ratio-16-9\" data-has-jwplayer=\"true\" data-video-id-jw=\"tflteP4B\" data-config=\"{&quot;title&quot;:&quot;El accidente del vuelo 243 de Aloha Airlines&quot;,&quot;mediaId&quot;:&quot;tflteP4B&quot;,&quot;playerId&quot;:&quot;ih0086X3&quot;,&quot;playlist&quot;:[{&quot;mediaid&quot;:&quot;tflteP4B&quot;,&quot;sources&quot;:[{&quot;file&quot;:&quot;https:\/\/cdn.jwplayer.com\/manifests\/tflteP4B.m3u8&quot;,&quot;type&quot;:&quot;application\/vnd.apple.mpegurl&quot;},{&quot;bitrate&quot;:295712,&quot;file&quot;:&quot;https:\/\/cdn.jwplayer.com\/videos\/tflteP4B-kTExGaWf.mp4&quot;,&quot;filesize&quot;:3326770,&quot;framerate&quot;:30,&quot;height&quot;:320,&quot;label&quot;:&quot;180p&quot;,&quot;type&quot;:&quot;video\/mp4&quot;,&quot;width&quot;:240},{&quot;bitrate&quot;:438475,&quot;file&quot;:&quot;https:\/\/cdn.jwplayer.com\/videos\/tflteP4B-K8B0kybS.mp4&quot;,&quot;filesize&quot;:4932853,&quot;framerate&quot;:30,&quot;height&quot;:480,&quot;label&quot;:&quot;270p&quot;,&quot;type&quot;:&quot;video\/mp4&quot;,&quot;width&quot;:360},{&quot;bitrate&quot;:114500,&quot;file&quot;:&quot;https:\/\/cdn.jwplayer.com\/videos\/tflteP4B-hz5z2Tv4.m4a&quot;,&quot;filesize&quot;:1288125,&quot;label&quot;:&quot;AAC Audio&quot;,&quot;type&quot;:&quot;audio\/mp4&quot;},{&quot;bitrate&quot;:475769,&quot;file&quot;:&quot;https:\/\/cdn.jwplayer.com\/videos\/tflteP4B-FnZGUVnC.mp4&quot;,&quot;filesize&quot;:5352408,&quot;framerate&quot;:30,&quot;height&quot;:640,&quot;label&quot;:&quot;360p&quot;,&quot;type&quot;:&quot;video\/mp4&quot;,&quot;width&quot;:480}]}],&quot;hasAutoplay&quot;:false,&quot;autostart&quot;:true,&quot;tagsUrl&quot;:&quot;https:\/\/pubads.g.doubleclick.net\/gampad\/ads?slotname=\/133919216\/la_nacion_video\/nota\/preroll&amp;sz=640x480|400x300&amp;ciu_szs=300x250&amp;unviewed_position_start=1&amp;output=vast&amp;impl=s&amp;env=vp&amp;gdfp_req=1&amp;ad_rule=0&amp;vad_type=linear&amp;vpos=preroll&amp;cust_params=tags_nuevos%3Dte_efemerides%2Cte_virales%2Cte_aviones%2Cca_el_mundo%2Cca_lifestyle%2Cau_emiliano_pettovello%2CU2DGFPGKGZFAPENZQ3DSYIB72E&amp;pod=3&amp;ppos=1&amp;lip=true&amp;min_ad_duration=0&amp;max_ad_duration=30000&amp;vrid=6256&amp;url=https%3A%2F%2Fwww.lanacion.com.ar%2Fel-mundo%2Fse-desprendio-el-techo-a-7315-metros-el-desastre-aereo-mas-terrorifico-que-tuvo-un-final-inesperado-nid28042026%2F%3Fvariant%3DA&amp;description_url=https%3A%2F%2Fwww.lanacion.com.ar%2Fel-mundo%2Fse-desprendio-el-techo-a-7315-metros-el-desastre-aereo-mas-terrorifico-que-tuvo-un-final-inesperado-nid28042026%2F%3Fvariant%3DA&amp;video_doc_id=short_onecue&amp;cmsid=496&amp;kfa=0&amp;tfcd=0&amp;correlator=1777435784394&quot;,&quot;arcSite&quot;:&quot;la-nacion-ar&quot;,&quot;duration&quot;:&quot;90000&quot;}\">\n<div id=\"facade-tflteP4B\" class=\"content-facade-jw relative bg-black ratio-16-9\"><picture><source media=\"(max-width: 767px)\" srcset=\"https:\/\/resizer.glanacion.com\/resizer\/v2\/https%3A%2F%2Fcdn.jwplayer.com%2Fv2%2Fmedia%2FtflteP4B%2Fposter.jpg%3Fwidth%3D720?auth=127337b2dd2e89a64d12c2f9e506458d3977f31b341c792f41da0f76cf4b0984&amp;width=480&amp;quality=70&amp;smart=false\"\/><\/picture><\/div>\n<\/div><figcaption class=\"border border-1 border-bottom border-light-300 relative px-16 py-8 min-h-36 w-100_md px-0_l mb-8 bg-white\"><span class=\"text ln-text text-16 block\">El accidente del vuelo 243 de Aloha Airlines<\/span><\/figcaption><\/figure>\n<\/section>\n<\/div>\n<p class=\"com-paragraph   --s\">Mientras el avi\u00f3n descend\u00eda, se emitieron mensajes de auxilio y<strong> se notific\u00f3 al aeropuerto de Maui que se utilizar\u00eda para un aterrizaje de emergencia<\/strong>. A las 13:50:58, el controlador local solicit\u00f3 al vuelo que cambiara de frecuencia a control de aproximaci\u00f3n porque el vuelo estaba fuera de la cobertura de radar del controlador local. Aunque se confirm\u00f3 la solicitud, el vuelo 243 continu\u00f3 transmitiendo en la frecuencia del controlador local. A las 13:53:44, la copiloto inform\u00f3 al controlador local: <strong>\u201cNecesitaremos asistencia. No podemos comunicarnos con los auxiliares de vuelo<\/strong>. Necesitaremos asistencia para los pasajeros cuando aterricemos\u201d. Nunca recibieron respuestas.<\/p>\n<div class=\"content-media\">\n<section role=\"button\" class=\"mod-media   \">\n<figure role=\"button\" tabindex=\"0\" class=\"mod-figure \"><figcaption class=\"mod-figcaption\"><span class=\"com-text --caption --twoxs\">Una azafata result\u00f3 muerta y 95 personas sobrevivieron al accidente<\/span><span class=\"com-text --credit --twoxs\">(Fuente: NTSB)<\/span><\/figcaption><\/figure>\n<\/section>\n<\/div>\n<p class=\"com-paragraph   --s\">Reci\u00e9n cuando estuvieron a 3000 metros sobre el nivel del mar, el capit\u00e1n entabl\u00f3 una comunicaci\u00f3n con Maui y solicit\u00f3 asistencia cuando la aeronave lograra aterrizar. Ya sin las m\u00e1scaras de ox\u00edgeno, <strong>se restableci\u00f3 el contacto con los pasajeros<\/strong>. <\/p>\n<p class=\"com-paragraph   --s\">A las 13:55:05, el primer oficial inform\u00f3 a la torre: <strong>\u201cNo tendremos tren de aterrizaje delantero\u201d<\/strong>. Y a las 13:56:14, la tripulaci\u00f3n inform\u00f3: \u201cNecesitaremos todo el equipo que tengan\u201d. Finalmente, con un motor menos y sin parte del techo, el vuelo 243 aterriz\u00f3 en la pista 02 del aeropuerto Kahului de Maui a las 13:58:45. <strong>\u201cTemblaba un poco, se balanceaba ligeramente y se sent\u00eda el\u00e1stico\u201d<\/strong>, describi\u00f3 m\u00e1s tarde el capit\u00e1n. <\/p>\n<p class=\"com-paragraph   --s\">Tras una investigaci\u00f3n exhaustiva, se supo que \u201cel fallo del programa de mantenimiento de Aloha Airlines para detectar la presencia de desprendimiento significativo y da\u00f1os por fatiga fue <strong>lo que finalmente provoc\u00f3 la falla de la junta solapada en S-10L y la separaci\u00f3n del l\u00f3bulo superior del fuselaje<\/strong>. Contribuyeron al accidente la falta de supervisi\u00f3n adecuada por parte de la gerencia de Aloha Airlines de su personal de mantenimiento, as\u00ed como la falta de evaluaci\u00f3n adecuada por parte de la FAA del programa de mantenimiento de Aloha Airlines y de las deficiencias en la inspecci\u00f3n y el control de calidad de la aerol\u00ednea\u201d. <\/p>\n<p class=\"com-paragraph   --s\">A ra\u00edz de este suceso casi ficcional, en 1990 se estren\u00f3 la pel\u00edcula <em>Aterrizaje milagroso<\/em>, que narra a lo largo de la trama c\u00f3mo el avi\u00f3n descendi\u00f3 con casi toda la tripulaci\u00f3n y los pasajeros luego de perder el techo en pleno vuelo. <\/p>\n<section class=\"container-center-100 mb-40 border border-bottom border-thin border-neutral-light-700\"\/><\/div>\n<p><script id=\"facebookpixel\" defer=\"\" type=\"text\/javascript\">\n        !function(f,b,e,v,n,t,s)\n        {if(f.fbq)return;n=f.fbq=function(){n.callMethod?\n        n.callMethod.apply(n,arguments):n.queue.push(arguments)};\n        if(!f._fbq)f._fbq=n;n.push=n;n.loaded=!0;n.version='2.0';\n        n.queue=[];t=b.createElement(e);t.async=!0;\n        t.src=v;s=b.getElementsByTagName(e)[0];\n        s.parentNode.insertBefore(t,s)}(window, document,'script',\n        'https:\/\/connect.facebook.net\/en_US\/fbevents.js');\n        fbq('init', '492459597522335');\n        fbq('track', 'PageView');\n    <\/script><br \/>\n<br \/><\/p>\n","protected":false},"excerpt":{"rendered":"<p>Un sonido de desgarro sorprendi\u00f3 a los pilotos Robert Schornstheimer y Madeline \u201cMimi\u201d Tompkins del vuelo 243 de Aloha Airlines el 28 de abril de 1988, mientras se dirig\u00edan en un Boeing 737-200 a Honolulu. La puerta de la cabina de mando desapareci\u00f3 sin previo aviso, al igual que parte del techo en el \u00e1rea [&hellip;]<\/p>\n","protected":false},"author":2,"featured_media":193595,"comment_status":"closed","ping_status":"closed","sticky":false,"template":"","format":"standard","meta":{"footnotes":""},"categories":[26],"tags":[],"class_list":["post-193594","post","type-post","status-publish","format-standard","has-post-thumbnail","hentry","category-internacionales"],"yoast_head":"<!-- This site is optimized with the Yoast SEO plugin v24.4 - https:\/\/yoast.com\/wordpress\/plugins\/seo\/ -->\n<title>\u201cSe desprendi\u00f3 el techo a 7315 metros\u201d: el desastre a\u00e9reo m\u00e1s terror\u00edfico que tuvo un final inesperado - GYS NOTICIAS |<\/title>\n<meta name=\"robots\" content=\"index, follow, max-snippet:-1, max-image-preview:large, max-video-preview:-1\" \/>\n<link rel=\"canonical\" href=\"https:\/\/gysfm.com.ar\/inicio\/se-desprendio-el-techo-a-7315-metros-el-desastre-aereo-mas-terrorifico-que-tuvo-un-final-inesperado\/\" \/>\n<meta property=\"og:locale\" content=\"es_ES\" \/>\n<meta property=\"og:type\" content=\"article\" \/>\n<meta property=\"og:title\" content=\"\u201cSe desprendi\u00f3 el techo a 7315 metros\u201d: el desastre a\u00e9reo m\u00e1s terror\u00edfico que tuvo un final inesperado - GYS NOTICIAS |\" \/>\n<meta property=\"og:description\" content=\"Un sonido de desgarro sorprendi\u00f3 a los pilotos Robert Schornstheimer y Madeline \u201cMimi\u201d Tompkins del vuelo 243 de Aloha Airlines el 28 de abril de 1988, mientras se dirig\u00edan en un Boeing 737-200 a Honolulu. La puerta de la cabina de mando desapareci\u00f3 sin previo aviso, al igual que parte del techo en el \u00e1rea [&hellip;]\" \/>\n<meta property=\"og:url\" content=\"https:\/\/gysfm.com.ar\/inicio\/se-desprendio-el-techo-a-7315-metros-el-desastre-aereo-mas-terrorifico-que-tuvo-un-final-inesperado\/\" \/>\n<meta property=\"og:site_name\" content=\"GYS NOTICIAS |\" \/>\n<meta property=\"article:published_time\" content=\"2026-04-29T04:10:08+00:00\" \/>\n<meta property=\"article:modified_time\" content=\"2026-04-29T04:10:10+00:00\" \/>\n<meta property=\"og:image\" content=\"https:\/\/gysfm.com.ar\/inicio\/wp-content\/uploads\/2026\/04\/el-accidente-aereo-que-marco-a-la-historia-de-la-ECBRTI42KNB3XGMB3LM5R5YWZU.png\" \/>\n\t<meta property=\"og:image:width\" content=\"1200\" \/>\n\t<meta property=\"og:image:height\" content=\"800\" \/>\n\t<meta property=\"og:image:type\" content=\"image\/png\" \/>\n<meta name=\"author\" content=\"Prensa G&amp;S FM\" \/>\n<meta name=\"twitter:card\" content=\"summary_large_image\" \/>\n<meta name=\"twitter:label1\" content=\"Escrito por\" \/>\n\t<meta name=\"twitter:data1\" content=\"Prensa G&amp;S FM\" \/>\n\t<meta name=\"twitter:label2\" content=\"Tiempo de lectura\" \/>\n\t<meta name=\"twitter:data2\" content=\"4 minutos\" \/>\n<script type=\"application\/ld+json\" class=\"yoast-schema-graph\">{\"@context\":\"https:\/\/schema.org\",\"@graph\":[{\"@type\":\"Article\",\"@id\":\"https:\/\/gysfm.com.ar\/inicio\/se-desprendio-el-techo-a-7315-metros-el-desastre-aereo-mas-terrorifico-que-tuvo-un-final-inesperado\/#article\",\"isPartOf\":{\"@id\":\"https:\/\/gysfm.com.ar\/inicio\/se-desprendio-el-techo-a-7315-metros-el-desastre-aereo-mas-terrorifico-que-tuvo-un-final-inesperado\/\"},\"author\":{\"name\":\"Prensa G&amp;S FM\",\"@id\":\"https:\/\/gysfm.com.ar\/inicio\/#\/schema\/person\/3abba7593ef2ad19e1be221d54383dc5\"},\"headline\":\"\u201cSe desprendi\u00f3 el techo a 7315 metros\u201d: el desastre a\u00e9reo m\u00e1s terror\u00edfico que tuvo un final inesperado\",\"datePublished\":\"2026-04-29T04:10:08+00:00\",\"dateModified\":\"2026-04-29T04:10:10+00:00\",\"mainEntityOfPage\":{\"@id\":\"https:\/\/gysfm.com.ar\/inicio\/se-desprendio-el-techo-a-7315-metros-el-desastre-aereo-mas-terrorifico-que-tuvo-un-final-inesperado\/\"},\"wordCount\":764,\"publisher\":{\"@id\":\"https:\/\/gysfm.com.ar\/inicio\/#organization\"},\"image\":{\"@id\":\"https:\/\/gysfm.com.ar\/inicio\/se-desprendio-el-techo-a-7315-metros-el-desastre-aereo-mas-terrorifico-que-tuvo-un-final-inesperado\/#primaryimage\"},\"thumbnailUrl\":\"https:\/\/gysfm.com.ar\/inicio\/wp-content\/uploads\/2026\/04\/el-accidente-aereo-que-marco-a-la-historia-de-la-ECBRTI42KNB3XGMB3LM5R5YWZU.png\",\"articleSection\":[\"INTERNACIONALES\"],\"inLanguage\":\"es\"},{\"@type\":\"WebPage\",\"@id\":\"https:\/\/gysfm.com.ar\/inicio\/se-desprendio-el-techo-a-7315-metros-el-desastre-aereo-mas-terrorifico-que-tuvo-un-final-inesperado\/\",\"url\":\"https:\/\/gysfm.com.ar\/inicio\/se-desprendio-el-techo-a-7315-metros-el-desastre-aereo-mas-terrorifico-que-tuvo-un-final-inesperado\/\",\"name\":\"\u201cSe desprendi\u00f3 el techo a 7315 metros\u201d: el desastre a\u00e9reo m\u00e1s terror\u00edfico que tuvo un final inesperado - GYS NOTICIAS |\",\"isPartOf\":{\"@id\":\"https:\/\/gysfm.com.ar\/inicio\/#website\"},\"primaryImageOfPage\":{\"@id\":\"https:\/\/gysfm.com.ar\/inicio\/se-desprendio-el-techo-a-7315-metros-el-desastre-aereo-mas-terrorifico-que-tuvo-un-final-inesperado\/#primaryimage\"},\"image\":{\"@id\":\"https:\/\/gysfm.com.ar\/inicio\/se-desprendio-el-techo-a-7315-metros-el-desastre-aereo-mas-terrorifico-que-tuvo-un-final-inesperado\/#primaryimage\"},\"thumbnailUrl\":\"https:\/\/gysfm.com.ar\/inicio\/wp-content\/uploads\/2026\/04\/el-accidente-aereo-que-marco-a-la-historia-de-la-ECBRTI42KNB3XGMB3LM5R5YWZU.png\",\"datePublished\":\"2026-04-29T04:10:08+00:00\",\"dateModified\":\"2026-04-29T04:10:10+00:00\",\"breadcrumb\":{\"@id\":\"https:\/\/gysfm.com.ar\/inicio\/se-desprendio-el-techo-a-7315-metros-el-desastre-aereo-mas-terrorifico-que-tuvo-un-final-inesperado\/#breadcrumb\"},\"inLanguage\":\"es\",\"potentialAction\":[{\"@type\":\"ReadAction\",\"target\":[\"https:\/\/gysfm.com.ar\/inicio\/se-desprendio-el-techo-a-7315-metros-el-desastre-aereo-mas-terrorifico-que-tuvo-un-final-inesperado\/\"]}]},{\"@type\":\"ImageObject\",\"inLanguage\":\"es\",\"@id\":\"https:\/\/gysfm.com.ar\/inicio\/se-desprendio-el-techo-a-7315-metros-el-desastre-aereo-mas-terrorifico-que-tuvo-un-final-inesperado\/#primaryimage\",\"url\":\"https:\/\/gysfm.com.ar\/inicio\/wp-content\/uploads\/2026\/04\/el-accidente-aereo-que-marco-a-la-historia-de-la-ECBRTI42KNB3XGMB3LM5R5YWZU.png\",\"contentUrl\":\"https:\/\/gysfm.com.ar\/inicio\/wp-content\/uploads\/2026\/04\/el-accidente-aereo-que-marco-a-la-historia-de-la-ECBRTI42KNB3XGMB3LM5R5YWZU.png\",\"width\":1200,\"height\":800},{\"@type\":\"BreadcrumbList\",\"@id\":\"https:\/\/gysfm.com.ar\/inicio\/se-desprendio-el-techo-a-7315-metros-el-desastre-aereo-mas-terrorifico-que-tuvo-un-final-inesperado\/#breadcrumb\",\"itemListElement\":[{\"@type\":\"ListItem\",\"position\":1,\"name\":\"Portada\",\"item\":\"https:\/\/gysfm.com.ar\/inicio\/\"},{\"@type\":\"ListItem\",\"position\":2,\"name\":\"\u201cSe desprendi\u00f3 el techo a 7315 metros\u201d: el desastre a\u00e9reo m\u00e1s terror\u00edfico que tuvo un final inesperado\"}]},{\"@type\":\"WebSite\",\"@id\":\"https:\/\/gysfm.com.ar\/inicio\/#website\",\"url\":\"https:\/\/gysfm.com.ar\/inicio\/\",\"name\":\"GYS NOTICIAS |\",\"description\":\"DIARIO - RADIO ONLINE SAN JUAN ARGENTINA\",\"publisher\":{\"@id\":\"https:\/\/gysfm.com.ar\/inicio\/#organization\"},\"potentialAction\":[{\"@type\":\"SearchAction\",\"target\":{\"@type\":\"EntryPoint\",\"urlTemplate\":\"https:\/\/gysfm.com.ar\/inicio\/?s={search_term_string}\"},\"query-input\":{\"@type\":\"PropertyValueSpecification\",\"valueRequired\":true,\"valueName\":\"search_term_string\"}}],\"inLanguage\":\"es\"},{\"@type\":\"Organization\",\"@id\":\"https:\/\/gysfm.com.ar\/inicio\/#organization\",\"name\":\"GYS NOTICIAS |\",\"url\":\"https:\/\/gysfm.com.ar\/inicio\/\",\"logo\":{\"@type\":\"ImageObject\",\"inLanguage\":\"es\",\"@id\":\"https:\/\/gysfm.com.ar\/inicio\/#\/schema\/logo\/image\/\",\"url\":\"https:\/\/gysfm.com.ar\/inicio\/wp-content\/uploads\/2023\/07\/LOGOGYS-OK.png\",\"contentUrl\":\"https:\/\/gysfm.com.ar\/inicio\/wp-content\/uploads\/2023\/07\/LOGOGYS-OK.png\",\"width\":1170,\"height\":872,\"caption\":\"GYS NOTICIAS |\"},\"image\":{\"@id\":\"https:\/\/gysfm.com.ar\/inicio\/#\/schema\/logo\/image\/\"}},{\"@type\":\"Person\",\"@id\":\"https:\/\/gysfm.com.ar\/inicio\/#\/schema\/person\/3abba7593ef2ad19e1be221d54383dc5\",\"name\":\"Prensa G&amp;S FM\",\"image\":{\"@type\":\"ImageObject\",\"inLanguage\":\"es\",\"@id\":\"https:\/\/gysfm.com.ar\/inicio\/#\/schema\/person\/image\/\",\"url\":\"https:\/\/secure.gravatar.com\/avatar\/096ec78df02049ab018702bb4ccedf659377fa92a26540b5247612077a0dbd29?s=96&d=mm&r=g\",\"contentUrl\":\"https:\/\/secure.gravatar.com\/avatar\/096ec78df02049ab018702bb4ccedf659377fa92a26540b5247612077a0dbd29?s=96&d=mm&r=g\",\"caption\":\"Prensa G&amp;S FM\"},\"sameAs\":[\"https:\/\/gysfm.com.ar\/\"],\"url\":\"https:\/\/gysfm.com.ar\/inicio\/author\/lucasm\/\"}]}<\/script>\n<!-- \/ Yoast SEO plugin. -->","yoast_head_json":{"title":"\u201cSe desprendi\u00f3 el techo a 7315 metros\u201d: el desastre a\u00e9reo m\u00e1s terror\u00edfico que tuvo un final inesperado - GYS NOTICIAS |","robots":{"index":"index","follow":"follow","max-snippet":"max-snippet:-1","max-image-preview":"max-image-preview:large","max-video-preview":"max-video-preview:-1"},"canonical":"https:\/\/gysfm.com.ar\/inicio\/se-desprendio-el-techo-a-7315-metros-el-desastre-aereo-mas-terrorifico-que-tuvo-un-final-inesperado\/","og_locale":"es_ES","og_type":"article","og_title":"\u201cSe desprendi\u00f3 el techo a 7315 metros\u201d: el desastre a\u00e9reo m\u00e1s terror\u00edfico que tuvo un final inesperado - GYS NOTICIAS |","og_description":"Un sonido de desgarro sorprendi\u00f3 a los pilotos Robert Schornstheimer y Madeline \u201cMimi\u201d Tompkins del vuelo 243 de Aloha Airlines el 28 de abril de 1988, mientras se dirig\u00edan en un Boeing 737-200 a Honolulu. La puerta de la cabina de mando desapareci\u00f3 sin previo aviso, al igual que parte del techo en el \u00e1rea [&hellip;]","og_url":"https:\/\/gysfm.com.ar\/inicio\/se-desprendio-el-techo-a-7315-metros-el-desastre-aereo-mas-terrorifico-que-tuvo-un-final-inesperado\/","og_site_name":"GYS NOTICIAS |","article_published_time":"2026-04-29T04:10:08+00:00","article_modified_time":"2026-04-29T04:10:10+00:00","og_image":[{"width":1200,"height":800,"url":"https:\/\/gysfm.com.ar\/inicio\/wp-content\/uploads\/2026\/04\/el-accidente-aereo-que-marco-a-la-historia-de-la-ECBRTI42KNB3XGMB3LM5R5YWZU.png","type":"image\/png"}],"author":"Prensa G&amp;S FM","twitter_card":"summary_large_image","twitter_misc":{"Escrito por":"Prensa G&amp;S FM","Tiempo de lectura":"4 minutos"},"schema":{"@context":"https:\/\/schema.org","@graph":[{"@type":"Article","@id":"https:\/\/gysfm.com.ar\/inicio\/se-desprendio-el-techo-a-7315-metros-el-desastre-aereo-mas-terrorifico-que-tuvo-un-final-inesperado\/#article","isPartOf":{"@id":"https:\/\/gysfm.com.ar\/inicio\/se-desprendio-el-techo-a-7315-metros-el-desastre-aereo-mas-terrorifico-que-tuvo-un-final-inesperado\/"},"author":{"name":"Prensa G&amp;S FM","@id":"https:\/\/gysfm.com.ar\/inicio\/#\/schema\/person\/3abba7593ef2ad19e1be221d54383dc5"},"headline":"\u201cSe desprendi\u00f3 el techo a 7315 metros\u201d: el desastre a\u00e9reo m\u00e1s terror\u00edfico que tuvo un final inesperado","datePublished":"2026-04-29T04:10:08+00:00","dateModified":"2026-04-29T04:10:10+00:00","mainEntityOfPage":{"@id":"https:\/\/gysfm.com.ar\/inicio\/se-desprendio-el-techo-a-7315-metros-el-desastre-aereo-mas-terrorifico-que-tuvo-un-final-inesperado\/"},"wordCount":764,"publisher":{"@id":"https:\/\/gysfm.com.ar\/inicio\/#organization"},"image":{"@id":"https:\/\/gysfm.com.ar\/inicio\/se-desprendio-el-techo-a-7315-metros-el-desastre-aereo-mas-terrorifico-que-tuvo-un-final-inesperado\/#primaryimage"},"thumbnailUrl":"https:\/\/gysfm.com.ar\/inicio\/wp-content\/uploads\/2026\/04\/el-accidente-aereo-que-marco-a-la-historia-de-la-ECBRTI42KNB3XGMB3LM5R5YWZU.png","articleSection":["INTERNACIONALES"],"inLanguage":"es"},{"@type":"WebPage","@id":"https:\/\/gysfm.com.ar\/inicio\/se-desprendio-el-techo-a-7315-metros-el-desastre-aereo-mas-terrorifico-que-tuvo-un-final-inesperado\/","url":"https:\/\/gysfm.com.ar\/inicio\/se-desprendio-el-techo-a-7315-metros-el-desastre-aereo-mas-terrorifico-que-tuvo-un-final-inesperado\/","name":"\u201cSe desprendi\u00f3 el techo a 7315 metros\u201d: el desastre a\u00e9reo m\u00e1s terror\u00edfico que tuvo un final inesperado - GYS NOTICIAS |","isPartOf":{"@id":"https:\/\/gysfm.com.ar\/inicio\/#website"},"primaryImageOfPage":{"@id":"https:\/\/gysfm.com.ar\/inicio\/se-desprendio-el-techo-a-7315-metros-el-desastre-aereo-mas-terrorifico-que-tuvo-un-final-inesperado\/#primaryimage"},"image":{"@id":"https:\/\/gysfm.com.ar\/inicio\/se-desprendio-el-techo-a-7315-metros-el-desastre-aereo-mas-terrorifico-que-tuvo-un-final-inesperado\/#primaryimage"},"thumbnailUrl":"https:\/\/gysfm.com.ar\/inicio\/wp-content\/uploads\/2026\/04\/el-accidente-aereo-que-marco-a-la-historia-de-la-ECBRTI42KNB3XGMB3LM5R5YWZU.png","datePublished":"2026-04-29T04:10:08+00:00","dateModified":"2026-04-29T04:10:10+00:00","breadcrumb":{"@id":"https:\/\/gysfm.com.ar\/inicio\/se-desprendio-el-techo-a-7315-metros-el-desastre-aereo-mas-terrorifico-que-tuvo-un-final-inesperado\/#breadcrumb"},"inLanguage":"es","potentialAction":[{"@type":"ReadAction","target":["https:\/\/gysfm.com.ar\/inicio\/se-desprendio-el-techo-a-7315-metros-el-desastre-aereo-mas-terrorifico-que-tuvo-un-final-inesperado\/"]}]},{"@type":"ImageObject","inLanguage":"es","@id":"https:\/\/gysfm.com.ar\/inicio\/se-desprendio-el-techo-a-7315-metros-el-desastre-aereo-mas-terrorifico-que-tuvo-un-final-inesperado\/#primaryimage","url":"https:\/\/gysfm.com.ar\/inicio\/wp-content\/uploads\/2026\/04\/el-accidente-aereo-que-marco-a-la-historia-de-la-ECBRTI42KNB3XGMB3LM5R5YWZU.png","contentUrl":"https:\/\/gysfm.com.ar\/inicio\/wp-content\/uploads\/2026\/04\/el-accidente-aereo-que-marco-a-la-historia-de-la-ECBRTI42KNB3XGMB3LM5R5YWZU.png","width":1200,"height":800},{"@type":"BreadcrumbList","@id":"https:\/\/gysfm.com.ar\/inicio\/se-desprendio-el-techo-a-7315-metros-el-desastre-aereo-mas-terrorifico-que-tuvo-un-final-inesperado\/#breadcrumb","itemListElement":[{"@type":"ListItem","position":1,"name":"Portada","item":"https:\/\/gysfm.com.ar\/inicio\/"},{"@type":"ListItem","position":2,"name":"\u201cSe desprendi\u00f3 el techo a 7315 metros\u201d: el desastre a\u00e9reo m\u00e1s terror\u00edfico que tuvo un final inesperado"}]},{"@type":"WebSite","@id":"https:\/\/gysfm.com.ar\/inicio\/#website","url":"https:\/\/gysfm.com.ar\/inicio\/","name":"GYS NOTICIAS |","description":"DIARIO - RADIO ONLINE SAN JUAN ARGENTINA","publisher":{"@id":"https:\/\/gysfm.com.ar\/inicio\/#organization"},"potentialAction":[{"@type":"SearchAction","target":{"@type":"EntryPoint","urlTemplate":"https:\/\/gysfm.com.ar\/inicio\/?s={search_term_string}"},"query-input":{"@type":"PropertyValueSpecification","valueRequired":true,"valueName":"search_term_string"}}],"inLanguage":"es"},{"@type":"Organization","@id":"https:\/\/gysfm.com.ar\/inicio\/#organization","name":"GYS NOTICIAS |","url":"https:\/\/gysfm.com.ar\/inicio\/","logo":{"@type":"ImageObject","inLanguage":"es","@id":"https:\/\/gysfm.com.ar\/inicio\/#\/schema\/logo\/image\/","url":"https:\/\/gysfm.com.ar\/inicio\/wp-content\/uploads\/2023\/07\/LOGOGYS-OK.png","contentUrl":"https:\/\/gysfm.com.ar\/inicio\/wp-content\/uploads\/2023\/07\/LOGOGYS-OK.png","width":1170,"height":872,"caption":"GYS NOTICIAS |"},"image":{"@id":"https:\/\/gysfm.com.ar\/inicio\/#\/schema\/logo\/image\/"}},{"@type":"Person","@id":"https:\/\/gysfm.com.ar\/inicio\/#\/schema\/person\/3abba7593ef2ad19e1be221d54383dc5","name":"Prensa G&amp;S FM","image":{"@type":"ImageObject","inLanguage":"es","@id":"https:\/\/gysfm.com.ar\/inicio\/#\/schema\/person\/image\/","url":"https:\/\/secure.gravatar.com\/avatar\/096ec78df02049ab018702bb4ccedf659377fa92a26540b5247612077a0dbd29?s=96&d=mm&r=g","contentUrl":"https:\/\/secure.gravatar.com\/avatar\/096ec78df02049ab018702bb4ccedf659377fa92a26540b5247612077a0dbd29?s=96&d=mm&r=g","caption":"Prensa G&amp;S FM"},"sameAs":["https:\/\/gysfm.com.ar\/"],"url":"https:\/\/gysfm.com.ar\/inicio\/author\/lucasm\/"}]}},"_links":{"self":[{"href":"https:\/\/gysfm.com.ar\/inicio\/wp-json\/wp\/v2\/posts\/193594","targetHints":{"allow":["GET"]}}],"collection":[{"href":"https:\/\/gysfm.com.ar\/inicio\/wp-json\/wp\/v2\/posts"}],"about":[{"href":"https:\/\/gysfm.com.ar\/inicio\/wp-json\/wp\/v2\/types\/post"}],"author":[{"embeddable":true,"href":"https:\/\/gysfm.com.ar\/inicio\/wp-json\/wp\/v2\/users\/2"}],"replies":[{"embeddable":true,"href":"https:\/\/gysfm.com.ar\/inicio\/wp-json\/wp\/v2\/comments?post=193594"}],"version-history":[{"count":1,"href":"https:\/\/gysfm.com.ar\/inicio\/wp-json\/wp\/v2\/posts\/193594\/revisions"}],"predecessor-version":[{"id":193596,"href":"https:\/\/gysfm.com.ar\/inicio\/wp-json\/wp\/v2\/posts\/193594\/revisions\/193596"}],"wp:featuredmedia":[{"embeddable":true,"href":"https:\/\/gysfm.com.ar\/inicio\/wp-json\/wp\/v2\/media\/193595"}],"wp:attachment":[{"href":"https:\/\/gysfm.com.ar\/inicio\/wp-json\/wp\/v2\/media?parent=193594"}],"wp:term":[{"taxonomy":"category","embeddable":true,"href":"https:\/\/gysfm.com.ar\/inicio\/wp-json\/wp\/v2\/categories?post=193594"},{"taxonomy":"post_tag","embeddable":true,"href":"https:\/\/gysfm.com.ar\/inicio\/wp-json\/wp\/v2\/tags?post=193594"}],"curies":[{"name":"wp","href":"https:\/\/api.w.org\/{rel}","templated":true}]}}