{"id":193592,"date":"2026-04-29T00:54:04","date_gmt":"2026-04-29T03:54:04","guid":{"rendered":"https:\/\/gysfm.com.ar\/inicio\/gustavo-gonzalez-los-oficialismos-no-quieren-paso-especialmente-cuando-tienen-un-liderazgo-indiscutible\/"},"modified":"2026-04-29T00:54:04","modified_gmt":"2026-04-29T03:54:04","slug":"gustavo-gonzalez-los-oficialismos-no-quieren-paso-especialmente-cuando-tienen-un-liderazgo-indiscutible","status":"publish","type":"post","link":"https:\/\/gysfm.com.ar\/inicio\/gustavo-gonzalez-los-oficialismos-no-quieren-paso-especialmente-cuando-tienen-un-liderazgo-indiscutible\/","title":{"rendered":"Gustavo Gonz\u00e1lez: \u201cLos oficialismos no quieren PASO, especialmente cuando tienen un liderazgo indiscutible\u201d"},"content":{"rendered":"<p><\/p>\n<div id=\"article-content\">\n<p>La posible eliminaci\u00f3n de las <strong>Primarias Abiertas, Simult\u00e1neas y Obligatorias (PASO)<\/strong> vuelve a encender el <a target=\"_blank\" href=\"https:\/\/www.perfil.com\/noticias\/canal-e\/congreso-y-elecciones-2027-las-claves-del-nuevo-escenario-politico-argentino.phtml\">debate pol\u00edtico<\/a> en Argentina. Para <strong>Gustavo Gonz\u00e1lez<\/strong>, la discusi\u00f3n no es nueva, pero s\u00ed profundamente atravesada por <a target=\"_blank\" href=\"https:\/\/www.perfil.com\/noticias\/canal-e\/tristan-rodriguez-loredo-sobre-la-economia-los-promedios-cada-vez-explican-menos.phtml\">intereses coyunturales<\/a>. \u201c<strong>Los oficialismos no quieren paso, especialmente cuando tienen un liderazgo que suponen indiscutible<\/strong>\u201d, afirm\u00f3, al tiempo que remarc\u00f3 que la oposici\u00f3n suele defenderlas como herramienta de competencia interna.<\/p>\n<p>Seg\u00fan explic\u00f3, el sistema de primarias surgi\u00f3 tras a\u00f1os de debate como una respuesta a la crisis de representaci\u00f3n partidaria. \u201c<strong>Se decide esta idea de las primarias abiertas para que el ciudadano com\u00fan forme parte de ese proceso de selecci\u00f3n<\/strong>\u201d, record\u00f3. En ese sentido, rechaz\u00f3 la idea de que se trate \u00fanicamente de un gasto innecesario: \u201c<strong>La democracia sale dinero, pero antes de las PASO las candidaturas se resolv\u00edan a dedo<\/strong>\u201d.<\/p>\n<h2><strong>Una disputa atravesada por la especulaci\u00f3n pol\u00edtica<\/strong><\/h2>\n<p><strong>Gonz\u00e1lez<\/strong> sostuvo que el intento del Gobierno de avanzar contra las PASO responde a una l\u00f3gica estrat\u00e9gica m\u00e1s que institucional. \u201c<strong>El oficialismo quiere eliminar las PASO, como todos los oficialismos, es una especulaci\u00f3n<\/strong>\u201d, se\u00f1al\u00f3. En paralelo, destac\u00f3 las diferencias dentro del arco opositor, donde incluso aliados naturales debaten alternativas intermedias, como primarias no obligatorias.<\/p>\n<p>Adem\u00e1s, remarc\u00f3 que cada fuerza pol\u00edtica eval\u00faa el sistema en funci\u00f3n de su conveniencia electoral. \u201c<strong>Todos est\u00e1n especulando de cara al a\u00f1o que viene<\/strong>\u201d, sintetiz\u00f3. Desde el peronismo, explic\u00f3, las PASO permiten ampliar la base de representaci\u00f3n, mientras que otros espacios buscan posicionarse con candidaturas propias dentro de alianzas m\u00e1s amplias.<\/p>\n<p>El analista tambi\u00e9n advirti\u00f3 que el contexto actual no favorece al Gobierno para impulsar cambios de este tipo. \u201c<strong>Este contexto parece ser hoy un poquito m\u00e1s duro para el gobierno<\/strong>\u201d, afirm\u00f3, sugiriendo que una iniciativa similar habr\u00eda tenido mayores chances en un escenario pol\u00edtico previo.<\/p>\n<p><iframe id=\"vrudo\" class=\"vrudo\" src=\"https:\/\/rudo.video\/vod\/yiP05VSjmmM?volume=0\" width=\"100%\" height=\"100%\" allowscriptaccess=\"always\" allowfullscreen=\"true\" webkitallowfullscreen=\"true\" frameborder=\"0\" scrolling=\"no\" allow=\"autoplay; fullscreen\" loading=\"lazy\" title=\"Contenido embebido\"><\/iframe><\/p>\n<h2><strong>El impacto del caso Adorni y la escena pol\u00edtica<\/strong><\/h2>\n<p>Consultado sobre la exposici\u00f3n del jefe de Gabinete, <strong>Gonz\u00e1lez <\/strong>anticip\u00f3 un clima tenso. \u201c<strong>Va a ser una sesi\u00f3n picante<\/strong>\u201d, asegur\u00f3, destacando el volumen de preguntas y el perfil confrontativo del funcionario.<\/p>\n<p>En cuanto al rol del presidente, consider\u00f3 que su eventual presencia en el Congreso tendr\u00eda un fuerte peso simb\u00f3lico. \u201c<strong>Ya solo la foto del presidente yendo al Poder Legislativo significa un espaldarazo muy grande<\/strong>\u201d, explic\u00f3. Sin embargo, advirti\u00f3 sobre los riesgos de una participaci\u00f3n m\u00e1s activa: \u201c<strong>Ser\u00eda un exceso poco visto que un presidente intervenga en ese contexto<\/strong>\u201d.<\/p>\n<p>Para <strong>Gonz\u00e1lez<\/strong>, la presencia presidencial podr\u00eda incluso complicar la din\u00e1mica del debate. \u201c<strong>Va a enturbiar la sesi\u00f3n, porque los diputados le van a hablar tambi\u00e9n al presidente<\/strong>\u201d, concluy\u00f3, se\u00f1alando que ese escenario no aportar\u00eda beneficios pol\u00edticos claros para el Ejecutivo<br \/>&#13;\n <\/p>\n<\/p><\/div>\n<p><script>\n                !function(f,b,e,v,n,t,s)\n                {if(f.fbq)return;n=f.fbq=function(){n.callMethod?\n                    n.callMethod.apply(n,arguments):n.queue.push(arguments)};\n                    if(!f._fbq)f._fbq=n;n.push=n;n.loaded=!0;n.version='2.0';\n                    n.queue=[];t=b.createElement(e);t.async=!0;\n                    t.src=v;s=b.getElementsByTagName(e)[0];\n                    s.parentNode.insertBefore(t,s)}(window, document,'script',\n                    'https:\/\/connect.facebook.net\/en_US\/fbevents.js');\n                window.paywallConfig.facebook_pixel=\"1000228364089342\"\n            <\/script><\/p>\n","protected":false},"excerpt":{"rendered":"<p>La posible eliminaci\u00f3n de las Primarias Abiertas, Simult\u00e1neas y Obligatorias (PASO) vuelve a encender el debate pol\u00edtico en Argentina. Para Gustavo Gonz\u00e1lez, la discusi\u00f3n no es nueva, pero s\u00ed profundamente atravesada por intereses coyunturales. \u201cLos oficialismos no quieren paso, especialmente cuando tienen un liderazgo que suponen indiscutible\u201d, afirm\u00f3, al tiempo que remarc\u00f3 que la oposici\u00f3n [&hellip;]<\/p>\n","protected":false},"author":2,"featured_media":193593,"comment_status":"closed","ping_status":"closed","sticky":false,"template":"","format":"standard","meta":{"footnotes":""},"categories":[25],"tags":[],"class_list":["post-193592","post","type-post","status-publish","format-standard","has-post-thumbnail","hentry","category-nacionales"],"yoast_head":"<!-- This site is optimized with the Yoast SEO plugin v24.4 - https:\/\/yoast.com\/wordpress\/plugins\/seo\/ -->\n<title>Gustavo Gonz\u00e1lez: \u201cLos oficialismos no quieren PASO, especialmente cuando tienen un liderazgo indiscutible\u201d - GYS NOTICIAS |<\/title>\n<meta name=\"robots\" content=\"index, follow, max-snippet:-1, max-image-preview:large, max-video-preview:-1\" \/>\n<link rel=\"canonical\" href=\"https:\/\/gysfm.com.ar\/inicio\/gustavo-gonzalez-los-oficialismos-no-quieren-paso-especialmente-cuando-tienen-un-liderazgo-indiscutible\/\" \/>\n<meta property=\"og:locale\" content=\"es_ES\" \/>\n<meta property=\"og:type\" content=\"article\" \/>\n<meta property=\"og:title\" content=\"Gustavo Gonz\u00e1lez: \u201cLos oficialismos no quieren PASO, especialmente cuando tienen un liderazgo indiscutible\u201d - GYS NOTICIAS |\" \/>\n<meta property=\"og:description\" content=\"La posible eliminaci\u00f3n de las Primarias Abiertas, Simult\u00e1neas y Obligatorias (PASO) vuelve a encender el debate pol\u00edtico en Argentina. Para Gustavo Gonz\u00e1lez, la discusi\u00f3n no es nueva, pero s\u00ed profundamente atravesada por intereses coyunturales. \u201cLos oficialismos no quieren paso, especialmente cuando tienen un liderazgo que suponen indiscutible\u201d, afirm\u00f3, al tiempo que remarc\u00f3 que la oposici\u00f3n [&hellip;]\" \/>\n<meta property=\"og:url\" content=\"https:\/\/gysfm.com.ar\/inicio\/gustavo-gonzalez-los-oficialismos-no-quieren-paso-especialmente-cuando-tienen-un-liderazgo-indiscutible\/\" \/>\n<meta property=\"og:site_name\" content=\"GYS NOTICIAS |\" \/>\n<meta property=\"article:published_time\" content=\"2026-04-29T03:54:04+00:00\" \/>\n<meta name=\"author\" content=\"Prensa G&amp;S FM\" \/>\n<meta name=\"twitter:card\" content=\"summary_large_image\" \/>\n<meta name=\"twitter:label1\" content=\"Escrito por\" \/>\n\t<meta name=\"twitter:data1\" content=\"Prensa G&amp;S FM\" \/>\n\t<meta name=\"twitter:label2\" content=\"Tiempo de lectura\" \/>\n\t<meta name=\"twitter:data2\" content=\"2 minutos\" \/>\n<script type=\"application\/ld+json\" class=\"yoast-schema-graph\">{\"@context\":\"https:\/\/schema.org\",\"@graph\":[{\"@type\":\"Article\",\"@id\":\"https:\/\/gysfm.com.ar\/inicio\/gustavo-gonzalez-los-oficialismos-no-quieren-paso-especialmente-cuando-tienen-un-liderazgo-indiscutible\/#article\",\"isPartOf\":{\"@id\":\"https:\/\/gysfm.com.ar\/inicio\/gustavo-gonzalez-los-oficialismos-no-quieren-paso-especialmente-cuando-tienen-un-liderazgo-indiscutible\/\"},\"author\":{\"name\":\"Prensa G&amp;S FM\",\"@id\":\"https:\/\/gysfm.com.ar\/inicio\/#\/schema\/person\/3abba7593ef2ad19e1be221d54383dc5\"},\"headline\":\"Gustavo Gonz\u00e1lez: \u201cLos oficialismos no quieren PASO, especialmente cuando tienen un liderazgo indiscutible\u201d\",\"datePublished\":\"2026-04-29T03:54:04+00:00\",\"mainEntityOfPage\":{\"@id\":\"https:\/\/gysfm.com.ar\/inicio\/gustavo-gonzalez-los-oficialismos-no-quieren-paso-especialmente-cuando-tienen-un-liderazgo-indiscutible\/\"},\"wordCount\":491,\"publisher\":{\"@id\":\"https:\/\/gysfm.com.ar\/inicio\/#organization\"},\"image\":{\"@id\":\"https:\/\/gysfm.com.ar\/inicio\/gustavo-gonzalez-los-oficialismos-no-quieren-paso-especialmente-cuando-tienen-un-liderazgo-indiscutible\/#primaryimage\"},\"thumbnailUrl\":\"https:\/\/gysfm.com.ar\/inicio\/wp-content\/uploads\/2026\/04\/paso-2228796.jpg\",\"articleSection\":[\"NACIONALES\"],\"inLanguage\":\"es\"},{\"@type\":\"WebPage\",\"@id\":\"https:\/\/gysfm.com.ar\/inicio\/gustavo-gonzalez-los-oficialismos-no-quieren-paso-especialmente-cuando-tienen-un-liderazgo-indiscutible\/\",\"url\":\"https:\/\/gysfm.com.ar\/inicio\/gustavo-gonzalez-los-oficialismos-no-quieren-paso-especialmente-cuando-tienen-un-liderazgo-indiscutible\/\",\"name\":\"Gustavo Gonz\u00e1lez: \u201cLos oficialismos no quieren PASO, especialmente cuando tienen un liderazgo indiscutible\u201d - GYS NOTICIAS |\",\"isPartOf\":{\"@id\":\"https:\/\/gysfm.com.ar\/inicio\/#website\"},\"primaryImageOfPage\":{\"@id\":\"https:\/\/gysfm.com.ar\/inicio\/gustavo-gonzalez-los-oficialismos-no-quieren-paso-especialmente-cuando-tienen-un-liderazgo-indiscutible\/#primaryimage\"},\"image\":{\"@id\":\"https:\/\/gysfm.com.ar\/inicio\/gustavo-gonzalez-los-oficialismos-no-quieren-paso-especialmente-cuando-tienen-un-liderazgo-indiscutible\/#primaryimage\"},\"thumbnailUrl\":\"https:\/\/gysfm.com.ar\/inicio\/wp-content\/uploads\/2026\/04\/paso-2228796.jpg\",\"datePublished\":\"2026-04-29T03:54:04+00:00\",\"breadcrumb\":{\"@id\":\"https:\/\/gysfm.com.ar\/inicio\/gustavo-gonzalez-los-oficialismos-no-quieren-paso-especialmente-cuando-tienen-un-liderazgo-indiscutible\/#breadcrumb\"},\"inLanguage\":\"es\",\"potentialAction\":[{\"@type\":\"ReadAction\",\"target\":[\"https:\/\/gysfm.com.ar\/inicio\/gustavo-gonzalez-los-oficialismos-no-quieren-paso-especialmente-cuando-tienen-un-liderazgo-indiscutible\/\"]}]},{\"@type\":\"ImageObject\",\"inLanguage\":\"es\",\"@id\":\"https:\/\/gysfm.com.ar\/inicio\/gustavo-gonzalez-los-oficialismos-no-quieren-paso-especialmente-cuando-tienen-un-liderazgo-indiscutible\/#primaryimage\",\"url\":\"https:\/\/gysfm.com.ar\/inicio\/wp-content\/uploads\/2026\/04\/paso-2228796.jpg\",\"contentUrl\":\"https:\/\/gysfm.com.ar\/inicio\/wp-content\/uploads\/2026\/04\/paso-2228796.jpg\",\"width\":1140,\"height\":641},{\"@type\":\"BreadcrumbList\",\"@id\":\"https:\/\/gysfm.com.ar\/inicio\/gustavo-gonzalez-los-oficialismos-no-quieren-paso-especialmente-cuando-tienen-un-liderazgo-indiscutible\/#breadcrumb\",\"itemListElement\":[{\"@type\":\"ListItem\",\"position\":1,\"name\":\"Portada\",\"item\":\"https:\/\/gysfm.com.ar\/inicio\/\"},{\"@type\":\"ListItem\",\"position\":2,\"name\":\"Gustavo Gonz\u00e1lez: \u201cLos oficialismos no quieren PASO, especialmente cuando tienen un liderazgo indiscutible\u201d\"}]},{\"@type\":\"WebSite\",\"@id\":\"https:\/\/gysfm.com.ar\/inicio\/#website\",\"url\":\"https:\/\/gysfm.com.ar\/inicio\/\",\"name\":\"GYS NOTICIAS |\",\"description\":\"DIARIO - RADIO ONLINE SAN JUAN ARGENTINA\",\"publisher\":{\"@id\":\"https:\/\/gysfm.com.ar\/inicio\/#organization\"},\"potentialAction\":[{\"@type\":\"SearchAction\",\"target\":{\"@type\":\"EntryPoint\",\"urlTemplate\":\"https:\/\/gysfm.com.ar\/inicio\/?s={search_term_string}\"},\"query-input\":{\"@type\":\"PropertyValueSpecification\",\"valueRequired\":true,\"valueName\":\"search_term_string\"}}],\"inLanguage\":\"es\"},{\"@type\":\"Organization\",\"@id\":\"https:\/\/gysfm.com.ar\/inicio\/#organization\",\"name\":\"GYS NOTICIAS |\",\"url\":\"https:\/\/gysfm.com.ar\/inicio\/\",\"logo\":{\"@type\":\"ImageObject\",\"inLanguage\":\"es\",\"@id\":\"https:\/\/gysfm.com.ar\/inicio\/#\/schema\/logo\/image\/\",\"url\":\"https:\/\/gysfm.com.ar\/inicio\/wp-content\/uploads\/2023\/07\/LOGOGYS-OK.png\",\"contentUrl\":\"https:\/\/gysfm.com.ar\/inicio\/wp-content\/uploads\/2023\/07\/LOGOGYS-OK.png\",\"width\":1170,\"height\":872,\"caption\":\"GYS NOTICIAS |\"},\"image\":{\"@id\":\"https:\/\/gysfm.com.ar\/inicio\/#\/schema\/logo\/image\/\"}},{\"@type\":\"Person\",\"@id\":\"https:\/\/gysfm.com.ar\/inicio\/#\/schema\/person\/3abba7593ef2ad19e1be221d54383dc5\",\"name\":\"Prensa G&amp;S FM\",\"image\":{\"@type\":\"ImageObject\",\"inLanguage\":\"es\",\"@id\":\"https:\/\/gysfm.com.ar\/inicio\/#\/schema\/person\/image\/\",\"url\":\"https:\/\/secure.gravatar.com\/avatar\/096ec78df02049ab018702bb4ccedf659377fa92a26540b5247612077a0dbd29?s=96&d=mm&r=g\",\"contentUrl\":\"https:\/\/secure.gravatar.com\/avatar\/096ec78df02049ab018702bb4ccedf659377fa92a26540b5247612077a0dbd29?s=96&d=mm&r=g\",\"caption\":\"Prensa G&amp;S FM\"},\"sameAs\":[\"https:\/\/gysfm.com.ar\/\"],\"url\":\"https:\/\/gysfm.com.ar\/inicio\/author\/lucasm\/\"}]}<\/script>\n<!-- \/ Yoast SEO plugin. -->","yoast_head_json":{"title":"Gustavo Gonz\u00e1lez: \u201cLos oficialismos no quieren PASO, especialmente cuando tienen un liderazgo indiscutible\u201d - GYS NOTICIAS |","robots":{"index":"index","follow":"follow","max-snippet":"max-snippet:-1","max-image-preview":"max-image-preview:large","max-video-preview":"max-video-preview:-1"},"canonical":"https:\/\/gysfm.com.ar\/inicio\/gustavo-gonzalez-los-oficialismos-no-quieren-paso-especialmente-cuando-tienen-un-liderazgo-indiscutible\/","og_locale":"es_ES","og_type":"article","og_title":"Gustavo Gonz\u00e1lez: \u201cLos oficialismos no quieren PASO, especialmente cuando tienen un liderazgo indiscutible\u201d - GYS NOTICIAS |","og_description":"La posible eliminaci\u00f3n de las Primarias Abiertas, Simult\u00e1neas y Obligatorias (PASO) vuelve a encender el debate pol\u00edtico en Argentina. Para Gustavo Gonz\u00e1lez, la discusi\u00f3n no es nueva, pero s\u00ed profundamente atravesada por intereses coyunturales. \u201cLos oficialismos no quieren paso, especialmente cuando tienen un liderazgo que suponen indiscutible\u201d, afirm\u00f3, al tiempo que remarc\u00f3 que la oposici\u00f3n [&hellip;]","og_url":"https:\/\/gysfm.com.ar\/inicio\/gustavo-gonzalez-los-oficialismos-no-quieren-paso-especialmente-cuando-tienen-un-liderazgo-indiscutible\/","og_site_name":"GYS NOTICIAS |","article_published_time":"2026-04-29T03:54:04+00:00","author":"Prensa G&amp;S FM","twitter_card":"summary_large_image","twitter_misc":{"Escrito por":"Prensa G&amp;S FM","Tiempo de lectura":"2 minutos"},"schema":{"@context":"https:\/\/schema.org","@graph":[{"@type":"Article","@id":"https:\/\/gysfm.com.ar\/inicio\/gustavo-gonzalez-los-oficialismos-no-quieren-paso-especialmente-cuando-tienen-un-liderazgo-indiscutible\/#article","isPartOf":{"@id":"https:\/\/gysfm.com.ar\/inicio\/gustavo-gonzalez-los-oficialismos-no-quieren-paso-especialmente-cuando-tienen-un-liderazgo-indiscutible\/"},"author":{"name":"Prensa G&amp;S FM","@id":"https:\/\/gysfm.com.ar\/inicio\/#\/schema\/person\/3abba7593ef2ad19e1be221d54383dc5"},"headline":"Gustavo Gonz\u00e1lez: \u201cLos oficialismos no quieren PASO, especialmente cuando tienen un liderazgo indiscutible\u201d","datePublished":"2026-04-29T03:54:04+00:00","mainEntityOfPage":{"@id":"https:\/\/gysfm.com.ar\/inicio\/gustavo-gonzalez-los-oficialismos-no-quieren-paso-especialmente-cuando-tienen-un-liderazgo-indiscutible\/"},"wordCount":491,"publisher":{"@id":"https:\/\/gysfm.com.ar\/inicio\/#organization"},"image":{"@id":"https:\/\/gysfm.com.ar\/inicio\/gustavo-gonzalez-los-oficialismos-no-quieren-paso-especialmente-cuando-tienen-un-liderazgo-indiscutible\/#primaryimage"},"thumbnailUrl":"https:\/\/gysfm.com.ar\/inicio\/wp-content\/uploads\/2026\/04\/paso-2228796.jpg","articleSection":["NACIONALES"],"inLanguage":"es"},{"@type":"WebPage","@id":"https:\/\/gysfm.com.ar\/inicio\/gustavo-gonzalez-los-oficialismos-no-quieren-paso-especialmente-cuando-tienen-un-liderazgo-indiscutible\/","url":"https:\/\/gysfm.com.ar\/inicio\/gustavo-gonzalez-los-oficialismos-no-quieren-paso-especialmente-cuando-tienen-un-liderazgo-indiscutible\/","name":"Gustavo Gonz\u00e1lez: \u201cLos oficialismos no quieren PASO, especialmente cuando tienen un liderazgo indiscutible\u201d - GYS NOTICIAS |","isPartOf":{"@id":"https:\/\/gysfm.com.ar\/inicio\/#website"},"primaryImageOfPage":{"@id":"https:\/\/gysfm.com.ar\/inicio\/gustavo-gonzalez-los-oficialismos-no-quieren-paso-especialmente-cuando-tienen-un-liderazgo-indiscutible\/#primaryimage"},"image":{"@id":"https:\/\/gysfm.com.ar\/inicio\/gustavo-gonzalez-los-oficialismos-no-quieren-paso-especialmente-cuando-tienen-un-liderazgo-indiscutible\/#primaryimage"},"thumbnailUrl":"https:\/\/gysfm.com.ar\/inicio\/wp-content\/uploads\/2026\/04\/paso-2228796.jpg","datePublished":"2026-04-29T03:54:04+00:00","breadcrumb":{"@id":"https:\/\/gysfm.com.ar\/inicio\/gustavo-gonzalez-los-oficialismos-no-quieren-paso-especialmente-cuando-tienen-un-liderazgo-indiscutible\/#breadcrumb"},"inLanguage":"es","potentialAction":[{"@type":"ReadAction","target":["https:\/\/gysfm.com.ar\/inicio\/gustavo-gonzalez-los-oficialismos-no-quieren-paso-especialmente-cuando-tienen-un-liderazgo-indiscutible\/"]}]},{"@type":"ImageObject","inLanguage":"es","@id":"https:\/\/gysfm.com.ar\/inicio\/gustavo-gonzalez-los-oficialismos-no-quieren-paso-especialmente-cuando-tienen-un-liderazgo-indiscutible\/#primaryimage","url":"https:\/\/gysfm.com.ar\/inicio\/wp-content\/uploads\/2026\/04\/paso-2228796.jpg","contentUrl":"https:\/\/gysfm.com.ar\/inicio\/wp-content\/uploads\/2026\/04\/paso-2228796.jpg","width":1140,"height":641},{"@type":"BreadcrumbList","@id":"https:\/\/gysfm.com.ar\/inicio\/gustavo-gonzalez-los-oficialismos-no-quieren-paso-especialmente-cuando-tienen-un-liderazgo-indiscutible\/#breadcrumb","itemListElement":[{"@type":"ListItem","position":1,"name":"Portada","item":"https:\/\/gysfm.com.ar\/inicio\/"},{"@type":"ListItem","position":2,"name":"Gustavo Gonz\u00e1lez: \u201cLos oficialismos no quieren PASO, especialmente cuando tienen un liderazgo indiscutible\u201d"}]},{"@type":"WebSite","@id":"https:\/\/gysfm.com.ar\/inicio\/#website","url":"https:\/\/gysfm.com.ar\/inicio\/","name":"GYS NOTICIAS |","description":"DIARIO - RADIO ONLINE SAN JUAN ARGENTINA","publisher":{"@id":"https:\/\/gysfm.com.ar\/inicio\/#organization"},"potentialAction":[{"@type":"SearchAction","target":{"@type":"EntryPoint","urlTemplate":"https:\/\/gysfm.com.ar\/inicio\/?s={search_term_string}"},"query-input":{"@type":"PropertyValueSpecification","valueRequired":true,"valueName":"search_term_string"}}],"inLanguage":"es"},{"@type":"Organization","@id":"https:\/\/gysfm.com.ar\/inicio\/#organization","name":"GYS NOTICIAS |","url":"https:\/\/gysfm.com.ar\/inicio\/","logo":{"@type":"ImageObject","inLanguage":"es","@id":"https:\/\/gysfm.com.ar\/inicio\/#\/schema\/logo\/image\/","url":"https:\/\/gysfm.com.ar\/inicio\/wp-content\/uploads\/2023\/07\/LOGOGYS-OK.png","contentUrl":"https:\/\/gysfm.com.ar\/inicio\/wp-content\/uploads\/2023\/07\/LOGOGYS-OK.png","width":1170,"height":872,"caption":"GYS NOTICIAS |"},"image":{"@id":"https:\/\/gysfm.com.ar\/inicio\/#\/schema\/logo\/image\/"}},{"@type":"Person","@id":"https:\/\/gysfm.com.ar\/inicio\/#\/schema\/person\/3abba7593ef2ad19e1be221d54383dc5","name":"Prensa G&amp;S FM","image":{"@type":"ImageObject","inLanguage":"es","@id":"https:\/\/gysfm.com.ar\/inicio\/#\/schema\/person\/image\/","url":"https:\/\/secure.gravatar.com\/avatar\/096ec78df02049ab018702bb4ccedf659377fa92a26540b5247612077a0dbd29?s=96&d=mm&r=g","contentUrl":"https:\/\/secure.gravatar.com\/avatar\/096ec78df02049ab018702bb4ccedf659377fa92a26540b5247612077a0dbd29?s=96&d=mm&r=g","caption":"Prensa G&amp;S FM"},"sameAs":["https:\/\/gysfm.com.ar\/"],"url":"https:\/\/gysfm.com.ar\/inicio\/author\/lucasm\/"}]}},"_links":{"self":[{"href":"https:\/\/gysfm.com.ar\/inicio\/wp-json\/wp\/v2\/posts\/193592","targetHints":{"allow":["GET"]}}],"collection":[{"href":"https:\/\/gysfm.com.ar\/inicio\/wp-json\/wp\/v2\/posts"}],"about":[{"href":"https:\/\/gysfm.com.ar\/inicio\/wp-json\/wp\/v2\/types\/post"}],"author":[{"embeddable":true,"href":"https:\/\/gysfm.com.ar\/inicio\/wp-json\/wp\/v2\/users\/2"}],"replies":[{"embeddable":true,"href":"https:\/\/gysfm.com.ar\/inicio\/wp-json\/wp\/v2\/comments?post=193592"}],"version-history":[{"count":0,"href":"https:\/\/gysfm.com.ar\/inicio\/wp-json\/wp\/v2\/posts\/193592\/revisions"}],"wp:featuredmedia":[{"embeddable":true,"href":"https:\/\/gysfm.com.ar\/inicio\/wp-json\/wp\/v2\/media\/193593"}],"wp:attachment":[{"href":"https:\/\/gysfm.com.ar\/inicio\/wp-json\/wp\/v2\/media?parent=193592"}],"wp:term":[{"taxonomy":"category","embeddable":true,"href":"https:\/\/gysfm.com.ar\/inicio\/wp-json\/wp\/v2\/categories?post=193592"},{"taxonomy":"post_tag","embeddable":true,"href":"https:\/\/gysfm.com.ar\/inicio\/wp-json\/wp\/v2\/tags?post=193592"}],"curies":[{"name":"wp","href":"https:\/\/api.w.org\/{rel}","templated":true}]}}