{"id":193590,"date":"2026-04-29T00:23:08","date_gmt":"2026-04-29T03:23:08","guid":{"rendered":"https:\/\/gysfm.com.ar\/inicio\/federico-vaccarezza-advirtio-sobre-el-empleo-se-perdieron-320-mil-trabajadores-registrados\/"},"modified":"2026-04-29T00:23:08","modified_gmt":"2026-04-29T03:23:08","slug":"federico-vaccarezza-advirtio-sobre-el-empleo-se-perdieron-320-mil-trabajadores-registrados","status":"publish","type":"post","link":"https:\/\/gysfm.com.ar\/inicio\/federico-vaccarezza-advirtio-sobre-el-empleo-se-perdieron-320-mil-trabajadores-registrados\/","title":{"rendered":"Federico Vaccarezza advirti\u00f3 sobre el empleo: \u00abSe perdieron 320 mil trabajadores registrados\u00bb"},"content":{"rendered":"<p><\/p>\n<div id=\"article-content\">\n<p>El economista <a target=\"_blank\" href=\"https:\/\/www.perfil.com\/noticias\/canal-e\/la-cuestion-del-dolar-hoy-esta-mas-influida-por-la-cuestion-de-politica-monetaria-que-por-la-oferta-de-dolares.phtml\"><strong>Federico Vaccarezza<\/strong><\/a> advirti\u00f3 sobre el deterioro de la <strong>actividad econ\u00f3mica<\/strong> y el fuerte impacto en el <a target=\"_blank\" href=\"https:\/\/www.perfil.com\/noticias\/canal-e\/ramiro-tosi-en-terminos-netos-la-economia-perdio-empleo-registrado-se-destruyeron-200000-puestos-de-trabajo.phtml\"><strong>empleo registrado<\/strong><\/a>, en base a los \u00faltimos datos del informe del IPA. En di\u00e1logo con <strong>Canal E<\/strong>, sostuvo que el modelo actual muestra se\u00f1ales de agotamiento y que la situaci\u00f3n comienza a generar preocupaci\u00f3n en distintos sectores productivos.<\/p>\n<p><strong>\u00abEstamos ante un ciclo en el cual la actividad econ\u00f3mica empieza a mostrar signos de agotamiento\u00bb<\/strong>, explic\u00f3 Vaccarezza. En ese sentido, detall\u00f3 que se pas\u00f3 de un crecimiento del 6,4% a una ca\u00edda del 2,1%, lo que refleja una desaceleraci\u00f3n sostenida.<\/p>\n<h2><strong>Un modelo con sectores ganadores y una econom\u00eda que no reacciona<\/strong><\/h2>\n<p>El economista se\u00f1al\u00f3 que, si bien algunos sectores muestran buenos resultados, la mayor\u00eda de los indicadores presentan ca\u00eddas. Entre los rubros que mantienen dinamismo mencion\u00f3 al <strong>sector financiero<\/strong>, el <strong>agro<\/strong> y las <strong>exportaciones<\/strong>.<\/p>\n<p><iframe id=\"vrudo\" class=\"vrudo\" src=\"https:\/\/rudo.video\/vod\/yiQaRfYLY38?volume=0\" width=\"100%\" height=\"100%\" allowscriptaccess=\"always\" allowfullscreen=\"true\" webkitallowfullscreen=\"true\" frameborder=\"0\" scrolling=\"no\" allow=\"autoplay; fullscreen\" loading=\"lazy\" title=\"Contenido embebido\"><\/iframe><\/p>\n<p><strong>\u00abEl sector financiero le est\u00e1 yendo bien, al agro le est\u00e1 yendo bien y a la expo le est\u00e1 yendo bien\u00bb<\/strong>, afirm\u00f3. Sin embargo, advirti\u00f3 que <strong>\u00abel resto de los indicadores que tienen que ver con empleo, consumo y producci\u00f3n industrial est\u00e1n dando mal\u00bb<\/strong>, lo que evidencia desequilibrios dentro de la econom\u00eda.<\/p>\n<h2><strong>La ca\u00edda del empleo y el golpe a la industria<\/strong><\/h2>\n<p>Uno de los puntos m\u00e1s cr\u00edticos del an\u00e1lisis fue la p\u00e9rdida de <strong>empleo registrado<\/strong>, especialmente en el sector industrial. Vaccarezza remarc\u00f3 que los n\u00fameros son preocupantes y reflejan el impacto de la ca\u00edda del consumo interno.<\/p>\n<p><strong>\u00abEn 25 meses de gobierno se perdieron 320 mil trabajadores registrados\u00bb<\/strong>, detall\u00f3. Adem\u00e1s, indic\u00f3 que <strong>\u00aben la industria se perdieron 79 mil trabajadores\u00bb<\/strong>, lo que implica el cierre de numerosas pymes y una fuerte contracci\u00f3n del entramado productivo.<\/p>\n<p>El economista explic\u00f3 que la industria es particularmente sensible a la ca\u00edda del consumo, ya que depende en gran medida del mercado interno. En ese contexto, alert\u00f3 que el impacto es a\u00fan mayor en las peque\u00f1as y medianas empresas, que cuentan con menor capacidad para sostener la actividad.<\/p>\n<h2><strong>Preocupaci\u00f3n por la falta de reactivaci\u00f3n<\/strong><\/h2>\n<p>Vaccarezza sostuvo que la principal inquietud de los empresarios no es solo la ca\u00edda actual, sino la ausencia de un horizonte de recuperaci\u00f3n. A diferencia de otros per\u00edodos de crisis, no se vislumbra un rebote claro en el corto plazo.<\/p>\n<p><strong>\u00abLa preocupaci\u00f3n no es cu\u00e1n profundo puede ser el impacto, sino cu\u00e1ndo comienza el rebote\u00bb<\/strong>, afirm\u00f3. En esa l\u00ednea, agreg\u00f3 que la falta de perspectivas complica las decisiones de inversi\u00f3n y pone en riesgo la continuidad de muchas empresas.<\/p>\n<h2><strong>La necesidad de reactivar el mercado interno<\/strong><\/h2>\n<p>El economista plante\u00f3 que la salida a la crisis requiere medidas orientadas a fortalecer el <strong>mercado interno<\/strong>. En ese sentido, consider\u00f3 necesario impulsar el consumo a trav\u00e9s de pol\u00edticas de transferencia de ingresos.<\/p>\n<p><strong>\u00abEn un determinado momento ten\u00e9s que reactivar y esa reactivaci\u00f3n tiene que ser v\u00eda transferencia\u00bb<\/strong>, sostuvo. Seg\u00fan explic\u00f3, este tipo de medidas podr\u00eda generar un efecto positivo en la recaudaci\u00f3n y en la actividad econ\u00f3mica general.<\/p>\n<p>Adem\u00e1s, subray\u00f3 que la inflaci\u00f3n no responde \u00fanicamente a la emisi\u00f3n monetaria, sino a m\u00faltiples factores. <strong>\u00abLa inflaci\u00f3n es un fen\u00f3meno multicausal\u00bb<\/strong>, indic\u00f3, al tiempo que plante\u00f3 la necesidad de un enfoque m\u00e1s amplio para abordar el problema.<\/p>\n<h2><strong>Un escenario que pone en tensi\u00f3n el rumbo econ\u00f3mico<\/strong><\/h2>\n<p>Vaccarezza concluy\u00f3 que el actual contexto obliga a repensar la estrategia econ\u00f3mica si se busca sostener la actividad y mejorar los indicadores sociales. Para el economista, el desaf\u00edo pasa por encontrar un equilibrio entre el orden macroecon\u00f3mico y la recuperaci\u00f3n del entramado productivo.<\/p>\n<p><strong>\u00abNo se puede vivir en un estado de ajuste permanente que lo sufran los sectores vinculados a la producci\u00f3n y el consumo\u00bb<\/strong>, expres\u00f3. En ese marco, insisti\u00f3 en la necesidad de medidas pragm\u00e1ticas que permitan revertir la ca\u00edda de la actividad y del empleo.<\/p>\n<\/p><\/div>\n<p><script>\n                !function(f,b,e,v,n,t,s)\n                {if(f.fbq)return;n=f.fbq=function(){n.callMethod?\n                    n.callMethod.apply(n,arguments):n.queue.push(arguments)};\n                    if(!f._fbq)f._fbq=n;n.push=n;n.loaded=!0;n.version='2.0';\n                    n.queue=[];t=b.createElement(e);t.async=!0;\n                    t.src=v;s=b.getElementsByTagName(e)[0];\n                    s.parentNode.insertBefore(t,s)}(window, document,'script',\n                    'https:\/\/connect.facebook.net\/en_US\/fbevents.js');\n                window.paywallConfig.facebook_pixel=\"1000228364089342\"\n            <\/script><\/p>\n","protected":false},"excerpt":{"rendered":"<p>El economista Federico Vaccarezza advirti\u00f3 sobre el deterioro de la actividad econ\u00f3mica y el fuerte impacto en el empleo registrado, en base a los \u00faltimos datos del informe del IPA. En di\u00e1logo con Canal E, sostuvo que el modelo actual muestra se\u00f1ales de agotamiento y que la situaci\u00f3n comienza a generar preocupaci\u00f3n en distintos sectores [&hellip;]<\/p>\n","protected":false},"author":2,"featured_media":193591,"comment_status":"closed","ping_status":"closed","sticky":false,"template":"","format":"standard","meta":{"footnotes":""},"categories":[25],"tags":[],"class_list":["post-193590","post","type-post","status-publish","format-standard","has-post-thumbnail","hentry","category-nacionales"],"yoast_head":"<!-- This site is optimized with the Yoast SEO plugin v24.4 - https:\/\/yoast.com\/wordpress\/plugins\/seo\/ -->\n<title>Federico Vaccarezza advirti\u00f3 sobre el empleo: &quot;Se perdieron 320 mil trabajadores registrados&quot; - GYS NOTICIAS |<\/title>\n<meta name=\"robots\" content=\"index, follow, max-snippet:-1, max-image-preview:large, max-video-preview:-1\" \/>\n<link rel=\"canonical\" href=\"https:\/\/gysfm.com.ar\/inicio\/federico-vaccarezza-advirtio-sobre-el-empleo-se-perdieron-320-mil-trabajadores-registrados\/\" \/>\n<meta property=\"og:locale\" content=\"es_ES\" \/>\n<meta property=\"og:type\" content=\"article\" \/>\n<meta property=\"og:title\" content=\"Federico Vaccarezza advirti\u00f3 sobre el empleo: &quot;Se perdieron 320 mil trabajadores registrados&quot; - GYS NOTICIAS |\" \/>\n<meta property=\"og:description\" content=\"El economista Federico Vaccarezza advirti\u00f3 sobre el deterioro de la actividad econ\u00f3mica y el fuerte impacto en el empleo registrado, en base a los \u00faltimos datos del informe del IPA. En di\u00e1logo con Canal E, sostuvo que el modelo actual muestra se\u00f1ales de agotamiento y que la situaci\u00f3n comienza a generar preocupaci\u00f3n en distintos sectores [&hellip;]\" \/>\n<meta property=\"og:url\" content=\"https:\/\/gysfm.com.ar\/inicio\/federico-vaccarezza-advirtio-sobre-el-empleo-se-perdieron-320-mil-trabajadores-registrados\/\" \/>\n<meta property=\"og:site_name\" content=\"GYS NOTICIAS |\" \/>\n<meta property=\"article:published_time\" content=\"2026-04-29T03:23:08+00:00\" \/>\n<meta name=\"author\" content=\"Prensa G&amp;S FM\" \/>\n<meta name=\"twitter:card\" content=\"summary_large_image\" \/>\n<meta name=\"twitter:label1\" content=\"Escrito por\" \/>\n\t<meta name=\"twitter:data1\" content=\"Prensa G&amp;S FM\" \/>\n\t<meta name=\"twitter:label2\" content=\"Tiempo de lectura\" \/>\n\t<meta name=\"twitter:data2\" content=\"3 minutos\" \/>\n<script type=\"application\/ld+json\" class=\"yoast-schema-graph\">{\"@context\":\"https:\/\/schema.org\",\"@graph\":[{\"@type\":\"Article\",\"@id\":\"https:\/\/gysfm.com.ar\/inicio\/federico-vaccarezza-advirtio-sobre-el-empleo-se-perdieron-320-mil-trabajadores-registrados\/#article\",\"isPartOf\":{\"@id\":\"https:\/\/gysfm.com.ar\/inicio\/federico-vaccarezza-advirtio-sobre-el-empleo-se-perdieron-320-mil-trabajadores-registrados\/\"},\"author\":{\"name\":\"Prensa G&amp;S FM\",\"@id\":\"https:\/\/gysfm.com.ar\/inicio\/#\/schema\/person\/3abba7593ef2ad19e1be221d54383dc5\"},\"headline\":\"Federico Vaccarezza advirti\u00f3 sobre el empleo: \u00abSe perdieron 320 mil trabajadores registrados\u00bb\",\"datePublished\":\"2026-04-29T03:23:08+00:00\",\"mainEntityOfPage\":{\"@id\":\"https:\/\/gysfm.com.ar\/inicio\/federico-vaccarezza-advirtio-sobre-el-empleo-se-perdieron-320-mil-trabajadores-registrados\/\"},\"wordCount\":688,\"publisher\":{\"@id\":\"https:\/\/gysfm.com.ar\/inicio\/#organization\"},\"image\":{\"@id\":\"https:\/\/gysfm.com.ar\/inicio\/federico-vaccarezza-advirtio-sobre-el-empleo-se-perdieron-320-mil-trabajadores-registrados\/#primaryimage\"},\"thumbnailUrl\":\"https:\/\/gysfm.com.ar\/inicio\/wp-content\/uploads\/2026\/04\/desempleo-2205939.jpg\",\"articleSection\":[\"NACIONALES\"],\"inLanguage\":\"es\"},{\"@type\":\"WebPage\",\"@id\":\"https:\/\/gysfm.com.ar\/inicio\/federico-vaccarezza-advirtio-sobre-el-empleo-se-perdieron-320-mil-trabajadores-registrados\/\",\"url\":\"https:\/\/gysfm.com.ar\/inicio\/federico-vaccarezza-advirtio-sobre-el-empleo-se-perdieron-320-mil-trabajadores-registrados\/\",\"name\":\"Federico Vaccarezza advirti\u00f3 sobre el empleo: \\\"Se perdieron 320 mil trabajadores registrados\\\" - GYS NOTICIAS |\",\"isPartOf\":{\"@id\":\"https:\/\/gysfm.com.ar\/inicio\/#website\"},\"primaryImageOfPage\":{\"@id\":\"https:\/\/gysfm.com.ar\/inicio\/federico-vaccarezza-advirtio-sobre-el-empleo-se-perdieron-320-mil-trabajadores-registrados\/#primaryimage\"},\"image\":{\"@id\":\"https:\/\/gysfm.com.ar\/inicio\/federico-vaccarezza-advirtio-sobre-el-empleo-se-perdieron-320-mil-trabajadores-registrados\/#primaryimage\"},\"thumbnailUrl\":\"https:\/\/gysfm.com.ar\/inicio\/wp-content\/uploads\/2026\/04\/desempleo-2205939.jpg\",\"datePublished\":\"2026-04-29T03:23:08+00:00\",\"breadcrumb\":{\"@id\":\"https:\/\/gysfm.com.ar\/inicio\/federico-vaccarezza-advirtio-sobre-el-empleo-se-perdieron-320-mil-trabajadores-registrados\/#breadcrumb\"},\"inLanguage\":\"es\",\"potentialAction\":[{\"@type\":\"ReadAction\",\"target\":[\"https:\/\/gysfm.com.ar\/inicio\/federico-vaccarezza-advirtio-sobre-el-empleo-se-perdieron-320-mil-trabajadores-registrados\/\"]}]},{\"@type\":\"ImageObject\",\"inLanguage\":\"es\",\"@id\":\"https:\/\/gysfm.com.ar\/inicio\/federico-vaccarezza-advirtio-sobre-el-empleo-se-perdieron-320-mil-trabajadores-registrados\/#primaryimage\",\"url\":\"https:\/\/gysfm.com.ar\/inicio\/wp-content\/uploads\/2026\/04\/desempleo-2205939.jpg\",\"contentUrl\":\"https:\/\/gysfm.com.ar\/inicio\/wp-content\/uploads\/2026\/04\/desempleo-2205939.jpg\",\"width\":1140,\"height\":641},{\"@type\":\"BreadcrumbList\",\"@id\":\"https:\/\/gysfm.com.ar\/inicio\/federico-vaccarezza-advirtio-sobre-el-empleo-se-perdieron-320-mil-trabajadores-registrados\/#breadcrumb\",\"itemListElement\":[{\"@type\":\"ListItem\",\"position\":1,\"name\":\"Portada\",\"item\":\"https:\/\/gysfm.com.ar\/inicio\/\"},{\"@type\":\"ListItem\",\"position\":2,\"name\":\"Federico Vaccarezza advirti\u00f3 sobre el empleo: \u00abSe perdieron 320 mil trabajadores registrados\u00bb\"}]},{\"@type\":\"WebSite\",\"@id\":\"https:\/\/gysfm.com.ar\/inicio\/#website\",\"url\":\"https:\/\/gysfm.com.ar\/inicio\/\",\"name\":\"GYS NOTICIAS |\",\"description\":\"DIARIO - RADIO ONLINE SAN JUAN ARGENTINA\",\"publisher\":{\"@id\":\"https:\/\/gysfm.com.ar\/inicio\/#organization\"},\"potentialAction\":[{\"@type\":\"SearchAction\",\"target\":{\"@type\":\"EntryPoint\",\"urlTemplate\":\"https:\/\/gysfm.com.ar\/inicio\/?s={search_term_string}\"},\"query-input\":{\"@type\":\"PropertyValueSpecification\",\"valueRequired\":true,\"valueName\":\"search_term_string\"}}],\"inLanguage\":\"es\"},{\"@type\":\"Organization\",\"@id\":\"https:\/\/gysfm.com.ar\/inicio\/#organization\",\"name\":\"GYS NOTICIAS |\",\"url\":\"https:\/\/gysfm.com.ar\/inicio\/\",\"logo\":{\"@type\":\"ImageObject\",\"inLanguage\":\"es\",\"@id\":\"https:\/\/gysfm.com.ar\/inicio\/#\/schema\/logo\/image\/\",\"url\":\"https:\/\/gysfm.com.ar\/inicio\/wp-content\/uploads\/2023\/07\/LOGOGYS-OK.png\",\"contentUrl\":\"https:\/\/gysfm.com.ar\/inicio\/wp-content\/uploads\/2023\/07\/LOGOGYS-OK.png\",\"width\":1170,\"height\":872,\"caption\":\"GYS NOTICIAS |\"},\"image\":{\"@id\":\"https:\/\/gysfm.com.ar\/inicio\/#\/schema\/logo\/image\/\"}},{\"@type\":\"Person\",\"@id\":\"https:\/\/gysfm.com.ar\/inicio\/#\/schema\/person\/3abba7593ef2ad19e1be221d54383dc5\",\"name\":\"Prensa G&amp;S FM\",\"image\":{\"@type\":\"ImageObject\",\"inLanguage\":\"es\",\"@id\":\"https:\/\/gysfm.com.ar\/inicio\/#\/schema\/person\/image\/\",\"url\":\"https:\/\/secure.gravatar.com\/avatar\/096ec78df02049ab018702bb4ccedf659377fa92a26540b5247612077a0dbd29?s=96&d=mm&r=g\",\"contentUrl\":\"https:\/\/secure.gravatar.com\/avatar\/096ec78df02049ab018702bb4ccedf659377fa92a26540b5247612077a0dbd29?s=96&d=mm&r=g\",\"caption\":\"Prensa G&amp;S FM\"},\"sameAs\":[\"https:\/\/gysfm.com.ar\/\"],\"url\":\"https:\/\/gysfm.com.ar\/inicio\/author\/lucasm\/\"}]}<\/script>\n<!-- \/ Yoast SEO plugin. -->","yoast_head_json":{"title":"Federico Vaccarezza advirti\u00f3 sobre el empleo: \"Se perdieron 320 mil trabajadores registrados\" - GYS NOTICIAS |","robots":{"index":"index","follow":"follow","max-snippet":"max-snippet:-1","max-image-preview":"max-image-preview:large","max-video-preview":"max-video-preview:-1"},"canonical":"https:\/\/gysfm.com.ar\/inicio\/federico-vaccarezza-advirtio-sobre-el-empleo-se-perdieron-320-mil-trabajadores-registrados\/","og_locale":"es_ES","og_type":"article","og_title":"Federico Vaccarezza advirti\u00f3 sobre el empleo: \"Se perdieron 320 mil trabajadores registrados\" - GYS NOTICIAS |","og_description":"El economista Federico Vaccarezza advirti\u00f3 sobre el deterioro de la actividad econ\u00f3mica y el fuerte impacto en el empleo registrado, en base a los \u00faltimos datos del informe del IPA. En di\u00e1logo con Canal E, sostuvo que el modelo actual muestra se\u00f1ales de agotamiento y que la situaci\u00f3n comienza a generar preocupaci\u00f3n en distintos sectores [&hellip;]","og_url":"https:\/\/gysfm.com.ar\/inicio\/federico-vaccarezza-advirtio-sobre-el-empleo-se-perdieron-320-mil-trabajadores-registrados\/","og_site_name":"GYS NOTICIAS |","article_published_time":"2026-04-29T03:23:08+00:00","author":"Prensa G&amp;S FM","twitter_card":"summary_large_image","twitter_misc":{"Escrito por":"Prensa G&amp;S FM","Tiempo de lectura":"3 minutos"},"schema":{"@context":"https:\/\/schema.org","@graph":[{"@type":"Article","@id":"https:\/\/gysfm.com.ar\/inicio\/federico-vaccarezza-advirtio-sobre-el-empleo-se-perdieron-320-mil-trabajadores-registrados\/#article","isPartOf":{"@id":"https:\/\/gysfm.com.ar\/inicio\/federico-vaccarezza-advirtio-sobre-el-empleo-se-perdieron-320-mil-trabajadores-registrados\/"},"author":{"name":"Prensa G&amp;S FM","@id":"https:\/\/gysfm.com.ar\/inicio\/#\/schema\/person\/3abba7593ef2ad19e1be221d54383dc5"},"headline":"Federico Vaccarezza advirti\u00f3 sobre el empleo: \u00abSe perdieron 320 mil trabajadores registrados\u00bb","datePublished":"2026-04-29T03:23:08+00:00","mainEntityOfPage":{"@id":"https:\/\/gysfm.com.ar\/inicio\/federico-vaccarezza-advirtio-sobre-el-empleo-se-perdieron-320-mil-trabajadores-registrados\/"},"wordCount":688,"publisher":{"@id":"https:\/\/gysfm.com.ar\/inicio\/#organization"},"image":{"@id":"https:\/\/gysfm.com.ar\/inicio\/federico-vaccarezza-advirtio-sobre-el-empleo-se-perdieron-320-mil-trabajadores-registrados\/#primaryimage"},"thumbnailUrl":"https:\/\/gysfm.com.ar\/inicio\/wp-content\/uploads\/2026\/04\/desempleo-2205939.jpg","articleSection":["NACIONALES"],"inLanguage":"es"},{"@type":"WebPage","@id":"https:\/\/gysfm.com.ar\/inicio\/federico-vaccarezza-advirtio-sobre-el-empleo-se-perdieron-320-mil-trabajadores-registrados\/","url":"https:\/\/gysfm.com.ar\/inicio\/federico-vaccarezza-advirtio-sobre-el-empleo-se-perdieron-320-mil-trabajadores-registrados\/","name":"Federico Vaccarezza advirti\u00f3 sobre el empleo: \"Se perdieron 320 mil trabajadores registrados\" - GYS NOTICIAS |","isPartOf":{"@id":"https:\/\/gysfm.com.ar\/inicio\/#website"},"primaryImageOfPage":{"@id":"https:\/\/gysfm.com.ar\/inicio\/federico-vaccarezza-advirtio-sobre-el-empleo-se-perdieron-320-mil-trabajadores-registrados\/#primaryimage"},"image":{"@id":"https:\/\/gysfm.com.ar\/inicio\/federico-vaccarezza-advirtio-sobre-el-empleo-se-perdieron-320-mil-trabajadores-registrados\/#primaryimage"},"thumbnailUrl":"https:\/\/gysfm.com.ar\/inicio\/wp-content\/uploads\/2026\/04\/desempleo-2205939.jpg","datePublished":"2026-04-29T03:23:08+00:00","breadcrumb":{"@id":"https:\/\/gysfm.com.ar\/inicio\/federico-vaccarezza-advirtio-sobre-el-empleo-se-perdieron-320-mil-trabajadores-registrados\/#breadcrumb"},"inLanguage":"es","potentialAction":[{"@type":"ReadAction","target":["https:\/\/gysfm.com.ar\/inicio\/federico-vaccarezza-advirtio-sobre-el-empleo-se-perdieron-320-mil-trabajadores-registrados\/"]}]},{"@type":"ImageObject","inLanguage":"es","@id":"https:\/\/gysfm.com.ar\/inicio\/federico-vaccarezza-advirtio-sobre-el-empleo-se-perdieron-320-mil-trabajadores-registrados\/#primaryimage","url":"https:\/\/gysfm.com.ar\/inicio\/wp-content\/uploads\/2026\/04\/desempleo-2205939.jpg","contentUrl":"https:\/\/gysfm.com.ar\/inicio\/wp-content\/uploads\/2026\/04\/desempleo-2205939.jpg","width":1140,"height":641},{"@type":"BreadcrumbList","@id":"https:\/\/gysfm.com.ar\/inicio\/federico-vaccarezza-advirtio-sobre-el-empleo-se-perdieron-320-mil-trabajadores-registrados\/#breadcrumb","itemListElement":[{"@type":"ListItem","position":1,"name":"Portada","item":"https:\/\/gysfm.com.ar\/inicio\/"},{"@type":"ListItem","position":2,"name":"Federico Vaccarezza advirti\u00f3 sobre el empleo: \u00abSe perdieron 320 mil trabajadores registrados\u00bb"}]},{"@type":"WebSite","@id":"https:\/\/gysfm.com.ar\/inicio\/#website","url":"https:\/\/gysfm.com.ar\/inicio\/","name":"GYS NOTICIAS |","description":"DIARIO - RADIO ONLINE SAN JUAN ARGENTINA","publisher":{"@id":"https:\/\/gysfm.com.ar\/inicio\/#organization"},"potentialAction":[{"@type":"SearchAction","target":{"@type":"EntryPoint","urlTemplate":"https:\/\/gysfm.com.ar\/inicio\/?s={search_term_string}"},"query-input":{"@type":"PropertyValueSpecification","valueRequired":true,"valueName":"search_term_string"}}],"inLanguage":"es"},{"@type":"Organization","@id":"https:\/\/gysfm.com.ar\/inicio\/#organization","name":"GYS NOTICIAS |","url":"https:\/\/gysfm.com.ar\/inicio\/","logo":{"@type":"ImageObject","inLanguage":"es","@id":"https:\/\/gysfm.com.ar\/inicio\/#\/schema\/logo\/image\/","url":"https:\/\/gysfm.com.ar\/inicio\/wp-content\/uploads\/2023\/07\/LOGOGYS-OK.png","contentUrl":"https:\/\/gysfm.com.ar\/inicio\/wp-content\/uploads\/2023\/07\/LOGOGYS-OK.png","width":1170,"height":872,"caption":"GYS NOTICIAS |"},"image":{"@id":"https:\/\/gysfm.com.ar\/inicio\/#\/schema\/logo\/image\/"}},{"@type":"Person","@id":"https:\/\/gysfm.com.ar\/inicio\/#\/schema\/person\/3abba7593ef2ad19e1be221d54383dc5","name":"Prensa G&amp;S FM","image":{"@type":"ImageObject","inLanguage":"es","@id":"https:\/\/gysfm.com.ar\/inicio\/#\/schema\/person\/image\/","url":"https:\/\/secure.gravatar.com\/avatar\/096ec78df02049ab018702bb4ccedf659377fa92a26540b5247612077a0dbd29?s=96&d=mm&r=g","contentUrl":"https:\/\/secure.gravatar.com\/avatar\/096ec78df02049ab018702bb4ccedf659377fa92a26540b5247612077a0dbd29?s=96&d=mm&r=g","caption":"Prensa G&amp;S FM"},"sameAs":["https:\/\/gysfm.com.ar\/"],"url":"https:\/\/gysfm.com.ar\/inicio\/author\/lucasm\/"}]}},"_links":{"self":[{"href":"https:\/\/gysfm.com.ar\/inicio\/wp-json\/wp\/v2\/posts\/193590","targetHints":{"allow":["GET"]}}],"collection":[{"href":"https:\/\/gysfm.com.ar\/inicio\/wp-json\/wp\/v2\/posts"}],"about":[{"href":"https:\/\/gysfm.com.ar\/inicio\/wp-json\/wp\/v2\/types\/post"}],"author":[{"embeddable":true,"href":"https:\/\/gysfm.com.ar\/inicio\/wp-json\/wp\/v2\/users\/2"}],"replies":[{"embeddable":true,"href":"https:\/\/gysfm.com.ar\/inicio\/wp-json\/wp\/v2\/comments?post=193590"}],"version-history":[{"count":0,"href":"https:\/\/gysfm.com.ar\/inicio\/wp-json\/wp\/v2\/posts\/193590\/revisions"}],"wp:featuredmedia":[{"embeddable":true,"href":"https:\/\/gysfm.com.ar\/inicio\/wp-json\/wp\/v2\/media\/193591"}],"wp:attachment":[{"href":"https:\/\/gysfm.com.ar\/inicio\/wp-json\/wp\/v2\/media?parent=193590"}],"wp:term":[{"taxonomy":"category","embeddable":true,"href":"https:\/\/gysfm.com.ar\/inicio\/wp-json\/wp\/v2\/categories?post=193590"},{"taxonomy":"post_tag","embeddable":true,"href":"https:\/\/gysfm.com.ar\/inicio\/wp-json\/wp\/v2\/tags?post=193590"}],"curies":[{"name":"wp","href":"https:\/\/api.w.org\/{rel}","templated":true}]}}