{"id":193585,"date":"2026-04-28T23:52:23","date_gmt":"2026-04-29T02:52:23","guid":{"rendered":"https:\/\/gysfm.com.ar\/inicio\/lula-y-bolsonaro-cabeza-a-cabeza-en-una-eleccion-marcada-por-la-incertidumbre\/"},"modified":"2026-04-28T23:52:23","modified_gmt":"2026-04-29T02:52:23","slug":"lula-y-bolsonaro-cabeza-a-cabeza-en-una-eleccion-marcada-por-la-incertidumbre","status":"publish","type":"post","link":"https:\/\/gysfm.com.ar\/inicio\/lula-y-bolsonaro-cabeza-a-cabeza-en-una-eleccion-marcada-por-la-incertidumbre\/","title":{"rendered":"Lula y Bolsonaro, cabeza a cabeza en una elecci\u00f3n marcada por la incertidumbre"},"content":{"rendered":"<p><\/p>\n<div id=\"article-content\">\n<p>El periodista <a target=\"_blank\" href=\"https:\/\/www.perfil.com\/noticias\/canal-e\/patricio-de-la-barra-advirtio-sobre-la-situacion-de-jair-bolsonaro-plantearon-una-amnistia-amplia.phtml\"><strong>Patricio de la Barra<\/strong><\/a> analiz\u00f3 el escenario pol\u00edtico de <strong>Brasil <\/strong>de cara a las pr\u00f3ximas <strong><a target=\"_blank\" href=\"https:\/\/www.perfil.com\/noticias\/canal-e\/elecciones-en-brasil-afirman-que-las-ultimas-encuestas-han-dado-como-vencedor-a-flavio-bolsonaro-con-una-diferencia-de-dos-puntos.phtml\">elecciones<\/a> <\/strong>y advirti\u00f3 sobre un contexto marcado por la paridad en las encuestas, tensiones institucionales y un clima electoral cada vez m\u00e1s anticipado.<\/p>\n<p>En di\u00e1logo con <strong>Canal E<\/strong>, explic\u00f3 que <strong>\u00abya se vive un clima electoral bastante anticipado\u00bb<\/strong>, a pocos meses de los comicios en los que m\u00e1s de 160 millones de brasile\u00f1os estar\u00e1n habilitados para votar.<\/p>\n<h2><strong>Empate t\u00e9cnico y protagonismo de los j\u00f3venes<\/strong><\/h2>\n<p>De la Barra detall\u00f3 que las \u00faltimas encuestas muestran un escenario de m\u00e1xima paridad entre el actual presidente <strong>Luiz In\u00e1cio Lula da Silva<\/strong> y el candidato opositor <strong>Flavio Bolsonaro<\/strong>.<\/p>\n<p><iframe id=\"vrudo\" class=\"vrudo\" src=\"https:\/\/rudo.video\/vod\/yiQbZ5INYN0?volume=0\" width=\"100%\" height=\"100%\" allowscriptaccess=\"always\" allowfullscreen=\"true\" webkitallowfullscreen=\"true\" frameborder=\"0\" scrolling=\"no\" allow=\"autoplay; fullscreen\" loading=\"lazy\" title=\"Contenido embebido\"><\/iframe><\/p>\n<p><strong>\u00abTenemos pr\u00e1cticamente un empate t\u00e9cnico entre Lula da Silva y Flavio Bolsonaro\u00bb<\/strong>, indic\u00f3, al tiempo que remarc\u00f3 que la diferencia es m\u00ednima. Seg\u00fan explic\u00f3, el voto joven tiene un rol clave en este contexto.<\/p>\n<p><strong>\u00abLas encuestas ahora se realizan en torno a j\u00f3venes que por primera vez van a emitir su veredicto\u00bb<\/strong>, se\u00f1al\u00f3, destacando que este segmento se inclina mayoritariamente por la continuidad del actual gobierno.<\/p>\n<h2><strong>Las decisiones clave que pueden definir la campa\u00f1a<\/strong><\/h2>\n<p>El periodista subray\u00f3 que el gobierno de Lula enfrenta una serie de decisiones pol\u00edticas que podr\u00edan impactar directamente en su popularidad y en el resultado electoral.<\/p>\n<p>Entre ellas, mencion\u00f3 el debate sobre la <strong>dosimetr\u00eda de penas<\/strong> vinculadas a los hechos del 8 de enero, la designaci\u00f3n de un juez para el <strong>Supremo Tribunal Federal<\/strong> y posibles esc\u00e1ndalos de corrupci\u00f3n que a\u00fan est\u00e1n en an\u00e1lisis.<\/p>\n<p>En ese contexto, advirti\u00f3 que <strong>\u00abtodo este panorama puede cambiar estas elecciones\u00bb<\/strong>, en funci\u00f3n de c\u00f3mo evolucionen estos temas en el Congreso y la Justicia.<\/p>\n<h2><strong>La aparici\u00f3n de un tercer actor pol\u00edtico<\/strong><\/h2>\n<p>Otro de los puntos destacados fue el crecimiento de una tercera figura en la disputa electoral. Se trata de <strong>Romeu Zema<\/strong>, exgobernador de Minas Gerais, quien podr\u00eda alterar el escenario de polarizaci\u00f3n.<\/p>\n<p><strong>\u00abEst\u00e1 creciendo bastante la campa\u00f1a de Romero Sema\u00bb<\/strong>, afirm\u00f3 de la Barra, al tiempo que no descart\u00f3 que pueda meterse en una eventual segunda vuelta.<\/p>\n<h2><strong>Las estrategias de Lula para sostener su liderazgo<\/strong><\/h2>\n<p>El periodista se\u00f1al\u00f3 que el oficialismo analiza distintas medidas para fortalecer su posicionamiento. Entre ellas, mencion\u00f3 propuestas vinculadas a la <strong>reducci\u00f3n de la jornada laboral<\/strong> y el uso de <strong>recursos para enmiendas parlamentarias<\/strong>.<\/p>\n<p><strong>\u00abLula tiene algunas cartas en la manga\u00bb<\/strong>, explic\u00f3, al referirse a posibles iniciativas que podr\u00edan mejorar su imagen y consolidar apoyos en el Congreso.<\/p>\n<h2><strong>El Mundial y la pol\u00edtica: una relaci\u00f3n cada vez m\u00e1s cercana<\/strong><\/h2>\n<p>De la Barra tambi\u00e9n se refiri\u00f3 al impacto del <strong>Mundial<\/strong> en el clima pol\u00edtico y social de Brasil. Seg\u00fan indic\u00f3, el desempe\u00f1o de la selecci\u00f3n podr\u00eda influir en el humor social de cara a las elecciones.<\/p>\n<p><strong>\u00abMucha gente de la oposici\u00f3n no le gustar\u00eda que Brasil hiciese una gran campa\u00f1a\u00bb<\/strong>, afirm\u00f3, al considerar que un buen resultado podr\u00eda beneficiar al oficialismo.<\/p>\n<p>En ese marco, destac\u00f3 la situaci\u00f3n de <strong>Neymar<\/strong>, figura clave del equipo, y las tensiones pol\u00edticas que incluso alcanzan al \u00e1mbito deportivo.<\/p>\n<h2><strong>Preocupaci\u00f3n econ\u00f3mica en el electorado<\/strong><\/h2>\n<p>Finalmente, el periodista advirti\u00f3 sobre la situaci\u00f3n econ\u00f3mica del pa\u00eds, que tambi\u00e9n incide en el escenario electoral. En particular, mencion\u00f3 el crecimiento de la <strong>deuda p\u00fablica<\/strong> y su impacto en la percepci\u00f3n de los votantes.<\/p>\n<p><strong>\u00abHay una preocupaci\u00f3n muy fuerte por parte de los que van a votar\u00bb<\/strong>, se\u00f1al\u00f3, al tiempo que subray\u00f3 que este factor podr\u00eda ser determinante en los pr\u00f3ximos meses.<\/p>\n<\/p><\/div>\n<p><script>\n                !function(f,b,e,v,n,t,s)\n                {if(f.fbq)return;n=f.fbq=function(){n.callMethod?\n                    n.callMethod.apply(n,arguments):n.queue.push(arguments)};\n                    if(!f._fbq)f._fbq=n;n.push=n;n.loaded=!0;n.version='2.0';\n                    n.queue=[];t=b.createElement(e);t.async=!0;\n                    t.src=v;s=b.getElementsByTagName(e)[0];\n                    s.parentNode.insertBefore(t,s)}(window, document,'script',\n                    'https:\/\/connect.facebook.net\/en_US\/fbevents.js');\n                window.paywallConfig.facebook_pixel=\"1000228364089342\"\n            <\/script><\/p>\n","protected":false},"excerpt":{"rendered":"<p>El periodista Patricio de la Barra analiz\u00f3 el escenario pol\u00edtico de Brasil de cara a las pr\u00f3ximas elecciones y advirti\u00f3 sobre un contexto marcado por la paridad en las encuestas, tensiones institucionales y un clima electoral cada vez m\u00e1s anticipado. En di\u00e1logo con Canal E, explic\u00f3 que \u00abya se vive un clima electoral bastante anticipado\u00bb, [&hellip;]<\/p>\n","protected":false},"author":2,"featured_media":193586,"comment_status":"closed","ping_status":"closed","sticky":false,"template":"","format":"standard","meta":{"footnotes":""},"categories":[25],"tags":[],"class_list":["post-193585","post","type-post","status-publish","format-standard","has-post-thumbnail","hentry","category-nacionales"],"yoast_head":"<!-- This site is optimized with the Yoast SEO plugin v24.4 - https:\/\/yoast.com\/wordpress\/plugins\/seo\/ -->\n<title>Lula y Bolsonaro, cabeza a cabeza en una elecci\u00f3n marcada por la incertidumbre - GYS NOTICIAS |<\/title>\n<meta name=\"robots\" content=\"index, follow, max-snippet:-1, max-image-preview:large, max-video-preview:-1\" \/>\n<link rel=\"canonical\" href=\"https:\/\/gysfm.com.ar\/inicio\/lula-y-bolsonaro-cabeza-a-cabeza-en-una-eleccion-marcada-por-la-incertidumbre\/\" \/>\n<meta property=\"og:locale\" content=\"es_ES\" \/>\n<meta property=\"og:type\" content=\"article\" \/>\n<meta property=\"og:title\" content=\"Lula y Bolsonaro, cabeza a cabeza en una elecci\u00f3n marcada por la incertidumbre - GYS NOTICIAS |\" \/>\n<meta property=\"og:description\" content=\"El periodista Patricio de la Barra analiz\u00f3 el escenario pol\u00edtico de Brasil de cara a las pr\u00f3ximas elecciones y advirti\u00f3 sobre un contexto marcado por la paridad en las encuestas, tensiones institucionales y un clima electoral cada vez m\u00e1s anticipado. En di\u00e1logo con Canal E, explic\u00f3 que \u00abya se vive un clima electoral bastante anticipado\u00bb, [&hellip;]\" \/>\n<meta property=\"og:url\" content=\"https:\/\/gysfm.com.ar\/inicio\/lula-y-bolsonaro-cabeza-a-cabeza-en-una-eleccion-marcada-por-la-incertidumbre\/\" \/>\n<meta property=\"og:site_name\" content=\"GYS NOTICIAS |\" \/>\n<meta property=\"article:published_time\" content=\"2026-04-29T02:52:23+00:00\" \/>\n<meta name=\"author\" content=\"Prensa G&amp;S FM\" \/>\n<meta name=\"twitter:card\" content=\"summary_large_image\" \/>\n<meta name=\"twitter:label1\" content=\"Escrito por\" \/>\n\t<meta name=\"twitter:data1\" content=\"Prensa G&amp;S FM\" \/>\n\t<meta name=\"twitter:label2\" content=\"Tiempo de lectura\" \/>\n\t<meta name=\"twitter:data2\" content=\"3 minutos\" \/>\n<script type=\"application\/ld+json\" class=\"yoast-schema-graph\">{\"@context\":\"https:\/\/schema.org\",\"@graph\":[{\"@type\":\"Article\",\"@id\":\"https:\/\/gysfm.com.ar\/inicio\/lula-y-bolsonaro-cabeza-a-cabeza-en-una-eleccion-marcada-por-la-incertidumbre\/#article\",\"isPartOf\":{\"@id\":\"https:\/\/gysfm.com.ar\/inicio\/lula-y-bolsonaro-cabeza-a-cabeza-en-una-eleccion-marcada-por-la-incertidumbre\/\"},\"author\":{\"name\":\"Prensa G&amp;S FM\",\"@id\":\"https:\/\/gysfm.com.ar\/inicio\/#\/schema\/person\/3abba7593ef2ad19e1be221d54383dc5\"},\"headline\":\"Lula y Bolsonaro, cabeza a cabeza en una elecci\u00f3n marcada por la incertidumbre\",\"datePublished\":\"2026-04-29T02:52:23+00:00\",\"mainEntityOfPage\":{\"@id\":\"https:\/\/gysfm.com.ar\/inicio\/lula-y-bolsonaro-cabeza-a-cabeza-en-una-eleccion-marcada-por-la-incertidumbre\/\"},\"wordCount\":640,\"publisher\":{\"@id\":\"https:\/\/gysfm.com.ar\/inicio\/#organization\"},\"image\":{\"@id\":\"https:\/\/gysfm.com.ar\/inicio\/lula-y-bolsonaro-cabeza-a-cabeza-en-una-eleccion-marcada-por-la-incertidumbre\/#primaryimage\"},\"thumbnailUrl\":\"https:\/\/gysfm.com.ar\/inicio\/wp-content\/uploads\/2026\/04\/lula-desafia-a-trump-no-permitire-que-un-gringo-toque-nuestra-soberania-2066283.jpg\",\"articleSection\":[\"NACIONALES\"],\"inLanguage\":\"es\"},{\"@type\":\"WebPage\",\"@id\":\"https:\/\/gysfm.com.ar\/inicio\/lula-y-bolsonaro-cabeza-a-cabeza-en-una-eleccion-marcada-por-la-incertidumbre\/\",\"url\":\"https:\/\/gysfm.com.ar\/inicio\/lula-y-bolsonaro-cabeza-a-cabeza-en-una-eleccion-marcada-por-la-incertidumbre\/\",\"name\":\"Lula y Bolsonaro, cabeza a cabeza en una elecci\u00f3n marcada por la incertidumbre - GYS NOTICIAS |\",\"isPartOf\":{\"@id\":\"https:\/\/gysfm.com.ar\/inicio\/#website\"},\"primaryImageOfPage\":{\"@id\":\"https:\/\/gysfm.com.ar\/inicio\/lula-y-bolsonaro-cabeza-a-cabeza-en-una-eleccion-marcada-por-la-incertidumbre\/#primaryimage\"},\"image\":{\"@id\":\"https:\/\/gysfm.com.ar\/inicio\/lula-y-bolsonaro-cabeza-a-cabeza-en-una-eleccion-marcada-por-la-incertidumbre\/#primaryimage\"},\"thumbnailUrl\":\"https:\/\/gysfm.com.ar\/inicio\/wp-content\/uploads\/2026\/04\/lula-desafia-a-trump-no-permitire-que-un-gringo-toque-nuestra-soberania-2066283.jpg\",\"datePublished\":\"2026-04-29T02:52:23+00:00\",\"breadcrumb\":{\"@id\":\"https:\/\/gysfm.com.ar\/inicio\/lula-y-bolsonaro-cabeza-a-cabeza-en-una-eleccion-marcada-por-la-incertidumbre\/#breadcrumb\"},\"inLanguage\":\"es\",\"potentialAction\":[{\"@type\":\"ReadAction\",\"target\":[\"https:\/\/gysfm.com.ar\/inicio\/lula-y-bolsonaro-cabeza-a-cabeza-en-una-eleccion-marcada-por-la-incertidumbre\/\"]}]},{\"@type\":\"ImageObject\",\"inLanguage\":\"es\",\"@id\":\"https:\/\/gysfm.com.ar\/inicio\/lula-y-bolsonaro-cabeza-a-cabeza-en-una-eleccion-marcada-por-la-incertidumbre\/#primaryimage\",\"url\":\"https:\/\/gysfm.com.ar\/inicio\/wp-content\/uploads\/2026\/04\/lula-desafia-a-trump-no-permitire-que-un-gringo-toque-nuestra-soberania-2066283.jpg\",\"contentUrl\":\"https:\/\/gysfm.com.ar\/inicio\/wp-content\/uploads\/2026\/04\/lula-desafia-a-trump-no-permitire-que-un-gringo-toque-nuestra-soberania-2066283.jpg\",\"width\":1140,\"height\":641},{\"@type\":\"BreadcrumbList\",\"@id\":\"https:\/\/gysfm.com.ar\/inicio\/lula-y-bolsonaro-cabeza-a-cabeza-en-una-eleccion-marcada-por-la-incertidumbre\/#breadcrumb\",\"itemListElement\":[{\"@type\":\"ListItem\",\"position\":1,\"name\":\"Portada\",\"item\":\"https:\/\/gysfm.com.ar\/inicio\/\"},{\"@type\":\"ListItem\",\"position\":2,\"name\":\"Lula y Bolsonaro, cabeza a cabeza en una elecci\u00f3n marcada por la incertidumbre\"}]},{\"@type\":\"WebSite\",\"@id\":\"https:\/\/gysfm.com.ar\/inicio\/#website\",\"url\":\"https:\/\/gysfm.com.ar\/inicio\/\",\"name\":\"GYS NOTICIAS |\",\"description\":\"DIARIO - RADIO ONLINE SAN JUAN ARGENTINA\",\"publisher\":{\"@id\":\"https:\/\/gysfm.com.ar\/inicio\/#organization\"},\"potentialAction\":[{\"@type\":\"SearchAction\",\"target\":{\"@type\":\"EntryPoint\",\"urlTemplate\":\"https:\/\/gysfm.com.ar\/inicio\/?s={search_term_string}\"},\"query-input\":{\"@type\":\"PropertyValueSpecification\",\"valueRequired\":true,\"valueName\":\"search_term_string\"}}],\"inLanguage\":\"es\"},{\"@type\":\"Organization\",\"@id\":\"https:\/\/gysfm.com.ar\/inicio\/#organization\",\"name\":\"GYS NOTICIAS |\",\"url\":\"https:\/\/gysfm.com.ar\/inicio\/\",\"logo\":{\"@type\":\"ImageObject\",\"inLanguage\":\"es\",\"@id\":\"https:\/\/gysfm.com.ar\/inicio\/#\/schema\/logo\/image\/\",\"url\":\"https:\/\/gysfm.com.ar\/inicio\/wp-content\/uploads\/2023\/07\/LOGOGYS-OK.png\",\"contentUrl\":\"https:\/\/gysfm.com.ar\/inicio\/wp-content\/uploads\/2023\/07\/LOGOGYS-OK.png\",\"width\":1170,\"height\":872,\"caption\":\"GYS NOTICIAS |\"},\"image\":{\"@id\":\"https:\/\/gysfm.com.ar\/inicio\/#\/schema\/logo\/image\/\"}},{\"@type\":\"Person\",\"@id\":\"https:\/\/gysfm.com.ar\/inicio\/#\/schema\/person\/3abba7593ef2ad19e1be221d54383dc5\",\"name\":\"Prensa G&amp;S FM\",\"image\":{\"@type\":\"ImageObject\",\"inLanguage\":\"es\",\"@id\":\"https:\/\/gysfm.com.ar\/inicio\/#\/schema\/person\/image\/\",\"url\":\"https:\/\/secure.gravatar.com\/avatar\/096ec78df02049ab018702bb4ccedf659377fa92a26540b5247612077a0dbd29?s=96&d=mm&r=g\",\"contentUrl\":\"https:\/\/secure.gravatar.com\/avatar\/096ec78df02049ab018702bb4ccedf659377fa92a26540b5247612077a0dbd29?s=96&d=mm&r=g\",\"caption\":\"Prensa G&amp;S FM\"},\"sameAs\":[\"https:\/\/gysfm.com.ar\/\"],\"url\":\"https:\/\/gysfm.com.ar\/inicio\/author\/lucasm\/\"}]}<\/script>\n<!-- \/ Yoast SEO plugin. -->","yoast_head_json":{"title":"Lula y Bolsonaro, cabeza a cabeza en una elecci\u00f3n marcada por la incertidumbre - GYS NOTICIAS |","robots":{"index":"index","follow":"follow","max-snippet":"max-snippet:-1","max-image-preview":"max-image-preview:large","max-video-preview":"max-video-preview:-1"},"canonical":"https:\/\/gysfm.com.ar\/inicio\/lula-y-bolsonaro-cabeza-a-cabeza-en-una-eleccion-marcada-por-la-incertidumbre\/","og_locale":"es_ES","og_type":"article","og_title":"Lula y Bolsonaro, cabeza a cabeza en una elecci\u00f3n marcada por la incertidumbre - GYS NOTICIAS |","og_description":"El periodista Patricio de la Barra analiz\u00f3 el escenario pol\u00edtico de Brasil de cara a las pr\u00f3ximas elecciones y advirti\u00f3 sobre un contexto marcado por la paridad en las encuestas, tensiones institucionales y un clima electoral cada vez m\u00e1s anticipado. En di\u00e1logo con Canal E, explic\u00f3 que \u00abya se vive un clima electoral bastante anticipado\u00bb, [&hellip;]","og_url":"https:\/\/gysfm.com.ar\/inicio\/lula-y-bolsonaro-cabeza-a-cabeza-en-una-eleccion-marcada-por-la-incertidumbre\/","og_site_name":"GYS NOTICIAS |","article_published_time":"2026-04-29T02:52:23+00:00","author":"Prensa G&amp;S FM","twitter_card":"summary_large_image","twitter_misc":{"Escrito por":"Prensa G&amp;S FM","Tiempo de lectura":"3 minutos"},"schema":{"@context":"https:\/\/schema.org","@graph":[{"@type":"Article","@id":"https:\/\/gysfm.com.ar\/inicio\/lula-y-bolsonaro-cabeza-a-cabeza-en-una-eleccion-marcada-por-la-incertidumbre\/#article","isPartOf":{"@id":"https:\/\/gysfm.com.ar\/inicio\/lula-y-bolsonaro-cabeza-a-cabeza-en-una-eleccion-marcada-por-la-incertidumbre\/"},"author":{"name":"Prensa G&amp;S FM","@id":"https:\/\/gysfm.com.ar\/inicio\/#\/schema\/person\/3abba7593ef2ad19e1be221d54383dc5"},"headline":"Lula y Bolsonaro, cabeza a cabeza en una elecci\u00f3n marcada por la incertidumbre","datePublished":"2026-04-29T02:52:23+00:00","mainEntityOfPage":{"@id":"https:\/\/gysfm.com.ar\/inicio\/lula-y-bolsonaro-cabeza-a-cabeza-en-una-eleccion-marcada-por-la-incertidumbre\/"},"wordCount":640,"publisher":{"@id":"https:\/\/gysfm.com.ar\/inicio\/#organization"},"image":{"@id":"https:\/\/gysfm.com.ar\/inicio\/lula-y-bolsonaro-cabeza-a-cabeza-en-una-eleccion-marcada-por-la-incertidumbre\/#primaryimage"},"thumbnailUrl":"https:\/\/gysfm.com.ar\/inicio\/wp-content\/uploads\/2026\/04\/lula-desafia-a-trump-no-permitire-que-un-gringo-toque-nuestra-soberania-2066283.jpg","articleSection":["NACIONALES"],"inLanguage":"es"},{"@type":"WebPage","@id":"https:\/\/gysfm.com.ar\/inicio\/lula-y-bolsonaro-cabeza-a-cabeza-en-una-eleccion-marcada-por-la-incertidumbre\/","url":"https:\/\/gysfm.com.ar\/inicio\/lula-y-bolsonaro-cabeza-a-cabeza-en-una-eleccion-marcada-por-la-incertidumbre\/","name":"Lula y Bolsonaro, cabeza a cabeza en una elecci\u00f3n marcada por la incertidumbre - GYS NOTICIAS |","isPartOf":{"@id":"https:\/\/gysfm.com.ar\/inicio\/#website"},"primaryImageOfPage":{"@id":"https:\/\/gysfm.com.ar\/inicio\/lula-y-bolsonaro-cabeza-a-cabeza-en-una-eleccion-marcada-por-la-incertidumbre\/#primaryimage"},"image":{"@id":"https:\/\/gysfm.com.ar\/inicio\/lula-y-bolsonaro-cabeza-a-cabeza-en-una-eleccion-marcada-por-la-incertidumbre\/#primaryimage"},"thumbnailUrl":"https:\/\/gysfm.com.ar\/inicio\/wp-content\/uploads\/2026\/04\/lula-desafia-a-trump-no-permitire-que-un-gringo-toque-nuestra-soberania-2066283.jpg","datePublished":"2026-04-29T02:52:23+00:00","breadcrumb":{"@id":"https:\/\/gysfm.com.ar\/inicio\/lula-y-bolsonaro-cabeza-a-cabeza-en-una-eleccion-marcada-por-la-incertidumbre\/#breadcrumb"},"inLanguage":"es","potentialAction":[{"@type":"ReadAction","target":["https:\/\/gysfm.com.ar\/inicio\/lula-y-bolsonaro-cabeza-a-cabeza-en-una-eleccion-marcada-por-la-incertidumbre\/"]}]},{"@type":"ImageObject","inLanguage":"es","@id":"https:\/\/gysfm.com.ar\/inicio\/lula-y-bolsonaro-cabeza-a-cabeza-en-una-eleccion-marcada-por-la-incertidumbre\/#primaryimage","url":"https:\/\/gysfm.com.ar\/inicio\/wp-content\/uploads\/2026\/04\/lula-desafia-a-trump-no-permitire-que-un-gringo-toque-nuestra-soberania-2066283.jpg","contentUrl":"https:\/\/gysfm.com.ar\/inicio\/wp-content\/uploads\/2026\/04\/lula-desafia-a-trump-no-permitire-que-un-gringo-toque-nuestra-soberania-2066283.jpg","width":1140,"height":641},{"@type":"BreadcrumbList","@id":"https:\/\/gysfm.com.ar\/inicio\/lula-y-bolsonaro-cabeza-a-cabeza-en-una-eleccion-marcada-por-la-incertidumbre\/#breadcrumb","itemListElement":[{"@type":"ListItem","position":1,"name":"Portada","item":"https:\/\/gysfm.com.ar\/inicio\/"},{"@type":"ListItem","position":2,"name":"Lula y Bolsonaro, cabeza a cabeza en una elecci\u00f3n marcada por la incertidumbre"}]},{"@type":"WebSite","@id":"https:\/\/gysfm.com.ar\/inicio\/#website","url":"https:\/\/gysfm.com.ar\/inicio\/","name":"GYS NOTICIAS |","description":"DIARIO - RADIO ONLINE SAN JUAN ARGENTINA","publisher":{"@id":"https:\/\/gysfm.com.ar\/inicio\/#organization"},"potentialAction":[{"@type":"SearchAction","target":{"@type":"EntryPoint","urlTemplate":"https:\/\/gysfm.com.ar\/inicio\/?s={search_term_string}"},"query-input":{"@type":"PropertyValueSpecification","valueRequired":true,"valueName":"search_term_string"}}],"inLanguage":"es"},{"@type":"Organization","@id":"https:\/\/gysfm.com.ar\/inicio\/#organization","name":"GYS NOTICIAS |","url":"https:\/\/gysfm.com.ar\/inicio\/","logo":{"@type":"ImageObject","inLanguage":"es","@id":"https:\/\/gysfm.com.ar\/inicio\/#\/schema\/logo\/image\/","url":"https:\/\/gysfm.com.ar\/inicio\/wp-content\/uploads\/2023\/07\/LOGOGYS-OK.png","contentUrl":"https:\/\/gysfm.com.ar\/inicio\/wp-content\/uploads\/2023\/07\/LOGOGYS-OK.png","width":1170,"height":872,"caption":"GYS NOTICIAS |"},"image":{"@id":"https:\/\/gysfm.com.ar\/inicio\/#\/schema\/logo\/image\/"}},{"@type":"Person","@id":"https:\/\/gysfm.com.ar\/inicio\/#\/schema\/person\/3abba7593ef2ad19e1be221d54383dc5","name":"Prensa G&amp;S FM","image":{"@type":"ImageObject","inLanguage":"es","@id":"https:\/\/gysfm.com.ar\/inicio\/#\/schema\/person\/image\/","url":"https:\/\/secure.gravatar.com\/avatar\/096ec78df02049ab018702bb4ccedf659377fa92a26540b5247612077a0dbd29?s=96&d=mm&r=g","contentUrl":"https:\/\/secure.gravatar.com\/avatar\/096ec78df02049ab018702bb4ccedf659377fa92a26540b5247612077a0dbd29?s=96&d=mm&r=g","caption":"Prensa G&amp;S FM"},"sameAs":["https:\/\/gysfm.com.ar\/"],"url":"https:\/\/gysfm.com.ar\/inicio\/author\/lucasm\/"}]}},"_links":{"self":[{"href":"https:\/\/gysfm.com.ar\/inicio\/wp-json\/wp\/v2\/posts\/193585","targetHints":{"allow":["GET"]}}],"collection":[{"href":"https:\/\/gysfm.com.ar\/inicio\/wp-json\/wp\/v2\/posts"}],"about":[{"href":"https:\/\/gysfm.com.ar\/inicio\/wp-json\/wp\/v2\/types\/post"}],"author":[{"embeddable":true,"href":"https:\/\/gysfm.com.ar\/inicio\/wp-json\/wp\/v2\/users\/2"}],"replies":[{"embeddable":true,"href":"https:\/\/gysfm.com.ar\/inicio\/wp-json\/wp\/v2\/comments?post=193585"}],"version-history":[{"count":0,"href":"https:\/\/gysfm.com.ar\/inicio\/wp-json\/wp\/v2\/posts\/193585\/revisions"}],"wp:featuredmedia":[{"embeddable":true,"href":"https:\/\/gysfm.com.ar\/inicio\/wp-json\/wp\/v2\/media\/193586"}],"wp:attachment":[{"href":"https:\/\/gysfm.com.ar\/inicio\/wp-json\/wp\/v2\/media?parent=193585"}],"wp:term":[{"taxonomy":"category","embeddable":true,"href":"https:\/\/gysfm.com.ar\/inicio\/wp-json\/wp\/v2\/categories?post=193585"},{"taxonomy":"post_tag","embeddable":true,"href":"https:\/\/gysfm.com.ar\/inicio\/wp-json\/wp\/v2\/tags?post=193585"}],"curies":[{"name":"wp","href":"https:\/\/api.w.org\/{rel}","templated":true}]}}