{"id":193566,"date":"2026-04-28T22:04:31","date_gmt":"2026-04-29T01:04:31","guid":{"rendered":"https:\/\/gysfm.com.ar\/inicio\/un-analista-internacional-explico-en-detalle-el-cambio-de-estrategia-de-ee-uu-tras-el-atentado-en-medio-de-la-guerra\/"},"modified":"2026-04-28T22:04:32","modified_gmt":"2026-04-29T01:04:32","slug":"un-analista-internacional-explico-en-detalle-el-cambio-de-estrategia-de-ee-uu-tras-el-atentado-en-medio-de-la-guerra","status":"publish","type":"post","link":"https:\/\/gysfm.com.ar\/inicio\/un-analista-internacional-explico-en-detalle-el-cambio-de-estrategia-de-ee-uu-tras-el-atentado-en-medio-de-la-guerra\/","title":{"rendered":"Un analista internacional explic\u00f3 en detalle el cambio de estrategia de EE.UU. tras el atentado en medio de la guerra"},"content":{"rendered":"<p> <br \/>\n<\/p>\n<div>\n<p class=\"com-paragraph  --capital --s\">El Poder Ejecutivo de los Estados Unidos vincula el <a href=\"https:\/\/www.lanacion.com.ar\/el-mundo\/trump-evalua-la-ultima-propuesta-de-iran-para-reabrir-el-estrecho-de-ormuz-mientras-se-estancan-las-nid28042026\/\" target=\"_self\" title=\"https:\/\/www.lanacion.com.ar\/el-mundo\/trump-evalua-la-ultima-propuesta-de-iran-para-reabrir-el-estrecho-de-ormuz-mientras-se-estancan-las-nid28042026\/\" class=\"com-link break-word\" data-mrf-recirculation=\"n_link_parrafo\"><strong>atentado contra Donald Trump<\/strong><\/a> con el discurso de la oposici\u00f3n dem\u00f3crata y de diversos sectores de la prensa, mientras que en plano internacional, la captura de buques por parte de Ir\u00e1n en el Estrecho de Ormuz marca un <strong>incremento de la tensi\u00f3n b\u00e9lica en Medio Oriente<\/strong>. <\/p>\n<p class=\"com-paragraph   --s\">En este contexto, el analista internacional Andr\u00e9s Repetto en di\u00e1logo con <em>LN+<\/em>, remarc\u00f3 <strong>el cambio en la postura del mandatario estadounidense<\/strong> tras el atentado y a poco tiempo de las elecciones de medio t\u00e9rmino en Washington.<\/p>\n<p class=\"com-paragraph   --s\">\u201cDio el discurso, en su primer momento, de unidad nacional, habl\u00f3 sobre el peligro que hab\u00eda republicanos y dem\u00f3cratas. Pero dur\u00f3 poco, dur\u00f3 poco el Trump desconocido con ese tipo de declaraciones y ayer la Casa Blanca sali\u00f3 con los botines de punta porque <strong>acus\u00f3 de la violencia pol\u00edtica a la oposici\u00f3n, a varios medios de comunicaci\u00f3n y a los periodistas en general<\/strong>\u201d, explic\u00f3 Repetto.<\/p>\n<div class=\"content-media cursor-pointer container-center-100\">\n<section class=\"media-container relative ratio-16-9 mod-media pb-32\">\n<figure class=\"mod-video\">\n<div class=\"video-player bg-black ratio-16-9\" data-has-jwplayer=\"true\" data-video-id-jw=\"WSb0KVcU\" data-config=\"{&quot;title&quot;:&quot;Andres Repetto en LN+&quot;,&quot;mediaId&quot;:&quot;WSb0KVcU&quot;,&quot;playerId&quot;:&quot;ih0086X3&quot;,&quot;playlist&quot;:[{&quot;mediaid&quot;:&quot;WSb0KVcU&quot;,&quot;sources&quot;:[{&quot;file&quot;:&quot;https:\/\/cdn.jwplayer.com\/manifests\/WSb0KVcU.m3u8&quot;,&quot;type&quot;:&quot;application\/vnd.apple.mpegurl&quot;},{&quot;bitrate&quot;:266123,&quot;file&quot;:&quot;https:\/\/cdn.jwplayer.com\/videos\/WSb0KVcU-kTExGaWf.mp4&quot;,&quot;filesize&quot;:23585166,&quot;framerate&quot;:25,&quot;height&quot;:180,&quot;label&quot;:&quot;180p&quot;,&quot;type&quot;:&quot;video\/mp4&quot;,&quot;width&quot;:320},{&quot;bitrate&quot;:384392,&quot;file&quot;:&quot;https:\/\/cdn.jwplayer.com\/videos\/WSb0KVcU-K8B0kybS.mp4&quot;,&quot;filesize&quot;:34066808,&quot;framerate&quot;:25,&quot;height&quot;:270,&quot;label&quot;:&quot;270p&quot;,&quot;type&quot;:&quot;video\/mp4&quot;,&quot;width&quot;:480},{&quot;bitrate&quot;:997975,&quot;file&quot;:&quot;https:\/\/cdn.jwplayer.com\/videos\/WSb0KVcU-46NIuRKO.mp4&quot;,&quot;filesize&quot;:88445569,&quot;framerate&quot;:25,&quot;height&quot;:720,&quot;label&quot;:&quot;720p&quot;,&quot;type&quot;:&quot;video\/mp4&quot;,&quot;width&quot;:1280},{&quot;bitrate&quot;:113434,&quot;file&quot;:&quot;https:\/\/cdn.jwplayer.com\/videos\/WSb0KVcU-hz5z2Tv4.m4a&quot;,&quot;filesize&quot;:10053149,&quot;label&quot;:&quot;AAC Audio&quot;,&quot;type&quot;:&quot;audio\/mp4&quot;},{&quot;bitrate&quot;:2059708,&quot;file&quot;:&quot;https:\/\/cdn.jwplayer.com\/videos\/WSb0KVcU-SomplJdm.mp4&quot;,&quot;filesize&quot;:182541622,&quot;framerate&quot;:25,&quot;height&quot;:1080,&quot;label&quot;:&quot;1080p&quot;,&quot;type&quot;:&quot;video\/mp4&quot;,&quot;width&quot;:1920},{&quot;bitrate&quot;:414332,&quot;file&quot;:&quot;https:\/\/cdn.jwplayer.com\/videos\/WSb0KVcU-FnZGUVnC.mp4&quot;,&quot;filesize&quot;:36720215,&quot;framerate&quot;:25,&quot;height&quot;:360,&quot;label&quot;:&quot;360p&quot;,&quot;type&quot;:&quot;video\/mp4&quot;,&quot;width&quot;:640},{&quot;bitrate&quot;:677826,&quot;file&quot;:&quot;https:\/\/cdn.jwplayer.com\/videos\/WSb0KVcU-0G6Pwvlw.mp4&quot;,&quot;filesize&quot;:60072416,&quot;framerate&quot;:25,&quot;height&quot;:540,&quot;label&quot;:&quot;540p&quot;,&quot;type&quot;:&quot;video\/mp4&quot;,&quot;width&quot;:960}]}],&quot;hasAutoplay&quot;:false,&quot;autostart&quot;:true,&quot;tagsUrl&quot;:&quot;https:\/\/pubads.g.doubleclick.net\/gampad\/ads?slotname=\/133919216\/la_nacion_video\/nota\/preroll&amp;sz=640x480|400x300&amp;ciu_szs=300x250&amp;unviewed_position_start=1&amp;output=vast&amp;impl=s&amp;env=vp&amp;gdfp_req=1&amp;ad_rule=0&amp;vad_type=linear&amp;vpos=preroll&amp;cust_params=tags_nuevos%3Dte_guerra_en_medio_oriente%2Cte_estados_unidos%2Cte_donald_trump%2Cte_ln_%2Cte_audiencia%2Cca_el_mundo%2Cca_ln_%2C%2CODZ4MPKIIJGB5OAXHRKDZ3MJSM&amp;pod=3&amp;ppos=1&amp;lip=true&amp;min_ad_duration=0&amp;max_ad_duration=30000&amp;vrid=6256&amp;url=https%3A%2F%2Fwww.lanacion.com.ar%2Fel-mundo%2Fun-analista-internacional-explico-en-detalle-el-cambio-de-estrategia-de-eeuu-tras-el-atentado-en-nid28042026%2F%3Fvariant%3DA&amp;description_url=https%3A%2F%2Fwww.lanacion.com.ar%2Fel-mundo%2Fun-analista-internacional-explico-en-detalle-el-cambio-de-estrategia-de-eeuu-tras-el-atentado-en-nid28042026%2F%3Fvariant%3DA&amp;video_doc_id=short_onecue&amp;cmsid=496&amp;kfa=0&amp;tfcd=0&amp;correlator=1777423977393&quot;,&quot;arcSite&quot;:&quot;la-nacion-ar&quot;,&quot;duration&quot;:&quot;709000&quot;}\">\n<div id=\"facade-WSb0KVcU\" class=\"content-facade-jw relative bg-black ratio-16-9\"><picture><source media=\"(max-width: 767px)\" srcset=\"https:\/\/resizer.glanacion.com\/resizer\/v2\/https%3A%2F%2Fcdn.jwplayer.com%2Fv2%2Fmedia%2FWSb0KVcU%2Fposter.jpg%3Fwidth%3D720?auth=391282fc7ff8ad63577b61829411c925bc0ba96ffdff35e1464cceb02864d434&amp;width=480&amp;quality=70&amp;smart=false\"\/><\/picture><\/div>\n<\/div><figcaption class=\"border border-1 border-bottom border-light-300 relative px-16 py-8 min-h-36 w-100_md px-0_l mb-8 bg-white\"><span class=\"text ln-text text-16 block\">Andres Repetto en LN+<\/span><\/figcaption><\/figure>\n<\/section>\n<\/div>\n<p class=\"com-paragraph   --s\">El atacante Cole Allen enfrenta la posibilidad de una condena a la pena de muerte tras el intento de asesinato contra el referente republicano. La vocera de la sede de gobierno, <strong>Karoline Leavitt<\/strong>, atribuye la violencia pol\u00edtica a una demonizaci\u00f3n sistem\u00e1tica por parte del Partido Dem\u00f3crata. Seg\u00fan la funcionaria, esta conducta legitima las agresiones f\u00edsicas: <strong>\u201cEn los \u00faltimos a\u00f1os, nadie enfrent\u00f3 m\u00e1s balas ni m\u00e1s violencia que el presidente Trump\u201d<\/strong>.<\/p>\n<p class=\"com-paragraph   --s\">En su an\u00e1lisis, Repetto sostuvo: \u201cLa vocera de la Casa Blanca, en un discurso muy, muy fuerte (&#8230;) diciendo que est\u00e1 pasando lo que est\u00e1 pasando por culpa de la oposici\u00f3n de los dem\u00f3cratas. Mencion\u00f3 a varios dem\u00f3cratas para la Casa Blanca que constantemente est\u00e1n llamando a la violencia. <strong>Fue muy fuerte<\/strong>\u201d, remarco el analista internacional. <\/p>\n<div class=\"content-media\">\n<section role=\"button\" class=\"mod-media   \">\n<figure role=\"button\" tabindex=\"0\" class=\"mod-figure \"><figcaption class=\"mod-figcaption\"><span class=\"com-text --caption --twoxs\"> Karoline Leavitt y Donald Trump en el hotel Hilton de Washington<\/span><span class=\"com-text --credit --twoxs\">MANDEL NGAN &#8211; AFP<\/span><\/figcaption><\/figure>\n<\/section>\n<\/div>\n<p class=\"com-paragraph   --s\">Minutos mas tarde de que el mandatario estadounidense sea evacuado del Hotel Hilton, la presa lo intercept\u00f3 y le preguntaron porque cre\u00eda el que hab\u00eda recibido tantos ataques. Trump le respondi\u00f3 que se deb\u00eda a una \u201cpresencia extraordinaria\u201d, y se compar\u00f3 con Lincoln y los fundadores de la patria.<\/p>\n<p class=\"com-paragraph   --s\">\u201cTengamos presente que estamos camino a una elecci\u00f3n de mediano t\u00e9rmino, que es casi tan importante en esta oportunidad como una elecci\u00f3n presidencial, y estamos viendo hacia d\u00f3nde se est\u00e1 dirigiendo. <strong>El presidente recibe cr\u00edticas muy importantes, pero si por las cr\u00edticas que se recibe se va a decir que la oposici\u00f3n est\u00e1 llamando al asesinato del presidente\u00bb<\/strong>.<\/p>\n<p class=\"com-paragraph   --s\">En un contexto marcado por tensiones, Repetto sostuvo que la imagen del mandatario disminuy\u00f3 con el correr del tiempo. <\/p>\n<div class=\"content-media\">\n<section role=\"button\" class=\"mod-media   \">\n<figure role=\"button\" tabindex=\"0\" class=\"mod-figure \"><figcaption class=\"mod-figcaption\"><span class=\"com-text --caption --twoxs\">Donald Trump<\/span><span class=\"com-text --credit --twoxs\">Jose Luis Magana &#8211; FR159526 AP<\/span><\/figcaption><\/figure>\n<\/section>\n<\/div>\n<p class=\"com-paragraph   --s\">\u201cEs el momento m\u00e1s bajo de popularidad del presidente, entre un 33, 34, un 37%. En la primera presidencia ha pasado momentos de baj\u00f3n de las encuestas, pero lo que dicen los expertos es que ya es el<strong> segundo mes consecutivo que va como consecuencia del tema de la econom\u00eda<\/strong>, de la guerra de Ir\u00e1n, y en general.<\/p>\n<p class=\"com-paragraph   --s\">As\u00ed que s\u00ed, no est\u00e1 bien en las encuestas. Muchos republicanos est\u00e1n preocupados de c\u00f3mo les puede ir en la elecci\u00f3n de mediano t\u00e9rmino, que esa elecci\u00f3n se renueva ambas c\u00e1maras\u00bb, concluy\u00f3. <\/p>\n<section class=\"container-center-100 mb-40 border border-bottom border-thin border-neutral-light-700\">\n<hr\/>\n<\/section>\n<\/div>\n<p><script id=\"facebookpixel\" defer=\"\" type=\"text\/javascript\">\n        !function(f,b,e,v,n,t,s)\n        {if(f.fbq)return;n=f.fbq=function(){n.callMethod?\n        n.callMethod.apply(n,arguments):n.queue.push(arguments)};\n        if(!f._fbq)f._fbq=n;n.push=n;n.loaded=!0;n.version='2.0';\n        n.queue=[];t=b.createElement(e);t.async=!0;\n        t.src=v;s=b.getElementsByTagName(e)[0];\n        s.parentNode.insertBefore(t,s)}(window, document,'script',\n        'https:\/\/connect.facebook.net\/en_US\/fbevents.js');\n        fbq('init', '492459597522335');\n        fbq('track', 'PageView');\n    <\/script><br \/>\n<br \/><\/p>\n","protected":false},"excerpt":{"rendered":"<p>El Poder Ejecutivo de los Estados Unidos vincula el atentado contra Donald Trump con el discurso de la oposici\u00f3n dem\u00f3crata y de diversos sectores de la prensa, mientras que en plano internacional, la captura de buques por parte de Ir\u00e1n en el Estrecho de Ormuz marca un incremento de la tensi\u00f3n b\u00e9lica en Medio Oriente. [&hellip;]<\/p>\n","protected":false},"author":2,"featured_media":193567,"comment_status":"closed","ping_status":"closed","sticky":false,"template":"","format":"standard","meta":{"footnotes":""},"categories":[26],"tags":[],"class_list":["post-193566","post","type-post","status-publish","format-standard","has-post-thumbnail","hentry","category-internacionales"],"yoast_head":"<!-- This site is optimized with the Yoast SEO plugin v24.4 - https:\/\/yoast.com\/wordpress\/plugins\/seo\/ -->\n<title>Un analista internacional explic\u00f3 en detalle el cambio de estrategia de EE.UU. tras el atentado en medio de la guerra - GYS NOTICIAS |<\/title>\n<meta name=\"robots\" content=\"index, follow, max-snippet:-1, max-image-preview:large, max-video-preview:-1\" \/>\n<link rel=\"canonical\" href=\"https:\/\/gysfm.com.ar\/inicio\/un-analista-internacional-explico-en-detalle-el-cambio-de-estrategia-de-ee-uu-tras-el-atentado-en-medio-de-la-guerra\/\" \/>\n<meta property=\"og:locale\" content=\"es_ES\" \/>\n<meta property=\"og:type\" content=\"article\" \/>\n<meta property=\"og:title\" content=\"Un analista internacional explic\u00f3 en detalle el cambio de estrategia de EE.UU. tras el atentado en medio de la guerra - GYS NOTICIAS |\" \/>\n<meta property=\"og:description\" content=\"El Poder Ejecutivo de los Estados Unidos vincula el atentado contra Donald Trump con el discurso de la oposici\u00f3n dem\u00f3crata y de diversos sectores de la prensa, mientras que en plano internacional, la captura de buques por parte de Ir\u00e1n en el Estrecho de Ormuz marca un incremento de la tensi\u00f3n b\u00e9lica en Medio Oriente. [&hellip;]\" \/>\n<meta property=\"og:url\" content=\"https:\/\/gysfm.com.ar\/inicio\/un-analista-internacional-explico-en-detalle-el-cambio-de-estrategia-de-ee-uu-tras-el-atentado-en-medio-de-la-guerra\/\" \/>\n<meta property=\"og:site_name\" content=\"GYS NOTICIAS |\" \/>\n<meta property=\"article:published_time\" content=\"2026-04-29T01:04:31+00:00\" \/>\n<meta property=\"article:modified_time\" content=\"2026-04-29T01:04:32+00:00\" \/>\n<meta property=\"og:image\" content=\"https:\/\/gysfm.com.ar\/inicio\/wp-content\/uploads\/2026\/04\/andres-repetto-remarco-en-ln-el-cambio-en-la-VVS6G536F5HA3F5XHOQNNFY77E.JPG\" \/>\n\t<meta property=\"og:image:width\" content=\"1200\" \/>\n\t<meta property=\"og:image:height\" content=\"800\" \/>\n\t<meta property=\"og:image:type\" content=\"image\/jpeg\" \/>\n<meta name=\"author\" content=\"Prensa G&amp;S FM\" \/>\n<meta name=\"twitter:card\" content=\"summary_large_image\" \/>\n<meta name=\"twitter:label1\" content=\"Escrito por\" \/>\n\t<meta name=\"twitter:data1\" content=\"Prensa G&amp;S FM\" \/>\n\t<meta name=\"twitter:label2\" content=\"Tiempo de lectura\" \/>\n\t<meta name=\"twitter:data2\" content=\"3 minutos\" \/>\n<script type=\"application\/ld+json\" class=\"yoast-schema-graph\">{\"@context\":\"https:\/\/schema.org\",\"@graph\":[{\"@type\":\"Article\",\"@id\":\"https:\/\/gysfm.com.ar\/inicio\/un-analista-internacional-explico-en-detalle-el-cambio-de-estrategia-de-ee-uu-tras-el-atentado-en-medio-de-la-guerra\/#article\",\"isPartOf\":{\"@id\":\"https:\/\/gysfm.com.ar\/inicio\/un-analista-internacional-explico-en-detalle-el-cambio-de-estrategia-de-ee-uu-tras-el-atentado-en-medio-de-la-guerra\/\"},\"author\":{\"name\":\"Prensa G&amp;S FM\",\"@id\":\"https:\/\/gysfm.com.ar\/inicio\/#\/schema\/person\/3abba7593ef2ad19e1be221d54383dc5\"},\"headline\":\"Un analista internacional explic\u00f3 en detalle el cambio de estrategia de EE.UU. tras el atentado en medio de la guerra\",\"datePublished\":\"2026-04-29T01:04:31+00:00\",\"dateModified\":\"2026-04-29T01:04:32+00:00\",\"mainEntityOfPage\":{\"@id\":\"https:\/\/gysfm.com.ar\/inicio\/un-analista-internacional-explico-en-detalle-el-cambio-de-estrategia-de-ee-uu-tras-el-atentado-en-medio-de-la-guerra\/\"},\"wordCount\":591,\"publisher\":{\"@id\":\"https:\/\/gysfm.com.ar\/inicio\/#organization\"},\"image\":{\"@id\":\"https:\/\/gysfm.com.ar\/inicio\/un-analista-internacional-explico-en-detalle-el-cambio-de-estrategia-de-ee-uu-tras-el-atentado-en-medio-de-la-guerra\/#primaryimage\"},\"thumbnailUrl\":\"https:\/\/gysfm.com.ar\/inicio\/wp-content\/uploads\/2026\/04\/andres-repetto-remarco-en-ln-el-cambio-en-la-VVS6G536F5HA3F5XHOQNNFY77E.JPG\",\"articleSection\":[\"INTERNACIONALES\"],\"inLanguage\":\"es\"},{\"@type\":\"WebPage\",\"@id\":\"https:\/\/gysfm.com.ar\/inicio\/un-analista-internacional-explico-en-detalle-el-cambio-de-estrategia-de-ee-uu-tras-el-atentado-en-medio-de-la-guerra\/\",\"url\":\"https:\/\/gysfm.com.ar\/inicio\/un-analista-internacional-explico-en-detalle-el-cambio-de-estrategia-de-ee-uu-tras-el-atentado-en-medio-de-la-guerra\/\",\"name\":\"Un analista internacional explic\u00f3 en detalle el cambio de estrategia de EE.UU. tras el atentado en medio de la guerra - GYS NOTICIAS |\",\"isPartOf\":{\"@id\":\"https:\/\/gysfm.com.ar\/inicio\/#website\"},\"primaryImageOfPage\":{\"@id\":\"https:\/\/gysfm.com.ar\/inicio\/un-analista-internacional-explico-en-detalle-el-cambio-de-estrategia-de-ee-uu-tras-el-atentado-en-medio-de-la-guerra\/#primaryimage\"},\"image\":{\"@id\":\"https:\/\/gysfm.com.ar\/inicio\/un-analista-internacional-explico-en-detalle-el-cambio-de-estrategia-de-ee-uu-tras-el-atentado-en-medio-de-la-guerra\/#primaryimage\"},\"thumbnailUrl\":\"https:\/\/gysfm.com.ar\/inicio\/wp-content\/uploads\/2026\/04\/andres-repetto-remarco-en-ln-el-cambio-en-la-VVS6G536F5HA3F5XHOQNNFY77E.JPG\",\"datePublished\":\"2026-04-29T01:04:31+00:00\",\"dateModified\":\"2026-04-29T01:04:32+00:00\",\"breadcrumb\":{\"@id\":\"https:\/\/gysfm.com.ar\/inicio\/un-analista-internacional-explico-en-detalle-el-cambio-de-estrategia-de-ee-uu-tras-el-atentado-en-medio-de-la-guerra\/#breadcrumb\"},\"inLanguage\":\"es\",\"potentialAction\":[{\"@type\":\"ReadAction\",\"target\":[\"https:\/\/gysfm.com.ar\/inicio\/un-analista-internacional-explico-en-detalle-el-cambio-de-estrategia-de-ee-uu-tras-el-atentado-en-medio-de-la-guerra\/\"]}]},{\"@type\":\"ImageObject\",\"inLanguage\":\"es\",\"@id\":\"https:\/\/gysfm.com.ar\/inicio\/un-analista-internacional-explico-en-detalle-el-cambio-de-estrategia-de-ee-uu-tras-el-atentado-en-medio-de-la-guerra\/#primaryimage\",\"url\":\"https:\/\/gysfm.com.ar\/inicio\/wp-content\/uploads\/2026\/04\/andres-repetto-remarco-en-ln-el-cambio-en-la-VVS6G536F5HA3F5XHOQNNFY77E.JPG\",\"contentUrl\":\"https:\/\/gysfm.com.ar\/inicio\/wp-content\/uploads\/2026\/04\/andres-repetto-remarco-en-ln-el-cambio-en-la-VVS6G536F5HA3F5XHOQNNFY77E.JPG\",\"width\":1200,\"height\":800},{\"@type\":\"BreadcrumbList\",\"@id\":\"https:\/\/gysfm.com.ar\/inicio\/un-analista-internacional-explico-en-detalle-el-cambio-de-estrategia-de-ee-uu-tras-el-atentado-en-medio-de-la-guerra\/#breadcrumb\",\"itemListElement\":[{\"@type\":\"ListItem\",\"position\":1,\"name\":\"Portada\",\"item\":\"https:\/\/gysfm.com.ar\/inicio\/\"},{\"@type\":\"ListItem\",\"position\":2,\"name\":\"Un analista internacional explic\u00f3 en detalle el cambio de estrategia de EE.UU. tras el atentado en medio de la guerra\"}]},{\"@type\":\"WebSite\",\"@id\":\"https:\/\/gysfm.com.ar\/inicio\/#website\",\"url\":\"https:\/\/gysfm.com.ar\/inicio\/\",\"name\":\"GYS NOTICIAS |\",\"description\":\"DIARIO - RADIO ONLINE SAN JUAN ARGENTINA\",\"publisher\":{\"@id\":\"https:\/\/gysfm.com.ar\/inicio\/#organization\"},\"potentialAction\":[{\"@type\":\"SearchAction\",\"target\":{\"@type\":\"EntryPoint\",\"urlTemplate\":\"https:\/\/gysfm.com.ar\/inicio\/?s={search_term_string}\"},\"query-input\":{\"@type\":\"PropertyValueSpecification\",\"valueRequired\":true,\"valueName\":\"search_term_string\"}}],\"inLanguage\":\"es\"},{\"@type\":\"Organization\",\"@id\":\"https:\/\/gysfm.com.ar\/inicio\/#organization\",\"name\":\"GYS NOTICIAS |\",\"url\":\"https:\/\/gysfm.com.ar\/inicio\/\",\"logo\":{\"@type\":\"ImageObject\",\"inLanguage\":\"es\",\"@id\":\"https:\/\/gysfm.com.ar\/inicio\/#\/schema\/logo\/image\/\",\"url\":\"https:\/\/gysfm.com.ar\/inicio\/wp-content\/uploads\/2023\/07\/LOGOGYS-OK.png\",\"contentUrl\":\"https:\/\/gysfm.com.ar\/inicio\/wp-content\/uploads\/2023\/07\/LOGOGYS-OK.png\",\"width\":1170,\"height\":872,\"caption\":\"GYS NOTICIAS |\"},\"image\":{\"@id\":\"https:\/\/gysfm.com.ar\/inicio\/#\/schema\/logo\/image\/\"}},{\"@type\":\"Person\",\"@id\":\"https:\/\/gysfm.com.ar\/inicio\/#\/schema\/person\/3abba7593ef2ad19e1be221d54383dc5\",\"name\":\"Prensa G&amp;S FM\",\"image\":{\"@type\":\"ImageObject\",\"inLanguage\":\"es\",\"@id\":\"https:\/\/gysfm.com.ar\/inicio\/#\/schema\/person\/image\/\",\"url\":\"https:\/\/secure.gravatar.com\/avatar\/096ec78df02049ab018702bb4ccedf659377fa92a26540b5247612077a0dbd29?s=96&d=mm&r=g\",\"contentUrl\":\"https:\/\/secure.gravatar.com\/avatar\/096ec78df02049ab018702bb4ccedf659377fa92a26540b5247612077a0dbd29?s=96&d=mm&r=g\",\"caption\":\"Prensa G&amp;S FM\"},\"sameAs\":[\"https:\/\/gysfm.com.ar\/\"],\"url\":\"https:\/\/gysfm.com.ar\/inicio\/author\/lucasm\/\"}]}<\/script>\n<!-- \/ Yoast SEO plugin. -->","yoast_head_json":{"title":"Un analista internacional explic\u00f3 en detalle el cambio de estrategia de EE.UU. tras el atentado en medio de la guerra - GYS NOTICIAS |","robots":{"index":"index","follow":"follow","max-snippet":"max-snippet:-1","max-image-preview":"max-image-preview:large","max-video-preview":"max-video-preview:-1"},"canonical":"https:\/\/gysfm.com.ar\/inicio\/un-analista-internacional-explico-en-detalle-el-cambio-de-estrategia-de-ee-uu-tras-el-atentado-en-medio-de-la-guerra\/","og_locale":"es_ES","og_type":"article","og_title":"Un analista internacional explic\u00f3 en detalle el cambio de estrategia de EE.UU. tras el atentado en medio de la guerra - GYS NOTICIAS |","og_description":"El Poder Ejecutivo de los Estados Unidos vincula el atentado contra Donald Trump con el discurso de la oposici\u00f3n dem\u00f3crata y de diversos sectores de la prensa, mientras que en plano internacional, la captura de buques por parte de Ir\u00e1n en el Estrecho de Ormuz marca un incremento de la tensi\u00f3n b\u00e9lica en Medio Oriente. [&hellip;]","og_url":"https:\/\/gysfm.com.ar\/inicio\/un-analista-internacional-explico-en-detalle-el-cambio-de-estrategia-de-ee-uu-tras-el-atentado-en-medio-de-la-guerra\/","og_site_name":"GYS NOTICIAS |","article_published_time":"2026-04-29T01:04:31+00:00","article_modified_time":"2026-04-29T01:04:32+00:00","og_image":[{"width":1200,"height":800,"url":"https:\/\/gysfm.com.ar\/inicio\/wp-content\/uploads\/2026\/04\/andres-repetto-remarco-en-ln-el-cambio-en-la-VVS6G536F5HA3F5XHOQNNFY77E.JPG","type":"image\/jpeg"}],"author":"Prensa G&amp;S FM","twitter_card":"summary_large_image","twitter_misc":{"Escrito por":"Prensa G&amp;S FM","Tiempo de lectura":"3 minutos"},"schema":{"@context":"https:\/\/schema.org","@graph":[{"@type":"Article","@id":"https:\/\/gysfm.com.ar\/inicio\/un-analista-internacional-explico-en-detalle-el-cambio-de-estrategia-de-ee-uu-tras-el-atentado-en-medio-de-la-guerra\/#article","isPartOf":{"@id":"https:\/\/gysfm.com.ar\/inicio\/un-analista-internacional-explico-en-detalle-el-cambio-de-estrategia-de-ee-uu-tras-el-atentado-en-medio-de-la-guerra\/"},"author":{"name":"Prensa G&amp;S FM","@id":"https:\/\/gysfm.com.ar\/inicio\/#\/schema\/person\/3abba7593ef2ad19e1be221d54383dc5"},"headline":"Un analista internacional explic\u00f3 en detalle el cambio de estrategia de EE.UU. tras el atentado en medio de la guerra","datePublished":"2026-04-29T01:04:31+00:00","dateModified":"2026-04-29T01:04:32+00:00","mainEntityOfPage":{"@id":"https:\/\/gysfm.com.ar\/inicio\/un-analista-internacional-explico-en-detalle-el-cambio-de-estrategia-de-ee-uu-tras-el-atentado-en-medio-de-la-guerra\/"},"wordCount":591,"publisher":{"@id":"https:\/\/gysfm.com.ar\/inicio\/#organization"},"image":{"@id":"https:\/\/gysfm.com.ar\/inicio\/un-analista-internacional-explico-en-detalle-el-cambio-de-estrategia-de-ee-uu-tras-el-atentado-en-medio-de-la-guerra\/#primaryimage"},"thumbnailUrl":"https:\/\/gysfm.com.ar\/inicio\/wp-content\/uploads\/2026\/04\/andres-repetto-remarco-en-ln-el-cambio-en-la-VVS6G536F5HA3F5XHOQNNFY77E.JPG","articleSection":["INTERNACIONALES"],"inLanguage":"es"},{"@type":"WebPage","@id":"https:\/\/gysfm.com.ar\/inicio\/un-analista-internacional-explico-en-detalle-el-cambio-de-estrategia-de-ee-uu-tras-el-atentado-en-medio-de-la-guerra\/","url":"https:\/\/gysfm.com.ar\/inicio\/un-analista-internacional-explico-en-detalle-el-cambio-de-estrategia-de-ee-uu-tras-el-atentado-en-medio-de-la-guerra\/","name":"Un analista internacional explic\u00f3 en detalle el cambio de estrategia de EE.UU. tras el atentado en medio de la guerra - GYS NOTICIAS |","isPartOf":{"@id":"https:\/\/gysfm.com.ar\/inicio\/#website"},"primaryImageOfPage":{"@id":"https:\/\/gysfm.com.ar\/inicio\/un-analista-internacional-explico-en-detalle-el-cambio-de-estrategia-de-ee-uu-tras-el-atentado-en-medio-de-la-guerra\/#primaryimage"},"image":{"@id":"https:\/\/gysfm.com.ar\/inicio\/un-analista-internacional-explico-en-detalle-el-cambio-de-estrategia-de-ee-uu-tras-el-atentado-en-medio-de-la-guerra\/#primaryimage"},"thumbnailUrl":"https:\/\/gysfm.com.ar\/inicio\/wp-content\/uploads\/2026\/04\/andres-repetto-remarco-en-ln-el-cambio-en-la-VVS6G536F5HA3F5XHOQNNFY77E.JPG","datePublished":"2026-04-29T01:04:31+00:00","dateModified":"2026-04-29T01:04:32+00:00","breadcrumb":{"@id":"https:\/\/gysfm.com.ar\/inicio\/un-analista-internacional-explico-en-detalle-el-cambio-de-estrategia-de-ee-uu-tras-el-atentado-en-medio-de-la-guerra\/#breadcrumb"},"inLanguage":"es","potentialAction":[{"@type":"ReadAction","target":["https:\/\/gysfm.com.ar\/inicio\/un-analista-internacional-explico-en-detalle-el-cambio-de-estrategia-de-ee-uu-tras-el-atentado-en-medio-de-la-guerra\/"]}]},{"@type":"ImageObject","inLanguage":"es","@id":"https:\/\/gysfm.com.ar\/inicio\/un-analista-internacional-explico-en-detalle-el-cambio-de-estrategia-de-ee-uu-tras-el-atentado-en-medio-de-la-guerra\/#primaryimage","url":"https:\/\/gysfm.com.ar\/inicio\/wp-content\/uploads\/2026\/04\/andres-repetto-remarco-en-ln-el-cambio-en-la-VVS6G536F5HA3F5XHOQNNFY77E.JPG","contentUrl":"https:\/\/gysfm.com.ar\/inicio\/wp-content\/uploads\/2026\/04\/andres-repetto-remarco-en-ln-el-cambio-en-la-VVS6G536F5HA3F5XHOQNNFY77E.JPG","width":1200,"height":800},{"@type":"BreadcrumbList","@id":"https:\/\/gysfm.com.ar\/inicio\/un-analista-internacional-explico-en-detalle-el-cambio-de-estrategia-de-ee-uu-tras-el-atentado-en-medio-de-la-guerra\/#breadcrumb","itemListElement":[{"@type":"ListItem","position":1,"name":"Portada","item":"https:\/\/gysfm.com.ar\/inicio\/"},{"@type":"ListItem","position":2,"name":"Un analista internacional explic\u00f3 en detalle el cambio de estrategia de EE.UU. tras el atentado en medio de la guerra"}]},{"@type":"WebSite","@id":"https:\/\/gysfm.com.ar\/inicio\/#website","url":"https:\/\/gysfm.com.ar\/inicio\/","name":"GYS NOTICIAS |","description":"DIARIO - RADIO ONLINE SAN JUAN ARGENTINA","publisher":{"@id":"https:\/\/gysfm.com.ar\/inicio\/#organization"},"potentialAction":[{"@type":"SearchAction","target":{"@type":"EntryPoint","urlTemplate":"https:\/\/gysfm.com.ar\/inicio\/?s={search_term_string}"},"query-input":{"@type":"PropertyValueSpecification","valueRequired":true,"valueName":"search_term_string"}}],"inLanguage":"es"},{"@type":"Organization","@id":"https:\/\/gysfm.com.ar\/inicio\/#organization","name":"GYS NOTICIAS |","url":"https:\/\/gysfm.com.ar\/inicio\/","logo":{"@type":"ImageObject","inLanguage":"es","@id":"https:\/\/gysfm.com.ar\/inicio\/#\/schema\/logo\/image\/","url":"https:\/\/gysfm.com.ar\/inicio\/wp-content\/uploads\/2023\/07\/LOGOGYS-OK.png","contentUrl":"https:\/\/gysfm.com.ar\/inicio\/wp-content\/uploads\/2023\/07\/LOGOGYS-OK.png","width":1170,"height":872,"caption":"GYS NOTICIAS |"},"image":{"@id":"https:\/\/gysfm.com.ar\/inicio\/#\/schema\/logo\/image\/"}},{"@type":"Person","@id":"https:\/\/gysfm.com.ar\/inicio\/#\/schema\/person\/3abba7593ef2ad19e1be221d54383dc5","name":"Prensa G&amp;S FM","image":{"@type":"ImageObject","inLanguage":"es","@id":"https:\/\/gysfm.com.ar\/inicio\/#\/schema\/person\/image\/","url":"https:\/\/secure.gravatar.com\/avatar\/096ec78df02049ab018702bb4ccedf659377fa92a26540b5247612077a0dbd29?s=96&d=mm&r=g","contentUrl":"https:\/\/secure.gravatar.com\/avatar\/096ec78df02049ab018702bb4ccedf659377fa92a26540b5247612077a0dbd29?s=96&d=mm&r=g","caption":"Prensa G&amp;S FM"},"sameAs":["https:\/\/gysfm.com.ar\/"],"url":"https:\/\/gysfm.com.ar\/inicio\/author\/lucasm\/"}]}},"_links":{"self":[{"href":"https:\/\/gysfm.com.ar\/inicio\/wp-json\/wp\/v2\/posts\/193566","targetHints":{"allow":["GET"]}}],"collection":[{"href":"https:\/\/gysfm.com.ar\/inicio\/wp-json\/wp\/v2\/posts"}],"about":[{"href":"https:\/\/gysfm.com.ar\/inicio\/wp-json\/wp\/v2\/types\/post"}],"author":[{"embeddable":true,"href":"https:\/\/gysfm.com.ar\/inicio\/wp-json\/wp\/v2\/users\/2"}],"replies":[{"embeddable":true,"href":"https:\/\/gysfm.com.ar\/inicio\/wp-json\/wp\/v2\/comments?post=193566"}],"version-history":[{"count":1,"href":"https:\/\/gysfm.com.ar\/inicio\/wp-json\/wp\/v2\/posts\/193566\/revisions"}],"predecessor-version":[{"id":193568,"href":"https:\/\/gysfm.com.ar\/inicio\/wp-json\/wp\/v2\/posts\/193566\/revisions\/193568"}],"wp:featuredmedia":[{"embeddable":true,"href":"https:\/\/gysfm.com.ar\/inicio\/wp-json\/wp\/v2\/media\/193567"}],"wp:attachment":[{"href":"https:\/\/gysfm.com.ar\/inicio\/wp-json\/wp\/v2\/media?parent=193566"}],"wp:term":[{"taxonomy":"category","embeddable":true,"href":"https:\/\/gysfm.com.ar\/inicio\/wp-json\/wp\/v2\/categories?post=193566"},{"taxonomy":"post_tag","embeddable":true,"href":"https:\/\/gysfm.com.ar\/inicio\/wp-json\/wp\/v2\/tags?post=193566"}],"curies":[{"name":"wp","href":"https:\/\/api.w.org\/{rel}","templated":true}]}}