{"id":193564,"date":"2026-04-28T21:48:12","date_gmt":"2026-04-29T00:48:12","guid":{"rendered":"https:\/\/gysfm.com.ar\/inicio\/compras-del-exterior-crecen-las-operaciones-puerta-a-puerta\/"},"modified":"2026-04-28T21:48:12","modified_gmt":"2026-04-29T00:48:12","slug":"compras-del-exterior-crecen-las-operaciones-puerta-a-puerta","status":"publish","type":"post","link":"https:\/\/gysfm.com.ar\/inicio\/compras-del-exterior-crecen-las-operaciones-puerta-a-puerta\/","title":{"rendered":"Compras del exterior: crecen las operaciones puerta a puerta"},"content":{"rendered":"<p><\/p>\n<div id=\"article-content\">\n<p>El<strong> <a target=\"_blank\" href=\"https:\/\/www.perfil.com\/noticias\/reperfilar\/javier-milei-tiene-572-de-imagen-negativa-segun-una-encuesta.phtml\">sistema de env\u00edos internacionales conocido como \u201cpuerta a puerta\u201d<\/a><\/strong><a target=\"_blank\" href=\"https:\/\/www.perfil.com\/noticias\/reperfilar\/javier-milei-tiene-572-de-imagen-negativa-segun-una-encuesta.phtml\"> atraviesa un nuevo auge en la Argentina, impulsado por la<\/a><strong><a target=\"_blank\" href=\"https:\/\/www.perfil.com\/noticias\/reperfilar\/javier-milei-tiene-572-de-imagen-negativa-segun-una-encuesta.phtml\"> digitalizaci\u00f3n del consumo, la ampliaci\u00f3n de la oferta global y la b\u00fasqueda de precios m\u00e1s competitivos frente a la inflaci\u00f3n local<\/a>. <\/strong>Cada vez m\u00e1s usuarios optan por adquirir productos en el exterior y recibirlos directamente en sus domicilios, un mecanismo que en los \u00faltimos meses mostr\u00f3 un incremento sostenido.<\/p>\n<p>La operatoria, regulada por la <strong>Administraci\u00f3n Federal de Ingresos P\u00fablicos (AFIP)<\/strong> y gestionada log\u00edsticamente por Correo Argentino, permite a los consumidores comprar en plataformas internacionales y recibir los productos sin necesidad de intermediarios. Si bien existen l\u00edmites en cantidad y montos, el sistema resulta atractivo para quienes buscan tecnolog\u00eda, indumentaria o peque\u00f1os art\u00edculos que, en muchos casos, tienen precios m\u00e1s bajos que en el mercado local.<\/p>\n<p><iframe id=\"vrudo\" class=\"vrudo\" src=\"https:\/\/rudo.video\/vod\/czGyzgh4P0u?volume=0\" width=\"100%\" height=\"100%\" allowscriptaccess=\"always\" allowfullscreen=\"true\" webkitallowfullscreen=\"true\" frameborder=\"0\" scrolling=\"no\" allow=\"autoplay; fullscreen\" loading=\"lazy\" title=\"Contenido embebido\"><\/iframe><\/p>\n<p>Entre las <strong>plataformas m\u00e1s utilizadas se destacan Amazon, AliExpress y eBay,<\/strong> que ofrecen env\u00edos directos al pa\u00eds o a trav\u00e9s de servicios de courier. A esto se suma la expansi\u00f3n de operadores log\u00edsticos privados que agilizan los tiempos de entrega, uno de los factores clave para la consolidaci\u00f3n de esta modalidad.<\/p>\n<div class=\"subscription\">\n<p>\n        Esto no les gusta a los autoritarios\n    <\/p>\n<div class=\"subscription__container\">\n<div class=\"subscription__text-wrapper\">\n<p>\n                El ejercicio del periodismo profesional y cr\u00edtico es un pilar fundamental de la democracia. Por eso molesta a quienes creen ser los due\u00f1os de la verdad.\n            <\/p>\n<\/p><\/div><\/div>\n<\/div>\n<p>Especialistas en consumo se\u00f1alan que el crecimiento responde a una combinaci\u00f3n de factores: por un lado, la mejora en los sistemas de pago y seguimiento de env\u00edos; por otro, la brecha de precios respecto del mercado interno. Tambi\u00e9n influye la mayor confianza de los usuarios en las compras online, tendencia que se consolid\u00f3 tras la pandemia.<\/p>\n<p>Sin embargo, <strong>el aumento del \u201cpuerta a puerta\u201d tambi\u00e9n genera preocupaci\u00f3n en algunos sectores del comercio local,<\/strong> que advierten sobre la competencia desigual frente a productos importados que, en ocasiones, tributan menos costos que los bienes vendidos en el pa\u00eds. C\u00e1maras empresarias reclaman una revisi\u00f3n de las condiciones para equilibrar el escenario.<\/p>\n<p>Desde el Gobierno, en tanto, destacan que el r\u00e9gimen permite formalizar operaciones que antes se realizaban por v\u00edas informales y ampliar el acceso a bienes no disponibles en el mercado interno. No obstante, <strong>remarcan la importancia de cumplir con las normativas vigentes, como la declaraci\u00f3n de los productos y el pago de los impuestos correspondientes.<\/strong><\/p>\n<p>Con un consumidor cada vez m\u00e1s familiarizado con el comercio electr\u00f3nico global, todo indica que las compras puerta a puerta seguir\u00e1n en expansi\u00f3n, marcando un cambio en los h\u00e1bitos de consumo y desafiando al comercio tradicional a adaptarse a una competencia cada vez m\u00e1s internacional.<\/p>\n<\/p><\/div>\n<p><script>\n                !function(f,b,e,v,n,t,s)\n                {if(f.fbq)return;n=f.fbq=function(){n.callMethod?\n                    n.callMethod.apply(n,arguments):n.queue.push(arguments)};\n                    if(!f._fbq)f._fbq=n;n.push=n;n.loaded=!0;n.version='2.0';\n                    n.queue=[];t=b.createElement(e);t.async=!0;\n                    t.src=v;s=b.getElementsByTagName(e)[0];\n                    s.parentNode.insertBefore(t,s)}(window, document,'script',\n                    'https:\/\/connect.facebook.net\/en_US\/fbevents.js');\n                window.paywallConfig.facebook_pixel=\"1000228364089342\"\n            <\/script><\/p>\n","protected":false},"excerpt":{"rendered":"<p>El sistema de env\u00edos internacionales conocido como \u201cpuerta a puerta\u201d atraviesa un nuevo auge en la Argentina, impulsado por la digitalizaci\u00f3n del consumo, la ampliaci\u00f3n de la oferta global y la b\u00fasqueda de precios m\u00e1s competitivos frente a la inflaci\u00f3n local. Cada vez m\u00e1s usuarios optan por adquirir productos en el exterior y recibirlos directamente [&hellip;]<\/p>\n","protected":false},"author":2,"featured_media":193565,"comment_status":"closed","ping_status":"closed","sticky":false,"template":"","format":"standard","meta":{"footnotes":""},"categories":[25],"tags":[],"class_list":["post-193564","post","type-post","status-publish","format-standard","has-post-thumbnail","hentry","category-nacionales"],"yoast_head":"<!-- This site is optimized with the Yoast SEO plugin v24.4 - https:\/\/yoast.com\/wordpress\/plugins\/seo\/ -->\n<title>Compras del exterior: crecen las operaciones puerta a puerta - GYS NOTICIAS |<\/title>\n<meta name=\"robots\" content=\"index, follow, max-snippet:-1, max-image-preview:large, max-video-preview:-1\" \/>\n<link rel=\"canonical\" href=\"https:\/\/gysfm.com.ar\/inicio\/compras-del-exterior-crecen-las-operaciones-puerta-a-puerta\/\" \/>\n<meta property=\"og:locale\" content=\"es_ES\" \/>\n<meta property=\"og:type\" content=\"article\" \/>\n<meta property=\"og:title\" content=\"Compras del exterior: crecen las operaciones puerta a puerta - GYS NOTICIAS |\" \/>\n<meta property=\"og:description\" content=\"El sistema de env\u00edos internacionales conocido como \u201cpuerta a puerta\u201d atraviesa un nuevo auge en la Argentina, impulsado por la digitalizaci\u00f3n del consumo, la ampliaci\u00f3n de la oferta global y la b\u00fasqueda de precios m\u00e1s competitivos frente a la inflaci\u00f3n local. Cada vez m\u00e1s usuarios optan por adquirir productos en el exterior y recibirlos directamente [&hellip;]\" \/>\n<meta property=\"og:url\" content=\"https:\/\/gysfm.com.ar\/inicio\/compras-del-exterior-crecen-las-operaciones-puerta-a-puerta\/\" \/>\n<meta property=\"og:site_name\" content=\"GYS NOTICIAS |\" \/>\n<meta property=\"article:published_time\" content=\"2026-04-29T00:48:12+00:00\" \/>\n<meta name=\"author\" content=\"Prensa G&amp;S FM\" \/>\n<meta name=\"twitter:card\" content=\"summary_large_image\" \/>\n<meta name=\"twitter:label1\" content=\"Escrito por\" \/>\n\t<meta name=\"twitter:data1\" content=\"Prensa G&amp;S FM\" \/>\n\t<meta name=\"twitter:label2\" content=\"Tiempo de lectura\" \/>\n\t<meta name=\"twitter:data2\" content=\"2 minutos\" \/>\n<script type=\"application\/ld+json\" class=\"yoast-schema-graph\">{\"@context\":\"https:\/\/schema.org\",\"@graph\":[{\"@type\":\"Article\",\"@id\":\"https:\/\/gysfm.com.ar\/inicio\/compras-del-exterior-crecen-las-operaciones-puerta-a-puerta\/#article\",\"isPartOf\":{\"@id\":\"https:\/\/gysfm.com.ar\/inicio\/compras-del-exterior-crecen-las-operaciones-puerta-a-puerta\/\"},\"author\":{\"name\":\"Prensa G&amp;S FM\",\"@id\":\"https:\/\/gysfm.com.ar\/inicio\/#\/schema\/person\/3abba7593ef2ad19e1be221d54383dc5\"},\"headline\":\"Compras del exterior: crecen las operaciones puerta a puerta\",\"datePublished\":\"2026-04-29T00:48:12+00:00\",\"mainEntityOfPage\":{\"@id\":\"https:\/\/gysfm.com.ar\/inicio\/compras-del-exterior-crecen-las-operaciones-puerta-a-puerta\/\"},\"wordCount\":478,\"publisher\":{\"@id\":\"https:\/\/gysfm.com.ar\/inicio\/#organization\"},\"image\":{\"@id\":\"https:\/\/gysfm.com.ar\/inicio\/compras-del-exterior-crecen-las-operaciones-puerta-a-puerta\/#primaryimage\"},\"thumbnailUrl\":\"https:\/\/gysfm.com.ar\/inicio\/wp-content\/uploads\/2026\/04\/compras-online-2205601.jpg\",\"articleSection\":[\"NACIONALES\"],\"inLanguage\":\"es\"},{\"@type\":\"WebPage\",\"@id\":\"https:\/\/gysfm.com.ar\/inicio\/compras-del-exterior-crecen-las-operaciones-puerta-a-puerta\/\",\"url\":\"https:\/\/gysfm.com.ar\/inicio\/compras-del-exterior-crecen-las-operaciones-puerta-a-puerta\/\",\"name\":\"Compras del exterior: crecen las operaciones puerta a puerta - GYS NOTICIAS |\",\"isPartOf\":{\"@id\":\"https:\/\/gysfm.com.ar\/inicio\/#website\"},\"primaryImageOfPage\":{\"@id\":\"https:\/\/gysfm.com.ar\/inicio\/compras-del-exterior-crecen-las-operaciones-puerta-a-puerta\/#primaryimage\"},\"image\":{\"@id\":\"https:\/\/gysfm.com.ar\/inicio\/compras-del-exterior-crecen-las-operaciones-puerta-a-puerta\/#primaryimage\"},\"thumbnailUrl\":\"https:\/\/gysfm.com.ar\/inicio\/wp-content\/uploads\/2026\/04\/compras-online-2205601.jpg\",\"datePublished\":\"2026-04-29T00:48:12+00:00\",\"breadcrumb\":{\"@id\":\"https:\/\/gysfm.com.ar\/inicio\/compras-del-exterior-crecen-las-operaciones-puerta-a-puerta\/#breadcrumb\"},\"inLanguage\":\"es\",\"potentialAction\":[{\"@type\":\"ReadAction\",\"target\":[\"https:\/\/gysfm.com.ar\/inicio\/compras-del-exterior-crecen-las-operaciones-puerta-a-puerta\/\"]}]},{\"@type\":\"ImageObject\",\"inLanguage\":\"es\",\"@id\":\"https:\/\/gysfm.com.ar\/inicio\/compras-del-exterior-crecen-las-operaciones-puerta-a-puerta\/#primaryimage\",\"url\":\"https:\/\/gysfm.com.ar\/inicio\/wp-content\/uploads\/2026\/04\/compras-online-2205601.jpg\",\"contentUrl\":\"https:\/\/gysfm.com.ar\/inicio\/wp-content\/uploads\/2026\/04\/compras-online-2205601.jpg\",\"width\":1140,\"height\":641},{\"@type\":\"BreadcrumbList\",\"@id\":\"https:\/\/gysfm.com.ar\/inicio\/compras-del-exterior-crecen-las-operaciones-puerta-a-puerta\/#breadcrumb\",\"itemListElement\":[{\"@type\":\"ListItem\",\"position\":1,\"name\":\"Portada\",\"item\":\"https:\/\/gysfm.com.ar\/inicio\/\"},{\"@type\":\"ListItem\",\"position\":2,\"name\":\"Compras del exterior: crecen las operaciones puerta a puerta\"}]},{\"@type\":\"WebSite\",\"@id\":\"https:\/\/gysfm.com.ar\/inicio\/#website\",\"url\":\"https:\/\/gysfm.com.ar\/inicio\/\",\"name\":\"GYS NOTICIAS |\",\"description\":\"DIARIO - RADIO ONLINE SAN JUAN ARGENTINA\",\"publisher\":{\"@id\":\"https:\/\/gysfm.com.ar\/inicio\/#organization\"},\"potentialAction\":[{\"@type\":\"SearchAction\",\"target\":{\"@type\":\"EntryPoint\",\"urlTemplate\":\"https:\/\/gysfm.com.ar\/inicio\/?s={search_term_string}\"},\"query-input\":{\"@type\":\"PropertyValueSpecification\",\"valueRequired\":true,\"valueName\":\"search_term_string\"}}],\"inLanguage\":\"es\"},{\"@type\":\"Organization\",\"@id\":\"https:\/\/gysfm.com.ar\/inicio\/#organization\",\"name\":\"GYS NOTICIAS |\",\"url\":\"https:\/\/gysfm.com.ar\/inicio\/\",\"logo\":{\"@type\":\"ImageObject\",\"inLanguage\":\"es\",\"@id\":\"https:\/\/gysfm.com.ar\/inicio\/#\/schema\/logo\/image\/\",\"url\":\"https:\/\/gysfm.com.ar\/inicio\/wp-content\/uploads\/2023\/07\/LOGOGYS-OK.png\",\"contentUrl\":\"https:\/\/gysfm.com.ar\/inicio\/wp-content\/uploads\/2023\/07\/LOGOGYS-OK.png\",\"width\":1170,\"height\":872,\"caption\":\"GYS NOTICIAS |\"},\"image\":{\"@id\":\"https:\/\/gysfm.com.ar\/inicio\/#\/schema\/logo\/image\/\"}},{\"@type\":\"Person\",\"@id\":\"https:\/\/gysfm.com.ar\/inicio\/#\/schema\/person\/3abba7593ef2ad19e1be221d54383dc5\",\"name\":\"Prensa G&amp;S FM\",\"image\":{\"@type\":\"ImageObject\",\"inLanguage\":\"es\",\"@id\":\"https:\/\/gysfm.com.ar\/inicio\/#\/schema\/person\/image\/\",\"url\":\"https:\/\/secure.gravatar.com\/avatar\/096ec78df02049ab018702bb4ccedf659377fa92a26540b5247612077a0dbd29?s=96&d=mm&r=g\",\"contentUrl\":\"https:\/\/secure.gravatar.com\/avatar\/096ec78df02049ab018702bb4ccedf659377fa92a26540b5247612077a0dbd29?s=96&d=mm&r=g\",\"caption\":\"Prensa G&amp;S FM\"},\"sameAs\":[\"https:\/\/gysfm.com.ar\/\"],\"url\":\"https:\/\/gysfm.com.ar\/inicio\/author\/lucasm\/\"}]}<\/script>\n<!-- \/ Yoast SEO plugin. -->","yoast_head_json":{"title":"Compras del exterior: crecen las operaciones puerta a puerta - GYS NOTICIAS |","robots":{"index":"index","follow":"follow","max-snippet":"max-snippet:-1","max-image-preview":"max-image-preview:large","max-video-preview":"max-video-preview:-1"},"canonical":"https:\/\/gysfm.com.ar\/inicio\/compras-del-exterior-crecen-las-operaciones-puerta-a-puerta\/","og_locale":"es_ES","og_type":"article","og_title":"Compras del exterior: crecen las operaciones puerta a puerta - GYS NOTICIAS |","og_description":"El sistema de env\u00edos internacionales conocido como \u201cpuerta a puerta\u201d atraviesa un nuevo auge en la Argentina, impulsado por la digitalizaci\u00f3n del consumo, la ampliaci\u00f3n de la oferta global y la b\u00fasqueda de precios m\u00e1s competitivos frente a la inflaci\u00f3n local. Cada vez m\u00e1s usuarios optan por adquirir productos en el exterior y recibirlos directamente [&hellip;]","og_url":"https:\/\/gysfm.com.ar\/inicio\/compras-del-exterior-crecen-las-operaciones-puerta-a-puerta\/","og_site_name":"GYS NOTICIAS |","article_published_time":"2026-04-29T00:48:12+00:00","author":"Prensa G&amp;S FM","twitter_card":"summary_large_image","twitter_misc":{"Escrito por":"Prensa G&amp;S FM","Tiempo de lectura":"2 minutos"},"schema":{"@context":"https:\/\/schema.org","@graph":[{"@type":"Article","@id":"https:\/\/gysfm.com.ar\/inicio\/compras-del-exterior-crecen-las-operaciones-puerta-a-puerta\/#article","isPartOf":{"@id":"https:\/\/gysfm.com.ar\/inicio\/compras-del-exterior-crecen-las-operaciones-puerta-a-puerta\/"},"author":{"name":"Prensa G&amp;S FM","@id":"https:\/\/gysfm.com.ar\/inicio\/#\/schema\/person\/3abba7593ef2ad19e1be221d54383dc5"},"headline":"Compras del exterior: crecen las operaciones puerta a puerta","datePublished":"2026-04-29T00:48:12+00:00","mainEntityOfPage":{"@id":"https:\/\/gysfm.com.ar\/inicio\/compras-del-exterior-crecen-las-operaciones-puerta-a-puerta\/"},"wordCount":478,"publisher":{"@id":"https:\/\/gysfm.com.ar\/inicio\/#organization"},"image":{"@id":"https:\/\/gysfm.com.ar\/inicio\/compras-del-exterior-crecen-las-operaciones-puerta-a-puerta\/#primaryimage"},"thumbnailUrl":"https:\/\/gysfm.com.ar\/inicio\/wp-content\/uploads\/2026\/04\/compras-online-2205601.jpg","articleSection":["NACIONALES"],"inLanguage":"es"},{"@type":"WebPage","@id":"https:\/\/gysfm.com.ar\/inicio\/compras-del-exterior-crecen-las-operaciones-puerta-a-puerta\/","url":"https:\/\/gysfm.com.ar\/inicio\/compras-del-exterior-crecen-las-operaciones-puerta-a-puerta\/","name":"Compras del exterior: crecen las operaciones puerta a puerta - GYS NOTICIAS |","isPartOf":{"@id":"https:\/\/gysfm.com.ar\/inicio\/#website"},"primaryImageOfPage":{"@id":"https:\/\/gysfm.com.ar\/inicio\/compras-del-exterior-crecen-las-operaciones-puerta-a-puerta\/#primaryimage"},"image":{"@id":"https:\/\/gysfm.com.ar\/inicio\/compras-del-exterior-crecen-las-operaciones-puerta-a-puerta\/#primaryimage"},"thumbnailUrl":"https:\/\/gysfm.com.ar\/inicio\/wp-content\/uploads\/2026\/04\/compras-online-2205601.jpg","datePublished":"2026-04-29T00:48:12+00:00","breadcrumb":{"@id":"https:\/\/gysfm.com.ar\/inicio\/compras-del-exterior-crecen-las-operaciones-puerta-a-puerta\/#breadcrumb"},"inLanguage":"es","potentialAction":[{"@type":"ReadAction","target":["https:\/\/gysfm.com.ar\/inicio\/compras-del-exterior-crecen-las-operaciones-puerta-a-puerta\/"]}]},{"@type":"ImageObject","inLanguage":"es","@id":"https:\/\/gysfm.com.ar\/inicio\/compras-del-exterior-crecen-las-operaciones-puerta-a-puerta\/#primaryimage","url":"https:\/\/gysfm.com.ar\/inicio\/wp-content\/uploads\/2026\/04\/compras-online-2205601.jpg","contentUrl":"https:\/\/gysfm.com.ar\/inicio\/wp-content\/uploads\/2026\/04\/compras-online-2205601.jpg","width":1140,"height":641},{"@type":"BreadcrumbList","@id":"https:\/\/gysfm.com.ar\/inicio\/compras-del-exterior-crecen-las-operaciones-puerta-a-puerta\/#breadcrumb","itemListElement":[{"@type":"ListItem","position":1,"name":"Portada","item":"https:\/\/gysfm.com.ar\/inicio\/"},{"@type":"ListItem","position":2,"name":"Compras del exterior: crecen las operaciones puerta a puerta"}]},{"@type":"WebSite","@id":"https:\/\/gysfm.com.ar\/inicio\/#website","url":"https:\/\/gysfm.com.ar\/inicio\/","name":"GYS NOTICIAS |","description":"DIARIO - RADIO ONLINE SAN JUAN ARGENTINA","publisher":{"@id":"https:\/\/gysfm.com.ar\/inicio\/#organization"},"potentialAction":[{"@type":"SearchAction","target":{"@type":"EntryPoint","urlTemplate":"https:\/\/gysfm.com.ar\/inicio\/?s={search_term_string}"},"query-input":{"@type":"PropertyValueSpecification","valueRequired":true,"valueName":"search_term_string"}}],"inLanguage":"es"},{"@type":"Organization","@id":"https:\/\/gysfm.com.ar\/inicio\/#organization","name":"GYS NOTICIAS |","url":"https:\/\/gysfm.com.ar\/inicio\/","logo":{"@type":"ImageObject","inLanguage":"es","@id":"https:\/\/gysfm.com.ar\/inicio\/#\/schema\/logo\/image\/","url":"https:\/\/gysfm.com.ar\/inicio\/wp-content\/uploads\/2023\/07\/LOGOGYS-OK.png","contentUrl":"https:\/\/gysfm.com.ar\/inicio\/wp-content\/uploads\/2023\/07\/LOGOGYS-OK.png","width":1170,"height":872,"caption":"GYS NOTICIAS |"},"image":{"@id":"https:\/\/gysfm.com.ar\/inicio\/#\/schema\/logo\/image\/"}},{"@type":"Person","@id":"https:\/\/gysfm.com.ar\/inicio\/#\/schema\/person\/3abba7593ef2ad19e1be221d54383dc5","name":"Prensa G&amp;S FM","image":{"@type":"ImageObject","inLanguage":"es","@id":"https:\/\/gysfm.com.ar\/inicio\/#\/schema\/person\/image\/","url":"https:\/\/secure.gravatar.com\/avatar\/096ec78df02049ab018702bb4ccedf659377fa92a26540b5247612077a0dbd29?s=96&d=mm&r=g","contentUrl":"https:\/\/secure.gravatar.com\/avatar\/096ec78df02049ab018702bb4ccedf659377fa92a26540b5247612077a0dbd29?s=96&d=mm&r=g","caption":"Prensa G&amp;S FM"},"sameAs":["https:\/\/gysfm.com.ar\/"],"url":"https:\/\/gysfm.com.ar\/inicio\/author\/lucasm\/"}]}},"_links":{"self":[{"href":"https:\/\/gysfm.com.ar\/inicio\/wp-json\/wp\/v2\/posts\/193564","targetHints":{"allow":["GET"]}}],"collection":[{"href":"https:\/\/gysfm.com.ar\/inicio\/wp-json\/wp\/v2\/posts"}],"about":[{"href":"https:\/\/gysfm.com.ar\/inicio\/wp-json\/wp\/v2\/types\/post"}],"author":[{"embeddable":true,"href":"https:\/\/gysfm.com.ar\/inicio\/wp-json\/wp\/v2\/users\/2"}],"replies":[{"embeddable":true,"href":"https:\/\/gysfm.com.ar\/inicio\/wp-json\/wp\/v2\/comments?post=193564"}],"version-history":[{"count":0,"href":"https:\/\/gysfm.com.ar\/inicio\/wp-json\/wp\/v2\/posts\/193564\/revisions"}],"wp:featuredmedia":[{"embeddable":true,"href":"https:\/\/gysfm.com.ar\/inicio\/wp-json\/wp\/v2\/media\/193565"}],"wp:attachment":[{"href":"https:\/\/gysfm.com.ar\/inicio\/wp-json\/wp\/v2\/media?parent=193564"}],"wp:term":[{"taxonomy":"category","embeddable":true,"href":"https:\/\/gysfm.com.ar\/inicio\/wp-json\/wp\/v2\/categories?post=193564"},{"taxonomy":"post_tag","embeddable":true,"href":"https:\/\/gysfm.com.ar\/inicio\/wp-json\/wp\/v2\/tags?post=193564"}],"curies":[{"name":"wp","href":"https:\/\/api.w.org\/{rel}","templated":true}]}}