{"id":193562,"date":"2026-04-28T21:17:07","date_gmt":"2026-04-29T00:17:07","guid":{"rendered":"https:\/\/gysfm.com.ar\/inicio\/la-ansiedad-digital-afecta-al-60-de-la-juventud-iberoamericana-cuales-son-los-riegos\/"},"modified":"2026-04-28T21:17:07","modified_gmt":"2026-04-29T00:17:07","slug":"la-ansiedad-digital-afecta-al-60-de-la-juventud-iberoamericana-cuales-son-los-riegos","status":"publish","type":"post","link":"https:\/\/gysfm.com.ar\/inicio\/la-ansiedad-digital-afecta-al-60-de-la-juventud-iberoamericana-cuales-son-los-riegos\/","title":{"rendered":"La ansiedad digital afecta al 60% de la juventud iberoamericana: cu\u00e1les son los riegos"},"content":{"rendered":"<p><\/p>\n<div id=\"article-content\">\n<p>El <strong>uso intensivo de redes sociales, la hiperconectividad y la exposici\u00f3n constante a pantallas <\/strong>est\u00e1n generando un impacto creciente en la salud mental de los j\u00f3venes. Un reciente informe regional advierte que<strong> <a target=\"_blank\" href=\"https:\/\/www.perfil.com\/noticias\/reperfilar\/cayo-un-40-la-circulacion-de-colectivos-en-el-amba.phtml\">seis de cada diez adolescentes y adultos j\u00f3venes en Iberoam\u00e9rica presentan signos de ansiedad vinculados al entorno digital, un fen\u00f3meno que especialistas ya denominan como \u201cansiedad digital\u201d.<\/a><\/strong><\/p>\n<p>El concepto, asociado a la <strong>sobrecarga informativa y la necesidad permanente de validaci\u00f3n online,<\/strong> se relaciona con el uso de plataformas como Instagram, TikTok y X. En estos espacios, la comparaci\u00f3n constante, la presi\u00f3n por la imagen personal y el consumo de contenido sin pausas pueden derivar en estr\u00e9s, insomnio y dificultades para la concentraci\u00f3n.<\/p>\n<p>Especialistas en Psicolog\u00eda y salud mental coinciden en que<strong> uno de los principales riesgos es la dependencia emocional del entorno digital.<\/strong> \u201cLa necesidad de recibir \u2018likes\u2019 o respuestas inmediatas puede afectar la autoestima y generar frustraci\u00f3n cuando esa validaci\u00f3n no llega\u201d, explican. A esto se suma el fen\u00f3meno del \u201cscroll infinito\u201d, que prolonga el tiempo de exposici\u00f3n sin que el usuario sea plenamente consciente.<\/p>\n<div class=\"subscription\">\n<p>\n        Esto no les gusta a los autoritarios\n    <\/p>\n<div class=\"subscription__container\">\n<div class=\"subscription__text-wrapper\">\n<p>\n                El ejercicio del periodismo profesional y cr\u00edtico es un pilar fundamental de la democracia. Por eso molesta a quienes creen ser los due\u00f1os de la verdad.\n            <\/p>\n<\/p><\/div><\/div>\n<\/div>\n<p><iframe id=\"vrudo\" class=\"vrudo\" src=\"https:\/\/rudo.video\/vod\/yiPUbGoXop4?volume=0\" width=\"100%\" height=\"100%\" allowscriptaccess=\"always\" allowfullscreen=\"true\" webkitallowfullscreen=\"true\" frameborder=\"0\" scrolling=\"no\" allow=\"autoplay; fullscreen\" loading=\"lazy\" title=\"Contenido embebido\"><\/iframe><\/p>\n<p>Otro de los factores de<strong> preocupaci\u00f3n es la alteraci\u00f3n del sue\u00f1o. <\/strong>El uso de dispositivos antes de dormir \u2014especialmente celulares\u2014 interfiere en los ciclos naturales de descanso, lo que puede agravar cuadros de ansiedad y afectar el rendimiento acad\u00e9mico o laboral. Adem\u00e1s, la exposici\u00f3n a noticias negativas o contenidos sensibles puede intensificar la sensaci\u00f3n de angustia.<\/p>\n<p>El informe tambi\u00e9n <strong>advierte sobre el impacto en las relaciones interpersonales. <\/strong>Aunque las redes facilitan la comunicaci\u00f3n, en muchos casos reemplazan el contacto cara a cara, lo que puede generar aislamiento o dificultades en el desarrollo de habilidades sociales. En paralelo, el ciberacoso contin\u00faa siendo un problema relevante en la regi\u00f3n, con efectos directos en la salud emocional de los j\u00f3venes.<\/p>\n<p>Frente a este escenario, expertos<strong> recomiendan establecer l\u00edmites en el uso de la tecnolog\u00eda, promover espacios de desconexi\u00f3n y fomentar actividades fuera del entorno digital. <\/strong>Tambi\u00e9n subrayan la importancia del acompa\u00f1amiento familiar y educativo para generar h\u00e1bitos saludables desde edades tempranas.<\/p>\n<p>Si bien la tecnolog\u00eda ofrece m\u00faltiples beneficios, el desaf\u00edo radica en encontrar un equilibrio. La \u201cansiedad digital\u201d se consolida como una problem\u00e1tica emergente que interpela tanto a los usuarios como a las plataformas y a las pol\u00edticas p\u00fablicas, en un contexto donde la vida online y offline est\u00e1n cada vez m\u00e1s entrelazadas.<\/p>\n<\/p><\/div>\n<p><script>\n                !function(f,b,e,v,n,t,s)\n                {if(f.fbq)return;n=f.fbq=function(){n.callMethod?\n                    n.callMethod.apply(n,arguments):n.queue.push(arguments)};\n                    if(!f._fbq)f._fbq=n;n.push=n;n.loaded=!0;n.version='2.0';\n                    n.queue=[];t=b.createElement(e);t.async=!0;\n                    t.src=v;s=b.getElementsByTagName(e)[0];\n                    s.parentNode.insertBefore(t,s)}(window, document,'script',\n                    'https:\/\/connect.facebook.net\/en_US\/fbevents.js');\n                window.paywallConfig.facebook_pixel=\"1000228364089342\"\n            <\/script><\/p>\n","protected":false},"excerpt":{"rendered":"<p>El uso intensivo de redes sociales, la hiperconectividad y la exposici\u00f3n constante a pantallas est\u00e1n generando un impacto creciente en la salud mental de los j\u00f3venes. Un reciente informe regional advierte que seis de cada diez adolescentes y adultos j\u00f3venes en Iberoam\u00e9rica presentan signos de ansiedad vinculados al entorno digital, un fen\u00f3meno que especialistas ya [&hellip;]<\/p>\n","protected":false},"author":2,"featured_media":193563,"comment_status":"closed","ping_status":"closed","sticky":false,"template":"","format":"standard","meta":{"footnotes":""},"categories":[25],"tags":[],"class_list":["post-193562","post","type-post","status-publish","format-standard","has-post-thumbnail","hentry","category-nacionales"],"yoast_head":"<!-- This site is optimized with the Yoast SEO plugin v24.4 - https:\/\/yoast.com\/wordpress\/plugins\/seo\/ -->\n<title>La ansiedad digital afecta al 60% de la juventud iberoamericana: cu\u00e1les son los riegos - GYS NOTICIAS |<\/title>\n<meta name=\"robots\" content=\"index, follow, max-snippet:-1, max-image-preview:large, max-video-preview:-1\" \/>\n<link rel=\"canonical\" href=\"https:\/\/gysfm.com.ar\/inicio\/la-ansiedad-digital-afecta-al-60-de-la-juventud-iberoamericana-cuales-son-los-riegos\/\" \/>\n<meta property=\"og:locale\" content=\"es_ES\" \/>\n<meta property=\"og:type\" content=\"article\" \/>\n<meta property=\"og:title\" content=\"La ansiedad digital afecta al 60% de la juventud iberoamericana: cu\u00e1les son los riegos - GYS NOTICIAS |\" \/>\n<meta property=\"og:description\" content=\"El uso intensivo de redes sociales, la hiperconectividad y la exposici\u00f3n constante a pantallas est\u00e1n generando un impacto creciente en la salud mental de los j\u00f3venes. Un reciente informe regional advierte que seis de cada diez adolescentes y adultos j\u00f3venes en Iberoam\u00e9rica presentan signos de ansiedad vinculados al entorno digital, un fen\u00f3meno que especialistas ya [&hellip;]\" \/>\n<meta property=\"og:url\" content=\"https:\/\/gysfm.com.ar\/inicio\/la-ansiedad-digital-afecta-al-60-de-la-juventud-iberoamericana-cuales-son-los-riegos\/\" \/>\n<meta property=\"og:site_name\" content=\"GYS NOTICIAS |\" \/>\n<meta property=\"article:published_time\" content=\"2026-04-29T00:17:07+00:00\" \/>\n<meta name=\"author\" content=\"Prensa G&amp;S FM\" \/>\n<meta name=\"twitter:card\" content=\"summary_large_image\" \/>\n<meta name=\"twitter:label1\" content=\"Escrito por\" \/>\n\t<meta name=\"twitter:data1\" content=\"Prensa G&amp;S FM\" \/>\n\t<meta name=\"twitter:label2\" content=\"Tiempo de lectura\" \/>\n\t<meta name=\"twitter:data2\" content=\"2 minutos\" \/>\n<script type=\"application\/ld+json\" class=\"yoast-schema-graph\">{\"@context\":\"https:\/\/schema.org\",\"@graph\":[{\"@type\":\"Article\",\"@id\":\"https:\/\/gysfm.com.ar\/inicio\/la-ansiedad-digital-afecta-al-60-de-la-juventud-iberoamericana-cuales-son-los-riegos\/#article\",\"isPartOf\":{\"@id\":\"https:\/\/gysfm.com.ar\/inicio\/la-ansiedad-digital-afecta-al-60-de-la-juventud-iberoamericana-cuales-son-los-riegos\/\"},\"author\":{\"name\":\"Prensa G&amp;S FM\",\"@id\":\"https:\/\/gysfm.com.ar\/inicio\/#\/schema\/person\/3abba7593ef2ad19e1be221d54383dc5\"},\"headline\":\"La ansiedad digital afecta al 60% de la juventud iberoamericana: cu\u00e1les son los riegos\",\"datePublished\":\"2026-04-29T00:17:07+00:00\",\"mainEntityOfPage\":{\"@id\":\"https:\/\/gysfm.com.ar\/inicio\/la-ansiedad-digital-afecta-al-60-de-la-juventud-iberoamericana-cuales-son-los-riegos\/\"},\"wordCount\":479,\"publisher\":{\"@id\":\"https:\/\/gysfm.com.ar\/inicio\/#organization\"},\"image\":{\"@id\":\"https:\/\/gysfm.com.ar\/inicio\/la-ansiedad-digital-afecta-al-60-de-la-juventud-iberoamericana-cuales-son-los-riegos\/#primaryimage\"},\"thumbnailUrl\":\"https:\/\/gysfm.com.ar\/inicio\/wp-content\/uploads\/2026\/04\/la-ansiedad-digital-afecta-al-60-de-la-juventud-iberoamericana-cuales-son-los-riegos-2229127.jpg\",\"articleSection\":[\"NACIONALES\"],\"inLanguage\":\"es\"},{\"@type\":\"WebPage\",\"@id\":\"https:\/\/gysfm.com.ar\/inicio\/la-ansiedad-digital-afecta-al-60-de-la-juventud-iberoamericana-cuales-son-los-riegos\/\",\"url\":\"https:\/\/gysfm.com.ar\/inicio\/la-ansiedad-digital-afecta-al-60-de-la-juventud-iberoamericana-cuales-son-los-riegos\/\",\"name\":\"La ansiedad digital afecta al 60% de la juventud iberoamericana: cu\u00e1les son los riegos - GYS NOTICIAS |\",\"isPartOf\":{\"@id\":\"https:\/\/gysfm.com.ar\/inicio\/#website\"},\"primaryImageOfPage\":{\"@id\":\"https:\/\/gysfm.com.ar\/inicio\/la-ansiedad-digital-afecta-al-60-de-la-juventud-iberoamericana-cuales-son-los-riegos\/#primaryimage\"},\"image\":{\"@id\":\"https:\/\/gysfm.com.ar\/inicio\/la-ansiedad-digital-afecta-al-60-de-la-juventud-iberoamericana-cuales-son-los-riegos\/#primaryimage\"},\"thumbnailUrl\":\"https:\/\/gysfm.com.ar\/inicio\/wp-content\/uploads\/2026\/04\/la-ansiedad-digital-afecta-al-60-de-la-juventud-iberoamericana-cuales-son-los-riegos-2229127.jpg\",\"datePublished\":\"2026-04-29T00:17:07+00:00\",\"breadcrumb\":{\"@id\":\"https:\/\/gysfm.com.ar\/inicio\/la-ansiedad-digital-afecta-al-60-de-la-juventud-iberoamericana-cuales-son-los-riegos\/#breadcrumb\"},\"inLanguage\":\"es\",\"potentialAction\":[{\"@type\":\"ReadAction\",\"target\":[\"https:\/\/gysfm.com.ar\/inicio\/la-ansiedad-digital-afecta-al-60-de-la-juventud-iberoamericana-cuales-son-los-riegos\/\"]}]},{\"@type\":\"ImageObject\",\"inLanguage\":\"es\",\"@id\":\"https:\/\/gysfm.com.ar\/inicio\/la-ansiedad-digital-afecta-al-60-de-la-juventud-iberoamericana-cuales-son-los-riegos\/#primaryimage\",\"url\":\"https:\/\/gysfm.com.ar\/inicio\/wp-content\/uploads\/2026\/04\/la-ansiedad-digital-afecta-al-60-de-la-juventud-iberoamericana-cuales-son-los-riegos-2229127.jpg\",\"contentUrl\":\"https:\/\/gysfm.com.ar\/inicio\/wp-content\/uploads\/2026\/04\/la-ansiedad-digital-afecta-al-60-de-la-juventud-iberoamericana-cuales-son-los-riegos-2229127.jpg\",\"width\":1140,\"height\":641},{\"@type\":\"BreadcrumbList\",\"@id\":\"https:\/\/gysfm.com.ar\/inicio\/la-ansiedad-digital-afecta-al-60-de-la-juventud-iberoamericana-cuales-son-los-riegos\/#breadcrumb\",\"itemListElement\":[{\"@type\":\"ListItem\",\"position\":1,\"name\":\"Portada\",\"item\":\"https:\/\/gysfm.com.ar\/inicio\/\"},{\"@type\":\"ListItem\",\"position\":2,\"name\":\"La ansiedad digital afecta al 60% de la juventud iberoamericana: cu\u00e1les son los riegos\"}]},{\"@type\":\"WebSite\",\"@id\":\"https:\/\/gysfm.com.ar\/inicio\/#website\",\"url\":\"https:\/\/gysfm.com.ar\/inicio\/\",\"name\":\"GYS NOTICIAS |\",\"description\":\"DIARIO - RADIO ONLINE SAN JUAN ARGENTINA\",\"publisher\":{\"@id\":\"https:\/\/gysfm.com.ar\/inicio\/#organization\"},\"potentialAction\":[{\"@type\":\"SearchAction\",\"target\":{\"@type\":\"EntryPoint\",\"urlTemplate\":\"https:\/\/gysfm.com.ar\/inicio\/?s={search_term_string}\"},\"query-input\":{\"@type\":\"PropertyValueSpecification\",\"valueRequired\":true,\"valueName\":\"search_term_string\"}}],\"inLanguage\":\"es\"},{\"@type\":\"Organization\",\"@id\":\"https:\/\/gysfm.com.ar\/inicio\/#organization\",\"name\":\"GYS NOTICIAS |\",\"url\":\"https:\/\/gysfm.com.ar\/inicio\/\",\"logo\":{\"@type\":\"ImageObject\",\"inLanguage\":\"es\",\"@id\":\"https:\/\/gysfm.com.ar\/inicio\/#\/schema\/logo\/image\/\",\"url\":\"https:\/\/gysfm.com.ar\/inicio\/wp-content\/uploads\/2023\/07\/LOGOGYS-OK.png\",\"contentUrl\":\"https:\/\/gysfm.com.ar\/inicio\/wp-content\/uploads\/2023\/07\/LOGOGYS-OK.png\",\"width\":1170,\"height\":872,\"caption\":\"GYS NOTICIAS |\"},\"image\":{\"@id\":\"https:\/\/gysfm.com.ar\/inicio\/#\/schema\/logo\/image\/\"}},{\"@type\":\"Person\",\"@id\":\"https:\/\/gysfm.com.ar\/inicio\/#\/schema\/person\/3abba7593ef2ad19e1be221d54383dc5\",\"name\":\"Prensa G&amp;S FM\",\"image\":{\"@type\":\"ImageObject\",\"inLanguage\":\"es\",\"@id\":\"https:\/\/gysfm.com.ar\/inicio\/#\/schema\/person\/image\/\",\"url\":\"https:\/\/secure.gravatar.com\/avatar\/096ec78df02049ab018702bb4ccedf659377fa92a26540b5247612077a0dbd29?s=96&d=mm&r=g\",\"contentUrl\":\"https:\/\/secure.gravatar.com\/avatar\/096ec78df02049ab018702bb4ccedf659377fa92a26540b5247612077a0dbd29?s=96&d=mm&r=g\",\"caption\":\"Prensa G&amp;S FM\"},\"sameAs\":[\"https:\/\/gysfm.com.ar\/\"],\"url\":\"https:\/\/gysfm.com.ar\/inicio\/author\/lucasm\/\"}]}<\/script>\n<!-- \/ Yoast SEO plugin. -->","yoast_head_json":{"title":"La ansiedad digital afecta al 60% de la juventud iberoamericana: cu\u00e1les son los riegos - GYS NOTICIAS |","robots":{"index":"index","follow":"follow","max-snippet":"max-snippet:-1","max-image-preview":"max-image-preview:large","max-video-preview":"max-video-preview:-1"},"canonical":"https:\/\/gysfm.com.ar\/inicio\/la-ansiedad-digital-afecta-al-60-de-la-juventud-iberoamericana-cuales-son-los-riegos\/","og_locale":"es_ES","og_type":"article","og_title":"La ansiedad digital afecta al 60% de la juventud iberoamericana: cu\u00e1les son los riegos - GYS NOTICIAS |","og_description":"El uso intensivo de redes sociales, la hiperconectividad y la exposici\u00f3n constante a pantallas est\u00e1n generando un impacto creciente en la salud mental de los j\u00f3venes. Un reciente informe regional advierte que seis de cada diez adolescentes y adultos j\u00f3venes en Iberoam\u00e9rica presentan signos de ansiedad vinculados al entorno digital, un fen\u00f3meno que especialistas ya [&hellip;]","og_url":"https:\/\/gysfm.com.ar\/inicio\/la-ansiedad-digital-afecta-al-60-de-la-juventud-iberoamericana-cuales-son-los-riegos\/","og_site_name":"GYS NOTICIAS |","article_published_time":"2026-04-29T00:17:07+00:00","author":"Prensa G&amp;S FM","twitter_card":"summary_large_image","twitter_misc":{"Escrito por":"Prensa G&amp;S FM","Tiempo de lectura":"2 minutos"},"schema":{"@context":"https:\/\/schema.org","@graph":[{"@type":"Article","@id":"https:\/\/gysfm.com.ar\/inicio\/la-ansiedad-digital-afecta-al-60-de-la-juventud-iberoamericana-cuales-son-los-riegos\/#article","isPartOf":{"@id":"https:\/\/gysfm.com.ar\/inicio\/la-ansiedad-digital-afecta-al-60-de-la-juventud-iberoamericana-cuales-son-los-riegos\/"},"author":{"name":"Prensa G&amp;S FM","@id":"https:\/\/gysfm.com.ar\/inicio\/#\/schema\/person\/3abba7593ef2ad19e1be221d54383dc5"},"headline":"La ansiedad digital afecta al 60% de la juventud iberoamericana: cu\u00e1les son los riegos","datePublished":"2026-04-29T00:17:07+00:00","mainEntityOfPage":{"@id":"https:\/\/gysfm.com.ar\/inicio\/la-ansiedad-digital-afecta-al-60-de-la-juventud-iberoamericana-cuales-son-los-riegos\/"},"wordCount":479,"publisher":{"@id":"https:\/\/gysfm.com.ar\/inicio\/#organization"},"image":{"@id":"https:\/\/gysfm.com.ar\/inicio\/la-ansiedad-digital-afecta-al-60-de-la-juventud-iberoamericana-cuales-son-los-riegos\/#primaryimage"},"thumbnailUrl":"https:\/\/gysfm.com.ar\/inicio\/wp-content\/uploads\/2026\/04\/la-ansiedad-digital-afecta-al-60-de-la-juventud-iberoamericana-cuales-son-los-riegos-2229127.jpg","articleSection":["NACIONALES"],"inLanguage":"es"},{"@type":"WebPage","@id":"https:\/\/gysfm.com.ar\/inicio\/la-ansiedad-digital-afecta-al-60-de-la-juventud-iberoamericana-cuales-son-los-riegos\/","url":"https:\/\/gysfm.com.ar\/inicio\/la-ansiedad-digital-afecta-al-60-de-la-juventud-iberoamericana-cuales-son-los-riegos\/","name":"La ansiedad digital afecta al 60% de la juventud iberoamericana: cu\u00e1les son los riegos - GYS NOTICIAS |","isPartOf":{"@id":"https:\/\/gysfm.com.ar\/inicio\/#website"},"primaryImageOfPage":{"@id":"https:\/\/gysfm.com.ar\/inicio\/la-ansiedad-digital-afecta-al-60-de-la-juventud-iberoamericana-cuales-son-los-riegos\/#primaryimage"},"image":{"@id":"https:\/\/gysfm.com.ar\/inicio\/la-ansiedad-digital-afecta-al-60-de-la-juventud-iberoamericana-cuales-son-los-riegos\/#primaryimage"},"thumbnailUrl":"https:\/\/gysfm.com.ar\/inicio\/wp-content\/uploads\/2026\/04\/la-ansiedad-digital-afecta-al-60-de-la-juventud-iberoamericana-cuales-son-los-riegos-2229127.jpg","datePublished":"2026-04-29T00:17:07+00:00","breadcrumb":{"@id":"https:\/\/gysfm.com.ar\/inicio\/la-ansiedad-digital-afecta-al-60-de-la-juventud-iberoamericana-cuales-son-los-riegos\/#breadcrumb"},"inLanguage":"es","potentialAction":[{"@type":"ReadAction","target":["https:\/\/gysfm.com.ar\/inicio\/la-ansiedad-digital-afecta-al-60-de-la-juventud-iberoamericana-cuales-son-los-riegos\/"]}]},{"@type":"ImageObject","inLanguage":"es","@id":"https:\/\/gysfm.com.ar\/inicio\/la-ansiedad-digital-afecta-al-60-de-la-juventud-iberoamericana-cuales-son-los-riegos\/#primaryimage","url":"https:\/\/gysfm.com.ar\/inicio\/wp-content\/uploads\/2026\/04\/la-ansiedad-digital-afecta-al-60-de-la-juventud-iberoamericana-cuales-son-los-riegos-2229127.jpg","contentUrl":"https:\/\/gysfm.com.ar\/inicio\/wp-content\/uploads\/2026\/04\/la-ansiedad-digital-afecta-al-60-de-la-juventud-iberoamericana-cuales-son-los-riegos-2229127.jpg","width":1140,"height":641},{"@type":"BreadcrumbList","@id":"https:\/\/gysfm.com.ar\/inicio\/la-ansiedad-digital-afecta-al-60-de-la-juventud-iberoamericana-cuales-son-los-riegos\/#breadcrumb","itemListElement":[{"@type":"ListItem","position":1,"name":"Portada","item":"https:\/\/gysfm.com.ar\/inicio\/"},{"@type":"ListItem","position":2,"name":"La ansiedad digital afecta al 60% de la juventud iberoamericana: cu\u00e1les son los riegos"}]},{"@type":"WebSite","@id":"https:\/\/gysfm.com.ar\/inicio\/#website","url":"https:\/\/gysfm.com.ar\/inicio\/","name":"GYS NOTICIAS |","description":"DIARIO - RADIO ONLINE SAN JUAN ARGENTINA","publisher":{"@id":"https:\/\/gysfm.com.ar\/inicio\/#organization"},"potentialAction":[{"@type":"SearchAction","target":{"@type":"EntryPoint","urlTemplate":"https:\/\/gysfm.com.ar\/inicio\/?s={search_term_string}"},"query-input":{"@type":"PropertyValueSpecification","valueRequired":true,"valueName":"search_term_string"}}],"inLanguage":"es"},{"@type":"Organization","@id":"https:\/\/gysfm.com.ar\/inicio\/#organization","name":"GYS NOTICIAS |","url":"https:\/\/gysfm.com.ar\/inicio\/","logo":{"@type":"ImageObject","inLanguage":"es","@id":"https:\/\/gysfm.com.ar\/inicio\/#\/schema\/logo\/image\/","url":"https:\/\/gysfm.com.ar\/inicio\/wp-content\/uploads\/2023\/07\/LOGOGYS-OK.png","contentUrl":"https:\/\/gysfm.com.ar\/inicio\/wp-content\/uploads\/2023\/07\/LOGOGYS-OK.png","width":1170,"height":872,"caption":"GYS NOTICIAS |"},"image":{"@id":"https:\/\/gysfm.com.ar\/inicio\/#\/schema\/logo\/image\/"}},{"@type":"Person","@id":"https:\/\/gysfm.com.ar\/inicio\/#\/schema\/person\/3abba7593ef2ad19e1be221d54383dc5","name":"Prensa G&amp;S FM","image":{"@type":"ImageObject","inLanguage":"es","@id":"https:\/\/gysfm.com.ar\/inicio\/#\/schema\/person\/image\/","url":"https:\/\/secure.gravatar.com\/avatar\/096ec78df02049ab018702bb4ccedf659377fa92a26540b5247612077a0dbd29?s=96&d=mm&r=g","contentUrl":"https:\/\/secure.gravatar.com\/avatar\/096ec78df02049ab018702bb4ccedf659377fa92a26540b5247612077a0dbd29?s=96&d=mm&r=g","caption":"Prensa G&amp;S FM"},"sameAs":["https:\/\/gysfm.com.ar\/"],"url":"https:\/\/gysfm.com.ar\/inicio\/author\/lucasm\/"}]}},"_links":{"self":[{"href":"https:\/\/gysfm.com.ar\/inicio\/wp-json\/wp\/v2\/posts\/193562","targetHints":{"allow":["GET"]}}],"collection":[{"href":"https:\/\/gysfm.com.ar\/inicio\/wp-json\/wp\/v2\/posts"}],"about":[{"href":"https:\/\/gysfm.com.ar\/inicio\/wp-json\/wp\/v2\/types\/post"}],"author":[{"embeddable":true,"href":"https:\/\/gysfm.com.ar\/inicio\/wp-json\/wp\/v2\/users\/2"}],"replies":[{"embeddable":true,"href":"https:\/\/gysfm.com.ar\/inicio\/wp-json\/wp\/v2\/comments?post=193562"}],"version-history":[{"count":0,"href":"https:\/\/gysfm.com.ar\/inicio\/wp-json\/wp\/v2\/posts\/193562\/revisions"}],"wp:featuredmedia":[{"embeddable":true,"href":"https:\/\/gysfm.com.ar\/inicio\/wp-json\/wp\/v2\/media\/193563"}],"wp:attachment":[{"href":"https:\/\/gysfm.com.ar\/inicio\/wp-json\/wp\/v2\/media?parent=193562"}],"wp:term":[{"taxonomy":"category","embeddable":true,"href":"https:\/\/gysfm.com.ar\/inicio\/wp-json\/wp\/v2\/categories?post=193562"},{"taxonomy":"post_tag","embeddable":true,"href":"https:\/\/gysfm.com.ar\/inicio\/wp-json\/wp\/v2\/tags?post=193562"}],"curies":[{"name":"wp","href":"https:\/\/api.w.org\/{rel}","templated":true}]}}