{"id":193560,"date":"2026-04-28T20:46:09","date_gmt":"2026-04-28T23:46:09","guid":{"rendered":"https:\/\/gysfm.com.ar\/inicio\/adorni-dara-su-informe-el-miercoles-en-el-congreso-tras-el-escandalo\/"},"modified":"2026-04-28T20:46:09","modified_gmt":"2026-04-28T23:46:09","slug":"adorni-dara-su-informe-el-miercoles-en-el-congreso-tras-el-escandalo","status":"publish","type":"post","link":"https:\/\/gysfm.com.ar\/inicio\/adorni-dara-su-informe-el-miercoles-en-el-congreso-tras-el-escandalo\/","title":{"rendered":"Adorni dar\u00e1 su informe el mi\u00e9rcoles en el Congreso, tras el esc\u00e1ndalo"},"content":{"rendered":"<p><\/p>\n<div id=\"article-content\">\n<p>El <strong><a target=\"_blank\" href=\"https:\/\/www.perfil.com\/noticias\/politica\/el-departamento-de-manuel-adorni-en-parque-chacabuco-caracteristicas-venta-y-vida-cotidiana-en-asamblea-1132-modof.phtml\">vocero presidencial Manuel Adorni <\/a>se presentar\u00e1 en los pr\u00f3ximos d\u00edas en el Congreso de la Naci\u00f3n Argentina<\/strong> para brindar un informe en medio de un clima pol\u00edtico tenso, atravesado por un <strong>esc\u00e1ndalo que gener\u00f3 repercusiones tanto en el oficialismo como en la oposici\u00f3n.<\/strong><\/p>\n<p>La exposici\u00f3n fue solicitada por legisladores que buscan <strong>obtener precisiones sobre una serie de hechos que en las \u00faltimas semanas quedaron bajo cuestionamiento p\u00fablico<\/strong>. Aunque desde el Gobierno no se difundieron detalles del contenido del informe, se anticipa que<strong> Adorni abordar\u00e1 las principales cr\u00edticas y defender\u00e1 la postura del Ejecutivo.<\/strong><\/p>\n<p><iframe id=\"vrudo\" class=\"vrudo\" src=\"https:\/\/rudo.video\/vod\/yiPZZyo4O0Y?volume=0\" width=\"100%\" height=\"100%\" allowscriptaccess=\"always\" allowfullscreen=\"true\" webkitallowfullscreen=\"true\" frameborder=\"0\" scrolling=\"no\" allow=\"autoplay; fullscreen\" loading=\"lazy\" title=\"Contenido embebido\"><\/iframe><\/p>\n<p>El caso escal\u00f3 r\u00e1pidamente en la<strong> agenda pol\u00edtica y medi\u00e1tica, con pedidos de explicaciones formales y cruces entre distintos bloques parlamentarios.<\/strong> Desde sectores opositores sostienen que existen inconsistencias que deben ser aclaradas, mientras que desde el oficialismo denuncian una \u201csobreactuaci\u00f3n pol\u00edtica\u201d y cuestionan la intencionalidad de las acusaciones.<\/p>\n<div class=\"subscription\">\n<p>\n        Esto no les gusta a los autoritarios\n    <\/p>\n<div class=\"subscription__container\">\n<div class=\"subscription__text-wrapper\">\n<p>\n                El ejercicio del periodismo profesional y cr\u00edtico es un pilar fundamental de la democracia. Por eso molesta a quienes creen ser los due\u00f1os de la verdad.\n            <\/p>\n<\/p><\/div><\/div>\n<\/div>\n<p>En este contexto, la<strong> presentaci\u00f3n en el Congreso se perfila como un momento clave. <\/strong>Legisladores adelantaron que aprovechar\u00e1n la instancia para realizar preguntas directas y solicitar documentaci\u00f3n respaldatoria. Incluso, algunos sectores eval\u00faan<strong> impulsar nuevas medidas en funci\u00f3n de las respuestas que brinde el vocero.<\/strong><\/p>\n<p>Cerca de Adorni aseguran que concurrir\u00e1 con \u201ctoda la informaci\u00f3n disponible\u201d y con el objetivo de \u201cllevar claridad\u201d sobre los hechos que dieron origen al esc\u00e1ndalo. Tambi\u00e9n remarcan que la exposici\u00f3n ser\u00e1 una oportunidad para fijar la posici\u00f3n oficial frente a versiones que, seg\u00fan sostienen, \u201cno reflejan la realidad\u201d.<\/p>\n<p>La comparecencia del vocero <strong>se dar\u00e1 en un escenario de alta sensibilidad pol\u00edtica, donde cada definici\u00f3n puede tener impacto en el desarrollo del conflicto. El informe que presente ante el Congreso no solo buscar\u00e1 responder a las cr\u00edticas, sino tambi\u00e9n marcar el tono de la estrategia comunicacional del Gobierno en un momento de fuerte escrutinio p\u00fablico.<\/strong><\/p>\n<\/p><\/div>\n<p><script>\n                !function(f,b,e,v,n,t,s)\n                {if(f.fbq)return;n=f.fbq=function(){n.callMethod?\n                    n.callMethod.apply(n,arguments):n.queue.push(arguments)};\n                    if(!f._fbq)f._fbq=n;n.push=n;n.loaded=!0;n.version='2.0';\n                    n.queue=[];t=b.createElement(e);t.async=!0;\n                    t.src=v;s=b.getElementsByTagName(e)[0];\n                    s.parentNode.insertBefore(t,s)}(window, document,'script',\n                    'https:\/\/connect.facebook.net\/en_US\/fbevents.js');\n                window.paywallConfig.facebook_pixel=\"1000228364089342\"\n            <\/script><\/p>\n","protected":false},"excerpt":{"rendered":"<p>El vocero presidencial Manuel Adorni se presentar\u00e1 en los pr\u00f3ximos d\u00edas en el Congreso de la Naci\u00f3n Argentina para brindar un informe en medio de un clima pol\u00edtico tenso, atravesado por un esc\u00e1ndalo que gener\u00f3 repercusiones tanto en el oficialismo como en la oposici\u00f3n. La exposici\u00f3n fue solicitada por legisladores que buscan obtener precisiones sobre [&hellip;]<\/p>\n","protected":false},"author":2,"featured_media":193561,"comment_status":"closed","ping_status":"closed","sticky":false,"template":"","format":"standard","meta":{"footnotes":""},"categories":[25],"tags":[],"class_list":["post-193560","post","type-post","status-publish","format-standard","has-post-thumbnail","hentry","category-nacionales"],"yoast_head":"<!-- This site is optimized with the Yoast SEO plugin v24.4 - https:\/\/yoast.com\/wordpress\/plugins\/seo\/ -->\n<title>Adorni dar\u00e1 su informe el mi\u00e9rcoles en el Congreso, tras el esc\u00e1ndalo - GYS NOTICIAS |<\/title>\n<meta name=\"robots\" content=\"index, follow, max-snippet:-1, max-image-preview:large, max-video-preview:-1\" \/>\n<link rel=\"canonical\" href=\"https:\/\/gysfm.com.ar\/inicio\/adorni-dara-su-informe-el-miercoles-en-el-congreso-tras-el-escandalo\/\" \/>\n<meta property=\"og:locale\" content=\"es_ES\" \/>\n<meta property=\"og:type\" content=\"article\" \/>\n<meta property=\"og:title\" content=\"Adorni dar\u00e1 su informe el mi\u00e9rcoles en el Congreso, tras el esc\u00e1ndalo - GYS NOTICIAS |\" \/>\n<meta property=\"og:description\" content=\"El vocero presidencial Manuel Adorni se presentar\u00e1 en los pr\u00f3ximos d\u00edas en el Congreso de la Naci\u00f3n Argentina para brindar un informe en medio de un clima pol\u00edtico tenso, atravesado por un esc\u00e1ndalo que gener\u00f3 repercusiones tanto en el oficialismo como en la oposici\u00f3n. La exposici\u00f3n fue solicitada por legisladores que buscan obtener precisiones sobre [&hellip;]\" \/>\n<meta property=\"og:url\" content=\"https:\/\/gysfm.com.ar\/inicio\/adorni-dara-su-informe-el-miercoles-en-el-congreso-tras-el-escandalo\/\" \/>\n<meta property=\"og:site_name\" content=\"GYS NOTICIAS |\" \/>\n<meta property=\"article:published_time\" content=\"2026-04-28T23:46:09+00:00\" \/>\n<meta name=\"author\" content=\"Prensa G&amp;S FM\" \/>\n<meta name=\"twitter:card\" content=\"summary_large_image\" \/>\n<meta name=\"twitter:label1\" content=\"Escrito por\" \/>\n\t<meta name=\"twitter:data1\" content=\"Prensa G&amp;S FM\" \/>\n\t<meta name=\"twitter:label2\" content=\"Tiempo de lectura\" \/>\n\t<meta name=\"twitter:data2\" content=\"2 minutos\" \/>\n<script type=\"application\/ld+json\" class=\"yoast-schema-graph\">{\"@context\":\"https:\/\/schema.org\",\"@graph\":[{\"@type\":\"Article\",\"@id\":\"https:\/\/gysfm.com.ar\/inicio\/adorni-dara-su-informe-el-miercoles-en-el-congreso-tras-el-escandalo\/#article\",\"isPartOf\":{\"@id\":\"https:\/\/gysfm.com.ar\/inicio\/adorni-dara-su-informe-el-miercoles-en-el-congreso-tras-el-escandalo\/\"},\"author\":{\"name\":\"Prensa G&amp;S FM\",\"@id\":\"https:\/\/gysfm.com.ar\/inicio\/#\/schema\/person\/3abba7593ef2ad19e1be221d54383dc5\"},\"headline\":\"Adorni dar\u00e1 su informe el mi\u00e9rcoles en el Congreso, tras el esc\u00e1ndalo\",\"datePublished\":\"2026-04-28T23:46:09+00:00\",\"mainEntityOfPage\":{\"@id\":\"https:\/\/gysfm.com.ar\/inicio\/adorni-dara-su-informe-el-miercoles-en-el-congreso-tras-el-escandalo\/\"},\"wordCount\":370,\"publisher\":{\"@id\":\"https:\/\/gysfm.com.ar\/inicio\/#organization\"},\"image\":{\"@id\":\"https:\/\/gysfm.com.ar\/inicio\/adorni-dara-su-informe-el-miercoles-en-el-congreso-tras-el-escandalo\/#primaryimage\"},\"thumbnailUrl\":\"https:\/\/gysfm.com.ar\/inicio\/wp-content\/uploads\/2026\/04\/manuel-adorni-2228708.jpg\",\"articleSection\":[\"NACIONALES\"],\"inLanguage\":\"es\"},{\"@type\":\"WebPage\",\"@id\":\"https:\/\/gysfm.com.ar\/inicio\/adorni-dara-su-informe-el-miercoles-en-el-congreso-tras-el-escandalo\/\",\"url\":\"https:\/\/gysfm.com.ar\/inicio\/adorni-dara-su-informe-el-miercoles-en-el-congreso-tras-el-escandalo\/\",\"name\":\"Adorni dar\u00e1 su informe el mi\u00e9rcoles en el Congreso, tras el esc\u00e1ndalo - GYS NOTICIAS |\",\"isPartOf\":{\"@id\":\"https:\/\/gysfm.com.ar\/inicio\/#website\"},\"primaryImageOfPage\":{\"@id\":\"https:\/\/gysfm.com.ar\/inicio\/adorni-dara-su-informe-el-miercoles-en-el-congreso-tras-el-escandalo\/#primaryimage\"},\"image\":{\"@id\":\"https:\/\/gysfm.com.ar\/inicio\/adorni-dara-su-informe-el-miercoles-en-el-congreso-tras-el-escandalo\/#primaryimage\"},\"thumbnailUrl\":\"https:\/\/gysfm.com.ar\/inicio\/wp-content\/uploads\/2026\/04\/manuel-adorni-2228708.jpg\",\"datePublished\":\"2026-04-28T23:46:09+00:00\",\"breadcrumb\":{\"@id\":\"https:\/\/gysfm.com.ar\/inicio\/adorni-dara-su-informe-el-miercoles-en-el-congreso-tras-el-escandalo\/#breadcrumb\"},\"inLanguage\":\"es\",\"potentialAction\":[{\"@type\":\"ReadAction\",\"target\":[\"https:\/\/gysfm.com.ar\/inicio\/adorni-dara-su-informe-el-miercoles-en-el-congreso-tras-el-escandalo\/\"]}]},{\"@type\":\"ImageObject\",\"inLanguage\":\"es\",\"@id\":\"https:\/\/gysfm.com.ar\/inicio\/adorni-dara-su-informe-el-miercoles-en-el-congreso-tras-el-escandalo\/#primaryimage\",\"url\":\"https:\/\/gysfm.com.ar\/inicio\/wp-content\/uploads\/2026\/04\/manuel-adorni-2228708.jpg\",\"contentUrl\":\"https:\/\/gysfm.com.ar\/inicio\/wp-content\/uploads\/2026\/04\/manuel-adorni-2228708.jpg\",\"width\":1140,\"height\":641},{\"@type\":\"BreadcrumbList\",\"@id\":\"https:\/\/gysfm.com.ar\/inicio\/adorni-dara-su-informe-el-miercoles-en-el-congreso-tras-el-escandalo\/#breadcrumb\",\"itemListElement\":[{\"@type\":\"ListItem\",\"position\":1,\"name\":\"Portada\",\"item\":\"https:\/\/gysfm.com.ar\/inicio\/\"},{\"@type\":\"ListItem\",\"position\":2,\"name\":\"Adorni dar\u00e1 su informe el mi\u00e9rcoles en el Congreso, tras el esc\u00e1ndalo\"}]},{\"@type\":\"WebSite\",\"@id\":\"https:\/\/gysfm.com.ar\/inicio\/#website\",\"url\":\"https:\/\/gysfm.com.ar\/inicio\/\",\"name\":\"GYS NOTICIAS |\",\"description\":\"DIARIO - RADIO ONLINE SAN JUAN ARGENTINA\",\"publisher\":{\"@id\":\"https:\/\/gysfm.com.ar\/inicio\/#organization\"},\"potentialAction\":[{\"@type\":\"SearchAction\",\"target\":{\"@type\":\"EntryPoint\",\"urlTemplate\":\"https:\/\/gysfm.com.ar\/inicio\/?s={search_term_string}\"},\"query-input\":{\"@type\":\"PropertyValueSpecification\",\"valueRequired\":true,\"valueName\":\"search_term_string\"}}],\"inLanguage\":\"es\"},{\"@type\":\"Organization\",\"@id\":\"https:\/\/gysfm.com.ar\/inicio\/#organization\",\"name\":\"GYS NOTICIAS |\",\"url\":\"https:\/\/gysfm.com.ar\/inicio\/\",\"logo\":{\"@type\":\"ImageObject\",\"inLanguage\":\"es\",\"@id\":\"https:\/\/gysfm.com.ar\/inicio\/#\/schema\/logo\/image\/\",\"url\":\"https:\/\/gysfm.com.ar\/inicio\/wp-content\/uploads\/2023\/07\/LOGOGYS-OK.png\",\"contentUrl\":\"https:\/\/gysfm.com.ar\/inicio\/wp-content\/uploads\/2023\/07\/LOGOGYS-OK.png\",\"width\":1170,\"height\":872,\"caption\":\"GYS NOTICIAS |\"},\"image\":{\"@id\":\"https:\/\/gysfm.com.ar\/inicio\/#\/schema\/logo\/image\/\"}},{\"@type\":\"Person\",\"@id\":\"https:\/\/gysfm.com.ar\/inicio\/#\/schema\/person\/3abba7593ef2ad19e1be221d54383dc5\",\"name\":\"Prensa G&amp;S FM\",\"image\":{\"@type\":\"ImageObject\",\"inLanguage\":\"es\",\"@id\":\"https:\/\/gysfm.com.ar\/inicio\/#\/schema\/person\/image\/\",\"url\":\"https:\/\/secure.gravatar.com\/avatar\/096ec78df02049ab018702bb4ccedf659377fa92a26540b5247612077a0dbd29?s=96&d=mm&r=g\",\"contentUrl\":\"https:\/\/secure.gravatar.com\/avatar\/096ec78df02049ab018702bb4ccedf659377fa92a26540b5247612077a0dbd29?s=96&d=mm&r=g\",\"caption\":\"Prensa G&amp;S FM\"},\"sameAs\":[\"https:\/\/gysfm.com.ar\/\"],\"url\":\"https:\/\/gysfm.com.ar\/inicio\/author\/lucasm\/\"}]}<\/script>\n<!-- \/ Yoast SEO plugin. -->","yoast_head_json":{"title":"Adorni dar\u00e1 su informe el mi\u00e9rcoles en el Congreso, tras el esc\u00e1ndalo - GYS NOTICIAS |","robots":{"index":"index","follow":"follow","max-snippet":"max-snippet:-1","max-image-preview":"max-image-preview:large","max-video-preview":"max-video-preview:-1"},"canonical":"https:\/\/gysfm.com.ar\/inicio\/adorni-dara-su-informe-el-miercoles-en-el-congreso-tras-el-escandalo\/","og_locale":"es_ES","og_type":"article","og_title":"Adorni dar\u00e1 su informe el mi\u00e9rcoles en el Congreso, tras el esc\u00e1ndalo - GYS NOTICIAS |","og_description":"El vocero presidencial Manuel Adorni se presentar\u00e1 en los pr\u00f3ximos d\u00edas en el Congreso de la Naci\u00f3n Argentina para brindar un informe en medio de un clima pol\u00edtico tenso, atravesado por un esc\u00e1ndalo que gener\u00f3 repercusiones tanto en el oficialismo como en la oposici\u00f3n. La exposici\u00f3n fue solicitada por legisladores que buscan obtener precisiones sobre [&hellip;]","og_url":"https:\/\/gysfm.com.ar\/inicio\/adorni-dara-su-informe-el-miercoles-en-el-congreso-tras-el-escandalo\/","og_site_name":"GYS NOTICIAS |","article_published_time":"2026-04-28T23:46:09+00:00","author":"Prensa G&amp;S FM","twitter_card":"summary_large_image","twitter_misc":{"Escrito por":"Prensa G&amp;S FM","Tiempo de lectura":"2 minutos"},"schema":{"@context":"https:\/\/schema.org","@graph":[{"@type":"Article","@id":"https:\/\/gysfm.com.ar\/inicio\/adorni-dara-su-informe-el-miercoles-en-el-congreso-tras-el-escandalo\/#article","isPartOf":{"@id":"https:\/\/gysfm.com.ar\/inicio\/adorni-dara-su-informe-el-miercoles-en-el-congreso-tras-el-escandalo\/"},"author":{"name":"Prensa G&amp;S FM","@id":"https:\/\/gysfm.com.ar\/inicio\/#\/schema\/person\/3abba7593ef2ad19e1be221d54383dc5"},"headline":"Adorni dar\u00e1 su informe el mi\u00e9rcoles en el Congreso, tras el esc\u00e1ndalo","datePublished":"2026-04-28T23:46:09+00:00","mainEntityOfPage":{"@id":"https:\/\/gysfm.com.ar\/inicio\/adorni-dara-su-informe-el-miercoles-en-el-congreso-tras-el-escandalo\/"},"wordCount":370,"publisher":{"@id":"https:\/\/gysfm.com.ar\/inicio\/#organization"},"image":{"@id":"https:\/\/gysfm.com.ar\/inicio\/adorni-dara-su-informe-el-miercoles-en-el-congreso-tras-el-escandalo\/#primaryimage"},"thumbnailUrl":"https:\/\/gysfm.com.ar\/inicio\/wp-content\/uploads\/2026\/04\/manuel-adorni-2228708.jpg","articleSection":["NACIONALES"],"inLanguage":"es"},{"@type":"WebPage","@id":"https:\/\/gysfm.com.ar\/inicio\/adorni-dara-su-informe-el-miercoles-en-el-congreso-tras-el-escandalo\/","url":"https:\/\/gysfm.com.ar\/inicio\/adorni-dara-su-informe-el-miercoles-en-el-congreso-tras-el-escandalo\/","name":"Adorni dar\u00e1 su informe el mi\u00e9rcoles en el Congreso, tras el esc\u00e1ndalo - GYS NOTICIAS |","isPartOf":{"@id":"https:\/\/gysfm.com.ar\/inicio\/#website"},"primaryImageOfPage":{"@id":"https:\/\/gysfm.com.ar\/inicio\/adorni-dara-su-informe-el-miercoles-en-el-congreso-tras-el-escandalo\/#primaryimage"},"image":{"@id":"https:\/\/gysfm.com.ar\/inicio\/adorni-dara-su-informe-el-miercoles-en-el-congreso-tras-el-escandalo\/#primaryimage"},"thumbnailUrl":"https:\/\/gysfm.com.ar\/inicio\/wp-content\/uploads\/2026\/04\/manuel-adorni-2228708.jpg","datePublished":"2026-04-28T23:46:09+00:00","breadcrumb":{"@id":"https:\/\/gysfm.com.ar\/inicio\/adorni-dara-su-informe-el-miercoles-en-el-congreso-tras-el-escandalo\/#breadcrumb"},"inLanguage":"es","potentialAction":[{"@type":"ReadAction","target":["https:\/\/gysfm.com.ar\/inicio\/adorni-dara-su-informe-el-miercoles-en-el-congreso-tras-el-escandalo\/"]}]},{"@type":"ImageObject","inLanguage":"es","@id":"https:\/\/gysfm.com.ar\/inicio\/adorni-dara-su-informe-el-miercoles-en-el-congreso-tras-el-escandalo\/#primaryimage","url":"https:\/\/gysfm.com.ar\/inicio\/wp-content\/uploads\/2026\/04\/manuel-adorni-2228708.jpg","contentUrl":"https:\/\/gysfm.com.ar\/inicio\/wp-content\/uploads\/2026\/04\/manuel-adorni-2228708.jpg","width":1140,"height":641},{"@type":"BreadcrumbList","@id":"https:\/\/gysfm.com.ar\/inicio\/adorni-dara-su-informe-el-miercoles-en-el-congreso-tras-el-escandalo\/#breadcrumb","itemListElement":[{"@type":"ListItem","position":1,"name":"Portada","item":"https:\/\/gysfm.com.ar\/inicio\/"},{"@type":"ListItem","position":2,"name":"Adorni dar\u00e1 su informe el mi\u00e9rcoles en el Congreso, tras el esc\u00e1ndalo"}]},{"@type":"WebSite","@id":"https:\/\/gysfm.com.ar\/inicio\/#website","url":"https:\/\/gysfm.com.ar\/inicio\/","name":"GYS NOTICIAS |","description":"DIARIO - RADIO ONLINE SAN JUAN ARGENTINA","publisher":{"@id":"https:\/\/gysfm.com.ar\/inicio\/#organization"},"potentialAction":[{"@type":"SearchAction","target":{"@type":"EntryPoint","urlTemplate":"https:\/\/gysfm.com.ar\/inicio\/?s={search_term_string}"},"query-input":{"@type":"PropertyValueSpecification","valueRequired":true,"valueName":"search_term_string"}}],"inLanguage":"es"},{"@type":"Organization","@id":"https:\/\/gysfm.com.ar\/inicio\/#organization","name":"GYS NOTICIAS |","url":"https:\/\/gysfm.com.ar\/inicio\/","logo":{"@type":"ImageObject","inLanguage":"es","@id":"https:\/\/gysfm.com.ar\/inicio\/#\/schema\/logo\/image\/","url":"https:\/\/gysfm.com.ar\/inicio\/wp-content\/uploads\/2023\/07\/LOGOGYS-OK.png","contentUrl":"https:\/\/gysfm.com.ar\/inicio\/wp-content\/uploads\/2023\/07\/LOGOGYS-OK.png","width":1170,"height":872,"caption":"GYS NOTICIAS |"},"image":{"@id":"https:\/\/gysfm.com.ar\/inicio\/#\/schema\/logo\/image\/"}},{"@type":"Person","@id":"https:\/\/gysfm.com.ar\/inicio\/#\/schema\/person\/3abba7593ef2ad19e1be221d54383dc5","name":"Prensa G&amp;S FM","image":{"@type":"ImageObject","inLanguage":"es","@id":"https:\/\/gysfm.com.ar\/inicio\/#\/schema\/person\/image\/","url":"https:\/\/secure.gravatar.com\/avatar\/096ec78df02049ab018702bb4ccedf659377fa92a26540b5247612077a0dbd29?s=96&d=mm&r=g","contentUrl":"https:\/\/secure.gravatar.com\/avatar\/096ec78df02049ab018702bb4ccedf659377fa92a26540b5247612077a0dbd29?s=96&d=mm&r=g","caption":"Prensa G&amp;S FM"},"sameAs":["https:\/\/gysfm.com.ar\/"],"url":"https:\/\/gysfm.com.ar\/inicio\/author\/lucasm\/"}]}},"_links":{"self":[{"href":"https:\/\/gysfm.com.ar\/inicio\/wp-json\/wp\/v2\/posts\/193560","targetHints":{"allow":["GET"]}}],"collection":[{"href":"https:\/\/gysfm.com.ar\/inicio\/wp-json\/wp\/v2\/posts"}],"about":[{"href":"https:\/\/gysfm.com.ar\/inicio\/wp-json\/wp\/v2\/types\/post"}],"author":[{"embeddable":true,"href":"https:\/\/gysfm.com.ar\/inicio\/wp-json\/wp\/v2\/users\/2"}],"replies":[{"embeddable":true,"href":"https:\/\/gysfm.com.ar\/inicio\/wp-json\/wp\/v2\/comments?post=193560"}],"version-history":[{"count":0,"href":"https:\/\/gysfm.com.ar\/inicio\/wp-json\/wp\/v2\/posts\/193560\/revisions"}],"wp:featuredmedia":[{"embeddable":true,"href":"https:\/\/gysfm.com.ar\/inicio\/wp-json\/wp\/v2\/media\/193561"}],"wp:attachment":[{"href":"https:\/\/gysfm.com.ar\/inicio\/wp-json\/wp\/v2\/media?parent=193560"}],"wp:term":[{"taxonomy":"category","embeddable":true,"href":"https:\/\/gysfm.com.ar\/inicio\/wp-json\/wp\/v2\/categories?post=193560"},{"taxonomy":"post_tag","embeddable":true,"href":"https:\/\/gysfm.com.ar\/inicio\/wp-json\/wp\/v2\/tags?post=193560"}],"curies":[{"name":"wp","href":"https:\/\/api.w.org\/{rel}","templated":true}]}}