{"id":193559,"date":"2026-04-28T20:30:30","date_gmt":"2026-04-28T23:30:30","guid":{"rendered":"https:\/\/gysfm.com.ar\/inicio\/consumidores-disparan-sus-expectativas-de-inflacion-antes-de-la-reunion-del-bce\/"},"modified":"2026-04-28T20:30:30","modified_gmt":"2026-04-28T23:30:30","slug":"consumidores-disparan-sus-expectativas-de-inflacion-antes-de-la-reunion-del-bce","status":"publish","type":"post","link":"https:\/\/gysfm.com.ar\/inicio\/consumidores-disparan-sus-expectativas-de-inflacion-antes-de-la-reunion-del-bce\/","title":{"rendered":"consumidores disparan sus expectativas de inflaci\u00f3n antes de la reuni\u00f3n del BCE"},"content":{"rendered":"<p> <br \/>\n<\/p>\n<div>\t\t<!-- { REGION4 --> <\/p>\n<header class=\"news-headline\">\n<h2 class=\"news-headline__article-summary\">\t\t<\/h2>\n<p id=\"p-1777376088095-68901\" class=\"ignore-parser\">Una encuesta del Banco Central Europeo mostr\u00f3 un fuerte salto en las proyecciones de inflaci\u00f3n para el pr\u00f3ximo a\u00f1o y un mayor pesimismo sobre la econom\u00eda. El dato refuerza la presi\u00f3n sobre la autoridad monetaria en medio del shock energ\u00e9tico por la guerra en Ucrania.<\/p>\n<\/header>\n<div class=\"detail-highlighted-multimedia content-protected-false\">\n<figure class=\"detail-highlighted-multimedia__figure\">  <img loading=\"lazy\" decoding=\"async\" src=\"https:\/\/media.ambito.com\/p\/69a9de553983e663368614c2b42a2f6e\/adjuntos\/239\/imagenes\/039\/922\/0039922446\/europa-euro-inflacionjpg.jpg\" class=\"detail-highlighted-multimedia__figure-img img-fluid\" alt=\"La inflaci\u00f3n sigue presionando los precios internos de Europa.\" width=\"540\" height=\"405\"\/><figcaption class=\"detail-highlighted-multimedia__figcaption\">  <span class=\"detail-highlighted-multimedia__copyright\">Gentileza: El Confidencial<\/span><\/figcaption><\/figure>\n<\/div>\n<article class=\"article-body article-body--first-paragraph content-protected-false\" data-td-script-src=\"https:\/\/www.ambito.com\/td\/modulos\/encuestas\/js\/function-embeds-min-version-1777349332.js\">\n<p id=\"p-1777376258486-87033\" data-start=\"425\" data-end=\"703\">Los <strong>consumidores de la eurozona <\/strong>elevaron con fuerza sus<strong> expectativas de inflaci\u00f3n durante marzo<\/strong>, seg\u00fan revel\u00f3 una <strong>encuesta clave del Banco Central Europeo,<\/strong> en un dato que suma presi\u00f3n sobre la entidad monetaria de cara a su pr\u00f3xima reuni\u00f3n de pol\u00edtica monetaria.<\/p>\n<\/article>\n<section class=\"suscription-false printed-edition\" style=\"display:none\">\n<p> El contenido al que quiere acceder es exclusivo para suscriptores.<\/p>\n<p>  <span> <button type=\"button\" name=\"button\" class=\"subscribe-btn mercadopago-btn\">suscribirse<\/button><\/span>  <span class=\"btns\"><button type=\"button\" name=\"button\" class=\"subscribe-btn reload-login\"> ya estoy suscripto<\/button><\/span>  <\/p>\n<\/section>\n<article class=\"article-body article-body--second-paragraph content-protected-false\">\n<p id=\"p-1777376258486-48729\" data-start=\"705\" data-end=\"980\">El relevamiento mostr\u00f3 que las <strong>proyecciones de inflaci\u00f3n para los pr\u00f3ximos doce meses treparon al 4,0%, <\/strong>frente al 2,5% registrado en febrero. Se trata de un salto significativo que refleja el impacto persistente del encarecimiento energ\u00e9tico derivado de la guerra en Ucrania.<\/p>\n<\/article>\n<section class=\"related-news\">\t\t<span class=\"related-news__title\">Informate m\u00e1s<\/span>\t\t<\/p>\n<div class=\"row row--eq-height\">\n<div class=\"col-12 col-md-6\">\n<article class=\"news-article news-article--landscape-news news-article--landscape-news\">\n<figure class=\"news-article__figure figure\">\n\t\t\t\t\t\t\t\t\t\t\t<img loading=\"lazy\" decoding=\"async\" src=\"https:\/\/media.ambito.com\/p\/433d0d132b491c0a4b5e5dd2d4deb279\/adjuntos\/239\/imagenes\/043\/333\/0043333405\/93x52\/smart\/expoefi-dalpo-agis.jpeg\" alt=\"Los economistas empiezan a ver el escenario electoral de 2027 y si se preguntan si influir\u00e1 en la estabilidad.\" title=\"Los economistas empiezan a ver el escenario electoral de 2027 y si se preguntan si influir\u00e1 en la estabilidad.\" width=\"93\" height=\"52\" class=\"news-article__figure-img figure-img img-fluid\"\/>\t\t<\/figure>\n<\/article><\/div>\n<div class=\"col-12 col-md-6\">\n<article class=\"news-article news-article--landscape-news news-article--landscape-news\">\n<figure class=\"news-article__figure figure\">\n\t\t\t\t\t\t\t\t\t\t\t<img loading=\"lazy\" decoding=\"async\" src=\"https:\/\/media.ambito.com\/p\/9db21c831d26ca7722a2104a479a7ed6\/adjuntos\/239\/imagenes\/043\/323\/0043323634\/93x52\/smart\/cuenta-dni-abril.jpeg\" alt=\"Todos los beneficios de la\u202fapp\u202fse pueden encontrar\u202fen las redes sociales verificadas del Banco Provincia.\u202f\u00a0\" title=\"Todos los beneficios de la\u202fapp\u202fse pueden encontrar\u202fen las redes sociales verificadas del Banco Provincia.\u202f\u00a0\" width=\"93\" height=\"52\" class=\"news-article__figure-img figure-img img-fluid\"\/>\t\t<\/figure>\n<\/article><\/div>\n<\/div>\n<\/section>\n<article class=\"article-body article-body--third-paragraph content-protected-false\">\n<p id=\"p-1777376258486-16262\" data-start=\"982\" data-end=\"1244\">Tambi\u00e9n aumentaron las expectativas a mediano plazo. Para dentro de tres a\u00f1os,<strong> los consumidores estimaron una inflaci\u00f3n del 3,0%, por encima del 2,5% <\/strong>previsto el mes anterior. Ambos registros se ubican claramente por encima de la meta del 2% fijada por el BCE.<\/p>\n<\/article>\n<article class=\"article-body article-body--fourth-paragraph content-protected-false\">\n<p id=\"p-1777376258486-50874\" data-start=\"1246\" data-end=\"1467\">El dato m\u00e1s moderado provino del horizonte de largo plazo. Las expectativas para los pr\u00f3ximos cinco a\u00f1os avanzaron apenas del 2,3% al 2,4%, lo que podr\u00eda aportar cierto alivio entre los responsables de pol\u00edtica monetaria.<\/p>\n<\/article>\n<article class=\"article-body article-body--fifth-paragraph content-protected-false\">\n<h2 id=\"p-1777376258486-39514\">El BCE sigue de cerca los efectos de segunda ronda<\/h2>\n<p id=\"p-1777376258486-93852\" data-start=\"1525\" data-end=\"1860\">La <strong>aceleraci\u00f3n inflacionaria en la eurozona <\/strong>se profundiz\u00f3 tras el salto en los precios de la energ\u00eda generado por el conflicto b\u00e9lico en Ucrania. En ese marco, el BCE monitorea con especial atenci\u00f3n si ese shock inicial comienza a trasladarse a salarios, consumo y decisiones de precios, lo que se conoce como efectos de segunda ronda.<\/p>\n<\/article>\n<article class=\"article-body article-body--remaining-paragraph content-protected-false\">\n<p id=\"p-1777376258486-67677\" data-start=\"1862\" data-end=\"2011\">Ese escenario preocupa al organismo porque podr\u00eda volver m\u00e1s persistente la inflaci\u00f3n y exigir una pol\u00edtica monetaria m\u00e1s restrictiva por m\u00e1s tiempo.<\/p>\n<p id=\"p-1777376258486-28674\" data-start=\"2013\" data-end=\"2300\">En la <strong>reuni\u00f3n prevista para este jueves, <\/strong>el mercado espera que el BCE mantenga las tasas sin cambios. Sin embargo, analistas descuentan que la instituci\u00f3n reforzar\u00e1 un mensaje duro y dejar\u00e1 abierta la posibilidad de futuras subas si detecta se\u00f1ales de contagio inflacionario m\u00e1s amplias.<\/p>\n<div contenteditable=\"false\" class=\"embed_cont type_imagen\" id=\"7348685-Libre-545049870_wrap\">\n<p>BCE.jpg <span onclick=\"parent.parent.TinyMCETdcuerpo.preview_embed('7348685-Libre-545049870')\" class=\"embed_colapse less\" id=\"7348685-Libre-545049870_colapse\"\/>  <span onclick=\"parent.parent.TinyMCETdcuerpo.delete_embed('7348685-Libre-545049870')\" class=\"embed_delete less\" id=\"7348685-Libre-545049870_delete\"\/><\/p>\n<div id=\"7348685-Libre-545049870_content\" class=\"embed_content\"><img decoding=\"async\" src=\"https:\/\/media.ambito.com\/p\/0bb774e55ba11d79899f3dcecc121930\/adjuntos\/239\/imagenes\/036\/700\/0036700424\/bcejpg.jpg?0000-00-00-00-00-00\" alt=\"El mercado espera que el BCE mantenga las tasas sin cambios.\" title=\"El mercado espera que el BCE mantenga las tasas sin cambios.\" width=\"730\" height=\"410\" id=\"7348685-Libre-545049870_embed\" crossorigin=\"anonymous\" fetchpriority=\"high\" decode=\"async\"\/><\/div>\n<div class=\"embed_wrapper-cont\" id=\"p-1777376330494-65371\">\n<div id=\"7348685-Libre-545049870_epigrafe\" class=\"embed_epigrafe\">\n<p id=\"p-1777376353422-11865\">El mercado espera que el BCE mantenga las tasas sin cambios.<\/p>\n<\/div><\/div><\/div>\n<h2 id=\"p-1777376258486-77344\">M\u00e1s pesimismo sobre la econom\u00eda<\/h2>\n<p id=\"p-1777376258486-66448\" data-start=\"2339\" data-end=\"2452\">La encuesta tambi\u00e9n reflej\u00f3 un deterioro en las perspectivas de crecimiento econ\u00f3mico entre los hogares europeos. Los <strong>consumidores ahora prev\u00e9n una contracci\u00f3n del 2,1% para la econom\u00eda <\/strong>en los pr\u00f3ximos doce meses, frente a la ca\u00edda del 0,9% que estimaban en febrero. El cambio evidencia una mayor preocupaci\u00f3n por el impacto del encarecimiento energ\u00e9tico, la p\u00e9rdida de poder adquisitivo y el contexto geopol\u00edtico.<\/p>\n<p id=\"p-1777376258486-76164\" data-start=\"2756\" data-end=\"3034\">En cuanto a los ingresos, <strong>las expectativas permanecieron estables respecto del mes anterior. <\/strong>Sin embargo, las previsiones de crecimiento del gasto avanzaron del 4,6% al 5,1%, lo que sugiere que los hogares esperan seguir enfrentando mayores costos de vida en los pr\u00f3ximos meses.<\/p>\n<h2 id=\"p-1777376258486-9874\">Se\u00f1al clave para los mercados<\/h2>\n<p id=\"p-1777376258486-44546\" data-start=\"3071\" data-end=\"3433\">La encuesta del <strong>BCE es seguida de cerca por inversores y analistas<\/strong> porque permite anticipar si las expectativas inflacionarias comienzan a desanclarse. Para el banco central, evitar ese fen\u00f3meno es central: cuando hogares y empresas creen que los precios seguir\u00e1n subiendo r\u00e1pidamente, suelen <strong>ajustar salarios, contratos y precios, retroalimentando la inflaci\u00f3n.<\/strong><\/p>\n<p id=\"p-1777376258486-70080\" data-start=\"3435\" data-end=\"3627\" data-is-last-node=\"\" data-is-only-node=\"\">Con ese tel\u00f3n de fondo, la autoridad monetaria europea enfrenta un delicado equilibrio entre contener la inflaci\u00f3n y no profundizar el freno econ\u00f3mico que ya empieza a percibirse en la regi\u00f3n.<\/p>\n<\/article>\n<p>\t\t\t\t<!-- REGION4 } -->\n\t\t\t\t\t\t<\/div>\n<p><script>\n!function(f,b,e,v,n,t,s)\n{if(f.fbq)return;n=f.fbq=function(){n.callMethod?\nn.callMethod.apply(n,arguments):n.queue.push(arguments)};\nif(!f._fbq)f._fbq=n;n.push=n;n.loaded=!0;n.version='2.0';\nn.queue=[];t=b.createElement(e);t.async=!0;\nt.src=v;s=b.getElementsByTagName(e)[0];\ns.parentNode.insertBefore(t,s)}(window,document,'script',\n'https:\/\/connect.facebook.net\/en_US\/fbevents.js');\nfbq('init', '2047048335588113');\nfbq('track', 'PageView');\n<\/script><br \/>\n<br \/><\/p>\n","protected":false},"excerpt":{"rendered":"<p>Una encuesta del Banco Central Europeo mostr\u00f3 un fuerte salto en las proyecciones de inflaci\u00f3n para el pr\u00f3ximo a\u00f1o y un mayor pesimismo sobre la econom\u00eda. El dato refuerza la presi\u00f3n sobre la autoridad monetaria en medio del shock energ\u00e9tico por la guerra en Ucrania. Gentileza: El Confidencial Los consumidores de la eurozona elevaron con [&hellip;]<\/p>\n","protected":false},"author":1,"featured_media":106829,"comment_status":"closed","ping_status":"closed","sticky":false,"template":"","format":"standard","meta":{"footnotes":""},"categories":[28],"tags":[],"class_list":["post-193559","post","type-post","status-publish","format-standard","has-post-thumbnail","hentry","category-economia"],"yoast_head":"<!-- This site is optimized with the Yoast SEO plugin v24.4 - https:\/\/yoast.com\/wordpress\/plugins\/seo\/ -->\n<title>consumidores disparan sus expectativas de inflaci\u00f3n antes de la reuni\u00f3n del BCE - GYS NOTICIAS |<\/title>\n<meta name=\"robots\" content=\"index, follow, max-snippet:-1, max-image-preview:large, max-video-preview:-1\" \/>\n<link rel=\"canonical\" href=\"https:\/\/gysfm.com.ar\/inicio\/consumidores-disparan-sus-expectativas-de-inflacion-antes-de-la-reunion-del-bce\/\" \/>\n<meta property=\"og:locale\" content=\"es_ES\" \/>\n<meta property=\"og:type\" content=\"article\" \/>\n<meta property=\"og:title\" content=\"consumidores disparan sus expectativas de inflaci\u00f3n antes de la reuni\u00f3n del BCE - GYS NOTICIAS |\" \/>\n<meta property=\"og:description\" content=\"Una encuesta del Banco Central Europeo mostr\u00f3 un fuerte salto en las proyecciones de inflaci\u00f3n para el pr\u00f3ximo a\u00f1o y un mayor pesimismo sobre la econom\u00eda. El dato refuerza la presi\u00f3n sobre la autoridad monetaria en medio del shock energ\u00e9tico por la guerra en Ucrania. Gentileza: El Confidencial Los consumidores de la eurozona elevaron con [&hellip;]\" \/>\n<meta property=\"og:url\" content=\"https:\/\/gysfm.com.ar\/inicio\/consumidores-disparan-sus-expectativas-de-inflacion-antes-de-la-reunion-del-bce\/\" \/>\n<meta property=\"og:site_name\" content=\"GYS NOTICIAS |\" \/>\n<meta property=\"article:published_time\" content=\"2026-04-28T23:30:30+00:00\" \/>\n<meta property=\"og:image\" content=\"https:\/\/media.ambito.com\/p\/69a9de553983e663368614c2b42a2f6e\/adjuntos\/239\/imagenes\/039\/922\/0039922446\/europa-euro-inflacionjpg.jpg\" \/>\n<meta name=\"author\" content=\"admin\" \/>\n<meta name=\"twitter:card\" content=\"summary_large_image\" \/>\n<meta name=\"twitter:label1\" content=\"Escrito por\" \/>\n\t<meta name=\"twitter:data1\" content=\"admin\" \/>\n\t<meta name=\"twitter:label2\" content=\"Tiempo de lectura\" \/>\n\t<meta name=\"twitter:data2\" content=\"3 minutos\" \/>\n<script type=\"application\/ld+json\" class=\"yoast-schema-graph\">{\"@context\":\"https:\/\/schema.org\",\"@graph\":[{\"@type\":\"Article\",\"@id\":\"https:\/\/gysfm.com.ar\/inicio\/consumidores-disparan-sus-expectativas-de-inflacion-antes-de-la-reunion-del-bce\/#article\",\"isPartOf\":{\"@id\":\"https:\/\/gysfm.com.ar\/inicio\/consumidores-disparan-sus-expectativas-de-inflacion-antes-de-la-reunion-del-bce\/\"},\"author\":{\"name\":\"admin\",\"@id\":\"https:\/\/gysfm.com.ar\/inicio\/#\/schema\/person\/5bedd7ecd35cc35548d89effafa23696\"},\"headline\":\"consumidores disparan sus expectativas de inflaci\u00f3n antes de la reuni\u00f3n del BCE\",\"datePublished\":\"2026-04-28T23:30:30+00:00\",\"mainEntityOfPage\":{\"@id\":\"https:\/\/gysfm.com.ar\/inicio\/consumidores-disparan-sus-expectativas-de-inflacion-antes-de-la-reunion-del-bce\/\"},\"wordCount\":636,\"publisher\":{\"@id\":\"https:\/\/gysfm.com.ar\/inicio\/#organization\"},\"image\":{\"@id\":\"https:\/\/gysfm.com.ar\/inicio\/consumidores-disparan-sus-expectativas-de-inflacion-antes-de-la-reunion-del-bce\/#primaryimage\"},\"thumbnailUrl\":\"https:\/\/gysfm.com.ar\/inicio\/wp-content\/uploads\/2025\/04\/europa-euro-inflacionjpg.jpg\",\"articleSection\":[\"ECONOMIA\"],\"inLanguage\":\"es\"},{\"@type\":\"WebPage\",\"@id\":\"https:\/\/gysfm.com.ar\/inicio\/consumidores-disparan-sus-expectativas-de-inflacion-antes-de-la-reunion-del-bce\/\",\"url\":\"https:\/\/gysfm.com.ar\/inicio\/consumidores-disparan-sus-expectativas-de-inflacion-antes-de-la-reunion-del-bce\/\",\"name\":\"consumidores disparan sus expectativas de inflaci\u00f3n antes de la reuni\u00f3n del BCE - GYS NOTICIAS |\",\"isPartOf\":{\"@id\":\"https:\/\/gysfm.com.ar\/inicio\/#website\"},\"primaryImageOfPage\":{\"@id\":\"https:\/\/gysfm.com.ar\/inicio\/consumidores-disparan-sus-expectativas-de-inflacion-antes-de-la-reunion-del-bce\/#primaryimage\"},\"image\":{\"@id\":\"https:\/\/gysfm.com.ar\/inicio\/consumidores-disparan-sus-expectativas-de-inflacion-antes-de-la-reunion-del-bce\/#primaryimage\"},\"thumbnailUrl\":\"https:\/\/gysfm.com.ar\/inicio\/wp-content\/uploads\/2025\/04\/europa-euro-inflacionjpg.jpg\",\"datePublished\":\"2026-04-28T23:30:30+00:00\",\"breadcrumb\":{\"@id\":\"https:\/\/gysfm.com.ar\/inicio\/consumidores-disparan-sus-expectativas-de-inflacion-antes-de-la-reunion-del-bce\/#breadcrumb\"},\"inLanguage\":\"es\",\"potentialAction\":[{\"@type\":\"ReadAction\",\"target\":[\"https:\/\/gysfm.com.ar\/inicio\/consumidores-disparan-sus-expectativas-de-inflacion-antes-de-la-reunion-del-bce\/\"]}]},{\"@type\":\"ImageObject\",\"inLanguage\":\"es\",\"@id\":\"https:\/\/gysfm.com.ar\/inicio\/consumidores-disparan-sus-expectativas-de-inflacion-antes-de-la-reunion-del-bce\/#primaryimage\",\"url\":\"https:\/\/gysfm.com.ar\/inicio\/wp-content\/uploads\/2025\/04\/europa-euro-inflacionjpg.jpg\",\"contentUrl\":\"https:\/\/gysfm.com.ar\/inicio\/wp-content\/uploads\/2025\/04\/europa-euro-inflacionjpg.jpg\",\"width\":1200,\"height\":675},{\"@type\":\"BreadcrumbList\",\"@id\":\"https:\/\/gysfm.com.ar\/inicio\/consumidores-disparan-sus-expectativas-de-inflacion-antes-de-la-reunion-del-bce\/#breadcrumb\",\"itemListElement\":[{\"@type\":\"ListItem\",\"position\":1,\"name\":\"Portada\",\"item\":\"https:\/\/gysfm.com.ar\/inicio\/\"},{\"@type\":\"ListItem\",\"position\":2,\"name\":\"consumidores disparan sus expectativas de inflaci\u00f3n antes de la reuni\u00f3n del BCE\"}]},{\"@type\":\"WebSite\",\"@id\":\"https:\/\/gysfm.com.ar\/inicio\/#website\",\"url\":\"https:\/\/gysfm.com.ar\/inicio\/\",\"name\":\"GYS NOTICIAS |\",\"description\":\"DIARIO - RADIO ONLINE SAN JUAN ARGENTINA\",\"publisher\":{\"@id\":\"https:\/\/gysfm.com.ar\/inicio\/#organization\"},\"potentialAction\":[{\"@type\":\"SearchAction\",\"target\":{\"@type\":\"EntryPoint\",\"urlTemplate\":\"https:\/\/gysfm.com.ar\/inicio\/?s={search_term_string}\"},\"query-input\":{\"@type\":\"PropertyValueSpecification\",\"valueRequired\":true,\"valueName\":\"search_term_string\"}}],\"inLanguage\":\"es\"},{\"@type\":\"Organization\",\"@id\":\"https:\/\/gysfm.com.ar\/inicio\/#organization\",\"name\":\"GYS NOTICIAS |\",\"url\":\"https:\/\/gysfm.com.ar\/inicio\/\",\"logo\":{\"@type\":\"ImageObject\",\"inLanguage\":\"es\",\"@id\":\"https:\/\/gysfm.com.ar\/inicio\/#\/schema\/logo\/image\/\",\"url\":\"https:\/\/gysfm.com.ar\/inicio\/wp-content\/uploads\/2023\/07\/LOGOGYS-OK.png\",\"contentUrl\":\"https:\/\/gysfm.com.ar\/inicio\/wp-content\/uploads\/2023\/07\/LOGOGYS-OK.png\",\"width\":1170,\"height\":872,\"caption\":\"GYS NOTICIAS |\"},\"image\":{\"@id\":\"https:\/\/gysfm.com.ar\/inicio\/#\/schema\/logo\/image\/\"}},{\"@type\":\"Person\",\"@id\":\"https:\/\/gysfm.com.ar\/inicio\/#\/schema\/person\/5bedd7ecd35cc35548d89effafa23696\",\"name\":\"admin\",\"image\":{\"@type\":\"ImageObject\",\"inLanguage\":\"es\",\"@id\":\"https:\/\/gysfm.com.ar\/inicio\/#\/schema\/person\/image\/\",\"url\":\"https:\/\/secure.gravatar.com\/avatar\/c331d312b5243fb64d5ba28108a447b27c925295129a363082c9ea52c28d32c2?s=96&d=mm&r=g\",\"contentUrl\":\"https:\/\/secure.gravatar.com\/avatar\/c331d312b5243fb64d5ba28108a447b27c925295129a363082c9ea52c28d32c2?s=96&d=mm&r=g\",\"caption\":\"admin\"},\"sameAs\":[\"https:\/\/gysfm.com.ar\/inicio\"],\"url\":\"https:\/\/gysfm.com.ar\/inicio\/author\/admin\/\"}]}<\/script>\n<!-- \/ Yoast SEO plugin. -->","yoast_head_json":{"title":"consumidores disparan sus expectativas de inflaci\u00f3n antes de la reuni\u00f3n del BCE - GYS NOTICIAS |","robots":{"index":"index","follow":"follow","max-snippet":"max-snippet:-1","max-image-preview":"max-image-preview:large","max-video-preview":"max-video-preview:-1"},"canonical":"https:\/\/gysfm.com.ar\/inicio\/consumidores-disparan-sus-expectativas-de-inflacion-antes-de-la-reunion-del-bce\/","og_locale":"es_ES","og_type":"article","og_title":"consumidores disparan sus expectativas de inflaci\u00f3n antes de la reuni\u00f3n del BCE - GYS NOTICIAS |","og_description":"Una encuesta del Banco Central Europeo mostr\u00f3 un fuerte salto en las proyecciones de inflaci\u00f3n para el pr\u00f3ximo a\u00f1o y un mayor pesimismo sobre la econom\u00eda. El dato refuerza la presi\u00f3n sobre la autoridad monetaria en medio del shock energ\u00e9tico por la guerra en Ucrania. Gentileza: El Confidencial Los consumidores de la eurozona elevaron con [&hellip;]","og_url":"https:\/\/gysfm.com.ar\/inicio\/consumidores-disparan-sus-expectativas-de-inflacion-antes-de-la-reunion-del-bce\/","og_site_name":"GYS NOTICIAS |","article_published_time":"2026-04-28T23:30:30+00:00","og_image":[{"url":"https:\/\/media.ambito.com\/p\/69a9de553983e663368614c2b42a2f6e\/adjuntos\/239\/imagenes\/039\/922\/0039922446\/europa-euro-inflacionjpg.jpg","type":"","width":"","height":""}],"author":"admin","twitter_card":"summary_large_image","twitter_misc":{"Escrito por":"admin","Tiempo de lectura":"3 minutos"},"schema":{"@context":"https:\/\/schema.org","@graph":[{"@type":"Article","@id":"https:\/\/gysfm.com.ar\/inicio\/consumidores-disparan-sus-expectativas-de-inflacion-antes-de-la-reunion-del-bce\/#article","isPartOf":{"@id":"https:\/\/gysfm.com.ar\/inicio\/consumidores-disparan-sus-expectativas-de-inflacion-antes-de-la-reunion-del-bce\/"},"author":{"name":"admin","@id":"https:\/\/gysfm.com.ar\/inicio\/#\/schema\/person\/5bedd7ecd35cc35548d89effafa23696"},"headline":"consumidores disparan sus expectativas de inflaci\u00f3n antes de la reuni\u00f3n del BCE","datePublished":"2026-04-28T23:30:30+00:00","mainEntityOfPage":{"@id":"https:\/\/gysfm.com.ar\/inicio\/consumidores-disparan-sus-expectativas-de-inflacion-antes-de-la-reunion-del-bce\/"},"wordCount":636,"publisher":{"@id":"https:\/\/gysfm.com.ar\/inicio\/#organization"},"image":{"@id":"https:\/\/gysfm.com.ar\/inicio\/consumidores-disparan-sus-expectativas-de-inflacion-antes-de-la-reunion-del-bce\/#primaryimage"},"thumbnailUrl":"https:\/\/gysfm.com.ar\/inicio\/wp-content\/uploads\/2025\/04\/europa-euro-inflacionjpg.jpg","articleSection":["ECONOMIA"],"inLanguage":"es"},{"@type":"WebPage","@id":"https:\/\/gysfm.com.ar\/inicio\/consumidores-disparan-sus-expectativas-de-inflacion-antes-de-la-reunion-del-bce\/","url":"https:\/\/gysfm.com.ar\/inicio\/consumidores-disparan-sus-expectativas-de-inflacion-antes-de-la-reunion-del-bce\/","name":"consumidores disparan sus expectativas de inflaci\u00f3n antes de la reuni\u00f3n del BCE - GYS NOTICIAS |","isPartOf":{"@id":"https:\/\/gysfm.com.ar\/inicio\/#website"},"primaryImageOfPage":{"@id":"https:\/\/gysfm.com.ar\/inicio\/consumidores-disparan-sus-expectativas-de-inflacion-antes-de-la-reunion-del-bce\/#primaryimage"},"image":{"@id":"https:\/\/gysfm.com.ar\/inicio\/consumidores-disparan-sus-expectativas-de-inflacion-antes-de-la-reunion-del-bce\/#primaryimage"},"thumbnailUrl":"https:\/\/gysfm.com.ar\/inicio\/wp-content\/uploads\/2025\/04\/europa-euro-inflacionjpg.jpg","datePublished":"2026-04-28T23:30:30+00:00","breadcrumb":{"@id":"https:\/\/gysfm.com.ar\/inicio\/consumidores-disparan-sus-expectativas-de-inflacion-antes-de-la-reunion-del-bce\/#breadcrumb"},"inLanguage":"es","potentialAction":[{"@type":"ReadAction","target":["https:\/\/gysfm.com.ar\/inicio\/consumidores-disparan-sus-expectativas-de-inflacion-antes-de-la-reunion-del-bce\/"]}]},{"@type":"ImageObject","inLanguage":"es","@id":"https:\/\/gysfm.com.ar\/inicio\/consumidores-disparan-sus-expectativas-de-inflacion-antes-de-la-reunion-del-bce\/#primaryimage","url":"https:\/\/gysfm.com.ar\/inicio\/wp-content\/uploads\/2025\/04\/europa-euro-inflacionjpg.jpg","contentUrl":"https:\/\/gysfm.com.ar\/inicio\/wp-content\/uploads\/2025\/04\/europa-euro-inflacionjpg.jpg","width":1200,"height":675},{"@type":"BreadcrumbList","@id":"https:\/\/gysfm.com.ar\/inicio\/consumidores-disparan-sus-expectativas-de-inflacion-antes-de-la-reunion-del-bce\/#breadcrumb","itemListElement":[{"@type":"ListItem","position":1,"name":"Portada","item":"https:\/\/gysfm.com.ar\/inicio\/"},{"@type":"ListItem","position":2,"name":"consumidores disparan sus expectativas de inflaci\u00f3n antes de la reuni\u00f3n del BCE"}]},{"@type":"WebSite","@id":"https:\/\/gysfm.com.ar\/inicio\/#website","url":"https:\/\/gysfm.com.ar\/inicio\/","name":"GYS NOTICIAS |","description":"DIARIO - RADIO ONLINE SAN JUAN ARGENTINA","publisher":{"@id":"https:\/\/gysfm.com.ar\/inicio\/#organization"},"potentialAction":[{"@type":"SearchAction","target":{"@type":"EntryPoint","urlTemplate":"https:\/\/gysfm.com.ar\/inicio\/?s={search_term_string}"},"query-input":{"@type":"PropertyValueSpecification","valueRequired":true,"valueName":"search_term_string"}}],"inLanguage":"es"},{"@type":"Organization","@id":"https:\/\/gysfm.com.ar\/inicio\/#organization","name":"GYS NOTICIAS |","url":"https:\/\/gysfm.com.ar\/inicio\/","logo":{"@type":"ImageObject","inLanguage":"es","@id":"https:\/\/gysfm.com.ar\/inicio\/#\/schema\/logo\/image\/","url":"https:\/\/gysfm.com.ar\/inicio\/wp-content\/uploads\/2023\/07\/LOGOGYS-OK.png","contentUrl":"https:\/\/gysfm.com.ar\/inicio\/wp-content\/uploads\/2023\/07\/LOGOGYS-OK.png","width":1170,"height":872,"caption":"GYS NOTICIAS |"},"image":{"@id":"https:\/\/gysfm.com.ar\/inicio\/#\/schema\/logo\/image\/"}},{"@type":"Person","@id":"https:\/\/gysfm.com.ar\/inicio\/#\/schema\/person\/5bedd7ecd35cc35548d89effafa23696","name":"admin","image":{"@type":"ImageObject","inLanguage":"es","@id":"https:\/\/gysfm.com.ar\/inicio\/#\/schema\/person\/image\/","url":"https:\/\/secure.gravatar.com\/avatar\/c331d312b5243fb64d5ba28108a447b27c925295129a363082c9ea52c28d32c2?s=96&d=mm&r=g","contentUrl":"https:\/\/secure.gravatar.com\/avatar\/c331d312b5243fb64d5ba28108a447b27c925295129a363082c9ea52c28d32c2?s=96&d=mm&r=g","caption":"admin"},"sameAs":["https:\/\/gysfm.com.ar\/inicio"],"url":"https:\/\/gysfm.com.ar\/inicio\/author\/admin\/"}]}},"_links":{"self":[{"href":"https:\/\/gysfm.com.ar\/inicio\/wp-json\/wp\/v2\/posts\/193559","targetHints":{"allow":["GET"]}}],"collection":[{"href":"https:\/\/gysfm.com.ar\/inicio\/wp-json\/wp\/v2\/posts"}],"about":[{"href":"https:\/\/gysfm.com.ar\/inicio\/wp-json\/wp\/v2\/types\/post"}],"author":[{"embeddable":true,"href":"https:\/\/gysfm.com.ar\/inicio\/wp-json\/wp\/v2\/users\/1"}],"replies":[{"embeddable":true,"href":"https:\/\/gysfm.com.ar\/inicio\/wp-json\/wp\/v2\/comments?post=193559"}],"version-history":[{"count":0,"href":"https:\/\/gysfm.com.ar\/inicio\/wp-json\/wp\/v2\/posts\/193559\/revisions"}],"wp:featuredmedia":[{"embeddable":true,"href":"https:\/\/gysfm.com.ar\/inicio\/wp-json\/wp\/v2\/media\/106829"}],"wp:attachment":[{"href":"https:\/\/gysfm.com.ar\/inicio\/wp-json\/wp\/v2\/media?parent=193559"}],"wp:term":[{"taxonomy":"category","embeddable":true,"href":"https:\/\/gysfm.com.ar\/inicio\/wp-json\/wp\/v2\/categories?post=193559"},{"taxonomy":"post_tag","embeddable":true,"href":"https:\/\/gysfm.com.ar\/inicio\/wp-json\/wp\/v2\/tags?post=193559"}],"curies":[{"name":"wp","href":"https:\/\/api.w.org\/{rel}","templated":true}]}}