{"id":193552,"date":"2026-04-28T20:02:07","date_gmt":"2026-04-28T23:02:07","guid":{"rendered":"https:\/\/gysfm.com.ar\/inicio\/detuvieron-a-el-jardinero-el-posible-nuevo-jefe-del-cartel-de-jalisco-por-el-que-ofrecian-us5-000-000\/"},"modified":"2026-04-28T20:02:09","modified_gmt":"2026-04-28T23:02:09","slug":"detuvieron-a-el-jardinero-el-posible-nuevo-jefe-del-cartel-de-jalisco-por-el-que-ofrecian-us5-000-000","status":"publish","type":"post","link":"https:\/\/gysfm.com.ar\/inicio\/detuvieron-a-el-jardinero-el-posible-nuevo-jefe-del-cartel-de-jalisco-por-el-que-ofrecian-us5-000-000\/","title":{"rendered":"Detuvieron a \u201cEl Jardinero\u201d, el posible nuevo jefe del Cartel de Jalisco por el que ofrec\u00edan US$5.000.000"},"content":{"rendered":"<p> <br \/>\n<\/p>\n<div>\n<p class=\"com-paragraph  --capital --s\">NAYARIT .\u2013 El gobierno de <strong>M\u00e9xico <\/strong>detuvo a <strong>Audias Flores Silva<\/strong>, alias<strong> \u201cEl Jardinero\u201d<\/strong>, uno de los principales jefes del <strong>Cartel Jalisco Nueva Generaci\u00f3n <\/strong>(CJNG), el cual era buscado por <strong>Estados Unidos<\/strong> con una recompensa de 5 millones de d\u00f3lares.<\/p>\n<p class=\"com-paragraph   --s\">El operativo, realizado en el estado de Nayarit, incluy\u00f3 adem\u00e1s la captura de su principal operador financiero y se concret\u00f3 sin enfrentamientos armados ni v\u00edctimas, seg\u00fan inform\u00f3 el Gabinete de Seguridad.<\/p>\n<p class=\"com-paragraph   --s\">Tras su detenci\u00f3n, Flores Silva fue trasladado bajo un fuerte operativo de seguridad a la Ciudad de M\u00e9xico. A su llegada al Aeropuerto Internacional, fue escoltado por personal de la Marina y derivado en helic\u00f3ptero a la sede de la<strong> Fiscal\u00eda Especializada en Delincuencia Organizada (FEMDO)<\/strong>, donde qued\u00f3 a disposici\u00f3n de la justicia.<\/p>\n<p class=\"com-paragraph   --s\">La detenci\u00f3n se produjo en las inmediaciones de la comunidad del <strong>Mirador <\/strong>durante un despliegue coordinado de la Secretar\u00eda de Marina (Semar), la Secretar\u00eda de Seguridad y la Fiscal\u00eda General de la Rep\u00fablica, que contaban con <strong>informaci\u00f3n de agencias estadounidenses<\/strong>. <\/p>\n<p class=\"com-paragraph   --s\">Del operativo participaron m\u00e1s de <strong>500 efectivos, seis helic\u00f3pteros, cuatro aeronaves <\/strong>y sistemas de inteligencia. <\/p>\n<p class=\"com-paragraph   --s\">Seg\u00fan fuentes oficiales, la captura fue el resultado de <strong>19 meses de tareas de inteligencia<\/strong>, y permiti\u00f3 desarticular un esquema de seguridad integrado por unos 60 hombres armados que custodiaban al l\u00edder narco.<\/p>\n<div class=\"content-media cursor-pointer container-center-100\">\n<section class=\"media-container relative ratio-16-9 mod-media pb-32\">\n<figure class=\"mod-video\">\n<div class=\"video-player bg-black ratio-16-9\" data-has-jwplayer=\"true\" data-video-id-jw=\"fRLTLlSU\" data-config=\"{&quot;title&quot;:&quot;La Secretar\u00eda de Marina de M\u00e9xico difundi\u00f3 un video que muestra el momento de la detenci\u00f3n&quot;,&quot;mediaId&quot;:&quot;fRLTLlSU&quot;,&quot;playerId&quot;:&quot;ih0086X3&quot;,&quot;playlist&quot;:[{&quot;mediaid&quot;:&quot;fRLTLlSU&quot;,&quot;sources&quot;:[{&quot;file&quot;:&quot;https:\/\/cdn.jwplayer.com\/manifests\/fRLTLlSU.m3u8&quot;,&quot;type&quot;:&quot;application\/vnd.apple.mpegurl&quot;},{&quot;bitrate&quot;:297936,&quot;file&quot;:&quot;https:\/\/cdn.jwplayer.com\/videos\/fRLTLlSU-kTExGaWf.mp4&quot;,&quot;filesize&quot;:2569704,&quot;framerate&quot;:30,&quot;height&quot;:180,&quot;label&quot;:&quot;180p&quot;,&quot;type&quot;:&quot;video\/mp4&quot;,&quot;width&quot;:320},{&quot;bitrate&quot;:114975,&quot;file&quot;:&quot;https:\/\/cdn.jwplayer.com\/videos\/fRLTLlSU-hz5z2Tv4.m4a&quot;,&quot;filesize&quot;:991660,&quot;label&quot;:&quot;AAC Audio&quot;,&quot;type&quot;:&quot;audio\/mp4&quot;}]}],&quot;hasAutoplay&quot;:false,&quot;autostart&quot;:true,&quot;tagsUrl&quot;:&quot;https:\/\/pubads.g.doubleclick.net\/gampad\/ads?slotname=\/133919216\/la_nacion_video\/nota\/preroll&amp;sz=640x480|400x300&amp;ciu_szs=300x250&amp;unviewed_position_start=1&amp;output=vast&amp;impl=s&amp;env=vp&amp;gdfp_req=1&amp;ad_rule=0&amp;vad_type=linear&amp;vpos=preroll&amp;cust_params=tags_nuevos%3Dte_mexico%2Cca_el_mundo%2C%2CG67DCNOVYVA67GXMIQFJUQY5EQ&amp;pod=3&amp;ppos=1&amp;lip=true&amp;min_ad_duration=0&amp;max_ad_duration=30000&amp;vrid=6256&amp;url=https%3A%2F%2Fwww.lanacion.com.ar%2Fel-mundo%2Fdetuvieron-a-el-jardinero-el-jefe-del-cartel-de-jalisco-por-el-que-ofrecian-us5000000-nid28042026%2F%3Fvariant%3DA&amp;description_url=https%3A%2F%2Fwww.lanacion.com.ar%2Fel-mundo%2Fdetuvieron-a-el-jardinero-el-jefe-del-cartel-de-jalisco-por-el-que-ofrecian-us5000000-nid28042026%2F%3Fvariant%3DA&amp;video_doc_id=short_onecue&amp;cmsid=496&amp;kfa=0&amp;tfcd=0&amp;correlator=1777416967785&quot;,&quot;arcSite&quot;:&quot;la-nacion-ar&quot;,&quot;duration&quot;:&quot;69000&quot;}\">\n<div id=\"facade-fRLTLlSU\" class=\"content-facade-jw relative bg-black ratio-16-9\"><picture><source media=\"(max-width: 767px)\" srcset=\"https:\/\/resizer.glanacion.com\/resizer\/v2\/https%3A%2F%2Fcdn.jwplayer.com%2Fv2%2Fmedia%2FfRLTLlSU%2Fposter.jpg%3Fwidth%3D720?auth=31b554516a952024f78cca838322e0ab0e36feee3f42dd290c265ebb8560a89f&amp;width=480&amp;quality=70&amp;smart=false\"\/><\/picture><\/div>\n<\/div><figcaption class=\"border border-1 border-bottom border-light-300 relative px-16 py-8 min-h-36 w-100_md px-0_l mb-8 bg-white\"><span class=\"text ln-text text-16 block\">La Secretar\u00eda de Marina de M\u00e9xico difundi\u00f3 un video que muestra el momento de la detenci\u00f3n<\/span><\/figcaption><\/figure>\n<\/section>\n<\/div>\n<p class=\"com-paragraph   --s\">El sospechoso fue encontrado en una caba\u00f1a protegida por un dispositivo de seguridad con decenas de hombres armados y veh\u00edculos.<\/p>\n<p class=\"com-paragraph   --s\">Seg\u00fan surge de un video que difundi\u00f3 la Semar, \u201cEl Jardinero\u201d estaba escondido en un conducto de desag\u00fce, donde intent\u00f3 ocultar parte de su cuerpo al advertir que estaba rodeado.<\/p>\n<p class=\"com-paragraph   --s\">Flores Silva, de 45 a\u00f1os, era considerado uno de los mandos regionales m\u00e1s relevantes del CJNG y <strong>figuraba entre los posibles sucesores de Nemesio Oseguera Cervantes, alias <\/strong><a href=\"https:\/\/www.lanacion.com.ar\/estados-unidos\/quien-era-el-mencho-el-lider-del-cartel-jalisco-nueva-generacion-por-el-que-eeuu-ofrecia-us15-nid22022026\/\" target=\"_self\" title=\"https:\/\/www.lanacion.com.ar\/estados-unidos\/quien-era-el-mencho-el-lider-del-cartel-jalisco-nueva-generacion-por-el-que-eeuu-ofrecia-us15-nid22022026\/\" class=\"com-link break-word\" data-mrf-recirculation=\"n_link_parrafo\"><strong>\u201cEl Mencho\u201d<\/strong><\/a>, abatido en febrero. <\/p>\n<p class=\"com-paragraph   --s\">La muerte del l\u00edder del cartel desat\u00f3 una ola de violencia con ataques a comercios, quema de veh\u00edculos y bloqueos viales que, seg\u00fan reportes oficiales, dej\u00f3 m\u00e1s de 70 muertos, incluidos 25 miembros de la Guardia Nacional. <\/p>\n<p class=\"com-paragraph   --s\">Antes de consolidarse como uno de los mandos regionales m\u00e1s relevantes, Flores Silva se desempe\u00f1\u00f3 como jefe de seguridad de Oseguera Cervantes y, seg\u00fan reportes oficiales, ya actuaba como el hombre fuerte de la organizaci\u00f3n tras la ca\u00edda de su l\u00edder hist\u00f3rico.<\/p>\n<p class=\"com-paragraph   --s\">En ese escenario, tambi\u00e9n eran mencionados como posibles herederos Gonzalo Mendoza Gayt\u00e1n, alias \u201cEl Sapo\u201d, y Ricardo Ruiz Velasco, alias \u201cRR\u201d. <\/p>\n<p class=\"com-paragraph   --s\">Su rol dentro de la organizaci\u00f3n inclu\u00eda la coordinaci\u00f3n de actividades en Nayarit, Jalisco, M\u00e9xico y Zacatecas, vinculadas a la <strong>producci\u00f3n y distribuci\u00f3n de drogas<\/strong>, as\u00ed como la gesti\u00f3n de laboratorios clandestinos.<\/p>\n<p class=\"com-paragraph   --s\">En particular, se le atribuye el control de laboratorios clandestinos dedicados a la producci\u00f3n de drogas de dise\u00f1o destinadas al mercado estadounidense, especialmente en la regi\u00f3n occidental del pa\u00eds.<\/p>\n<div class=\"content-media\">\n<section role=\"button\" class=\"mod-media   \">\n<figure role=\"button\" tabindex=\"0\" class=\"mod-figure \"><figcaption class=\"mod-figcaption\"><span class=\"com-text --caption --twoxs\">Autoridades mexicanas mostraron una imagen que muestra c\u00f3mo es el lugar donde capturaron a \u00abEl Jardinero\u00bb<\/span><span class=\"com-text --credit --twoxs\">X Omar H Garc\u00eda Harfuch<\/span><\/figcaption><\/figure>\n<\/section>\n<\/div>\n<p class=\"com-paragraph   --s\">Su historial criminal incluye una condena en Estados Unidos por tr\u00e1fico de drogas, donde cumpli\u00f3 cinco a\u00f1os de prisi\u00f3n, y una detenci\u00f3n en M\u00e9xico en 2016 por su presunta participaci\u00f3n en una emboscada contra polic\u00edas en Jalisco, causa por la que recuper\u00f3 la libertad tres a\u00f1os despu\u00e9s. Adem\u00e1s, sobre \u00e9l pesa una orden de arresto por homicidio emitida por la justicia mexicana en 2024.<\/p>\n<p class=\"com-paragraph   --s\"><strong>El inter\u00e9s de Estados Unidos por su captura <\/strong>se remonta a 2021, cuando solicit\u00f3 su extradici\u00f3n por cargos vinculados al narcotr\u00e1fico y la portaci\u00f3n ilegal de armas. Posteriormente, la <strong>Administraci\u00f3n de Control de Drogas (DEA)<\/strong> emiti\u00f3 una alerta internacional y ofreci\u00f3 una recompensa millonaria por informaci\u00f3n que permitiera su localizaci\u00f3n.<\/p>\n<div class=\"content-media cursor-pointer container-center-100\">\n<section class=\"media-container relative ratio-16-9 mod-media pb-32\">\n<figure class=\"mod-video\">\n<div class=\"video-player bg-black ratio-16-9\" data-has-jwplayer=\"true\" data-video-id-jw=\"9AoqTr2q\" data-config=\"{&quot;title&quot;:&quot;Se difundi\u00f3 un video en el se muestra a &quot;El Jardinero&quot; siendo trasladado por autoridades mexicanas&quot;,&quot;mediaId&quot;:&quot;9AoqTr2q&quot;,&quot;playerId&quot;:&quot;ih0086X3&quot;,&quot;playlist&quot;:[{&quot;mediaid&quot;:&quot;9AoqTr2q&quot;,&quot;sources&quot;:[{&quot;file&quot;:&quot;https:\/\/cdn.jwplayer.com\/manifests\/9AoqTr2q.m3u8&quot;,&quot;type&quot;:&quot;application\/vnd.apple.mpegurl&quot;},{&quot;bitrate&quot;:437471,&quot;file&quot;:&quot;https:\/\/cdn.jwplayer.com\/videos\/9AoqTr2q-kTExGaWf.mp4&quot;,&quot;filesize&quot;:5030920,&quot;framerate&quot;:30,&quot;height&quot;:180,&quot;label&quot;:&quot;180p&quot;,&quot;type&quot;:&quot;video\/mp4&quot;,&quot;width&quot;:320},{&quot;bitrate&quot;:661858,&quot;file&quot;:&quot;https:\/\/cdn.jwplayer.com\/videos\/9AoqTr2q-K8B0kybS.mp4&quot;,&quot;filesize&quot;:7611368,&quot;framerate&quot;:30,&quot;height&quot;:270,&quot;label&quot;:&quot;270p&quot;,&quot;type&quot;:&quot;video\/mp4&quot;,&quot;width&quot;:480},{&quot;bitrate&quot;:114534,&quot;file&quot;:&quot;https:\/\/cdn.jwplayer.com\/videos\/9AoqTr2q-hz5z2Tv4.m4a&quot;,&quot;filesize&quot;:1317143,&quot;label&quot;:&quot;AAC Audio&quot;,&quot;type&quot;:&quot;audio\/mp4&quot;},{&quot;bitrate&quot;:782530,&quot;file&quot;:&quot;https:\/\/cdn.jwplayer.com\/videos\/9AoqTr2q-FnZGUVnC.mp4&quot;,&quot;filesize&quot;:8999095,&quot;framerate&quot;:30,&quot;height&quot;:360,&quot;label&quot;:&quot;360p&quot;,&quot;type&quot;:&quot;video\/mp4&quot;,&quot;width&quot;:640},{&quot;bitrate&quot;:1336066,&quot;file&quot;:&quot;https:\/\/cdn.jwplayer.com\/videos\/9AoqTr2q-0G6Pwvlw.mp4&quot;,&quot;filesize&quot;:15364761,&quot;framerate&quot;:30,&quot;height&quot;:540,&quot;label&quot;:&quot;540p&quot;,&quot;type&quot;:&quot;video\/mp4&quot;,&quot;width&quot;:960}]}],&quot;hasAutoplay&quot;:false,&quot;autostart&quot;:true,&quot;tagsUrl&quot;:&quot;https:\/\/pubads.g.doubleclick.net\/gampad\/ads?slotname=\/133919216\/la_nacion_video\/nota\/preroll&amp;sz=640x480|400x300&amp;ciu_szs=300x250&amp;unviewed_position_start=1&amp;output=vast&amp;impl=s&amp;env=vp&amp;gdfp_req=1&amp;ad_rule=0&amp;vad_type=linear&amp;vpos=preroll&amp;cust_params=tags_nuevos%3Dte_mexico%2Cca_el_mundo%2C%2CG67DCNOVYVA67GXMIQFJUQY5EQ&amp;pod=3&amp;ppos=1&amp;lip=true&amp;min_ad_duration=0&amp;max_ad_duration=30000&amp;vrid=6256&amp;url=https%3A%2F%2Fwww.lanacion.com.ar%2Fel-mundo%2Fdetuvieron-a-el-jardinero-el-jefe-del-cartel-de-jalisco-por-el-que-ofrecian-us5000000-nid28042026%2F%3Fvariant%3DA&amp;description_url=https%3A%2F%2Fwww.lanacion.com.ar%2Fel-mundo%2Fdetuvieron-a-el-jardinero-el-jefe-del-cartel-de-jalisco-por-el-que-ofrecian-us5000000-nid28042026%2F%3Fvariant%3DA&amp;video_doc_id=short_onecue&amp;cmsid=496&amp;kfa=0&amp;tfcd=0&amp;correlator=1777416967786&quot;,&quot;arcSite&quot;:&quot;la-nacion-ar&quot;,&quot;duration&quot;:&quot;92000&quot;}\">\n<div id=\"facade-9AoqTr2q\" class=\"content-facade-jw relative bg-black ratio-16-9\"><picture><source media=\"(max-width: 767px)\" srcset=\"https:\/\/resizer.glanacion.com\/resizer\/v2\/https%3A%2F%2Fcdn.jwplayer.com%2Fv2%2Fmedia%2F9AoqTr2q%2Fposter.jpg%3Fwidth%3D720?auth=3fb13fe8b1a67dbeca970438d5f8f6d5c6aa14ce368ef0750bfe5246eb831436&amp;width=480&amp;quality=70&amp;smart=false\"\/><img class=\"image com-image flex --cover\" decoding=\"async\" fetchpriority=\"low\" loading=\"lazy\" src=\"https:\/\/gysfm.com.ar\/inicio\/wp-content\/uploads\/2026\/04\/https:\/\/cdn.jwplayer.com\/v2\/media\/9AoqTr2q\/poster.jpg\" alt=\"Se difundi\u00f3 un video en el se muestra a &quot;El Jardinero&quot; siendo trasladado por autoridades mexicanas\"\/><\/picture><\/div>\n<\/div><figcaption class=\"border border-1 border-bottom border-light-300 relative px-16 py-8 min-h-36 w-100_md px-0_l mb-8 bg-white\"><span class=\"text ln-text text-16 block\">Se difundi\u00f3 un video en el se muestra a \u00abEl Jardinero\u00bb siendo trasladado por autoridades mexicanas<\/span><\/figcaption><\/figure>\n<\/section>\n<\/div>\n<p class=\"com-paragraph   --s\"><strong>Tras la captura de \u201cEl Jardinero\u201d, se registraron incidentes en Nayarit<\/strong>, donde fueron incendiados comercios y veh\u00edculos. <\/p>\n<p class=\"com-paragraph   --s\">Los hechos se concentraron principalmente en las ciudades de Tepic y Tecuala, donde se registraron bloqueos de rutas y ataques a distintos establecimientos.<\/p>\n<p class=\"com-paragraph   --s\">El Gabinete de Seguridad indic\u00f3 que no hubo personas fallecidas ni heridas, mientras que el gobierno estatal pidi\u00f3 a la poblaci\u00f3n limitar la circulaci\u00f3n y resguardarse en sus hogares.<\/p>\n<p class=\"com-paragraph   --s\">Adem\u00e1s, despu\u00e9s de esa detenci\u00f3n, se llev\u00f3 a cabo otro operativo en Jalisco, que concluy\u00f3 con la <strong>detenci\u00f3n de C\u00e9sar \u201cN\u201d, alias \u201cEl G\u00fcero Conta\u201d<\/strong>, identificado como hombre de confianza de Flores Silva y responsable de las finanzas del CJNG.<\/p>\n<p class=\"com-paragraph   --s\">Seg\u00fan las autoridades, el detenido gestionaba operaciones de lavado de dinero mediante la adquisici\u00f3n de aeronaves, embarcaciones y propiedades. <\/p>\n<p class=\"com-paragraph   --s\">Parte de esas operaciones inclu\u00eda inversiones en productores de tequila y otros negocios utilizados como fachada para canalizar fondos il\u00edcitos.<\/p>\n<div class=\"content-media cursor-pointer container-center-100\">\n<section class=\"media-container relative ratio-16-9 mod-media pb-32\">\n<figure class=\"mod-video\">\n<div class=\"video-player bg-black ratio-16-9\" data-has-jwplayer=\"true\" data-video-id-jw=\"sDYJ8XRB\" data-config=\"{&quot;title&quot;:&quot;Despu\u00e9s de la captura del jefe narco se registraron incendios en seis comercios &quot;,&quot;mediaId&quot;:&quot;sDYJ8XRB&quot;,&quot;playerId&quot;:&quot;ih0086X3&quot;,&quot;playlist&quot;:[{&quot;mediaid&quot;:&quot;sDYJ8XRB&quot;,&quot;sources&quot;:[{&quot;file&quot;:&quot;https:\/\/cdn.jwplayer.com\/manifests\/sDYJ8XRB.m3u8&quot;,&quot;type&quot;:&quot;application\/vnd.apple.mpegurl&quot;},{&quot;bitrate&quot;:462588,&quot;file&quot;:&quot;https:\/\/cdn.jwplayer.com\/videos\/sDYJ8XRB-kTExGaWf.mp4&quot;,&quot;filesize&quot;:346941,&quot;framerate&quot;:30,&quot;height&quot;:320,&quot;label&quot;:&quot;180p&quot;,&quot;type&quot;:&quot;video\/mp4&quot;,&quot;width&quot;:180},{&quot;bitrate&quot;:744413,&quot;file&quot;:&quot;https:\/\/cdn.jwplayer.com\/videos\/sDYJ8XRB-K8B0kybS.mp4&quot;,&quot;filesize&quot;:558310,&quot;framerate&quot;:30,&quot;height&quot;:480,&quot;label&quot;:&quot;270p&quot;,&quot;type&quot;:&quot;video\/mp4&quot;,&quot;width&quot;:270},{&quot;bitrate&quot;:118384,&quot;file&quot;:&quot;https:\/\/cdn.jwplayer.com\/videos\/sDYJ8XRB-hz5z2Tv4.m4a&quot;,&quot;filesize&quot;:88788,&quot;label&quot;:&quot;AAC Audio&quot;,&quot;type&quot;:&quot;audio\/mp4&quot;},{&quot;bitrate&quot;:877406,&quot;file&quot;:&quot;https:\/\/cdn.jwplayer.com\/videos\/sDYJ8XRB-FnZGUVnC.mp4&quot;,&quot;filesize&quot;:658055,&quot;framerate&quot;:30,&quot;height&quot;:640,&quot;label&quot;:&quot;360p&quot;,&quot;type&quot;:&quot;video\/mp4&quot;,&quot;width&quot;:360}]}],&quot;hasAutoplay&quot;:false,&quot;autostart&quot;:true,&quot;tagsUrl&quot;:&quot;https:\/\/pubads.g.doubleclick.net\/gampad\/ads?slotname=\/133919216\/la_nacion_video\/nota\/preroll&amp;sz=640x480|400x300&amp;ciu_szs=300x250&amp;unviewed_position_start=1&amp;output=vast&amp;impl=s&amp;env=vp&amp;gdfp_req=1&amp;ad_rule=0&amp;vad_type=linear&amp;vpos=preroll&amp;cust_params=tags_nuevos%3Dte_mexico%2Cca_el_mundo%2C%2CG67DCNOVYVA67GXMIQFJUQY5EQ&amp;pod=3&amp;ppos=1&amp;lip=true&amp;min_ad_duration=0&amp;max_ad_duration=30000&amp;vrid=6256&amp;url=https%3A%2F%2Fwww.lanacion.com.ar%2Fel-mundo%2Fdetuvieron-a-el-jardinero-el-jefe-del-cartel-de-jalisco-por-el-que-ofrecian-us5000000-nid28042026%2F%3Fvariant%3DA&amp;description_url=https%3A%2F%2Fwww.lanacion.com.ar%2Fel-mundo%2Fdetuvieron-a-el-jardinero-el-jefe-del-cartel-de-jalisco-por-el-que-ofrecian-us5000000-nid28042026%2F%3Fvariant%3DA&amp;video_doc_id=short_onecue&amp;cmsid=496&amp;kfa=0&amp;tfcd=0&amp;correlator=1777416967786&quot;,&quot;arcSite&quot;:&quot;la-nacion-ar&quot;,&quot;duration&quot;:&quot;6000&quot;}\">\n<div id=\"facade-sDYJ8XRB\" class=\"content-facade-jw relative bg-black ratio-16-9\"><picture><source media=\"(max-width: 767px)\" srcset=\"https:\/\/resizer.glanacion.com\/resizer\/v2\/https%3A%2F%2Fcdn.jwplayer.com%2Fv2%2Fmedia%2FsDYJ8XRB%2Fposter.jpg%3Fwidth%3D720?auth=33dcb1766f29907a1d9905bf10ae8e06f7865542ff5c9c96fd14cd2f9c2ebd8f&amp;width=480&amp;quality=70&amp;smart=false\"\/><img class=\"image com-image flex --cover\" decoding=\"async\" fetchpriority=\"low\" loading=\"lazy\" src=\"https:\/\/gysfm.com.ar\/inicio\/wp-content\/uploads\/2026\/04\/https:\/\/cdn.jwplayer.com\/v2\/media\/sDYJ8XRB\/poster.jpg\" alt=\"Despu\u00e9s de la captura del jefe narco se registraron incendios en seis comercios \"\/><\/picture><\/div>\n<\/div><figcaption class=\"border border-1 border-bottom border-light-300 relative px-16 py-8 min-h-36 w-100_md px-0_l mb-8 bg-white\"><span class=\"text ln-text text-16 block\">Despu\u00e9s de la captura del jefe narco se registraron incendios en seis comercios <\/span><\/figcaption><\/figure>\n<\/section>\n<\/div>\n<p class=\"com-paragraph   --s\">La ca\u00edda de Flores Silva ocurre en un contexto de<strong> reorganizaci\u00f3n interna del CJNG<\/strong> tras la muerte de su l\u00edder hist\u00f3rico, \u201cEl Mencho\u201d. Especialistas en seguridad consideran que la detenci\u00f3n representa un impacto significativo en la estructura del grupo, aunque advierten que este tipo de organizaciones tiene capacidad para reconfigurarse y continuar operando pese a la p\u00e9rdida de sus dirigentes.<\/p>\n<p class=\"com-paragraph   --s\">El CJNG es una de las organizaciones criminales m\u00e1s extendidas de M\u00e9xico. Datos de la DEA se\u00f1alan que tiene <strong>presencia en al menos 21 de los 32 estados del pa\u00eds<\/strong>, con fuerte influencia en Jalisco, y que sus operaciones se proyectan a nivel internacional, incluyendo Estados Unidos.<\/p>\n<div class=\"content-media\">\n<section role=\"button\" class=\"mod-media   \">\n<figure role=\"button\" tabindex=\"0\" class=\"mod-figure \"><figcaption class=\"mod-figcaption\"><span class=\"com-text --caption --twoxs\">Autoridades de M\u00e9xico difundieron im\u00e1genes con detalles del momento y el lugar en el que se llev\u00f3 a cabo el operativo<\/span><span class=\"com-text --credit --twoxs\">X Omar H Garc\u00eda Harfuch<\/span><\/figcaption><\/figure>\n<\/section>\n<\/div>\n<p class=\"com-paragraph   --s\"><strong>Agencia AP<\/strong><\/p>\n<section class=\"container-center-100 mb-40 border border-bottom border-thin border-neutral-light-700\">\n<hr\/>\n<\/section>\n<\/div>\n<p><script id=\"facebookpixel\" defer=\"\" type=\"text\/javascript\">\n        !function(f,b,e,v,n,t,s)\n        {if(f.fbq)return;n=f.fbq=function(){n.callMethod?\n        n.callMethod.apply(n,arguments):n.queue.push(arguments)};\n        if(!f._fbq)f._fbq=n;n.push=n;n.loaded=!0;n.version='2.0';\n        n.queue=[];t=b.createElement(e);t.async=!0;\n        t.src=v;s=b.getElementsByTagName(e)[0];\n        s.parentNode.insertBefore(t,s)}(window, document,'script',\n        'https:\/\/connect.facebook.net\/en_US\/fbevents.js');\n        fbq('init', '492459597522335');\n        fbq('track', 'PageView');\n    <\/script><br \/>\n<br \/><\/p>\n","protected":false},"excerpt":{"rendered":"<p>NAYARIT .\u2013 El gobierno de M\u00e9xico detuvo a Audias Flores Silva, alias \u201cEl Jardinero\u201d, uno de los principales jefes del Cartel Jalisco Nueva Generaci\u00f3n (CJNG), el cual era buscado por Estados Unidos con una recompensa de 5 millones de d\u00f3lares. El operativo, realizado en el estado de Nayarit, incluy\u00f3 adem\u00e1s la captura de su principal [&hellip;]<\/p>\n","protected":false},"author":2,"featured_media":193553,"comment_status":"closed","ping_status":"closed","sticky":false,"template":"","format":"standard","meta":{"footnotes":""},"categories":[26],"tags":[],"class_list":["post-193552","post","type-post","status-publish","format-standard","has-post-thumbnail","hentry","category-internacionales"],"yoast_head":"<!-- This site is optimized with the Yoast SEO plugin v24.4 - https:\/\/yoast.com\/wordpress\/plugins\/seo\/ -->\n<title>Detuvieron a \u201cEl Jardinero\u201d, el posible nuevo jefe del Cartel de Jalisco por el que ofrec\u00edan US$5.000.000 - GYS NOTICIAS |<\/title>\n<meta name=\"robots\" content=\"index, follow, max-snippet:-1, max-image-preview:large, max-video-preview:-1\" \/>\n<link rel=\"canonical\" href=\"https:\/\/gysfm.com.ar\/inicio\/detuvieron-a-el-jardinero-el-posible-nuevo-jefe-del-cartel-de-jalisco-por-el-que-ofrecian-us5-000-000\/\" \/>\n<meta property=\"og:locale\" content=\"es_ES\" \/>\n<meta property=\"og:type\" content=\"article\" \/>\n<meta property=\"og:title\" content=\"Detuvieron a \u201cEl Jardinero\u201d, el posible nuevo jefe del Cartel de Jalisco por el que ofrec\u00edan US$5.000.000 - GYS NOTICIAS |\" \/>\n<meta property=\"og:description\" content=\"NAYARIT .\u2013 El gobierno de M\u00e9xico detuvo a Audias Flores Silva, alias \u201cEl Jardinero\u201d, uno de los principales jefes del Cartel Jalisco Nueva Generaci\u00f3n (CJNG), el cual era buscado por Estados Unidos con una recompensa de 5 millones de d\u00f3lares. El operativo, realizado en el estado de Nayarit, incluy\u00f3 adem\u00e1s la captura de su principal [&hellip;]\" \/>\n<meta property=\"og:url\" content=\"https:\/\/gysfm.com.ar\/inicio\/detuvieron-a-el-jardinero-el-posible-nuevo-jefe-del-cartel-de-jalisco-por-el-que-ofrecian-us5-000-000\/\" \/>\n<meta property=\"og:site_name\" content=\"GYS NOTICIAS |\" \/>\n<meta property=\"article:published_time\" content=\"2026-04-28T23:02:07+00:00\" \/>\n<meta property=\"article:modified_time\" content=\"2026-04-28T23:02:09+00:00\" \/>\n<meta property=\"og:image\" content=\"https:\/\/gysfm.com.ar\/inicio\/wp-content\/uploads\/2026\/04\/el-jardinero-un-jefe-del-cartel-de-jalisco-nueva-KZN566H6RBFAVHOG4C63UYODSQ.jpg\" \/>\n\t<meta property=\"og:image:width\" content=\"1200\" \/>\n\t<meta property=\"og:image:height\" content=\"800\" \/>\n\t<meta property=\"og:image:type\" content=\"image\/jpeg\" \/>\n<meta name=\"author\" content=\"Prensa G&amp;S FM\" \/>\n<meta name=\"twitter:card\" content=\"summary_large_image\" \/>\n<meta name=\"twitter:label1\" content=\"Escrito por\" \/>\n\t<meta name=\"twitter:data1\" content=\"Prensa G&amp;S FM\" \/>\n\t<meta name=\"twitter:label2\" content=\"Tiempo de lectura\" \/>\n\t<meta name=\"twitter:data2\" content=\"5 minutos\" \/>\n<script type=\"application\/ld+json\" class=\"yoast-schema-graph\">{\"@context\":\"https:\/\/schema.org\",\"@graph\":[{\"@type\":\"Article\",\"@id\":\"https:\/\/gysfm.com.ar\/inicio\/detuvieron-a-el-jardinero-el-posible-nuevo-jefe-del-cartel-de-jalisco-por-el-que-ofrecian-us5-000-000\/#article\",\"isPartOf\":{\"@id\":\"https:\/\/gysfm.com.ar\/inicio\/detuvieron-a-el-jardinero-el-posible-nuevo-jefe-del-cartel-de-jalisco-por-el-que-ofrecian-us5-000-000\/\"},\"author\":{\"name\":\"Prensa G&amp;S FM\",\"@id\":\"https:\/\/gysfm.com.ar\/inicio\/#\/schema\/person\/3abba7593ef2ad19e1be221d54383dc5\"},\"headline\":\"Detuvieron a \u201cEl Jardinero\u201d, el posible nuevo jefe del Cartel de Jalisco por el que ofrec\u00edan US$5.000.000\",\"datePublished\":\"2026-04-28T23:02:07+00:00\",\"dateModified\":\"2026-04-28T23:02:09+00:00\",\"mainEntityOfPage\":{\"@id\":\"https:\/\/gysfm.com.ar\/inicio\/detuvieron-a-el-jardinero-el-posible-nuevo-jefe-del-cartel-de-jalisco-por-el-que-ofrecian-us5-000-000\/\"},\"wordCount\":1024,\"publisher\":{\"@id\":\"https:\/\/gysfm.com.ar\/inicio\/#organization\"},\"image\":{\"@id\":\"https:\/\/gysfm.com.ar\/inicio\/detuvieron-a-el-jardinero-el-posible-nuevo-jefe-del-cartel-de-jalisco-por-el-que-ofrecian-us5-000-000\/#primaryimage\"},\"thumbnailUrl\":\"https:\/\/gysfm.com.ar\/inicio\/wp-content\/uploads\/2026\/04\/el-jardinero-un-jefe-del-cartel-de-jalisco-nueva-KZN566H6RBFAVHOG4C63UYODSQ.jpg\",\"articleSection\":[\"INTERNACIONALES\"],\"inLanguage\":\"es\"},{\"@type\":\"WebPage\",\"@id\":\"https:\/\/gysfm.com.ar\/inicio\/detuvieron-a-el-jardinero-el-posible-nuevo-jefe-del-cartel-de-jalisco-por-el-que-ofrecian-us5-000-000\/\",\"url\":\"https:\/\/gysfm.com.ar\/inicio\/detuvieron-a-el-jardinero-el-posible-nuevo-jefe-del-cartel-de-jalisco-por-el-que-ofrecian-us5-000-000\/\",\"name\":\"Detuvieron a \u201cEl Jardinero\u201d, el posible nuevo jefe del Cartel de Jalisco por el que ofrec\u00edan US$5.000.000 - GYS NOTICIAS |\",\"isPartOf\":{\"@id\":\"https:\/\/gysfm.com.ar\/inicio\/#website\"},\"primaryImageOfPage\":{\"@id\":\"https:\/\/gysfm.com.ar\/inicio\/detuvieron-a-el-jardinero-el-posible-nuevo-jefe-del-cartel-de-jalisco-por-el-que-ofrecian-us5-000-000\/#primaryimage\"},\"image\":{\"@id\":\"https:\/\/gysfm.com.ar\/inicio\/detuvieron-a-el-jardinero-el-posible-nuevo-jefe-del-cartel-de-jalisco-por-el-que-ofrecian-us5-000-000\/#primaryimage\"},\"thumbnailUrl\":\"https:\/\/gysfm.com.ar\/inicio\/wp-content\/uploads\/2026\/04\/el-jardinero-un-jefe-del-cartel-de-jalisco-nueva-KZN566H6RBFAVHOG4C63UYODSQ.jpg\",\"datePublished\":\"2026-04-28T23:02:07+00:00\",\"dateModified\":\"2026-04-28T23:02:09+00:00\",\"breadcrumb\":{\"@id\":\"https:\/\/gysfm.com.ar\/inicio\/detuvieron-a-el-jardinero-el-posible-nuevo-jefe-del-cartel-de-jalisco-por-el-que-ofrecian-us5-000-000\/#breadcrumb\"},\"inLanguage\":\"es\",\"potentialAction\":[{\"@type\":\"ReadAction\",\"target\":[\"https:\/\/gysfm.com.ar\/inicio\/detuvieron-a-el-jardinero-el-posible-nuevo-jefe-del-cartel-de-jalisco-por-el-que-ofrecian-us5-000-000\/\"]}]},{\"@type\":\"ImageObject\",\"inLanguage\":\"es\",\"@id\":\"https:\/\/gysfm.com.ar\/inicio\/detuvieron-a-el-jardinero-el-posible-nuevo-jefe-del-cartel-de-jalisco-por-el-que-ofrecian-us5-000-000\/#primaryimage\",\"url\":\"https:\/\/gysfm.com.ar\/inicio\/wp-content\/uploads\/2026\/04\/el-jardinero-un-jefe-del-cartel-de-jalisco-nueva-KZN566H6RBFAVHOG4C63UYODSQ.jpg\",\"contentUrl\":\"https:\/\/gysfm.com.ar\/inicio\/wp-content\/uploads\/2026\/04\/el-jardinero-un-jefe-del-cartel-de-jalisco-nueva-KZN566H6RBFAVHOG4C63UYODSQ.jpg\",\"width\":1200,\"height\":800},{\"@type\":\"BreadcrumbList\",\"@id\":\"https:\/\/gysfm.com.ar\/inicio\/detuvieron-a-el-jardinero-el-posible-nuevo-jefe-del-cartel-de-jalisco-por-el-que-ofrecian-us5-000-000\/#breadcrumb\",\"itemListElement\":[{\"@type\":\"ListItem\",\"position\":1,\"name\":\"Portada\",\"item\":\"https:\/\/gysfm.com.ar\/inicio\/\"},{\"@type\":\"ListItem\",\"position\":2,\"name\":\"Detuvieron a \u201cEl Jardinero\u201d, el posible nuevo jefe del Cartel de Jalisco por el que ofrec\u00edan US$5.000.000\"}]},{\"@type\":\"WebSite\",\"@id\":\"https:\/\/gysfm.com.ar\/inicio\/#website\",\"url\":\"https:\/\/gysfm.com.ar\/inicio\/\",\"name\":\"GYS NOTICIAS |\",\"description\":\"DIARIO - RADIO ONLINE SAN JUAN ARGENTINA\",\"publisher\":{\"@id\":\"https:\/\/gysfm.com.ar\/inicio\/#organization\"},\"potentialAction\":[{\"@type\":\"SearchAction\",\"target\":{\"@type\":\"EntryPoint\",\"urlTemplate\":\"https:\/\/gysfm.com.ar\/inicio\/?s={search_term_string}\"},\"query-input\":{\"@type\":\"PropertyValueSpecification\",\"valueRequired\":true,\"valueName\":\"search_term_string\"}}],\"inLanguage\":\"es\"},{\"@type\":\"Organization\",\"@id\":\"https:\/\/gysfm.com.ar\/inicio\/#organization\",\"name\":\"GYS NOTICIAS |\",\"url\":\"https:\/\/gysfm.com.ar\/inicio\/\",\"logo\":{\"@type\":\"ImageObject\",\"inLanguage\":\"es\",\"@id\":\"https:\/\/gysfm.com.ar\/inicio\/#\/schema\/logo\/image\/\",\"url\":\"https:\/\/gysfm.com.ar\/inicio\/wp-content\/uploads\/2023\/07\/LOGOGYS-OK.png\",\"contentUrl\":\"https:\/\/gysfm.com.ar\/inicio\/wp-content\/uploads\/2023\/07\/LOGOGYS-OK.png\",\"width\":1170,\"height\":872,\"caption\":\"GYS NOTICIAS |\"},\"image\":{\"@id\":\"https:\/\/gysfm.com.ar\/inicio\/#\/schema\/logo\/image\/\"}},{\"@type\":\"Person\",\"@id\":\"https:\/\/gysfm.com.ar\/inicio\/#\/schema\/person\/3abba7593ef2ad19e1be221d54383dc5\",\"name\":\"Prensa G&amp;S FM\",\"image\":{\"@type\":\"ImageObject\",\"inLanguage\":\"es\",\"@id\":\"https:\/\/gysfm.com.ar\/inicio\/#\/schema\/person\/image\/\",\"url\":\"https:\/\/secure.gravatar.com\/avatar\/096ec78df02049ab018702bb4ccedf659377fa92a26540b5247612077a0dbd29?s=96&d=mm&r=g\",\"contentUrl\":\"https:\/\/secure.gravatar.com\/avatar\/096ec78df02049ab018702bb4ccedf659377fa92a26540b5247612077a0dbd29?s=96&d=mm&r=g\",\"caption\":\"Prensa G&amp;S FM\"},\"sameAs\":[\"https:\/\/gysfm.com.ar\/\"],\"url\":\"https:\/\/gysfm.com.ar\/inicio\/author\/lucasm\/\"}]}<\/script>\n<!-- \/ Yoast SEO plugin. -->","yoast_head_json":{"title":"Detuvieron a \u201cEl Jardinero\u201d, el posible nuevo jefe del Cartel de Jalisco por el que ofrec\u00edan US$5.000.000 - GYS NOTICIAS |","robots":{"index":"index","follow":"follow","max-snippet":"max-snippet:-1","max-image-preview":"max-image-preview:large","max-video-preview":"max-video-preview:-1"},"canonical":"https:\/\/gysfm.com.ar\/inicio\/detuvieron-a-el-jardinero-el-posible-nuevo-jefe-del-cartel-de-jalisco-por-el-que-ofrecian-us5-000-000\/","og_locale":"es_ES","og_type":"article","og_title":"Detuvieron a \u201cEl Jardinero\u201d, el posible nuevo jefe del Cartel de Jalisco por el que ofrec\u00edan US$5.000.000 - GYS NOTICIAS |","og_description":"NAYARIT .\u2013 El gobierno de M\u00e9xico detuvo a Audias Flores Silva, alias \u201cEl Jardinero\u201d, uno de los principales jefes del Cartel Jalisco Nueva Generaci\u00f3n (CJNG), el cual era buscado por Estados Unidos con una recompensa de 5 millones de d\u00f3lares. El operativo, realizado en el estado de Nayarit, incluy\u00f3 adem\u00e1s la captura de su principal [&hellip;]","og_url":"https:\/\/gysfm.com.ar\/inicio\/detuvieron-a-el-jardinero-el-posible-nuevo-jefe-del-cartel-de-jalisco-por-el-que-ofrecian-us5-000-000\/","og_site_name":"GYS NOTICIAS |","article_published_time":"2026-04-28T23:02:07+00:00","article_modified_time":"2026-04-28T23:02:09+00:00","og_image":[{"width":1200,"height":800,"url":"https:\/\/gysfm.com.ar\/inicio\/wp-content\/uploads\/2026\/04\/el-jardinero-un-jefe-del-cartel-de-jalisco-nueva-KZN566H6RBFAVHOG4C63UYODSQ.jpg","type":"image\/jpeg"}],"author":"Prensa G&amp;S FM","twitter_card":"summary_large_image","twitter_misc":{"Escrito por":"Prensa G&amp;S FM","Tiempo de lectura":"5 minutos"},"schema":{"@context":"https:\/\/schema.org","@graph":[{"@type":"Article","@id":"https:\/\/gysfm.com.ar\/inicio\/detuvieron-a-el-jardinero-el-posible-nuevo-jefe-del-cartel-de-jalisco-por-el-que-ofrecian-us5-000-000\/#article","isPartOf":{"@id":"https:\/\/gysfm.com.ar\/inicio\/detuvieron-a-el-jardinero-el-posible-nuevo-jefe-del-cartel-de-jalisco-por-el-que-ofrecian-us5-000-000\/"},"author":{"name":"Prensa G&amp;S FM","@id":"https:\/\/gysfm.com.ar\/inicio\/#\/schema\/person\/3abba7593ef2ad19e1be221d54383dc5"},"headline":"Detuvieron a \u201cEl Jardinero\u201d, el posible nuevo jefe del Cartel de Jalisco por el que ofrec\u00edan US$5.000.000","datePublished":"2026-04-28T23:02:07+00:00","dateModified":"2026-04-28T23:02:09+00:00","mainEntityOfPage":{"@id":"https:\/\/gysfm.com.ar\/inicio\/detuvieron-a-el-jardinero-el-posible-nuevo-jefe-del-cartel-de-jalisco-por-el-que-ofrecian-us5-000-000\/"},"wordCount":1024,"publisher":{"@id":"https:\/\/gysfm.com.ar\/inicio\/#organization"},"image":{"@id":"https:\/\/gysfm.com.ar\/inicio\/detuvieron-a-el-jardinero-el-posible-nuevo-jefe-del-cartel-de-jalisco-por-el-que-ofrecian-us5-000-000\/#primaryimage"},"thumbnailUrl":"https:\/\/gysfm.com.ar\/inicio\/wp-content\/uploads\/2026\/04\/el-jardinero-un-jefe-del-cartel-de-jalisco-nueva-KZN566H6RBFAVHOG4C63UYODSQ.jpg","articleSection":["INTERNACIONALES"],"inLanguage":"es"},{"@type":"WebPage","@id":"https:\/\/gysfm.com.ar\/inicio\/detuvieron-a-el-jardinero-el-posible-nuevo-jefe-del-cartel-de-jalisco-por-el-que-ofrecian-us5-000-000\/","url":"https:\/\/gysfm.com.ar\/inicio\/detuvieron-a-el-jardinero-el-posible-nuevo-jefe-del-cartel-de-jalisco-por-el-que-ofrecian-us5-000-000\/","name":"Detuvieron a \u201cEl Jardinero\u201d, el posible nuevo jefe del Cartel de Jalisco por el que ofrec\u00edan US$5.000.000 - GYS NOTICIAS |","isPartOf":{"@id":"https:\/\/gysfm.com.ar\/inicio\/#website"},"primaryImageOfPage":{"@id":"https:\/\/gysfm.com.ar\/inicio\/detuvieron-a-el-jardinero-el-posible-nuevo-jefe-del-cartel-de-jalisco-por-el-que-ofrecian-us5-000-000\/#primaryimage"},"image":{"@id":"https:\/\/gysfm.com.ar\/inicio\/detuvieron-a-el-jardinero-el-posible-nuevo-jefe-del-cartel-de-jalisco-por-el-que-ofrecian-us5-000-000\/#primaryimage"},"thumbnailUrl":"https:\/\/gysfm.com.ar\/inicio\/wp-content\/uploads\/2026\/04\/el-jardinero-un-jefe-del-cartel-de-jalisco-nueva-KZN566H6RBFAVHOG4C63UYODSQ.jpg","datePublished":"2026-04-28T23:02:07+00:00","dateModified":"2026-04-28T23:02:09+00:00","breadcrumb":{"@id":"https:\/\/gysfm.com.ar\/inicio\/detuvieron-a-el-jardinero-el-posible-nuevo-jefe-del-cartel-de-jalisco-por-el-que-ofrecian-us5-000-000\/#breadcrumb"},"inLanguage":"es","potentialAction":[{"@type":"ReadAction","target":["https:\/\/gysfm.com.ar\/inicio\/detuvieron-a-el-jardinero-el-posible-nuevo-jefe-del-cartel-de-jalisco-por-el-que-ofrecian-us5-000-000\/"]}]},{"@type":"ImageObject","inLanguage":"es","@id":"https:\/\/gysfm.com.ar\/inicio\/detuvieron-a-el-jardinero-el-posible-nuevo-jefe-del-cartel-de-jalisco-por-el-que-ofrecian-us5-000-000\/#primaryimage","url":"https:\/\/gysfm.com.ar\/inicio\/wp-content\/uploads\/2026\/04\/el-jardinero-un-jefe-del-cartel-de-jalisco-nueva-KZN566H6RBFAVHOG4C63UYODSQ.jpg","contentUrl":"https:\/\/gysfm.com.ar\/inicio\/wp-content\/uploads\/2026\/04\/el-jardinero-un-jefe-del-cartel-de-jalisco-nueva-KZN566H6RBFAVHOG4C63UYODSQ.jpg","width":1200,"height":800},{"@type":"BreadcrumbList","@id":"https:\/\/gysfm.com.ar\/inicio\/detuvieron-a-el-jardinero-el-posible-nuevo-jefe-del-cartel-de-jalisco-por-el-que-ofrecian-us5-000-000\/#breadcrumb","itemListElement":[{"@type":"ListItem","position":1,"name":"Portada","item":"https:\/\/gysfm.com.ar\/inicio\/"},{"@type":"ListItem","position":2,"name":"Detuvieron a \u201cEl Jardinero\u201d, el posible nuevo jefe del Cartel de Jalisco por el que ofrec\u00edan US$5.000.000"}]},{"@type":"WebSite","@id":"https:\/\/gysfm.com.ar\/inicio\/#website","url":"https:\/\/gysfm.com.ar\/inicio\/","name":"GYS NOTICIAS |","description":"DIARIO - RADIO ONLINE SAN JUAN ARGENTINA","publisher":{"@id":"https:\/\/gysfm.com.ar\/inicio\/#organization"},"potentialAction":[{"@type":"SearchAction","target":{"@type":"EntryPoint","urlTemplate":"https:\/\/gysfm.com.ar\/inicio\/?s={search_term_string}"},"query-input":{"@type":"PropertyValueSpecification","valueRequired":true,"valueName":"search_term_string"}}],"inLanguage":"es"},{"@type":"Organization","@id":"https:\/\/gysfm.com.ar\/inicio\/#organization","name":"GYS NOTICIAS |","url":"https:\/\/gysfm.com.ar\/inicio\/","logo":{"@type":"ImageObject","inLanguage":"es","@id":"https:\/\/gysfm.com.ar\/inicio\/#\/schema\/logo\/image\/","url":"https:\/\/gysfm.com.ar\/inicio\/wp-content\/uploads\/2023\/07\/LOGOGYS-OK.png","contentUrl":"https:\/\/gysfm.com.ar\/inicio\/wp-content\/uploads\/2023\/07\/LOGOGYS-OK.png","width":1170,"height":872,"caption":"GYS NOTICIAS |"},"image":{"@id":"https:\/\/gysfm.com.ar\/inicio\/#\/schema\/logo\/image\/"}},{"@type":"Person","@id":"https:\/\/gysfm.com.ar\/inicio\/#\/schema\/person\/3abba7593ef2ad19e1be221d54383dc5","name":"Prensa G&amp;S FM","image":{"@type":"ImageObject","inLanguage":"es","@id":"https:\/\/gysfm.com.ar\/inicio\/#\/schema\/person\/image\/","url":"https:\/\/secure.gravatar.com\/avatar\/096ec78df02049ab018702bb4ccedf659377fa92a26540b5247612077a0dbd29?s=96&d=mm&r=g","contentUrl":"https:\/\/secure.gravatar.com\/avatar\/096ec78df02049ab018702bb4ccedf659377fa92a26540b5247612077a0dbd29?s=96&d=mm&r=g","caption":"Prensa G&amp;S FM"},"sameAs":["https:\/\/gysfm.com.ar\/"],"url":"https:\/\/gysfm.com.ar\/inicio\/author\/lucasm\/"}]}},"_links":{"self":[{"href":"https:\/\/gysfm.com.ar\/inicio\/wp-json\/wp\/v2\/posts\/193552","targetHints":{"allow":["GET"]}}],"collection":[{"href":"https:\/\/gysfm.com.ar\/inicio\/wp-json\/wp\/v2\/posts"}],"about":[{"href":"https:\/\/gysfm.com.ar\/inicio\/wp-json\/wp\/v2\/types\/post"}],"author":[{"embeddable":true,"href":"https:\/\/gysfm.com.ar\/inicio\/wp-json\/wp\/v2\/users\/2"}],"replies":[{"embeddable":true,"href":"https:\/\/gysfm.com.ar\/inicio\/wp-json\/wp\/v2\/comments?post=193552"}],"version-history":[{"count":1,"href":"https:\/\/gysfm.com.ar\/inicio\/wp-json\/wp\/v2\/posts\/193552\/revisions"}],"predecessor-version":[{"id":193554,"href":"https:\/\/gysfm.com.ar\/inicio\/wp-json\/wp\/v2\/posts\/193552\/revisions\/193554"}],"wp:featuredmedia":[{"embeddable":true,"href":"https:\/\/gysfm.com.ar\/inicio\/wp-json\/wp\/v2\/media\/193553"}],"wp:attachment":[{"href":"https:\/\/gysfm.com.ar\/inicio\/wp-json\/wp\/v2\/media?parent=193552"}],"wp:term":[{"taxonomy":"category","embeddable":true,"href":"https:\/\/gysfm.com.ar\/inicio\/wp-json\/wp\/v2\/categories?post=193552"},{"taxonomy":"post_tag","embeddable":true,"href":"https:\/\/gysfm.com.ar\/inicio\/wp-json\/wp\/v2\/tags?post=193552"}],"curies":[{"name":"wp","href":"https:\/\/api.w.org\/{rel}","templated":true}]}}