{"id":193551,"date":"2026-04-28T19:44:20","date_gmt":"2026-04-28T22:44:20","guid":{"rendered":"https:\/\/gysfm.com.ar\/inicio\/peter-thiel-es-solo-el-boton-de-muestra\/"},"modified":"2026-04-28T19:44:20","modified_gmt":"2026-04-28T22:44:20","slug":"peter-thiel-es-solo-el-boton-de-muestra","status":"publish","type":"post","link":"https:\/\/gysfm.com.ar\/inicio\/peter-thiel-es-solo-el-boton-de-muestra\/","title":{"rendered":"Peter Thiel es s\u00f3lo el bot\u00f3n de muestra"},"content":{"rendered":"<p><\/p>\n<div id=\"article-content\">\n<p>Una inesperada operaci\u00f3n inmobiliaria sacude la herm\u00e9tica tradici\u00f3n del exclusivo <strong>Barrio Parque de la Ciudad de Buenos Aires<\/strong> y ocupa a la prensa local e internacional, que le dedican una significativa porci\u00f3n de su centimetraje impreso y digital.<\/p>\n<p>Se trata de la compra por <strong>US$ 12 millones <\/strong>de un <a target=\"_blank\" href=\"https:\/\/www.perfil.com\/noticias\/nea\/peter-thiel-en-argentina-negocios-poder-y-senales-al-modelo-milei.phtml\">estupendo inmueble realizada por el multimillonario tecnol\u00f3gico Peter Thiel<\/a>, un norteamericano nacido en Alemania y educado en Namibia, para finalmente trasladarse a Estados Unidos, donde estudia Filosof\u00eda en la Universidad de Stanford antes de iniciar su superexitosa carrera como empresario inform\u00e1tico.<\/p>\n<p>Es verdad que la compra de ese inmueble reviste enorme importancia. Pero no por la conmoci\u00f3n que caus\u00f3 en ese barrio, ni tampoco por el precio que se pag\u00f3 por ella. O porqu\u00e9 est\u00e9 justo enfrente a la mansi\u00f3n de Susana Gim\u00e9nez. No. Su importancia reside en la razones pol\u00edticas y estrat\u00e9gicas que tiene el personaje que decidi\u00f3 hacer esa compra.<\/p>\n<div class=\"subscription\">\n<p>\n        Esto no les gusta a los autoritarios\n    <\/p>\n<div class=\"subscription__container\">\n<div class=\"subscription__text-wrapper\">\n<p>\n                El ejercicio del periodismo profesional y cr\u00edtico es un pilar fundamental de la democracia. Por eso molesta a quienes creen ser los due\u00f1os de la verdad.\n            <\/p>\n<\/p><\/div><\/div>\n<\/div>\n<p>Veamos: en la edici\u00f3n digital del s\u00e1bado 25 de abril, el <em>New York Post <\/em>nos da una pista: <\/p>\n<p>\u201cBuenos Aires es s\u00f3lo la \u00faltima pieza de lo que constituye una estrategia global meticulosamente construida. Thiel ha dedicado a\u00f1os a conformar una cartera de residencias, pasaportes y presencia legal en m\u00faltiples continentes. <\/p>\n<p>\u201cEn Nueva Zelanda, obtuvo la ciudadan\u00eda \u2014un proceso que gener\u00f3 gran controversia debido a la rapidez con que se le concedi\u00f3\u2014 y, con ella, el derecho de residencia en todo el corredor del Pac\u00edfico, incluyendo Australia\u201d<\/p>\n<p>\u00bfSe propondr\u00e1 Thiel obtener tambi\u00e9n la ciudadan\u00eda argentina? No lo sabemos, pero tampoco lo descartamos.<\/p>\n<p>\u00bfPor qu\u00e9 es tan importante lo que hace este hombre y cu\u00e1les son las razones que motorizan sus decisiones? <\/p>\n<p>Para responder esta pregunta hay que remontarse a unos a\u00f1os atr\u00e1s. Conocer desde el inicio, los objetivos y planes de un reducido grupo de afortunados emprendedores &#8211; de los cuales <strong>Peter Thiel <\/strong>es s\u00f3lo el bot\u00f3n de muestra -que en pocos a\u00f1os se convirtieron en propietarios de las empresas m\u00e1s poderosas del planeta, due\u00f1as de la acumulaci\u00f3n y el manejo de toda la informaci\u00f3n que genera la humanidad y desarrolladoras de sistemas de vigilancia y construcci\u00f3n de la opini\u00f3n p\u00fablica con niveles de concentraci\u00f3n jam\u00e1s alcanzados en toda la historia de la humanidad.<\/p>\n<p>El libro <em>El Fin de la Historia<\/em> de <strong>Jonathan Taplin<\/strong> nos da otra pista: \u201cMarc Andreessen, Elon Musk, Peter Thiel y Mark Zuckerberg son los multimillonarios que quieren gobernar al mundo\u201d nos avisaba Taplin algunos a\u00f1os atr\u00e1s. <\/p>\n<p>\u201cLos cuatro tecn\u00f3cratas son parte de un movimiento ideol\u00f3gico que solo puede ser caracterizado como anarcho-libertarian y eso impulsa muchos de sus planes para nuestro futuro\u201d describ\u00eda Taplin en ese libro de imperdible lectura. Y profetizaba acertadamente: \u201cEllos constituir\u00e1n una poderosa camarilla <em>Make America Great Again <\/em>(<em>Maga<\/em>) dentro de la nueva mayor\u00eda republicana de la C\u00e1mara\u201d.<\/p>\n<blockquote>\n<p><a target=\"_blank\" href=\"https:\/\/www.perfil.com\/noticias\/opinion\/jonathan-taplin-y-los-cuatro-jinetes-del-apocalipsis-tecnocratico.phtml\">Marc Andreessen, Elon Musk, Peter Thiel y Mark Zuckerberg son los multimillonarios que quieren gobernar al mundo&#8217; nos avisaba Taplin algunos a\u00f1os atr\u00e1s\u00bb<\/a><\/p>\n<\/blockquote>\n<p>Los aciertos comprobables que expresa en su libro Jonathan Taplin &#8211; un norteamericano formado en la setentista cultura liberal de su pa\u00eds &#8211; hacen m\u00e1s veros\u00edmil sudenuncia de los planes que tiene esta \u201coligarqu\u00eda tecnocr\u00e1tica\u201d para nuestro futuro: \u201c\u2026 cuatro proyectos para los que necesitar\u00e1n como capital de inversi\u00f3n, decenas de billones de d\u00f3lares (mayormente p\u00fablicos) en las pr\u00f3ximas dos d\u00e9cadas. Est\u00e1n seguros que nosotros les daremos ese dinero\u201d.<\/p>\n<p>Seg\u00fan Taplin, esos cuatro proyectos son \u201cel metaverso, la criptomoneda, los viajes humanos y colonizaci\u00f3n de planetas distantes, y el transhumanismo \u2026 todos son los primeros pasos hacia uno que los cuatro hombres apoyan: el transhumanismo\u201d.<\/p>\n<p>El transhumanismo. Esa idea a la que Francis Fukuyama calific\u00f3 como \u201cla m\u00e1s peligrosa del mundo\u201d en su libro El fin de la Historia, porque se contrapone al liberalismo pol\u00edtico, un pensamiento al que Fukuyama define como \u201cla creencia de que todos poseemos una esencia humana que se manifiesta en las peque\u00f1as diferencias: en el color de la piel, la belleza e incluso la inteligencia. Por lo tanto, todos los individuos tienen un valor inherente\u201d. <\/p>\n<p>Modificar esa esencia es el n\u00facleo del<strong> proyecto transhumanista<\/strong> que motorizan con su poder econ\u00f3mico estos cuatro oligarcas tecnocr\u00e1ticos. Forzando situaciones para encaminar a la humanidad hacia una globalizaci\u00f3n tecnocr\u00e1tica que promete vida eterna y bienestar infinito para unos pocos a cambio de negar el derecho a la vida y a la identidad de todos los dem\u00e1s, y despreciar nuestra condici\u00f3n humana para reemplazarla por un universo de cyborgs (pocos) que declaran el fin de la humanidad y de todos nosotros como parte de ella.<\/p>\n<p>Es en el transhumanismo donde la figura de Thiel se vuelve relevante y estrat\u00e9gica. Es desde all\u00ed donde debemos interpretar los \u00e9xitos comerciales y estrat\u00e9gicos de sus emprendimientos empresarios, la proclama transhumanista de su empresa Palantir, sus declaraciones de desprecio por la democracia. Es desde all\u00ed donde podemos comprender mejor su admiraci\u00f3n por el proyecto que Javier Milei intenta instalar en la Argentina.<\/p>\n<p>Thiel manifiesta que \u201clas ideas de Javier Milei son tan relevantes a nivel global como para Argentina\u201d. Coincide con el actual primer mandatario argentino en que \u201clos que generan riqueza y ganan dinero, si no hay nada raro en el medio, son h\u00e9roes, benefactores sociales\u201d. Y cree encontrar en la Argentina del modelo anarco-capitalista por el que brega Milei, al huevo de la serpiente que esparcir\u00e1 el transhumanismo global de los oligarcas tecnocr\u00e1ticos al resto del planeta. <\/p>\n<p>Thiel cree que en la Argentina de Milei han encontrado la Tierra Prometida alejada de los riesgos de cualquier confrontaci\u00f3n nuclear. Cree que podr\u00e1 imponer en distintas partes del mundo a los <strong>partidos tecno-fascistas<\/strong> que crecen a costa de las debilidades procedimentales de algunas democracias. <\/p>\n<p>Que podr\u00e1 desarrollar impunemente sus alianzas en el complejo militar-digital que pone a prueba el equilibrio geopol\u00edtico global. Que profundizar\u00e1 el control social a trav\u00e9s de sus empresas de vigilancia digital y seguir\u00e1 expandiendo impunemente el control tecnocr\u00e1tico sobre el espacio de las comunicaciones. Eso cree Thiel. Pero se equivoca. <\/p>\n<p>La Argentina anarco-capitalista con la que alucina Milei no es la Argentina por la que luchan y trabajan la mayor\u00eda de los argentinos y argentinas.  <\/p>\n<p>En 2024, en Infoworkers descubrimos y acercamos a la Argentina el pensamiento que Jonathan Taplin expresaba en su libro <em>The End of Reality.<\/em> En junio de ese a\u00f1o organizamos una serie de eventos en los que Taplin expres\u00f3 sus ideas junto con la de otros referentes internacionales, como el soci\u00f3logo Manuel Castells y la doctora Emilce Cuda. <\/p>\n<p>Hoy, junto con la Universidad Nacional de Avellaneda y la Feria Internacional del Libro de Buenos Aires, hemos logrado que Taplin venga a Buenos Aires, para ayudarnos a articular una mirada comprensiva del accionar de estos oligarcas tecnocr\u00e1ticos tan cercana a la realidad como han demostrado ser las advertencias que Taplin nos hiciera algunos a\u00f1os atr\u00e1s. <\/p>\n<p>En 2024, Infoworkers bautiz\u00f3 a ese grupo de multimillonarios tecnol\u00f3gicos como los \u201cJinetes del Apocalipsis Tecnocr\u00e1tico\u201d. Un calificativo que el tiempo demostr\u00f3 que era tan siniestro comoacertado.<\/p>\n<h4><em>*Presidente de la Asociaci\u00f3n Civil Infoworkers \u2013 Secretario Ejecutivo del Instituto de Pol\u00edticas P\u00fablicas IPOPU de la Universidad Nacional de Avellaneda<\/em><br \/><\/h4>\n<\/p><\/div>\n<p><script>\n                !function(f,b,e,v,n,t,s)\n                {if(f.fbq)return;n=f.fbq=function(){n.callMethod?\n                    n.callMethod.apply(n,arguments):n.queue.push(arguments)};\n                    if(!f._fbq)f._fbq=n;n.push=n;n.loaded=!0;n.version='2.0';\n                    n.queue=[];t=b.createElement(e);t.async=!0;\n                    t.src=v;s=b.getElementsByTagName(e)[0];\n                    s.parentNode.insertBefore(t,s)}(window, document,'script',\n                    'https:\/\/connect.facebook.net\/en_US\/fbevents.js');\n                window.paywallConfig.facebook_pixel=\"1000228364089342\"\n            <\/script><\/p>\n","protected":false},"excerpt":{"rendered":"<p>Una inesperada operaci\u00f3n inmobiliaria sacude la herm\u00e9tica tradici\u00f3n del exclusivo Barrio Parque de la Ciudad de Buenos Aires y ocupa a la prensa local e internacional, que le dedican una significativa porci\u00f3n de su centimetraje impreso y digital. Se trata de la compra por US$ 12 millones de un estupendo inmueble realizada por el multimillonario [&hellip;]<\/p>\n","protected":false},"author":2,"featured_media":192617,"comment_status":"closed","ping_status":"closed","sticky":false,"template":"","format":"standard","meta":{"footnotes":""},"categories":[25],"tags":[],"class_list":["post-193551","post","type-post","status-publish","format-standard","has-post-thumbnail","hentry","category-nacionales"],"yoast_head":"<!-- This site is optimized with the Yoast SEO plugin v24.4 - https:\/\/yoast.com\/wordpress\/plugins\/seo\/ -->\n<title>Peter Thiel es s\u00f3lo el bot\u00f3n de muestra - GYS NOTICIAS |<\/title>\n<meta name=\"robots\" content=\"index, follow, max-snippet:-1, max-image-preview:large, max-video-preview:-1\" \/>\n<link rel=\"canonical\" href=\"https:\/\/gysfm.com.ar\/inicio\/peter-thiel-es-solo-el-boton-de-muestra\/\" \/>\n<meta property=\"og:locale\" content=\"es_ES\" \/>\n<meta property=\"og:type\" content=\"article\" \/>\n<meta property=\"og:title\" content=\"Peter Thiel es s\u00f3lo el bot\u00f3n de muestra - GYS NOTICIAS |\" \/>\n<meta property=\"og:description\" content=\"Una inesperada operaci\u00f3n inmobiliaria sacude la herm\u00e9tica tradici\u00f3n del exclusivo Barrio Parque de la Ciudad de Buenos Aires y ocupa a la prensa local e internacional, que le dedican una significativa porci\u00f3n de su centimetraje impreso y digital. Se trata de la compra por US$ 12 millones de un estupendo inmueble realizada por el multimillonario [&hellip;]\" \/>\n<meta property=\"og:url\" content=\"https:\/\/gysfm.com.ar\/inicio\/peter-thiel-es-solo-el-boton-de-muestra\/\" \/>\n<meta property=\"og:site_name\" content=\"GYS NOTICIAS |\" \/>\n<meta property=\"article:published_time\" content=\"2026-04-28T22:44:20+00:00\" \/>\n<meta name=\"author\" content=\"Prensa G&amp;S FM\" \/>\n<meta name=\"twitter:card\" content=\"summary_large_image\" \/>\n<meta name=\"twitter:label1\" content=\"Escrito por\" \/>\n\t<meta name=\"twitter:data1\" content=\"Prensa G&amp;S FM\" \/>\n\t<meta name=\"twitter:label2\" content=\"Tiempo de lectura\" \/>\n\t<meta name=\"twitter:data2\" content=\"6 minutos\" \/>\n<script type=\"application\/ld+json\" class=\"yoast-schema-graph\">{\"@context\":\"https:\/\/schema.org\",\"@graph\":[{\"@type\":\"Article\",\"@id\":\"https:\/\/gysfm.com.ar\/inicio\/peter-thiel-es-solo-el-boton-de-muestra\/#article\",\"isPartOf\":{\"@id\":\"https:\/\/gysfm.com.ar\/inicio\/peter-thiel-es-solo-el-boton-de-muestra\/\"},\"author\":{\"name\":\"Prensa G&amp;S FM\",\"@id\":\"https:\/\/gysfm.com.ar\/inicio\/#\/schema\/person\/3abba7593ef2ad19e1be221d54383dc5\"},\"headline\":\"Peter Thiel es s\u00f3lo el bot\u00f3n de muestra\",\"datePublished\":\"2026-04-28T22:44:20+00:00\",\"mainEntityOfPage\":{\"@id\":\"https:\/\/gysfm.com.ar\/inicio\/peter-thiel-es-solo-el-boton-de-muestra\/\"},\"wordCount\":1295,\"publisher\":{\"@id\":\"https:\/\/gysfm.com.ar\/inicio\/#organization\"},\"image\":{\"@id\":\"https:\/\/gysfm.com.ar\/inicio\/peter-thiel-es-solo-el-boton-de-muestra\/#primaryimage\"},\"thumbnailUrl\":\"https:\/\/gysfm.com.ar\/inicio\/wp-content\/uploads\/2026\/04\/peter-thiel-20260423-2226534.jpg\",\"articleSection\":[\"NACIONALES\"],\"inLanguage\":\"es\"},{\"@type\":\"WebPage\",\"@id\":\"https:\/\/gysfm.com.ar\/inicio\/peter-thiel-es-solo-el-boton-de-muestra\/\",\"url\":\"https:\/\/gysfm.com.ar\/inicio\/peter-thiel-es-solo-el-boton-de-muestra\/\",\"name\":\"Peter Thiel es s\u00f3lo el bot\u00f3n de muestra - GYS NOTICIAS |\",\"isPartOf\":{\"@id\":\"https:\/\/gysfm.com.ar\/inicio\/#website\"},\"primaryImageOfPage\":{\"@id\":\"https:\/\/gysfm.com.ar\/inicio\/peter-thiel-es-solo-el-boton-de-muestra\/#primaryimage\"},\"image\":{\"@id\":\"https:\/\/gysfm.com.ar\/inicio\/peter-thiel-es-solo-el-boton-de-muestra\/#primaryimage\"},\"thumbnailUrl\":\"https:\/\/gysfm.com.ar\/inicio\/wp-content\/uploads\/2026\/04\/peter-thiel-20260423-2226534.jpg\",\"datePublished\":\"2026-04-28T22:44:20+00:00\",\"breadcrumb\":{\"@id\":\"https:\/\/gysfm.com.ar\/inicio\/peter-thiel-es-solo-el-boton-de-muestra\/#breadcrumb\"},\"inLanguage\":\"es\",\"potentialAction\":[{\"@type\":\"ReadAction\",\"target\":[\"https:\/\/gysfm.com.ar\/inicio\/peter-thiel-es-solo-el-boton-de-muestra\/\"]}]},{\"@type\":\"ImageObject\",\"inLanguage\":\"es\",\"@id\":\"https:\/\/gysfm.com.ar\/inicio\/peter-thiel-es-solo-el-boton-de-muestra\/#primaryimage\",\"url\":\"https:\/\/gysfm.com.ar\/inicio\/wp-content\/uploads\/2026\/04\/peter-thiel-20260423-2226534.jpg\",\"contentUrl\":\"https:\/\/gysfm.com.ar\/inicio\/wp-content\/uploads\/2026\/04\/peter-thiel-20260423-2226534.jpg\",\"width\":1140,\"height\":641},{\"@type\":\"BreadcrumbList\",\"@id\":\"https:\/\/gysfm.com.ar\/inicio\/peter-thiel-es-solo-el-boton-de-muestra\/#breadcrumb\",\"itemListElement\":[{\"@type\":\"ListItem\",\"position\":1,\"name\":\"Portada\",\"item\":\"https:\/\/gysfm.com.ar\/inicio\/\"},{\"@type\":\"ListItem\",\"position\":2,\"name\":\"Peter Thiel es s\u00f3lo el bot\u00f3n de muestra\"}]},{\"@type\":\"WebSite\",\"@id\":\"https:\/\/gysfm.com.ar\/inicio\/#website\",\"url\":\"https:\/\/gysfm.com.ar\/inicio\/\",\"name\":\"GYS NOTICIAS |\",\"description\":\"DIARIO - RADIO ONLINE SAN JUAN ARGENTINA\",\"publisher\":{\"@id\":\"https:\/\/gysfm.com.ar\/inicio\/#organization\"},\"potentialAction\":[{\"@type\":\"SearchAction\",\"target\":{\"@type\":\"EntryPoint\",\"urlTemplate\":\"https:\/\/gysfm.com.ar\/inicio\/?s={search_term_string}\"},\"query-input\":{\"@type\":\"PropertyValueSpecification\",\"valueRequired\":true,\"valueName\":\"search_term_string\"}}],\"inLanguage\":\"es\"},{\"@type\":\"Organization\",\"@id\":\"https:\/\/gysfm.com.ar\/inicio\/#organization\",\"name\":\"GYS NOTICIAS |\",\"url\":\"https:\/\/gysfm.com.ar\/inicio\/\",\"logo\":{\"@type\":\"ImageObject\",\"inLanguage\":\"es\",\"@id\":\"https:\/\/gysfm.com.ar\/inicio\/#\/schema\/logo\/image\/\",\"url\":\"https:\/\/gysfm.com.ar\/inicio\/wp-content\/uploads\/2023\/07\/LOGOGYS-OK.png\",\"contentUrl\":\"https:\/\/gysfm.com.ar\/inicio\/wp-content\/uploads\/2023\/07\/LOGOGYS-OK.png\",\"width\":1170,\"height\":872,\"caption\":\"GYS NOTICIAS |\"},\"image\":{\"@id\":\"https:\/\/gysfm.com.ar\/inicio\/#\/schema\/logo\/image\/\"}},{\"@type\":\"Person\",\"@id\":\"https:\/\/gysfm.com.ar\/inicio\/#\/schema\/person\/3abba7593ef2ad19e1be221d54383dc5\",\"name\":\"Prensa G&amp;S FM\",\"image\":{\"@type\":\"ImageObject\",\"inLanguage\":\"es\",\"@id\":\"https:\/\/gysfm.com.ar\/inicio\/#\/schema\/person\/image\/\",\"url\":\"https:\/\/secure.gravatar.com\/avatar\/096ec78df02049ab018702bb4ccedf659377fa92a26540b5247612077a0dbd29?s=96&d=mm&r=g\",\"contentUrl\":\"https:\/\/secure.gravatar.com\/avatar\/096ec78df02049ab018702bb4ccedf659377fa92a26540b5247612077a0dbd29?s=96&d=mm&r=g\",\"caption\":\"Prensa G&amp;S FM\"},\"sameAs\":[\"https:\/\/gysfm.com.ar\/\"],\"url\":\"https:\/\/gysfm.com.ar\/inicio\/author\/lucasm\/\"}]}<\/script>\n<!-- \/ Yoast SEO plugin. -->","yoast_head_json":{"title":"Peter Thiel es s\u00f3lo el bot\u00f3n de muestra - GYS NOTICIAS |","robots":{"index":"index","follow":"follow","max-snippet":"max-snippet:-1","max-image-preview":"max-image-preview:large","max-video-preview":"max-video-preview:-1"},"canonical":"https:\/\/gysfm.com.ar\/inicio\/peter-thiel-es-solo-el-boton-de-muestra\/","og_locale":"es_ES","og_type":"article","og_title":"Peter Thiel es s\u00f3lo el bot\u00f3n de muestra - GYS NOTICIAS |","og_description":"Una inesperada operaci\u00f3n inmobiliaria sacude la herm\u00e9tica tradici\u00f3n del exclusivo Barrio Parque de la Ciudad de Buenos Aires y ocupa a la prensa local e internacional, que le dedican una significativa porci\u00f3n de su centimetraje impreso y digital. Se trata de la compra por US$ 12 millones de un estupendo inmueble realizada por el multimillonario [&hellip;]","og_url":"https:\/\/gysfm.com.ar\/inicio\/peter-thiel-es-solo-el-boton-de-muestra\/","og_site_name":"GYS NOTICIAS |","article_published_time":"2026-04-28T22:44:20+00:00","author":"Prensa G&amp;S FM","twitter_card":"summary_large_image","twitter_misc":{"Escrito por":"Prensa G&amp;S FM","Tiempo de lectura":"6 minutos"},"schema":{"@context":"https:\/\/schema.org","@graph":[{"@type":"Article","@id":"https:\/\/gysfm.com.ar\/inicio\/peter-thiel-es-solo-el-boton-de-muestra\/#article","isPartOf":{"@id":"https:\/\/gysfm.com.ar\/inicio\/peter-thiel-es-solo-el-boton-de-muestra\/"},"author":{"name":"Prensa G&amp;S FM","@id":"https:\/\/gysfm.com.ar\/inicio\/#\/schema\/person\/3abba7593ef2ad19e1be221d54383dc5"},"headline":"Peter Thiel es s\u00f3lo el bot\u00f3n de muestra","datePublished":"2026-04-28T22:44:20+00:00","mainEntityOfPage":{"@id":"https:\/\/gysfm.com.ar\/inicio\/peter-thiel-es-solo-el-boton-de-muestra\/"},"wordCount":1295,"publisher":{"@id":"https:\/\/gysfm.com.ar\/inicio\/#organization"},"image":{"@id":"https:\/\/gysfm.com.ar\/inicio\/peter-thiel-es-solo-el-boton-de-muestra\/#primaryimage"},"thumbnailUrl":"https:\/\/gysfm.com.ar\/inicio\/wp-content\/uploads\/2026\/04\/peter-thiel-20260423-2226534.jpg","articleSection":["NACIONALES"],"inLanguage":"es"},{"@type":"WebPage","@id":"https:\/\/gysfm.com.ar\/inicio\/peter-thiel-es-solo-el-boton-de-muestra\/","url":"https:\/\/gysfm.com.ar\/inicio\/peter-thiel-es-solo-el-boton-de-muestra\/","name":"Peter Thiel es s\u00f3lo el bot\u00f3n de muestra - GYS NOTICIAS |","isPartOf":{"@id":"https:\/\/gysfm.com.ar\/inicio\/#website"},"primaryImageOfPage":{"@id":"https:\/\/gysfm.com.ar\/inicio\/peter-thiel-es-solo-el-boton-de-muestra\/#primaryimage"},"image":{"@id":"https:\/\/gysfm.com.ar\/inicio\/peter-thiel-es-solo-el-boton-de-muestra\/#primaryimage"},"thumbnailUrl":"https:\/\/gysfm.com.ar\/inicio\/wp-content\/uploads\/2026\/04\/peter-thiel-20260423-2226534.jpg","datePublished":"2026-04-28T22:44:20+00:00","breadcrumb":{"@id":"https:\/\/gysfm.com.ar\/inicio\/peter-thiel-es-solo-el-boton-de-muestra\/#breadcrumb"},"inLanguage":"es","potentialAction":[{"@type":"ReadAction","target":["https:\/\/gysfm.com.ar\/inicio\/peter-thiel-es-solo-el-boton-de-muestra\/"]}]},{"@type":"ImageObject","inLanguage":"es","@id":"https:\/\/gysfm.com.ar\/inicio\/peter-thiel-es-solo-el-boton-de-muestra\/#primaryimage","url":"https:\/\/gysfm.com.ar\/inicio\/wp-content\/uploads\/2026\/04\/peter-thiel-20260423-2226534.jpg","contentUrl":"https:\/\/gysfm.com.ar\/inicio\/wp-content\/uploads\/2026\/04\/peter-thiel-20260423-2226534.jpg","width":1140,"height":641},{"@type":"BreadcrumbList","@id":"https:\/\/gysfm.com.ar\/inicio\/peter-thiel-es-solo-el-boton-de-muestra\/#breadcrumb","itemListElement":[{"@type":"ListItem","position":1,"name":"Portada","item":"https:\/\/gysfm.com.ar\/inicio\/"},{"@type":"ListItem","position":2,"name":"Peter Thiel es s\u00f3lo el bot\u00f3n de muestra"}]},{"@type":"WebSite","@id":"https:\/\/gysfm.com.ar\/inicio\/#website","url":"https:\/\/gysfm.com.ar\/inicio\/","name":"GYS NOTICIAS |","description":"DIARIO - RADIO ONLINE SAN JUAN ARGENTINA","publisher":{"@id":"https:\/\/gysfm.com.ar\/inicio\/#organization"},"potentialAction":[{"@type":"SearchAction","target":{"@type":"EntryPoint","urlTemplate":"https:\/\/gysfm.com.ar\/inicio\/?s={search_term_string}"},"query-input":{"@type":"PropertyValueSpecification","valueRequired":true,"valueName":"search_term_string"}}],"inLanguage":"es"},{"@type":"Organization","@id":"https:\/\/gysfm.com.ar\/inicio\/#organization","name":"GYS NOTICIAS |","url":"https:\/\/gysfm.com.ar\/inicio\/","logo":{"@type":"ImageObject","inLanguage":"es","@id":"https:\/\/gysfm.com.ar\/inicio\/#\/schema\/logo\/image\/","url":"https:\/\/gysfm.com.ar\/inicio\/wp-content\/uploads\/2023\/07\/LOGOGYS-OK.png","contentUrl":"https:\/\/gysfm.com.ar\/inicio\/wp-content\/uploads\/2023\/07\/LOGOGYS-OK.png","width":1170,"height":872,"caption":"GYS NOTICIAS |"},"image":{"@id":"https:\/\/gysfm.com.ar\/inicio\/#\/schema\/logo\/image\/"}},{"@type":"Person","@id":"https:\/\/gysfm.com.ar\/inicio\/#\/schema\/person\/3abba7593ef2ad19e1be221d54383dc5","name":"Prensa G&amp;S FM","image":{"@type":"ImageObject","inLanguage":"es","@id":"https:\/\/gysfm.com.ar\/inicio\/#\/schema\/person\/image\/","url":"https:\/\/secure.gravatar.com\/avatar\/096ec78df02049ab018702bb4ccedf659377fa92a26540b5247612077a0dbd29?s=96&d=mm&r=g","contentUrl":"https:\/\/secure.gravatar.com\/avatar\/096ec78df02049ab018702bb4ccedf659377fa92a26540b5247612077a0dbd29?s=96&d=mm&r=g","caption":"Prensa G&amp;S FM"},"sameAs":["https:\/\/gysfm.com.ar\/"],"url":"https:\/\/gysfm.com.ar\/inicio\/author\/lucasm\/"}]}},"_links":{"self":[{"href":"https:\/\/gysfm.com.ar\/inicio\/wp-json\/wp\/v2\/posts\/193551","targetHints":{"allow":["GET"]}}],"collection":[{"href":"https:\/\/gysfm.com.ar\/inicio\/wp-json\/wp\/v2\/posts"}],"about":[{"href":"https:\/\/gysfm.com.ar\/inicio\/wp-json\/wp\/v2\/types\/post"}],"author":[{"embeddable":true,"href":"https:\/\/gysfm.com.ar\/inicio\/wp-json\/wp\/v2\/users\/2"}],"replies":[{"embeddable":true,"href":"https:\/\/gysfm.com.ar\/inicio\/wp-json\/wp\/v2\/comments?post=193551"}],"version-history":[{"count":0,"href":"https:\/\/gysfm.com.ar\/inicio\/wp-json\/wp\/v2\/posts\/193551\/revisions"}],"wp:featuredmedia":[{"embeddable":true,"href":"https:\/\/gysfm.com.ar\/inicio\/wp-json\/wp\/v2\/media\/192617"}],"wp:attachment":[{"href":"https:\/\/gysfm.com.ar\/inicio\/wp-json\/wp\/v2\/media?parent=193551"}],"wp:term":[{"taxonomy":"category","embeddable":true,"href":"https:\/\/gysfm.com.ar\/inicio\/wp-json\/wp\/v2\/categories?post=193551"},{"taxonomy":"post_tag","embeddable":true,"href":"https:\/\/gysfm.com.ar\/inicio\/wp-json\/wp\/v2\/tags?post=193551"}],"curies":[{"name":"wp","href":"https:\/\/api.w.org\/{rel}","templated":true}]}}