{"id":193549,"date":"2026-04-28T19:31:30","date_gmt":"2026-04-28T22:31:30","guid":{"rendered":"https:\/\/gysfm.com.ar\/inicio\/fiesta-de-goles-psg-se-impuso-5-4-a-bayern-munich-en-la-ida-de-semis-de-la-champions-ole\/"},"modified":"2026-04-28T19:31:30","modified_gmt":"2026-04-28T22:31:30","slug":"fiesta-de-goles-psg-se-impuso-5-4-a-bayern-munich-en-la-ida-de-semis-de-la-champions-ole","status":"publish","type":"post","link":"https:\/\/gysfm.com.ar\/inicio\/fiesta-de-goles-psg-se-impuso-5-4-a-bayern-munich-en-la-ida-de-semis-de-la-champions-ole\/","title":{"rendered":"Fiesta de goles: PSG se impuso 5-4 a Bayern Munich en la ida de semis de la Champions :: Ol\u00e9"},"content":{"rendered":"<p> <br \/>\n<\/p>\n<p><span class=\"createDate\">28\/04\/2026 15:55hs.<\/span><time class=\"modificatedDate\" datetime=\"2026-04-28T18:27:45-03:00\"> Actualizado al 28\/04\/2026 18:27hs.<\/time><\/p>\n<div id=\"storyBody\">\n<div id=\"element-body-0\" class=\"sc-136cd478-0 ekTCfV\">\n<p>Era una promesa de partidazo. Por los equipos en cuesti\u00f3n, sus respectivos presentes y las figuras en cancha. <strong>PSG y Bayern Munich <\/strong> no defraudaron en la ida de las semis de la Champions League. <strong>Fue 5-4 en Par\u00eds, en el Parque de los Pr\u00edncipes. <\/strong> M\u00ednima ventaja para los \u00faltimos campeones de la Orejona y una serie abierta que se definir\u00e1 la pr\u00f3xima semana. <\/p>\n<\/div>\n<div id=\"element-body-1\" class=\"sc-136cd478-0 ekTCfV\">\n<p>Los primeros 15 minutos fueron de sumo estudio, pr\u00e1cticamente sin remates al arco <strong>.<\/strong> Posesi\u00f3n de bal\u00f3n y pocas nueces. Lejos de lo esperado. <strong>Pero despu\u00e9s del 1-0 anotado por Harry Kane de penal, el panorama cambi\u00f3 rotundamente.<\/strong> Se rompi\u00f3 el mediocampo y empezaron a intercambiar golpe por golpe. La cautela le dio lugar a una hermosa anarqu\u00eda futbol\u00edstica. <strong>Kvaratskhelia lo igual\u00f3 de zurda a los 24&#8242; y, apenas pasada la media hora, Joao Neves le gan\u00f3 de cabeza a Musiala en un tiro de esquina para el 2-1 de PSG.<\/strong> En ese sinf\u00edn de ataques y respuestas, <strong> el picante Olise sac\u00f3 un zurdazo b\u00e1rbaro para el 2-2 a los 41&#8242;<\/strong> y, cuando el primer tiempo estaba por llegar a su fin, el \u00e1rbitro cobr\u00f3 un pol\u00e9mico penal -a instancias del VAR- <strong> por mano de Alphonso Davies tras remate de Demb\u00e9l\u00e9.<\/strong> El \u00faltimo Bal\u00f3n de Oro clav\u00f3 el tercer tanto para los locales en una etapa que dej\u00f3 sin aliento a todos por el desarrollo. Faltaba m\u00e1s, desde luego&#8230;<\/p>\n<\/div>\n<div class=\"sc-e7b891c4-0 ifHnQL image-embed\" id=\"element-body-2\"><img alt=\"Partidazo en Par\u00eds (AP). \" loading=\"lazy\" width=\"720\" height=\"100\" decoding=\"async\" data-nimg=\"1\" style=\"color:transparent\" src=\"https:\/\/www.ole.com.ar\/images\/2026\/04\/28\/yEWxb_B2c_720x0__1.jpg\"\/><span class=\"epigraphe\">Partidazo en Par\u00eds (AP). <\/span><\/div>\n<div id=\"element-body-3\" class=\"sc-136cd478-0 ekTCfV\">\n<p>Los dos goles de PSG antes del cuarto de hora del segundo tiempo ( <strong>Kvaratskhelia y Demb\u00e9l\u00e9)<\/strong>, aprovechando las gentilezas del fondo alem\u00e1n, parec\u00edan sentenciar la historia. Claro, eran tres goles de diferencia. Sin embargo, en este choque de colosos, Bayern volvi\u00f3 a reaccionar para achicar la desventaja. Primero, la aparici\u00f3n de <strong>Upamecano para empujarla luego de una pelota parada y, apenas un ratito despu\u00e9s, una definici\u00f3n exquisita del colombiano Luis D\u00edaz -ridiculizando a Marquinhos- para el 5-4. <\/strong> Todo en una r\u00e1faga de tres minutos. Un encuentro no apto para card\u00edacos, cambiante todo el tiempo. Para no despegarse de la TV o el celu. Y para disfrutar, con virtudes y errores naturales en ambos bandos. Es m\u00e1s, pudo haber sido empate a poco para el cierre, pero el ecuatoriano Pacho salv\u00f3 sobre la l\u00ednea &#8211; de cabeza- una pelota a\u00e9rea. Una acci\u00f3n heroica en una noche de locos en la Ciudad de las luces.<\/p>\n<\/div>\n<p><h2><strong>El resumen de goles<\/strong><\/h2>\n<\/p>\n<div id=\"element-body-6\" class=\"sc-136cd478-0 ekTCfV\">\n<p>La revancha de esta serie, l\u00f3gicamente abierta, ser\u00e1 en Alemania el pr\u00f3ximo mi\u00e9rcoles 6 de mayo. \u00bfQui\u00e9n llegar\u00e1 a la gran final el 30 de mayo en Hungr\u00eda?<\/p>\n<\/div>\n<p><h2><strong>Los videos<\/strong><\/h2>\n<\/p>\n<div id=\"element-body-8\" class=\"sc-ef81c825-1 evSCNc\"><figcaption class=\"JWvideoNota_title\">\n<p>Harry Kane pus\u00f3 el 1-0 con gol de penal. Video: FOX Sports<\/p>\n<\/figcaption><\/div>\n<div id=\"element-body-9\" class=\"sc-ef81c825-1 evSCNc\"><figcaption class=\"JWvideoNota_title\">\n<p>A los 24 minutos Kvaratskhelia firm\u00f3 el empate. Video: FOX Sports<\/p>\n<\/figcaption><\/div>\n<\/div>\n\n","protected":false},"excerpt":{"rendered":"<p>28\/04\/2026 15:55hs. Actualizado al 28\/04\/2026 18:27hs. Era una promesa de partidazo. Por los equipos en cuesti\u00f3n, sus respectivos presentes y las figuras en cancha. PSG y Bayern Munich no defraudaron en la ida de las semis de la Champions League. Fue 5-4 en Par\u00eds, en el Parque de los Pr\u00edncipes. M\u00ednima ventaja para los \u00faltimos [&hellip;]<\/p>\n","protected":false},"author":1,"featured_media":193550,"comment_status":"closed","ping_status":"closed","sticky":false,"template":"","format":"standard","meta":{"footnotes":""},"categories":[27],"tags":[],"class_list":["post-193549","post","type-post","status-publish","format-standard","has-post-thumbnail","hentry","category-deportes"],"yoast_head":"<!-- This site is optimized with the Yoast SEO plugin v24.4 - https:\/\/yoast.com\/wordpress\/plugins\/seo\/ -->\n<title>Fiesta de goles: PSG se impuso 5-4 a Bayern Munich en la ida de semis de la Champions :: Ol\u00e9 - GYS NOTICIAS |<\/title>\n<meta name=\"robots\" content=\"index, follow, max-snippet:-1, max-image-preview:large, max-video-preview:-1\" \/>\n<link rel=\"canonical\" href=\"https:\/\/gysfm.com.ar\/inicio\/fiesta-de-goles-psg-se-impuso-5-4-a-bayern-munich-en-la-ida-de-semis-de-la-champions-ole\/\" \/>\n<meta property=\"og:locale\" content=\"es_ES\" \/>\n<meta property=\"og:type\" content=\"article\" \/>\n<meta property=\"og:title\" content=\"Fiesta de goles: PSG se impuso 5-4 a Bayern Munich en la ida de semis de la Champions :: Ol\u00e9 - GYS NOTICIAS |\" \/>\n<meta property=\"og:description\" content=\"28\/04\/2026 15:55hs. Actualizado al 28\/04\/2026 18:27hs. Era una promesa de partidazo. Por los equipos en cuesti\u00f3n, sus respectivos presentes y las figuras en cancha. PSG y Bayern Munich no defraudaron en la ida de las semis de la Champions League. Fue 5-4 en Par\u00eds, en el Parque de los Pr\u00edncipes. M\u00ednima ventaja para los \u00faltimos [&hellip;]\" \/>\n<meta property=\"og:url\" content=\"https:\/\/gysfm.com.ar\/inicio\/fiesta-de-goles-psg-se-impuso-5-4-a-bayern-munich-en-la-ida-de-semis-de-la-champions-ole\/\" \/>\n<meta property=\"og:site_name\" content=\"GYS NOTICIAS |\" \/>\n<meta property=\"article:published_time\" content=\"2026-04-28T22:31:30+00:00\" \/>\n<meta property=\"og:image\" content=\"https:\/\/www.ole.com.ar\/images\/2026\/04\/28\/yEWxb_B2c_720x0__1.jpg\" \/>\n<meta name=\"author\" content=\"admin\" \/>\n<meta name=\"twitter:card\" content=\"summary_large_image\" \/>\n<meta name=\"twitter:label1\" content=\"Escrito por\" \/>\n\t<meta name=\"twitter:data1\" content=\"admin\" \/>\n\t<meta name=\"twitter:label2\" content=\"Tiempo de lectura\" \/>\n\t<meta name=\"twitter:data2\" content=\"2 minutos\" \/>\n<script type=\"application\/ld+json\" class=\"yoast-schema-graph\">{\"@context\":\"https:\/\/schema.org\",\"@graph\":[{\"@type\":\"Article\",\"@id\":\"https:\/\/gysfm.com.ar\/inicio\/fiesta-de-goles-psg-se-impuso-5-4-a-bayern-munich-en-la-ida-de-semis-de-la-champions-ole\/#article\",\"isPartOf\":{\"@id\":\"https:\/\/gysfm.com.ar\/inicio\/fiesta-de-goles-psg-se-impuso-5-4-a-bayern-munich-en-la-ida-de-semis-de-la-champions-ole\/\"},\"author\":{\"name\":\"admin\",\"@id\":\"https:\/\/gysfm.com.ar\/inicio\/#\/schema\/person\/5bedd7ecd35cc35548d89effafa23696\"},\"headline\":\"Fiesta de goles: PSG se impuso 5-4 a Bayern Munich en la ida de semis de la Champions :: Ol\u00e9\",\"datePublished\":\"2026-04-28T22:31:30+00:00\",\"mainEntityOfPage\":{\"@id\":\"https:\/\/gysfm.com.ar\/inicio\/fiesta-de-goles-psg-se-impuso-5-4-a-bayern-munich-en-la-ida-de-semis-de-la-champions-ole\/\"},\"wordCount\":500,\"publisher\":{\"@id\":\"https:\/\/gysfm.com.ar\/inicio\/#organization\"},\"image\":{\"@id\":\"https:\/\/gysfm.com.ar\/inicio\/fiesta-de-goles-psg-se-impuso-5-4-a-bayern-munich-en-la-ida-de-semis-de-la-champions-ole\/#primaryimage\"},\"thumbnailUrl\":\"https:\/\/gysfm.com.ar\/inicio\/wp-content\/uploads\/2026\/04\/BlMyCh9nd_2000x1500__1.jpg\",\"articleSection\":[\"DEPORTES\"],\"inLanguage\":\"es\"},{\"@type\":\"WebPage\",\"@id\":\"https:\/\/gysfm.com.ar\/inicio\/fiesta-de-goles-psg-se-impuso-5-4-a-bayern-munich-en-la-ida-de-semis-de-la-champions-ole\/\",\"url\":\"https:\/\/gysfm.com.ar\/inicio\/fiesta-de-goles-psg-se-impuso-5-4-a-bayern-munich-en-la-ida-de-semis-de-la-champions-ole\/\",\"name\":\"Fiesta de goles: PSG se impuso 5-4 a Bayern Munich en la ida de semis de la Champions :: Ol\u00e9 - GYS NOTICIAS |\",\"isPartOf\":{\"@id\":\"https:\/\/gysfm.com.ar\/inicio\/#website\"},\"primaryImageOfPage\":{\"@id\":\"https:\/\/gysfm.com.ar\/inicio\/fiesta-de-goles-psg-se-impuso-5-4-a-bayern-munich-en-la-ida-de-semis-de-la-champions-ole\/#primaryimage\"},\"image\":{\"@id\":\"https:\/\/gysfm.com.ar\/inicio\/fiesta-de-goles-psg-se-impuso-5-4-a-bayern-munich-en-la-ida-de-semis-de-la-champions-ole\/#primaryimage\"},\"thumbnailUrl\":\"https:\/\/gysfm.com.ar\/inicio\/wp-content\/uploads\/2026\/04\/BlMyCh9nd_2000x1500__1.jpg\",\"datePublished\":\"2026-04-28T22:31:30+00:00\",\"breadcrumb\":{\"@id\":\"https:\/\/gysfm.com.ar\/inicio\/fiesta-de-goles-psg-se-impuso-5-4-a-bayern-munich-en-la-ida-de-semis-de-la-champions-ole\/#breadcrumb\"},\"inLanguage\":\"es\",\"potentialAction\":[{\"@type\":\"ReadAction\",\"target\":[\"https:\/\/gysfm.com.ar\/inicio\/fiesta-de-goles-psg-se-impuso-5-4-a-bayern-munich-en-la-ida-de-semis-de-la-champions-ole\/\"]}]},{\"@type\":\"ImageObject\",\"inLanguage\":\"es\",\"@id\":\"https:\/\/gysfm.com.ar\/inicio\/fiesta-de-goles-psg-se-impuso-5-4-a-bayern-munich-en-la-ida-de-semis-de-la-champions-ole\/#primaryimage\",\"url\":\"https:\/\/gysfm.com.ar\/inicio\/wp-content\/uploads\/2026\/04\/BlMyCh9nd_2000x1500__1.jpg\",\"contentUrl\":\"https:\/\/gysfm.com.ar\/inicio\/wp-content\/uploads\/2026\/04\/BlMyCh9nd_2000x1500__1.jpg\",\"width\":2000,\"height\":1500},{\"@type\":\"BreadcrumbList\",\"@id\":\"https:\/\/gysfm.com.ar\/inicio\/fiesta-de-goles-psg-se-impuso-5-4-a-bayern-munich-en-la-ida-de-semis-de-la-champions-ole\/#breadcrumb\",\"itemListElement\":[{\"@type\":\"ListItem\",\"position\":1,\"name\":\"Portada\",\"item\":\"https:\/\/gysfm.com.ar\/inicio\/\"},{\"@type\":\"ListItem\",\"position\":2,\"name\":\"Fiesta de goles: PSG se impuso 5-4 a Bayern Munich en la ida de semis de la Champions :: Ol\u00e9\"}]},{\"@type\":\"WebSite\",\"@id\":\"https:\/\/gysfm.com.ar\/inicio\/#website\",\"url\":\"https:\/\/gysfm.com.ar\/inicio\/\",\"name\":\"GYS NOTICIAS |\",\"description\":\"DIARIO - RADIO ONLINE SAN JUAN ARGENTINA\",\"publisher\":{\"@id\":\"https:\/\/gysfm.com.ar\/inicio\/#organization\"},\"potentialAction\":[{\"@type\":\"SearchAction\",\"target\":{\"@type\":\"EntryPoint\",\"urlTemplate\":\"https:\/\/gysfm.com.ar\/inicio\/?s={search_term_string}\"},\"query-input\":{\"@type\":\"PropertyValueSpecification\",\"valueRequired\":true,\"valueName\":\"search_term_string\"}}],\"inLanguage\":\"es\"},{\"@type\":\"Organization\",\"@id\":\"https:\/\/gysfm.com.ar\/inicio\/#organization\",\"name\":\"GYS NOTICIAS |\",\"url\":\"https:\/\/gysfm.com.ar\/inicio\/\",\"logo\":{\"@type\":\"ImageObject\",\"inLanguage\":\"es\",\"@id\":\"https:\/\/gysfm.com.ar\/inicio\/#\/schema\/logo\/image\/\",\"url\":\"https:\/\/gysfm.com.ar\/inicio\/wp-content\/uploads\/2023\/07\/LOGOGYS-OK.png\",\"contentUrl\":\"https:\/\/gysfm.com.ar\/inicio\/wp-content\/uploads\/2023\/07\/LOGOGYS-OK.png\",\"width\":1170,\"height\":872,\"caption\":\"GYS NOTICIAS |\"},\"image\":{\"@id\":\"https:\/\/gysfm.com.ar\/inicio\/#\/schema\/logo\/image\/\"}},{\"@type\":\"Person\",\"@id\":\"https:\/\/gysfm.com.ar\/inicio\/#\/schema\/person\/5bedd7ecd35cc35548d89effafa23696\",\"name\":\"admin\",\"image\":{\"@type\":\"ImageObject\",\"inLanguage\":\"es\",\"@id\":\"https:\/\/gysfm.com.ar\/inicio\/#\/schema\/person\/image\/\",\"url\":\"https:\/\/secure.gravatar.com\/avatar\/c331d312b5243fb64d5ba28108a447b27c925295129a363082c9ea52c28d32c2?s=96&d=mm&r=g\",\"contentUrl\":\"https:\/\/secure.gravatar.com\/avatar\/c331d312b5243fb64d5ba28108a447b27c925295129a363082c9ea52c28d32c2?s=96&d=mm&r=g\",\"caption\":\"admin\"},\"sameAs\":[\"https:\/\/gysfm.com.ar\/inicio\"],\"url\":\"https:\/\/gysfm.com.ar\/inicio\/author\/admin\/\"}]}<\/script>\n<!-- \/ Yoast SEO plugin. -->","yoast_head_json":{"title":"Fiesta de goles: PSG se impuso 5-4 a Bayern Munich en la ida de semis de la Champions :: Ol\u00e9 - GYS NOTICIAS |","robots":{"index":"index","follow":"follow","max-snippet":"max-snippet:-1","max-image-preview":"max-image-preview:large","max-video-preview":"max-video-preview:-1"},"canonical":"https:\/\/gysfm.com.ar\/inicio\/fiesta-de-goles-psg-se-impuso-5-4-a-bayern-munich-en-la-ida-de-semis-de-la-champions-ole\/","og_locale":"es_ES","og_type":"article","og_title":"Fiesta de goles: PSG se impuso 5-4 a Bayern Munich en la ida de semis de la Champions :: Ol\u00e9 - GYS NOTICIAS |","og_description":"28\/04\/2026 15:55hs. Actualizado al 28\/04\/2026 18:27hs. Era una promesa de partidazo. Por los equipos en cuesti\u00f3n, sus respectivos presentes y las figuras en cancha. PSG y Bayern Munich no defraudaron en la ida de las semis de la Champions League. Fue 5-4 en Par\u00eds, en el Parque de los Pr\u00edncipes. M\u00ednima ventaja para los \u00faltimos [&hellip;]","og_url":"https:\/\/gysfm.com.ar\/inicio\/fiesta-de-goles-psg-se-impuso-5-4-a-bayern-munich-en-la-ida-de-semis-de-la-champions-ole\/","og_site_name":"GYS NOTICIAS |","article_published_time":"2026-04-28T22:31:30+00:00","og_image":[{"url":"https:\/\/www.ole.com.ar\/images\/2026\/04\/28\/yEWxb_B2c_720x0__1.jpg","type":"","width":"","height":""}],"author":"admin","twitter_card":"summary_large_image","twitter_misc":{"Escrito por":"admin","Tiempo de lectura":"2 minutos"},"schema":{"@context":"https:\/\/schema.org","@graph":[{"@type":"Article","@id":"https:\/\/gysfm.com.ar\/inicio\/fiesta-de-goles-psg-se-impuso-5-4-a-bayern-munich-en-la-ida-de-semis-de-la-champions-ole\/#article","isPartOf":{"@id":"https:\/\/gysfm.com.ar\/inicio\/fiesta-de-goles-psg-se-impuso-5-4-a-bayern-munich-en-la-ida-de-semis-de-la-champions-ole\/"},"author":{"name":"admin","@id":"https:\/\/gysfm.com.ar\/inicio\/#\/schema\/person\/5bedd7ecd35cc35548d89effafa23696"},"headline":"Fiesta de goles: PSG se impuso 5-4 a Bayern Munich en la ida de semis de la Champions :: Ol\u00e9","datePublished":"2026-04-28T22:31:30+00:00","mainEntityOfPage":{"@id":"https:\/\/gysfm.com.ar\/inicio\/fiesta-de-goles-psg-se-impuso-5-4-a-bayern-munich-en-la-ida-de-semis-de-la-champions-ole\/"},"wordCount":500,"publisher":{"@id":"https:\/\/gysfm.com.ar\/inicio\/#organization"},"image":{"@id":"https:\/\/gysfm.com.ar\/inicio\/fiesta-de-goles-psg-se-impuso-5-4-a-bayern-munich-en-la-ida-de-semis-de-la-champions-ole\/#primaryimage"},"thumbnailUrl":"https:\/\/gysfm.com.ar\/inicio\/wp-content\/uploads\/2026\/04\/BlMyCh9nd_2000x1500__1.jpg","articleSection":["DEPORTES"],"inLanguage":"es"},{"@type":"WebPage","@id":"https:\/\/gysfm.com.ar\/inicio\/fiesta-de-goles-psg-se-impuso-5-4-a-bayern-munich-en-la-ida-de-semis-de-la-champions-ole\/","url":"https:\/\/gysfm.com.ar\/inicio\/fiesta-de-goles-psg-se-impuso-5-4-a-bayern-munich-en-la-ida-de-semis-de-la-champions-ole\/","name":"Fiesta de goles: PSG se impuso 5-4 a Bayern Munich en la ida de semis de la Champions :: Ol\u00e9 - GYS NOTICIAS |","isPartOf":{"@id":"https:\/\/gysfm.com.ar\/inicio\/#website"},"primaryImageOfPage":{"@id":"https:\/\/gysfm.com.ar\/inicio\/fiesta-de-goles-psg-se-impuso-5-4-a-bayern-munich-en-la-ida-de-semis-de-la-champions-ole\/#primaryimage"},"image":{"@id":"https:\/\/gysfm.com.ar\/inicio\/fiesta-de-goles-psg-se-impuso-5-4-a-bayern-munich-en-la-ida-de-semis-de-la-champions-ole\/#primaryimage"},"thumbnailUrl":"https:\/\/gysfm.com.ar\/inicio\/wp-content\/uploads\/2026\/04\/BlMyCh9nd_2000x1500__1.jpg","datePublished":"2026-04-28T22:31:30+00:00","breadcrumb":{"@id":"https:\/\/gysfm.com.ar\/inicio\/fiesta-de-goles-psg-se-impuso-5-4-a-bayern-munich-en-la-ida-de-semis-de-la-champions-ole\/#breadcrumb"},"inLanguage":"es","potentialAction":[{"@type":"ReadAction","target":["https:\/\/gysfm.com.ar\/inicio\/fiesta-de-goles-psg-se-impuso-5-4-a-bayern-munich-en-la-ida-de-semis-de-la-champions-ole\/"]}]},{"@type":"ImageObject","inLanguage":"es","@id":"https:\/\/gysfm.com.ar\/inicio\/fiesta-de-goles-psg-se-impuso-5-4-a-bayern-munich-en-la-ida-de-semis-de-la-champions-ole\/#primaryimage","url":"https:\/\/gysfm.com.ar\/inicio\/wp-content\/uploads\/2026\/04\/BlMyCh9nd_2000x1500__1.jpg","contentUrl":"https:\/\/gysfm.com.ar\/inicio\/wp-content\/uploads\/2026\/04\/BlMyCh9nd_2000x1500__1.jpg","width":2000,"height":1500},{"@type":"BreadcrumbList","@id":"https:\/\/gysfm.com.ar\/inicio\/fiesta-de-goles-psg-se-impuso-5-4-a-bayern-munich-en-la-ida-de-semis-de-la-champions-ole\/#breadcrumb","itemListElement":[{"@type":"ListItem","position":1,"name":"Portada","item":"https:\/\/gysfm.com.ar\/inicio\/"},{"@type":"ListItem","position":2,"name":"Fiesta de goles: PSG se impuso 5-4 a Bayern Munich en la ida de semis de la Champions :: Ol\u00e9"}]},{"@type":"WebSite","@id":"https:\/\/gysfm.com.ar\/inicio\/#website","url":"https:\/\/gysfm.com.ar\/inicio\/","name":"GYS NOTICIAS |","description":"DIARIO - RADIO ONLINE SAN JUAN ARGENTINA","publisher":{"@id":"https:\/\/gysfm.com.ar\/inicio\/#organization"},"potentialAction":[{"@type":"SearchAction","target":{"@type":"EntryPoint","urlTemplate":"https:\/\/gysfm.com.ar\/inicio\/?s={search_term_string}"},"query-input":{"@type":"PropertyValueSpecification","valueRequired":true,"valueName":"search_term_string"}}],"inLanguage":"es"},{"@type":"Organization","@id":"https:\/\/gysfm.com.ar\/inicio\/#organization","name":"GYS NOTICIAS |","url":"https:\/\/gysfm.com.ar\/inicio\/","logo":{"@type":"ImageObject","inLanguage":"es","@id":"https:\/\/gysfm.com.ar\/inicio\/#\/schema\/logo\/image\/","url":"https:\/\/gysfm.com.ar\/inicio\/wp-content\/uploads\/2023\/07\/LOGOGYS-OK.png","contentUrl":"https:\/\/gysfm.com.ar\/inicio\/wp-content\/uploads\/2023\/07\/LOGOGYS-OK.png","width":1170,"height":872,"caption":"GYS NOTICIAS |"},"image":{"@id":"https:\/\/gysfm.com.ar\/inicio\/#\/schema\/logo\/image\/"}},{"@type":"Person","@id":"https:\/\/gysfm.com.ar\/inicio\/#\/schema\/person\/5bedd7ecd35cc35548d89effafa23696","name":"admin","image":{"@type":"ImageObject","inLanguage":"es","@id":"https:\/\/gysfm.com.ar\/inicio\/#\/schema\/person\/image\/","url":"https:\/\/secure.gravatar.com\/avatar\/c331d312b5243fb64d5ba28108a447b27c925295129a363082c9ea52c28d32c2?s=96&d=mm&r=g","contentUrl":"https:\/\/secure.gravatar.com\/avatar\/c331d312b5243fb64d5ba28108a447b27c925295129a363082c9ea52c28d32c2?s=96&d=mm&r=g","caption":"admin"},"sameAs":["https:\/\/gysfm.com.ar\/inicio"],"url":"https:\/\/gysfm.com.ar\/inicio\/author\/admin\/"}]}},"_links":{"self":[{"href":"https:\/\/gysfm.com.ar\/inicio\/wp-json\/wp\/v2\/posts\/193549","targetHints":{"allow":["GET"]}}],"collection":[{"href":"https:\/\/gysfm.com.ar\/inicio\/wp-json\/wp\/v2\/posts"}],"about":[{"href":"https:\/\/gysfm.com.ar\/inicio\/wp-json\/wp\/v2\/types\/post"}],"author":[{"embeddable":true,"href":"https:\/\/gysfm.com.ar\/inicio\/wp-json\/wp\/v2\/users\/1"}],"replies":[{"embeddable":true,"href":"https:\/\/gysfm.com.ar\/inicio\/wp-json\/wp\/v2\/comments?post=193549"}],"version-history":[{"count":0,"href":"https:\/\/gysfm.com.ar\/inicio\/wp-json\/wp\/v2\/posts\/193549\/revisions"}],"wp:featuredmedia":[{"embeddable":true,"href":"https:\/\/gysfm.com.ar\/inicio\/wp-json\/wp\/v2\/media\/193550"}],"wp:attachment":[{"href":"https:\/\/gysfm.com.ar\/inicio\/wp-json\/wp\/v2\/media?parent=193549"}],"wp:term":[{"taxonomy":"category","embeddable":true,"href":"https:\/\/gysfm.com.ar\/inicio\/wp-json\/wp\/v2\/categories?post=193549"},{"taxonomy":"post_tag","embeddable":true,"href":"https:\/\/gysfm.com.ar\/inicio\/wp-json\/wp\/v2\/tags?post=193549"}],"curies":[{"name":"wp","href":"https:\/\/api.w.org\/{rel}","templated":true}]}}