{"id":193547,"date":"2026-04-28T19:29:16","date_gmt":"2026-04-28T22:29:16","guid":{"rendered":"https:\/\/gysfm.com.ar\/inicio\/luis-caputo-salio-a-contener-las-dudas-del-modelo-economico-y-trazo-los-proximos-pasos-de-la-gestion\/"},"modified":"2026-04-28T19:29:16","modified_gmt":"2026-04-28T22:29:16","slug":"luis-caputo-salio-a-contener-las-dudas-del-modelo-economico-y-trazo-los-proximos-pasos-de-la-gestion","status":"publish","type":"post","link":"https:\/\/gysfm.com.ar\/inicio\/luis-caputo-salio-a-contener-las-dudas-del-modelo-economico-y-trazo-los-proximos-pasos-de-la-gestion\/","title":{"rendered":"Luis Caputo sali\u00f3 a contener las dudas del modelo econ\u00f3mico y traz\u00f3 los pr\u00f3ximos pasos de la gesti\u00f3n"},"content":{"rendered":"<p> <br \/>\n<\/p>\n<div id=\"\">\n<p id=\"p-1777383004370-89976\">Al comienzo del discurso habl\u00f3 de los <strong>dos shocks<\/strong> que sufri\u00f3 la econom\u00eda:<strong> uno interno, en la previa a las elecciones legislativas, y uno externo, con la guerra de Medio Oriente y la fuerte suba del petr\u00f3leo.<\/strong> \u00abHemos tenido que pasar por un shock interno brutal que en cualquier otro momento hubiera volteado a la Argentina<strong>. Piensen que el a\u00f1o pasado sufrimos un proceso de dolarizaci\u00f3n del 50% del M2. <\/strong>Obviamente esto fue producto de una ca\u00edda fuert\u00edsima de la demanda de dinero que provoc\u00f3 un nuevo escal\u00f3n inflacionario, gener\u00f3 una suba fuerte del riesgo pa\u00eds y tambi\u00e9n un p\u00e1rate de la econom\u00eda\u00bb, explic\u00f3 sobre el primero de ellos.<\/p>\n<\/div>\n<div id=\"\">\n<p id=\"p-1777383163661-88056\">Al respecto dijo que<strong> fue shock interno m\u00e1s fuerte de la historia en t\u00e9rminos de dolarizaci\u00f3n. <\/strong>\u00abLo transitamos, lo superamos, y eso se combin\u00f3 unos pocos meses despu\u00e9s con un shock externo como el que estamos viendo, que gener\u00f3 una suba en el precio de los combustibles de m\u00e1s del 60%\u00bb, ampli\u00f3. Caputo resalt\u00f3 que en todas las crisis econ\u00f3micas previas, Argentina se ve\u00eda muy afectada y que eso cambi\u00f3. <strong>\u00abLa semana pasada fuimos a las reuniones del G-20 y del Fondo Monetario y el ejemplo de lo que hay que hacer fue la Argentina\u00bb<\/strong>, ampli\u00f3.<\/p>\n<\/div>\n<div id=\"\">\n<h2 id=\"p-1777382699017-27765\"> Datos econ\u00f3micos: la mirada de Caputo<\/h2>\n<p id=\"p-1777383940204-10631\" data-path-to-node=\"3\">Al comienzo de la segunda parte del discurso, <strong>Caputo dijo que \u00abno ignoramos\u00bb que el EMAE de febrero dio m\u00e1s bajo, pero ven\u00edamos de un r\u00e9cord hist\u00f3rico, se defendi\u00f3. <\/strong>Sobre la inflaci\u00f3n, cit\u00f3 al presidente Javier Milei y su discurso desde Findaci\u00f3n Libertad. <strong>\u00abCuando est\u00e1bamos en mayo en una inflaci\u00f3n del 1,5%, el nuevo salto a niveles de entre 2% y 3,5% obedeci\u00f3 a la ca\u00edda en la demanda de dinero producto de un shock interno hist\u00f3rico y de la dolarizaci\u00f3n\u00bb<\/strong>, describi\u00f3.<\/p>\n<p id=\"p-1777384080646-44169\" data-path-to-node=\"4\">\u00ab\u00bfPor qu\u00e9 estamos tan optimistas respecto al futuro?\u00bb, se pregunt\u00f3 y se contest\u00f3 \u00abporque sabemos lo que viene y empezamos a ver indicadores que comprueban lo que estamos trabajando para que pase\u00bb. Por un lado, dijo que<strong> la recaudaci\u00f3n ya empieza a crecer; es algo que empezamos a percibir<\/strong>. Por otro lado, cuando se mira los indicadores econ\u00f3micos de marzo, dijo que <strong>\u00abla mayor\u00eda est\u00e1 en verde, incluso en sectores que ven\u00edan retrasados como industria y construcci\u00f3n\u00bb.<\/strong><\/p>\n<p id=\"p-1777384080646-4792\" data-path-to-node=\"5\">Tambi\u00e9n anunci\u00f3 que para junio o julio ya empezar\u00e1n las obras de los 9.000 kil\u00f3metros de corredores viales, y a su vez se licitar\u00e1n por otros 12.000 kil\u00f3metros de rutas nacionales.<strong> \u00abEstamos entregando rutas a las provincias para que inicien sus propias obras con financiamiento propio o gestionado por nosotros ante el BID, Banco Mundial, CAF y FONPLATA\u00bb, <\/strong>ampli\u00f3.<\/p>\n<p id=\"p-1777384225364-29951\" data-path-to-node=\"5\">Referentes a las exportaciones, el Ministro se explay\u00f3: \u00abEstamos en niveles r\u00e9cord de exportaciones en cantidades. Vamos a estar, probablemente, acerc\u00e1ndonos a los u$s100.000 millones. <strong>Sobre el tipo de cambio atrasado: aqu\u00ed est\u00e1 la muestra contundente de que esto no es un tema de tipo de cambio, sino de generar las condiciones para que el sector privado se desarrolle. <\/strong>El agro es un boom con 160 millones de toneladas; no es casualidad, es previsibilidad\u00bb.<\/p>\n<p id=\"p-1777383940204-60783\" data-path-to-node=\"4\">Pero Caputo resalt\u00f3 que los buenos n\u00fameros no es solo el campo. \u00abLas exportaciones de la balanza energ\u00e9tica y minera para los pr\u00f3ximos diez a\u00f1os son realmente impactantes. <strong>Presten atenci\u00f3n: solo en energ\u00eda, de aqu\u00ed al 2035, proyectamos un super\u00e1vit de u$s350.000 millones. <\/strong>Ese n\u00famero est\u00e1 subestimado, va a ser mucho m\u00e1s alto. <strong>En miner\u00eda ser\u00e1n otros u$s162.000 millones. <\/strong>Entre ambos sectores sumamos casi un Producto Bruto: u$s512.000 millones en la pr\u00f3xima d\u00e9cada. Son u$s50.000 millones adicionales por a\u00f1o de exportaciones\u00bb, detall\u00f3.<\/p>\n<p id=\"p-1777384432600-89291\" data-path-to-node=\"8\"><strong>En cuanto al RIGI asegur\u00f3 que hay aproximadamente u$s95.000 millones en 35 proyectos<\/strong><em>.<\/em> \u00abEn las pr\u00f3ximas semanas <strong>entrar\u00e1n otros siete u ocho proyectos por entre 30.000 y 40.000 millones adicionales, concentrados mayormente en <em data-path-to-node=\"8\" data-index-in-node=\"269\">upstream<\/em>.<\/strong> La maduraci\u00f3n de estos pozos tarda entre seis y ocho meses; en menos de un a\u00f1o ya est\u00e1n generando d\u00f3lares\u00bb, detall\u00f3.<\/p>\n<p id=\"p-1777384432600-10994\" data-path-to-node=\"9\">En este contexto, el Ministro dijo que el Banco Central,<strong> lejos de defender el valor del peso, tiene que comprar d\u00f3lares para sostenerlo en pleno shock externo<\/strong> y en cuanto a la tasa de inter\u00e9s dijo que baj\u00f3 15 puntos porcentuales. \u00abNuestro escenario conservador preve\u00eda compras de reservas por u$s7.000 millones y el mega optimista por u$s17.000 millones. <strong>Hoy estamos por arriba del escenario mega optimista. Esto no es solo por las compras al agro; es consecuencia de las inversiones en miner\u00eda, energ\u00eda y otros sectores\u00bb.<\/strong><\/p>\n<p id=\"p-1777384432600-49632\" data-path-to-node=\"10\">En cuanto al <strong>empleo<\/strong>, hizo una diferenciaci\u00f3n al decir que \u00abno cay\u00f3 el nivel de empleo, cay\u00f3 el empleo registrado\u00bb y que por ese motivo enviamos la ley de modernizaci\u00f3n laboral para formalizar la econom\u00eda. \u00ab<strong>La realidad es que se han creado m\u00e1s de 100.000 puestos de trabajo, mayormente en el sector informal. <\/strong>El empleo no crec\u00eda en Argentina desde el 2011; ahora est\u00e1 creciendo. No es el formato que queremos, por eso logramos pasar una ley que ning\u00fan gobierno pudo aprobar en d\u00e9cadas\u00bb, a\u00f1adi\u00f3.<\/p>\n<p id=\"p-1777384687185-51797\" data-path-to-node=\"10\">Respecto a los <strong>salarios<\/strong>, agreg\u00f3 que el sector informal fue el que m\u00e1s le gan\u00f3 a la inflaci\u00f3n pero si se toman los salarios registrados, el SIPA (que toma el salario final de bolsillo) muestra que est\u00e1n un 3% arriba de noviembre de 2023 pero si se toma el INDEC est\u00e1 un 3%. \u00abEl sector que ajust\u00f3 fue el sector p\u00fablico, tal como dijimos que iba a suceder\u00bb<\/p>\n<p id=\"p-1777384432600-7885\" data-path-to-node=\"12\">\u00abTodo esto se da en un contexto de baja de tasas, lo que nos hace ser optimistas sobre la desinflaci\u00f3n. Normalmente, cuando la tasa baja, el tipo de cambio sube. Sin embargo, <strong>ahora la tasa baja y el tipo de cambio se aprecia, lo cual es una muestra fuerte de que se est\u00e1 recuperando la demanda de dinero\u00bb<\/strong>, agreg\u00f3 y sobre el cr\u00e9dito, admiti\u00f3 que <strong>hubo un estancamiento por la mora que generaron las altas tasas del a\u00f1o pasado, pero ya se empieza a recuperar.<\/strong> Seg\u00fan Caputo, el cr\u00e9dito PYME est\u00e1 en niveles r\u00e9cord (2,7 del producto).<\/p>\n<p id=\"p-1777384432600-9510\" data-path-to-node=\"14\">Por \u00faltimo, anunci\u00f3 que llevaremos a cabo las privatizaciones y concesiones.<strong> \u00abLa idea es terminarlas de aqu\u00ed a fin de a\u00f1o, lo que generar\u00e1 ingresos por aproximadamente u$s2.000 millones\u00bb.<\/strong><\/p>\n<div contenteditable=\"false\" class=\"embed_cont type_imagen\" id=\"8217197-Libre-1853524000_wrap\">\n<p> LUIS CAPUTO FUCHILA 5 <span onclick=\"parent.parent.TinyMCETdcuerpo.preview_embed('8217197-Libre-1853524000')\" class=\"embed_colapse less\" id=\"8217197-Libre-1853524000_colapse\"> <\/span> <span onclick=\"parent.parent.TinyMCETdcuerpo.delete_embed('8217197-Libre-1853524000')\" class=\"embed_delete less\" id=\"8217197-Libre-1853524000_delete\"\/><\/p>\n<div id=\"8217197-Libre-1853524000_content\" class=\"embed_content\"><img decoding=\"async\" src=\"https:\/\/media.ambito.com\/p\/28c47c28aad4c8817bf88f25453a19ca\/adjuntos\/239\/imagenes\/043\/332\/0043332956\/730x0\/369x340:389x360\/luis-caputo-fuchila-5.jpg\" alt=\"\" title=\"\" width=\"730\" height=\"undefined\" id=\"8217197-Libre-1853524000_embed\"\/><\/div><\/div>\n<h2 id=\"p-1777384881982-69605\" data-path-to-node=\"14\">Lo que se viene para 2027<\/h2>\n<p id=\"p-1777385651185-96583\" data-path-to-node=\"14\">\u00abNuestro modelo claramente apunta a los 48 millones de argentinos.<strong> Apunta a que la gente pueda tener acceso a una mayor cantidad de bienes, de mejor calidad y a mejor precio.<\/strong> Para eso, desde el sector p\u00fablico necesitamos seguir bajando impuestos, regulaciones y mejorando la log\u00edstica. Y para eso, desde el sector privado, se necesita invertir y competir\u00bb, expres\u00f3 Caputo.<\/p>\n<p id=\"p-1777385651185-76095\" data-path-to-node=\"3\">En cuanto a la disparidad de sectores econ\u00f3micos, el Ministro reconoci\u00f3 que <strong>\u00abhay sectores que se ven m\u00e1s beneficiados; energ\u00eda, miner\u00eda y el agro est\u00e1n muy bien posicionados, pero eso es porque se crearon las condiciones\u00bb<\/strong>. \u00abLa roca de Vaca Muerta siempre estuvo ah\u00ed. <strong>Ahora vamos a ser exportadores por u$s350.000 millones. <\/strong>La realidad es que esto cambi\u00f3 porque hoy hay previsibilidad, dimos se\u00f1ales de precios y est\u00e1n viniendo las inversiones. Las monta\u00f1as en miner\u00eda estuvieron siempre ah\u00ed tambi\u00e9n; lo que vamos a ver en los pr\u00f3ximos diez a\u00f1os es producto de lo que se hizo. Es un modelo mucho m\u00e1s federal porque las provincias que tienen estos recursos se van a ver m\u00e1s beneficiadas\u00bb, ampli\u00f3.<\/p>\n<p id=\"p-1777385833220-21883\" data-path-to-node=\"2\">El ministro de Econom\u00eda, Luis Caputo, tambi\u00e9n enfatiz\u00f3 la disparidad de respuestas del sector privado ante la apertura comercial, citando los casos de <strong data-path-to-node=\"2\" data-index-in-node=\"143\">Fate<\/strong> y <strong data-path-to-node=\"2\" data-index-in-node=\"150\">Lumilagro<\/strong> como ejemplos de visiones contrapuestas. \u00abEstamos frente a dos reacciones opuestas ante una misma situaci\u00f3n: por un lado, una empresa cuyo modelo consist\u00eda en &#8216;cazar en el zool\u00f3gico&#8217;, obligando a los argentinos a pagar neum\u00e1ticos a precios exorbitantes\u00bb y otra como <strong>Lumilagro <\/strong>que ahora exporta y hace mejores productos, seg\u00fan aclar\u00f3 y planea incorporar 60 empleados m\u00e1s.<\/p>\n<p id=\"p-1777385920054-15343\" data-path-to-node=\"9\">\u00abPara los que quieren hacer creer que hay alguna posibilidad de volver al pasado o al kirchnerismo, les digo que el nivel de subestimaci\u00f3n a la gente es impactante. \u00bfAlguien en su sano juicio puede querer volver a inflaciones del 1,5% diario, desabastecimiento, brecha del 200%, piquetes y pobreza arriba del 50%? Es tomar a la gente por est\u00fapida.<strong> El &#8216;riesgo kuka&#8217; es cero<\/strong>. Lo hablo con los gobernadores peronistas no kirchneristas: no quieren ni verlo. Todos los que vinieron al <em data-path-to-node=\"9\" data-index-in-node=\"479\">Argentina Week<\/em> dijeron que no hay ninguna posibilidad de volver al pasado\u00bb, cerr\u00f3 el Ministro.<\/p>\n<\/p><\/div>\n<p><script>\n!function(f,b,e,v,n,t,s)\n{if(f.fbq)return;n=f.fbq=function(){n.callMethod?\nn.callMethod.apply(n,arguments):n.queue.push(arguments)};\nif(!f._fbq)f._fbq=n;n.push=n;n.loaded=!0;n.version='2.0';\nn.queue=[];t=b.createElement(e);t.async=!0;\nt.src=v;s=b.getElementsByTagName(e)[0];\ns.parentNode.insertBefore(t,s)}(window,document,'script',\n'https:\/\/connect.facebook.net\/en_US\/fbevents.js');\nfbq('init', '2047048335588113');\nfbq('track', 'PageView');\n<\/script><br \/>\n<br \/><\/p>\n","protected":false},"excerpt":{"rendered":"<p>Al comienzo del discurso habl\u00f3 de los dos shocks que sufri\u00f3 la econom\u00eda: uno interno, en la previa a las elecciones legislativas, y uno externo, con la guerra de Medio Oriente y la fuerte suba del petr\u00f3leo. \u00abHemos tenido que pasar por un shock interno brutal que en cualquier otro momento hubiera volteado a la [&hellip;]<\/p>\n","protected":false},"author":1,"featured_media":193548,"comment_status":"closed","ping_status":"closed","sticky":false,"template":"","format":"standard","meta":{"footnotes":""},"categories":[28],"tags":[],"class_list":["post-193547","post","type-post","status-publish","format-standard","has-post-thumbnail","hentry","category-economia"],"yoast_head":"<!-- This site is optimized with the Yoast SEO plugin v24.4 - https:\/\/yoast.com\/wordpress\/plugins\/seo\/ -->\n<title>Luis Caputo sali\u00f3 a contener las dudas del modelo econ\u00f3mico y traz\u00f3 los pr\u00f3ximos pasos de la gesti\u00f3n - GYS NOTICIAS |<\/title>\n<meta name=\"robots\" content=\"index, follow, max-snippet:-1, max-image-preview:large, max-video-preview:-1\" \/>\n<link rel=\"canonical\" href=\"https:\/\/gysfm.com.ar\/inicio\/luis-caputo-salio-a-contener-las-dudas-del-modelo-economico-y-trazo-los-proximos-pasos-de-la-gestion\/\" \/>\n<meta property=\"og:locale\" content=\"es_ES\" \/>\n<meta property=\"og:type\" content=\"article\" \/>\n<meta property=\"og:title\" content=\"Luis Caputo sali\u00f3 a contener las dudas del modelo econ\u00f3mico y traz\u00f3 los pr\u00f3ximos pasos de la gesti\u00f3n - GYS NOTICIAS |\" \/>\n<meta property=\"og:description\" content=\"Al comienzo del discurso habl\u00f3 de los dos shocks que sufri\u00f3 la econom\u00eda: uno interno, en la previa a las elecciones legislativas, y uno externo, con la guerra de Medio Oriente y la fuerte suba del petr\u00f3leo. \u00abHemos tenido que pasar por un shock interno brutal que en cualquier otro momento hubiera volteado a la [&hellip;]\" \/>\n<meta property=\"og:url\" content=\"https:\/\/gysfm.com.ar\/inicio\/luis-caputo-salio-a-contener-las-dudas-del-modelo-economico-y-trazo-los-proximos-pasos-de-la-gestion\/\" \/>\n<meta property=\"og:site_name\" content=\"GYS NOTICIAS |\" \/>\n<meta property=\"article:published_time\" content=\"2026-04-28T22:29:16+00:00\" \/>\n<meta property=\"og:image\" content=\"https:\/\/media.ambito.com\/p\/28c47c28aad4c8817bf88f25453a19ca\/adjuntos\/239\/imagenes\/043\/332\/0043332956\/730x0\/369x340:389x360\/luis-caputo-fuchila-5.jpg\" \/>\n<meta name=\"author\" content=\"admin\" \/>\n<meta name=\"twitter:card\" content=\"summary_large_image\" \/>\n<meta name=\"twitter:label1\" content=\"Escrito por\" \/>\n\t<meta name=\"twitter:data1\" content=\"admin\" \/>\n\t<meta name=\"twitter:label2\" content=\"Tiempo de lectura\" \/>\n\t<meta name=\"twitter:data2\" content=\"7 minutos\" \/>\n<script type=\"application\/ld+json\" class=\"yoast-schema-graph\">{\"@context\":\"https:\/\/schema.org\",\"@graph\":[{\"@type\":\"Article\",\"@id\":\"https:\/\/gysfm.com.ar\/inicio\/luis-caputo-salio-a-contener-las-dudas-del-modelo-economico-y-trazo-los-proximos-pasos-de-la-gestion\/#article\",\"isPartOf\":{\"@id\":\"https:\/\/gysfm.com.ar\/inicio\/luis-caputo-salio-a-contener-las-dudas-del-modelo-economico-y-trazo-los-proximos-pasos-de-la-gestion\/\"},\"author\":{\"name\":\"admin\",\"@id\":\"https:\/\/gysfm.com.ar\/inicio\/#\/schema\/person\/5bedd7ecd35cc35548d89effafa23696\"},\"headline\":\"Luis Caputo sali\u00f3 a contener las dudas del modelo econ\u00f3mico y traz\u00f3 los pr\u00f3ximos pasos de la gesti\u00f3n\",\"datePublished\":\"2026-04-28T22:29:16+00:00\",\"mainEntityOfPage\":{\"@id\":\"https:\/\/gysfm.com.ar\/inicio\/luis-caputo-salio-a-contener-las-dudas-del-modelo-economico-y-trazo-los-proximos-pasos-de-la-gestion\/\"},\"wordCount\":1489,\"publisher\":{\"@id\":\"https:\/\/gysfm.com.ar\/inicio\/#organization\"},\"image\":{\"@id\":\"https:\/\/gysfm.com.ar\/inicio\/luis-caputo-salio-a-contener-las-dudas-del-modelo-economico-y-trazo-los-proximos-pasos-de-la-gestion\/#primaryimage\"},\"thumbnailUrl\":\"https:\/\/gysfm.com.ar\/inicio\/wp-content\/uploads\/2026\/04\/luis-caputo-fuchila-1.jpg\",\"articleSection\":[\"ECONOMIA\"],\"inLanguage\":\"es\"},{\"@type\":\"WebPage\",\"@id\":\"https:\/\/gysfm.com.ar\/inicio\/luis-caputo-salio-a-contener-las-dudas-del-modelo-economico-y-trazo-los-proximos-pasos-de-la-gestion\/\",\"url\":\"https:\/\/gysfm.com.ar\/inicio\/luis-caputo-salio-a-contener-las-dudas-del-modelo-economico-y-trazo-los-proximos-pasos-de-la-gestion\/\",\"name\":\"Luis Caputo sali\u00f3 a contener las dudas del modelo econ\u00f3mico y traz\u00f3 los pr\u00f3ximos pasos de la gesti\u00f3n - GYS NOTICIAS |\",\"isPartOf\":{\"@id\":\"https:\/\/gysfm.com.ar\/inicio\/#website\"},\"primaryImageOfPage\":{\"@id\":\"https:\/\/gysfm.com.ar\/inicio\/luis-caputo-salio-a-contener-las-dudas-del-modelo-economico-y-trazo-los-proximos-pasos-de-la-gestion\/#primaryimage\"},\"image\":{\"@id\":\"https:\/\/gysfm.com.ar\/inicio\/luis-caputo-salio-a-contener-las-dudas-del-modelo-economico-y-trazo-los-proximos-pasos-de-la-gestion\/#primaryimage\"},\"thumbnailUrl\":\"https:\/\/gysfm.com.ar\/inicio\/wp-content\/uploads\/2026\/04\/luis-caputo-fuchila-1.jpg\",\"datePublished\":\"2026-04-28T22:29:16+00:00\",\"breadcrumb\":{\"@id\":\"https:\/\/gysfm.com.ar\/inicio\/luis-caputo-salio-a-contener-las-dudas-del-modelo-economico-y-trazo-los-proximos-pasos-de-la-gestion\/#breadcrumb\"},\"inLanguage\":\"es\",\"potentialAction\":[{\"@type\":\"ReadAction\",\"target\":[\"https:\/\/gysfm.com.ar\/inicio\/luis-caputo-salio-a-contener-las-dudas-del-modelo-economico-y-trazo-los-proximos-pasos-de-la-gestion\/\"]}]},{\"@type\":\"ImageObject\",\"inLanguage\":\"es\",\"@id\":\"https:\/\/gysfm.com.ar\/inicio\/luis-caputo-salio-a-contener-las-dudas-del-modelo-economico-y-trazo-los-proximos-pasos-de-la-gestion\/#primaryimage\",\"url\":\"https:\/\/gysfm.com.ar\/inicio\/wp-content\/uploads\/2026\/04\/luis-caputo-fuchila-1.jpg\",\"contentUrl\":\"https:\/\/gysfm.com.ar\/inicio\/wp-content\/uploads\/2026\/04\/luis-caputo-fuchila-1.jpg\",\"width\":1200,\"height\":675},{\"@type\":\"BreadcrumbList\",\"@id\":\"https:\/\/gysfm.com.ar\/inicio\/luis-caputo-salio-a-contener-las-dudas-del-modelo-economico-y-trazo-los-proximos-pasos-de-la-gestion\/#breadcrumb\",\"itemListElement\":[{\"@type\":\"ListItem\",\"position\":1,\"name\":\"Portada\",\"item\":\"https:\/\/gysfm.com.ar\/inicio\/\"},{\"@type\":\"ListItem\",\"position\":2,\"name\":\"Luis Caputo sali\u00f3 a contener las dudas del modelo econ\u00f3mico y traz\u00f3 los pr\u00f3ximos pasos de la gesti\u00f3n\"}]},{\"@type\":\"WebSite\",\"@id\":\"https:\/\/gysfm.com.ar\/inicio\/#website\",\"url\":\"https:\/\/gysfm.com.ar\/inicio\/\",\"name\":\"GYS NOTICIAS |\",\"description\":\"DIARIO - RADIO ONLINE SAN JUAN ARGENTINA\",\"publisher\":{\"@id\":\"https:\/\/gysfm.com.ar\/inicio\/#organization\"},\"potentialAction\":[{\"@type\":\"SearchAction\",\"target\":{\"@type\":\"EntryPoint\",\"urlTemplate\":\"https:\/\/gysfm.com.ar\/inicio\/?s={search_term_string}\"},\"query-input\":{\"@type\":\"PropertyValueSpecification\",\"valueRequired\":true,\"valueName\":\"search_term_string\"}}],\"inLanguage\":\"es\"},{\"@type\":\"Organization\",\"@id\":\"https:\/\/gysfm.com.ar\/inicio\/#organization\",\"name\":\"GYS NOTICIAS |\",\"url\":\"https:\/\/gysfm.com.ar\/inicio\/\",\"logo\":{\"@type\":\"ImageObject\",\"inLanguage\":\"es\",\"@id\":\"https:\/\/gysfm.com.ar\/inicio\/#\/schema\/logo\/image\/\",\"url\":\"https:\/\/gysfm.com.ar\/inicio\/wp-content\/uploads\/2023\/07\/LOGOGYS-OK.png\",\"contentUrl\":\"https:\/\/gysfm.com.ar\/inicio\/wp-content\/uploads\/2023\/07\/LOGOGYS-OK.png\",\"width\":1170,\"height\":872,\"caption\":\"GYS NOTICIAS |\"},\"image\":{\"@id\":\"https:\/\/gysfm.com.ar\/inicio\/#\/schema\/logo\/image\/\"}},{\"@type\":\"Person\",\"@id\":\"https:\/\/gysfm.com.ar\/inicio\/#\/schema\/person\/5bedd7ecd35cc35548d89effafa23696\",\"name\":\"admin\",\"image\":{\"@type\":\"ImageObject\",\"inLanguage\":\"es\",\"@id\":\"https:\/\/gysfm.com.ar\/inicio\/#\/schema\/person\/image\/\",\"url\":\"https:\/\/secure.gravatar.com\/avatar\/c331d312b5243fb64d5ba28108a447b27c925295129a363082c9ea52c28d32c2?s=96&d=mm&r=g\",\"contentUrl\":\"https:\/\/secure.gravatar.com\/avatar\/c331d312b5243fb64d5ba28108a447b27c925295129a363082c9ea52c28d32c2?s=96&d=mm&r=g\",\"caption\":\"admin\"},\"sameAs\":[\"https:\/\/gysfm.com.ar\/inicio\"],\"url\":\"https:\/\/gysfm.com.ar\/inicio\/author\/admin\/\"}]}<\/script>\n<!-- \/ Yoast SEO plugin. -->","yoast_head_json":{"title":"Luis Caputo sali\u00f3 a contener las dudas del modelo econ\u00f3mico y traz\u00f3 los pr\u00f3ximos pasos de la gesti\u00f3n - GYS NOTICIAS |","robots":{"index":"index","follow":"follow","max-snippet":"max-snippet:-1","max-image-preview":"max-image-preview:large","max-video-preview":"max-video-preview:-1"},"canonical":"https:\/\/gysfm.com.ar\/inicio\/luis-caputo-salio-a-contener-las-dudas-del-modelo-economico-y-trazo-los-proximos-pasos-de-la-gestion\/","og_locale":"es_ES","og_type":"article","og_title":"Luis Caputo sali\u00f3 a contener las dudas del modelo econ\u00f3mico y traz\u00f3 los pr\u00f3ximos pasos de la gesti\u00f3n - GYS NOTICIAS |","og_description":"Al comienzo del discurso habl\u00f3 de los dos shocks que sufri\u00f3 la econom\u00eda: uno interno, en la previa a las elecciones legislativas, y uno externo, con la guerra de Medio Oriente y la fuerte suba del petr\u00f3leo. \u00abHemos tenido que pasar por un shock interno brutal que en cualquier otro momento hubiera volteado a la [&hellip;]","og_url":"https:\/\/gysfm.com.ar\/inicio\/luis-caputo-salio-a-contener-las-dudas-del-modelo-economico-y-trazo-los-proximos-pasos-de-la-gestion\/","og_site_name":"GYS NOTICIAS |","article_published_time":"2026-04-28T22:29:16+00:00","og_image":[{"url":"https:\/\/media.ambito.com\/p\/28c47c28aad4c8817bf88f25453a19ca\/adjuntos\/239\/imagenes\/043\/332\/0043332956\/730x0\/369x340:389x360\/luis-caputo-fuchila-5.jpg","type":"","width":"","height":""}],"author":"admin","twitter_card":"summary_large_image","twitter_misc":{"Escrito por":"admin","Tiempo de lectura":"7 minutos"},"schema":{"@context":"https:\/\/schema.org","@graph":[{"@type":"Article","@id":"https:\/\/gysfm.com.ar\/inicio\/luis-caputo-salio-a-contener-las-dudas-del-modelo-economico-y-trazo-los-proximos-pasos-de-la-gestion\/#article","isPartOf":{"@id":"https:\/\/gysfm.com.ar\/inicio\/luis-caputo-salio-a-contener-las-dudas-del-modelo-economico-y-trazo-los-proximos-pasos-de-la-gestion\/"},"author":{"name":"admin","@id":"https:\/\/gysfm.com.ar\/inicio\/#\/schema\/person\/5bedd7ecd35cc35548d89effafa23696"},"headline":"Luis Caputo sali\u00f3 a contener las dudas del modelo econ\u00f3mico y traz\u00f3 los pr\u00f3ximos pasos de la gesti\u00f3n","datePublished":"2026-04-28T22:29:16+00:00","mainEntityOfPage":{"@id":"https:\/\/gysfm.com.ar\/inicio\/luis-caputo-salio-a-contener-las-dudas-del-modelo-economico-y-trazo-los-proximos-pasos-de-la-gestion\/"},"wordCount":1489,"publisher":{"@id":"https:\/\/gysfm.com.ar\/inicio\/#organization"},"image":{"@id":"https:\/\/gysfm.com.ar\/inicio\/luis-caputo-salio-a-contener-las-dudas-del-modelo-economico-y-trazo-los-proximos-pasos-de-la-gestion\/#primaryimage"},"thumbnailUrl":"https:\/\/gysfm.com.ar\/inicio\/wp-content\/uploads\/2026\/04\/luis-caputo-fuchila-1.jpg","articleSection":["ECONOMIA"],"inLanguage":"es"},{"@type":"WebPage","@id":"https:\/\/gysfm.com.ar\/inicio\/luis-caputo-salio-a-contener-las-dudas-del-modelo-economico-y-trazo-los-proximos-pasos-de-la-gestion\/","url":"https:\/\/gysfm.com.ar\/inicio\/luis-caputo-salio-a-contener-las-dudas-del-modelo-economico-y-trazo-los-proximos-pasos-de-la-gestion\/","name":"Luis Caputo sali\u00f3 a contener las dudas del modelo econ\u00f3mico y traz\u00f3 los pr\u00f3ximos pasos de la gesti\u00f3n - GYS NOTICIAS |","isPartOf":{"@id":"https:\/\/gysfm.com.ar\/inicio\/#website"},"primaryImageOfPage":{"@id":"https:\/\/gysfm.com.ar\/inicio\/luis-caputo-salio-a-contener-las-dudas-del-modelo-economico-y-trazo-los-proximos-pasos-de-la-gestion\/#primaryimage"},"image":{"@id":"https:\/\/gysfm.com.ar\/inicio\/luis-caputo-salio-a-contener-las-dudas-del-modelo-economico-y-trazo-los-proximos-pasos-de-la-gestion\/#primaryimage"},"thumbnailUrl":"https:\/\/gysfm.com.ar\/inicio\/wp-content\/uploads\/2026\/04\/luis-caputo-fuchila-1.jpg","datePublished":"2026-04-28T22:29:16+00:00","breadcrumb":{"@id":"https:\/\/gysfm.com.ar\/inicio\/luis-caputo-salio-a-contener-las-dudas-del-modelo-economico-y-trazo-los-proximos-pasos-de-la-gestion\/#breadcrumb"},"inLanguage":"es","potentialAction":[{"@type":"ReadAction","target":["https:\/\/gysfm.com.ar\/inicio\/luis-caputo-salio-a-contener-las-dudas-del-modelo-economico-y-trazo-los-proximos-pasos-de-la-gestion\/"]}]},{"@type":"ImageObject","inLanguage":"es","@id":"https:\/\/gysfm.com.ar\/inicio\/luis-caputo-salio-a-contener-las-dudas-del-modelo-economico-y-trazo-los-proximos-pasos-de-la-gestion\/#primaryimage","url":"https:\/\/gysfm.com.ar\/inicio\/wp-content\/uploads\/2026\/04\/luis-caputo-fuchila-1.jpg","contentUrl":"https:\/\/gysfm.com.ar\/inicio\/wp-content\/uploads\/2026\/04\/luis-caputo-fuchila-1.jpg","width":1200,"height":675},{"@type":"BreadcrumbList","@id":"https:\/\/gysfm.com.ar\/inicio\/luis-caputo-salio-a-contener-las-dudas-del-modelo-economico-y-trazo-los-proximos-pasos-de-la-gestion\/#breadcrumb","itemListElement":[{"@type":"ListItem","position":1,"name":"Portada","item":"https:\/\/gysfm.com.ar\/inicio\/"},{"@type":"ListItem","position":2,"name":"Luis Caputo sali\u00f3 a contener las dudas del modelo econ\u00f3mico y traz\u00f3 los pr\u00f3ximos pasos de la gesti\u00f3n"}]},{"@type":"WebSite","@id":"https:\/\/gysfm.com.ar\/inicio\/#website","url":"https:\/\/gysfm.com.ar\/inicio\/","name":"GYS NOTICIAS |","description":"DIARIO - RADIO ONLINE SAN JUAN ARGENTINA","publisher":{"@id":"https:\/\/gysfm.com.ar\/inicio\/#organization"},"potentialAction":[{"@type":"SearchAction","target":{"@type":"EntryPoint","urlTemplate":"https:\/\/gysfm.com.ar\/inicio\/?s={search_term_string}"},"query-input":{"@type":"PropertyValueSpecification","valueRequired":true,"valueName":"search_term_string"}}],"inLanguage":"es"},{"@type":"Organization","@id":"https:\/\/gysfm.com.ar\/inicio\/#organization","name":"GYS NOTICIAS |","url":"https:\/\/gysfm.com.ar\/inicio\/","logo":{"@type":"ImageObject","inLanguage":"es","@id":"https:\/\/gysfm.com.ar\/inicio\/#\/schema\/logo\/image\/","url":"https:\/\/gysfm.com.ar\/inicio\/wp-content\/uploads\/2023\/07\/LOGOGYS-OK.png","contentUrl":"https:\/\/gysfm.com.ar\/inicio\/wp-content\/uploads\/2023\/07\/LOGOGYS-OK.png","width":1170,"height":872,"caption":"GYS NOTICIAS |"},"image":{"@id":"https:\/\/gysfm.com.ar\/inicio\/#\/schema\/logo\/image\/"}},{"@type":"Person","@id":"https:\/\/gysfm.com.ar\/inicio\/#\/schema\/person\/5bedd7ecd35cc35548d89effafa23696","name":"admin","image":{"@type":"ImageObject","inLanguage":"es","@id":"https:\/\/gysfm.com.ar\/inicio\/#\/schema\/person\/image\/","url":"https:\/\/secure.gravatar.com\/avatar\/c331d312b5243fb64d5ba28108a447b27c925295129a363082c9ea52c28d32c2?s=96&d=mm&r=g","contentUrl":"https:\/\/secure.gravatar.com\/avatar\/c331d312b5243fb64d5ba28108a447b27c925295129a363082c9ea52c28d32c2?s=96&d=mm&r=g","caption":"admin"},"sameAs":["https:\/\/gysfm.com.ar\/inicio"],"url":"https:\/\/gysfm.com.ar\/inicio\/author\/admin\/"}]}},"_links":{"self":[{"href":"https:\/\/gysfm.com.ar\/inicio\/wp-json\/wp\/v2\/posts\/193547","targetHints":{"allow":["GET"]}}],"collection":[{"href":"https:\/\/gysfm.com.ar\/inicio\/wp-json\/wp\/v2\/posts"}],"about":[{"href":"https:\/\/gysfm.com.ar\/inicio\/wp-json\/wp\/v2\/types\/post"}],"author":[{"embeddable":true,"href":"https:\/\/gysfm.com.ar\/inicio\/wp-json\/wp\/v2\/users\/1"}],"replies":[{"embeddable":true,"href":"https:\/\/gysfm.com.ar\/inicio\/wp-json\/wp\/v2\/comments?post=193547"}],"version-history":[{"count":0,"href":"https:\/\/gysfm.com.ar\/inicio\/wp-json\/wp\/v2\/posts\/193547\/revisions"}],"wp:featuredmedia":[{"embeddable":true,"href":"https:\/\/gysfm.com.ar\/inicio\/wp-json\/wp\/v2\/media\/193548"}],"wp:attachment":[{"href":"https:\/\/gysfm.com.ar\/inicio\/wp-json\/wp\/v2\/media?parent=193547"}],"wp:term":[{"taxonomy":"category","embeddable":true,"href":"https:\/\/gysfm.com.ar\/inicio\/wp-json\/wp\/v2\/categories?post=193547"},{"taxonomy":"post_tag","embeddable":true,"href":"https:\/\/gysfm.com.ar\/inicio\/wp-json\/wp\/v2\/tags?post=193547"}],"curies":[{"name":"wp","href":"https:\/\/api.w.org\/{rel}","templated":true}]}}