{"id":193537,"date":"2026-04-28T18:42:18","date_gmt":"2026-04-28T21:42:18","guid":{"rendered":"https:\/\/gysfm.com.ar\/inicio\/mauricio-macri-en-la-cena-de-la-fundacion-libertad-el-populismo-se-esta-agotando\/"},"modified":"2026-04-28T18:42:18","modified_gmt":"2026-04-28T21:42:18","slug":"mauricio-macri-en-la-cena-de-la-fundacion-libertad-el-populismo-se-esta-agotando","status":"publish","type":"post","link":"https:\/\/gysfm.com.ar\/inicio\/mauricio-macri-en-la-cena-de-la-fundacion-libertad-el-populismo-se-esta-agotando\/","title":{"rendered":"Mauricio Macri en la cena de la Fundaci\u00f3n Libertad: \u00abEl populismo se est\u00e1 agotando\u00bb"},"content":{"rendered":"<p><\/p>\n<div id=\"article-content\">\n<p>Previo al <a target=\"_blank\" href=\"https:\/\/www.perfil.com\/noticias\/politica\/milei-recibio-el-premio-libertad-2026-repudio-el-ataque-a-trump-y-apunto-contra-la-izquierda-no-tienen-problema-en-matarnos.phtml\">discurso de Javier Milei<\/a>, en la cena de la Fundaci\u00f3n Libertad, el expresidente <strong>Mauricio Macri <\/strong>acapar\u00f3 la atenci\u00f3n en el escenario principal junto a <strong>\u00c1lvaro Vargas Llosa<\/strong>, escritor y analista pol\u00edtico, hijo de Mario Vargas Llosa. Despu\u00e9s escuch\u00f3 con rostro serio al mandatario, a quien no salud\u00f3. Durante la noche tambi\u00e9n s\u00ed hubo un encuentro con <strong>Patricia Bullrich<\/strong>, exintegrante de su partido, hoy dirigente y senadora libertaria.<\/p>\n<p>Tras la proyecci\u00f3n de un mensaje virtual de la dirigente <strong>Mar\u00eda Corina Machado<\/strong>, Macri tom\u00f3 el micr\u00f3fono para reflexionar sobre el presente venezolano. \u201cQu\u00e9 importante que es cuando los habitantes de un pa\u00eds no se resignan, vuelven a recuperar la libertad, aunque sea parcialmente, como en este caso\u201d, destac\u00f3 en el inicio de su alocuci\u00f3n.<\/p>\n<p>En su diagn\u00f3stico, el exmandatario fue cauto y aclar\u00f3 que en la naci\u00f3n caribe\u00f1a a\u00fan falta consolidar una democracia total, con enormes desaf\u00edos por delante. Desde all\u00ed, le envi\u00f3 una se\u00f1al a la comunidad internacional: le advirti\u00f3 a los Estados Unidos que no deben conformarse con el aparente acercamiento diplom\u00e1tico del actual Gobierno de transici\u00f3n y exigi\u00f3 que se defina r\u00e1pidamente un cronograma electoral claro y transparente.<\/p>\n<div class=\"subscription\">\n<p>\n        Esto no les gusta a los autoritarios\n    <\/p>\n<div class=\"subscription__container\">\n<div class=\"subscription__text-wrapper\">\n<p>\n                El ejercicio del periodismo profesional y cr\u00edtico es un pilar fundamental de la democracia. Por eso molesta a quienes creen ser los due\u00f1os de la verdad.\n            <\/p>\n<\/p><\/div><\/div>\n<\/div>\n<p class=\"destacadoNota\"><a target=\"_blank\" href=\"https:\/\/https:\/\/www.perfil.com\/noticias\/economia\/dolar-atrasado-y-pases-de-factura-el-reclamo-empresario-detras-del-show-ortodoxo-de-milei-a40.phtml\">D\u00f3lar atrasado y pases de factura: el reclamo empresario detr\u00e1s del show ortodoxo de Milei<\/a><\/p>\n<p>Durante su an\u00e1lisis, no escatim\u00f3 elogios para la tenacidad de la referente antichavista. \u201cMar\u00eda Corina es un gran ejemplo para todos los dirigentes que est\u00e1n ac\u00e1 de que lo importante es el para qu\u00e9\u201d, subray\u00f3 Macri, dejando un dardo conceptual que sirvi\u00f3 para remarcar, en clave de pol\u00edtica local, que los proyectos y objetivos deben primar por encima de las individualidades.<\/p>\n<p>Al evaluar el panorama continental, el expresidente exhibi\u00f3 un marcado optimismo al sentenciar que \u00abel populismo se est\u00e1 agotando\u00bb. Seg\u00fan su visi\u00f3n, el desgaste del modelo del Estado paternalista le abri\u00f3 la puerta a la consolidaci\u00f3n de las ideas de derecha. A modo de cierre, subray\u00f3 que en medio de las fuertes tensiones globales en el Golfo, Am\u00e9rica Latina tiene la inmejorable oportunidad de posicionarse como un refugio de paz, siempre que logre proyectar previsibilidad e inspirar confianza real para atraer inversiones.<\/p>\n<p><iframe id=\"vrudo\" class=\"vrudo\" src=\"https:\/\/rudo.video\/vod\/bWrHrb?volume=0\" width=\"100%\" height=\"100%\" allowscriptaccess=\"always\" allowfullscreen=\"true\" webkitallowfullscreen=\"true\" frameborder=\"0\" scrolling=\"no\" allow=\"autoplay; fullscreen\" loading=\"lazy\" title=\"Contenido embebido\"><\/iframe><\/p>\n<h2>Sin acuerdo: Mauricio Macri y Javier Milei siguen distantes<\/h2>\n<p>Luego varios meses, Macri y Milei se volvieron a encontrar cara a cara pero a pesar de lo esperado por los mercados, <strong>no hubo signos de buena relaci\u00f3n.<\/strong> Tanto Mauricio Macri como el presidente no se saludaron y ante 1500 personas presentes en la cena de la Fundaci\u00f3n Libertad y quienes estaban expectantes a trav\u00e9s de la cobertura de los medios, dejaron en claro que <strong>a\u00fan no hay acuerdo entre ambos. <\/strong><\/p>\n<p>Otra demostraci\u00f3n de su distanciamiento con Milei fue recientemente, durante una conferencia de prensa del PRO en el Chaco cuando un periodista le consult\u00f3 por su relaci\u00f3n con el presidente y quien termin\u00f3 respondiendo y desviando el tema, fue el diputado <strong>Fernando de Andreis<\/strong> quien se encontraba sentado al lado de Macri, mientras este se retiraba de la conferencia. <\/p>\n<p>Por el contrario, con la senadora nacional, Patricia Bullrich, con quien <strong>si hubo un saludo cordial <\/strong>y afectuoso cuando ella se acerc\u00f3 hasta la mesa donde estaba Macri y \u00e9l respondi\u00f3 amablemente. <\/p>\n<p>Actualmente hay varias cuestiones que est\u00e1n separando al PRO de La Libertad Avanza, las ideas de plan de gobierno en particular a nivel institucional,<strong> cr\u00edticas de parte de Mauricio Macri <\/strong>en cuanto a las medidas econ\u00f3micas haciendo foco en la microeconom\u00eda y no tanto en la macroeconom\u00eda. Pero, el conflicto m\u00e1s reciente tiene que ver con la pr\u00f3xima votaci\u00f3n en el Congreso sobre la <strong>reforma electoral v<\/strong>inculada a las PASO con la que el PRO no est\u00e1 de acuerdo.<\/p>\n<p>LT<\/p>\n<\/p><\/div>\n<p><script>\n                !function(f,b,e,v,n,t,s)\n                {if(f.fbq)return;n=f.fbq=function(){n.callMethod?\n                    n.callMethod.apply(n,arguments):n.queue.push(arguments)};\n                    if(!f._fbq)f._fbq=n;n.push=n;n.loaded=!0;n.version='2.0';\n                    n.queue=[];t=b.createElement(e);t.async=!0;\n                    t.src=v;s=b.getElementsByTagName(e)[0];\n                    s.parentNode.insertBefore(t,s)}(window, document,'script',\n                    'https:\/\/connect.facebook.net\/en_US\/fbevents.js');\n                window.paywallConfig.facebook_pixel=\"1000228364089342\"\n            <\/script><\/p>\n","protected":false},"excerpt":{"rendered":"<p>Previo al discurso de Javier Milei, en la cena de la Fundaci\u00f3n Libertad, el expresidente Mauricio Macri acapar\u00f3 la atenci\u00f3n en el escenario principal junto a \u00c1lvaro Vargas Llosa, escritor y analista pol\u00edtico, hijo de Mario Vargas Llosa. Despu\u00e9s escuch\u00f3 con rostro serio al mandatario, a quien no salud\u00f3. Durante la noche tambi\u00e9n s\u00ed hubo [&hellip;]<\/p>\n","protected":false},"author":2,"featured_media":193538,"comment_status":"closed","ping_status":"closed","sticky":false,"template":"","format":"standard","meta":{"footnotes":""},"categories":[25],"tags":[],"class_list":["post-193537","post","type-post","status-publish","format-standard","has-post-thumbnail","hentry","category-nacionales"],"yoast_head":"<!-- This site is optimized with the Yoast SEO plugin v24.4 - https:\/\/yoast.com\/wordpress\/plugins\/seo\/ -->\n<title>Mauricio Macri en la cena de la Fundaci\u00f3n Libertad: &quot;El populismo se est\u00e1 agotando&quot; - GYS NOTICIAS |<\/title>\n<meta name=\"robots\" content=\"index, follow, max-snippet:-1, max-image-preview:large, max-video-preview:-1\" \/>\n<link rel=\"canonical\" href=\"https:\/\/gysfm.com.ar\/inicio\/mauricio-macri-en-la-cena-de-la-fundacion-libertad-el-populismo-se-esta-agotando\/\" \/>\n<meta property=\"og:locale\" content=\"es_ES\" \/>\n<meta property=\"og:type\" content=\"article\" \/>\n<meta property=\"og:title\" content=\"Mauricio Macri en la cena de la Fundaci\u00f3n Libertad: &quot;El populismo se est\u00e1 agotando&quot; - GYS NOTICIAS |\" \/>\n<meta property=\"og:description\" content=\"Previo al discurso de Javier Milei, en la cena de la Fundaci\u00f3n Libertad, el expresidente Mauricio Macri acapar\u00f3 la atenci\u00f3n en el escenario principal junto a \u00c1lvaro Vargas Llosa, escritor y analista pol\u00edtico, hijo de Mario Vargas Llosa. Despu\u00e9s escuch\u00f3 con rostro serio al mandatario, a quien no salud\u00f3. Durante la noche tambi\u00e9n s\u00ed hubo [&hellip;]\" \/>\n<meta property=\"og:url\" content=\"https:\/\/gysfm.com.ar\/inicio\/mauricio-macri-en-la-cena-de-la-fundacion-libertad-el-populismo-se-esta-agotando\/\" \/>\n<meta property=\"og:site_name\" content=\"GYS NOTICIAS |\" \/>\n<meta property=\"article:published_time\" content=\"2026-04-28T21:42:18+00:00\" \/>\n<meta name=\"author\" content=\"Prensa G&amp;S FM\" \/>\n<meta name=\"twitter:card\" content=\"summary_large_image\" \/>\n<meta name=\"twitter:label1\" content=\"Escrito por\" \/>\n\t<meta name=\"twitter:data1\" content=\"Prensa G&amp;S FM\" \/>\n\t<meta name=\"twitter:label2\" content=\"Tiempo de lectura\" \/>\n\t<meta name=\"twitter:data2\" content=\"3 minutos\" \/>\n<script type=\"application\/ld+json\" class=\"yoast-schema-graph\">{\"@context\":\"https:\/\/schema.org\",\"@graph\":[{\"@type\":\"Article\",\"@id\":\"https:\/\/gysfm.com.ar\/inicio\/mauricio-macri-en-la-cena-de-la-fundacion-libertad-el-populismo-se-esta-agotando\/#article\",\"isPartOf\":{\"@id\":\"https:\/\/gysfm.com.ar\/inicio\/mauricio-macri-en-la-cena-de-la-fundacion-libertad-el-populismo-se-esta-agotando\/\"},\"author\":{\"name\":\"Prensa G&amp;S FM\",\"@id\":\"https:\/\/gysfm.com.ar\/inicio\/#\/schema\/person\/3abba7593ef2ad19e1be221d54383dc5\"},\"headline\":\"Mauricio Macri en la cena de la Fundaci\u00f3n Libertad: \u00abEl populismo se est\u00e1 agotando\u00bb\",\"datePublished\":\"2026-04-28T21:42:18+00:00\",\"mainEntityOfPage\":{\"@id\":\"https:\/\/gysfm.com.ar\/inicio\/mauricio-macri-en-la-cena-de-la-fundacion-libertad-el-populismo-se-esta-agotando\/\"},\"wordCount\":692,\"publisher\":{\"@id\":\"https:\/\/gysfm.com.ar\/inicio\/#organization\"},\"image\":{\"@id\":\"https:\/\/gysfm.com.ar\/inicio\/mauricio-macri-en-la-cena-de-la-fundacion-libertad-el-populismo-se-esta-agotando\/#primaryimage\"},\"thumbnailUrl\":\"https:\/\/gysfm.com.ar\/inicio\/wp-content\/uploads\/2026\/04\/macri-en-la-cena-de-la-fundacion-libertad-2229050.jpg\",\"articleSection\":[\"NACIONALES\"],\"inLanguage\":\"es\"},{\"@type\":\"WebPage\",\"@id\":\"https:\/\/gysfm.com.ar\/inicio\/mauricio-macri-en-la-cena-de-la-fundacion-libertad-el-populismo-se-esta-agotando\/\",\"url\":\"https:\/\/gysfm.com.ar\/inicio\/mauricio-macri-en-la-cena-de-la-fundacion-libertad-el-populismo-se-esta-agotando\/\",\"name\":\"Mauricio Macri en la cena de la Fundaci\u00f3n Libertad: \\\"El populismo se est\u00e1 agotando\\\" - GYS NOTICIAS |\",\"isPartOf\":{\"@id\":\"https:\/\/gysfm.com.ar\/inicio\/#website\"},\"primaryImageOfPage\":{\"@id\":\"https:\/\/gysfm.com.ar\/inicio\/mauricio-macri-en-la-cena-de-la-fundacion-libertad-el-populismo-se-esta-agotando\/#primaryimage\"},\"image\":{\"@id\":\"https:\/\/gysfm.com.ar\/inicio\/mauricio-macri-en-la-cena-de-la-fundacion-libertad-el-populismo-se-esta-agotando\/#primaryimage\"},\"thumbnailUrl\":\"https:\/\/gysfm.com.ar\/inicio\/wp-content\/uploads\/2026\/04\/macri-en-la-cena-de-la-fundacion-libertad-2229050.jpg\",\"datePublished\":\"2026-04-28T21:42:18+00:00\",\"breadcrumb\":{\"@id\":\"https:\/\/gysfm.com.ar\/inicio\/mauricio-macri-en-la-cena-de-la-fundacion-libertad-el-populismo-se-esta-agotando\/#breadcrumb\"},\"inLanguage\":\"es\",\"potentialAction\":[{\"@type\":\"ReadAction\",\"target\":[\"https:\/\/gysfm.com.ar\/inicio\/mauricio-macri-en-la-cena-de-la-fundacion-libertad-el-populismo-se-esta-agotando\/\"]}]},{\"@type\":\"ImageObject\",\"inLanguage\":\"es\",\"@id\":\"https:\/\/gysfm.com.ar\/inicio\/mauricio-macri-en-la-cena-de-la-fundacion-libertad-el-populismo-se-esta-agotando\/#primaryimage\",\"url\":\"https:\/\/gysfm.com.ar\/inicio\/wp-content\/uploads\/2026\/04\/macri-en-la-cena-de-la-fundacion-libertad-2229050.jpg\",\"contentUrl\":\"https:\/\/gysfm.com.ar\/inicio\/wp-content\/uploads\/2026\/04\/macri-en-la-cena-de-la-fundacion-libertad-2229050.jpg\",\"width\":1140,\"height\":641},{\"@type\":\"BreadcrumbList\",\"@id\":\"https:\/\/gysfm.com.ar\/inicio\/mauricio-macri-en-la-cena-de-la-fundacion-libertad-el-populismo-se-esta-agotando\/#breadcrumb\",\"itemListElement\":[{\"@type\":\"ListItem\",\"position\":1,\"name\":\"Portada\",\"item\":\"https:\/\/gysfm.com.ar\/inicio\/\"},{\"@type\":\"ListItem\",\"position\":2,\"name\":\"Mauricio Macri en la cena de la Fundaci\u00f3n Libertad: \u00abEl populismo se est\u00e1 agotando\u00bb\"}]},{\"@type\":\"WebSite\",\"@id\":\"https:\/\/gysfm.com.ar\/inicio\/#website\",\"url\":\"https:\/\/gysfm.com.ar\/inicio\/\",\"name\":\"GYS NOTICIAS |\",\"description\":\"DIARIO - RADIO ONLINE SAN JUAN ARGENTINA\",\"publisher\":{\"@id\":\"https:\/\/gysfm.com.ar\/inicio\/#organization\"},\"potentialAction\":[{\"@type\":\"SearchAction\",\"target\":{\"@type\":\"EntryPoint\",\"urlTemplate\":\"https:\/\/gysfm.com.ar\/inicio\/?s={search_term_string}\"},\"query-input\":{\"@type\":\"PropertyValueSpecification\",\"valueRequired\":true,\"valueName\":\"search_term_string\"}}],\"inLanguage\":\"es\"},{\"@type\":\"Organization\",\"@id\":\"https:\/\/gysfm.com.ar\/inicio\/#organization\",\"name\":\"GYS NOTICIAS |\",\"url\":\"https:\/\/gysfm.com.ar\/inicio\/\",\"logo\":{\"@type\":\"ImageObject\",\"inLanguage\":\"es\",\"@id\":\"https:\/\/gysfm.com.ar\/inicio\/#\/schema\/logo\/image\/\",\"url\":\"https:\/\/gysfm.com.ar\/inicio\/wp-content\/uploads\/2023\/07\/LOGOGYS-OK.png\",\"contentUrl\":\"https:\/\/gysfm.com.ar\/inicio\/wp-content\/uploads\/2023\/07\/LOGOGYS-OK.png\",\"width\":1170,\"height\":872,\"caption\":\"GYS NOTICIAS |\"},\"image\":{\"@id\":\"https:\/\/gysfm.com.ar\/inicio\/#\/schema\/logo\/image\/\"}},{\"@type\":\"Person\",\"@id\":\"https:\/\/gysfm.com.ar\/inicio\/#\/schema\/person\/3abba7593ef2ad19e1be221d54383dc5\",\"name\":\"Prensa G&amp;S FM\",\"image\":{\"@type\":\"ImageObject\",\"inLanguage\":\"es\",\"@id\":\"https:\/\/gysfm.com.ar\/inicio\/#\/schema\/person\/image\/\",\"url\":\"https:\/\/secure.gravatar.com\/avatar\/096ec78df02049ab018702bb4ccedf659377fa92a26540b5247612077a0dbd29?s=96&d=mm&r=g\",\"contentUrl\":\"https:\/\/secure.gravatar.com\/avatar\/096ec78df02049ab018702bb4ccedf659377fa92a26540b5247612077a0dbd29?s=96&d=mm&r=g\",\"caption\":\"Prensa G&amp;S FM\"},\"sameAs\":[\"https:\/\/gysfm.com.ar\/\"],\"url\":\"https:\/\/gysfm.com.ar\/inicio\/author\/lucasm\/\"}]}<\/script>\n<!-- \/ Yoast SEO plugin. -->","yoast_head_json":{"title":"Mauricio Macri en la cena de la Fundaci\u00f3n Libertad: \"El populismo se est\u00e1 agotando\" - GYS NOTICIAS |","robots":{"index":"index","follow":"follow","max-snippet":"max-snippet:-1","max-image-preview":"max-image-preview:large","max-video-preview":"max-video-preview:-1"},"canonical":"https:\/\/gysfm.com.ar\/inicio\/mauricio-macri-en-la-cena-de-la-fundacion-libertad-el-populismo-se-esta-agotando\/","og_locale":"es_ES","og_type":"article","og_title":"Mauricio Macri en la cena de la Fundaci\u00f3n Libertad: \"El populismo se est\u00e1 agotando\" - GYS NOTICIAS |","og_description":"Previo al discurso de Javier Milei, en la cena de la Fundaci\u00f3n Libertad, el expresidente Mauricio Macri acapar\u00f3 la atenci\u00f3n en el escenario principal junto a \u00c1lvaro Vargas Llosa, escritor y analista pol\u00edtico, hijo de Mario Vargas Llosa. Despu\u00e9s escuch\u00f3 con rostro serio al mandatario, a quien no salud\u00f3. Durante la noche tambi\u00e9n s\u00ed hubo [&hellip;]","og_url":"https:\/\/gysfm.com.ar\/inicio\/mauricio-macri-en-la-cena-de-la-fundacion-libertad-el-populismo-se-esta-agotando\/","og_site_name":"GYS NOTICIAS |","article_published_time":"2026-04-28T21:42:18+00:00","author":"Prensa G&amp;S FM","twitter_card":"summary_large_image","twitter_misc":{"Escrito por":"Prensa G&amp;S FM","Tiempo de lectura":"3 minutos"},"schema":{"@context":"https:\/\/schema.org","@graph":[{"@type":"Article","@id":"https:\/\/gysfm.com.ar\/inicio\/mauricio-macri-en-la-cena-de-la-fundacion-libertad-el-populismo-se-esta-agotando\/#article","isPartOf":{"@id":"https:\/\/gysfm.com.ar\/inicio\/mauricio-macri-en-la-cena-de-la-fundacion-libertad-el-populismo-se-esta-agotando\/"},"author":{"name":"Prensa G&amp;S FM","@id":"https:\/\/gysfm.com.ar\/inicio\/#\/schema\/person\/3abba7593ef2ad19e1be221d54383dc5"},"headline":"Mauricio Macri en la cena de la Fundaci\u00f3n Libertad: \u00abEl populismo se est\u00e1 agotando\u00bb","datePublished":"2026-04-28T21:42:18+00:00","mainEntityOfPage":{"@id":"https:\/\/gysfm.com.ar\/inicio\/mauricio-macri-en-la-cena-de-la-fundacion-libertad-el-populismo-se-esta-agotando\/"},"wordCount":692,"publisher":{"@id":"https:\/\/gysfm.com.ar\/inicio\/#organization"},"image":{"@id":"https:\/\/gysfm.com.ar\/inicio\/mauricio-macri-en-la-cena-de-la-fundacion-libertad-el-populismo-se-esta-agotando\/#primaryimage"},"thumbnailUrl":"https:\/\/gysfm.com.ar\/inicio\/wp-content\/uploads\/2026\/04\/macri-en-la-cena-de-la-fundacion-libertad-2229050.jpg","articleSection":["NACIONALES"],"inLanguage":"es"},{"@type":"WebPage","@id":"https:\/\/gysfm.com.ar\/inicio\/mauricio-macri-en-la-cena-de-la-fundacion-libertad-el-populismo-se-esta-agotando\/","url":"https:\/\/gysfm.com.ar\/inicio\/mauricio-macri-en-la-cena-de-la-fundacion-libertad-el-populismo-se-esta-agotando\/","name":"Mauricio Macri en la cena de la Fundaci\u00f3n Libertad: \"El populismo se est\u00e1 agotando\" - GYS NOTICIAS |","isPartOf":{"@id":"https:\/\/gysfm.com.ar\/inicio\/#website"},"primaryImageOfPage":{"@id":"https:\/\/gysfm.com.ar\/inicio\/mauricio-macri-en-la-cena-de-la-fundacion-libertad-el-populismo-se-esta-agotando\/#primaryimage"},"image":{"@id":"https:\/\/gysfm.com.ar\/inicio\/mauricio-macri-en-la-cena-de-la-fundacion-libertad-el-populismo-se-esta-agotando\/#primaryimage"},"thumbnailUrl":"https:\/\/gysfm.com.ar\/inicio\/wp-content\/uploads\/2026\/04\/macri-en-la-cena-de-la-fundacion-libertad-2229050.jpg","datePublished":"2026-04-28T21:42:18+00:00","breadcrumb":{"@id":"https:\/\/gysfm.com.ar\/inicio\/mauricio-macri-en-la-cena-de-la-fundacion-libertad-el-populismo-se-esta-agotando\/#breadcrumb"},"inLanguage":"es","potentialAction":[{"@type":"ReadAction","target":["https:\/\/gysfm.com.ar\/inicio\/mauricio-macri-en-la-cena-de-la-fundacion-libertad-el-populismo-se-esta-agotando\/"]}]},{"@type":"ImageObject","inLanguage":"es","@id":"https:\/\/gysfm.com.ar\/inicio\/mauricio-macri-en-la-cena-de-la-fundacion-libertad-el-populismo-se-esta-agotando\/#primaryimage","url":"https:\/\/gysfm.com.ar\/inicio\/wp-content\/uploads\/2026\/04\/macri-en-la-cena-de-la-fundacion-libertad-2229050.jpg","contentUrl":"https:\/\/gysfm.com.ar\/inicio\/wp-content\/uploads\/2026\/04\/macri-en-la-cena-de-la-fundacion-libertad-2229050.jpg","width":1140,"height":641},{"@type":"BreadcrumbList","@id":"https:\/\/gysfm.com.ar\/inicio\/mauricio-macri-en-la-cena-de-la-fundacion-libertad-el-populismo-se-esta-agotando\/#breadcrumb","itemListElement":[{"@type":"ListItem","position":1,"name":"Portada","item":"https:\/\/gysfm.com.ar\/inicio\/"},{"@type":"ListItem","position":2,"name":"Mauricio Macri en la cena de la Fundaci\u00f3n Libertad: \u00abEl populismo se est\u00e1 agotando\u00bb"}]},{"@type":"WebSite","@id":"https:\/\/gysfm.com.ar\/inicio\/#website","url":"https:\/\/gysfm.com.ar\/inicio\/","name":"GYS NOTICIAS |","description":"DIARIO - RADIO ONLINE SAN JUAN ARGENTINA","publisher":{"@id":"https:\/\/gysfm.com.ar\/inicio\/#organization"},"potentialAction":[{"@type":"SearchAction","target":{"@type":"EntryPoint","urlTemplate":"https:\/\/gysfm.com.ar\/inicio\/?s={search_term_string}"},"query-input":{"@type":"PropertyValueSpecification","valueRequired":true,"valueName":"search_term_string"}}],"inLanguage":"es"},{"@type":"Organization","@id":"https:\/\/gysfm.com.ar\/inicio\/#organization","name":"GYS NOTICIAS |","url":"https:\/\/gysfm.com.ar\/inicio\/","logo":{"@type":"ImageObject","inLanguage":"es","@id":"https:\/\/gysfm.com.ar\/inicio\/#\/schema\/logo\/image\/","url":"https:\/\/gysfm.com.ar\/inicio\/wp-content\/uploads\/2023\/07\/LOGOGYS-OK.png","contentUrl":"https:\/\/gysfm.com.ar\/inicio\/wp-content\/uploads\/2023\/07\/LOGOGYS-OK.png","width":1170,"height":872,"caption":"GYS NOTICIAS |"},"image":{"@id":"https:\/\/gysfm.com.ar\/inicio\/#\/schema\/logo\/image\/"}},{"@type":"Person","@id":"https:\/\/gysfm.com.ar\/inicio\/#\/schema\/person\/3abba7593ef2ad19e1be221d54383dc5","name":"Prensa G&amp;S FM","image":{"@type":"ImageObject","inLanguage":"es","@id":"https:\/\/gysfm.com.ar\/inicio\/#\/schema\/person\/image\/","url":"https:\/\/secure.gravatar.com\/avatar\/096ec78df02049ab018702bb4ccedf659377fa92a26540b5247612077a0dbd29?s=96&d=mm&r=g","contentUrl":"https:\/\/secure.gravatar.com\/avatar\/096ec78df02049ab018702bb4ccedf659377fa92a26540b5247612077a0dbd29?s=96&d=mm&r=g","caption":"Prensa G&amp;S FM"},"sameAs":["https:\/\/gysfm.com.ar\/"],"url":"https:\/\/gysfm.com.ar\/inicio\/author\/lucasm\/"}]}},"_links":{"self":[{"href":"https:\/\/gysfm.com.ar\/inicio\/wp-json\/wp\/v2\/posts\/193537","targetHints":{"allow":["GET"]}}],"collection":[{"href":"https:\/\/gysfm.com.ar\/inicio\/wp-json\/wp\/v2\/posts"}],"about":[{"href":"https:\/\/gysfm.com.ar\/inicio\/wp-json\/wp\/v2\/types\/post"}],"author":[{"embeddable":true,"href":"https:\/\/gysfm.com.ar\/inicio\/wp-json\/wp\/v2\/users\/2"}],"replies":[{"embeddable":true,"href":"https:\/\/gysfm.com.ar\/inicio\/wp-json\/wp\/v2\/comments?post=193537"}],"version-history":[{"count":0,"href":"https:\/\/gysfm.com.ar\/inicio\/wp-json\/wp\/v2\/posts\/193537\/revisions"}],"wp:featuredmedia":[{"embeddable":true,"href":"https:\/\/gysfm.com.ar\/inicio\/wp-json\/wp\/v2\/media\/193538"}],"wp:attachment":[{"href":"https:\/\/gysfm.com.ar\/inicio\/wp-json\/wp\/v2\/media?parent=193537"}],"wp:term":[{"taxonomy":"category","embeddable":true,"href":"https:\/\/gysfm.com.ar\/inicio\/wp-json\/wp\/v2\/categories?post=193537"},{"taxonomy":"post_tag","embeddable":true,"href":"https:\/\/gysfm.com.ar\/inicio\/wp-json\/wp\/v2\/tags?post=193537"}],"curies":[{"name":"wp","href":"https:\/\/api.w.org\/{rel}","templated":true}]}}