{"id":193534,"date":"2026-04-28T18:11:05","date_gmt":"2026-04-28T21:11:05","guid":{"rendered":"https:\/\/gysfm.com.ar\/inicio\/estamos-ante-un-milagro-extraordinario-del-campo-argentino\/"},"modified":"2026-04-28T18:11:05","modified_gmt":"2026-04-28T21:11:05","slug":"estamos-ante-un-milagro-extraordinario-del-campo-argentino","status":"publish","type":"post","link":"https:\/\/gysfm.com.ar\/inicio\/estamos-ante-un-milagro-extraordinario-del-campo-argentino\/","title":{"rendered":"Estamos ante un milagro extraordinario del campo argentino"},"content":{"rendered":"<p><\/p>\n<div id=\"article-content\">\n<p>Tenemos un dato muy interesante respecto de la <a target=\"_blank\" href=\"https:\/\/www.perfil.com\/noticias\/economia\/las-exportaciones-del-campo-marcaran-un-nuevo-record-en-el-primer-cuatrimestre.phtml?login=google\"><strong>cosecha<\/strong><\/a> que est\u00e1 empezando, que dar\u00eda un r\u00e9cord de <strong>163 millones de toneladas<\/strong>; se trata de una cifra enorme, pues son<strong> 20 millones de toneladas m\u00e1s<\/strong> que el ciclo <a target=\"_blank\" href=\"https:\/\/www.perfil.com\/noticias\/canal-e\/produccion-agricola-la-ley-de-semillas-no-es-la-que-provoca-que-el-productor-hoy-tenga-malos-rindes.phtml\"><strong>agr\u00edcola<\/strong><\/a> anterior. <\/p>\n<p>Me recuerda que, en la discusi\u00f3n de aquella \u00e9poca del campo y las<strong> peleas del campo con el kirchnerismo<\/strong>, se hablaba de si Argentina llegaba o no a los <strong>100 millones de toneladas<\/strong>. Estamos en 163 millones, es la estimaci\u00f3n. <\/p>\n<p class=\"destacadoNota\"><a target=\"_blank\" href=\"https:\/\/www.perfil.com\/noticias\/cordoba\/maquinaria-agricola-la-caida-de-febrero-enciende-alarmas-y-el-sector-traslada-sus-expectativas-a-expoagro.phtml\">Maquinaria agr\u00edcola: la ca\u00edda de febrero enciende alarmas y el sector traslada sus expectativas a Expoagro<\/a><\/p>\n<div class=\"subscription\">\n<p>\n        Esto no les gusta a los autoritarios\n    <\/p>\n<div class=\"subscription__container\">\n<div class=\"subscription__text-wrapper\">\n<p>\n                El ejercicio del periodismo profesional y cr\u00edtico es un pilar fundamental de la democracia. Por eso molesta a quienes creen ser los due\u00f1os de la verdad.\n            <\/p>\n<\/p><\/div><\/div>\n<\/div>\n<p>Lo cual<strong> es un milagro<\/strong>, como consecuencia de que a\u00fan existen las retenciones, los impuestos internos y todas las complicaciones que las provincias y los municipios ofrecen a los productores de manera impositiva. <\/p>\n<p>As\u00ed que ac\u00e1 estamos ante un milagro extraordinario del campo argentino: 163 millones de toneladas que van a derivar, por supuesto, en un<strong> ingreso de d\u00f3lares<\/strong> significativo. <\/p>\n<p class=\"destacadoNota\"><a target=\"_blank\" href=\"https:\/\/www.perfil.com\/noticias\/canal-e\/preocupacion-en-el-sector-agricola-por-el-aumento-de-costos-el-primer-impacto-es-el-tema-de-combustibles.phtml\">Preocupaci\u00f3n en el sector agr\u00edcola por el aumento de costos <\/a><\/p>\n<h2>Entre el r\u00e9cord de la cosecha y el repliegue de Electrolux <\/h2>\n<p>Por otra parte, la compa\u00f1\u00eda sueca de electrodom\u00e9sticos<strong> Electrolux<\/strong>, con planta en Don Torcuato, provincia de Buenos Aires,<strong> va a dejar de producir en Argentina<\/strong> parte de lo que fabrica, como heladeras y cocinas. <\/p>\n<p>As\u00ed que han anunciado que, por un esquema productivo que redise\u00f1aron, dejan de producir en Argentina lavavajillas y cocinas, y mantienen la fabricaci\u00f3n de<strong> lavarropas y freezers<\/strong>. Tal vez esto no se debe a la Argentina o s\u00ed, \u00bfqui\u00e9n sabe? Tal vez se deba, como el caso de<strong> Nissan<\/strong>, a una reestructuraci\u00f3n interna. <\/p>\n<p>Electrolux es una compa\u00f1\u00eda muy grande. En su momento, \u00bfsaben qui\u00e9n representaba en Argentina a Electrolux? Antes de que \u00e9l se convirtiera en pol\u00edtico:<strong> Daniel Scioli<\/strong>. <\/p>\n<p>Cuando Scioli conduc\u00eda la Casa Scioli y deja de correr lanchas, dedic\u00f3 parte de su vida personal a representar a Electrolux. Me acuerdo muy bien de esa \u00e9poca. Hace muchos a\u00f1os. <\/p>\n<p>Electrolux deja de fabricar una cosa en Argentina; no sabemos bien cu\u00e1l es la raz\u00f3n.<\/p>\n<\/p><\/div>\n<p><script>\n                !function(f,b,e,v,n,t,s)\n                {if(f.fbq)return;n=f.fbq=function(){n.callMethod?\n                    n.callMethod.apply(n,arguments):n.queue.push(arguments)};\n                    if(!f._fbq)f._fbq=n;n.push=n;n.loaded=!0;n.version='2.0';\n                    n.queue=[];t=b.createElement(e);t.async=!0;\n                    t.src=v;s=b.getElementsByTagName(e)[0];\n                    s.parentNode.insertBefore(t,s)}(window, document,'script',\n                    'https:\/\/connect.facebook.net\/en_US\/fbevents.js');\n                window.paywallConfig.facebook_pixel=\"1000228364089342\"\n            <\/script><\/p>\n","protected":false},"excerpt":{"rendered":"<p>Tenemos un dato muy interesante respecto de la cosecha que est\u00e1 empezando, que dar\u00eda un r\u00e9cord de 163 millones de toneladas; se trata de una cifra enorme, pues son 20 millones de toneladas m\u00e1s que el ciclo agr\u00edcola anterior. Me recuerda que, en la discusi\u00f3n de aquella \u00e9poca del campo y las peleas del campo [&hellip;]<\/p>\n","protected":false},"author":2,"featured_media":193535,"comment_status":"closed","ping_status":"closed","sticky":false,"template":"","format":"standard","meta":{"footnotes":""},"categories":[25],"tags":[],"class_list":["post-193534","post","type-post","status-publish","format-standard","has-post-thumbnail","hentry","category-nacionales"],"yoast_head":"<!-- This site is optimized with the Yoast SEO plugin v24.4 - https:\/\/yoast.com\/wordpress\/plugins\/seo\/ -->\n<title>Estamos ante un milagro extraordinario del campo argentino - GYS NOTICIAS |<\/title>\n<meta name=\"robots\" content=\"index, follow, max-snippet:-1, max-image-preview:large, max-video-preview:-1\" \/>\n<link rel=\"canonical\" href=\"https:\/\/gysfm.com.ar\/inicio\/estamos-ante-un-milagro-extraordinario-del-campo-argentino\/\" \/>\n<meta property=\"og:locale\" content=\"es_ES\" \/>\n<meta property=\"og:type\" content=\"article\" \/>\n<meta property=\"og:title\" content=\"Estamos ante un milagro extraordinario del campo argentino - GYS NOTICIAS |\" \/>\n<meta property=\"og:description\" content=\"Tenemos un dato muy interesante respecto de la cosecha que est\u00e1 empezando, que dar\u00eda un r\u00e9cord de 163 millones de toneladas; se trata de una cifra enorme, pues son 20 millones de toneladas m\u00e1s que el ciclo agr\u00edcola anterior. Me recuerda que, en la discusi\u00f3n de aquella \u00e9poca del campo y las peleas del campo [&hellip;]\" \/>\n<meta property=\"og:url\" content=\"https:\/\/gysfm.com.ar\/inicio\/estamos-ante-un-milagro-extraordinario-del-campo-argentino\/\" \/>\n<meta property=\"og:site_name\" content=\"GYS NOTICIAS |\" \/>\n<meta property=\"article:published_time\" content=\"2026-04-28T21:11:05+00:00\" \/>\n<meta name=\"author\" content=\"Prensa G&amp;S FM\" \/>\n<meta name=\"twitter:card\" content=\"summary_large_image\" \/>\n<meta name=\"twitter:label1\" content=\"Escrito por\" \/>\n\t<meta name=\"twitter:data1\" content=\"Prensa G&amp;S FM\" \/>\n\t<meta name=\"twitter:label2\" content=\"Tiempo de lectura\" \/>\n\t<meta name=\"twitter:data2\" content=\"2 minutos\" \/>\n<script type=\"application\/ld+json\" class=\"yoast-schema-graph\">{\"@context\":\"https:\/\/schema.org\",\"@graph\":[{\"@type\":\"Article\",\"@id\":\"https:\/\/gysfm.com.ar\/inicio\/estamos-ante-un-milagro-extraordinario-del-campo-argentino\/#article\",\"isPartOf\":{\"@id\":\"https:\/\/gysfm.com.ar\/inicio\/estamos-ante-un-milagro-extraordinario-del-campo-argentino\/\"},\"author\":{\"name\":\"Prensa G&amp;S FM\",\"@id\":\"https:\/\/gysfm.com.ar\/inicio\/#\/schema\/person\/3abba7593ef2ad19e1be221d54383dc5\"},\"headline\":\"Estamos ante un milagro extraordinario del campo argentino\",\"datePublished\":\"2026-04-28T21:11:05+00:00\",\"mainEntityOfPage\":{\"@id\":\"https:\/\/gysfm.com.ar\/inicio\/estamos-ante-un-milagro-extraordinario-del-campo-argentino\/\"},\"wordCount\":399,\"publisher\":{\"@id\":\"https:\/\/gysfm.com.ar\/inicio\/#organization\"},\"image\":{\"@id\":\"https:\/\/gysfm.com.ar\/inicio\/estamos-ante-un-milagro-extraordinario-del-campo-argentino\/#primaryimage\"},\"thumbnailUrl\":\"https:\/\/gysfm.com.ar\/inicio\/wp-content\/uploads\/2026\/04\/cosecha-trigo-2140954.jpg\",\"articleSection\":[\"NACIONALES\"],\"inLanguage\":\"es\"},{\"@type\":\"WebPage\",\"@id\":\"https:\/\/gysfm.com.ar\/inicio\/estamos-ante-un-milagro-extraordinario-del-campo-argentino\/\",\"url\":\"https:\/\/gysfm.com.ar\/inicio\/estamos-ante-un-milagro-extraordinario-del-campo-argentino\/\",\"name\":\"Estamos ante un milagro extraordinario del campo argentino - GYS NOTICIAS |\",\"isPartOf\":{\"@id\":\"https:\/\/gysfm.com.ar\/inicio\/#website\"},\"primaryImageOfPage\":{\"@id\":\"https:\/\/gysfm.com.ar\/inicio\/estamos-ante-un-milagro-extraordinario-del-campo-argentino\/#primaryimage\"},\"image\":{\"@id\":\"https:\/\/gysfm.com.ar\/inicio\/estamos-ante-un-milagro-extraordinario-del-campo-argentino\/#primaryimage\"},\"thumbnailUrl\":\"https:\/\/gysfm.com.ar\/inicio\/wp-content\/uploads\/2026\/04\/cosecha-trigo-2140954.jpg\",\"datePublished\":\"2026-04-28T21:11:05+00:00\",\"breadcrumb\":{\"@id\":\"https:\/\/gysfm.com.ar\/inicio\/estamos-ante-un-milagro-extraordinario-del-campo-argentino\/#breadcrumb\"},\"inLanguage\":\"es\",\"potentialAction\":[{\"@type\":\"ReadAction\",\"target\":[\"https:\/\/gysfm.com.ar\/inicio\/estamos-ante-un-milagro-extraordinario-del-campo-argentino\/\"]}]},{\"@type\":\"ImageObject\",\"inLanguage\":\"es\",\"@id\":\"https:\/\/gysfm.com.ar\/inicio\/estamos-ante-un-milagro-extraordinario-del-campo-argentino\/#primaryimage\",\"url\":\"https:\/\/gysfm.com.ar\/inicio\/wp-content\/uploads\/2026\/04\/cosecha-trigo-2140954.jpg\",\"contentUrl\":\"https:\/\/gysfm.com.ar\/inicio\/wp-content\/uploads\/2026\/04\/cosecha-trigo-2140954.jpg\",\"width\":1140,\"height\":641},{\"@type\":\"BreadcrumbList\",\"@id\":\"https:\/\/gysfm.com.ar\/inicio\/estamos-ante-un-milagro-extraordinario-del-campo-argentino\/#breadcrumb\",\"itemListElement\":[{\"@type\":\"ListItem\",\"position\":1,\"name\":\"Portada\",\"item\":\"https:\/\/gysfm.com.ar\/inicio\/\"},{\"@type\":\"ListItem\",\"position\":2,\"name\":\"Estamos ante un milagro extraordinario del campo argentino\"}]},{\"@type\":\"WebSite\",\"@id\":\"https:\/\/gysfm.com.ar\/inicio\/#website\",\"url\":\"https:\/\/gysfm.com.ar\/inicio\/\",\"name\":\"GYS NOTICIAS |\",\"description\":\"DIARIO - RADIO ONLINE SAN JUAN ARGENTINA\",\"publisher\":{\"@id\":\"https:\/\/gysfm.com.ar\/inicio\/#organization\"},\"potentialAction\":[{\"@type\":\"SearchAction\",\"target\":{\"@type\":\"EntryPoint\",\"urlTemplate\":\"https:\/\/gysfm.com.ar\/inicio\/?s={search_term_string}\"},\"query-input\":{\"@type\":\"PropertyValueSpecification\",\"valueRequired\":true,\"valueName\":\"search_term_string\"}}],\"inLanguage\":\"es\"},{\"@type\":\"Organization\",\"@id\":\"https:\/\/gysfm.com.ar\/inicio\/#organization\",\"name\":\"GYS NOTICIAS |\",\"url\":\"https:\/\/gysfm.com.ar\/inicio\/\",\"logo\":{\"@type\":\"ImageObject\",\"inLanguage\":\"es\",\"@id\":\"https:\/\/gysfm.com.ar\/inicio\/#\/schema\/logo\/image\/\",\"url\":\"https:\/\/gysfm.com.ar\/inicio\/wp-content\/uploads\/2023\/07\/LOGOGYS-OK.png\",\"contentUrl\":\"https:\/\/gysfm.com.ar\/inicio\/wp-content\/uploads\/2023\/07\/LOGOGYS-OK.png\",\"width\":1170,\"height\":872,\"caption\":\"GYS NOTICIAS |\"},\"image\":{\"@id\":\"https:\/\/gysfm.com.ar\/inicio\/#\/schema\/logo\/image\/\"}},{\"@type\":\"Person\",\"@id\":\"https:\/\/gysfm.com.ar\/inicio\/#\/schema\/person\/3abba7593ef2ad19e1be221d54383dc5\",\"name\":\"Prensa G&amp;S FM\",\"image\":{\"@type\":\"ImageObject\",\"inLanguage\":\"es\",\"@id\":\"https:\/\/gysfm.com.ar\/inicio\/#\/schema\/person\/image\/\",\"url\":\"https:\/\/secure.gravatar.com\/avatar\/096ec78df02049ab018702bb4ccedf659377fa92a26540b5247612077a0dbd29?s=96&d=mm&r=g\",\"contentUrl\":\"https:\/\/secure.gravatar.com\/avatar\/096ec78df02049ab018702bb4ccedf659377fa92a26540b5247612077a0dbd29?s=96&d=mm&r=g\",\"caption\":\"Prensa G&amp;S FM\"},\"sameAs\":[\"https:\/\/gysfm.com.ar\/\"],\"url\":\"https:\/\/gysfm.com.ar\/inicio\/author\/lucasm\/\"}]}<\/script>\n<!-- \/ Yoast SEO plugin. -->","yoast_head_json":{"title":"Estamos ante un milagro extraordinario del campo argentino - GYS NOTICIAS |","robots":{"index":"index","follow":"follow","max-snippet":"max-snippet:-1","max-image-preview":"max-image-preview:large","max-video-preview":"max-video-preview:-1"},"canonical":"https:\/\/gysfm.com.ar\/inicio\/estamos-ante-un-milagro-extraordinario-del-campo-argentino\/","og_locale":"es_ES","og_type":"article","og_title":"Estamos ante un milagro extraordinario del campo argentino - GYS NOTICIAS |","og_description":"Tenemos un dato muy interesante respecto de la cosecha que est\u00e1 empezando, que dar\u00eda un r\u00e9cord de 163 millones de toneladas; se trata de una cifra enorme, pues son 20 millones de toneladas m\u00e1s que el ciclo agr\u00edcola anterior. Me recuerda que, en la discusi\u00f3n de aquella \u00e9poca del campo y las peleas del campo [&hellip;]","og_url":"https:\/\/gysfm.com.ar\/inicio\/estamos-ante-un-milagro-extraordinario-del-campo-argentino\/","og_site_name":"GYS NOTICIAS |","article_published_time":"2026-04-28T21:11:05+00:00","author":"Prensa G&amp;S FM","twitter_card":"summary_large_image","twitter_misc":{"Escrito por":"Prensa G&amp;S FM","Tiempo de lectura":"2 minutos"},"schema":{"@context":"https:\/\/schema.org","@graph":[{"@type":"Article","@id":"https:\/\/gysfm.com.ar\/inicio\/estamos-ante-un-milagro-extraordinario-del-campo-argentino\/#article","isPartOf":{"@id":"https:\/\/gysfm.com.ar\/inicio\/estamos-ante-un-milagro-extraordinario-del-campo-argentino\/"},"author":{"name":"Prensa G&amp;S FM","@id":"https:\/\/gysfm.com.ar\/inicio\/#\/schema\/person\/3abba7593ef2ad19e1be221d54383dc5"},"headline":"Estamos ante un milagro extraordinario del campo argentino","datePublished":"2026-04-28T21:11:05+00:00","mainEntityOfPage":{"@id":"https:\/\/gysfm.com.ar\/inicio\/estamos-ante-un-milagro-extraordinario-del-campo-argentino\/"},"wordCount":399,"publisher":{"@id":"https:\/\/gysfm.com.ar\/inicio\/#organization"},"image":{"@id":"https:\/\/gysfm.com.ar\/inicio\/estamos-ante-un-milagro-extraordinario-del-campo-argentino\/#primaryimage"},"thumbnailUrl":"https:\/\/gysfm.com.ar\/inicio\/wp-content\/uploads\/2026\/04\/cosecha-trigo-2140954.jpg","articleSection":["NACIONALES"],"inLanguage":"es"},{"@type":"WebPage","@id":"https:\/\/gysfm.com.ar\/inicio\/estamos-ante-un-milagro-extraordinario-del-campo-argentino\/","url":"https:\/\/gysfm.com.ar\/inicio\/estamos-ante-un-milagro-extraordinario-del-campo-argentino\/","name":"Estamos ante un milagro extraordinario del campo argentino - GYS NOTICIAS |","isPartOf":{"@id":"https:\/\/gysfm.com.ar\/inicio\/#website"},"primaryImageOfPage":{"@id":"https:\/\/gysfm.com.ar\/inicio\/estamos-ante-un-milagro-extraordinario-del-campo-argentino\/#primaryimage"},"image":{"@id":"https:\/\/gysfm.com.ar\/inicio\/estamos-ante-un-milagro-extraordinario-del-campo-argentino\/#primaryimage"},"thumbnailUrl":"https:\/\/gysfm.com.ar\/inicio\/wp-content\/uploads\/2026\/04\/cosecha-trigo-2140954.jpg","datePublished":"2026-04-28T21:11:05+00:00","breadcrumb":{"@id":"https:\/\/gysfm.com.ar\/inicio\/estamos-ante-un-milagro-extraordinario-del-campo-argentino\/#breadcrumb"},"inLanguage":"es","potentialAction":[{"@type":"ReadAction","target":["https:\/\/gysfm.com.ar\/inicio\/estamos-ante-un-milagro-extraordinario-del-campo-argentino\/"]}]},{"@type":"ImageObject","inLanguage":"es","@id":"https:\/\/gysfm.com.ar\/inicio\/estamos-ante-un-milagro-extraordinario-del-campo-argentino\/#primaryimage","url":"https:\/\/gysfm.com.ar\/inicio\/wp-content\/uploads\/2026\/04\/cosecha-trigo-2140954.jpg","contentUrl":"https:\/\/gysfm.com.ar\/inicio\/wp-content\/uploads\/2026\/04\/cosecha-trigo-2140954.jpg","width":1140,"height":641},{"@type":"BreadcrumbList","@id":"https:\/\/gysfm.com.ar\/inicio\/estamos-ante-un-milagro-extraordinario-del-campo-argentino\/#breadcrumb","itemListElement":[{"@type":"ListItem","position":1,"name":"Portada","item":"https:\/\/gysfm.com.ar\/inicio\/"},{"@type":"ListItem","position":2,"name":"Estamos ante un milagro extraordinario del campo argentino"}]},{"@type":"WebSite","@id":"https:\/\/gysfm.com.ar\/inicio\/#website","url":"https:\/\/gysfm.com.ar\/inicio\/","name":"GYS NOTICIAS |","description":"DIARIO - RADIO ONLINE SAN JUAN ARGENTINA","publisher":{"@id":"https:\/\/gysfm.com.ar\/inicio\/#organization"},"potentialAction":[{"@type":"SearchAction","target":{"@type":"EntryPoint","urlTemplate":"https:\/\/gysfm.com.ar\/inicio\/?s={search_term_string}"},"query-input":{"@type":"PropertyValueSpecification","valueRequired":true,"valueName":"search_term_string"}}],"inLanguage":"es"},{"@type":"Organization","@id":"https:\/\/gysfm.com.ar\/inicio\/#organization","name":"GYS NOTICIAS |","url":"https:\/\/gysfm.com.ar\/inicio\/","logo":{"@type":"ImageObject","inLanguage":"es","@id":"https:\/\/gysfm.com.ar\/inicio\/#\/schema\/logo\/image\/","url":"https:\/\/gysfm.com.ar\/inicio\/wp-content\/uploads\/2023\/07\/LOGOGYS-OK.png","contentUrl":"https:\/\/gysfm.com.ar\/inicio\/wp-content\/uploads\/2023\/07\/LOGOGYS-OK.png","width":1170,"height":872,"caption":"GYS NOTICIAS |"},"image":{"@id":"https:\/\/gysfm.com.ar\/inicio\/#\/schema\/logo\/image\/"}},{"@type":"Person","@id":"https:\/\/gysfm.com.ar\/inicio\/#\/schema\/person\/3abba7593ef2ad19e1be221d54383dc5","name":"Prensa G&amp;S FM","image":{"@type":"ImageObject","inLanguage":"es","@id":"https:\/\/gysfm.com.ar\/inicio\/#\/schema\/person\/image\/","url":"https:\/\/secure.gravatar.com\/avatar\/096ec78df02049ab018702bb4ccedf659377fa92a26540b5247612077a0dbd29?s=96&d=mm&r=g","contentUrl":"https:\/\/secure.gravatar.com\/avatar\/096ec78df02049ab018702bb4ccedf659377fa92a26540b5247612077a0dbd29?s=96&d=mm&r=g","caption":"Prensa G&amp;S FM"},"sameAs":["https:\/\/gysfm.com.ar\/"],"url":"https:\/\/gysfm.com.ar\/inicio\/author\/lucasm\/"}]}},"_links":{"self":[{"href":"https:\/\/gysfm.com.ar\/inicio\/wp-json\/wp\/v2\/posts\/193534","targetHints":{"allow":["GET"]}}],"collection":[{"href":"https:\/\/gysfm.com.ar\/inicio\/wp-json\/wp\/v2\/posts"}],"about":[{"href":"https:\/\/gysfm.com.ar\/inicio\/wp-json\/wp\/v2\/types\/post"}],"author":[{"embeddable":true,"href":"https:\/\/gysfm.com.ar\/inicio\/wp-json\/wp\/v2\/users\/2"}],"replies":[{"embeddable":true,"href":"https:\/\/gysfm.com.ar\/inicio\/wp-json\/wp\/v2\/comments?post=193534"}],"version-history":[{"count":0,"href":"https:\/\/gysfm.com.ar\/inicio\/wp-json\/wp\/v2\/posts\/193534\/revisions"}],"wp:featuredmedia":[{"embeddable":true,"href":"https:\/\/gysfm.com.ar\/inicio\/wp-json\/wp\/v2\/media\/193535"}],"wp:attachment":[{"href":"https:\/\/gysfm.com.ar\/inicio\/wp-json\/wp\/v2\/media?parent=193534"}],"wp:term":[{"taxonomy":"category","embeddable":true,"href":"https:\/\/gysfm.com.ar\/inicio\/wp-json\/wp\/v2\/categories?post=193534"},{"taxonomy":"post_tag","embeddable":true,"href":"https:\/\/gysfm.com.ar\/inicio\/wp-json\/wp\/v2\/tags?post=193534"}],"curies":[{"name":"wp","href":"https:\/\/api.w.org\/{rel}","templated":true}]}}