{"id":193529,"date":"2026-04-28T17:39:40","date_gmt":"2026-04-28T20:39:40","guid":{"rendered":"https:\/\/gysfm.com.ar\/inicio\/andis-diego-spagnuolo-se-nego-a-declarar-en-la-causa-por-corrupcion\/"},"modified":"2026-04-28T17:39:40","modified_gmt":"2026-04-28T20:39:40","slug":"andis-diego-spagnuolo-se-nego-a-declarar-en-la-causa-por-corrupcion","status":"publish","type":"post","link":"https:\/\/gysfm.com.ar\/inicio\/andis-diego-spagnuolo-se-nego-a-declarar-en-la-causa-por-corrupcion\/","title":{"rendered":"ANDIS, Diego Spagnuolo se neg\u00f3 a declarar en la causa por corrupci\u00f3n"},"content":{"rendered":"<p><\/p>\n<div id=\"article-content\">\n<p><strong>Diego Spagnuolo,<\/strong> el ex titular de ANDIS, <strong>procesado <\/strong>por delitos como cohecho, fraude contra la administraci\u00f3n p\u00fablica y negociaciones incompatibles con el ejercicio de la funci\u00f3n p\u00fablica, se neg\u00f3 esta ma\u00f1ana a declarar ante el juez <strong>Ariel Lijo<\/strong>. Abordado por los periodistas en los ascensores de Comodoro Py, Spagnuolo confirm\u00f3 que se neg\u00f3 a declarar y sostuvo que <strong>\u00abno es la \u00fanica oportunidad que se puede declarar\u00bb.<\/strong><\/p>\n<p><iframe id=\"vrudo\" class=\"vrudo\" src=\"https:\/\/rudo.video\/vod\/bWrJgW?volume=0\" width=\"100%\" height=\"100%\" allowscriptaccess=\"always\" allowfullscreen=\"true\" webkitallowfullscreen=\"true\" frameborder=\"0\" scrolling=\"no\" allow=\"autoplay; fullscreen\" loading=\"lazy\" title=\"Contenido embebido\"><\/iframe><\/p>\n<p>El Juzgado Criminal y Correccional Federal N\u00b011 dispuso un amplio llamado a indagatoria para<strong> 29 personas <\/strong>en el marco de la investigaci\u00f3n por presuntas maniobras de corrupci\u00f3n en la <strong>Agencia Nacional de Discapacidad (ANDIS),<\/strong> a partir de un requerimiento impulsado por los fiscales <strong>Franco Picardi y Sergio Rodr\u00edguez<\/strong>. Entre los citados vuelve a aparecer hoy el ex titular del organismo,<a target=\"_blank\" href=\"https:\/\/www.perfil.com\/noticias\/politica\/diego-spagnuolo-llego-a-comodoro-py-para-ser-interrogado-por-las-coimas-en-andis.phtml\"> <strong>Diego Spagnuolo<\/strong><\/a>, quien ya se encuentra procesado en el expediente.<\/p>\n<p style=\"text-align:center\"><picture><source media=\"(max-width: 440px)\" srcset=\"https:\/\/fotos.perfil.com\/\/2026\/04\/28\/440\/0\/diego-spagnolo-comodoro-py-28042026-2229189.jpg?webp\"\/><source media=\"(max-width: 1019px)\" srcset=\"https:\/\/fotos.perfil.com\/\/2026\/04\/28\/712\/0\/diego-spagnolo-comodoro-py-28042026-2229189.jpg?webp\"\/><img decoding=\"async\" style=\"max-width: 100%; width: 100%;\" alt=\"Diego Spagnolo Comodoro Py 28042026\" src=\"https:\/\/fotos.perfil.com\/\/2026\/04\/28\/900\/0\/diego-spagnolo-comodoro-py-28042026-2229189.jpg?webp\" loading=\"lazy\"\/><\/picture><\/p>\n<div class=\"subscription\">\n<p>\n        Esto no les gusta a los autoritarios\n    <\/p>\n<div class=\"subscription__container\">\n<div class=\"subscription__text-wrapper\">\n<p>\n                El ejercicio del periodismo profesional y cr\u00edtico es un pilar fundamental de la democracia. Por eso molesta a quienes creen ser los due\u00f1os de la verdad.\n            <\/p>\n<\/p><\/div><\/div>\n<\/div>\n<p>Las audiencias fueron programadas desde esta semana y se extender\u00e1n hasta el 26 de mayo, seg\u00fan confirmaron fuentes judiciales. El listado contempla adem\u00e1s la ampliaci\u00f3n de indagatorias para varios imputados que ya hab\u00edan sido procesados, como el ex director nacional de Acceso a los Servicios de Salud, <strong>Daniel Mar\u00eda Garbellini, y Miguel \u00c1ngel Calvete, <\/strong>se\u00f1alado como nexo entre funcionarios y empresarios del rubro farmac\u00e9utico.<\/p>\n<div style=\"text-align:center\">\n<figure class=\"image\" style=\"display:inline-block\"><picture><source media=\"(max-width: 440px)\" srcset=\"https:\/\/fotos.perfil.com\/\/2026\/04\/28\/440\/0\/daniel-garbellini-28042026-2229283.jpg?webp\"\/><source media=\"(max-width: 1019px)\" srcset=\"https:\/\/fotos.perfil.com\/\/2026\/04\/28\/712\/0\/daniel-garbellini-28042026-2229283.jpg?webp\"\/><img decoding=\"async\" style=\"max-width: 100%; width: 100%;\" alt=\"Daniel Garbellini 28042026\" src=\"https:\/\/fotos.perfil.com\/\/2026\/04\/28\/900\/0\/daniel-garbellini-28042026-2229283.jpg?webp\" loading=\"lazy\"\/><\/picture><lt-highlighter contenteditable=\"false\" data-lt-linked=\"1\" style=\"display: none;\"><lt-div class=\"lt-highlighter__wrapper\" spellcheck=\"false\" style=\"width: 727.969px !important; height: 20.7955px !important; transform: none !important; transform-origin: 363.984px 10.3977px !important; zoom: 1 !important; margin-top: 506.236px !important;\"><lt-div class=\"lt-highlighter__scroll-element\" style=\"top: 0px !important; left: 0px !important; width: 727.969px !important; height: 20.7955px !important;\"\/><\/lt-div><\/lt-highlighter><figcaption><strong>Daniel Mar\u00eda Garbellini<\/strong><\/figcaption><\/figure>\n<\/p><\/div>\n<p class=\"destacadoNota\"><a target=\"_blank\" href=\"https:\/\/www.perfil.com\/noticias\/politica\/javier-milei-volvio-a-apuntar-contra-los-periodistas-ensobrados-y-corruptos.phtml\">Javier Milei volvi\u00f3 a apuntar contra los periodistas: \u00abEnsobrados y corruptos\u00bb<\/a><\/p>\n<p>En su resoluci\u00f3n, el juez <strong>Ariel Lijo <\/strong>sostuvo que la estructura bajo an\u00e1lisis habr\u00eda operado con el objetivo de generar ganancias ilegales de magnitud, con impacto directo sobre los fondos p\u00fablicos. En l\u00ednea con esa hip\u00f3tesis, tambi\u00e9n orden\u00f3 la inhibici\u00f3n general de bienes de los implicados, tanto personas f\u00edsicas como jur\u00eddicas, ante el riesgo de que se dispongan de activos que podr\u00edan ser recuperados por el Estado.<\/p>\n<p style=\"text-align:center\"><picture><source media=\"(max-width: 440px)\" srcset=\"https:\/\/fotos.perfil.com\/\/2026\/02\/14\/440\/0\/diego-spagnuolo-2186399.jpg?webp\"\/><source media=\"(max-width: 1019px)\" srcset=\"https:\/\/fotos.perfil.com\/\/2026\/02\/14\/712\/0\/diego-spagnuolo-2186399.jpg?webp\"\/><img decoding=\"async\" style=\"max-width: 100%; width: 100%;\" alt=\"Diego Spagnuolo\" src=\"https:\/\/fotos.perfil.com\/\/2026\/02\/14\/900\/0\/diego-spagnuolo-2186399.jpg?webp\" loading=\"lazy\"\/><\/picture><\/p>\n<p>La causa apunta a reconstruir un entramado que incluir\u00eda a m\u00e1s de una veintena de empresarios vinculados a laboratorios y droguer\u00edas, quienes habr\u00edan participado de un esquema destinado a desviar recursos p\u00fablicos. Seg\u00fan la investigaci\u00f3n, las maniobras habr\u00edan implicado erogaciones superiores a los <strong>75 mil millones de pesos.<\/strong><\/p>\n<p>Spagnuolo ya fue indagado y <strong>posteriormente procesado <\/strong>por delitos como cohecho, fraude contra la administraci\u00f3n p\u00fablica y negociaciones incompatibles con el ejercicio de la funci\u00f3n p\u00fablica, en lo que se perfila como uno de los expedientes m\u00e1s sensibles en materia de control del gasto social.<\/p>\n<h2><strong>El caso ANDIS: origen de la investigaci\u00f3n y nuevas evidencias<\/strong><\/h2>\n<p>La investigaci\u00f3n sobre la ANDIS comenz\u00f3 a tomar forma a partir de denuncias internas y reportes sobre irregularidades en la asignaci\u00f3n de prestaciones y contratos vinculados al sistema de cobertura para personas con discapacidad. Con el avance de las medidas de prueba, los fiscales lograron <strong>detectar un patr\u00f3n de adjudicaciones direccionadas y sobreprecios en servicios m\u00e9dicos y provisi\u00f3n de insumos.<\/strong><\/p>\n<p class=\"destacadoNota\"><a target=\"_blank\" href=\"https:\/\/www.perfil.com\/noticias\/politica\/a-traves-de-un-decreto-de-javier-milei-manuel-adorni-y-el-resto-de-los-ministros-duplicaron-sus-sueldos.phtml\">Por un decreto de Milei, Adorni y el resto de los ministros duplicaron sus sueldos<\/a><\/p>\n<p>Uno de los puntos de inflexi\u00f3n fueron los audios atribuidos a Spagnuolo, incorporados al expediente, en los que \u2014seg\u00fan la acusaci\u00f3n\u2014 se evidenciar\u00edan gestiones para favorecer a determinados proveedores y coordinar retornos econ\u00f3micos. Ese material reforz\u00f3 la hip\u00f3tesis de una estructura organizada dentro del organismo, con ramificaciones en el sector privado.<\/p>\n<p style=\"text-align:center\"><picture><source media=\"(max-width: 440px)\" srcset=\"https:\/\/fotos.perfil.com\/\/2026\/04\/28\/440\/0\/diego-spagnolo-comodoro-py-28042026-2229191.jpg?webp\"\/><source media=\"(max-width: 1019px)\" srcset=\"https:\/\/fotos.perfil.com\/\/2026\/04\/28\/712\/0\/diego-spagnolo-comodoro-py-28042026-2229191.jpg?webp\"\/><img decoding=\"async\" style=\"max-width: 100%; width: 100%;\" alt=\"Diego Spagnolo Comodoro Py 28042026\" src=\"https:\/\/fotos.perfil.com\/\/2026\/04\/28\/900\/0\/diego-spagnolo-comodoro-py-28042026-2229191.jpg?webp\" loading=\"lazy\"\/><\/picture><\/p>\n<p>A lo largo de la causa tambi\u00e9n quedaron bajo la lupa otros funcionarios y ex funcionarios del \u00e1rea de salud y discapacidad, adem\u00e1s de intermediarios y empresarios que habr\u00edan facilitado las maniobras. La investigaci\u00f3n sigue en expansi\u00f3n y no se descartan nuevas imputaciones a medida que se analizan cruces de llamadas, movimientos financieros y documentaci\u00f3n secuestrada en allanamientos.<\/p>\n<p>fl\/ff<\/p>\n<p>  <lt-toolbar contenteditable=\"false\" data-lt-adjust-appearance=\"true\" data-lt-force-appearance=\"light\" style=\"display: none;\"><lt-div class=\"lt-toolbar__wrapper lt-toolbar__wrapper--hide\" style=\"left: 753px; position: absolute !important; top: 1535px !important; bottom: auto !important; z-index: auto; opacity: 1 !important; pointer-events: all !important;\"><lt-div class=\"lt-toolbar__status-icon lt-toolbar__status-icon--trial-ended\"><lt-span class=\"lt-icon__tooltip lt-icon__tooltip--top-right\">Tu prueba Premium ha finalizado<\/lt-span><\/lt-div><lt-div class=\"lt-toolbar__premium-icon-dot\"\/><\/lt-div><\/lt-toolbar><\/p><\/div>\n<p><script>\n                !function(f,b,e,v,n,t,s)\n                {if(f.fbq)return;n=f.fbq=function(){n.callMethod?\n                    n.callMethod.apply(n,arguments):n.queue.push(arguments)};\n                    if(!f._fbq)f._fbq=n;n.push=n;n.loaded=!0;n.version='2.0';\n                    n.queue=[];t=b.createElement(e);t.async=!0;\n                    t.src=v;s=b.getElementsByTagName(e)[0];\n                    s.parentNode.insertBefore(t,s)}(window, document,'script',\n                    'https:\/\/connect.facebook.net\/en_US\/fbevents.js');\n                window.paywallConfig.facebook_pixel=\"1000228364089342\"\n            <\/script><\/p>\n","protected":false},"excerpt":{"rendered":"<p>Diego Spagnuolo, el ex titular de ANDIS, procesado por delitos como cohecho, fraude contra la administraci\u00f3n p\u00fablica y negociaciones incompatibles con el ejercicio de la funci\u00f3n p\u00fablica, se neg\u00f3 esta ma\u00f1ana a declarar ante el juez Ariel Lijo. Abordado por los periodistas en los ascensores de Comodoro Py, Spagnuolo confirm\u00f3 que se neg\u00f3 a declarar [&hellip;]<\/p>\n","protected":false},"author":2,"featured_media":193530,"comment_status":"closed","ping_status":"closed","sticky":false,"template":"","format":"standard","meta":{"footnotes":""},"categories":[25],"tags":[],"class_list":["post-193529","post","type-post","status-publish","format-standard","has-post-thumbnail","hentry","category-nacionales"],"yoast_head":"<!-- This site is optimized with the Yoast SEO plugin v24.4 - https:\/\/yoast.com\/wordpress\/plugins\/seo\/ -->\n<title>ANDIS, Diego Spagnuolo se neg\u00f3 a declarar en la causa por corrupci\u00f3n - GYS NOTICIAS |<\/title>\n<meta name=\"robots\" content=\"index, follow, max-snippet:-1, max-image-preview:large, max-video-preview:-1\" \/>\n<link rel=\"canonical\" href=\"https:\/\/gysfm.com.ar\/inicio\/andis-diego-spagnuolo-se-nego-a-declarar-en-la-causa-por-corrupcion\/\" \/>\n<meta property=\"og:locale\" content=\"es_ES\" \/>\n<meta property=\"og:type\" content=\"article\" \/>\n<meta property=\"og:title\" content=\"ANDIS, Diego Spagnuolo se neg\u00f3 a declarar en la causa por corrupci\u00f3n - GYS NOTICIAS |\" \/>\n<meta property=\"og:description\" content=\"Diego Spagnuolo, el ex titular de ANDIS, procesado por delitos como cohecho, fraude contra la administraci\u00f3n p\u00fablica y negociaciones incompatibles con el ejercicio de la funci\u00f3n p\u00fablica, se neg\u00f3 esta ma\u00f1ana a declarar ante el juez Ariel Lijo. Abordado por los periodistas en los ascensores de Comodoro Py, Spagnuolo confirm\u00f3 que se neg\u00f3 a declarar [&hellip;]\" \/>\n<meta property=\"og:url\" content=\"https:\/\/gysfm.com.ar\/inicio\/andis-diego-spagnuolo-se-nego-a-declarar-en-la-causa-por-corrupcion\/\" \/>\n<meta property=\"og:site_name\" content=\"GYS NOTICIAS |\" \/>\n<meta property=\"article:published_time\" content=\"2026-04-28T20:39:40+00:00\" \/>\n<meta property=\"og:image\" content=\"https:\/\/fotos.perfil.com\/\/2026\/04\/28\/900\/0\/diego-spagnolo-comodoro-py-28042026-2229189.jpg?webp\" \/>\n<meta name=\"author\" content=\"Prensa G&amp;S FM\" \/>\n<meta name=\"twitter:card\" content=\"summary_large_image\" \/>\n<meta name=\"twitter:label1\" content=\"Escrito por\" \/>\n\t<meta name=\"twitter:data1\" content=\"Prensa G&amp;S FM\" \/>\n\t<meta name=\"twitter:label2\" content=\"Tiempo de lectura\" \/>\n\t<meta name=\"twitter:data2\" content=\"3 minutos\" \/>\n<script type=\"application\/ld+json\" class=\"yoast-schema-graph\">{\"@context\":\"https:\/\/schema.org\",\"@graph\":[{\"@type\":\"Article\",\"@id\":\"https:\/\/gysfm.com.ar\/inicio\/andis-diego-spagnuolo-se-nego-a-declarar-en-la-causa-por-corrupcion\/#article\",\"isPartOf\":{\"@id\":\"https:\/\/gysfm.com.ar\/inicio\/andis-diego-spagnuolo-se-nego-a-declarar-en-la-causa-por-corrupcion\/\"},\"author\":{\"name\":\"Prensa G&amp;S FM\",\"@id\":\"https:\/\/gysfm.com.ar\/inicio\/#\/schema\/person\/3abba7593ef2ad19e1be221d54383dc5\"},\"headline\":\"ANDIS, Diego Spagnuolo se neg\u00f3 a declarar en la causa por corrupci\u00f3n\",\"datePublished\":\"2026-04-28T20:39:40+00:00\",\"mainEntityOfPage\":{\"@id\":\"https:\/\/gysfm.com.ar\/inicio\/andis-diego-spagnuolo-se-nego-a-declarar-en-la-causa-por-corrupcion\/\"},\"wordCount\":680,\"publisher\":{\"@id\":\"https:\/\/gysfm.com.ar\/inicio\/#organization\"},\"image\":{\"@id\":\"https:\/\/gysfm.com.ar\/inicio\/andis-diego-spagnuolo-se-nego-a-declarar-en-la-causa-por-corrupcion\/#primaryimage\"},\"thumbnailUrl\":\"https:\/\/gysfm.com.ar\/inicio\/wp-content\/uploads\/2026\/04\/diego-spagnolo-comodoro-py-28042026-2229188.jpg\",\"articleSection\":[\"NACIONALES\"],\"inLanguage\":\"es\"},{\"@type\":\"WebPage\",\"@id\":\"https:\/\/gysfm.com.ar\/inicio\/andis-diego-spagnuolo-se-nego-a-declarar-en-la-causa-por-corrupcion\/\",\"url\":\"https:\/\/gysfm.com.ar\/inicio\/andis-diego-spagnuolo-se-nego-a-declarar-en-la-causa-por-corrupcion\/\",\"name\":\"ANDIS, Diego Spagnuolo se neg\u00f3 a declarar en la causa por corrupci\u00f3n - GYS NOTICIAS |\",\"isPartOf\":{\"@id\":\"https:\/\/gysfm.com.ar\/inicio\/#website\"},\"primaryImageOfPage\":{\"@id\":\"https:\/\/gysfm.com.ar\/inicio\/andis-diego-spagnuolo-se-nego-a-declarar-en-la-causa-por-corrupcion\/#primaryimage\"},\"image\":{\"@id\":\"https:\/\/gysfm.com.ar\/inicio\/andis-diego-spagnuolo-se-nego-a-declarar-en-la-causa-por-corrupcion\/#primaryimage\"},\"thumbnailUrl\":\"https:\/\/gysfm.com.ar\/inicio\/wp-content\/uploads\/2026\/04\/diego-spagnolo-comodoro-py-28042026-2229188.jpg\",\"datePublished\":\"2026-04-28T20:39:40+00:00\",\"breadcrumb\":{\"@id\":\"https:\/\/gysfm.com.ar\/inicio\/andis-diego-spagnuolo-se-nego-a-declarar-en-la-causa-por-corrupcion\/#breadcrumb\"},\"inLanguage\":\"es\",\"potentialAction\":[{\"@type\":\"ReadAction\",\"target\":[\"https:\/\/gysfm.com.ar\/inicio\/andis-diego-spagnuolo-se-nego-a-declarar-en-la-causa-por-corrupcion\/\"]}]},{\"@type\":\"ImageObject\",\"inLanguage\":\"es\",\"@id\":\"https:\/\/gysfm.com.ar\/inicio\/andis-diego-spagnuolo-se-nego-a-declarar-en-la-causa-por-corrupcion\/#primaryimage\",\"url\":\"https:\/\/gysfm.com.ar\/inicio\/wp-content\/uploads\/2026\/04\/diego-spagnolo-comodoro-py-28042026-2229188.jpg\",\"contentUrl\":\"https:\/\/gysfm.com.ar\/inicio\/wp-content\/uploads\/2026\/04\/diego-spagnolo-comodoro-py-28042026-2229188.jpg\",\"width\":1140,\"height\":641},{\"@type\":\"BreadcrumbList\",\"@id\":\"https:\/\/gysfm.com.ar\/inicio\/andis-diego-spagnuolo-se-nego-a-declarar-en-la-causa-por-corrupcion\/#breadcrumb\",\"itemListElement\":[{\"@type\":\"ListItem\",\"position\":1,\"name\":\"Portada\",\"item\":\"https:\/\/gysfm.com.ar\/inicio\/\"},{\"@type\":\"ListItem\",\"position\":2,\"name\":\"ANDIS, Diego Spagnuolo se neg\u00f3 a declarar en la causa por corrupci\u00f3n\"}]},{\"@type\":\"WebSite\",\"@id\":\"https:\/\/gysfm.com.ar\/inicio\/#website\",\"url\":\"https:\/\/gysfm.com.ar\/inicio\/\",\"name\":\"GYS NOTICIAS |\",\"description\":\"DIARIO - RADIO ONLINE SAN JUAN ARGENTINA\",\"publisher\":{\"@id\":\"https:\/\/gysfm.com.ar\/inicio\/#organization\"},\"potentialAction\":[{\"@type\":\"SearchAction\",\"target\":{\"@type\":\"EntryPoint\",\"urlTemplate\":\"https:\/\/gysfm.com.ar\/inicio\/?s={search_term_string}\"},\"query-input\":{\"@type\":\"PropertyValueSpecification\",\"valueRequired\":true,\"valueName\":\"search_term_string\"}}],\"inLanguage\":\"es\"},{\"@type\":\"Organization\",\"@id\":\"https:\/\/gysfm.com.ar\/inicio\/#organization\",\"name\":\"GYS NOTICIAS |\",\"url\":\"https:\/\/gysfm.com.ar\/inicio\/\",\"logo\":{\"@type\":\"ImageObject\",\"inLanguage\":\"es\",\"@id\":\"https:\/\/gysfm.com.ar\/inicio\/#\/schema\/logo\/image\/\",\"url\":\"https:\/\/gysfm.com.ar\/inicio\/wp-content\/uploads\/2023\/07\/LOGOGYS-OK.png\",\"contentUrl\":\"https:\/\/gysfm.com.ar\/inicio\/wp-content\/uploads\/2023\/07\/LOGOGYS-OK.png\",\"width\":1170,\"height\":872,\"caption\":\"GYS NOTICIAS |\"},\"image\":{\"@id\":\"https:\/\/gysfm.com.ar\/inicio\/#\/schema\/logo\/image\/\"}},{\"@type\":\"Person\",\"@id\":\"https:\/\/gysfm.com.ar\/inicio\/#\/schema\/person\/3abba7593ef2ad19e1be221d54383dc5\",\"name\":\"Prensa G&amp;S FM\",\"image\":{\"@type\":\"ImageObject\",\"inLanguage\":\"es\",\"@id\":\"https:\/\/gysfm.com.ar\/inicio\/#\/schema\/person\/image\/\",\"url\":\"https:\/\/secure.gravatar.com\/avatar\/096ec78df02049ab018702bb4ccedf659377fa92a26540b5247612077a0dbd29?s=96&d=mm&r=g\",\"contentUrl\":\"https:\/\/secure.gravatar.com\/avatar\/096ec78df02049ab018702bb4ccedf659377fa92a26540b5247612077a0dbd29?s=96&d=mm&r=g\",\"caption\":\"Prensa G&amp;S FM\"},\"sameAs\":[\"https:\/\/gysfm.com.ar\/\"],\"url\":\"https:\/\/gysfm.com.ar\/inicio\/author\/lucasm\/\"}]}<\/script>\n<!-- \/ Yoast SEO plugin. -->","yoast_head_json":{"title":"ANDIS, Diego Spagnuolo se neg\u00f3 a declarar en la causa por corrupci\u00f3n - GYS NOTICIAS |","robots":{"index":"index","follow":"follow","max-snippet":"max-snippet:-1","max-image-preview":"max-image-preview:large","max-video-preview":"max-video-preview:-1"},"canonical":"https:\/\/gysfm.com.ar\/inicio\/andis-diego-spagnuolo-se-nego-a-declarar-en-la-causa-por-corrupcion\/","og_locale":"es_ES","og_type":"article","og_title":"ANDIS, Diego Spagnuolo se neg\u00f3 a declarar en la causa por corrupci\u00f3n - GYS NOTICIAS |","og_description":"Diego Spagnuolo, el ex titular de ANDIS, procesado por delitos como cohecho, fraude contra la administraci\u00f3n p\u00fablica y negociaciones incompatibles con el ejercicio de la funci\u00f3n p\u00fablica, se neg\u00f3 esta ma\u00f1ana a declarar ante el juez Ariel Lijo. Abordado por los periodistas en los ascensores de Comodoro Py, Spagnuolo confirm\u00f3 que se neg\u00f3 a declarar [&hellip;]","og_url":"https:\/\/gysfm.com.ar\/inicio\/andis-diego-spagnuolo-se-nego-a-declarar-en-la-causa-por-corrupcion\/","og_site_name":"GYS NOTICIAS |","article_published_time":"2026-04-28T20:39:40+00:00","og_image":[{"url":"https:\/\/fotos.perfil.com\/\/2026\/04\/28\/900\/0\/diego-spagnolo-comodoro-py-28042026-2229189.jpg?webp","type":"","width":"","height":""}],"author":"Prensa G&amp;S FM","twitter_card":"summary_large_image","twitter_misc":{"Escrito por":"Prensa G&amp;S FM","Tiempo de lectura":"3 minutos"},"schema":{"@context":"https:\/\/schema.org","@graph":[{"@type":"Article","@id":"https:\/\/gysfm.com.ar\/inicio\/andis-diego-spagnuolo-se-nego-a-declarar-en-la-causa-por-corrupcion\/#article","isPartOf":{"@id":"https:\/\/gysfm.com.ar\/inicio\/andis-diego-spagnuolo-se-nego-a-declarar-en-la-causa-por-corrupcion\/"},"author":{"name":"Prensa G&amp;S FM","@id":"https:\/\/gysfm.com.ar\/inicio\/#\/schema\/person\/3abba7593ef2ad19e1be221d54383dc5"},"headline":"ANDIS, Diego Spagnuolo se neg\u00f3 a declarar en la causa por corrupci\u00f3n","datePublished":"2026-04-28T20:39:40+00:00","mainEntityOfPage":{"@id":"https:\/\/gysfm.com.ar\/inicio\/andis-diego-spagnuolo-se-nego-a-declarar-en-la-causa-por-corrupcion\/"},"wordCount":680,"publisher":{"@id":"https:\/\/gysfm.com.ar\/inicio\/#organization"},"image":{"@id":"https:\/\/gysfm.com.ar\/inicio\/andis-diego-spagnuolo-se-nego-a-declarar-en-la-causa-por-corrupcion\/#primaryimage"},"thumbnailUrl":"https:\/\/gysfm.com.ar\/inicio\/wp-content\/uploads\/2026\/04\/diego-spagnolo-comodoro-py-28042026-2229188.jpg","articleSection":["NACIONALES"],"inLanguage":"es"},{"@type":"WebPage","@id":"https:\/\/gysfm.com.ar\/inicio\/andis-diego-spagnuolo-se-nego-a-declarar-en-la-causa-por-corrupcion\/","url":"https:\/\/gysfm.com.ar\/inicio\/andis-diego-spagnuolo-se-nego-a-declarar-en-la-causa-por-corrupcion\/","name":"ANDIS, Diego Spagnuolo se neg\u00f3 a declarar en la causa por corrupci\u00f3n - GYS NOTICIAS |","isPartOf":{"@id":"https:\/\/gysfm.com.ar\/inicio\/#website"},"primaryImageOfPage":{"@id":"https:\/\/gysfm.com.ar\/inicio\/andis-diego-spagnuolo-se-nego-a-declarar-en-la-causa-por-corrupcion\/#primaryimage"},"image":{"@id":"https:\/\/gysfm.com.ar\/inicio\/andis-diego-spagnuolo-se-nego-a-declarar-en-la-causa-por-corrupcion\/#primaryimage"},"thumbnailUrl":"https:\/\/gysfm.com.ar\/inicio\/wp-content\/uploads\/2026\/04\/diego-spagnolo-comodoro-py-28042026-2229188.jpg","datePublished":"2026-04-28T20:39:40+00:00","breadcrumb":{"@id":"https:\/\/gysfm.com.ar\/inicio\/andis-diego-spagnuolo-se-nego-a-declarar-en-la-causa-por-corrupcion\/#breadcrumb"},"inLanguage":"es","potentialAction":[{"@type":"ReadAction","target":["https:\/\/gysfm.com.ar\/inicio\/andis-diego-spagnuolo-se-nego-a-declarar-en-la-causa-por-corrupcion\/"]}]},{"@type":"ImageObject","inLanguage":"es","@id":"https:\/\/gysfm.com.ar\/inicio\/andis-diego-spagnuolo-se-nego-a-declarar-en-la-causa-por-corrupcion\/#primaryimage","url":"https:\/\/gysfm.com.ar\/inicio\/wp-content\/uploads\/2026\/04\/diego-spagnolo-comodoro-py-28042026-2229188.jpg","contentUrl":"https:\/\/gysfm.com.ar\/inicio\/wp-content\/uploads\/2026\/04\/diego-spagnolo-comodoro-py-28042026-2229188.jpg","width":1140,"height":641},{"@type":"BreadcrumbList","@id":"https:\/\/gysfm.com.ar\/inicio\/andis-diego-spagnuolo-se-nego-a-declarar-en-la-causa-por-corrupcion\/#breadcrumb","itemListElement":[{"@type":"ListItem","position":1,"name":"Portada","item":"https:\/\/gysfm.com.ar\/inicio\/"},{"@type":"ListItem","position":2,"name":"ANDIS, Diego Spagnuolo se neg\u00f3 a declarar en la causa por corrupci\u00f3n"}]},{"@type":"WebSite","@id":"https:\/\/gysfm.com.ar\/inicio\/#website","url":"https:\/\/gysfm.com.ar\/inicio\/","name":"GYS NOTICIAS |","description":"DIARIO - RADIO ONLINE SAN JUAN ARGENTINA","publisher":{"@id":"https:\/\/gysfm.com.ar\/inicio\/#organization"},"potentialAction":[{"@type":"SearchAction","target":{"@type":"EntryPoint","urlTemplate":"https:\/\/gysfm.com.ar\/inicio\/?s={search_term_string}"},"query-input":{"@type":"PropertyValueSpecification","valueRequired":true,"valueName":"search_term_string"}}],"inLanguage":"es"},{"@type":"Organization","@id":"https:\/\/gysfm.com.ar\/inicio\/#organization","name":"GYS NOTICIAS |","url":"https:\/\/gysfm.com.ar\/inicio\/","logo":{"@type":"ImageObject","inLanguage":"es","@id":"https:\/\/gysfm.com.ar\/inicio\/#\/schema\/logo\/image\/","url":"https:\/\/gysfm.com.ar\/inicio\/wp-content\/uploads\/2023\/07\/LOGOGYS-OK.png","contentUrl":"https:\/\/gysfm.com.ar\/inicio\/wp-content\/uploads\/2023\/07\/LOGOGYS-OK.png","width":1170,"height":872,"caption":"GYS NOTICIAS |"},"image":{"@id":"https:\/\/gysfm.com.ar\/inicio\/#\/schema\/logo\/image\/"}},{"@type":"Person","@id":"https:\/\/gysfm.com.ar\/inicio\/#\/schema\/person\/3abba7593ef2ad19e1be221d54383dc5","name":"Prensa G&amp;S FM","image":{"@type":"ImageObject","inLanguage":"es","@id":"https:\/\/gysfm.com.ar\/inicio\/#\/schema\/person\/image\/","url":"https:\/\/secure.gravatar.com\/avatar\/096ec78df02049ab018702bb4ccedf659377fa92a26540b5247612077a0dbd29?s=96&d=mm&r=g","contentUrl":"https:\/\/secure.gravatar.com\/avatar\/096ec78df02049ab018702bb4ccedf659377fa92a26540b5247612077a0dbd29?s=96&d=mm&r=g","caption":"Prensa G&amp;S FM"},"sameAs":["https:\/\/gysfm.com.ar\/"],"url":"https:\/\/gysfm.com.ar\/inicio\/author\/lucasm\/"}]}},"_links":{"self":[{"href":"https:\/\/gysfm.com.ar\/inicio\/wp-json\/wp\/v2\/posts\/193529","targetHints":{"allow":["GET"]}}],"collection":[{"href":"https:\/\/gysfm.com.ar\/inicio\/wp-json\/wp\/v2\/posts"}],"about":[{"href":"https:\/\/gysfm.com.ar\/inicio\/wp-json\/wp\/v2\/types\/post"}],"author":[{"embeddable":true,"href":"https:\/\/gysfm.com.ar\/inicio\/wp-json\/wp\/v2\/users\/2"}],"replies":[{"embeddable":true,"href":"https:\/\/gysfm.com.ar\/inicio\/wp-json\/wp\/v2\/comments?post=193529"}],"version-history":[{"count":0,"href":"https:\/\/gysfm.com.ar\/inicio\/wp-json\/wp\/v2\/posts\/193529\/revisions"}],"wp:featuredmedia":[{"embeddable":true,"href":"https:\/\/gysfm.com.ar\/inicio\/wp-json\/wp\/v2\/media\/193530"}],"wp:attachment":[{"href":"https:\/\/gysfm.com.ar\/inicio\/wp-json\/wp\/v2\/media?parent=193529"}],"wp:term":[{"taxonomy":"category","embeddable":true,"href":"https:\/\/gysfm.com.ar\/inicio\/wp-json\/wp\/v2\/categories?post=193529"},{"taxonomy":"post_tag","embeddable":true,"href":"https:\/\/gysfm.com.ar\/inicio\/wp-json\/wp\/v2\/tags?post=193529"}],"curies":[{"name":"wp","href":"https:\/\/api.w.org\/{rel}","templated":true}]}}