{"id":193518,"date":"2026-04-28T16:38:08","date_gmt":"2026-04-28T19:38:08","guid":{"rendered":"https:\/\/gysfm.com.ar\/inicio\/nacho-vegas-la-disidencia-politica-revela-verdades-muy-incomodas-y-merecen-ser-cantadas\/"},"modified":"2026-04-28T16:38:08","modified_gmt":"2026-04-28T19:38:08","slug":"nacho-vegas-la-disidencia-politica-revela-verdades-muy-incomodas-y-merecen-ser-cantadas","status":"publish","type":"post","link":"https:\/\/gysfm.com.ar\/inicio\/nacho-vegas-la-disidencia-politica-revela-verdades-muy-incomodas-y-merecen-ser-cantadas\/","title":{"rendered":"Nacho Vegas: \u201cLa disidencia pol\u00edtica revela verdades muy inc\u00f3modas y merecen ser cantadas\u201d"},"content":{"rendered":"<p><\/p>\n<div id=\"article-content\">\n<p><a target=\"_blank\" href=\"https:\/\/www.perfil.com\/noticias\/cultura\/lanzamientos-de-la-semana-tremor-nacho-vegas-reedicion-de-un-album-iconico-de-george-michael-y-mas.phtml\"><strong>Nacho Vegas<\/strong> <\/a>regresa a la Argentina y presentar\u00e1 por primera vez en el cono sur su reciente \u00e1lbum,<em><strong> Vidas Semipreciosas<\/strong><\/em>. El show del asturiano es el pr\u00f3ximo <strong>1\u00b0 de mayo en el<a target=\"_blank\" href=\"https:\/\/www.perfil.com\/noticias\/cultura\/louta-deslumbro-en-buenos-aires-con-un-show-explosivo-y-sensorial-en-el-teatro-vorterix.phtml\"> Teatro Vorterix<\/a><\/strong>. <\/p>\n<p>Sus padres de convicciones de izquierda, su paso por la carrera de filolog\u00eda, su vida y la experiencia en su tierra forjaron a un creativo que es <strong>aut\u00e9ntico, consecuente, inspira, genera consciencia, emociona.<\/strong> Es para no perderse. En una conversaci\u00f3n con PERFIL el artista habl\u00f3 de <strong>m\u00fasica, pol\u00edtica y poes\u00eda<\/strong>, que en \u00e9l son indisociables.<\/p>\n<p>\u201cLas canciones que hablan de <strong>la propia infelicidad, lo hablan porque eso nos revela verdades y tenemos que enfrentarnos a ellas<\/strong> y, del mismo modo, creo que<strong> la disidencia pol\u00edtica tambi\u00e9n revela verdades muy inc\u00f3modas<\/strong> y esas son las cosas que merece la pena que sean cantadas, que se canten bien alto\u201d, destac\u00f3 Vegas.<\/p>\n<div class=\"subscription\">\n<p>\n        Esto no les gusta a los autoritarios\n    <\/p>\n<div class=\"subscription__container\">\n<div class=\"subscription__text-wrapper\">\n<p>\n                El ejercicio del periodismo profesional y cr\u00edtico es un pilar fundamental de la democracia. Por eso molesta a quienes creen ser los due\u00f1os de la verdad.\n            <\/p>\n<\/p><\/div><\/div>\n<\/div>\n<div style=\"text-align:center\">\n<figure class=\"image\" style=\"display:inline-block\"><picture><source media=\"(max-width: 440px)\" srcset=\"https:\/\/fotos.perfil.com\/\/2026\/04\/28\/440\/0\/nacho-vegas-2229404.jpg?webp\"\/><source media=\"(max-width: 1019px)\" srcset=\"https:\/\/fotos.perfil.com\/\/2026\/04\/28\/712\/0\/nacho-vegas-2229404.jpg?webp\"\/><img decoding=\"async\" style=\"max-width: 100%; width: 100%;\" alt=\"Nacho Vegas\" src=\"https:\/\/fotos.perfil.com\/\/2026\/04\/28\/900\/0\/nacho-vegas-2229404.jpg?webp\" loading=\"lazy\"\/><\/picture><figcaption>Nacho Vegas por Jordi Santos<\/figcaption><\/figure>\n<\/p><\/div>\n<p>Cada uno de los discos de Nacho Vegas encuentra una narrativa com\u00fan, pero no es algo tramado de antemano. \u201c<strong>Me gustar\u00eda ser capaz de hacer un \u00e1lbum conceptual<\/strong>, hay muchos de mis discos favoritos que responden un poco a esa t\u00e9cnica. En mi caso las canciones van surgiendo. En un primer momento, resulta todo muy ca\u00f3tico, cada canci\u00f3n parece de su padre y de su madre, no sabes muy bien qu\u00e9 tienen en com\u00fan, pero cuando las pones juntas, las vas maquetando, las voy compartiendo ya con la banda y las vamos grabando, es cuando vas d\u00e1ndote cuenta de hay algo que las une y bueno va surgiendo un poco ah\u00ed el concepto,<strong> una tesis que late siempre por debajo de las canciones<\/strong> aunque sea de manera impl\u00edcita\u201d.<\/p>\n<p><em>Vidas semipreciosas<\/em>, su noveno \u00e1lbum de estudio, se estren\u00f3 este a\u00f1o. Su t\u00edtulo alude a piedras no consideradas oficialmente \u201cpreciosas\u201d, que para Nacho son lo que verdaderamente importa: <strong>la impureza, lo com\u00fan, lo imperfecto<\/strong>. El \u00e1lbum se abre con \u201cAlivio\u201d, que incluye como un mantra una l\u00ednea de <strong>William Burroughs<\/strong> como hilo conductor (\u201cPerhaps all pleasure is only relief \/ Quiz\u00e1s cualquier placer sea un alivio\u201d).<\/p>\n<p><iframe id=\"vrudo\" class=\"vrudo\" src=\"https:\/\/rudo.video\/vod\/bWrMdl?volume=0\" width=\"100%\" height=\"100%\" allowscriptaccess=\"always\" allowfullscreen=\"true\" webkitallowfullscreen=\"true\" frameborder=\"0\" scrolling=\"no\" allow=\"autoplay; fullscreen\" loading=\"lazy\" title=\"Contenido embebido\"><\/iframe><\/p>\n<p>La segunda canci\u00f3n es \u201cF\u00edu\u201d, una pieza de ra\u00edz popular que deviene en <strong>canto antifascista y que dedica a su madre, Cristina Vegas. <\/strong>El m\u00fasico, poco antes de que se lanzara, hab\u00eda contado a<em> El Pa\u00eds<\/em> de Espa\u00f1a que el tema iba a mostr\u00e1rselo a su madre en el d\u00eda de su cumplea\u00f1os n\u00famero 76 a modo de regalo. \u201cSe la mand\u00e9 por mensaje el mismo d\u00eda que cumpl\u00eda 76 a\u00f1os y bueno, me respondi\u00f3, \u2018<strong>gracias cari\u00f1o, es preciosa, acu\u00e9rdate que quedamos en comer el domingo<\/strong>\u2019\u201d. Una madre siendo madre.<\/p>\n<p><em>Vidas semipreciosas<\/em> subraya su anclaje con la actualidad ya que incluye tres interludios hablados en castellano, catal\u00e1n y euskera firmados por Javitxu, Anna Gabriel y Adur, involucrados en casos como el de <strong>los 6 de Zaragoza, los juicios del Proc\u00e9s y el de Altsasu,<\/strong> respectivamente. Cada una conecta las canciones con luchas concretas y reivindican la m\u00fasica como espacio de comunidad.<\/p>\n<p class=\"destacadoNota\"><a target=\"_blank\" href=\"https:\/\/www.perfil.com\/noticias\/actualidad\/a31-como-el-arte-puede-salvarte-libros-charlas-y-testimonios-de-artistas-que-brindan-pistas-de-supervivencia.phtml\">C\u00f3mo el arte puede salvarte: libros, charlas y testimonios de artistas que brindan pistas de supervivencia<\/a><\/p>\n<p>\u201cEn los a\u00f1os que fui escribiendo las canciones de este disco, en Gij\u00f3n, mi ciudad, tuvo lugar el conflicto de las seis de la Suiza, que eran seis compa\u00f1eras sindicalistas que<strong> por defender una trabajadora que hab\u00eda denunciado un acoso laboral <\/strong>-trabajaba una pasteler\u00eda-y por un montaje judicial y un juez fascista que hizo que se diera la vuelta a todo,<strong> acabaron siendo judicializadas<\/strong> tanto la trabajadora como las compa\u00f1eras sindicalistas y condenadas a 3 a\u00f1os y pico de c\u00e1rcel\u201d, relat\u00f3 el m\u00fasico sobre uno de los casos. \u201cHace apenas 2 semanas les concedieron el indulto pero estuvieron cerca de 9 meses en la c\u00e1rcel\u201d, agreg\u00f3.<\/p>\n<p>\u201cHay una canci\u00f3n pues dedicada a ellas, \u2018<strong>Seis Pardales\u2019 y esa canci\u00f3n me hizo pensar tambi\u00e9n en otros casos an\u00e1logos<\/strong> en los que tambi\u00e9n hay gente que est\u00e1 sufriendo esta represi\u00f3n por parte del Estado espa\u00f1ol, en virtud de una ley que aqu\u00ed conocemos como la ley mordaza con la que pueden penalizar protestas que deber\u00edan ser absolutamente leg\u00edtimas, sobre todo cuando son frente a discursos de odio o frente a situaciones de explotaci\u00f3n o injusticias\u201d, detall\u00f3.<\/p>\n<h2><strong>\u201cLa ternura es lo contrario al cinismo que es la postura que emana del hiperindividualismo\u201d<\/strong><\/h2>\n<p>Nacho Vegas era un fan de la m\u00fasica brit\u00e1nica como <strong>The Smiths, pero fueron The Housemartins <\/strong>los que le desbloquearon algo que \u00e9l quer\u00eda hacer. En su primer disco bajo su exclusiva autor\u00eda, <em>Actos inexplicables<\/em>, firm\u00f3 de forma contundente su identidad. Incluy\u00f3 en \u00e9l \u201cEl \u00e1ngel Sim\u00f3n\u201d, dedicada a la muerte de su padre cuando \u00e9l ten\u00eda 19 a\u00f1os, que se\u00f1ala crudamente: \u201cY ahora no s\u00e9 por qu\u00e9 viene a mi mente el colch\u00f3n\/ que tuvimos que bajar Javi y yo a la basura \/ sin poder dejar de mirar esa mancha oscura \/que all\u00ed nos dejaste como herencia y recuerdo antes de partir en tu \u00faltimo viaje \/ probablemente al infierno\u201d.<\/p>\n<p>\u201c<strong>Un Serrat dram\u00e1tico, un Sabina tr\u00e1gico, un Nick Cave ib\u00e9rico<\/strong>\u201d, fue como lo describi\u00f3 tiempo atr\u00e1s la periodista y escritora<strong> Mariana Enr\u00edquez<\/strong> para una rese\u00f1a en<em> Radar. <\/em>Algo de eso tiene sentido.<\/p>\n<p><strong>&#8212; En el interludio de Javitxu, uno de \u201cLos 6 de Zaragoza\u201d, destaca que lo vivido no les hace tener miedo, que les hace tener m\u00e1s fuerza y algo que vos ven\u00eds tambi\u00e9n trabajando mucho y haciendo hincapi\u00e9 es en la ternura, que es algo positivo. \u00bfSegu\u00eds sosteniendo esto y cierto optimismo, cierta esperanza en el medio de todo esto?<\/strong><br \/>&#8212; S\u00ed, bueno, creo que es necesario, que no si no pues acabamos claudicando. Hay un momento en el que una de las compa\u00f1eras de la Suiza dice tambi\u00e9n en uno de sus mensajes que el amor es una herramienta de lucha. Creo que la ternura tambi\u00e9n. Son  sentimientos que tienen que ver, no solo con el apoyo mutuo, sino que tambi\u00e9n nos obliga a ponernos en la piel del otro, de la otra, es lo contrario al cinismo que es un poco pues, digamos, la postura que emana del hiperindividualismo que parece que nos est\u00e1n metiendo por vena todo el tiempo con un mont\u00f3n de est\u00edmulos que nos llevan pues a esos discursos tan c\u00ednicos que que son lo contrario a la ternura. La ternura implica reconocer a la persona que tienes enfrente, tejer redes de empat\u00eda, de solidaridad y creo que de esa manera no solo nos apoyamos mutuamente, sino que tambi\u00e9n haciendo las cosas de forma colectiva, pues nos empoderamos y al final conseguimos tener herramientas de lucha que son las que nos legitiman y las que nos hacen conseguir poco a poco peque\u00f1as victorias. Al final son muy pocos los que acumulan mucho poder, pero como somos muchas m\u00e1s, pues entonces tenemos que aprovechar y poner en com\u00fan todo esto que nos une y con ello lograr por lo menos gritar m\u00e1s alto que ellos. Y la m\u00fasica en ese sentido tiene un poco la capacidad de poder hacer de altavoz de luchas colectivas y poder ayudar a visibilizar y a enfrentarse m\u00e1s a todas estas injusticias que al poder le conviene silenciar y dar una apariencia de estabilidad, de democracia, de convivencia que se da siempre que est\u00e9s bien callado y que no remuevas mucho las cosas.<\/p>\n<p><strong>\u2013Hay una letra, en una parte, donde habl\u00e1s del cormor\u00e1n, en la primera canci\u00f3n en \u201cEl alivio\u201d: \u201cCuando el cormor\u00e1n vuelve a planear, puede que eso sea en este mundo lo \u00fanico que envidio\u201d \u00bfRecord\u00e1s c\u00f3mo te apareci\u00f3 esa frase tan sensible ah\u00ed volviendo a esta sensibilidad latente en tus letras?<\/strong><br \/>\u2013 Claro, vivo aqu\u00ed muy cerca del mar, lo tengo aqu\u00ed pues no s\u00e9 a 150 metros y en el Pedrero que es la zona un un poco m\u00e1s alejada de la ciudad, es la playa donde aparece alg\u00fan cormor\u00e1n majestuoso encima de una roca esperando a sumergirse en el agua a ver si pesca algo y siempre me fascin\u00f3 mucho su vuelo. La elegancia, la pose del cormor\u00e1n y c\u00f3mo se hunden y a veces est\u00e1n hasta un minuto buceando por debajo del agua. Y alguna vez, en una ocasi\u00f3n me lo encontr\u00e9 d\u00e1ndome un ba\u00f1o, por sorpresa, pasando muy muy cerca de m\u00ed y fue una una imagen muy fugaz, muy nada, durante unos segundos, pero muy bonita. Tuve un poco de un peque\u00f1o s\u00edndrome de Stendhal ah\u00ed que fue que hizo que se aclare luego la canci\u00f3n. <\/p>\n<p>En su disco <em>Desaparezca aqu\u00ed<\/em>, de 2005, tambi\u00e9n se inclu\u00eda un p\u00e1jaro. En \u201cOcho y medio\u201d, Nacho cantaba: \u201cVino un p\u00e1jaro a posarse en mi ventana\/ Ten\u00eda una ala rota y su plumaje era gris y azul\/ Y al acercar mi mano y comprobar que no echaba a volar\/ Supe de inmediato que lo enviabas t\u00fa\/ Lo tom\u00e9 entre mis garras y lo dej\u00e9 morir\/ Y, cuando lo hizo, a\u00fan llov\u00eda aqu\u00ed\/ Y la sangre al gotear entre garras de animal presagi\u00f3 mi suerte\/ Como un ave que vol\u00f3 de Madrid hacia Gij\u00f3n a\u00fan herida de muerte\/ Reescribiendo la espiral de prometer hacerlo bien,\/ de cometer un nuevo error,\/ de no saber pedir perd\u00f3n o pedirlo demasiadas veces\u201d. <\/p>\n<p>Ahora, el cormor\u00e1n viene a traer alivio. Quiz\u00e1s porque los tiempos son m\u00e1s peligrosos. Y el asturiano lo advierte en <strong>\u201cTiempo de lobos\u201d<\/strong>:<\/p>\n<p>\u201c<em>Pens\u00e9 en las estrellas y en los mares<br \/>Y luego en el mal terrenal<br \/>El odio disfrazado, disfrazado<br \/>Con la piel de un hermoso animal<\/em><\/p>\n<p><em>Porque son tiempos de lobos<br \/>Y no nos podemos ir<br \/>Son tiempos de lobos<br \/>Y no quisimos huir<\/em>\u201d.<\/p>\n<p><strong>Nacho Vegas, tour \u201cVidas semipreciosas\u201d<br \/>1 de mayo en Teatro Vorterix<\/strong><\/p>\n<\/p><\/div>\n<p><script>\n                !function(f,b,e,v,n,t,s)\n                {if(f.fbq)return;n=f.fbq=function(){n.callMethod?\n                    n.callMethod.apply(n,arguments):n.queue.push(arguments)};\n                    if(!f._fbq)f._fbq=n;n.push=n;n.loaded=!0;n.version='2.0';\n                    n.queue=[];t=b.createElement(e);t.async=!0;\n                    t.src=v;s=b.getElementsByTagName(e)[0];\n                    s.parentNode.insertBefore(t,s)}(window, document,'script',\n                    'https:\/\/connect.facebook.net\/en_US\/fbevents.js');\n                window.paywallConfig.facebook_pixel=\"1000228364089342\"\n            <\/script><\/p>\n","protected":false},"excerpt":{"rendered":"<p>Nacho Vegas regresa a la Argentina y presentar\u00e1 por primera vez en el cono sur su reciente \u00e1lbum, Vidas Semipreciosas. El show del asturiano es el pr\u00f3ximo 1\u00b0 de mayo en el Teatro Vorterix. Sus padres de convicciones de izquierda, su paso por la carrera de filolog\u00eda, su vida y la experiencia en su tierra [&hellip;]<\/p>\n","protected":false},"author":2,"featured_media":193519,"comment_status":"closed","ping_status":"closed","sticky":false,"template":"","format":"standard","meta":{"footnotes":""},"categories":[25],"tags":[],"class_list":["post-193518","post","type-post","status-publish","format-standard","has-post-thumbnail","hentry","category-nacionales"],"yoast_head":"<!-- This site is optimized with the Yoast SEO plugin v24.4 - https:\/\/yoast.com\/wordpress\/plugins\/seo\/ -->\n<title>Nacho Vegas: \u201cLa disidencia pol\u00edtica revela verdades muy inc\u00f3modas y merecen ser cantadas\u201d - GYS NOTICIAS |<\/title>\n<meta name=\"robots\" content=\"index, follow, max-snippet:-1, max-image-preview:large, max-video-preview:-1\" \/>\n<link rel=\"canonical\" href=\"https:\/\/gysfm.com.ar\/inicio\/nacho-vegas-la-disidencia-politica-revela-verdades-muy-incomodas-y-merecen-ser-cantadas\/\" \/>\n<meta property=\"og:locale\" content=\"es_ES\" \/>\n<meta property=\"og:type\" content=\"article\" \/>\n<meta property=\"og:title\" content=\"Nacho Vegas: \u201cLa disidencia pol\u00edtica revela verdades muy inc\u00f3modas y merecen ser cantadas\u201d - GYS NOTICIAS |\" \/>\n<meta property=\"og:description\" content=\"Nacho Vegas regresa a la Argentina y presentar\u00e1 por primera vez en el cono sur su reciente \u00e1lbum, Vidas Semipreciosas. El show del asturiano es el pr\u00f3ximo 1\u00b0 de mayo en el Teatro Vorterix. Sus padres de convicciones de izquierda, su paso por la carrera de filolog\u00eda, su vida y la experiencia en su tierra [&hellip;]\" \/>\n<meta property=\"og:url\" content=\"https:\/\/gysfm.com.ar\/inicio\/nacho-vegas-la-disidencia-politica-revela-verdades-muy-incomodas-y-merecen-ser-cantadas\/\" \/>\n<meta property=\"og:site_name\" content=\"GYS NOTICIAS |\" \/>\n<meta property=\"article:published_time\" content=\"2026-04-28T19:38:08+00:00\" \/>\n<meta property=\"og:image\" content=\"https:\/\/fotos.perfil.com\/\/2026\/04\/28\/900\/0\/nacho-vegas-2229404.jpg?webp\" \/>\n<meta name=\"author\" content=\"Prensa G&amp;S FM\" \/>\n<meta name=\"twitter:card\" content=\"summary_large_image\" \/>\n<meta name=\"twitter:label1\" content=\"Escrito por\" \/>\n\t<meta name=\"twitter:data1\" content=\"Prensa G&amp;S FM\" \/>\n\t<meta name=\"twitter:label2\" content=\"Tiempo de lectura\" \/>\n\t<meta name=\"twitter:data2\" content=\"9 minutos\" \/>\n<script type=\"application\/ld+json\" class=\"yoast-schema-graph\">{\"@context\":\"https:\/\/schema.org\",\"@graph\":[{\"@type\":\"Article\",\"@id\":\"https:\/\/gysfm.com.ar\/inicio\/nacho-vegas-la-disidencia-politica-revela-verdades-muy-incomodas-y-merecen-ser-cantadas\/#article\",\"isPartOf\":{\"@id\":\"https:\/\/gysfm.com.ar\/inicio\/nacho-vegas-la-disidencia-politica-revela-verdades-muy-incomodas-y-merecen-ser-cantadas\/\"},\"author\":{\"name\":\"Prensa G&amp;S FM\",\"@id\":\"https:\/\/gysfm.com.ar\/inicio\/#\/schema\/person\/3abba7593ef2ad19e1be221d54383dc5\"},\"headline\":\"Nacho Vegas: \u201cLa disidencia pol\u00edtica revela verdades muy inc\u00f3modas y merecen ser cantadas\u201d\",\"datePublished\":\"2026-04-28T19:38:08+00:00\",\"mainEntityOfPage\":{\"@id\":\"https:\/\/gysfm.com.ar\/inicio\/nacho-vegas-la-disidencia-politica-revela-verdades-muy-incomodas-y-merecen-ser-cantadas\/\"},\"wordCount\":1747,\"publisher\":{\"@id\":\"https:\/\/gysfm.com.ar\/inicio\/#organization\"},\"image\":{\"@id\":\"https:\/\/gysfm.com.ar\/inicio\/nacho-vegas-la-disidencia-politica-revela-verdades-muy-incomodas-y-merecen-ser-cantadas\/#primaryimage\"},\"thumbnailUrl\":\"https:\/\/gysfm.com.ar\/inicio\/wp-content\/uploads\/2026\/04\/nacho-vegas-2229402.jpg\",\"articleSection\":[\"NACIONALES\"],\"inLanguage\":\"es\"},{\"@type\":\"WebPage\",\"@id\":\"https:\/\/gysfm.com.ar\/inicio\/nacho-vegas-la-disidencia-politica-revela-verdades-muy-incomodas-y-merecen-ser-cantadas\/\",\"url\":\"https:\/\/gysfm.com.ar\/inicio\/nacho-vegas-la-disidencia-politica-revela-verdades-muy-incomodas-y-merecen-ser-cantadas\/\",\"name\":\"Nacho Vegas: \u201cLa disidencia pol\u00edtica revela verdades muy inc\u00f3modas y merecen ser cantadas\u201d - GYS NOTICIAS |\",\"isPartOf\":{\"@id\":\"https:\/\/gysfm.com.ar\/inicio\/#website\"},\"primaryImageOfPage\":{\"@id\":\"https:\/\/gysfm.com.ar\/inicio\/nacho-vegas-la-disidencia-politica-revela-verdades-muy-incomodas-y-merecen-ser-cantadas\/#primaryimage\"},\"image\":{\"@id\":\"https:\/\/gysfm.com.ar\/inicio\/nacho-vegas-la-disidencia-politica-revela-verdades-muy-incomodas-y-merecen-ser-cantadas\/#primaryimage\"},\"thumbnailUrl\":\"https:\/\/gysfm.com.ar\/inicio\/wp-content\/uploads\/2026\/04\/nacho-vegas-2229402.jpg\",\"datePublished\":\"2026-04-28T19:38:08+00:00\",\"breadcrumb\":{\"@id\":\"https:\/\/gysfm.com.ar\/inicio\/nacho-vegas-la-disidencia-politica-revela-verdades-muy-incomodas-y-merecen-ser-cantadas\/#breadcrumb\"},\"inLanguage\":\"es\",\"potentialAction\":[{\"@type\":\"ReadAction\",\"target\":[\"https:\/\/gysfm.com.ar\/inicio\/nacho-vegas-la-disidencia-politica-revela-verdades-muy-incomodas-y-merecen-ser-cantadas\/\"]}]},{\"@type\":\"ImageObject\",\"inLanguage\":\"es\",\"@id\":\"https:\/\/gysfm.com.ar\/inicio\/nacho-vegas-la-disidencia-politica-revela-verdades-muy-incomodas-y-merecen-ser-cantadas\/#primaryimage\",\"url\":\"https:\/\/gysfm.com.ar\/inicio\/wp-content\/uploads\/2026\/04\/nacho-vegas-2229402.jpg\",\"contentUrl\":\"https:\/\/gysfm.com.ar\/inicio\/wp-content\/uploads\/2026\/04\/nacho-vegas-2229402.jpg\",\"width\":1140,\"height\":641},{\"@type\":\"BreadcrumbList\",\"@id\":\"https:\/\/gysfm.com.ar\/inicio\/nacho-vegas-la-disidencia-politica-revela-verdades-muy-incomodas-y-merecen-ser-cantadas\/#breadcrumb\",\"itemListElement\":[{\"@type\":\"ListItem\",\"position\":1,\"name\":\"Portada\",\"item\":\"https:\/\/gysfm.com.ar\/inicio\/\"},{\"@type\":\"ListItem\",\"position\":2,\"name\":\"Nacho Vegas: \u201cLa disidencia pol\u00edtica revela verdades muy inc\u00f3modas y merecen ser cantadas\u201d\"}]},{\"@type\":\"WebSite\",\"@id\":\"https:\/\/gysfm.com.ar\/inicio\/#website\",\"url\":\"https:\/\/gysfm.com.ar\/inicio\/\",\"name\":\"GYS NOTICIAS |\",\"description\":\"DIARIO - RADIO ONLINE SAN JUAN ARGENTINA\",\"publisher\":{\"@id\":\"https:\/\/gysfm.com.ar\/inicio\/#organization\"},\"potentialAction\":[{\"@type\":\"SearchAction\",\"target\":{\"@type\":\"EntryPoint\",\"urlTemplate\":\"https:\/\/gysfm.com.ar\/inicio\/?s={search_term_string}\"},\"query-input\":{\"@type\":\"PropertyValueSpecification\",\"valueRequired\":true,\"valueName\":\"search_term_string\"}}],\"inLanguage\":\"es\"},{\"@type\":\"Organization\",\"@id\":\"https:\/\/gysfm.com.ar\/inicio\/#organization\",\"name\":\"GYS NOTICIAS |\",\"url\":\"https:\/\/gysfm.com.ar\/inicio\/\",\"logo\":{\"@type\":\"ImageObject\",\"inLanguage\":\"es\",\"@id\":\"https:\/\/gysfm.com.ar\/inicio\/#\/schema\/logo\/image\/\",\"url\":\"https:\/\/gysfm.com.ar\/inicio\/wp-content\/uploads\/2023\/07\/LOGOGYS-OK.png\",\"contentUrl\":\"https:\/\/gysfm.com.ar\/inicio\/wp-content\/uploads\/2023\/07\/LOGOGYS-OK.png\",\"width\":1170,\"height\":872,\"caption\":\"GYS NOTICIAS |\"},\"image\":{\"@id\":\"https:\/\/gysfm.com.ar\/inicio\/#\/schema\/logo\/image\/\"}},{\"@type\":\"Person\",\"@id\":\"https:\/\/gysfm.com.ar\/inicio\/#\/schema\/person\/3abba7593ef2ad19e1be221d54383dc5\",\"name\":\"Prensa G&amp;S FM\",\"image\":{\"@type\":\"ImageObject\",\"inLanguage\":\"es\",\"@id\":\"https:\/\/gysfm.com.ar\/inicio\/#\/schema\/person\/image\/\",\"url\":\"https:\/\/secure.gravatar.com\/avatar\/096ec78df02049ab018702bb4ccedf659377fa92a26540b5247612077a0dbd29?s=96&d=mm&r=g\",\"contentUrl\":\"https:\/\/secure.gravatar.com\/avatar\/096ec78df02049ab018702bb4ccedf659377fa92a26540b5247612077a0dbd29?s=96&d=mm&r=g\",\"caption\":\"Prensa G&amp;S FM\"},\"sameAs\":[\"https:\/\/gysfm.com.ar\/\"],\"url\":\"https:\/\/gysfm.com.ar\/inicio\/author\/lucasm\/\"}]}<\/script>\n<!-- \/ Yoast SEO plugin. -->","yoast_head_json":{"title":"Nacho Vegas: \u201cLa disidencia pol\u00edtica revela verdades muy inc\u00f3modas y merecen ser cantadas\u201d - GYS NOTICIAS |","robots":{"index":"index","follow":"follow","max-snippet":"max-snippet:-1","max-image-preview":"max-image-preview:large","max-video-preview":"max-video-preview:-1"},"canonical":"https:\/\/gysfm.com.ar\/inicio\/nacho-vegas-la-disidencia-politica-revela-verdades-muy-incomodas-y-merecen-ser-cantadas\/","og_locale":"es_ES","og_type":"article","og_title":"Nacho Vegas: \u201cLa disidencia pol\u00edtica revela verdades muy inc\u00f3modas y merecen ser cantadas\u201d - GYS NOTICIAS |","og_description":"Nacho Vegas regresa a la Argentina y presentar\u00e1 por primera vez en el cono sur su reciente \u00e1lbum, Vidas Semipreciosas. El show del asturiano es el pr\u00f3ximo 1\u00b0 de mayo en el Teatro Vorterix. Sus padres de convicciones de izquierda, su paso por la carrera de filolog\u00eda, su vida y la experiencia en su tierra [&hellip;]","og_url":"https:\/\/gysfm.com.ar\/inicio\/nacho-vegas-la-disidencia-politica-revela-verdades-muy-incomodas-y-merecen-ser-cantadas\/","og_site_name":"GYS NOTICIAS |","article_published_time":"2026-04-28T19:38:08+00:00","og_image":[{"url":"https:\/\/fotos.perfil.com\/\/2026\/04\/28\/900\/0\/nacho-vegas-2229404.jpg?webp","type":"","width":"","height":""}],"author":"Prensa G&amp;S FM","twitter_card":"summary_large_image","twitter_misc":{"Escrito por":"Prensa G&amp;S FM","Tiempo de lectura":"9 minutos"},"schema":{"@context":"https:\/\/schema.org","@graph":[{"@type":"Article","@id":"https:\/\/gysfm.com.ar\/inicio\/nacho-vegas-la-disidencia-politica-revela-verdades-muy-incomodas-y-merecen-ser-cantadas\/#article","isPartOf":{"@id":"https:\/\/gysfm.com.ar\/inicio\/nacho-vegas-la-disidencia-politica-revela-verdades-muy-incomodas-y-merecen-ser-cantadas\/"},"author":{"name":"Prensa G&amp;S FM","@id":"https:\/\/gysfm.com.ar\/inicio\/#\/schema\/person\/3abba7593ef2ad19e1be221d54383dc5"},"headline":"Nacho Vegas: \u201cLa disidencia pol\u00edtica revela verdades muy inc\u00f3modas y merecen ser cantadas\u201d","datePublished":"2026-04-28T19:38:08+00:00","mainEntityOfPage":{"@id":"https:\/\/gysfm.com.ar\/inicio\/nacho-vegas-la-disidencia-politica-revela-verdades-muy-incomodas-y-merecen-ser-cantadas\/"},"wordCount":1747,"publisher":{"@id":"https:\/\/gysfm.com.ar\/inicio\/#organization"},"image":{"@id":"https:\/\/gysfm.com.ar\/inicio\/nacho-vegas-la-disidencia-politica-revela-verdades-muy-incomodas-y-merecen-ser-cantadas\/#primaryimage"},"thumbnailUrl":"https:\/\/gysfm.com.ar\/inicio\/wp-content\/uploads\/2026\/04\/nacho-vegas-2229402.jpg","articleSection":["NACIONALES"],"inLanguage":"es"},{"@type":"WebPage","@id":"https:\/\/gysfm.com.ar\/inicio\/nacho-vegas-la-disidencia-politica-revela-verdades-muy-incomodas-y-merecen-ser-cantadas\/","url":"https:\/\/gysfm.com.ar\/inicio\/nacho-vegas-la-disidencia-politica-revela-verdades-muy-incomodas-y-merecen-ser-cantadas\/","name":"Nacho Vegas: \u201cLa disidencia pol\u00edtica revela verdades muy inc\u00f3modas y merecen ser cantadas\u201d - GYS NOTICIAS |","isPartOf":{"@id":"https:\/\/gysfm.com.ar\/inicio\/#website"},"primaryImageOfPage":{"@id":"https:\/\/gysfm.com.ar\/inicio\/nacho-vegas-la-disidencia-politica-revela-verdades-muy-incomodas-y-merecen-ser-cantadas\/#primaryimage"},"image":{"@id":"https:\/\/gysfm.com.ar\/inicio\/nacho-vegas-la-disidencia-politica-revela-verdades-muy-incomodas-y-merecen-ser-cantadas\/#primaryimage"},"thumbnailUrl":"https:\/\/gysfm.com.ar\/inicio\/wp-content\/uploads\/2026\/04\/nacho-vegas-2229402.jpg","datePublished":"2026-04-28T19:38:08+00:00","breadcrumb":{"@id":"https:\/\/gysfm.com.ar\/inicio\/nacho-vegas-la-disidencia-politica-revela-verdades-muy-incomodas-y-merecen-ser-cantadas\/#breadcrumb"},"inLanguage":"es","potentialAction":[{"@type":"ReadAction","target":["https:\/\/gysfm.com.ar\/inicio\/nacho-vegas-la-disidencia-politica-revela-verdades-muy-incomodas-y-merecen-ser-cantadas\/"]}]},{"@type":"ImageObject","inLanguage":"es","@id":"https:\/\/gysfm.com.ar\/inicio\/nacho-vegas-la-disidencia-politica-revela-verdades-muy-incomodas-y-merecen-ser-cantadas\/#primaryimage","url":"https:\/\/gysfm.com.ar\/inicio\/wp-content\/uploads\/2026\/04\/nacho-vegas-2229402.jpg","contentUrl":"https:\/\/gysfm.com.ar\/inicio\/wp-content\/uploads\/2026\/04\/nacho-vegas-2229402.jpg","width":1140,"height":641},{"@type":"BreadcrumbList","@id":"https:\/\/gysfm.com.ar\/inicio\/nacho-vegas-la-disidencia-politica-revela-verdades-muy-incomodas-y-merecen-ser-cantadas\/#breadcrumb","itemListElement":[{"@type":"ListItem","position":1,"name":"Portada","item":"https:\/\/gysfm.com.ar\/inicio\/"},{"@type":"ListItem","position":2,"name":"Nacho Vegas: \u201cLa disidencia pol\u00edtica revela verdades muy inc\u00f3modas y merecen ser cantadas\u201d"}]},{"@type":"WebSite","@id":"https:\/\/gysfm.com.ar\/inicio\/#website","url":"https:\/\/gysfm.com.ar\/inicio\/","name":"GYS NOTICIAS |","description":"DIARIO - RADIO ONLINE SAN JUAN ARGENTINA","publisher":{"@id":"https:\/\/gysfm.com.ar\/inicio\/#organization"},"potentialAction":[{"@type":"SearchAction","target":{"@type":"EntryPoint","urlTemplate":"https:\/\/gysfm.com.ar\/inicio\/?s={search_term_string}"},"query-input":{"@type":"PropertyValueSpecification","valueRequired":true,"valueName":"search_term_string"}}],"inLanguage":"es"},{"@type":"Organization","@id":"https:\/\/gysfm.com.ar\/inicio\/#organization","name":"GYS NOTICIAS |","url":"https:\/\/gysfm.com.ar\/inicio\/","logo":{"@type":"ImageObject","inLanguage":"es","@id":"https:\/\/gysfm.com.ar\/inicio\/#\/schema\/logo\/image\/","url":"https:\/\/gysfm.com.ar\/inicio\/wp-content\/uploads\/2023\/07\/LOGOGYS-OK.png","contentUrl":"https:\/\/gysfm.com.ar\/inicio\/wp-content\/uploads\/2023\/07\/LOGOGYS-OK.png","width":1170,"height":872,"caption":"GYS NOTICIAS |"},"image":{"@id":"https:\/\/gysfm.com.ar\/inicio\/#\/schema\/logo\/image\/"}},{"@type":"Person","@id":"https:\/\/gysfm.com.ar\/inicio\/#\/schema\/person\/3abba7593ef2ad19e1be221d54383dc5","name":"Prensa G&amp;S FM","image":{"@type":"ImageObject","inLanguage":"es","@id":"https:\/\/gysfm.com.ar\/inicio\/#\/schema\/person\/image\/","url":"https:\/\/secure.gravatar.com\/avatar\/096ec78df02049ab018702bb4ccedf659377fa92a26540b5247612077a0dbd29?s=96&d=mm&r=g","contentUrl":"https:\/\/secure.gravatar.com\/avatar\/096ec78df02049ab018702bb4ccedf659377fa92a26540b5247612077a0dbd29?s=96&d=mm&r=g","caption":"Prensa G&amp;S FM"},"sameAs":["https:\/\/gysfm.com.ar\/"],"url":"https:\/\/gysfm.com.ar\/inicio\/author\/lucasm\/"}]}},"_links":{"self":[{"href":"https:\/\/gysfm.com.ar\/inicio\/wp-json\/wp\/v2\/posts\/193518","targetHints":{"allow":["GET"]}}],"collection":[{"href":"https:\/\/gysfm.com.ar\/inicio\/wp-json\/wp\/v2\/posts"}],"about":[{"href":"https:\/\/gysfm.com.ar\/inicio\/wp-json\/wp\/v2\/types\/post"}],"author":[{"embeddable":true,"href":"https:\/\/gysfm.com.ar\/inicio\/wp-json\/wp\/v2\/users\/2"}],"replies":[{"embeddable":true,"href":"https:\/\/gysfm.com.ar\/inicio\/wp-json\/wp\/v2\/comments?post=193518"}],"version-history":[{"count":0,"href":"https:\/\/gysfm.com.ar\/inicio\/wp-json\/wp\/v2\/posts\/193518\/revisions"}],"wp:featuredmedia":[{"embeddable":true,"href":"https:\/\/gysfm.com.ar\/inicio\/wp-json\/wp\/v2\/media\/193519"}],"wp:attachment":[{"href":"https:\/\/gysfm.com.ar\/inicio\/wp-json\/wp\/v2\/media?parent=193518"}],"wp:term":[{"taxonomy":"category","embeddable":true,"href":"https:\/\/gysfm.com.ar\/inicio\/wp-json\/wp\/v2\/categories?post=193518"},{"taxonomy":"post_tag","embeddable":true,"href":"https:\/\/gysfm.com.ar\/inicio\/wp-json\/wp\/v2\/tags?post=193518"}],"curies":[{"name":"wp","href":"https:\/\/api.w.org\/{rel}","templated":true}]}}