{"id":193516,"date":"2026-04-28T16:24:20","date_gmt":"2026-04-28T19:24:20","guid":{"rendered":"https:\/\/gysfm.com.ar\/inicio\/el-empleo-autopartista-cayo-77-y-crece-la-preocupacion-por-2026\/"},"modified":"2026-04-28T16:24:20","modified_gmt":"2026-04-28T19:24:20","slug":"el-empleo-autopartista-cayo-77-y-crece-la-preocupacion-por-2026","status":"publish","type":"post","link":"https:\/\/gysfm.com.ar\/inicio\/el-empleo-autopartista-cayo-77-y-crece-la-preocupacion-por-2026\/","title":{"rendered":"El empleo autopartista cay\u00f3 7,7% y crece la preocupaci\u00f3n por 2026"},"content":{"rendered":"<p> <br \/>\n<\/p>\n<div>\t\t<!-- { REGION4 --> <\/p>\n<header class=\"news-headline\">\n<h2 class=\"news-headline__article-summary\">\t\t<\/h2>\n<p id=\"p-1777391668089-92510\" class=\"ignore-parser\">El sector perdi\u00f3 m\u00e1s de 4.000 puestos en un a\u00f1o y enfrenta un escenario desafiante marcado por menor producci\u00f3n local y mayor ingreso de importaciones.<\/p>\n<\/header>\n<div class=\"detail-highlighted-multimedia content-protected-false\">\n<figure class=\"detail-highlighted-multimedia__figure\">  <img loading=\"lazy\" decoding=\"async\" src=\"https:\/\/media.ambito.com\/p\/4e1ac25a90d0958669cb23075b36bf05\/adjuntos\/239\/imagenes\/041\/587\/0041587327\/ford-industria-automotriz-autopartes.jpg\" class=\"detail-highlighted-multimedia__figure-img img-fluid\" alt=\"El mercado de autopartes, en alerta\u00a0\" width=\"655\" height=\"368\"\/><figcaption class=\"detail-highlighted-multimedia__figcaption\">  <\/figcaption><\/figure>\n<\/p><\/div>\n<article class=\"article-body article-body--first-paragraph content-protected-false\" data-td-script-src=\"https:\/\/www.ambito.com\/td\/modulos\/encuestas\/js\/function-embeds-min-version-1777262880.js\">\n<p id=\"p-1777391702636-54470\" data-start=\"271\" data-end=\"524\">El empleo en la industria autopartista  registr\u00f3 una fuerte ca\u00edda en el \u00faltimo a\u00f1o. Seg\u00fan el informe sectorial, en 2024 hab\u00eda <strong data-start=\"400\" data-end=\"425\">53,7 mil trabajadores<\/strong>, mientras que en 2025 el n\u00famero descendi\u00f3 a <strong data-start=\"470\" data-end=\"482\">49,6 mil<\/strong>, lo que representa una baja del <strong data-start=\"515\" data-end=\"523\">7,7%<\/strong>.<\/p>\n<\/article>\n<section class=\"suscription-false printed-edition\" style=\"display:none\">\n<p> El contenido al que quiere acceder es exclusivo para suscriptores.<\/p>\n<p>  <span> <button type=\"button\" name=\"button\" class=\"subscribe-btn mercadopago-btn\">suscribirse<\/button><\/span>  <span class=\"btns\"><button type=\"button\" name=\"button\" class=\"subscribe-btn reload-login\"> ya estoy suscripto<\/button><\/span>  <\/p>\n<\/section>\n<article class=\"article-body article-body--second-paragraph content-protected-false\">\n<p id=\"p-1777391702636-87521\" data-start=\"526\" data-end=\"912\">La p\u00e9rdida de aproximadamente <strong data-start=\"556\" data-end=\"584\">4.100 puestos de trabajo<\/strong> se explica en gran medida por la situaci\u00f3n de las empresas vinculadas a la producci\u00f3n local de veh\u00edculos. De hecho, el <strong data-start=\"704\" data-end=\"725\">80,5% de la ca\u00edda<\/strong> corresponde a autopartistas que dependen directamente del ensamblado nacional, afectadas por la cancelaci\u00f3n anticipada de proyectos industriales y cambios en la planificaci\u00f3n productiva.<\/p>\n<\/article>\n<section class=\"related-news\">\t\t<span class=\"related-news__title\">Informate m\u00e1s<\/span>\t\t<\/p>\n<div class=\"row row--eq-height\">\n<div class=\"col-12 col-md-6\">\n<article class=\"news-article news-article--landscape-news news-article--landscape-news\">\n<figure class=\"news-article__figure figure\">\n\t\t\t\t\t\t\t\t\t\t\t<img loading=\"lazy\" decoding=\"async\" src=\"https:\/\/media.ambito.com\/p\/03bcb8ce3e93a70966c934eb710b50c3\/adjuntos\/239\/imagenes\/041\/840\/0041840861\/billetera-virtual-plazo-fijo.jpg\" alt=\"Mediante simuladores que ofrecen los bancos, es posible calcular cu\u00e1nto dinero invertir y qu\u00e9 intereses se va a obtener al finalizar el plazo.\" title=\"Mediante simuladores que ofrecen los bancos, es posible calcular cu\u00e1nto dinero invertir y qu\u00e9 intereses se va a obtener al finalizar el plazo.\" width=\"93\" height=\"52\" class=\"news-article__figure-img figure-img img-fluid\"\/>\t\t<\/figure>\n<\/article><\/div>\n<div class=\"col-12 col-md-6\">\n<article class=\"news-article news-article--landscape-news news-article--landscape-news\">\n<figure class=\"news-article__figure figure\">\n\t\t\t\t\t\t\t\t\t\t\t<img loading=\"lazy\" decoding=\"async\" src=\"https:\/\/media.ambito.com\/p\/4aeaef509c40815251b81e240cc31c36\/adjuntos\/239\/imagenes\/042\/614\/0042614895\/tasas-interes-plazo-fijo-inversiones.jpg\" alt=\"C\u00f3mo est\u00e1 el plazo fijo en Argentina\" title=\"C\u00f3mo est\u00e1 el plazo fijo en Argentina\" width=\"93\" height=\"52\" class=\"news-article__figure-img figure-img img-fluid\"\/>\t\t<\/figure>\n<\/article><\/div>\n<\/div>\n<\/section>\n<article class=\"article-body article-body--third-paragraph content-protected-false\">\n<h2 id=\"p-1777391702636-82250\" data-section-id=\"1l64qp8\" data-start=\"914\" data-end=\"971\">Impacto de las importaciones y ca\u00edda de producci\u00f3n<\/h2>\n<p id=\"p-1777391702636-28082\" data-start=\"973\" data-end=\"1195\">El avance de las <strong data-start=\"990\" data-end=\"1017\">importaciones asi\u00e1ticas<\/strong> aparece como otro factor clave. No solo impacta en la producci\u00f3n de veh\u00edculos, sino tambi\u00e9n en el mercado de reposici\u00f3n, que representa el <strong data-start=\"1157\" data-end=\"1183\">34,1% del empleo total<\/strong> del sector.<\/p>\n<\/article>\n<article class=\"article-body article-body--fourth-paragraph content-protected-false\">\n<div contenteditable=\"false\" class=\"embed_cont type_imagen\" id=\"7945624-Libre-404723394_wrap\">\n<p>Ford industria automotriz autopartes <span onclick=\"parent.parent.TinyMCETdcuerpo.preview_embed('7945624-Libre-404723394')\" class=\"embed_colapse less\" id=\"7945624-Libre-404723394_colapse\"\/>  <span onclick=\"parent.parent.TinyMCETdcuerpo.delete_embed('7945624-Libre-404723394')\" class=\"embed_delete less\" id=\"7945624-Libre-404723394_delete\"\/><\/p>\n<div id=\"7945624-Libre-404723394_content\" class=\"embed_content\"><img decoding=\"async\" src=\"https:\/\/media.ambito.com\/p\/f35a1b14005a866eb39f287897fa1d9d\/adjuntos\/239\/imagenes\/041\/587\/0041587274\/ford-industria-automotriz-autopartes.jpg?2024-06-14-12-28-18\" alt=\"El avance de las importaciones asi\u00e1ticas aparece como otro factor clave. No solo impacta en la producci\u00f3n de veh\u00edculos, sino tambi\u00e9n en el mercado de reposici\u00f3n, que representa el 34,1% del empleo total del sector.\" title=\"El avance de las importaciones asi\u00e1ticas aparece como otro factor clave. No solo impacta en la producci\u00f3n de veh\u00edculos, sino tambi\u00e9n en el mercado de reposici\u00f3n, que representa el 34,1% del empleo total del sector.\" width=\"690\" height=\"460\" id=\"7945624-Libre-404723394_embed\" crossorigin=\"anonymous\" fetchpriority=\"high\" decode=\"async\"\/><\/div>\n<div class=\"embed_wrapper-cont\" id=\"p-1777391866712-67313\">\n<div id=\"7945624-Libre-404723394_epigrafe\" class=\"embed_epigrafe\">\n<p id=\"p-1777391880593-68300\">El avance de las importaciones asi\u00e1ticas aparece como otro factor clave. No solo impacta en la producci\u00f3n de veh\u00edculos, sino tambi\u00e9n en el mercado de reposici\u00f3n, que representa el 34,1% del empleo total del sector.<\/p>\n<\/div><\/div><\/div>\n<\/article>\n<article class=\"article-body article-body--fifth-paragraph content-protected-false\"\/>\n<article class=\"article-body article-body--remaining-paragraph content-protected-false\">\n<p id=\"p-1777391702636-35143\" data-start=\"1197\" data-end=\"1533\">En paralelo, la estructura del empleo muestra una alta concentraci\u00f3n en peque\u00f1as y medianas empresas. Casi la mitad de los trabajadores se desempe\u00f1a en <strong data-start=\"1349\" data-end=\"1384\">pymes de menos de 300 empleados<\/strong>, mientras que un <strong data-start=\"1402\" data-end=\"1409\">21%<\/strong> pertenece a firmas con menos de 100 trabajadores, lo que amplifica la vulnerabilidad ante cambios en el contexto econ\u00f3mico.<\/p>\n<p id=\"p-1777391702636-23379\" data-start=\"1535\" data-end=\"1865\" data-is-last-node=\"\" data-is-only-node=\"\">Las perspectivas para 2026 no son alentadoras. Las proyecciones anticipan una nueva ca\u00edda del <strong data-start=\"1629\" data-end=\"1667\">7,5% en la producci\u00f3n de veh\u00edculos<\/strong>, junto con una consolidaci\u00f3n del crecimiento de importaciones de autopartes. Este escenario genera incertidumbre y pone en duda la capacidad del sector para sostener los niveles actuales de empleo.<\/p>\n<\/article>\n<p>\t\t\t\t<!-- REGION4 } -->\n\t\t\t\t\t\t<\/div>\n<p><script>\n!function(f,b,e,v,n,t,s)\n{if(f.fbq)return;n=f.fbq=function(){n.callMethod?\nn.callMethod.apply(n,arguments):n.queue.push(arguments)};\nif(!f._fbq)f._fbq=n;n.push=n;n.loaded=!0;n.version='2.0';\nn.queue=[];t=b.createElement(e);t.async=!0;\nt.src=v;s=b.getElementsByTagName(e)[0];\ns.parentNode.insertBefore(t,s)}(window,document,'script',\n'https:\/\/connect.facebook.net\/en_US\/fbevents.js');\nfbq('init', '2047048335588113');\nfbq('track', 'PageView');\n<\/script><br \/>\n<br \/><\/p>\n","protected":false},"excerpt":{"rendered":"<p>El sector perdi\u00f3 m\u00e1s de 4.000 puestos en un a\u00f1o y enfrenta un escenario desafiante marcado por menor producci\u00f3n local y mayor ingreso de importaciones. El empleo en la industria autopartista registr\u00f3 una fuerte ca\u00edda en el \u00faltimo a\u00f1o. Seg\u00fan el informe sectorial, en 2024 hab\u00eda 53,7 mil trabajadores, mientras que en 2025 el n\u00famero [&hellip;]<\/p>\n","protected":false},"author":1,"featured_media":193517,"comment_status":"closed","ping_status":"closed","sticky":false,"template":"","format":"standard","meta":{"footnotes":""},"categories":[28],"tags":[],"class_list":["post-193516","post","type-post","status-publish","format-standard","has-post-thumbnail","hentry","category-economia"],"yoast_head":"<!-- This site is optimized with the Yoast SEO plugin v24.4 - https:\/\/yoast.com\/wordpress\/plugins\/seo\/ -->\n<title>El empleo autopartista cay\u00f3 7,7% y crece la preocupaci\u00f3n por 2026 - GYS NOTICIAS |<\/title>\n<meta name=\"robots\" content=\"index, follow, max-snippet:-1, max-image-preview:large, max-video-preview:-1\" \/>\n<link rel=\"canonical\" href=\"https:\/\/gysfm.com.ar\/inicio\/el-empleo-autopartista-cayo-77-y-crece-la-preocupacion-por-2026\/\" \/>\n<meta property=\"og:locale\" content=\"es_ES\" \/>\n<meta property=\"og:type\" content=\"article\" \/>\n<meta property=\"og:title\" content=\"El empleo autopartista cay\u00f3 7,7% y crece la preocupaci\u00f3n por 2026 - GYS NOTICIAS |\" \/>\n<meta property=\"og:description\" content=\"El sector perdi\u00f3 m\u00e1s de 4.000 puestos en un a\u00f1o y enfrenta un escenario desafiante marcado por menor producci\u00f3n local y mayor ingreso de importaciones. El empleo en la industria autopartista registr\u00f3 una fuerte ca\u00edda en el \u00faltimo a\u00f1o. Seg\u00fan el informe sectorial, en 2024 hab\u00eda 53,7 mil trabajadores, mientras que en 2025 el n\u00famero [&hellip;]\" \/>\n<meta property=\"og:url\" content=\"https:\/\/gysfm.com.ar\/inicio\/el-empleo-autopartista-cayo-77-y-crece-la-preocupacion-por-2026\/\" \/>\n<meta property=\"og:site_name\" content=\"GYS NOTICIAS |\" \/>\n<meta property=\"article:published_time\" content=\"2026-04-28T19:24:20+00:00\" \/>\n<meta property=\"og:image\" content=\"https:\/\/media.ambito.com\/p\/4e1ac25a90d0958669cb23075b36bf05\/adjuntos\/239\/imagenes\/041\/587\/0041587327\/ford-industria-automotriz-autopartes.jpg\" \/>\n<meta name=\"author\" content=\"admin\" \/>\n<meta name=\"twitter:card\" content=\"summary_large_image\" \/>\n<meta name=\"twitter:label1\" content=\"Escrito por\" \/>\n\t<meta name=\"twitter:data1\" content=\"admin\" \/>\n\t<meta name=\"twitter:label2\" content=\"Tiempo de lectura\" \/>\n\t<meta name=\"twitter:data2\" content=\"2 minutos\" \/>\n<script type=\"application\/ld+json\" class=\"yoast-schema-graph\">{\"@context\":\"https:\/\/schema.org\",\"@graph\":[{\"@type\":\"Article\",\"@id\":\"https:\/\/gysfm.com.ar\/inicio\/el-empleo-autopartista-cayo-77-y-crece-la-preocupacion-por-2026\/#article\",\"isPartOf\":{\"@id\":\"https:\/\/gysfm.com.ar\/inicio\/el-empleo-autopartista-cayo-77-y-crece-la-preocupacion-por-2026\/\"},\"author\":{\"name\":\"admin\",\"@id\":\"https:\/\/gysfm.com.ar\/inicio\/#\/schema\/person\/5bedd7ecd35cc35548d89effafa23696\"},\"headline\":\"El empleo autopartista cay\u00f3 7,7% y crece la preocupaci\u00f3n por 2026\",\"datePublished\":\"2026-04-28T19:24:20+00:00\",\"mainEntityOfPage\":{\"@id\":\"https:\/\/gysfm.com.ar\/inicio\/el-empleo-autopartista-cayo-77-y-crece-la-preocupacion-por-2026\/\"},\"wordCount\":355,\"publisher\":{\"@id\":\"https:\/\/gysfm.com.ar\/inicio\/#organization\"},\"image\":{\"@id\":\"https:\/\/gysfm.com.ar\/inicio\/el-empleo-autopartista-cayo-77-y-crece-la-preocupacion-por-2026\/#primaryimage\"},\"thumbnailUrl\":\"https:\/\/gysfm.com.ar\/inicio\/wp-content\/uploads\/2026\/04\/ford-industria-automotriz-autopartes.jpg\",\"articleSection\":[\"ECONOMIA\"],\"inLanguage\":\"es\"},{\"@type\":\"WebPage\",\"@id\":\"https:\/\/gysfm.com.ar\/inicio\/el-empleo-autopartista-cayo-77-y-crece-la-preocupacion-por-2026\/\",\"url\":\"https:\/\/gysfm.com.ar\/inicio\/el-empleo-autopartista-cayo-77-y-crece-la-preocupacion-por-2026\/\",\"name\":\"El empleo autopartista cay\u00f3 7,7% y crece la preocupaci\u00f3n por 2026 - GYS NOTICIAS |\",\"isPartOf\":{\"@id\":\"https:\/\/gysfm.com.ar\/inicio\/#website\"},\"primaryImageOfPage\":{\"@id\":\"https:\/\/gysfm.com.ar\/inicio\/el-empleo-autopartista-cayo-77-y-crece-la-preocupacion-por-2026\/#primaryimage\"},\"image\":{\"@id\":\"https:\/\/gysfm.com.ar\/inicio\/el-empleo-autopartista-cayo-77-y-crece-la-preocupacion-por-2026\/#primaryimage\"},\"thumbnailUrl\":\"https:\/\/gysfm.com.ar\/inicio\/wp-content\/uploads\/2026\/04\/ford-industria-automotriz-autopartes.jpg\",\"datePublished\":\"2026-04-28T19:24:20+00:00\",\"breadcrumb\":{\"@id\":\"https:\/\/gysfm.com.ar\/inicio\/el-empleo-autopartista-cayo-77-y-crece-la-preocupacion-por-2026\/#breadcrumb\"},\"inLanguage\":\"es\",\"potentialAction\":[{\"@type\":\"ReadAction\",\"target\":[\"https:\/\/gysfm.com.ar\/inicio\/el-empleo-autopartista-cayo-77-y-crece-la-preocupacion-por-2026\/\"]}]},{\"@type\":\"ImageObject\",\"inLanguage\":\"es\",\"@id\":\"https:\/\/gysfm.com.ar\/inicio\/el-empleo-autopartista-cayo-77-y-crece-la-preocupacion-por-2026\/#primaryimage\",\"url\":\"https:\/\/gysfm.com.ar\/inicio\/wp-content\/uploads\/2026\/04\/ford-industria-automotriz-autopartes.jpg\",\"contentUrl\":\"https:\/\/gysfm.com.ar\/inicio\/wp-content\/uploads\/2026\/04\/ford-industria-automotriz-autopartes.jpg\",\"width\":1200,\"height\":675},{\"@type\":\"BreadcrumbList\",\"@id\":\"https:\/\/gysfm.com.ar\/inicio\/el-empleo-autopartista-cayo-77-y-crece-la-preocupacion-por-2026\/#breadcrumb\",\"itemListElement\":[{\"@type\":\"ListItem\",\"position\":1,\"name\":\"Portada\",\"item\":\"https:\/\/gysfm.com.ar\/inicio\/\"},{\"@type\":\"ListItem\",\"position\":2,\"name\":\"El empleo autopartista cay\u00f3 7,7% y crece la preocupaci\u00f3n por 2026\"}]},{\"@type\":\"WebSite\",\"@id\":\"https:\/\/gysfm.com.ar\/inicio\/#website\",\"url\":\"https:\/\/gysfm.com.ar\/inicio\/\",\"name\":\"GYS NOTICIAS |\",\"description\":\"DIARIO - RADIO ONLINE SAN JUAN ARGENTINA\",\"publisher\":{\"@id\":\"https:\/\/gysfm.com.ar\/inicio\/#organization\"},\"potentialAction\":[{\"@type\":\"SearchAction\",\"target\":{\"@type\":\"EntryPoint\",\"urlTemplate\":\"https:\/\/gysfm.com.ar\/inicio\/?s={search_term_string}\"},\"query-input\":{\"@type\":\"PropertyValueSpecification\",\"valueRequired\":true,\"valueName\":\"search_term_string\"}}],\"inLanguage\":\"es\"},{\"@type\":\"Organization\",\"@id\":\"https:\/\/gysfm.com.ar\/inicio\/#organization\",\"name\":\"GYS NOTICIAS |\",\"url\":\"https:\/\/gysfm.com.ar\/inicio\/\",\"logo\":{\"@type\":\"ImageObject\",\"inLanguage\":\"es\",\"@id\":\"https:\/\/gysfm.com.ar\/inicio\/#\/schema\/logo\/image\/\",\"url\":\"https:\/\/gysfm.com.ar\/inicio\/wp-content\/uploads\/2023\/07\/LOGOGYS-OK.png\",\"contentUrl\":\"https:\/\/gysfm.com.ar\/inicio\/wp-content\/uploads\/2023\/07\/LOGOGYS-OK.png\",\"width\":1170,\"height\":872,\"caption\":\"GYS NOTICIAS |\"},\"image\":{\"@id\":\"https:\/\/gysfm.com.ar\/inicio\/#\/schema\/logo\/image\/\"}},{\"@type\":\"Person\",\"@id\":\"https:\/\/gysfm.com.ar\/inicio\/#\/schema\/person\/5bedd7ecd35cc35548d89effafa23696\",\"name\":\"admin\",\"image\":{\"@type\":\"ImageObject\",\"inLanguage\":\"es\",\"@id\":\"https:\/\/gysfm.com.ar\/inicio\/#\/schema\/person\/image\/\",\"url\":\"https:\/\/secure.gravatar.com\/avatar\/c331d312b5243fb64d5ba28108a447b27c925295129a363082c9ea52c28d32c2?s=96&d=mm&r=g\",\"contentUrl\":\"https:\/\/secure.gravatar.com\/avatar\/c331d312b5243fb64d5ba28108a447b27c925295129a363082c9ea52c28d32c2?s=96&d=mm&r=g\",\"caption\":\"admin\"},\"sameAs\":[\"https:\/\/gysfm.com.ar\/inicio\"],\"url\":\"https:\/\/gysfm.com.ar\/inicio\/author\/admin\/\"}]}<\/script>\n<!-- \/ Yoast SEO plugin. -->","yoast_head_json":{"title":"El empleo autopartista cay\u00f3 7,7% y crece la preocupaci\u00f3n por 2026 - GYS NOTICIAS |","robots":{"index":"index","follow":"follow","max-snippet":"max-snippet:-1","max-image-preview":"max-image-preview:large","max-video-preview":"max-video-preview:-1"},"canonical":"https:\/\/gysfm.com.ar\/inicio\/el-empleo-autopartista-cayo-77-y-crece-la-preocupacion-por-2026\/","og_locale":"es_ES","og_type":"article","og_title":"El empleo autopartista cay\u00f3 7,7% y crece la preocupaci\u00f3n por 2026 - GYS NOTICIAS |","og_description":"El sector perdi\u00f3 m\u00e1s de 4.000 puestos en un a\u00f1o y enfrenta un escenario desafiante marcado por menor producci\u00f3n local y mayor ingreso de importaciones. El empleo en la industria autopartista registr\u00f3 una fuerte ca\u00edda en el \u00faltimo a\u00f1o. Seg\u00fan el informe sectorial, en 2024 hab\u00eda 53,7 mil trabajadores, mientras que en 2025 el n\u00famero [&hellip;]","og_url":"https:\/\/gysfm.com.ar\/inicio\/el-empleo-autopartista-cayo-77-y-crece-la-preocupacion-por-2026\/","og_site_name":"GYS NOTICIAS |","article_published_time":"2026-04-28T19:24:20+00:00","og_image":[{"url":"https:\/\/media.ambito.com\/p\/4e1ac25a90d0958669cb23075b36bf05\/adjuntos\/239\/imagenes\/041\/587\/0041587327\/ford-industria-automotriz-autopartes.jpg","type":"","width":"","height":""}],"author":"admin","twitter_card":"summary_large_image","twitter_misc":{"Escrito por":"admin","Tiempo de lectura":"2 minutos"},"schema":{"@context":"https:\/\/schema.org","@graph":[{"@type":"Article","@id":"https:\/\/gysfm.com.ar\/inicio\/el-empleo-autopartista-cayo-77-y-crece-la-preocupacion-por-2026\/#article","isPartOf":{"@id":"https:\/\/gysfm.com.ar\/inicio\/el-empleo-autopartista-cayo-77-y-crece-la-preocupacion-por-2026\/"},"author":{"name":"admin","@id":"https:\/\/gysfm.com.ar\/inicio\/#\/schema\/person\/5bedd7ecd35cc35548d89effafa23696"},"headline":"El empleo autopartista cay\u00f3 7,7% y crece la preocupaci\u00f3n por 2026","datePublished":"2026-04-28T19:24:20+00:00","mainEntityOfPage":{"@id":"https:\/\/gysfm.com.ar\/inicio\/el-empleo-autopartista-cayo-77-y-crece-la-preocupacion-por-2026\/"},"wordCount":355,"publisher":{"@id":"https:\/\/gysfm.com.ar\/inicio\/#organization"},"image":{"@id":"https:\/\/gysfm.com.ar\/inicio\/el-empleo-autopartista-cayo-77-y-crece-la-preocupacion-por-2026\/#primaryimage"},"thumbnailUrl":"https:\/\/gysfm.com.ar\/inicio\/wp-content\/uploads\/2026\/04\/ford-industria-automotriz-autopartes.jpg","articleSection":["ECONOMIA"],"inLanguage":"es"},{"@type":"WebPage","@id":"https:\/\/gysfm.com.ar\/inicio\/el-empleo-autopartista-cayo-77-y-crece-la-preocupacion-por-2026\/","url":"https:\/\/gysfm.com.ar\/inicio\/el-empleo-autopartista-cayo-77-y-crece-la-preocupacion-por-2026\/","name":"El empleo autopartista cay\u00f3 7,7% y crece la preocupaci\u00f3n por 2026 - GYS NOTICIAS |","isPartOf":{"@id":"https:\/\/gysfm.com.ar\/inicio\/#website"},"primaryImageOfPage":{"@id":"https:\/\/gysfm.com.ar\/inicio\/el-empleo-autopartista-cayo-77-y-crece-la-preocupacion-por-2026\/#primaryimage"},"image":{"@id":"https:\/\/gysfm.com.ar\/inicio\/el-empleo-autopartista-cayo-77-y-crece-la-preocupacion-por-2026\/#primaryimage"},"thumbnailUrl":"https:\/\/gysfm.com.ar\/inicio\/wp-content\/uploads\/2026\/04\/ford-industria-automotriz-autopartes.jpg","datePublished":"2026-04-28T19:24:20+00:00","breadcrumb":{"@id":"https:\/\/gysfm.com.ar\/inicio\/el-empleo-autopartista-cayo-77-y-crece-la-preocupacion-por-2026\/#breadcrumb"},"inLanguage":"es","potentialAction":[{"@type":"ReadAction","target":["https:\/\/gysfm.com.ar\/inicio\/el-empleo-autopartista-cayo-77-y-crece-la-preocupacion-por-2026\/"]}]},{"@type":"ImageObject","inLanguage":"es","@id":"https:\/\/gysfm.com.ar\/inicio\/el-empleo-autopartista-cayo-77-y-crece-la-preocupacion-por-2026\/#primaryimage","url":"https:\/\/gysfm.com.ar\/inicio\/wp-content\/uploads\/2026\/04\/ford-industria-automotriz-autopartes.jpg","contentUrl":"https:\/\/gysfm.com.ar\/inicio\/wp-content\/uploads\/2026\/04\/ford-industria-automotriz-autopartes.jpg","width":1200,"height":675},{"@type":"BreadcrumbList","@id":"https:\/\/gysfm.com.ar\/inicio\/el-empleo-autopartista-cayo-77-y-crece-la-preocupacion-por-2026\/#breadcrumb","itemListElement":[{"@type":"ListItem","position":1,"name":"Portada","item":"https:\/\/gysfm.com.ar\/inicio\/"},{"@type":"ListItem","position":2,"name":"El empleo autopartista cay\u00f3 7,7% y crece la preocupaci\u00f3n por 2026"}]},{"@type":"WebSite","@id":"https:\/\/gysfm.com.ar\/inicio\/#website","url":"https:\/\/gysfm.com.ar\/inicio\/","name":"GYS NOTICIAS |","description":"DIARIO - RADIO ONLINE SAN JUAN ARGENTINA","publisher":{"@id":"https:\/\/gysfm.com.ar\/inicio\/#organization"},"potentialAction":[{"@type":"SearchAction","target":{"@type":"EntryPoint","urlTemplate":"https:\/\/gysfm.com.ar\/inicio\/?s={search_term_string}"},"query-input":{"@type":"PropertyValueSpecification","valueRequired":true,"valueName":"search_term_string"}}],"inLanguage":"es"},{"@type":"Organization","@id":"https:\/\/gysfm.com.ar\/inicio\/#organization","name":"GYS NOTICIAS |","url":"https:\/\/gysfm.com.ar\/inicio\/","logo":{"@type":"ImageObject","inLanguage":"es","@id":"https:\/\/gysfm.com.ar\/inicio\/#\/schema\/logo\/image\/","url":"https:\/\/gysfm.com.ar\/inicio\/wp-content\/uploads\/2023\/07\/LOGOGYS-OK.png","contentUrl":"https:\/\/gysfm.com.ar\/inicio\/wp-content\/uploads\/2023\/07\/LOGOGYS-OK.png","width":1170,"height":872,"caption":"GYS NOTICIAS |"},"image":{"@id":"https:\/\/gysfm.com.ar\/inicio\/#\/schema\/logo\/image\/"}},{"@type":"Person","@id":"https:\/\/gysfm.com.ar\/inicio\/#\/schema\/person\/5bedd7ecd35cc35548d89effafa23696","name":"admin","image":{"@type":"ImageObject","inLanguage":"es","@id":"https:\/\/gysfm.com.ar\/inicio\/#\/schema\/person\/image\/","url":"https:\/\/secure.gravatar.com\/avatar\/c331d312b5243fb64d5ba28108a447b27c925295129a363082c9ea52c28d32c2?s=96&d=mm&r=g","contentUrl":"https:\/\/secure.gravatar.com\/avatar\/c331d312b5243fb64d5ba28108a447b27c925295129a363082c9ea52c28d32c2?s=96&d=mm&r=g","caption":"admin"},"sameAs":["https:\/\/gysfm.com.ar\/inicio"],"url":"https:\/\/gysfm.com.ar\/inicio\/author\/admin\/"}]}},"_links":{"self":[{"href":"https:\/\/gysfm.com.ar\/inicio\/wp-json\/wp\/v2\/posts\/193516","targetHints":{"allow":["GET"]}}],"collection":[{"href":"https:\/\/gysfm.com.ar\/inicio\/wp-json\/wp\/v2\/posts"}],"about":[{"href":"https:\/\/gysfm.com.ar\/inicio\/wp-json\/wp\/v2\/types\/post"}],"author":[{"embeddable":true,"href":"https:\/\/gysfm.com.ar\/inicio\/wp-json\/wp\/v2\/users\/1"}],"replies":[{"embeddable":true,"href":"https:\/\/gysfm.com.ar\/inicio\/wp-json\/wp\/v2\/comments?post=193516"}],"version-history":[{"count":0,"href":"https:\/\/gysfm.com.ar\/inicio\/wp-json\/wp\/v2\/posts\/193516\/revisions"}],"wp:featuredmedia":[{"embeddable":true,"href":"https:\/\/gysfm.com.ar\/inicio\/wp-json\/wp\/v2\/media\/193517"}],"wp:attachment":[{"href":"https:\/\/gysfm.com.ar\/inicio\/wp-json\/wp\/v2\/media?parent=193516"}],"wp:term":[{"taxonomy":"category","embeddable":true,"href":"https:\/\/gysfm.com.ar\/inicio\/wp-json\/wp\/v2\/categories?post=193516"},{"taxonomy":"post_tag","embeddable":true,"href":"https:\/\/gysfm.com.ar\/inicio\/wp-json\/wp\/v2\/tags?post=193516"}],"curies":[{"name":"wp","href":"https:\/\/api.w.org\/{rel}","templated":true}]}}