{"id":193514,"date":"2026-04-28T16:07:10","date_gmt":"2026-04-28T19:07:10","guid":{"rendered":"https:\/\/gysfm.com.ar\/inicio\/encuesta-39-culpa-a-milei-por-los-problemas-economicos-y-supera-al-riesgo-kuka\/"},"modified":"2026-04-28T16:07:10","modified_gmt":"2026-04-28T19:07:10","slug":"encuesta-39-culpa-a-milei-por-los-problemas-economicos-y-supera-al-riesgo-kuka","status":"publish","type":"post","link":"https:\/\/gysfm.com.ar\/inicio\/encuesta-39-culpa-a-milei-por-los-problemas-economicos-y-supera-al-riesgo-kuka\/","title":{"rendered":"Encuesta: 39% culpa a Milei por los problemas econ\u00f3micos y supera al \u00abriesgo kuka\u00bb"},"content":{"rendered":"<p><\/p>\n<div id=\"article-content\">\n<p>\u00bfQui\u00e9n cree Ud. que es el principal responsable de los actuales problemas econ\u00f3micos del pa\u00eds? La respuesta a esa pregunta marca un punto de inflexi\u00f3n en el clima social: por primera vez, una mayor\u00eda relativa de los encuestados se\u00f1ala al gobierno de <a target=\"_blank\" href=\"https:\/\/www.perfil.com\/noticias\/politica\/javier-milei-volvio-a-apuntar-contra-los-periodistas-ensobrados-y-corruptos.phtml\"><strong>Javier Milei<\/strong><\/a> como principal responsable de la crisis, desplazando al anterior ciclo pol\u00edtico como foco de las culpas.<\/p>\n<p>El dato surge de una encuesta realizada por la consultora <strong>Hugo Haime &amp; Asociados<\/strong>, donde el<strong> 39 por ciento <\/strong>adjudica al actual oficialismo la responsabilidad por la situaci\u00f3n econ\u00f3mica, mientras que el denominado \u201criesgo kuka\u201d cae al<strong> 33 por ciento<\/strong>. La diferencia refleja un cambio de tendencia: el eje de la cr\u00edtica empieza a correrse del pasado hacia el presente.<\/p>\n<p style=\"text-align:center\"><picture><source media=\"(max-width: 440px)\" srcset=\"https:\/\/fotos.perfil.com\/\/2026\/04\/28\/440\/0\/encuesta-nacional-estado-de-animo-28042026-2229164.jpg?webp\"\/><source media=\"(max-width: 1019px)\" srcset=\"https:\/\/fotos.perfil.com\/\/2026\/04\/28\/712\/0\/encuesta-nacional-estado-de-animo-28042026-2229164.jpg?webp\"\/><img decoding=\"async\" style=\"max-width: 100%; width: 100%;\" alt=\"Encuesta Nacional Estado de \u00c1nimo 28042026\" src=\"https:\/\/fotos.perfil.com\/\/2026\/04\/28\/900\/0\/encuesta-nacional-estado-de-animo-28042026-2229164.jpg?webp\" loading=\"lazy\"\/><\/picture><\/p>\n<div class=\"subscription\">\n<p>\n        Esto no les gusta a los autoritarios\n    <\/p>\n<div class=\"subscription__container\">\n<div class=\"subscription__text-wrapper\">\n<p>\n                El ejercicio del periodismo profesional y cr\u00edtico es un pilar fundamental de la democracia. Por eso molesta a quienes creen ser los due\u00f1os de la verdad.\n            <\/p>\n<\/p><\/div><\/div>\n<\/div>\n<p>El estudio aporta adem\u00e1s una definici\u00f3n clara sobre el rumbo econ\u00f3mico. Ante la pregunta \u201c\u00bfPara Ud. qu\u00e9 es lo mejor para el pa\u00eds?\u201d, el <strong>47 por ciento se inclina por cambiar totalmente el modelo econ\u00f3mico<\/strong> y otro 17 por ciento plantea modificarlo manteniendo algunas de sus caracter\u00edsticas. En conjunto, <strong>el 64 por ciento expresa alg\u00fan tipo de voluntad de cambio<\/strong>, mientras que el 20 por ciento opta por mantener el esquema actual con modificaciones y apenas el 15 por ciento respalda sostenerlo sin cambios. El dato muestra que el consenso social que en un inicio acompa\u00f1\u00f3 el programa econ\u00f3mico aparece hoy fuertemente erosionado.<\/p>\n<p class=\"destacadoNota\"><a target=\"_blank\" href=\"https:\/\/www.perfil.com\/noticias\/politica\/andis-declara-hoy-diego-spagnuolo-en-la-causa-por-corrupcion-que-investiga-millonarios-desvios-de-fondos.phtml\">ANDIS: declara hoy Spagnuolo en la causa que investiga millonarios desv\u00edos de fondos<\/a><\/p>\n<p>La percepci\u00f3n del estado de \u00e1nimo social confirma ese deterioro. A la consulta \u201c\u00bfUsted dir\u00eda que la gente est\u00e1\u2026?\u201d, <strong>el 39 por ciento responde que est\u00e1 con bronca y el 37 por ciento la describe como triste y desanimada. <\/strong>En contraste, s\u00f3lo el 18 por ciento percibe a la sociedad como contenta y esperanzada, mientras que un 6 por ciento no tiene una opini\u00f3n definida. La suma de emociones negativas da cuenta de un clima social atravesado por el malestar y la incertidumbre.<\/p>\n<p style=\"text-align:center\"><picture><source media=\"(max-width: 440px)\" srcset=\"https:\/\/fotos.perfil.com\/\/2026\/04\/28\/440\/0\/encuesta-nacional-estado-de-animo-28042026-2229165.jpg?webp\"\/><source media=\"(max-width: 1019px)\" srcset=\"https:\/\/fotos.perfil.com\/\/2026\/04\/28\/712\/0\/encuesta-nacional-estado-de-animo-28042026-2229165.jpg?webp\"\/><img decoding=\"async\" style=\"max-width: 100%; width: 100%;\" alt=\"Encuesta Nacional Estado de \u00c1nimo 28042026\" src=\"https:\/\/fotos.perfil.com\/\/2026\/04\/28\/900\/0\/encuesta-nacional-estado-de-animo-28042026-2229165.jpg?webp\" loading=\"lazy\"\/><\/picture><\/p>\n<p>En ese contexto, Haime viene se\u00f1alando que el humor social atraviesa una transici\u00f3n. En su <a target=\"_blank\" href=\"https:\/\/www.perfil.com\/noticias\/columnistas\/del-sacrificio-a-la-desilusion-por-hugo-haime.phtml\">columna en Perfil <\/a>describi\u00f3 el pasaje \u201cdel sacrificio a la desilusi\u00f3n\u201d, al advertir que el respaldo inicial basado en la expectativa de cambio comienza a erosionarse cuando los resultados no se perciben en la vida cotidiana. \u201cLa sociedad acompa\u00f1\u00f3 con la esperanza de una mejora, pero esa expectativa hoy se debilita\u201d, sostiene, y remarca que la evaluaci\u00f3n del Gobierno empieza a centrarse m\u00e1s en el presente que en la herencia recibida.<\/p>\n<p style=\"text-align:center\"><picture><source media=\"(max-width: 440px)\" srcset=\"https:\/\/fotos.perfil.com\/\/2026\/04\/28\/440\/0\/encuesta-nacional-estado-de-animo-28042026-2229163.jpg?webp\"\/><source media=\"(max-width: 1019px)\" srcset=\"https:\/\/fotos.perfil.com\/\/2026\/04\/28\/712\/0\/encuesta-nacional-estado-de-animo-28042026-2229163.jpg?webp\"\/><img decoding=\"async\" style=\"max-width: 100%; width: 100%;\" alt=\"Encuesta Nacional Estado de \u00c1nimo 28042026\" src=\"https:\/\/fotos.perfil.com\/\/2026\/04\/28\/900\/0\/encuesta-nacional-estado-de-animo-28042026-2229163.jpg?webp\" loading=\"lazy\"\/><\/picture><\/p>\n<p>El retroceso del \u201criesgo kuka\u201d como factor dominante tambi\u00e9n indica que el discurso oficial pierde eficacia como explicaci\u00f3n central de la crisis. En paralelo, crece la demanda de resultados concretos y se consolida una mirada m\u00e1s exigente sobre la gesti\u00f3n.<\/p>\n<p>El dato del 39 por ciento no s\u00f3lo funciona como una fotograf\u00eda del presente, sino tambi\u00e9n como una advertencia pol\u00edtica: si la tendencia se profundiza, la responsabilidad por la marcha de la econom\u00eda podr\u00eda dejar de estar anclada en el pasado y recaer cada vez m\u00e1s en la administraci\u00f3n actual.<\/p>\n<p>fl\/ff<\/p>\n<\/p><\/div>\n<p><script>\n                !function(f,b,e,v,n,t,s)\n                {if(f.fbq)return;n=f.fbq=function(){n.callMethod?\n                    n.callMethod.apply(n,arguments):n.queue.push(arguments)};\n                    if(!f._fbq)f._fbq=n;n.push=n;n.loaded=!0;n.version='2.0';\n                    n.queue=[];t=b.createElement(e);t.async=!0;\n                    t.src=v;s=b.getElementsByTagName(e)[0];\n                    s.parentNode.insertBefore(t,s)}(window, document,'script',\n                    'https:\/\/connect.facebook.net\/en_US\/fbevents.js');\n                window.paywallConfig.facebook_pixel=\"1000228364089342\"\n            <\/script><\/p>\n","protected":false},"excerpt":{"rendered":"<p>\u00bfQui\u00e9n cree Ud. que es el principal responsable de los actuales problemas econ\u00f3micos del pa\u00eds? La respuesta a esa pregunta marca un punto de inflexi\u00f3n en el clima social: por primera vez, una mayor\u00eda relativa de los encuestados se\u00f1ala al gobierno de Javier Milei como principal responsable de la crisis, desplazando al anterior ciclo pol\u00edtico [&hellip;]<\/p>\n","protected":false},"author":2,"featured_media":193515,"comment_status":"closed","ping_status":"closed","sticky":false,"template":"","format":"standard","meta":{"footnotes":""},"categories":[25],"tags":[],"class_list":["post-193514","post","type-post","status-publish","format-standard","has-post-thumbnail","hentry","category-nacionales"],"yoast_head":"<!-- This site is optimized with the Yoast SEO plugin v24.4 - https:\/\/yoast.com\/wordpress\/plugins\/seo\/ -->\n<title>Encuesta: 39% culpa a Milei por los problemas econ\u00f3micos y supera al &quot;riesgo kuka&quot; - GYS NOTICIAS |<\/title>\n<meta name=\"robots\" content=\"index, follow, max-snippet:-1, max-image-preview:large, max-video-preview:-1\" \/>\n<link rel=\"canonical\" href=\"https:\/\/gysfm.com.ar\/inicio\/encuesta-39-culpa-a-milei-por-los-problemas-economicos-y-supera-al-riesgo-kuka\/\" \/>\n<meta property=\"og:locale\" content=\"es_ES\" \/>\n<meta property=\"og:type\" content=\"article\" \/>\n<meta property=\"og:title\" content=\"Encuesta: 39% culpa a Milei por los problemas econ\u00f3micos y supera al &quot;riesgo kuka&quot; - GYS NOTICIAS |\" \/>\n<meta property=\"og:description\" content=\"\u00bfQui\u00e9n cree Ud. que es el principal responsable de los actuales problemas econ\u00f3micos del pa\u00eds? La respuesta a esa pregunta marca un punto de inflexi\u00f3n en el clima social: por primera vez, una mayor\u00eda relativa de los encuestados se\u00f1ala al gobierno de Javier Milei como principal responsable de la crisis, desplazando al anterior ciclo pol\u00edtico [&hellip;]\" \/>\n<meta property=\"og:url\" content=\"https:\/\/gysfm.com.ar\/inicio\/encuesta-39-culpa-a-milei-por-los-problemas-economicos-y-supera-al-riesgo-kuka\/\" \/>\n<meta property=\"og:site_name\" content=\"GYS NOTICIAS |\" \/>\n<meta property=\"article:published_time\" content=\"2026-04-28T19:07:10+00:00\" \/>\n<meta property=\"og:image\" content=\"https:\/\/fotos.perfil.com\/\/2026\/04\/28\/900\/0\/encuesta-nacional-estado-de-animo-28042026-2229164.jpg?webp\" \/>\n<meta name=\"author\" content=\"Prensa G&amp;S FM\" \/>\n<meta name=\"twitter:card\" content=\"summary_large_image\" \/>\n<meta name=\"twitter:label1\" content=\"Escrito por\" \/>\n\t<meta name=\"twitter:data1\" content=\"Prensa G&amp;S FM\" \/>\n\t<meta name=\"twitter:label2\" content=\"Tiempo de lectura\" \/>\n\t<meta name=\"twitter:data2\" content=\"3 minutos\" \/>\n<script type=\"application\/ld+json\" class=\"yoast-schema-graph\">{\"@context\":\"https:\/\/schema.org\",\"@graph\":[{\"@type\":\"Article\",\"@id\":\"https:\/\/gysfm.com.ar\/inicio\/encuesta-39-culpa-a-milei-por-los-problemas-economicos-y-supera-al-riesgo-kuka\/#article\",\"isPartOf\":{\"@id\":\"https:\/\/gysfm.com.ar\/inicio\/encuesta-39-culpa-a-milei-por-los-problemas-economicos-y-supera-al-riesgo-kuka\/\"},\"author\":{\"name\":\"Prensa G&amp;S FM\",\"@id\":\"https:\/\/gysfm.com.ar\/inicio\/#\/schema\/person\/3abba7593ef2ad19e1be221d54383dc5\"},\"headline\":\"Encuesta: 39% culpa a Milei por los problemas econ\u00f3micos y supera al \u00abriesgo kuka\u00bb\",\"datePublished\":\"2026-04-28T19:07:10+00:00\",\"mainEntityOfPage\":{\"@id\":\"https:\/\/gysfm.com.ar\/inicio\/encuesta-39-culpa-a-milei-por-los-problemas-economicos-y-supera-al-riesgo-kuka\/\"},\"wordCount\":574,\"publisher\":{\"@id\":\"https:\/\/gysfm.com.ar\/inicio\/#organization\"},\"image\":{\"@id\":\"https:\/\/gysfm.com.ar\/inicio\/encuesta-39-culpa-a-milei-por-los-problemas-economicos-y-supera-al-riesgo-kuka\/#primaryimage\"},\"thumbnailUrl\":\"https:\/\/gysfm.com.ar\/inicio\/wp-content\/uploads\/2026\/04\/javier-milei-2226261.jpg\",\"articleSection\":[\"NACIONALES\"],\"inLanguage\":\"es\"},{\"@type\":\"WebPage\",\"@id\":\"https:\/\/gysfm.com.ar\/inicio\/encuesta-39-culpa-a-milei-por-los-problemas-economicos-y-supera-al-riesgo-kuka\/\",\"url\":\"https:\/\/gysfm.com.ar\/inicio\/encuesta-39-culpa-a-milei-por-los-problemas-economicos-y-supera-al-riesgo-kuka\/\",\"name\":\"Encuesta: 39% culpa a Milei por los problemas econ\u00f3micos y supera al \\\"riesgo kuka\\\" - GYS NOTICIAS |\",\"isPartOf\":{\"@id\":\"https:\/\/gysfm.com.ar\/inicio\/#website\"},\"primaryImageOfPage\":{\"@id\":\"https:\/\/gysfm.com.ar\/inicio\/encuesta-39-culpa-a-milei-por-los-problemas-economicos-y-supera-al-riesgo-kuka\/#primaryimage\"},\"image\":{\"@id\":\"https:\/\/gysfm.com.ar\/inicio\/encuesta-39-culpa-a-milei-por-los-problemas-economicos-y-supera-al-riesgo-kuka\/#primaryimage\"},\"thumbnailUrl\":\"https:\/\/gysfm.com.ar\/inicio\/wp-content\/uploads\/2026\/04\/javier-milei-2226261.jpg\",\"datePublished\":\"2026-04-28T19:07:10+00:00\",\"breadcrumb\":{\"@id\":\"https:\/\/gysfm.com.ar\/inicio\/encuesta-39-culpa-a-milei-por-los-problemas-economicos-y-supera-al-riesgo-kuka\/#breadcrumb\"},\"inLanguage\":\"es\",\"potentialAction\":[{\"@type\":\"ReadAction\",\"target\":[\"https:\/\/gysfm.com.ar\/inicio\/encuesta-39-culpa-a-milei-por-los-problemas-economicos-y-supera-al-riesgo-kuka\/\"]}]},{\"@type\":\"ImageObject\",\"inLanguage\":\"es\",\"@id\":\"https:\/\/gysfm.com.ar\/inicio\/encuesta-39-culpa-a-milei-por-los-problemas-economicos-y-supera-al-riesgo-kuka\/#primaryimage\",\"url\":\"https:\/\/gysfm.com.ar\/inicio\/wp-content\/uploads\/2026\/04\/javier-milei-2226261.jpg\",\"contentUrl\":\"https:\/\/gysfm.com.ar\/inicio\/wp-content\/uploads\/2026\/04\/javier-milei-2226261.jpg\",\"width\":1140,\"height\":641},{\"@type\":\"BreadcrumbList\",\"@id\":\"https:\/\/gysfm.com.ar\/inicio\/encuesta-39-culpa-a-milei-por-los-problemas-economicos-y-supera-al-riesgo-kuka\/#breadcrumb\",\"itemListElement\":[{\"@type\":\"ListItem\",\"position\":1,\"name\":\"Portada\",\"item\":\"https:\/\/gysfm.com.ar\/inicio\/\"},{\"@type\":\"ListItem\",\"position\":2,\"name\":\"Encuesta: 39% culpa a Milei por los problemas econ\u00f3micos y supera al \u00abriesgo kuka\u00bb\"}]},{\"@type\":\"WebSite\",\"@id\":\"https:\/\/gysfm.com.ar\/inicio\/#website\",\"url\":\"https:\/\/gysfm.com.ar\/inicio\/\",\"name\":\"GYS NOTICIAS |\",\"description\":\"DIARIO - RADIO ONLINE SAN JUAN ARGENTINA\",\"publisher\":{\"@id\":\"https:\/\/gysfm.com.ar\/inicio\/#organization\"},\"potentialAction\":[{\"@type\":\"SearchAction\",\"target\":{\"@type\":\"EntryPoint\",\"urlTemplate\":\"https:\/\/gysfm.com.ar\/inicio\/?s={search_term_string}\"},\"query-input\":{\"@type\":\"PropertyValueSpecification\",\"valueRequired\":true,\"valueName\":\"search_term_string\"}}],\"inLanguage\":\"es\"},{\"@type\":\"Organization\",\"@id\":\"https:\/\/gysfm.com.ar\/inicio\/#organization\",\"name\":\"GYS NOTICIAS |\",\"url\":\"https:\/\/gysfm.com.ar\/inicio\/\",\"logo\":{\"@type\":\"ImageObject\",\"inLanguage\":\"es\",\"@id\":\"https:\/\/gysfm.com.ar\/inicio\/#\/schema\/logo\/image\/\",\"url\":\"https:\/\/gysfm.com.ar\/inicio\/wp-content\/uploads\/2023\/07\/LOGOGYS-OK.png\",\"contentUrl\":\"https:\/\/gysfm.com.ar\/inicio\/wp-content\/uploads\/2023\/07\/LOGOGYS-OK.png\",\"width\":1170,\"height\":872,\"caption\":\"GYS NOTICIAS |\"},\"image\":{\"@id\":\"https:\/\/gysfm.com.ar\/inicio\/#\/schema\/logo\/image\/\"}},{\"@type\":\"Person\",\"@id\":\"https:\/\/gysfm.com.ar\/inicio\/#\/schema\/person\/3abba7593ef2ad19e1be221d54383dc5\",\"name\":\"Prensa G&amp;S FM\",\"image\":{\"@type\":\"ImageObject\",\"inLanguage\":\"es\",\"@id\":\"https:\/\/gysfm.com.ar\/inicio\/#\/schema\/person\/image\/\",\"url\":\"https:\/\/secure.gravatar.com\/avatar\/096ec78df02049ab018702bb4ccedf659377fa92a26540b5247612077a0dbd29?s=96&d=mm&r=g\",\"contentUrl\":\"https:\/\/secure.gravatar.com\/avatar\/096ec78df02049ab018702bb4ccedf659377fa92a26540b5247612077a0dbd29?s=96&d=mm&r=g\",\"caption\":\"Prensa G&amp;S FM\"},\"sameAs\":[\"https:\/\/gysfm.com.ar\/\"],\"url\":\"https:\/\/gysfm.com.ar\/inicio\/author\/lucasm\/\"}]}<\/script>\n<!-- \/ Yoast SEO plugin. -->","yoast_head_json":{"title":"Encuesta: 39% culpa a Milei por los problemas econ\u00f3micos y supera al \"riesgo kuka\" - GYS NOTICIAS |","robots":{"index":"index","follow":"follow","max-snippet":"max-snippet:-1","max-image-preview":"max-image-preview:large","max-video-preview":"max-video-preview:-1"},"canonical":"https:\/\/gysfm.com.ar\/inicio\/encuesta-39-culpa-a-milei-por-los-problemas-economicos-y-supera-al-riesgo-kuka\/","og_locale":"es_ES","og_type":"article","og_title":"Encuesta: 39% culpa a Milei por los problemas econ\u00f3micos y supera al \"riesgo kuka\" - GYS NOTICIAS |","og_description":"\u00bfQui\u00e9n cree Ud. que es el principal responsable de los actuales problemas econ\u00f3micos del pa\u00eds? La respuesta a esa pregunta marca un punto de inflexi\u00f3n en el clima social: por primera vez, una mayor\u00eda relativa de los encuestados se\u00f1ala al gobierno de Javier Milei como principal responsable de la crisis, desplazando al anterior ciclo pol\u00edtico [&hellip;]","og_url":"https:\/\/gysfm.com.ar\/inicio\/encuesta-39-culpa-a-milei-por-los-problemas-economicos-y-supera-al-riesgo-kuka\/","og_site_name":"GYS NOTICIAS |","article_published_time":"2026-04-28T19:07:10+00:00","og_image":[{"url":"https:\/\/fotos.perfil.com\/\/2026\/04\/28\/900\/0\/encuesta-nacional-estado-de-animo-28042026-2229164.jpg?webp","type":"","width":"","height":""}],"author":"Prensa G&amp;S FM","twitter_card":"summary_large_image","twitter_misc":{"Escrito por":"Prensa G&amp;S FM","Tiempo de lectura":"3 minutos"},"schema":{"@context":"https:\/\/schema.org","@graph":[{"@type":"Article","@id":"https:\/\/gysfm.com.ar\/inicio\/encuesta-39-culpa-a-milei-por-los-problemas-economicos-y-supera-al-riesgo-kuka\/#article","isPartOf":{"@id":"https:\/\/gysfm.com.ar\/inicio\/encuesta-39-culpa-a-milei-por-los-problemas-economicos-y-supera-al-riesgo-kuka\/"},"author":{"name":"Prensa G&amp;S FM","@id":"https:\/\/gysfm.com.ar\/inicio\/#\/schema\/person\/3abba7593ef2ad19e1be221d54383dc5"},"headline":"Encuesta: 39% culpa a Milei por los problemas econ\u00f3micos y supera al \u00abriesgo kuka\u00bb","datePublished":"2026-04-28T19:07:10+00:00","mainEntityOfPage":{"@id":"https:\/\/gysfm.com.ar\/inicio\/encuesta-39-culpa-a-milei-por-los-problemas-economicos-y-supera-al-riesgo-kuka\/"},"wordCount":574,"publisher":{"@id":"https:\/\/gysfm.com.ar\/inicio\/#organization"},"image":{"@id":"https:\/\/gysfm.com.ar\/inicio\/encuesta-39-culpa-a-milei-por-los-problemas-economicos-y-supera-al-riesgo-kuka\/#primaryimage"},"thumbnailUrl":"https:\/\/gysfm.com.ar\/inicio\/wp-content\/uploads\/2026\/04\/javier-milei-2226261.jpg","articleSection":["NACIONALES"],"inLanguage":"es"},{"@type":"WebPage","@id":"https:\/\/gysfm.com.ar\/inicio\/encuesta-39-culpa-a-milei-por-los-problemas-economicos-y-supera-al-riesgo-kuka\/","url":"https:\/\/gysfm.com.ar\/inicio\/encuesta-39-culpa-a-milei-por-los-problemas-economicos-y-supera-al-riesgo-kuka\/","name":"Encuesta: 39% culpa a Milei por los problemas econ\u00f3micos y supera al \"riesgo kuka\" - GYS NOTICIAS |","isPartOf":{"@id":"https:\/\/gysfm.com.ar\/inicio\/#website"},"primaryImageOfPage":{"@id":"https:\/\/gysfm.com.ar\/inicio\/encuesta-39-culpa-a-milei-por-los-problemas-economicos-y-supera-al-riesgo-kuka\/#primaryimage"},"image":{"@id":"https:\/\/gysfm.com.ar\/inicio\/encuesta-39-culpa-a-milei-por-los-problemas-economicos-y-supera-al-riesgo-kuka\/#primaryimage"},"thumbnailUrl":"https:\/\/gysfm.com.ar\/inicio\/wp-content\/uploads\/2026\/04\/javier-milei-2226261.jpg","datePublished":"2026-04-28T19:07:10+00:00","breadcrumb":{"@id":"https:\/\/gysfm.com.ar\/inicio\/encuesta-39-culpa-a-milei-por-los-problemas-economicos-y-supera-al-riesgo-kuka\/#breadcrumb"},"inLanguage":"es","potentialAction":[{"@type":"ReadAction","target":["https:\/\/gysfm.com.ar\/inicio\/encuesta-39-culpa-a-milei-por-los-problemas-economicos-y-supera-al-riesgo-kuka\/"]}]},{"@type":"ImageObject","inLanguage":"es","@id":"https:\/\/gysfm.com.ar\/inicio\/encuesta-39-culpa-a-milei-por-los-problemas-economicos-y-supera-al-riesgo-kuka\/#primaryimage","url":"https:\/\/gysfm.com.ar\/inicio\/wp-content\/uploads\/2026\/04\/javier-milei-2226261.jpg","contentUrl":"https:\/\/gysfm.com.ar\/inicio\/wp-content\/uploads\/2026\/04\/javier-milei-2226261.jpg","width":1140,"height":641},{"@type":"BreadcrumbList","@id":"https:\/\/gysfm.com.ar\/inicio\/encuesta-39-culpa-a-milei-por-los-problemas-economicos-y-supera-al-riesgo-kuka\/#breadcrumb","itemListElement":[{"@type":"ListItem","position":1,"name":"Portada","item":"https:\/\/gysfm.com.ar\/inicio\/"},{"@type":"ListItem","position":2,"name":"Encuesta: 39% culpa a Milei por los problemas econ\u00f3micos y supera al \u00abriesgo kuka\u00bb"}]},{"@type":"WebSite","@id":"https:\/\/gysfm.com.ar\/inicio\/#website","url":"https:\/\/gysfm.com.ar\/inicio\/","name":"GYS NOTICIAS |","description":"DIARIO - RADIO ONLINE SAN JUAN ARGENTINA","publisher":{"@id":"https:\/\/gysfm.com.ar\/inicio\/#organization"},"potentialAction":[{"@type":"SearchAction","target":{"@type":"EntryPoint","urlTemplate":"https:\/\/gysfm.com.ar\/inicio\/?s={search_term_string}"},"query-input":{"@type":"PropertyValueSpecification","valueRequired":true,"valueName":"search_term_string"}}],"inLanguage":"es"},{"@type":"Organization","@id":"https:\/\/gysfm.com.ar\/inicio\/#organization","name":"GYS NOTICIAS |","url":"https:\/\/gysfm.com.ar\/inicio\/","logo":{"@type":"ImageObject","inLanguage":"es","@id":"https:\/\/gysfm.com.ar\/inicio\/#\/schema\/logo\/image\/","url":"https:\/\/gysfm.com.ar\/inicio\/wp-content\/uploads\/2023\/07\/LOGOGYS-OK.png","contentUrl":"https:\/\/gysfm.com.ar\/inicio\/wp-content\/uploads\/2023\/07\/LOGOGYS-OK.png","width":1170,"height":872,"caption":"GYS NOTICIAS |"},"image":{"@id":"https:\/\/gysfm.com.ar\/inicio\/#\/schema\/logo\/image\/"}},{"@type":"Person","@id":"https:\/\/gysfm.com.ar\/inicio\/#\/schema\/person\/3abba7593ef2ad19e1be221d54383dc5","name":"Prensa G&amp;S FM","image":{"@type":"ImageObject","inLanguage":"es","@id":"https:\/\/gysfm.com.ar\/inicio\/#\/schema\/person\/image\/","url":"https:\/\/secure.gravatar.com\/avatar\/096ec78df02049ab018702bb4ccedf659377fa92a26540b5247612077a0dbd29?s=96&d=mm&r=g","contentUrl":"https:\/\/secure.gravatar.com\/avatar\/096ec78df02049ab018702bb4ccedf659377fa92a26540b5247612077a0dbd29?s=96&d=mm&r=g","caption":"Prensa G&amp;S FM"},"sameAs":["https:\/\/gysfm.com.ar\/"],"url":"https:\/\/gysfm.com.ar\/inicio\/author\/lucasm\/"}]}},"_links":{"self":[{"href":"https:\/\/gysfm.com.ar\/inicio\/wp-json\/wp\/v2\/posts\/193514","targetHints":{"allow":["GET"]}}],"collection":[{"href":"https:\/\/gysfm.com.ar\/inicio\/wp-json\/wp\/v2\/posts"}],"about":[{"href":"https:\/\/gysfm.com.ar\/inicio\/wp-json\/wp\/v2\/types\/post"}],"author":[{"embeddable":true,"href":"https:\/\/gysfm.com.ar\/inicio\/wp-json\/wp\/v2\/users\/2"}],"replies":[{"embeddable":true,"href":"https:\/\/gysfm.com.ar\/inicio\/wp-json\/wp\/v2\/comments?post=193514"}],"version-history":[{"count":0,"href":"https:\/\/gysfm.com.ar\/inicio\/wp-json\/wp\/v2\/posts\/193514\/revisions"}],"wp:featuredmedia":[{"embeddable":true,"href":"https:\/\/gysfm.com.ar\/inicio\/wp-json\/wp\/v2\/media\/193515"}],"wp:attachment":[{"href":"https:\/\/gysfm.com.ar\/inicio\/wp-json\/wp\/v2\/media?parent=193514"}],"wp:term":[{"taxonomy":"category","embeddable":true,"href":"https:\/\/gysfm.com.ar\/inicio\/wp-json\/wp\/v2\/categories?post=193514"},{"taxonomy":"post_tag","embeddable":true,"href":"https:\/\/gysfm.com.ar\/inicio\/wp-json\/wp\/v2\/tags?post=193514"}],"curies":[{"name":"wp","href":"https:\/\/api.w.org\/{rel}","templated":true}]}}