{"id":193511,"date":"2026-04-28T16:01:07","date_gmt":"2026-04-28T19:01:07","guid":{"rendered":"https:\/\/gysfm.com.ar\/inicio\/por-el-frio-disponen-cortes-de-gas-a-estaciones-de-gnc-y-empresas\/"},"modified":"2026-04-28T16:01:08","modified_gmt":"2026-04-28T19:01:08","slug":"por-el-frio-disponen-cortes-de-gas-a-estaciones-de-gnc-y-empresas","status":"publish","type":"post","link":"https:\/\/gysfm.com.ar\/inicio\/por-el-frio-disponen-cortes-de-gas-a-estaciones-de-gnc-y-empresas\/","title":{"rendered":"Por el fr\u00edo, disponen cortes de gas a estaciones de GNC y empresas"},"content":{"rendered":"<p><\/p>\n<div>\n<p class=\"com-paragraph  --capital --s\">El sistema de gas natural empez\u00f3 a mostrar sus primeras se\u00f1ales de tensi\u00f3n con la llegada de las bajas temperaturas. Las distribuidoras<strong> Metrogas y Naturgy activaron desde este martes a las 6 limitaciones en el suministro en el \u00c1rea Metropolitana de Buenos Aires (AMBA), que alcanzan a estaciones de GNC y empresas.<\/strong><\/p>\n<p class=\"com-paragraph   --s\">La medida recae sobre usuarios con<strong> contratos interrumpibles <\/strong>\u2014m\u00e1s econ\u00f3micos, pero sin garant\u00eda de abastecimiento en picos de demanda\u2014, un mecanismo habitual del sistema para priorizar el consumo residencial en los d\u00edas de mayor fr\u00edo. As\u00ed lo confirmaron a <strong>LA NACI\u00d3N<\/strong> fuentes privadas y del Gobierno.<\/p>\n<p class=\"com-paragraph   --s\">Desde Metrogas, la principal distribuidora del AMBA y del pa\u00eds, lo ratificaron: <strong>\u201cSe restringi\u00f3 el suministro interrumpible a empresas y GNC por la suba de la demanda ante las bajas temperaturas\u201d<\/strong>. <\/p>\n<p class=\"com-paragraph   --s\">\u201cNo significa que se queden sin gas. El contrato en firme lo siguen teniendo\u201d, agregaron.<\/p>\n<p class=\"com-paragraph   --s\"><strong>Pedro Gonz\u00e1lez, presidente de la C\u00e1mara Argentina de Expendedores de GNC<\/strong>, se\u00f1al\u00f3 que \u201cen el AMBA hay casi 800 estaciones, de las cuales el 98% tiene contrato firme\u201d, lo que reduce el alcance de las restricciones. Seg\u00fan explic\u00f3, la situaci\u00f3n es distinta en otras regiones, como La Plata, Mar del Plata o La Pampa, donde hay una mayor proporci\u00f3n de contratos interrumpibles. \u201cAlgunas estaciones optan por ese esquema porque es m\u00e1s barato, pero el riesgo es que ante estos picos de demanda se corte el suministro\u201d, mencion\u00f3. <\/p>\n<p class=\"com-paragraph   --s\">Gonz\u00e1lez tambi\u00e9n advirti\u00f3 que se trata de un episodio anticipado: \u201cEs una \u00e9poca rara para que pase esto, porque suele ocurrir m\u00e1s entrado mayo\u201d. Tambi\u00e9n indic\u00f3 que <strong>no hay un plazo definido para normalizar la situaci\u00f3n, <\/strong>ya que depende de la evoluci\u00f3n del clima y de la presi\u00f3n en los gasoductos.<\/p>\n<div class=\"content-media\">\n<section role=\"button\" class=\"mod-media   \">\n<figure role=\"button\" tabindex=\"0\" class=\"mod-figure \"><figcaption class=\"mod-figcaption\"><span class=\"com-text --caption --twoxs\">Detr\u00e1s de estos episodios hay un factor estructural. Aunque la producci\u00f3n local creci\u00f3 fuerte en los \u00faltimos a\u00f1os, especialmente en Vaca Muerta, el problema no es solo de oferta sino de transporte.<\/span><span class=\"com-text --credit --twoxs\">Ladanivskyy Oleksandr &#8211; Shutterstock<\/span><\/figcaption><\/figure>\n<\/section>\n<\/div>\n<p class=\"com-paragraph   --s\">Desde el Gobierno explicaron que la medida responde a un patr\u00f3n estacional y al funcionamiento del sistema.<strong> \u201cCon las bajas temperaturas, sube fuerte el consumo residencial. Es algo normal: se restringen los contratos interrumpibles, que justamente son m\u00e1s baratos por eso\u201d<\/strong>, indicaron fuentes oficiales.<\/p>\n<p class=\"com-paragraph   --s\">Aclararon, adem\u00e1s, que no se trata de una orden directa del Estado, sino de la aplicaci\u00f3n del marco regulatorio por parte de las distribuidoras. \u201cEs un tema de las empresas. No hay una instrucci\u00f3n de cortar interrumpibles: las compa\u00f1\u00edas no tienen los vol\u00famenes de gas contratados necesarios para el fr\u00edo que hizo en abril\u201d, se\u00f1alaron. En ese sentido, agregaron que, de mantenerse las condiciones previstas, el suministro podr\u00eda normalizarse en los pr\u00f3ximos d\u00edas, hacia el inicio de mayo. <\/p>\n<p class=\"com-paragraph   --s\">La clave est\u00e1 en el clima: cada descenso abrupto dispara la demanda \u2014sobre todo en calefacci\u00f3n\u2014 y tensiona el sistema en cuesti\u00f3n de horas, por lo que las restricciones pueden activarse y levantarse con rapidez.<\/p>\n<p class=\"com-paragraph   --s\">En el sector energ\u00e9tico se\u00f1alaron que, <strong>si se confirma el pron\u00f3stico de una suba de temperaturas en los pr\u00f3ximos d\u00edas, la presi\u00f3n del sistema podr\u00eda recuperarse<\/strong> y permitir una normalizaci\u00f3n progresiva del suministro.<\/p>\n<p class=\"com-paragraph   --s\">En el AMBA hay casi 800 estaciones de GNC de las cuales el 98% tiene contrato firme. Eso significa que la zona no se va a ver afectada o el impacto ser\u00e1 acotado. Hay otras regiones como La Plata, Mar del Plata, La Pampa hay mayor proporci\u00f3n de interrumpibles. Hasta ahora no se afect\u00f3 eso. En La Plata por ejemplo el 90% tiene interrumpibles. Algunas estaciones tienen este tipo de acuerdo porque quieren ganar m\u00e1s plata, pero el riesgo es que ante esta situaci\u00f3n te corten el suministro. <\/p>\n<p class=\"com-paragraph   --s\">Detr\u00e1s de estos episodios hay un factor estructural. Aunque la producci\u00f3n local creci\u00f3 fuerte en los \u00faltimos a\u00f1os, especialmente en Vaca Muerta, <strong>el problema no es solo de oferta, sino de transporte. <\/strong>En los d\u00edas de mayor fr\u00edo, los gasoductos operan al l\u00edmite de su capacidad y la presi\u00f3n del sistema cae, lo que obliga a priorizar la inyecci\u00f3n hacia hogares por sobre otros consumos. Es un fen\u00f3meno recurrente: incluso con m\u00e1s gas disponible en boca de pozo, la infraestructura no siempre alcanza para trasladarlo a los centros urbanos en picos de demanda.<\/p>\n<p class=\"com-paragraph   --s\">El orden de cortes sigue una l\u00f3gica estricta.<strong> Primero se restringen los contratos interrumpibles, como el GNC y parte de la industria<\/strong>. Luego pueden aplicarse recortes sobre consumos firmes con ventana, que permiten interrupciones parciales y programadas. Reci\u00e9n en escenarios extremos se afecta la demanda prioritaria \u2014hogares, hospitales y escuelas\u2014, una instancia que el sistema busca evitar. <a href=\"https:\/\/www.lanacion.com.ar\/economia\/mar-del-plata-sin-gas-un-caso-con-pocos-antecedentes-que-esconde-una-enorme-complejidad-a-la-hora-de-nid03072025\/\" target=\"_self\" title=\"https:\/\/www.lanacion.com.ar\/economia\/mar-del-plata-sin-gas-un-caso-con-pocos-antecedentes-que-esconde-una-enorme-complejidad-a-la-hora-de-nid03072025\/\" class=\"com-link break-word\" data-mrf-recirculation=\"n_link_parrafo\">El a\u00f1o pasado hubo cortes a hogares en gran parte de Mar del Plata.<\/a><\/p>\n<p class=\"com-paragraph   --s\">Esa limitaci\u00f3n es la que obliga todos los a\u00f1os a complementar la oferta local con importaciones de <strong>gas natural licuado (GNL)<\/strong>, un recurso m\u00e1s caro que se utiliza para cubrir esos picos estacionales. En los meses m\u00e1s fr\u00edos, el gas importado no reemplaza la producci\u00f3n local, sino que act\u00faa como una v\u00e1lvula de alivio para evitar cortes m\u00e1s profundos.<\/p>\n<p class=\"com-paragraph   --s\"><a href=\"https:\/\/www.lanacion.com.ar\/economia\/para-evitar-impacto-en-tarifas-el-gobierno-posterga-su-plan-para-privatizar-la-importacion-de-gas-en-nid22042026\/\" target=\"_self\" title=\"https:\/\/www.lanacion.com.ar\/economia\/para-evitar-impacto-en-tarifas-el-gobierno-posterga-su-plan-para-privatizar-la-importacion-de-gas-en-nid22042026\/\" class=\"com-link break-word\" data-mrf-recirculation=\"n_link_parrafo\">En ese contexto, el Gobierno ya defini\u00f3 que la estatal Enarsa volver\u00e1 a concentrar este a\u00f1o la importaci\u00f3n de GNL, en lugar de delegarla en un operador privado<\/a>, como estaba previsto. La decisi\u00f3n, adelantada por <strong>LA NACION<\/strong>, estuvo atravesada por la volatilidad de los precios internacionales tras la guerra en Medio Oriente y por la necesidad de evitar un impacto mayor en tarifas.<\/p>\n<p class=\"com-paragraph   --s\">En paralelo, la compa\u00f1\u00eda avanz\u00f3 en los \u00faltimos d\u00edas con <strong>la licitaci\u00f3n de los primeros cargamentos para mayo, <\/strong>en un proceso que el mercado seguir\u00e1 de cerca para evaluar qu\u00e9 precios deber\u00e1 convalidar la Argentina en plena temporada alta. En el sector anticipan que, como todos los a\u00f1os, el grueso de las compras se concentrar\u00e1 entre junio y julio, cuando el sistema opera al l\u00edmite.<\/p>\n<p class=\"com-paragraph   --s\">Por eso, lo que ocurre en estos d\u00edas funciona como un<strong> anticipo de la din\u00e1mica invernal. <\/strong>Con temperaturas todav\u00eda moderadas, el sistema ya recurre a sus mecanismos de ajuste m\u00e1s flexibles. El desaf\u00edo ser\u00e1 sostener el abastecimiento cuando lleguen las semanas de mayor fr\u00edo, con un mercado internacional m\u00e1s vol\u00e1til y un calendario de importaciones que reci\u00e9n empieza a definirse.<\/p>\n<section class=\"container-center-100 mb-40 border border-bottom border-thin border-neutral-light-700\">\n<hr\/>\n<\/section>\n<\/div>\n<p><script id=\"facebookpixel\" defer=\"\" type=\"text\/javascript\">\n        !function(f,b,e,v,n,t,s)\n        {if(f.fbq)return;n=f.fbq=function(){n.callMethod?\n        n.callMethod.apply(n,arguments):n.queue.push(arguments)};\n        if(!f._fbq)f._fbq=n;n.push=n;n.loaded=!0;n.version='2.0';\n        n.queue=[];t=b.createElement(e);t.async=!0;\n        t.src=v;s=b.getElementsByTagName(e)[0];\n        s.parentNode.insertBefore(t,s)}(window, document,'script',\n        'https:\/\/connect.facebook.net\/en_US\/fbevents.js');\n        fbq('init', '492459597522335');\n        fbq('track', 'PageView');\n    <\/script><\/p>\n","protected":false},"excerpt":{"rendered":"<p>El sistema de gas natural empez\u00f3 a mostrar sus primeras se\u00f1ales de tensi\u00f3n con la llegada de las bajas temperaturas. Las distribuidoras Metrogas y Naturgy activaron desde este martes a las 6 limitaciones en el suministro en el \u00c1rea Metropolitana de Buenos Aires (AMBA), que alcanzan a estaciones de GNC y empresas. La medida recae [&hellip;]<\/p>\n","protected":false},"author":1,"featured_media":193512,"comment_status":"closed","ping_status":"closed","sticky":false,"template":"","format":"standard","meta":{"footnotes":""},"categories":[28],"tags":[],"class_list":["post-193511","post","type-post","status-publish","format-standard","has-post-thumbnail","hentry","category-economia"],"yoast_head":"<!-- This site is optimized with the Yoast SEO plugin v24.4 - https:\/\/yoast.com\/wordpress\/plugins\/seo\/ -->\n<title>Por el fr\u00edo, disponen cortes de gas a estaciones de GNC y empresas - GYS NOTICIAS |<\/title>\n<meta name=\"robots\" content=\"index, follow, max-snippet:-1, max-image-preview:large, max-video-preview:-1\" \/>\n<link rel=\"canonical\" href=\"https:\/\/gysfm.com.ar\/inicio\/por-el-frio-disponen-cortes-de-gas-a-estaciones-de-gnc-y-empresas\/\" \/>\n<meta property=\"og:locale\" content=\"es_ES\" \/>\n<meta property=\"og:type\" content=\"article\" \/>\n<meta property=\"og:title\" content=\"Por el fr\u00edo, disponen cortes de gas a estaciones de GNC y empresas - GYS NOTICIAS |\" \/>\n<meta property=\"og:description\" content=\"El sistema de gas natural empez\u00f3 a mostrar sus primeras se\u00f1ales de tensi\u00f3n con la llegada de las bajas temperaturas. Las distribuidoras Metrogas y Naturgy activaron desde este martes a las 6 limitaciones en el suministro en el \u00c1rea Metropolitana de Buenos Aires (AMBA), que alcanzan a estaciones de GNC y empresas. La medida recae [&hellip;]\" \/>\n<meta property=\"og:url\" content=\"https:\/\/gysfm.com.ar\/inicio\/por-el-frio-disponen-cortes-de-gas-a-estaciones-de-gnc-y-empresas\/\" \/>\n<meta property=\"og:site_name\" content=\"GYS NOTICIAS |\" \/>\n<meta property=\"article:published_time\" content=\"2026-04-28T19:01:07+00:00\" \/>\n<meta property=\"article:modified_time\" content=\"2026-04-28T19:01:08+00:00\" \/>\n<meta property=\"og:image\" content=\"https:\/\/gysfm.com.ar\/inicio\/wp-content\/uploads\/2026\/04\/el-sistema-de-gas-natural-empezo-a-mostrar-sus-RTQLO53S65DFFEJMAYDN7RZKHE.JPG\" \/>\n\t<meta property=\"og:image:width\" content=\"1200\" \/>\n\t<meta property=\"og:image:height\" content=\"800\" \/>\n\t<meta property=\"og:image:type\" content=\"image\/jpeg\" \/>\n<meta name=\"author\" content=\"admin\" \/>\n<meta name=\"twitter:card\" content=\"summary_large_image\" \/>\n<meta name=\"twitter:label1\" content=\"Escrito por\" \/>\n\t<meta name=\"twitter:data1\" content=\"admin\" \/>\n\t<meta name=\"twitter:label2\" content=\"Tiempo de lectura\" \/>\n\t<meta name=\"twitter:data2\" content=\"5 minutos\" \/>\n<script type=\"application\/ld+json\" class=\"yoast-schema-graph\">{\"@context\":\"https:\/\/schema.org\",\"@graph\":[{\"@type\":\"Article\",\"@id\":\"https:\/\/gysfm.com.ar\/inicio\/por-el-frio-disponen-cortes-de-gas-a-estaciones-de-gnc-y-empresas\/#article\",\"isPartOf\":{\"@id\":\"https:\/\/gysfm.com.ar\/inicio\/por-el-frio-disponen-cortes-de-gas-a-estaciones-de-gnc-y-empresas\/\"},\"author\":{\"name\":\"admin\",\"@id\":\"https:\/\/gysfm.com.ar\/inicio\/#\/schema\/person\/5bedd7ecd35cc35548d89effafa23696\"},\"headline\":\"Por el fr\u00edo, disponen cortes de gas a estaciones de GNC y empresas\",\"datePublished\":\"2026-04-28T19:01:07+00:00\",\"dateModified\":\"2026-04-28T19:01:08+00:00\",\"mainEntityOfPage\":{\"@id\":\"https:\/\/gysfm.com.ar\/inicio\/por-el-frio-disponen-cortes-de-gas-a-estaciones-de-gnc-y-empresas\/\"},\"wordCount\":1105,\"publisher\":{\"@id\":\"https:\/\/gysfm.com.ar\/inicio\/#organization\"},\"image\":{\"@id\":\"https:\/\/gysfm.com.ar\/inicio\/por-el-frio-disponen-cortes-de-gas-a-estaciones-de-gnc-y-empresas\/#primaryimage\"},\"thumbnailUrl\":\"https:\/\/gysfm.com.ar\/inicio\/wp-content\/uploads\/2026\/04\/el-sistema-de-gas-natural-empezo-a-mostrar-sus-RTQLO53S65DFFEJMAYDN7RZKHE.JPG\",\"articleSection\":[\"ECONOMIA\"],\"inLanguage\":\"es\"},{\"@type\":\"WebPage\",\"@id\":\"https:\/\/gysfm.com.ar\/inicio\/por-el-frio-disponen-cortes-de-gas-a-estaciones-de-gnc-y-empresas\/\",\"url\":\"https:\/\/gysfm.com.ar\/inicio\/por-el-frio-disponen-cortes-de-gas-a-estaciones-de-gnc-y-empresas\/\",\"name\":\"Por el fr\u00edo, disponen cortes de gas a estaciones de GNC y empresas - GYS NOTICIAS |\",\"isPartOf\":{\"@id\":\"https:\/\/gysfm.com.ar\/inicio\/#website\"},\"primaryImageOfPage\":{\"@id\":\"https:\/\/gysfm.com.ar\/inicio\/por-el-frio-disponen-cortes-de-gas-a-estaciones-de-gnc-y-empresas\/#primaryimage\"},\"image\":{\"@id\":\"https:\/\/gysfm.com.ar\/inicio\/por-el-frio-disponen-cortes-de-gas-a-estaciones-de-gnc-y-empresas\/#primaryimage\"},\"thumbnailUrl\":\"https:\/\/gysfm.com.ar\/inicio\/wp-content\/uploads\/2026\/04\/el-sistema-de-gas-natural-empezo-a-mostrar-sus-RTQLO53S65DFFEJMAYDN7RZKHE.JPG\",\"datePublished\":\"2026-04-28T19:01:07+00:00\",\"dateModified\":\"2026-04-28T19:01:08+00:00\",\"breadcrumb\":{\"@id\":\"https:\/\/gysfm.com.ar\/inicio\/por-el-frio-disponen-cortes-de-gas-a-estaciones-de-gnc-y-empresas\/#breadcrumb\"},\"inLanguage\":\"es\",\"potentialAction\":[{\"@type\":\"ReadAction\",\"target\":[\"https:\/\/gysfm.com.ar\/inicio\/por-el-frio-disponen-cortes-de-gas-a-estaciones-de-gnc-y-empresas\/\"]}]},{\"@type\":\"ImageObject\",\"inLanguage\":\"es\",\"@id\":\"https:\/\/gysfm.com.ar\/inicio\/por-el-frio-disponen-cortes-de-gas-a-estaciones-de-gnc-y-empresas\/#primaryimage\",\"url\":\"https:\/\/gysfm.com.ar\/inicio\/wp-content\/uploads\/2026\/04\/el-sistema-de-gas-natural-empezo-a-mostrar-sus-RTQLO53S65DFFEJMAYDN7RZKHE.JPG\",\"contentUrl\":\"https:\/\/gysfm.com.ar\/inicio\/wp-content\/uploads\/2026\/04\/el-sistema-de-gas-natural-empezo-a-mostrar-sus-RTQLO53S65DFFEJMAYDN7RZKHE.JPG\",\"width\":1200,\"height\":800},{\"@type\":\"BreadcrumbList\",\"@id\":\"https:\/\/gysfm.com.ar\/inicio\/por-el-frio-disponen-cortes-de-gas-a-estaciones-de-gnc-y-empresas\/#breadcrumb\",\"itemListElement\":[{\"@type\":\"ListItem\",\"position\":1,\"name\":\"Portada\",\"item\":\"https:\/\/gysfm.com.ar\/inicio\/\"},{\"@type\":\"ListItem\",\"position\":2,\"name\":\"Por el fr\u00edo, disponen cortes de gas a estaciones de GNC y empresas\"}]},{\"@type\":\"WebSite\",\"@id\":\"https:\/\/gysfm.com.ar\/inicio\/#website\",\"url\":\"https:\/\/gysfm.com.ar\/inicio\/\",\"name\":\"GYS NOTICIAS |\",\"description\":\"DIARIO - RADIO ONLINE SAN JUAN ARGENTINA\",\"publisher\":{\"@id\":\"https:\/\/gysfm.com.ar\/inicio\/#organization\"},\"potentialAction\":[{\"@type\":\"SearchAction\",\"target\":{\"@type\":\"EntryPoint\",\"urlTemplate\":\"https:\/\/gysfm.com.ar\/inicio\/?s={search_term_string}\"},\"query-input\":{\"@type\":\"PropertyValueSpecification\",\"valueRequired\":true,\"valueName\":\"search_term_string\"}}],\"inLanguage\":\"es\"},{\"@type\":\"Organization\",\"@id\":\"https:\/\/gysfm.com.ar\/inicio\/#organization\",\"name\":\"GYS NOTICIAS |\",\"url\":\"https:\/\/gysfm.com.ar\/inicio\/\",\"logo\":{\"@type\":\"ImageObject\",\"inLanguage\":\"es\",\"@id\":\"https:\/\/gysfm.com.ar\/inicio\/#\/schema\/logo\/image\/\",\"url\":\"https:\/\/gysfm.com.ar\/inicio\/wp-content\/uploads\/2023\/07\/LOGOGYS-OK.png\",\"contentUrl\":\"https:\/\/gysfm.com.ar\/inicio\/wp-content\/uploads\/2023\/07\/LOGOGYS-OK.png\",\"width\":1170,\"height\":872,\"caption\":\"GYS NOTICIAS |\"},\"image\":{\"@id\":\"https:\/\/gysfm.com.ar\/inicio\/#\/schema\/logo\/image\/\"}},{\"@type\":\"Person\",\"@id\":\"https:\/\/gysfm.com.ar\/inicio\/#\/schema\/person\/5bedd7ecd35cc35548d89effafa23696\",\"name\":\"admin\",\"image\":{\"@type\":\"ImageObject\",\"inLanguage\":\"es\",\"@id\":\"https:\/\/gysfm.com.ar\/inicio\/#\/schema\/person\/image\/\",\"url\":\"https:\/\/secure.gravatar.com\/avatar\/c331d312b5243fb64d5ba28108a447b27c925295129a363082c9ea52c28d32c2?s=96&d=mm&r=g\",\"contentUrl\":\"https:\/\/secure.gravatar.com\/avatar\/c331d312b5243fb64d5ba28108a447b27c925295129a363082c9ea52c28d32c2?s=96&d=mm&r=g\",\"caption\":\"admin\"},\"sameAs\":[\"https:\/\/gysfm.com.ar\/inicio\"],\"url\":\"https:\/\/gysfm.com.ar\/inicio\/author\/admin\/\"}]}<\/script>\n<!-- \/ Yoast SEO plugin. -->","yoast_head_json":{"title":"Por el fr\u00edo, disponen cortes de gas a estaciones de GNC y empresas - GYS NOTICIAS |","robots":{"index":"index","follow":"follow","max-snippet":"max-snippet:-1","max-image-preview":"max-image-preview:large","max-video-preview":"max-video-preview:-1"},"canonical":"https:\/\/gysfm.com.ar\/inicio\/por-el-frio-disponen-cortes-de-gas-a-estaciones-de-gnc-y-empresas\/","og_locale":"es_ES","og_type":"article","og_title":"Por el fr\u00edo, disponen cortes de gas a estaciones de GNC y empresas - GYS NOTICIAS |","og_description":"El sistema de gas natural empez\u00f3 a mostrar sus primeras se\u00f1ales de tensi\u00f3n con la llegada de las bajas temperaturas. Las distribuidoras Metrogas y Naturgy activaron desde este martes a las 6 limitaciones en el suministro en el \u00c1rea Metropolitana de Buenos Aires (AMBA), que alcanzan a estaciones de GNC y empresas. La medida recae [&hellip;]","og_url":"https:\/\/gysfm.com.ar\/inicio\/por-el-frio-disponen-cortes-de-gas-a-estaciones-de-gnc-y-empresas\/","og_site_name":"GYS NOTICIAS |","article_published_time":"2026-04-28T19:01:07+00:00","article_modified_time":"2026-04-28T19:01:08+00:00","og_image":[{"width":1200,"height":800,"url":"https:\/\/gysfm.com.ar\/inicio\/wp-content\/uploads\/2026\/04\/el-sistema-de-gas-natural-empezo-a-mostrar-sus-RTQLO53S65DFFEJMAYDN7RZKHE.JPG","type":"image\/jpeg"}],"author":"admin","twitter_card":"summary_large_image","twitter_misc":{"Escrito por":"admin","Tiempo de lectura":"5 minutos"},"schema":{"@context":"https:\/\/schema.org","@graph":[{"@type":"Article","@id":"https:\/\/gysfm.com.ar\/inicio\/por-el-frio-disponen-cortes-de-gas-a-estaciones-de-gnc-y-empresas\/#article","isPartOf":{"@id":"https:\/\/gysfm.com.ar\/inicio\/por-el-frio-disponen-cortes-de-gas-a-estaciones-de-gnc-y-empresas\/"},"author":{"name":"admin","@id":"https:\/\/gysfm.com.ar\/inicio\/#\/schema\/person\/5bedd7ecd35cc35548d89effafa23696"},"headline":"Por el fr\u00edo, disponen cortes de gas a estaciones de GNC y empresas","datePublished":"2026-04-28T19:01:07+00:00","dateModified":"2026-04-28T19:01:08+00:00","mainEntityOfPage":{"@id":"https:\/\/gysfm.com.ar\/inicio\/por-el-frio-disponen-cortes-de-gas-a-estaciones-de-gnc-y-empresas\/"},"wordCount":1105,"publisher":{"@id":"https:\/\/gysfm.com.ar\/inicio\/#organization"},"image":{"@id":"https:\/\/gysfm.com.ar\/inicio\/por-el-frio-disponen-cortes-de-gas-a-estaciones-de-gnc-y-empresas\/#primaryimage"},"thumbnailUrl":"https:\/\/gysfm.com.ar\/inicio\/wp-content\/uploads\/2026\/04\/el-sistema-de-gas-natural-empezo-a-mostrar-sus-RTQLO53S65DFFEJMAYDN7RZKHE.JPG","articleSection":["ECONOMIA"],"inLanguage":"es"},{"@type":"WebPage","@id":"https:\/\/gysfm.com.ar\/inicio\/por-el-frio-disponen-cortes-de-gas-a-estaciones-de-gnc-y-empresas\/","url":"https:\/\/gysfm.com.ar\/inicio\/por-el-frio-disponen-cortes-de-gas-a-estaciones-de-gnc-y-empresas\/","name":"Por el fr\u00edo, disponen cortes de gas a estaciones de GNC y empresas - GYS NOTICIAS |","isPartOf":{"@id":"https:\/\/gysfm.com.ar\/inicio\/#website"},"primaryImageOfPage":{"@id":"https:\/\/gysfm.com.ar\/inicio\/por-el-frio-disponen-cortes-de-gas-a-estaciones-de-gnc-y-empresas\/#primaryimage"},"image":{"@id":"https:\/\/gysfm.com.ar\/inicio\/por-el-frio-disponen-cortes-de-gas-a-estaciones-de-gnc-y-empresas\/#primaryimage"},"thumbnailUrl":"https:\/\/gysfm.com.ar\/inicio\/wp-content\/uploads\/2026\/04\/el-sistema-de-gas-natural-empezo-a-mostrar-sus-RTQLO53S65DFFEJMAYDN7RZKHE.JPG","datePublished":"2026-04-28T19:01:07+00:00","dateModified":"2026-04-28T19:01:08+00:00","breadcrumb":{"@id":"https:\/\/gysfm.com.ar\/inicio\/por-el-frio-disponen-cortes-de-gas-a-estaciones-de-gnc-y-empresas\/#breadcrumb"},"inLanguage":"es","potentialAction":[{"@type":"ReadAction","target":["https:\/\/gysfm.com.ar\/inicio\/por-el-frio-disponen-cortes-de-gas-a-estaciones-de-gnc-y-empresas\/"]}]},{"@type":"ImageObject","inLanguage":"es","@id":"https:\/\/gysfm.com.ar\/inicio\/por-el-frio-disponen-cortes-de-gas-a-estaciones-de-gnc-y-empresas\/#primaryimage","url":"https:\/\/gysfm.com.ar\/inicio\/wp-content\/uploads\/2026\/04\/el-sistema-de-gas-natural-empezo-a-mostrar-sus-RTQLO53S65DFFEJMAYDN7RZKHE.JPG","contentUrl":"https:\/\/gysfm.com.ar\/inicio\/wp-content\/uploads\/2026\/04\/el-sistema-de-gas-natural-empezo-a-mostrar-sus-RTQLO53S65DFFEJMAYDN7RZKHE.JPG","width":1200,"height":800},{"@type":"BreadcrumbList","@id":"https:\/\/gysfm.com.ar\/inicio\/por-el-frio-disponen-cortes-de-gas-a-estaciones-de-gnc-y-empresas\/#breadcrumb","itemListElement":[{"@type":"ListItem","position":1,"name":"Portada","item":"https:\/\/gysfm.com.ar\/inicio\/"},{"@type":"ListItem","position":2,"name":"Por el fr\u00edo, disponen cortes de gas a estaciones de GNC y empresas"}]},{"@type":"WebSite","@id":"https:\/\/gysfm.com.ar\/inicio\/#website","url":"https:\/\/gysfm.com.ar\/inicio\/","name":"GYS NOTICIAS |","description":"DIARIO - RADIO ONLINE SAN JUAN ARGENTINA","publisher":{"@id":"https:\/\/gysfm.com.ar\/inicio\/#organization"},"potentialAction":[{"@type":"SearchAction","target":{"@type":"EntryPoint","urlTemplate":"https:\/\/gysfm.com.ar\/inicio\/?s={search_term_string}"},"query-input":{"@type":"PropertyValueSpecification","valueRequired":true,"valueName":"search_term_string"}}],"inLanguage":"es"},{"@type":"Organization","@id":"https:\/\/gysfm.com.ar\/inicio\/#organization","name":"GYS NOTICIAS |","url":"https:\/\/gysfm.com.ar\/inicio\/","logo":{"@type":"ImageObject","inLanguage":"es","@id":"https:\/\/gysfm.com.ar\/inicio\/#\/schema\/logo\/image\/","url":"https:\/\/gysfm.com.ar\/inicio\/wp-content\/uploads\/2023\/07\/LOGOGYS-OK.png","contentUrl":"https:\/\/gysfm.com.ar\/inicio\/wp-content\/uploads\/2023\/07\/LOGOGYS-OK.png","width":1170,"height":872,"caption":"GYS NOTICIAS |"},"image":{"@id":"https:\/\/gysfm.com.ar\/inicio\/#\/schema\/logo\/image\/"}},{"@type":"Person","@id":"https:\/\/gysfm.com.ar\/inicio\/#\/schema\/person\/5bedd7ecd35cc35548d89effafa23696","name":"admin","image":{"@type":"ImageObject","inLanguage":"es","@id":"https:\/\/gysfm.com.ar\/inicio\/#\/schema\/person\/image\/","url":"https:\/\/secure.gravatar.com\/avatar\/c331d312b5243fb64d5ba28108a447b27c925295129a363082c9ea52c28d32c2?s=96&d=mm&r=g","contentUrl":"https:\/\/secure.gravatar.com\/avatar\/c331d312b5243fb64d5ba28108a447b27c925295129a363082c9ea52c28d32c2?s=96&d=mm&r=g","caption":"admin"},"sameAs":["https:\/\/gysfm.com.ar\/inicio"],"url":"https:\/\/gysfm.com.ar\/inicio\/author\/admin\/"}]}},"_links":{"self":[{"href":"https:\/\/gysfm.com.ar\/inicio\/wp-json\/wp\/v2\/posts\/193511","targetHints":{"allow":["GET"]}}],"collection":[{"href":"https:\/\/gysfm.com.ar\/inicio\/wp-json\/wp\/v2\/posts"}],"about":[{"href":"https:\/\/gysfm.com.ar\/inicio\/wp-json\/wp\/v2\/types\/post"}],"author":[{"embeddable":true,"href":"https:\/\/gysfm.com.ar\/inicio\/wp-json\/wp\/v2\/users\/1"}],"replies":[{"embeddable":true,"href":"https:\/\/gysfm.com.ar\/inicio\/wp-json\/wp\/v2\/comments?post=193511"}],"version-history":[{"count":1,"href":"https:\/\/gysfm.com.ar\/inicio\/wp-json\/wp\/v2\/posts\/193511\/revisions"}],"predecessor-version":[{"id":193513,"href":"https:\/\/gysfm.com.ar\/inicio\/wp-json\/wp\/v2\/posts\/193511\/revisions\/193513"}],"wp:featuredmedia":[{"embeddable":true,"href":"https:\/\/gysfm.com.ar\/inicio\/wp-json\/wp\/v2\/media\/193512"}],"wp:attachment":[{"href":"https:\/\/gysfm.com.ar\/inicio\/wp-json\/wp\/v2\/media?parent=193511"}],"wp:term":[{"taxonomy":"category","embeddable":true,"href":"https:\/\/gysfm.com.ar\/inicio\/wp-json\/wp\/v2\/categories?post=193511"},{"taxonomy":"post_tag","embeddable":true,"href":"https:\/\/gysfm.com.ar\/inicio\/wp-json\/wp\/v2\/tags?post=193511"}],"curies":[{"name":"wp","href":"https:\/\/api.w.org\/{rel}","templated":true}]}}