{"id":193504,"date":"2026-04-28T15:05:06","date_gmt":"2026-04-28T18:05:06","guid":{"rendered":"https:\/\/gysfm.com.ar\/inicio\/feriado-1-de-mayo-2026-asi-funcionaran-el-transporte-y-los-servicios-publicos-este-viernes-en-el-amba\/"},"modified":"2026-04-28T15:05:06","modified_gmt":"2026-04-28T18:05:06","slug":"feriado-1-de-mayo-2026-asi-funcionaran-el-transporte-y-los-servicios-publicos-este-viernes-en-el-amba","status":"publish","type":"post","link":"https:\/\/gysfm.com.ar\/inicio\/feriado-1-de-mayo-2026-asi-funcionaran-el-transporte-y-los-servicios-publicos-este-viernes-en-el-amba\/","title":{"rendered":"Feriado 1 de mayo 2026: as\u00ed funcionar\u00e1n el transporte y los servicios p\u00fablicos este viernes en el AMBA"},"content":{"rendered":"<p><\/p>\n<div id=\"article-content\">\n<p>En el marco del<strong> D\u00eda del Trabajador<\/strong>, el pr\u00f3ximo <strong><a target=\"_blank\" href=\"https:\/\/www.perfil.com\/noticias\/sociedad\/bancos-y-billeteras-virtuales-que-operaciones-realizar-durante-el-fin-de-semana-largo-del-1-de-mayo-a35.phtml\">viernes 1 de mayo<\/a> <\/strong>de 2026 ser\u00e1<strong> feriado <\/strong>nacional en toda la Argentina, lo que implicar\u00e1 modificaciones en el funcionamiento del transporte p\u00fablico y de los principales servicios en el \u00c1rea Metropolitana de Buenos Aires (<strong>AMBA<\/strong>). Como ocurre cada a\u00f1o, el esquema adoptar\u00e1 caracter\u00edsticas similares a las de un domingo, con menor frecuencia en<strong> trenes<\/strong>, <strong>colectivos<\/strong> y subtes, as\u00ed como cambios en la atenci\u00f3n en organismos p\u00fablicos.<\/p>\n<p>La recolecci\u00f3n de residuos en la <strong>CABA<\/strong> funcionar\u00e1 con cronograma reducido, por lo que se solicita a los vecinos respetar los horarios indicados para evitar acumulaci\u00f3n de basura en la v\u00eda p\u00fablica. En este sentido, desde el sitio oficial del Gobierno de la <strong>Ciudad de Buenos Aires i<\/strong>nforman que el servicio funcionar\u00e1 con normalidad, cuyo cronograma habitual es de domingo a viernes en el horario de 19:00 a 21:00 horas. <\/p>\n<p class=\"destacadoNota\"><a target=\"_blank\" href=\"https:\/\/www.perfil.com\/noticias\/sociedad\/viernes-1-mayo-a-quienes-les-corresponde-el-feriado-por-el-dia-del-trabajador-y-sus-origenes.phtml\">Viernes 1 mayo: el origen del D\u00eda del Trabajador y qui\u00e9nes descansan en el feriado<\/a><\/p>\n<div class=\"subscription\">\n<p>\n        Esto no les gusta a los autoritarios\n    <\/p>\n<div class=\"subscription__container\">\n<div class=\"subscription__text-wrapper\">\n<p>\n                El ejercicio del periodismo profesional y cr\u00edtico es un pilar fundamental de la democracia. Por eso molesta a quienes creen ser los due\u00f1os de la verdad.\n            <\/p>\n<\/p><\/div><\/div>\n<\/div>\n<p>En tanto que, los hospitales p\u00fablicos mantendr\u00e1n guardias, el SAME y las Unidades Febriles de Urgencia. Mientras que, los centros de salud programados permanecer\u00e1n cerrados.<\/p>\n<div style=\"text-align:center\">\n<figure class=\"image\" style=\"display:inline-block\"><picture><source media=\"(max-width: 440px)\" srcset=\"https:\/\/fotos.perfil.com\/\/2024\/10\/29\/440\/0\/paro-de-transporte-recoleccion-de-residuos-20241029-1900653.jpg?webp\"\/><source media=\"(max-width: 1019px)\" srcset=\"https:\/\/fotos.perfil.com\/\/2024\/10\/29\/712\/0\/paro-de-transporte-recoleccion-de-residuos-20241029-1900653.jpg?webp\"\/><img decoding=\"async\" style=\"max-width: 100%; width: 100%;\" alt=\"Paro de transporte - recolecci\u00f3n de residuos 20241029\" height=\"730\" src=\"https:\/\/fotos.perfil.com\/\/2024\/10\/29\/900\/0\/paro-de-transporte-recoleccion-de-residuos-20241029-1900653.jpg?webp\" width=\"1300\" loading=\"lazy\"\/><\/picture><figcaption><strong>Servicio de recolecci\u00f3n de residuos en CABA<\/strong><\/figcaption><\/figure>\n<\/p><\/div>\n<p>Las dependencias administrativas como registros civiles, oficinas de atenci\u00f3n al p\u00fablico y organismos estatales, no abrir\u00e1n sus puertas durante la jornada. \u00bfC\u00f3mo funcionar\u00e1n las l\u00edneas de micro en <strong>CABA<\/strong> y el conurbano bonaerense?<\/p>\n<h2>C\u00f3mo funcionar\u00e1n las l\u00edneas de colectivos en el AMBA y Ciudad de Buenos Aires durante el feriado del 1 de mayo<\/h2>\n<p>En lo que respecta al transporte, las l\u00edneas de colectivos que circulan tanto en la<strong> Ciudad de Buenos Aires<\/strong> como en el<strong> AMBA<\/strong> (\u00c1rea Metropolitana de Buenos Aires) operar\u00e1n con cronograma reducido. <\/p>\n<p class=\"destacadoNota\"><a target=\"_blank\" href=\"https:\/\/www.perfil.com\/noticias\/sociedad\/se-viene-un-nuevo-fin-de-semana-largo-cuantos-feriados-quedan-en-argentina-y-cuando-seran-las-proximas-escapadas.phtml\">Se viene un nuevo fin de semana largo: cu\u00e1ntos feriados quedan en Argentina y cu\u00e1ndo ser\u00e1n las pr\u00f3ximas escapadas<\/a><\/p>\n<p>Si bien los servicios del transporte p\u00fablico estar\u00e1n activos, se recomienda a los usuarios prever mayores tiempos de espera, especialmente durante las primeras horas del d\u00eda y la noche, porque la frecuencia de circulaci\u00f3n ser\u00e1 menor a la habitual en todo el territorio bonaerense. <\/p>\n<div style=\"text-align:center\">\n<figure class=\"image\" style=\"display:inline-block\"><picture><source media=\"(max-width: 440px)\" srcset=\"https:\/\/fotos.perfil.com\/\/2026\/04\/27\/440\/0\/feriado-1-de-mayo-2228698.jpg?webp\"\/><source media=\"(max-width: 1019px)\" srcset=\"https:\/\/fotos.perfil.com\/\/2026\/04\/27\/712\/0\/feriado-1-de-mayo-2228698.jpg?webp\"\/><img decoding=\"async\" style=\"max-width: 100%; width: 100%;\" alt=\"Feriado 1 de Mayo \" height=\"730\" src=\"https:\/\/fotos.perfil.com\/\/2026\/04\/27\/900\/0\/feriado-1-de-mayo-2228698.jpg?webp\" width=\"1300\" loading=\"lazy\"\/><\/picture><figcaption><strong>C\u00f3mo funcionar\u00e1n las l\u00edneas de colectivas en el AMBA<\/strong><\/figcaption><\/figure>\n<\/p><\/div>\n<h2>Feriado del viernes 1 de mayo: menos formaciones en circulaci\u00f3n y horarios espaciados de trenes en el AMBA<\/h2>\n<p>Por su parte, los trenes del \u00e1rea metropolitana, incluyendo las l\u00edneas Roca, Sarmiento, Mitre, San Mart\u00edn y Belgrano, tambi\u00e9n circular\u00e1n con frecuencia de feriado el<strong> viernes 1 de mayo<\/strong>. Esto implica menos formaciones en servicio y horarios m\u00e1s espaciados, aunque con operaci\u00f3n garantizada durante toda la jornada para asegurar la movilidad b\u00e1sica.<\/p>\n<h2>C\u00f3mo funcionar\u00e1 el subte en Ciudad de Buenos Aires<\/h2>\n<p>El servicio de subterr\u00e1neos de<strong> Buenos Aires<\/strong> funcionar\u00e1 con horario de domingo\/feriado. Esto significa que las primeras formaciones partir\u00e1n alrededor de las 8 de la ma\u00f1ana, mientras que el \u00faltimo servicio saldr\u00e1 cerca de las 22 horas, dependiendo de cada l\u00ednea.<\/p>\n<p class=\"destacadoNota\"><a target=\"_blank\" href=\"https:\/\/www.perfil.com\/noticias\/sociedad\/feriado-del-1-de-mayo-que-pasara-con-los-bancos-y-que-tramites-se-podran-hacer-a35.phtml\">Feriado del 1 de mayo: qu\u00e9 pasar\u00e1 con los bancos y qu\u00e9 tr\u00e1mites se podr\u00e1n hacer<\/a><\/p>\n<p>En cuanto a la frecuencia, se prev\u00e9 una reducci\u00f3n respecto de los d\u00edas h\u00e1biles, con intervalos m\u00e1s amplios entre trenes. Las seis l\u00edneas (A, B, C, D, E y H) y el Premetro estar\u00e1n operativos, aunque con menor intensidad. Desde la empresa concesionaria recomiendan consultar los canales oficiales antes de viajar para verificar eventuales ajustes o demoras.<\/p>\n<div style=\"text-align:center\">\n<figure class=\"image\" style=\"display:inline-block\"><picture><source media=\"(max-width: 440px)\" srcset=\"https:\/\/fotos.perfil.com\/\/2026\/04\/27\/440\/0\/feriado-1-de-mayo-2228697.jpg?webp\"\/><source media=\"(max-width: 1019px)\" srcset=\"https:\/\/fotos.perfil.com\/\/2026\/04\/27\/712\/0\/feriado-1-de-mayo-2228697.jpg?webp\"\/><img decoding=\"async\" style=\"max-width: 100%; width: 100%;\" alt=\"Feriado 1 de Mayo \" height=\"730\" src=\"https:\/\/fotos.perfil.com\/\/2026\/04\/27\/900\/0\/feriado-1-de-mayo-2228697.jpg?webp\" width=\"1300\" loading=\"lazy\"\/><\/picture><figcaption><strong>Cronograma del funcionamiento del SUBTE en la Ciudad de Buenos Aires<\/strong><\/figcaption><\/figure>\n<\/p><\/div>\n<p>Por otro lado, los bancos permanecer\u00e1n cerrados, aunque estar\u00e1n disponibles los cajeros autom\u00e1ticos y las plataformas digitales para realizar operaciones. Lo mismo ocurrir\u00e1 con la mayor\u00eda de las oficinas privadas, que no tendr\u00e1n atenci\u00f3n al p\u00fablico.<\/p>\n<p>PM \/ EM <\/p>\n<\/p><\/div>\n<p><script>\n                !function(f,b,e,v,n,t,s)\n                {if(f.fbq)return;n=f.fbq=function(){n.callMethod?\n                    n.callMethod.apply(n,arguments):n.queue.push(arguments)};\n                    if(!f._fbq)f._fbq=n;n.push=n;n.loaded=!0;n.version='2.0';\n                    n.queue=[];t=b.createElement(e);t.async=!0;\n                    t.src=v;s=b.getElementsByTagName(e)[0];\n                    s.parentNode.insertBefore(t,s)}(window, document,'script',\n                    'https:\/\/connect.facebook.net\/en_US\/fbevents.js');\n                window.paywallConfig.facebook_pixel=\"1000228364089342\"\n            <\/script><\/p>\n","protected":false},"excerpt":{"rendered":"<p>En el marco del D\u00eda del Trabajador, el pr\u00f3ximo viernes 1 de mayo de 2026 ser\u00e1 feriado nacional en toda la Argentina, lo que implicar\u00e1 modificaciones en el funcionamiento del transporte p\u00fablico y de los principales servicios en el \u00c1rea Metropolitana de Buenos Aires (AMBA). Como ocurre cada a\u00f1o, el esquema adoptar\u00e1 caracter\u00edsticas similares a [&hellip;]<\/p>\n","protected":false},"author":2,"featured_media":193505,"comment_status":"closed","ping_status":"closed","sticky":false,"template":"","format":"standard","meta":{"footnotes":""},"categories":[25],"tags":[],"class_list":["post-193504","post","type-post","status-publish","format-standard","has-post-thumbnail","hentry","category-nacionales"],"yoast_head":"<!-- This site is optimized with the Yoast SEO plugin v24.4 - https:\/\/yoast.com\/wordpress\/plugins\/seo\/ -->\n<title>Feriado 1 de mayo 2026: as\u00ed funcionar\u00e1n el transporte y los servicios p\u00fablicos este viernes en el AMBA - GYS NOTICIAS |<\/title>\n<meta name=\"robots\" content=\"index, follow, max-snippet:-1, max-image-preview:large, max-video-preview:-1\" \/>\n<link rel=\"canonical\" href=\"https:\/\/gysfm.com.ar\/inicio\/feriado-1-de-mayo-2026-asi-funcionaran-el-transporte-y-los-servicios-publicos-este-viernes-en-el-amba\/\" \/>\n<meta property=\"og:locale\" content=\"es_ES\" \/>\n<meta property=\"og:type\" content=\"article\" \/>\n<meta property=\"og:title\" content=\"Feriado 1 de mayo 2026: as\u00ed funcionar\u00e1n el transporte y los servicios p\u00fablicos este viernes en el AMBA - GYS NOTICIAS |\" \/>\n<meta property=\"og:description\" content=\"En el marco del D\u00eda del Trabajador, el pr\u00f3ximo viernes 1 de mayo de 2026 ser\u00e1 feriado nacional en toda la Argentina, lo que implicar\u00e1 modificaciones en el funcionamiento del transporte p\u00fablico y de los principales servicios en el \u00c1rea Metropolitana de Buenos Aires (AMBA). Como ocurre cada a\u00f1o, el esquema adoptar\u00e1 caracter\u00edsticas similares a [&hellip;]\" \/>\n<meta property=\"og:url\" content=\"https:\/\/gysfm.com.ar\/inicio\/feriado-1-de-mayo-2026-asi-funcionaran-el-transporte-y-los-servicios-publicos-este-viernes-en-el-amba\/\" \/>\n<meta property=\"og:site_name\" content=\"GYS NOTICIAS |\" \/>\n<meta property=\"article:published_time\" content=\"2026-04-28T18:05:06+00:00\" \/>\n<meta property=\"og:image\" content=\"https:\/\/fotos.perfil.com\/\/2024\/10\/29\/900\/0\/paro-de-transporte-recoleccion-de-residuos-20241029-1900653.jpg?webp\" \/>\n<meta name=\"author\" content=\"Prensa G&amp;S FM\" \/>\n<meta name=\"twitter:card\" content=\"summary_large_image\" \/>\n<meta name=\"twitter:label1\" content=\"Escrito por\" \/>\n\t<meta name=\"twitter:data1\" content=\"Prensa G&amp;S FM\" \/>\n\t<meta name=\"twitter:label2\" content=\"Tiempo de lectura\" \/>\n\t<meta name=\"twitter:data2\" content=\"3 minutos\" \/>\n<script type=\"application\/ld+json\" class=\"yoast-schema-graph\">{\"@context\":\"https:\/\/schema.org\",\"@graph\":[{\"@type\":\"Article\",\"@id\":\"https:\/\/gysfm.com.ar\/inicio\/feriado-1-de-mayo-2026-asi-funcionaran-el-transporte-y-los-servicios-publicos-este-viernes-en-el-amba\/#article\",\"isPartOf\":{\"@id\":\"https:\/\/gysfm.com.ar\/inicio\/feriado-1-de-mayo-2026-asi-funcionaran-el-transporte-y-los-servicios-publicos-este-viernes-en-el-amba\/\"},\"author\":{\"name\":\"Prensa G&amp;S FM\",\"@id\":\"https:\/\/gysfm.com.ar\/inicio\/#\/schema\/person\/3abba7593ef2ad19e1be221d54383dc5\"},\"headline\":\"Feriado 1 de mayo 2026: as\u00ed funcionar\u00e1n el transporte y los servicios p\u00fablicos este viernes en el AMBA\",\"datePublished\":\"2026-04-28T18:05:06+00:00\",\"mainEntityOfPage\":{\"@id\":\"https:\/\/gysfm.com.ar\/inicio\/feriado-1-de-mayo-2026-asi-funcionaran-el-transporte-y-los-servicios-publicos-este-viernes-en-el-amba\/\"},\"wordCount\":703,\"publisher\":{\"@id\":\"https:\/\/gysfm.com.ar\/inicio\/#organization\"},\"image\":{\"@id\":\"https:\/\/gysfm.com.ar\/inicio\/feriado-1-de-mayo-2026-asi-funcionaran-el-transporte-y-los-servicios-publicos-este-viernes-en-el-amba\/#primaryimage\"},\"thumbnailUrl\":\"https:\/\/gysfm.com.ar\/inicio\/wp-content\/uploads\/2026\/04\/feriado-1-de-mayo-2228696.jpg\",\"articleSection\":[\"NACIONALES\"],\"inLanguage\":\"es\"},{\"@type\":\"WebPage\",\"@id\":\"https:\/\/gysfm.com.ar\/inicio\/feriado-1-de-mayo-2026-asi-funcionaran-el-transporte-y-los-servicios-publicos-este-viernes-en-el-amba\/\",\"url\":\"https:\/\/gysfm.com.ar\/inicio\/feriado-1-de-mayo-2026-asi-funcionaran-el-transporte-y-los-servicios-publicos-este-viernes-en-el-amba\/\",\"name\":\"Feriado 1 de mayo 2026: as\u00ed funcionar\u00e1n el transporte y los servicios p\u00fablicos este viernes en el AMBA - GYS NOTICIAS |\",\"isPartOf\":{\"@id\":\"https:\/\/gysfm.com.ar\/inicio\/#website\"},\"primaryImageOfPage\":{\"@id\":\"https:\/\/gysfm.com.ar\/inicio\/feriado-1-de-mayo-2026-asi-funcionaran-el-transporte-y-los-servicios-publicos-este-viernes-en-el-amba\/#primaryimage\"},\"image\":{\"@id\":\"https:\/\/gysfm.com.ar\/inicio\/feriado-1-de-mayo-2026-asi-funcionaran-el-transporte-y-los-servicios-publicos-este-viernes-en-el-amba\/#primaryimage\"},\"thumbnailUrl\":\"https:\/\/gysfm.com.ar\/inicio\/wp-content\/uploads\/2026\/04\/feriado-1-de-mayo-2228696.jpg\",\"datePublished\":\"2026-04-28T18:05:06+00:00\",\"breadcrumb\":{\"@id\":\"https:\/\/gysfm.com.ar\/inicio\/feriado-1-de-mayo-2026-asi-funcionaran-el-transporte-y-los-servicios-publicos-este-viernes-en-el-amba\/#breadcrumb\"},\"inLanguage\":\"es\",\"potentialAction\":[{\"@type\":\"ReadAction\",\"target\":[\"https:\/\/gysfm.com.ar\/inicio\/feriado-1-de-mayo-2026-asi-funcionaran-el-transporte-y-los-servicios-publicos-este-viernes-en-el-amba\/\"]}]},{\"@type\":\"ImageObject\",\"inLanguage\":\"es\",\"@id\":\"https:\/\/gysfm.com.ar\/inicio\/feriado-1-de-mayo-2026-asi-funcionaran-el-transporte-y-los-servicios-publicos-este-viernes-en-el-amba\/#primaryimage\",\"url\":\"https:\/\/gysfm.com.ar\/inicio\/wp-content\/uploads\/2026\/04\/feriado-1-de-mayo-2228696.jpg\",\"contentUrl\":\"https:\/\/gysfm.com.ar\/inicio\/wp-content\/uploads\/2026\/04\/feriado-1-de-mayo-2228696.jpg\",\"width\":1140,\"height\":641},{\"@type\":\"BreadcrumbList\",\"@id\":\"https:\/\/gysfm.com.ar\/inicio\/feriado-1-de-mayo-2026-asi-funcionaran-el-transporte-y-los-servicios-publicos-este-viernes-en-el-amba\/#breadcrumb\",\"itemListElement\":[{\"@type\":\"ListItem\",\"position\":1,\"name\":\"Portada\",\"item\":\"https:\/\/gysfm.com.ar\/inicio\/\"},{\"@type\":\"ListItem\",\"position\":2,\"name\":\"Feriado 1 de mayo 2026: as\u00ed funcionar\u00e1n el transporte y los servicios p\u00fablicos este viernes en el AMBA\"}]},{\"@type\":\"WebSite\",\"@id\":\"https:\/\/gysfm.com.ar\/inicio\/#website\",\"url\":\"https:\/\/gysfm.com.ar\/inicio\/\",\"name\":\"GYS NOTICIAS |\",\"description\":\"DIARIO - RADIO ONLINE SAN JUAN ARGENTINA\",\"publisher\":{\"@id\":\"https:\/\/gysfm.com.ar\/inicio\/#organization\"},\"potentialAction\":[{\"@type\":\"SearchAction\",\"target\":{\"@type\":\"EntryPoint\",\"urlTemplate\":\"https:\/\/gysfm.com.ar\/inicio\/?s={search_term_string}\"},\"query-input\":{\"@type\":\"PropertyValueSpecification\",\"valueRequired\":true,\"valueName\":\"search_term_string\"}}],\"inLanguage\":\"es\"},{\"@type\":\"Organization\",\"@id\":\"https:\/\/gysfm.com.ar\/inicio\/#organization\",\"name\":\"GYS NOTICIAS |\",\"url\":\"https:\/\/gysfm.com.ar\/inicio\/\",\"logo\":{\"@type\":\"ImageObject\",\"inLanguage\":\"es\",\"@id\":\"https:\/\/gysfm.com.ar\/inicio\/#\/schema\/logo\/image\/\",\"url\":\"https:\/\/gysfm.com.ar\/inicio\/wp-content\/uploads\/2023\/07\/LOGOGYS-OK.png\",\"contentUrl\":\"https:\/\/gysfm.com.ar\/inicio\/wp-content\/uploads\/2023\/07\/LOGOGYS-OK.png\",\"width\":1170,\"height\":872,\"caption\":\"GYS NOTICIAS |\"},\"image\":{\"@id\":\"https:\/\/gysfm.com.ar\/inicio\/#\/schema\/logo\/image\/\"}},{\"@type\":\"Person\",\"@id\":\"https:\/\/gysfm.com.ar\/inicio\/#\/schema\/person\/3abba7593ef2ad19e1be221d54383dc5\",\"name\":\"Prensa G&amp;S FM\",\"image\":{\"@type\":\"ImageObject\",\"inLanguage\":\"es\",\"@id\":\"https:\/\/gysfm.com.ar\/inicio\/#\/schema\/person\/image\/\",\"url\":\"https:\/\/secure.gravatar.com\/avatar\/096ec78df02049ab018702bb4ccedf659377fa92a26540b5247612077a0dbd29?s=96&d=mm&r=g\",\"contentUrl\":\"https:\/\/secure.gravatar.com\/avatar\/096ec78df02049ab018702bb4ccedf659377fa92a26540b5247612077a0dbd29?s=96&d=mm&r=g\",\"caption\":\"Prensa G&amp;S FM\"},\"sameAs\":[\"https:\/\/gysfm.com.ar\/\"],\"url\":\"https:\/\/gysfm.com.ar\/inicio\/author\/lucasm\/\"}]}<\/script>\n<!-- \/ Yoast SEO plugin. -->","yoast_head_json":{"title":"Feriado 1 de mayo 2026: as\u00ed funcionar\u00e1n el transporte y los servicios p\u00fablicos este viernes en el AMBA - GYS NOTICIAS |","robots":{"index":"index","follow":"follow","max-snippet":"max-snippet:-1","max-image-preview":"max-image-preview:large","max-video-preview":"max-video-preview:-1"},"canonical":"https:\/\/gysfm.com.ar\/inicio\/feriado-1-de-mayo-2026-asi-funcionaran-el-transporte-y-los-servicios-publicos-este-viernes-en-el-amba\/","og_locale":"es_ES","og_type":"article","og_title":"Feriado 1 de mayo 2026: as\u00ed funcionar\u00e1n el transporte y los servicios p\u00fablicos este viernes en el AMBA - GYS NOTICIAS |","og_description":"En el marco del D\u00eda del Trabajador, el pr\u00f3ximo viernes 1 de mayo de 2026 ser\u00e1 feriado nacional en toda la Argentina, lo que implicar\u00e1 modificaciones en el funcionamiento del transporte p\u00fablico y de los principales servicios en el \u00c1rea Metropolitana de Buenos Aires (AMBA). Como ocurre cada a\u00f1o, el esquema adoptar\u00e1 caracter\u00edsticas similares a [&hellip;]","og_url":"https:\/\/gysfm.com.ar\/inicio\/feriado-1-de-mayo-2026-asi-funcionaran-el-transporte-y-los-servicios-publicos-este-viernes-en-el-amba\/","og_site_name":"GYS NOTICIAS |","article_published_time":"2026-04-28T18:05:06+00:00","og_image":[{"url":"https:\/\/fotos.perfil.com\/\/2024\/10\/29\/900\/0\/paro-de-transporte-recoleccion-de-residuos-20241029-1900653.jpg?webp","type":"","width":"","height":""}],"author":"Prensa G&amp;S FM","twitter_card":"summary_large_image","twitter_misc":{"Escrito por":"Prensa G&amp;S FM","Tiempo de lectura":"3 minutos"},"schema":{"@context":"https:\/\/schema.org","@graph":[{"@type":"Article","@id":"https:\/\/gysfm.com.ar\/inicio\/feriado-1-de-mayo-2026-asi-funcionaran-el-transporte-y-los-servicios-publicos-este-viernes-en-el-amba\/#article","isPartOf":{"@id":"https:\/\/gysfm.com.ar\/inicio\/feriado-1-de-mayo-2026-asi-funcionaran-el-transporte-y-los-servicios-publicos-este-viernes-en-el-amba\/"},"author":{"name":"Prensa G&amp;S FM","@id":"https:\/\/gysfm.com.ar\/inicio\/#\/schema\/person\/3abba7593ef2ad19e1be221d54383dc5"},"headline":"Feriado 1 de mayo 2026: as\u00ed funcionar\u00e1n el transporte y los servicios p\u00fablicos este viernes en el AMBA","datePublished":"2026-04-28T18:05:06+00:00","mainEntityOfPage":{"@id":"https:\/\/gysfm.com.ar\/inicio\/feriado-1-de-mayo-2026-asi-funcionaran-el-transporte-y-los-servicios-publicos-este-viernes-en-el-amba\/"},"wordCount":703,"publisher":{"@id":"https:\/\/gysfm.com.ar\/inicio\/#organization"},"image":{"@id":"https:\/\/gysfm.com.ar\/inicio\/feriado-1-de-mayo-2026-asi-funcionaran-el-transporte-y-los-servicios-publicos-este-viernes-en-el-amba\/#primaryimage"},"thumbnailUrl":"https:\/\/gysfm.com.ar\/inicio\/wp-content\/uploads\/2026\/04\/feriado-1-de-mayo-2228696.jpg","articleSection":["NACIONALES"],"inLanguage":"es"},{"@type":"WebPage","@id":"https:\/\/gysfm.com.ar\/inicio\/feriado-1-de-mayo-2026-asi-funcionaran-el-transporte-y-los-servicios-publicos-este-viernes-en-el-amba\/","url":"https:\/\/gysfm.com.ar\/inicio\/feriado-1-de-mayo-2026-asi-funcionaran-el-transporte-y-los-servicios-publicos-este-viernes-en-el-amba\/","name":"Feriado 1 de mayo 2026: as\u00ed funcionar\u00e1n el transporte y los servicios p\u00fablicos este viernes en el AMBA - GYS NOTICIAS |","isPartOf":{"@id":"https:\/\/gysfm.com.ar\/inicio\/#website"},"primaryImageOfPage":{"@id":"https:\/\/gysfm.com.ar\/inicio\/feriado-1-de-mayo-2026-asi-funcionaran-el-transporte-y-los-servicios-publicos-este-viernes-en-el-amba\/#primaryimage"},"image":{"@id":"https:\/\/gysfm.com.ar\/inicio\/feriado-1-de-mayo-2026-asi-funcionaran-el-transporte-y-los-servicios-publicos-este-viernes-en-el-amba\/#primaryimage"},"thumbnailUrl":"https:\/\/gysfm.com.ar\/inicio\/wp-content\/uploads\/2026\/04\/feriado-1-de-mayo-2228696.jpg","datePublished":"2026-04-28T18:05:06+00:00","breadcrumb":{"@id":"https:\/\/gysfm.com.ar\/inicio\/feriado-1-de-mayo-2026-asi-funcionaran-el-transporte-y-los-servicios-publicos-este-viernes-en-el-amba\/#breadcrumb"},"inLanguage":"es","potentialAction":[{"@type":"ReadAction","target":["https:\/\/gysfm.com.ar\/inicio\/feriado-1-de-mayo-2026-asi-funcionaran-el-transporte-y-los-servicios-publicos-este-viernes-en-el-amba\/"]}]},{"@type":"ImageObject","inLanguage":"es","@id":"https:\/\/gysfm.com.ar\/inicio\/feriado-1-de-mayo-2026-asi-funcionaran-el-transporte-y-los-servicios-publicos-este-viernes-en-el-amba\/#primaryimage","url":"https:\/\/gysfm.com.ar\/inicio\/wp-content\/uploads\/2026\/04\/feriado-1-de-mayo-2228696.jpg","contentUrl":"https:\/\/gysfm.com.ar\/inicio\/wp-content\/uploads\/2026\/04\/feriado-1-de-mayo-2228696.jpg","width":1140,"height":641},{"@type":"BreadcrumbList","@id":"https:\/\/gysfm.com.ar\/inicio\/feriado-1-de-mayo-2026-asi-funcionaran-el-transporte-y-los-servicios-publicos-este-viernes-en-el-amba\/#breadcrumb","itemListElement":[{"@type":"ListItem","position":1,"name":"Portada","item":"https:\/\/gysfm.com.ar\/inicio\/"},{"@type":"ListItem","position":2,"name":"Feriado 1 de mayo 2026: as\u00ed funcionar\u00e1n el transporte y los servicios p\u00fablicos este viernes en el AMBA"}]},{"@type":"WebSite","@id":"https:\/\/gysfm.com.ar\/inicio\/#website","url":"https:\/\/gysfm.com.ar\/inicio\/","name":"GYS NOTICIAS |","description":"DIARIO - RADIO ONLINE SAN JUAN ARGENTINA","publisher":{"@id":"https:\/\/gysfm.com.ar\/inicio\/#organization"},"potentialAction":[{"@type":"SearchAction","target":{"@type":"EntryPoint","urlTemplate":"https:\/\/gysfm.com.ar\/inicio\/?s={search_term_string}"},"query-input":{"@type":"PropertyValueSpecification","valueRequired":true,"valueName":"search_term_string"}}],"inLanguage":"es"},{"@type":"Organization","@id":"https:\/\/gysfm.com.ar\/inicio\/#organization","name":"GYS NOTICIAS |","url":"https:\/\/gysfm.com.ar\/inicio\/","logo":{"@type":"ImageObject","inLanguage":"es","@id":"https:\/\/gysfm.com.ar\/inicio\/#\/schema\/logo\/image\/","url":"https:\/\/gysfm.com.ar\/inicio\/wp-content\/uploads\/2023\/07\/LOGOGYS-OK.png","contentUrl":"https:\/\/gysfm.com.ar\/inicio\/wp-content\/uploads\/2023\/07\/LOGOGYS-OK.png","width":1170,"height":872,"caption":"GYS NOTICIAS |"},"image":{"@id":"https:\/\/gysfm.com.ar\/inicio\/#\/schema\/logo\/image\/"}},{"@type":"Person","@id":"https:\/\/gysfm.com.ar\/inicio\/#\/schema\/person\/3abba7593ef2ad19e1be221d54383dc5","name":"Prensa G&amp;S FM","image":{"@type":"ImageObject","inLanguage":"es","@id":"https:\/\/gysfm.com.ar\/inicio\/#\/schema\/person\/image\/","url":"https:\/\/secure.gravatar.com\/avatar\/096ec78df02049ab018702bb4ccedf659377fa92a26540b5247612077a0dbd29?s=96&d=mm&r=g","contentUrl":"https:\/\/secure.gravatar.com\/avatar\/096ec78df02049ab018702bb4ccedf659377fa92a26540b5247612077a0dbd29?s=96&d=mm&r=g","caption":"Prensa G&amp;S FM"},"sameAs":["https:\/\/gysfm.com.ar\/"],"url":"https:\/\/gysfm.com.ar\/inicio\/author\/lucasm\/"}]}},"_links":{"self":[{"href":"https:\/\/gysfm.com.ar\/inicio\/wp-json\/wp\/v2\/posts\/193504","targetHints":{"allow":["GET"]}}],"collection":[{"href":"https:\/\/gysfm.com.ar\/inicio\/wp-json\/wp\/v2\/posts"}],"about":[{"href":"https:\/\/gysfm.com.ar\/inicio\/wp-json\/wp\/v2\/types\/post"}],"author":[{"embeddable":true,"href":"https:\/\/gysfm.com.ar\/inicio\/wp-json\/wp\/v2\/users\/2"}],"replies":[{"embeddable":true,"href":"https:\/\/gysfm.com.ar\/inicio\/wp-json\/wp\/v2\/comments?post=193504"}],"version-history":[{"count":0,"href":"https:\/\/gysfm.com.ar\/inicio\/wp-json\/wp\/v2\/posts\/193504\/revisions"}],"wp:featuredmedia":[{"embeddable":true,"href":"https:\/\/gysfm.com.ar\/inicio\/wp-json\/wp\/v2\/media\/193505"}],"wp:attachment":[{"href":"https:\/\/gysfm.com.ar\/inicio\/wp-json\/wp\/v2\/media?parent=193504"}],"wp:term":[{"taxonomy":"category","embeddable":true,"href":"https:\/\/gysfm.com.ar\/inicio\/wp-json\/wp\/v2\/categories?post=193504"},{"taxonomy":"post_tag","embeddable":true,"href":"https:\/\/gysfm.com.ar\/inicio\/wp-json\/wp\/v2\/tags?post=193504"}],"curies":[{"name":"wp","href":"https:\/\/api.w.org\/{rel}","templated":true}]}}