{"id":193499,"date":"2026-04-28T14:34:19","date_gmt":"2026-04-28T17:34:19","guid":{"rendered":"https:\/\/gysfm.com.ar\/inicio\/dudas-en-el-gobierno-por-la-estrategia-de-juan-bautista-mahiques-por-los-pliegos-de-jueces-con-pasado-kirchnerista\/"},"modified":"2026-04-28T14:34:19","modified_gmt":"2026-04-28T17:34:19","slug":"dudas-en-el-gobierno-por-la-estrategia-de-juan-bautista-mahiques-por-los-pliegos-de-jueces-con-pasado-kirchnerista","status":"publish","type":"post","link":"https:\/\/gysfm.com.ar\/inicio\/dudas-en-el-gobierno-por-la-estrategia-de-juan-bautista-mahiques-por-los-pliegos-de-jueces-con-pasado-kirchnerista\/","title":{"rendered":"Dudas en el Gobierno por la estrategia de Juan Bautista Mahiques por los pliegos de jueces con pasado kirchnerista"},"content":{"rendered":"<p><\/p>\n<div id=\"article-content\">\n<p>El ministro de Justicia, <a target=\"_blank\" href=\"https:\/\/noticias.perfil.com\/noticias\/politica\/quien-es-esteban-mahiques-el-nuevo-jefe-de-asesores-de-su-hermano-ministro.phtml\">Juan Bautista Mahiques<\/a> volvi\u00f3 de su viaje por Israel al que fue invitado por el presidente <strong>Javier Milei<\/strong> a mediados de la semana pasada. En el largo trayecto tambi\u00e9n estuvo<strong> Karina Milei,<\/strong> la mujer que empuj\u00f3 para que Mahiques llegase a la silla de ministro, desplazando a Santiago Caputo del control ministerial Tras el intenso viaje en el que tuvo oportunidad de hablar con el Presidente y con la Secretaria General acerca de la estrategia por los pliegos, Mahiques envi\u00f3 un nueva tanda de candidatos a jueces al Senado de la Naci\u00f3n. Con todo, la estrategia de Mahiques desconcierta a propios y extra\u00f1os. <\/p>\n<p>Se trata de <strong>25 nuevos pliegos<\/strong> entre los que figuran muchos nombres de candidatos que tuvieron vinculaci\u00f3n con la agrupaci\u00f3n \u00abjusticia Legitima\u00bb, referenciada con el kirchnerismo, o incluso nombre de candidatos que supieron tener cercan\u00eda a <strong>Alejandra Gils Carb\u00f3,<\/strong> la Procuradora General que nombr\u00f3 <strong>Cristina Kirchner <\/strong>y que fue expulsada en tiempos del macrismo. Sin embargo, cerca del ministro rechazan los se\u00f1alamientos. Sostienen que a muchos nombres se les achaca una cercan\u00eda \u00abinexistente\u00bb con el kirchnerismo y al mismo tiempo aducen que algunas postulaciones son para defensoras p\u00fablicas, lo que implica no tener ninguna incidencia en el proceso. <\/p>\n<p>Al mismo tiempo, en el Senado, el peronismo niega tener vasos comunicantes con el Ministro, y rechazan la idea de que haya \u00abgui\u00f1os\u00bb o un acercamiento por parte del ministro de Justicia de Karina. <\/p>\n<div class=\"subscription\">\n<p>\n        Esto no les gusta a los autoritarios\n    <\/p>\n<div class=\"subscription__container\">\n<div class=\"subscription__text-wrapper\">\n<p>\n                El ejercicio del periodismo profesional y cr\u00edtico es un pilar fundamental de la democracia. Por eso molesta a quienes creen ser los due\u00f1os de la verdad.\n            <\/p>\n<\/p><\/div><\/div>\n<\/div>\n<p class=\"destacadoNota\"><a target=\"_blank\" href=\"https:\/\/www.perfil.com\/noticias\/politica\/mahiques-designo-a-su-hermano-como-asesor-ad-honorem.phtml\">Mahiques envi\u00f3 una nueva tanda de m\u00e1s de 20 pliegos en los que hay muchos nombres vinculados a \u00abjusticia leg\u00edtima\u00bb; ruidos dentro y fuera del Gobierno<\/a><\/p>\n<p><a target=\"_blank\" href=\"https:\/\/www.perfil.com\/noticias\/politica\/el-oficialismo-quiere-aprobar-los-pliegos-que-envio-juan-bautista-mahiques-al-senado-antes-que-finalice-mayo.phtml\">Tal como cont\u00f3 PERFIL,<\/a> el pr\u00f3ximo 30 de abril comienzar\u00e0 una serie de audiencias en la Comisi\u00f3n de Acuerdos que culminar\u00e1 el 14 de mayo, lo que deber\u00eda (seg\u00fan los planes del oficialismo) dejar listos los pliegos para ser aprobados en el Senado. Se trata de las primera tanda de pliegos, los ingresados el viernes, reci\u00e9n tomar\u00e1n estado parlamentario a partir de la pr\u00f3xima sesi\u00f3n. Patricia Bullrich pretende aprobar antes de que termine mayo los m\u00e1s de 70 pliegos enviados en la primera tanda. <\/p>\n<h2><strong>Los nombres<\/strong>  <\/h2>\n<p>Las doctoras<strong> Ana Gal\u00e1n<\/strong> y<strong> Mar\u00eda Esther Pinos<\/strong>, quienes son propuestas como Defensora P\u00fablica oficial ante la C\u00e1mara Federal de Casaci\u00f3n Penal, y Defensora P\u00fablica Oficial Federal del Interior del Pa\u00eds con Asiento en la Cdad. de Formosa, respectivamente supieron tener vinculaciones con la agrupaci\u00f3n kirchnerista \u00abJusticia leg\u00edtima\u00bb. Cerca de Mahiques explican que los \u00abdefensores p\u00fablicos\u00bb son aquellos que representan a quienes no pueden costear un abogado, por lo que no tienen incidencia alguna.  <\/p>\n<p>Otro de los nombres a los que se le achaca cercan\u00eda con el mundillo K judicial es <strong>Juan Manuel Mejut<\/strong>o, propuesto para el Tribunal Oral en lo Criminal y Correccional 8 de la Capital, y Hern\u00e1n Figueroa, propuesto como Defensor p\u00fablico ante los Tribunales en el fuero Penal Econ\u00f3mico. Figueroa, firm\u00f3 recientemente una solicitada en contra de la baja de la edad de imputabilidad, proyecto que fue aprobado y que Milei y el Gobierno celebraron. Tambi\u00e9n desde el entorno de Mahiques dicen que \u00abMejuto no tiene nada que ver con los K\u00bb, y que se trata de versiones infundadas.       <\/p>\n<p>Otro de los nombres con pasado vinculado al kirchnerismo es <a target=\"_blank\" href=\"https:\/\/www.perfil.com\/noticias\/politica\/el-club-politico-respaldo-a-la-corte-suprema-y-pidio-mas-transparencia-en-los-nombramientos-judiciales.phtml\">\u00c1ngeles Ramos<\/a>, quien ahora es impulsada para Fiscal General en lo Penal Econ\u00f3mico. Lo mismo sucede con Santiago Vismara, otro hombre cercano a Gils Carb\u00f3 que ahora es postulante a Fiscal general ante los Tribunales en lo Criminal y Correccional de la Capital Federal.<\/p>\n<\/p><\/div>\n<p><script>\n                !function(f,b,e,v,n,t,s)\n                {if(f.fbq)return;n=f.fbq=function(){n.callMethod?\n                    n.callMethod.apply(n,arguments):n.queue.push(arguments)};\n                    if(!f._fbq)f._fbq=n;n.push=n;n.loaded=!0;n.version='2.0';\n                    n.queue=[];t=b.createElement(e);t.async=!0;\n                    t.src=v;s=b.getElementsByTagName(e)[0];\n                    s.parentNode.insertBefore(t,s)}(window, document,'script',\n                    'https:\/\/connect.facebook.net\/en_US\/fbevents.js');\n                window.paywallConfig.facebook_pixel=\"1000228364089342\"\n            <\/script><\/p>\n","protected":false},"excerpt":{"rendered":"<p>El ministro de Justicia, Juan Bautista Mahiques volvi\u00f3 de su viaje por Israel al que fue invitado por el presidente Javier Milei a mediados de la semana pasada. En el largo trayecto tambi\u00e9n estuvo Karina Milei, la mujer que empuj\u00f3 para que Mahiques llegase a la silla de ministro, desplazando a Santiago Caputo del control [&hellip;]<\/p>\n","protected":false},"author":2,"featured_media":193500,"comment_status":"closed","ping_status":"closed","sticky":false,"template":"","format":"standard","meta":{"footnotes":""},"categories":[25],"tags":[],"class_list":["post-193499","post","type-post","status-publish","format-standard","has-post-thumbnail","hentry","category-nacionales"],"yoast_head":"<!-- This site is optimized with the Yoast SEO plugin v24.4 - https:\/\/yoast.com\/wordpress\/plugins\/seo\/ -->\n<title>Dudas en el Gobierno por la estrategia de Juan Bautista Mahiques por los pliegos de jueces con pasado kirchnerista - GYS NOTICIAS |<\/title>\n<meta name=\"robots\" content=\"index, follow, max-snippet:-1, max-image-preview:large, max-video-preview:-1\" \/>\n<link rel=\"canonical\" href=\"https:\/\/gysfm.com.ar\/inicio\/dudas-en-el-gobierno-por-la-estrategia-de-juan-bautista-mahiques-por-los-pliegos-de-jueces-con-pasado-kirchnerista\/\" \/>\n<meta property=\"og:locale\" content=\"es_ES\" \/>\n<meta property=\"og:type\" content=\"article\" \/>\n<meta property=\"og:title\" content=\"Dudas en el Gobierno por la estrategia de Juan Bautista Mahiques por los pliegos de jueces con pasado kirchnerista - GYS NOTICIAS |\" \/>\n<meta property=\"og:description\" content=\"El ministro de Justicia, Juan Bautista Mahiques volvi\u00f3 de su viaje por Israel al que fue invitado por el presidente Javier Milei a mediados de la semana pasada. En el largo trayecto tambi\u00e9n estuvo Karina Milei, la mujer que empuj\u00f3 para que Mahiques llegase a la silla de ministro, desplazando a Santiago Caputo del control [&hellip;]\" \/>\n<meta property=\"og:url\" content=\"https:\/\/gysfm.com.ar\/inicio\/dudas-en-el-gobierno-por-la-estrategia-de-juan-bautista-mahiques-por-los-pliegos-de-jueces-con-pasado-kirchnerista\/\" \/>\n<meta property=\"og:site_name\" content=\"GYS NOTICIAS |\" \/>\n<meta property=\"article:published_time\" content=\"2026-04-28T17:34:19+00:00\" \/>\n<meta name=\"author\" content=\"Prensa G&amp;S FM\" \/>\n<meta name=\"twitter:card\" content=\"summary_large_image\" \/>\n<meta name=\"twitter:label1\" content=\"Escrito por\" \/>\n\t<meta name=\"twitter:data1\" content=\"Prensa G&amp;S FM\" \/>\n\t<meta name=\"twitter:label2\" content=\"Tiempo de lectura\" \/>\n\t<meta name=\"twitter:data2\" content=\"3 minutos\" \/>\n<script type=\"application\/ld+json\" class=\"yoast-schema-graph\">{\"@context\":\"https:\/\/schema.org\",\"@graph\":[{\"@type\":\"Article\",\"@id\":\"https:\/\/gysfm.com.ar\/inicio\/dudas-en-el-gobierno-por-la-estrategia-de-juan-bautista-mahiques-por-los-pliegos-de-jueces-con-pasado-kirchnerista\/#article\",\"isPartOf\":{\"@id\":\"https:\/\/gysfm.com.ar\/inicio\/dudas-en-el-gobierno-por-la-estrategia-de-juan-bautista-mahiques-por-los-pliegos-de-jueces-con-pasado-kirchnerista\/\"},\"author\":{\"name\":\"Prensa G&amp;S FM\",\"@id\":\"https:\/\/gysfm.com.ar\/inicio\/#\/schema\/person\/3abba7593ef2ad19e1be221d54383dc5\"},\"headline\":\"Dudas en el Gobierno por la estrategia de Juan Bautista Mahiques por los pliegos de jueces con pasado kirchnerista\",\"datePublished\":\"2026-04-28T17:34:19+00:00\",\"mainEntityOfPage\":{\"@id\":\"https:\/\/gysfm.com.ar\/inicio\/dudas-en-el-gobierno-por-la-estrategia-de-juan-bautista-mahiques-por-los-pliegos-de-jueces-con-pasado-kirchnerista\/\"},\"wordCount\":663,\"publisher\":{\"@id\":\"https:\/\/gysfm.com.ar\/inicio\/#organization\"},\"image\":{\"@id\":\"https:\/\/gysfm.com.ar\/inicio\/dudas-en-el-gobierno-por-la-estrategia-de-juan-bautista-mahiques-por-los-pliegos-de-jueces-con-pasado-kirchnerista\/#primaryimage\"},\"thumbnailUrl\":\"https:\/\/gysfm.com.ar\/inicio\/wp-content\/uploads\/2026\/04\/220326mileimahiquespresidenciag-2207702.jpg\",\"articleSection\":[\"NACIONALES\"],\"inLanguage\":\"es\"},{\"@type\":\"WebPage\",\"@id\":\"https:\/\/gysfm.com.ar\/inicio\/dudas-en-el-gobierno-por-la-estrategia-de-juan-bautista-mahiques-por-los-pliegos-de-jueces-con-pasado-kirchnerista\/\",\"url\":\"https:\/\/gysfm.com.ar\/inicio\/dudas-en-el-gobierno-por-la-estrategia-de-juan-bautista-mahiques-por-los-pliegos-de-jueces-con-pasado-kirchnerista\/\",\"name\":\"Dudas en el Gobierno por la estrategia de Juan Bautista Mahiques por los pliegos de jueces con pasado kirchnerista - GYS NOTICIAS |\",\"isPartOf\":{\"@id\":\"https:\/\/gysfm.com.ar\/inicio\/#website\"},\"primaryImageOfPage\":{\"@id\":\"https:\/\/gysfm.com.ar\/inicio\/dudas-en-el-gobierno-por-la-estrategia-de-juan-bautista-mahiques-por-los-pliegos-de-jueces-con-pasado-kirchnerista\/#primaryimage\"},\"image\":{\"@id\":\"https:\/\/gysfm.com.ar\/inicio\/dudas-en-el-gobierno-por-la-estrategia-de-juan-bautista-mahiques-por-los-pliegos-de-jueces-con-pasado-kirchnerista\/#primaryimage\"},\"thumbnailUrl\":\"https:\/\/gysfm.com.ar\/inicio\/wp-content\/uploads\/2026\/04\/220326mileimahiquespresidenciag-2207702.jpg\",\"datePublished\":\"2026-04-28T17:34:19+00:00\",\"breadcrumb\":{\"@id\":\"https:\/\/gysfm.com.ar\/inicio\/dudas-en-el-gobierno-por-la-estrategia-de-juan-bautista-mahiques-por-los-pliegos-de-jueces-con-pasado-kirchnerista\/#breadcrumb\"},\"inLanguage\":\"es\",\"potentialAction\":[{\"@type\":\"ReadAction\",\"target\":[\"https:\/\/gysfm.com.ar\/inicio\/dudas-en-el-gobierno-por-la-estrategia-de-juan-bautista-mahiques-por-los-pliegos-de-jueces-con-pasado-kirchnerista\/\"]}]},{\"@type\":\"ImageObject\",\"inLanguage\":\"es\",\"@id\":\"https:\/\/gysfm.com.ar\/inicio\/dudas-en-el-gobierno-por-la-estrategia-de-juan-bautista-mahiques-por-los-pliegos-de-jueces-con-pasado-kirchnerista\/#primaryimage\",\"url\":\"https:\/\/gysfm.com.ar\/inicio\/wp-content\/uploads\/2026\/04\/220326mileimahiquespresidenciag-2207702.jpg\",\"contentUrl\":\"https:\/\/gysfm.com.ar\/inicio\/wp-content\/uploads\/2026\/04\/220326mileimahiquespresidenciag-2207702.jpg\",\"width\":1140,\"height\":641},{\"@type\":\"BreadcrumbList\",\"@id\":\"https:\/\/gysfm.com.ar\/inicio\/dudas-en-el-gobierno-por-la-estrategia-de-juan-bautista-mahiques-por-los-pliegos-de-jueces-con-pasado-kirchnerista\/#breadcrumb\",\"itemListElement\":[{\"@type\":\"ListItem\",\"position\":1,\"name\":\"Portada\",\"item\":\"https:\/\/gysfm.com.ar\/inicio\/\"},{\"@type\":\"ListItem\",\"position\":2,\"name\":\"Dudas en el Gobierno por la estrategia de Juan Bautista Mahiques por los pliegos de jueces con pasado kirchnerista\"}]},{\"@type\":\"WebSite\",\"@id\":\"https:\/\/gysfm.com.ar\/inicio\/#website\",\"url\":\"https:\/\/gysfm.com.ar\/inicio\/\",\"name\":\"GYS NOTICIAS |\",\"description\":\"DIARIO - RADIO ONLINE SAN JUAN ARGENTINA\",\"publisher\":{\"@id\":\"https:\/\/gysfm.com.ar\/inicio\/#organization\"},\"potentialAction\":[{\"@type\":\"SearchAction\",\"target\":{\"@type\":\"EntryPoint\",\"urlTemplate\":\"https:\/\/gysfm.com.ar\/inicio\/?s={search_term_string}\"},\"query-input\":{\"@type\":\"PropertyValueSpecification\",\"valueRequired\":true,\"valueName\":\"search_term_string\"}}],\"inLanguage\":\"es\"},{\"@type\":\"Organization\",\"@id\":\"https:\/\/gysfm.com.ar\/inicio\/#organization\",\"name\":\"GYS NOTICIAS |\",\"url\":\"https:\/\/gysfm.com.ar\/inicio\/\",\"logo\":{\"@type\":\"ImageObject\",\"inLanguage\":\"es\",\"@id\":\"https:\/\/gysfm.com.ar\/inicio\/#\/schema\/logo\/image\/\",\"url\":\"https:\/\/gysfm.com.ar\/inicio\/wp-content\/uploads\/2023\/07\/LOGOGYS-OK.png\",\"contentUrl\":\"https:\/\/gysfm.com.ar\/inicio\/wp-content\/uploads\/2023\/07\/LOGOGYS-OK.png\",\"width\":1170,\"height\":872,\"caption\":\"GYS NOTICIAS |\"},\"image\":{\"@id\":\"https:\/\/gysfm.com.ar\/inicio\/#\/schema\/logo\/image\/\"}},{\"@type\":\"Person\",\"@id\":\"https:\/\/gysfm.com.ar\/inicio\/#\/schema\/person\/3abba7593ef2ad19e1be221d54383dc5\",\"name\":\"Prensa G&amp;S FM\",\"image\":{\"@type\":\"ImageObject\",\"inLanguage\":\"es\",\"@id\":\"https:\/\/gysfm.com.ar\/inicio\/#\/schema\/person\/image\/\",\"url\":\"https:\/\/secure.gravatar.com\/avatar\/096ec78df02049ab018702bb4ccedf659377fa92a26540b5247612077a0dbd29?s=96&d=mm&r=g\",\"contentUrl\":\"https:\/\/secure.gravatar.com\/avatar\/096ec78df02049ab018702bb4ccedf659377fa92a26540b5247612077a0dbd29?s=96&d=mm&r=g\",\"caption\":\"Prensa G&amp;S FM\"},\"sameAs\":[\"https:\/\/gysfm.com.ar\/\"],\"url\":\"https:\/\/gysfm.com.ar\/inicio\/author\/lucasm\/\"}]}<\/script>\n<!-- \/ Yoast SEO plugin. -->","yoast_head_json":{"title":"Dudas en el Gobierno por la estrategia de Juan Bautista Mahiques por los pliegos de jueces con pasado kirchnerista - GYS NOTICIAS |","robots":{"index":"index","follow":"follow","max-snippet":"max-snippet:-1","max-image-preview":"max-image-preview:large","max-video-preview":"max-video-preview:-1"},"canonical":"https:\/\/gysfm.com.ar\/inicio\/dudas-en-el-gobierno-por-la-estrategia-de-juan-bautista-mahiques-por-los-pliegos-de-jueces-con-pasado-kirchnerista\/","og_locale":"es_ES","og_type":"article","og_title":"Dudas en el Gobierno por la estrategia de Juan Bautista Mahiques por los pliegos de jueces con pasado kirchnerista - GYS NOTICIAS |","og_description":"El ministro de Justicia, Juan Bautista Mahiques volvi\u00f3 de su viaje por Israel al que fue invitado por el presidente Javier Milei a mediados de la semana pasada. En el largo trayecto tambi\u00e9n estuvo Karina Milei, la mujer que empuj\u00f3 para que Mahiques llegase a la silla de ministro, desplazando a Santiago Caputo del control [&hellip;]","og_url":"https:\/\/gysfm.com.ar\/inicio\/dudas-en-el-gobierno-por-la-estrategia-de-juan-bautista-mahiques-por-los-pliegos-de-jueces-con-pasado-kirchnerista\/","og_site_name":"GYS NOTICIAS |","article_published_time":"2026-04-28T17:34:19+00:00","author":"Prensa G&amp;S FM","twitter_card":"summary_large_image","twitter_misc":{"Escrito por":"Prensa G&amp;S FM","Tiempo de lectura":"3 minutos"},"schema":{"@context":"https:\/\/schema.org","@graph":[{"@type":"Article","@id":"https:\/\/gysfm.com.ar\/inicio\/dudas-en-el-gobierno-por-la-estrategia-de-juan-bautista-mahiques-por-los-pliegos-de-jueces-con-pasado-kirchnerista\/#article","isPartOf":{"@id":"https:\/\/gysfm.com.ar\/inicio\/dudas-en-el-gobierno-por-la-estrategia-de-juan-bautista-mahiques-por-los-pliegos-de-jueces-con-pasado-kirchnerista\/"},"author":{"name":"Prensa G&amp;S FM","@id":"https:\/\/gysfm.com.ar\/inicio\/#\/schema\/person\/3abba7593ef2ad19e1be221d54383dc5"},"headline":"Dudas en el Gobierno por la estrategia de Juan Bautista Mahiques por los pliegos de jueces con pasado kirchnerista","datePublished":"2026-04-28T17:34:19+00:00","mainEntityOfPage":{"@id":"https:\/\/gysfm.com.ar\/inicio\/dudas-en-el-gobierno-por-la-estrategia-de-juan-bautista-mahiques-por-los-pliegos-de-jueces-con-pasado-kirchnerista\/"},"wordCount":663,"publisher":{"@id":"https:\/\/gysfm.com.ar\/inicio\/#organization"},"image":{"@id":"https:\/\/gysfm.com.ar\/inicio\/dudas-en-el-gobierno-por-la-estrategia-de-juan-bautista-mahiques-por-los-pliegos-de-jueces-con-pasado-kirchnerista\/#primaryimage"},"thumbnailUrl":"https:\/\/gysfm.com.ar\/inicio\/wp-content\/uploads\/2026\/04\/220326mileimahiquespresidenciag-2207702.jpg","articleSection":["NACIONALES"],"inLanguage":"es"},{"@type":"WebPage","@id":"https:\/\/gysfm.com.ar\/inicio\/dudas-en-el-gobierno-por-la-estrategia-de-juan-bautista-mahiques-por-los-pliegos-de-jueces-con-pasado-kirchnerista\/","url":"https:\/\/gysfm.com.ar\/inicio\/dudas-en-el-gobierno-por-la-estrategia-de-juan-bautista-mahiques-por-los-pliegos-de-jueces-con-pasado-kirchnerista\/","name":"Dudas en el Gobierno por la estrategia de Juan Bautista Mahiques por los pliegos de jueces con pasado kirchnerista - GYS NOTICIAS |","isPartOf":{"@id":"https:\/\/gysfm.com.ar\/inicio\/#website"},"primaryImageOfPage":{"@id":"https:\/\/gysfm.com.ar\/inicio\/dudas-en-el-gobierno-por-la-estrategia-de-juan-bautista-mahiques-por-los-pliegos-de-jueces-con-pasado-kirchnerista\/#primaryimage"},"image":{"@id":"https:\/\/gysfm.com.ar\/inicio\/dudas-en-el-gobierno-por-la-estrategia-de-juan-bautista-mahiques-por-los-pliegos-de-jueces-con-pasado-kirchnerista\/#primaryimage"},"thumbnailUrl":"https:\/\/gysfm.com.ar\/inicio\/wp-content\/uploads\/2026\/04\/220326mileimahiquespresidenciag-2207702.jpg","datePublished":"2026-04-28T17:34:19+00:00","breadcrumb":{"@id":"https:\/\/gysfm.com.ar\/inicio\/dudas-en-el-gobierno-por-la-estrategia-de-juan-bautista-mahiques-por-los-pliegos-de-jueces-con-pasado-kirchnerista\/#breadcrumb"},"inLanguage":"es","potentialAction":[{"@type":"ReadAction","target":["https:\/\/gysfm.com.ar\/inicio\/dudas-en-el-gobierno-por-la-estrategia-de-juan-bautista-mahiques-por-los-pliegos-de-jueces-con-pasado-kirchnerista\/"]}]},{"@type":"ImageObject","inLanguage":"es","@id":"https:\/\/gysfm.com.ar\/inicio\/dudas-en-el-gobierno-por-la-estrategia-de-juan-bautista-mahiques-por-los-pliegos-de-jueces-con-pasado-kirchnerista\/#primaryimage","url":"https:\/\/gysfm.com.ar\/inicio\/wp-content\/uploads\/2026\/04\/220326mileimahiquespresidenciag-2207702.jpg","contentUrl":"https:\/\/gysfm.com.ar\/inicio\/wp-content\/uploads\/2026\/04\/220326mileimahiquespresidenciag-2207702.jpg","width":1140,"height":641},{"@type":"BreadcrumbList","@id":"https:\/\/gysfm.com.ar\/inicio\/dudas-en-el-gobierno-por-la-estrategia-de-juan-bautista-mahiques-por-los-pliegos-de-jueces-con-pasado-kirchnerista\/#breadcrumb","itemListElement":[{"@type":"ListItem","position":1,"name":"Portada","item":"https:\/\/gysfm.com.ar\/inicio\/"},{"@type":"ListItem","position":2,"name":"Dudas en el Gobierno por la estrategia de Juan Bautista Mahiques por los pliegos de jueces con pasado kirchnerista"}]},{"@type":"WebSite","@id":"https:\/\/gysfm.com.ar\/inicio\/#website","url":"https:\/\/gysfm.com.ar\/inicio\/","name":"GYS NOTICIAS |","description":"DIARIO - RADIO ONLINE SAN JUAN ARGENTINA","publisher":{"@id":"https:\/\/gysfm.com.ar\/inicio\/#organization"},"potentialAction":[{"@type":"SearchAction","target":{"@type":"EntryPoint","urlTemplate":"https:\/\/gysfm.com.ar\/inicio\/?s={search_term_string}"},"query-input":{"@type":"PropertyValueSpecification","valueRequired":true,"valueName":"search_term_string"}}],"inLanguage":"es"},{"@type":"Organization","@id":"https:\/\/gysfm.com.ar\/inicio\/#organization","name":"GYS NOTICIAS |","url":"https:\/\/gysfm.com.ar\/inicio\/","logo":{"@type":"ImageObject","inLanguage":"es","@id":"https:\/\/gysfm.com.ar\/inicio\/#\/schema\/logo\/image\/","url":"https:\/\/gysfm.com.ar\/inicio\/wp-content\/uploads\/2023\/07\/LOGOGYS-OK.png","contentUrl":"https:\/\/gysfm.com.ar\/inicio\/wp-content\/uploads\/2023\/07\/LOGOGYS-OK.png","width":1170,"height":872,"caption":"GYS NOTICIAS |"},"image":{"@id":"https:\/\/gysfm.com.ar\/inicio\/#\/schema\/logo\/image\/"}},{"@type":"Person","@id":"https:\/\/gysfm.com.ar\/inicio\/#\/schema\/person\/3abba7593ef2ad19e1be221d54383dc5","name":"Prensa G&amp;S FM","image":{"@type":"ImageObject","inLanguage":"es","@id":"https:\/\/gysfm.com.ar\/inicio\/#\/schema\/person\/image\/","url":"https:\/\/secure.gravatar.com\/avatar\/096ec78df02049ab018702bb4ccedf659377fa92a26540b5247612077a0dbd29?s=96&d=mm&r=g","contentUrl":"https:\/\/secure.gravatar.com\/avatar\/096ec78df02049ab018702bb4ccedf659377fa92a26540b5247612077a0dbd29?s=96&d=mm&r=g","caption":"Prensa G&amp;S FM"},"sameAs":["https:\/\/gysfm.com.ar\/"],"url":"https:\/\/gysfm.com.ar\/inicio\/author\/lucasm\/"}]}},"_links":{"self":[{"href":"https:\/\/gysfm.com.ar\/inicio\/wp-json\/wp\/v2\/posts\/193499","targetHints":{"allow":["GET"]}}],"collection":[{"href":"https:\/\/gysfm.com.ar\/inicio\/wp-json\/wp\/v2\/posts"}],"about":[{"href":"https:\/\/gysfm.com.ar\/inicio\/wp-json\/wp\/v2\/types\/post"}],"author":[{"embeddable":true,"href":"https:\/\/gysfm.com.ar\/inicio\/wp-json\/wp\/v2\/users\/2"}],"replies":[{"embeddable":true,"href":"https:\/\/gysfm.com.ar\/inicio\/wp-json\/wp\/v2\/comments?post=193499"}],"version-history":[{"count":0,"href":"https:\/\/gysfm.com.ar\/inicio\/wp-json\/wp\/v2\/posts\/193499\/revisions"}],"wp:featuredmedia":[{"embeddable":true,"href":"https:\/\/gysfm.com.ar\/inicio\/wp-json\/wp\/v2\/media\/193500"}],"wp:attachment":[{"href":"https:\/\/gysfm.com.ar\/inicio\/wp-json\/wp\/v2\/media?parent=193499"}],"wp:term":[{"taxonomy":"category","embeddable":true,"href":"https:\/\/gysfm.com.ar\/inicio\/wp-json\/wp\/v2\/categories?post=193499"},{"taxonomy":"post_tag","embeddable":true,"href":"https:\/\/gysfm.com.ar\/inicio\/wp-json\/wp\/v2\/tags?post=193499"}],"curies":[{"name":"wp","href":"https:\/\/api.w.org\/{rel}","templated":true}]}}