{"id":193495,"date":"2026-04-28T14:03:09","date_gmt":"2026-04-28T17:03:09","guid":{"rendered":"https:\/\/gysfm.com.ar\/inicio\/la-historica-mansion-de-franco-macri-en-barrio-parque-vuelve-al-mercado-por-us-6-millones\/"},"modified":"2026-04-28T14:03:09","modified_gmt":"2026-04-28T17:03:09","slug":"la-historica-mansion-de-franco-macri-en-barrio-parque-vuelve-al-mercado-por-us-6-millones","status":"publish","type":"post","link":"https:\/\/gysfm.com.ar\/inicio\/la-historica-mansion-de-franco-macri-en-barrio-parque-vuelve-al-mercado-por-us-6-millones\/","title":{"rendered":"La hist\u00f3rica mansi\u00f3n de Franco Macri en Barrio Parque vuelve al mercado por US$ 6 millones"},"content":{"rendered":"<p><\/p>\n<div id=\"article-content\">\n<p>La mansi\u00f3n que perteneci\u00f3 al empresario <strong>Franco Macri <\/strong>volvi\u00f3 a salir al <a target=\"_blank\" href=\"https:\/\/www.perfil.com\/noticias\/politica\/el-departamento-de-manuel-adorni-en-parque-chacabuco-caracteristicas-venta-y-vida-cotidiana-en-asamblea-1132-modof.phtml\">mercado inmobiliario<\/a> en la Ciudad de Buenos Aires. Ubicada en Barrio Parque, en la calle Eduardo Costa al 3000, la propiedad \u2014conocida como Casa Salvadori\u2014 se ofrece actualmente por <strong>US$ 6 millones<\/strong>, luego de varios a\u00f1os sin concretar una venta y sucesivas rebajas en su precio. <\/p>\n<p>Apenas la semana pasada el empresario tech estadounidense <strong>Peter Thiel<\/strong>, quien estuvo en visita de negocios en nuestro pa\u00eds y se reuni\u00f3 con el presidente Javier Milei en la Casa Rosada, adquiri\u00f3 una propiedad de 1.600 metros cuadrados en el mismo barrio. Esa mansi\u00f3n, ubicada sobre la calle Dardo Rocha, le cost\u00f3 <strong>US$ 12 millones.<\/strong><\/p>\n<h2>C\u00f3mo es la hist\u00f3rica Casa Salvadori, que pertenec\u00eda a Franco Macri <\/h2>\n<p>Se trata de <strong><a target=\"_blank\" href=\"https:\/\/caras.perfil.com\/noticias\/celebridades\/casa-familia-mauricio-macri-nadie-logra-vender-construida-1940-18-ambientes-dos-ascensores.phtml\">una residencia emblem\u00e1tica<\/a> con m\u00e1s de ocho d\u00e9cadas de historia<\/strong>, construida en los 40 y dise\u00f1ada por el arquitecto Antonio Ubaldo Vilar, uno de los principales exponentes del racionalismo en la Argentina. Su impronta se refleja en una arquitectura de l\u00edneas rectas, blancas y sobrias, con una organizaci\u00f3n funcional de los espacios que la distingue dentro de un entorno urbano m\u00e1s cl\u00e1sico.<\/p>\n<div class=\"subscription\">\n<p>\n        Esto no les gusta a los autoritarios\n    <\/p>\n<div class=\"subscription__container\">\n<div class=\"subscription__text-wrapper\">\n<p>\n                El ejercicio del periodismo profesional y cr\u00edtico es un pilar fundamental de la democracia. Por eso molesta a quienes creen ser los due\u00f1os de la verdad.\n            <\/p>\n<\/p><\/div><\/div>\n<\/div>\n<p style=\"text-align:center\"><picture><source media=\"(max-width: 440px)\" srcset=\"https:\/\/fotos.perfil.com\/\/2026\/04\/27\/440\/0\/la-mansion-de-franco-macri-en-barrio-parque-20260427-2228785.jpg?webp\"\/><source media=\"(max-width: 1019px)\" srcset=\"https:\/\/fotos.perfil.com\/\/2026\/04\/27\/712\/0\/la-mansion-de-franco-macri-en-barrio-parque-20260427-2228785.jpg?webp\"\/><img decoding=\"async\" style=\"max-width: 100%; width: 100%;\" alt=\"La mansi\u00f3n de Franco Macri en Barrio Parque 20260427\" src=\"https:\/\/fotos.perfil.com\/\/2026\/04\/27\/900\/0\/la-mansion-de-franco-macri-en-barrio-parque-20260427-2228785.jpg?webp\" loading=\"lazy\"\/><\/picture><\/p>\n<p style=\"text-align:center\"><picture><source media=\"(max-width: 440px)\" srcset=\"https:\/\/fotos.perfil.com\/\/2026\/04\/27\/440\/0\/la-mansion-de-franco-macri-en-barrio-parque-20260427-2228780.jpg?webp\"\/><source media=\"(max-width: 1019px)\" srcset=\"https:\/\/fotos.perfil.com\/\/2026\/04\/27\/712\/0\/la-mansion-de-franco-macri-en-barrio-parque-20260427-2228780.jpg?webp\"\/><img decoding=\"async\" style=\"max-width: 100%; width: 100%;\" alt=\"La mansi\u00f3n de Franco Macri en Barrio Parque 20260427\" src=\"https:\/\/fotos.perfil.com\/\/2026\/04\/27\/900\/0\/la-mansion-de-franco-macri-en-barrio-parque-20260427-2228780.jpg?webp\" loading=\"lazy\"\/><\/picture><\/p>\n<p>La propiedad cuenta con <strong>1.280 metros cuadrados<\/strong> cubiertos distribuidos en cuatro plantas. Dispone de <strong>siete dormitorios<\/strong> \u2014incluida una suite principal con vestidores\u2014 y <strong>doce ba\u00f1os<\/strong>, lo que la ubica dentro del segmento m\u00e1s exclusivo del mercado inmobiliario porte\u00f1o. Desde la vereda, su frente de 45 metros marca una presencia singular en una de las calles m\u00e1s codiciadas de Palermo Chico.<\/p>\n<p>La Casa Salvadori posee, adem\u00e1s, catalogaci\u00f3n APH de Protecci\u00f3n General, una condici\u00f3n patrimonial que limita las modificaciones estructurales y preserva su valor hist\u00f3rico y arquitect\u00f3nico. Este factor, junto con su escala y caracter\u00edsticas, la posiciona como una propiedad \u00fanica, orientada a un grupo reducido de compradores de alto poder adquisitivo.<\/p>\n<p class=\"destacadoNota\"><a target=\"_blank\" href=\"https:\/\/www.perfil.com\/noticias\/salud\/salud-publica-en-alerta-crecen-los-brotes-y-cae-la-cobertura-de-vacunacion-infantil-en-argentina.phtml\">Salud p\u00fablica en alerta: crecen los brotes y cae la cobertura de vacunaci\u00f3n infantil en Argentina<\/a><\/p>\n<p>El inmueble fue puesto a la venta por primera vez en <strong>2019<\/strong>, el mismo a\u00f1o en que falleci\u00f3 Macri a los 88 a\u00f1os. En ese momento, su precio rondaba los <strong>US$ 9 millones. <\/strong>Ante la falta de operaciones concretas, en 2022 se ajust\u00f3 a <strong>US$ 8 millones<\/strong>, luego descendi\u00f3 a <strong>US$ 5,5 millones<\/strong> y actualmente se ubica en <strong>US$ 6 millones<\/strong>, en un intento por reposicionarla dentro del mercado premium.<\/p>\n<p>La ubicaci\u00f3n tambi\u00e9n es un factor clave. <strong>Barrio Parque <\/strong>es una de las <strong>zonas m\u00e1s exclusivas<\/strong> de la ciudad, caracterizada por su baja densidad, calles arboladas y cercan\u00eda a embajadas y espacios culturales. En su entorno inmediato se encuentran sedes diplom\u00e1ticas como las de Ir\u00e1n, Hait\u00ed, Arabia Saudita, Indonesia y Polonia, adem\u00e1s del Museo de Arte Latinoamericano de Buenos Aires, la avenida Figueroa Alcorta y el Paseo Alcorta.<\/p>\n<p>La semana pasada el empresario tech estadounidense Peter Thiel, quien estuvo en visita de negocios en nuestro pa\u00eds y se reuni\u00f3 incluso con el presidente Javier Milei en la Casa Rosada, adquiri\u00f3 una propiedad de 1.600 metros cuadrados en el mismo barrio. Esa mansi\u00f3n ubicada sobre la calle Dardo Rocha la pag\u00f3 12 millones de d\u00f3lares.<\/p>\n<p>A lo largo de los a\u00f1os, el barrio fue residencia de figuras reconocidas como <strong>Susana Gim\u00e9nez<\/strong>, Marcela Tinayre, Flavia Palmiero, Fernando Burlando y Mariana Fabbiani. Tambi\u00e9n vivi\u00f3 en la zona el expresidente <strong>Mauricio Macri<\/strong>, hijo del empresario. Adem\u00e1s de su uso residencial, la casa fue escenario de actividades culturales. En 2022 alberg\u00f3 la muestra \u201cMeet The Artist\u201d.<\/p>\n<\/p><\/div>\n<p><script>\n                !function(f,b,e,v,n,t,s)\n                {if(f.fbq)return;n=f.fbq=function(){n.callMethod?\n                    n.callMethod.apply(n,arguments):n.queue.push(arguments)};\n                    if(!f._fbq)f._fbq=n;n.push=n;n.loaded=!0;n.version='2.0';\n                    n.queue=[];t=b.createElement(e);t.async=!0;\n                    t.src=v;s=b.getElementsByTagName(e)[0];\n                    s.parentNode.insertBefore(t,s)}(window, document,'script',\n                    'https:\/\/connect.facebook.net\/en_US\/fbevents.js');\n                window.paywallConfig.facebook_pixel=\"1000228364089342\"\n            <\/script><\/p>\n","protected":false},"excerpt":{"rendered":"<p>La mansi\u00f3n que perteneci\u00f3 al empresario Franco Macri volvi\u00f3 a salir al mercado inmobiliario en la Ciudad de Buenos Aires. Ubicada en Barrio Parque, en la calle Eduardo Costa al 3000, la propiedad \u2014conocida como Casa Salvadori\u2014 se ofrece actualmente por US$ 6 millones, luego de varios a\u00f1os sin concretar una venta y sucesivas rebajas [&hellip;]<\/p>\n","protected":false},"author":2,"featured_media":193496,"comment_status":"closed","ping_status":"closed","sticky":false,"template":"","format":"standard","meta":{"footnotes":""},"categories":[25],"tags":[],"class_list":["post-193495","post","type-post","status-publish","format-standard","has-post-thumbnail","hentry","category-nacionales"],"yoast_head":"<!-- This site is optimized with the Yoast SEO plugin v24.4 - https:\/\/yoast.com\/wordpress\/plugins\/seo\/ -->\n<title>La hist\u00f3rica mansi\u00f3n de Franco Macri en Barrio Parque vuelve al mercado por US$ 6 millones - GYS NOTICIAS |<\/title>\n<meta name=\"robots\" content=\"index, follow, max-snippet:-1, max-image-preview:large, max-video-preview:-1\" \/>\n<link rel=\"canonical\" href=\"https:\/\/gysfm.com.ar\/inicio\/la-historica-mansion-de-franco-macri-en-barrio-parque-vuelve-al-mercado-por-us-6-millones\/\" \/>\n<meta property=\"og:locale\" content=\"es_ES\" \/>\n<meta property=\"og:type\" content=\"article\" \/>\n<meta property=\"og:title\" content=\"La hist\u00f3rica mansi\u00f3n de Franco Macri en Barrio Parque vuelve al mercado por US$ 6 millones - GYS NOTICIAS |\" \/>\n<meta property=\"og:description\" content=\"La mansi\u00f3n que perteneci\u00f3 al empresario Franco Macri volvi\u00f3 a salir al mercado inmobiliario en la Ciudad de Buenos Aires. Ubicada en Barrio Parque, en la calle Eduardo Costa al 3000, la propiedad \u2014conocida como Casa Salvadori\u2014 se ofrece actualmente por US$ 6 millones, luego de varios a\u00f1os sin concretar una venta y sucesivas rebajas [&hellip;]\" \/>\n<meta property=\"og:url\" content=\"https:\/\/gysfm.com.ar\/inicio\/la-historica-mansion-de-franco-macri-en-barrio-parque-vuelve-al-mercado-por-us-6-millones\/\" \/>\n<meta property=\"og:site_name\" content=\"GYS NOTICIAS |\" \/>\n<meta property=\"article:published_time\" content=\"2026-04-28T17:03:09+00:00\" \/>\n<meta property=\"og:image\" content=\"https:\/\/fotos.perfil.com\/\/2026\/04\/27\/900\/0\/la-mansion-de-franco-macri-en-barrio-parque-20260427-2228785.jpg?webp\" \/>\n<meta name=\"author\" content=\"Prensa G&amp;S FM\" \/>\n<meta name=\"twitter:card\" content=\"summary_large_image\" \/>\n<meta name=\"twitter:label1\" content=\"Escrito por\" \/>\n\t<meta name=\"twitter:data1\" content=\"Prensa G&amp;S FM\" \/>\n\t<meta name=\"twitter:label2\" content=\"Tiempo de lectura\" \/>\n\t<meta name=\"twitter:data2\" content=\"3 minutos\" \/>\n<script type=\"application\/ld+json\" class=\"yoast-schema-graph\">{\"@context\":\"https:\/\/schema.org\",\"@graph\":[{\"@type\":\"Article\",\"@id\":\"https:\/\/gysfm.com.ar\/inicio\/la-historica-mansion-de-franco-macri-en-barrio-parque-vuelve-al-mercado-por-us-6-millones\/#article\",\"isPartOf\":{\"@id\":\"https:\/\/gysfm.com.ar\/inicio\/la-historica-mansion-de-franco-macri-en-barrio-parque-vuelve-al-mercado-por-us-6-millones\/\"},\"author\":{\"name\":\"Prensa G&amp;S FM\",\"@id\":\"https:\/\/gysfm.com.ar\/inicio\/#\/schema\/person\/3abba7593ef2ad19e1be221d54383dc5\"},\"headline\":\"La hist\u00f3rica mansi\u00f3n de Franco Macri en Barrio Parque vuelve al mercado por US$ 6 millones\",\"datePublished\":\"2026-04-28T17:03:09+00:00\",\"mainEntityOfPage\":{\"@id\":\"https:\/\/gysfm.com.ar\/inicio\/la-historica-mansion-de-franco-macri-en-barrio-parque-vuelve-al-mercado-por-us-6-millones\/\"},\"wordCount\":645,\"publisher\":{\"@id\":\"https:\/\/gysfm.com.ar\/inicio\/#organization\"},\"image\":{\"@id\":\"https:\/\/gysfm.com.ar\/inicio\/la-historica-mansion-de-franco-macri-en-barrio-parque-vuelve-al-mercado-por-us-6-millones\/#primaryimage\"},\"thumbnailUrl\":\"https:\/\/gysfm.com.ar\/inicio\/wp-content\/uploads\/2026\/04\/la-mansion-de-franco-macri-en-barrio-parque-20260427-2228778.jpg\",\"articleSection\":[\"NACIONALES\"],\"inLanguage\":\"es\"},{\"@type\":\"WebPage\",\"@id\":\"https:\/\/gysfm.com.ar\/inicio\/la-historica-mansion-de-franco-macri-en-barrio-parque-vuelve-al-mercado-por-us-6-millones\/\",\"url\":\"https:\/\/gysfm.com.ar\/inicio\/la-historica-mansion-de-franco-macri-en-barrio-parque-vuelve-al-mercado-por-us-6-millones\/\",\"name\":\"La hist\u00f3rica mansi\u00f3n de Franco Macri en Barrio Parque vuelve al mercado por US$ 6 millones - GYS NOTICIAS |\",\"isPartOf\":{\"@id\":\"https:\/\/gysfm.com.ar\/inicio\/#website\"},\"primaryImageOfPage\":{\"@id\":\"https:\/\/gysfm.com.ar\/inicio\/la-historica-mansion-de-franco-macri-en-barrio-parque-vuelve-al-mercado-por-us-6-millones\/#primaryimage\"},\"image\":{\"@id\":\"https:\/\/gysfm.com.ar\/inicio\/la-historica-mansion-de-franco-macri-en-barrio-parque-vuelve-al-mercado-por-us-6-millones\/#primaryimage\"},\"thumbnailUrl\":\"https:\/\/gysfm.com.ar\/inicio\/wp-content\/uploads\/2026\/04\/la-mansion-de-franco-macri-en-barrio-parque-20260427-2228778.jpg\",\"datePublished\":\"2026-04-28T17:03:09+00:00\",\"breadcrumb\":{\"@id\":\"https:\/\/gysfm.com.ar\/inicio\/la-historica-mansion-de-franco-macri-en-barrio-parque-vuelve-al-mercado-por-us-6-millones\/#breadcrumb\"},\"inLanguage\":\"es\",\"potentialAction\":[{\"@type\":\"ReadAction\",\"target\":[\"https:\/\/gysfm.com.ar\/inicio\/la-historica-mansion-de-franco-macri-en-barrio-parque-vuelve-al-mercado-por-us-6-millones\/\"]}]},{\"@type\":\"ImageObject\",\"inLanguage\":\"es\",\"@id\":\"https:\/\/gysfm.com.ar\/inicio\/la-historica-mansion-de-franco-macri-en-barrio-parque-vuelve-al-mercado-por-us-6-millones\/#primaryimage\",\"url\":\"https:\/\/gysfm.com.ar\/inicio\/wp-content\/uploads\/2026\/04\/la-mansion-de-franco-macri-en-barrio-parque-20260427-2228778.jpg\",\"contentUrl\":\"https:\/\/gysfm.com.ar\/inicio\/wp-content\/uploads\/2026\/04\/la-mansion-de-franco-macri-en-barrio-parque-20260427-2228778.jpg\",\"width\":1140,\"height\":641},{\"@type\":\"BreadcrumbList\",\"@id\":\"https:\/\/gysfm.com.ar\/inicio\/la-historica-mansion-de-franco-macri-en-barrio-parque-vuelve-al-mercado-por-us-6-millones\/#breadcrumb\",\"itemListElement\":[{\"@type\":\"ListItem\",\"position\":1,\"name\":\"Portada\",\"item\":\"https:\/\/gysfm.com.ar\/inicio\/\"},{\"@type\":\"ListItem\",\"position\":2,\"name\":\"La hist\u00f3rica mansi\u00f3n de Franco Macri en Barrio Parque vuelve al mercado por US$ 6 millones\"}]},{\"@type\":\"WebSite\",\"@id\":\"https:\/\/gysfm.com.ar\/inicio\/#website\",\"url\":\"https:\/\/gysfm.com.ar\/inicio\/\",\"name\":\"GYS NOTICIAS |\",\"description\":\"DIARIO - RADIO ONLINE SAN JUAN ARGENTINA\",\"publisher\":{\"@id\":\"https:\/\/gysfm.com.ar\/inicio\/#organization\"},\"potentialAction\":[{\"@type\":\"SearchAction\",\"target\":{\"@type\":\"EntryPoint\",\"urlTemplate\":\"https:\/\/gysfm.com.ar\/inicio\/?s={search_term_string}\"},\"query-input\":{\"@type\":\"PropertyValueSpecification\",\"valueRequired\":true,\"valueName\":\"search_term_string\"}}],\"inLanguage\":\"es\"},{\"@type\":\"Organization\",\"@id\":\"https:\/\/gysfm.com.ar\/inicio\/#organization\",\"name\":\"GYS NOTICIAS |\",\"url\":\"https:\/\/gysfm.com.ar\/inicio\/\",\"logo\":{\"@type\":\"ImageObject\",\"inLanguage\":\"es\",\"@id\":\"https:\/\/gysfm.com.ar\/inicio\/#\/schema\/logo\/image\/\",\"url\":\"https:\/\/gysfm.com.ar\/inicio\/wp-content\/uploads\/2023\/07\/LOGOGYS-OK.png\",\"contentUrl\":\"https:\/\/gysfm.com.ar\/inicio\/wp-content\/uploads\/2023\/07\/LOGOGYS-OK.png\",\"width\":1170,\"height\":872,\"caption\":\"GYS NOTICIAS |\"},\"image\":{\"@id\":\"https:\/\/gysfm.com.ar\/inicio\/#\/schema\/logo\/image\/\"}},{\"@type\":\"Person\",\"@id\":\"https:\/\/gysfm.com.ar\/inicio\/#\/schema\/person\/3abba7593ef2ad19e1be221d54383dc5\",\"name\":\"Prensa G&amp;S FM\",\"image\":{\"@type\":\"ImageObject\",\"inLanguage\":\"es\",\"@id\":\"https:\/\/gysfm.com.ar\/inicio\/#\/schema\/person\/image\/\",\"url\":\"https:\/\/secure.gravatar.com\/avatar\/096ec78df02049ab018702bb4ccedf659377fa92a26540b5247612077a0dbd29?s=96&d=mm&r=g\",\"contentUrl\":\"https:\/\/secure.gravatar.com\/avatar\/096ec78df02049ab018702bb4ccedf659377fa92a26540b5247612077a0dbd29?s=96&d=mm&r=g\",\"caption\":\"Prensa G&amp;S FM\"},\"sameAs\":[\"https:\/\/gysfm.com.ar\/\"],\"url\":\"https:\/\/gysfm.com.ar\/inicio\/author\/lucasm\/\"}]}<\/script>\n<!-- \/ Yoast SEO plugin. -->","yoast_head_json":{"title":"La hist\u00f3rica mansi\u00f3n de Franco Macri en Barrio Parque vuelve al mercado por US$ 6 millones - GYS NOTICIAS |","robots":{"index":"index","follow":"follow","max-snippet":"max-snippet:-1","max-image-preview":"max-image-preview:large","max-video-preview":"max-video-preview:-1"},"canonical":"https:\/\/gysfm.com.ar\/inicio\/la-historica-mansion-de-franco-macri-en-barrio-parque-vuelve-al-mercado-por-us-6-millones\/","og_locale":"es_ES","og_type":"article","og_title":"La hist\u00f3rica mansi\u00f3n de Franco Macri en Barrio Parque vuelve al mercado por US$ 6 millones - GYS NOTICIAS |","og_description":"La mansi\u00f3n que perteneci\u00f3 al empresario Franco Macri volvi\u00f3 a salir al mercado inmobiliario en la Ciudad de Buenos Aires. Ubicada en Barrio Parque, en la calle Eduardo Costa al 3000, la propiedad \u2014conocida como Casa Salvadori\u2014 se ofrece actualmente por US$ 6 millones, luego de varios a\u00f1os sin concretar una venta y sucesivas rebajas [&hellip;]","og_url":"https:\/\/gysfm.com.ar\/inicio\/la-historica-mansion-de-franco-macri-en-barrio-parque-vuelve-al-mercado-por-us-6-millones\/","og_site_name":"GYS NOTICIAS |","article_published_time":"2026-04-28T17:03:09+00:00","og_image":[{"url":"https:\/\/fotos.perfil.com\/\/2026\/04\/27\/900\/0\/la-mansion-de-franco-macri-en-barrio-parque-20260427-2228785.jpg?webp","type":"","width":"","height":""}],"author":"Prensa G&amp;S FM","twitter_card":"summary_large_image","twitter_misc":{"Escrito por":"Prensa G&amp;S FM","Tiempo de lectura":"3 minutos"},"schema":{"@context":"https:\/\/schema.org","@graph":[{"@type":"Article","@id":"https:\/\/gysfm.com.ar\/inicio\/la-historica-mansion-de-franco-macri-en-barrio-parque-vuelve-al-mercado-por-us-6-millones\/#article","isPartOf":{"@id":"https:\/\/gysfm.com.ar\/inicio\/la-historica-mansion-de-franco-macri-en-barrio-parque-vuelve-al-mercado-por-us-6-millones\/"},"author":{"name":"Prensa G&amp;S FM","@id":"https:\/\/gysfm.com.ar\/inicio\/#\/schema\/person\/3abba7593ef2ad19e1be221d54383dc5"},"headline":"La hist\u00f3rica mansi\u00f3n de Franco Macri en Barrio Parque vuelve al mercado por US$ 6 millones","datePublished":"2026-04-28T17:03:09+00:00","mainEntityOfPage":{"@id":"https:\/\/gysfm.com.ar\/inicio\/la-historica-mansion-de-franco-macri-en-barrio-parque-vuelve-al-mercado-por-us-6-millones\/"},"wordCount":645,"publisher":{"@id":"https:\/\/gysfm.com.ar\/inicio\/#organization"},"image":{"@id":"https:\/\/gysfm.com.ar\/inicio\/la-historica-mansion-de-franco-macri-en-barrio-parque-vuelve-al-mercado-por-us-6-millones\/#primaryimage"},"thumbnailUrl":"https:\/\/gysfm.com.ar\/inicio\/wp-content\/uploads\/2026\/04\/la-mansion-de-franco-macri-en-barrio-parque-20260427-2228778.jpg","articleSection":["NACIONALES"],"inLanguage":"es"},{"@type":"WebPage","@id":"https:\/\/gysfm.com.ar\/inicio\/la-historica-mansion-de-franco-macri-en-barrio-parque-vuelve-al-mercado-por-us-6-millones\/","url":"https:\/\/gysfm.com.ar\/inicio\/la-historica-mansion-de-franco-macri-en-barrio-parque-vuelve-al-mercado-por-us-6-millones\/","name":"La hist\u00f3rica mansi\u00f3n de Franco Macri en Barrio Parque vuelve al mercado por US$ 6 millones - GYS NOTICIAS |","isPartOf":{"@id":"https:\/\/gysfm.com.ar\/inicio\/#website"},"primaryImageOfPage":{"@id":"https:\/\/gysfm.com.ar\/inicio\/la-historica-mansion-de-franco-macri-en-barrio-parque-vuelve-al-mercado-por-us-6-millones\/#primaryimage"},"image":{"@id":"https:\/\/gysfm.com.ar\/inicio\/la-historica-mansion-de-franco-macri-en-barrio-parque-vuelve-al-mercado-por-us-6-millones\/#primaryimage"},"thumbnailUrl":"https:\/\/gysfm.com.ar\/inicio\/wp-content\/uploads\/2026\/04\/la-mansion-de-franco-macri-en-barrio-parque-20260427-2228778.jpg","datePublished":"2026-04-28T17:03:09+00:00","breadcrumb":{"@id":"https:\/\/gysfm.com.ar\/inicio\/la-historica-mansion-de-franco-macri-en-barrio-parque-vuelve-al-mercado-por-us-6-millones\/#breadcrumb"},"inLanguage":"es","potentialAction":[{"@type":"ReadAction","target":["https:\/\/gysfm.com.ar\/inicio\/la-historica-mansion-de-franco-macri-en-barrio-parque-vuelve-al-mercado-por-us-6-millones\/"]}]},{"@type":"ImageObject","inLanguage":"es","@id":"https:\/\/gysfm.com.ar\/inicio\/la-historica-mansion-de-franco-macri-en-barrio-parque-vuelve-al-mercado-por-us-6-millones\/#primaryimage","url":"https:\/\/gysfm.com.ar\/inicio\/wp-content\/uploads\/2026\/04\/la-mansion-de-franco-macri-en-barrio-parque-20260427-2228778.jpg","contentUrl":"https:\/\/gysfm.com.ar\/inicio\/wp-content\/uploads\/2026\/04\/la-mansion-de-franco-macri-en-barrio-parque-20260427-2228778.jpg","width":1140,"height":641},{"@type":"BreadcrumbList","@id":"https:\/\/gysfm.com.ar\/inicio\/la-historica-mansion-de-franco-macri-en-barrio-parque-vuelve-al-mercado-por-us-6-millones\/#breadcrumb","itemListElement":[{"@type":"ListItem","position":1,"name":"Portada","item":"https:\/\/gysfm.com.ar\/inicio\/"},{"@type":"ListItem","position":2,"name":"La hist\u00f3rica mansi\u00f3n de Franco Macri en Barrio Parque vuelve al mercado por US$ 6 millones"}]},{"@type":"WebSite","@id":"https:\/\/gysfm.com.ar\/inicio\/#website","url":"https:\/\/gysfm.com.ar\/inicio\/","name":"GYS NOTICIAS |","description":"DIARIO - RADIO ONLINE SAN JUAN ARGENTINA","publisher":{"@id":"https:\/\/gysfm.com.ar\/inicio\/#organization"},"potentialAction":[{"@type":"SearchAction","target":{"@type":"EntryPoint","urlTemplate":"https:\/\/gysfm.com.ar\/inicio\/?s={search_term_string}"},"query-input":{"@type":"PropertyValueSpecification","valueRequired":true,"valueName":"search_term_string"}}],"inLanguage":"es"},{"@type":"Organization","@id":"https:\/\/gysfm.com.ar\/inicio\/#organization","name":"GYS NOTICIAS |","url":"https:\/\/gysfm.com.ar\/inicio\/","logo":{"@type":"ImageObject","inLanguage":"es","@id":"https:\/\/gysfm.com.ar\/inicio\/#\/schema\/logo\/image\/","url":"https:\/\/gysfm.com.ar\/inicio\/wp-content\/uploads\/2023\/07\/LOGOGYS-OK.png","contentUrl":"https:\/\/gysfm.com.ar\/inicio\/wp-content\/uploads\/2023\/07\/LOGOGYS-OK.png","width":1170,"height":872,"caption":"GYS NOTICIAS |"},"image":{"@id":"https:\/\/gysfm.com.ar\/inicio\/#\/schema\/logo\/image\/"}},{"@type":"Person","@id":"https:\/\/gysfm.com.ar\/inicio\/#\/schema\/person\/3abba7593ef2ad19e1be221d54383dc5","name":"Prensa G&amp;S FM","image":{"@type":"ImageObject","inLanguage":"es","@id":"https:\/\/gysfm.com.ar\/inicio\/#\/schema\/person\/image\/","url":"https:\/\/secure.gravatar.com\/avatar\/096ec78df02049ab018702bb4ccedf659377fa92a26540b5247612077a0dbd29?s=96&d=mm&r=g","contentUrl":"https:\/\/secure.gravatar.com\/avatar\/096ec78df02049ab018702bb4ccedf659377fa92a26540b5247612077a0dbd29?s=96&d=mm&r=g","caption":"Prensa G&amp;S FM"},"sameAs":["https:\/\/gysfm.com.ar\/"],"url":"https:\/\/gysfm.com.ar\/inicio\/author\/lucasm\/"}]}},"_links":{"self":[{"href":"https:\/\/gysfm.com.ar\/inicio\/wp-json\/wp\/v2\/posts\/193495","targetHints":{"allow":["GET"]}}],"collection":[{"href":"https:\/\/gysfm.com.ar\/inicio\/wp-json\/wp\/v2\/posts"}],"about":[{"href":"https:\/\/gysfm.com.ar\/inicio\/wp-json\/wp\/v2\/types\/post"}],"author":[{"embeddable":true,"href":"https:\/\/gysfm.com.ar\/inicio\/wp-json\/wp\/v2\/users\/2"}],"replies":[{"embeddable":true,"href":"https:\/\/gysfm.com.ar\/inicio\/wp-json\/wp\/v2\/comments?post=193495"}],"version-history":[{"count":0,"href":"https:\/\/gysfm.com.ar\/inicio\/wp-json\/wp\/v2\/posts\/193495\/revisions"}],"wp:featuredmedia":[{"embeddable":true,"href":"https:\/\/gysfm.com.ar\/inicio\/wp-json\/wp\/v2\/media\/193496"}],"wp:attachment":[{"href":"https:\/\/gysfm.com.ar\/inicio\/wp-json\/wp\/v2\/media?parent=193495"}],"wp:term":[{"taxonomy":"category","embeddable":true,"href":"https:\/\/gysfm.com.ar\/inicio\/wp-json\/wp\/v2\/categories?post=193495"},{"taxonomy":"post_tag","embeddable":true,"href":"https:\/\/gysfm.com.ar\/inicio\/wp-json\/wp\/v2\/tags?post=193495"}],"curies":[{"name":"wp","href":"https:\/\/api.w.org\/{rel}","templated":true}]}}