{"id":193492,"date":"2026-04-28T13:59:25","date_gmt":"2026-04-28T16:59:25","guid":{"rendered":"https:\/\/gysfm.com.ar\/inicio\/inflacion-en-torno-al-31-reservas-en-record-y-elecciones-bajo-la-lupa-el-diagnostico-de-cuatro-economistas-sobre-la-argentina\/"},"modified":"2026-04-28T13:59:26","modified_gmt":"2026-04-28T16:59:26","slug":"inflacion-en-torno-al-31-reservas-en-record-y-elecciones-bajo-la-lupa-el-diagnostico-de-cuatro-economistas-sobre-la-argentina","status":"publish","type":"post","link":"https:\/\/gysfm.com.ar\/inicio\/inflacion-en-torno-al-31-reservas-en-record-y-elecciones-bajo-la-lupa-el-diagnostico-de-cuatro-economistas-sobre-la-argentina\/","title":{"rendered":"Inflaci\u00f3n en torno al 31%, reservas en r\u00e9cord y elecciones bajo la lupa: el diagn\u00f3stico de cuatro economistas sobre la Argentina"},"content":{"rendered":"<p><\/p>\n<div>\n<p class=\"com-paragraph  --capital --s\">Cuatro de los economistas m\u00e1s seguidos por el mercado se juntaron en ExpoEFI para debatir sobre qu\u00e9 puede esperarse de la econom\u00eda argentina de cara a 2027. Marina Dal Poggetto (Eco Go), Andr\u00e9s Borenstein (BTG Pactual Argentina), Pilar Tavella (Balanz) y Emmanuel \u00c1lvarez Agis (PXQ) ofrecieron <strong>diagn\u00f3sticos que combinaron optimismo moderado con advertencias sobre los flancos m\u00e1s d\u00e9biles del programa econ\u00f3mico:<\/strong> la inflaci\u00f3n que no termina de ceder, el cr\u00e9dito que no despega al ritmo esperado y un calendario electoral que ya empieza a pesar sobre las decisiones de pol\u00edtica.<\/p>\n<p class=\"com-paragraph   --s\">Dal Poggetto abri\u00f3 el panel con una lectura estructural. Toda estabilizaci\u00f3n, dijo, <strong>requiere tres v\u00e9rtices: un programa micro, uno macro y trabajo sobre la gobernabilidad.<\/strong> En su evaluaci\u00f3n, el ordenamiento macroecon\u00f3mico funcion\u00f3 mejor de lo que promet\u00eda el discurso original de campa\u00f1a \u2014m\u00e1s pragm\u00e1tico, m\u00e1s gradual\u2014, pero la dimensi\u00f3n micro mostr\u00f3 deterioro: los ingresos reales no acompa\u00f1aron. En gobernabilidad, esta gesti\u00f3n arranc\u00f3 sin caudal pol\u00edtico y fue acumulando. <\/p>\n<div class=\"content-media\">\n<section role=\"button\" class=\"mod-media   \">\n<figure role=\"button\" tabindex=\"0\" class=\"mod-figure \"><figcaption class=\"mod-figcaption\"><span class=\"com-text --caption --twoxs\">Marina Dal Poggetto, de Eco Go, advirti\u00f3 que el programa econ\u00f3mico depende m\u00e1s de lo financiero que de lo fiscal, y que el d\u00f3lar como ancla requiere inyectar divisas en forma permanente porque los argentinos siguen comprando<\/span><span class=\"com-text --credit --twoxs\">Fabi\u00e1n  Marelli<\/span><\/figcaption><\/figure>\n<\/section>\n<\/div>\n<p class=\"com-paragraph   --s\">El esquema cambiario fue uno de sus focos. El d\u00f3lar sigui\u00f3 funcionando como ancla a lo largo de distintas mutaciones del r\u00e9gimen: del <em>crawling <\/em>al 2%, al 1%, a la flotaci\u00f3n sin intervenci\u00f3n y, finalmente, a la <strong>flotaci\u00f3n con compra de d\u00f3lares<\/strong>. El mecanismo funciona cuando el tipo de cambio se queda quieto y la tasa est\u00e1 por debajo de la inflaci\u00f3n. <\/p>\n<p class=\"com-paragraph   --s\"><strong>\u201cEl esquema del ministro [de Econom\u00eda, Luis Caputo] es hacerle perder plata a los que compran d\u00f3lares,<\/strong> lo cual requiere inyectar d\u00f3lares todo el tiempo porque los argentinos siguen comprando\u201d, se\u00f1al\u00f3. Durante el proceso electoral del a\u00f1o pasado, ese esquema hizo agua. Y su advertencia sobre el programa fue contundente: \u201cNo depende tanto del programa fiscal, sino del financiero.\u201d<\/p>\n<p class=\"com-paragraph   --s\">Borenstein fue el m\u00e1s expl\u00edcito sobre el dato de marzo. La <strong>inflaci\u00f3n <\/strong>del 3,4% respondi\u00f3 a una combinaci\u00f3n de shocks \u2014precios regulados, combustibles, carne, estacionalidad educativa\u2014, pero tambi\u00e9n a un factor end\u00f3geno: la inercia. \u201cUna pol\u00edtica monetaria sin ancla expl\u00edcita contribuy\u00f3 a ese resultado\u201d, se\u00f1al\u00f3. Su proyecci\u00f3n para abril es 2,4%; Dal Poggetto la ubica en 2,5%. Para mayo, Borenstein ve una chance razonable de llegar al 2%. <\/p>\n<div class=\"content-media\">\n<section role=\"button\" class=\"mod-media   \">\n<figure role=\"button\" tabindex=\"0\" class=\"mod-figure \"><figcaption class=\"mod-figcaption\"><span class=\"com-text --caption --twoxs\">Andr\u00e9s Borenstein, de BTG Pactual Argentina, proyect\u00f3 una inflaci\u00f3n de 2,4% para abril y un crecimiento de entre 3,5% y 4% para el a\u00f1o, impulsado por inversiones, exportaciones y una recuperaci\u00f3n gradual del cr\u00e9dito<\/span><span class=\"com-text --credit --twoxs\">Fabi\u00e1n  Marelli<\/span><\/figcaption><\/figure>\n<\/section>\n<\/div>\n<p class=\"com-paragraph   --s\">En <strong>actividad<\/strong>, fue el m\u00e1s constructivo del panel: <strong>estim\u00f3 que el primer trimestre ser\u00e1 el peor del a\u00f1o \u2014apenas +0,3% trimestral\u2014,<\/strong> pero proyect\u00f3 una expansi\u00f3n de entre 3,5% y 4% para 2026 en su conjunto, apoyada en inversiones, exportaciones y una recuperaci\u00f3n gradual del cr\u00e9dito. \u201cSi hay cr\u00e9dito, el comercio va a vender. La construcci\u00f3n podr\u00eda mejorar. Los servicios andan bien\u201d, sintetiz\u00f3. El consumo, en cambio, crecer\u00eda menos, en torno al 2,8%.<\/p>\n<p class=\"com-paragraph   --s\">Tavella destac\u00f3 la acumulaci\u00f3n de reservas como la novedad m\u00e1s relevante del a\u00f1o. <strong>El Banco Central compr\u00f3 US$6500 millones entre enero y abril, la cifra m\u00e1s alta para el per\u00edodo desde 2003<\/strong> y equivalente al 1% del PBI. \u201cAntes dec\u00edan que no les importaban las reservas, ahora s\u00ed\u201d, resumi\u00f3, en referencia al giro expl\u00edcito que el equipo econ\u00f3mico hizo en diciembre. <\/p>\n<p class=\"com-paragraph   --s\">Su estimaci\u00f3n es que <strong>el Banco Central acumular\u00e1 US$10.000 millones de reservas netas en el a\u00f1o, <\/strong>impulsado por un super\u00e1vit comercial que super\u00f3 en US$10.000 millones las proyecciones de fines de 2025, gracias al <em>shock <\/em>de precios de Medio Oriente, al aumento de la producci\u00f3n y a la ca\u00edda de las importaciones energ\u00e9ticas. <\/p>\n<p class=\"com-paragraph   --s\">\u201cLa Argentina va a tener este a\u00f1o un leve super\u00e1vit de cuenta corriente\u201d, proyect\u00f3. Si las reservas suben, el riesgo pa\u00eds baja; y si el riesgo pa\u00eds baja, <strong>el pa\u00eds podr\u00eda acceder al mercado externo para prefinanciar parte de los vencimiento de 2027 y llegar mejor parado al a\u00f1o electoral<\/strong>.<\/p>\n<div class=\"content-media\">\n<section role=\"button\" class=\"mod-media   \">\n<figure role=\"button\" tabindex=\"0\" class=\"mod-figure \"><figcaption class=\"mod-figcaption\"><span class=\"com-text --caption --twoxs\">Pilar Tavella, de Balanz, destac\u00f3 que el Banco Central compr\u00f3 US$6500 millones entre enero y abril \u2014la cifra m\u00e1s alta para el periodo desde 2003\u2014 y estim\u00f3 que este a\u00f1o se acumular\u00e1n US$10.000 millones en reservas netas<\/span><span class=\"com-text --credit --twoxs\">Fabi\u00e1n  Marelli<\/span><\/figcaption><\/figure>\n<\/section>\n<\/div>\n<p class=\"com-paragraph   --s\">\u00c1lvarez Agis aport\u00f3 una lectura pol\u00edtica sobre el giro reciente del equipo econ\u00f3mico. <strong>\u201cEl Gobierno se movi\u00f3 del fundamentalismo de bajar la inflaci\u00f3n cueste lo que cueste y ahora dice \u2018cuidemos la actividad\u2019\u201d<\/strong>, indic\u00f3. <\/p>\n<p class=\"com-paragraph   --s\">Como evidencia, enumer\u00f3 la baja de tasas, la decisi\u00f3n de importar GNL en lugar de privatizar la cadena, el uso del Banco Naci\u00f3n para dar cuotas sin inter\u00e9s y l\u00edmite a la suba del precio de la nafta por 45 d\u00edas. Tambi\u00e9n mencion\u00f3 que <strong>el presidente Javier Milei retuite\u00f3 un trabajo acad\u00e9mico que sostiene que bajar la inflaci\u00f3n de 200% a 30% lleva dos a\u00f1os, pero de 30% a un d\u00edgito puede tardar mucho m\u00e1s<\/strong>. Su proyecci\u00f3n para el a\u00f1o: inflaci\u00f3n en torno al 31%, similar a la de 2025.<\/p>\n<p class=\"com-paragraph   --s\">El cierre del panel gir\u00f3 en torno a la pol\u00edtica. Dal Poggetto plante\u00f3 cuatro fuerzas que van a definir c\u00f3mo sigue la econom\u00eda: <strong>lo financiero, la econom\u00eda real, las encuestas y la gobernabilidad. <\/strong>Hoy, dijo, lo financiero est\u00e1 estabilizado y la gobernabilidad mejor\u00f3 por el caudal pol\u00edtico acumulado en el Congreso, pero la econom\u00eda real y las encuestas tiran para abajo. <strong>\u201cLa pregunta es si la gobernabilidad y lo financiero ordenan la econom\u00eda real y las encuestas, o si la econom\u00eda real sigue traccionando las encuestas<\/strong> y empieza a joder [sic] lo financiero, como pas\u00f3 en el segundo semestre de 2025.\u201d <\/p>\n<div class=\"content-media\">\n<section role=\"button\" class=\"mod-media   \">\n<figure role=\"button\" tabindex=\"0\" class=\"mod-figure \"><figcaption class=\"mod-figcaption\"><span class=\"com-text --caption --twoxs\">Emmanuel \u00c1lvarez Agis, de PXQ, se\u00f1al\u00f3 que el Gobierno abandon\u00f3 el fundamentalismo antiinflacionario para priorizar la actividad y proyect\u00f3 una inflaci\u00f3n en torno al 31% para el a\u00f1o; advirti\u00f3 adem\u00e1s que la definici\u00f3n sobre las primarias puede mover los bonos hasta 30 d\u00f3lares<\/span><span class=\"com-text --credit --twoxs\">Fabi\u00e1n  Marelli<\/span><\/figcaption><\/figure>\n<\/section>\n<\/div>\n<p class=\"com-paragraph   --s\">Tavella fue m\u00e1s optimista sobre el escenario electoral. Compar\u00f3 la situaci\u00f3n actual con la de Macri en 2019 \u2014d\u00e9ficit de cuenta corriente superior al 4% del PBI, entrada masiva de capitales lista para salir, d\u00e9ficit fiscal\u2014 y se\u00f1al\u00f3 que Milei parte de una posici\u00f3n distinta. \u201cPuede haber compra de d\u00f3lares, pero no est\u00e1 el mismo riesgo. <strong>La heterogeneidad del empleo puede ser un desaf\u00edo, pero es distinto al de una corrida cambiaria\u201d<\/strong>, dijo.<\/p>\n<p class=\"com-paragraph   --s\">\u00c1lvarez Agis cerr\u00f3 con la variable que, seg\u00fan \u00e9l, puede mover los bonos hasta 30 d\u00f3lares para arriba o 10 d\u00f3lares para abajo: las elecciones primarias. Con Macri y Cristina Kirchner en el ocaso de sus liderazgos, el sistema de <em>ballotage <\/em>abre un juego complejo. \u201c<strong>Si no hay primarias, puede haber una alternativa de centro derecha como tercera fuerza.<\/strong> Si la oposici\u00f3n es inteligente, trata de meter al tercero adentro de sus primarias y entonces hay solo dos partidos\u201d, explic\u00f3. Esa definici\u00f3n, dijo, es la que est\u00e1n mirando todos los l\u00edderes pol\u00edticos y la que puede determinar el riesgo pol\u00edtico de los pr\u00f3ximos meses.<\/p>\n<section class=\"container-center-100 mb-40 border border-bottom border-thin border-neutral-light-700\">\n<hr\/>\n<\/section>\n<\/div>\n<p><script id=\"facebookpixel\" defer=\"\" type=\"text\/javascript\">\n        !function(f,b,e,v,n,t,s)\n        {if(f.fbq)return;n=f.fbq=function(){n.callMethod?\n        n.callMethod.apply(n,arguments):n.queue.push(arguments)};\n        if(!f._fbq)f._fbq=n;n.push=n;n.loaded=!0;n.version='2.0';\n        n.queue=[];t=b.createElement(e);t.async=!0;\n        t.src=v;s=b.getElementsByTagName(e)[0];\n        s.parentNode.insertBefore(t,s)}(window, document,'script',\n        'https:\/\/connect.facebook.net\/en_US\/fbevents.js');\n        fbq('init', '492459597522335');\n        fbq('track', 'PageView');\n    <\/script><\/p>\n","protected":false},"excerpt":{"rendered":"<p>Cuatro de los economistas m\u00e1s seguidos por el mercado se juntaron en ExpoEFI para debatir sobre qu\u00e9 puede esperarse de la econom\u00eda argentina de cara a 2027. Marina Dal Poggetto (Eco Go), Andr\u00e9s Borenstein (BTG Pactual Argentina), Pilar Tavella (Balanz) y Emmanuel \u00c1lvarez Agis (PXQ) ofrecieron diagn\u00f3sticos que combinaron optimismo moderado con advertencias sobre los [&hellip;]<\/p>\n","protected":false},"author":1,"featured_media":193493,"comment_status":"closed","ping_status":"closed","sticky":false,"template":"","format":"standard","meta":{"footnotes":""},"categories":[28],"tags":[],"class_list":["post-193492","post","type-post","status-publish","format-standard","has-post-thumbnail","hentry","category-economia"],"yoast_head":"<!-- This site is optimized with the Yoast SEO plugin v24.4 - https:\/\/yoast.com\/wordpress\/plugins\/seo\/ -->\n<title>Inflaci\u00f3n en torno al 31%, reservas en r\u00e9cord y elecciones bajo la lupa: el diagn\u00f3stico de cuatro economistas sobre la Argentina - GYS NOTICIAS |<\/title>\n<meta name=\"robots\" content=\"index, follow, max-snippet:-1, max-image-preview:large, max-video-preview:-1\" \/>\n<link rel=\"canonical\" href=\"https:\/\/gysfm.com.ar\/inicio\/inflacion-en-torno-al-31-reservas-en-record-y-elecciones-bajo-la-lupa-el-diagnostico-de-cuatro-economistas-sobre-la-argentina\/\" \/>\n<meta property=\"og:locale\" content=\"es_ES\" \/>\n<meta property=\"og:type\" content=\"article\" \/>\n<meta property=\"og:title\" content=\"Inflaci\u00f3n en torno al 31%, reservas en r\u00e9cord y elecciones bajo la lupa: el diagn\u00f3stico de cuatro economistas sobre la Argentina - GYS NOTICIAS |\" \/>\n<meta property=\"og:description\" content=\"Cuatro de los economistas m\u00e1s seguidos por el mercado se juntaron en ExpoEFI para debatir sobre qu\u00e9 puede esperarse de la econom\u00eda argentina de cara a 2027. Marina Dal Poggetto (Eco Go), Andr\u00e9s Borenstein (BTG Pactual Argentina), Pilar Tavella (Balanz) y Emmanuel \u00c1lvarez Agis (PXQ) ofrecieron diagn\u00f3sticos que combinaron optimismo moderado con advertencias sobre los [&hellip;]\" \/>\n<meta property=\"og:url\" content=\"https:\/\/gysfm.com.ar\/inicio\/inflacion-en-torno-al-31-reservas-en-record-y-elecciones-bajo-la-lupa-el-diagnostico-de-cuatro-economistas-sobre-la-argentina\/\" \/>\n<meta property=\"og:site_name\" content=\"GYS NOTICIAS |\" \/>\n<meta property=\"article:published_time\" content=\"2026-04-28T16:59:25+00:00\" \/>\n<meta property=\"article:modified_time\" content=\"2026-04-28T16:59:26+00:00\" \/>\n<meta property=\"og:image\" content=\"https:\/\/gysfm.com.ar\/inicio\/wp-content\/uploads\/2026\/04\/expoefi-2026-economia-politica-comunidad-de-O35AAH3W5RFTBJDEYZDILPGZDA.JPG\" \/>\n\t<meta property=\"og:image:width\" content=\"1200\" \/>\n\t<meta property=\"og:image:height\" content=\"800\" \/>\n\t<meta property=\"og:image:type\" content=\"image\/jpeg\" \/>\n<meta name=\"author\" content=\"admin\" \/>\n<meta name=\"twitter:card\" content=\"summary_large_image\" \/>\n<meta name=\"twitter:label1\" content=\"Escrito por\" \/>\n\t<meta name=\"twitter:data1\" content=\"admin\" \/>\n\t<meta name=\"twitter:label2\" content=\"Tiempo de lectura\" \/>\n\t<meta name=\"twitter:data2\" content=\"6 minutos\" \/>\n<script type=\"application\/ld+json\" class=\"yoast-schema-graph\">{\"@context\":\"https:\/\/schema.org\",\"@graph\":[{\"@type\":\"Article\",\"@id\":\"https:\/\/gysfm.com.ar\/inicio\/inflacion-en-torno-al-31-reservas-en-record-y-elecciones-bajo-la-lupa-el-diagnostico-de-cuatro-economistas-sobre-la-argentina\/#article\",\"isPartOf\":{\"@id\":\"https:\/\/gysfm.com.ar\/inicio\/inflacion-en-torno-al-31-reservas-en-record-y-elecciones-bajo-la-lupa-el-diagnostico-de-cuatro-economistas-sobre-la-argentina\/\"},\"author\":{\"name\":\"admin\",\"@id\":\"https:\/\/gysfm.com.ar\/inicio\/#\/schema\/person\/5bedd7ecd35cc35548d89effafa23696\"},\"headline\":\"Inflaci\u00f3n en torno al 31%, reservas en r\u00e9cord y elecciones bajo la lupa: el diagn\u00f3stico de cuatro economistas sobre la Argentina\",\"datePublished\":\"2026-04-28T16:59:25+00:00\",\"dateModified\":\"2026-04-28T16:59:26+00:00\",\"mainEntityOfPage\":{\"@id\":\"https:\/\/gysfm.com.ar\/inicio\/inflacion-en-torno-al-31-reservas-en-record-y-elecciones-bajo-la-lupa-el-diagnostico-de-cuatro-economistas-sobre-la-argentina\/\"},\"wordCount\":1273,\"publisher\":{\"@id\":\"https:\/\/gysfm.com.ar\/inicio\/#organization\"},\"image\":{\"@id\":\"https:\/\/gysfm.com.ar\/inicio\/inflacion-en-torno-al-31-reservas-en-record-y-elecciones-bajo-la-lupa-el-diagnostico-de-cuatro-economistas-sobre-la-argentina\/#primaryimage\"},\"thumbnailUrl\":\"https:\/\/gysfm.com.ar\/inicio\/wp-content\/uploads\/2026\/04\/expoefi-2026-economia-politica-comunidad-de-O35AAH3W5RFTBJDEYZDILPGZDA.JPG\",\"articleSection\":[\"ECONOMIA\"],\"inLanguage\":\"es\"},{\"@type\":\"WebPage\",\"@id\":\"https:\/\/gysfm.com.ar\/inicio\/inflacion-en-torno-al-31-reservas-en-record-y-elecciones-bajo-la-lupa-el-diagnostico-de-cuatro-economistas-sobre-la-argentina\/\",\"url\":\"https:\/\/gysfm.com.ar\/inicio\/inflacion-en-torno-al-31-reservas-en-record-y-elecciones-bajo-la-lupa-el-diagnostico-de-cuatro-economistas-sobre-la-argentina\/\",\"name\":\"Inflaci\u00f3n en torno al 31%, reservas en r\u00e9cord y elecciones bajo la lupa: el diagn\u00f3stico de cuatro economistas sobre la Argentina - GYS NOTICIAS |\",\"isPartOf\":{\"@id\":\"https:\/\/gysfm.com.ar\/inicio\/#website\"},\"primaryImageOfPage\":{\"@id\":\"https:\/\/gysfm.com.ar\/inicio\/inflacion-en-torno-al-31-reservas-en-record-y-elecciones-bajo-la-lupa-el-diagnostico-de-cuatro-economistas-sobre-la-argentina\/#primaryimage\"},\"image\":{\"@id\":\"https:\/\/gysfm.com.ar\/inicio\/inflacion-en-torno-al-31-reservas-en-record-y-elecciones-bajo-la-lupa-el-diagnostico-de-cuatro-economistas-sobre-la-argentina\/#primaryimage\"},\"thumbnailUrl\":\"https:\/\/gysfm.com.ar\/inicio\/wp-content\/uploads\/2026\/04\/expoefi-2026-economia-politica-comunidad-de-O35AAH3W5RFTBJDEYZDILPGZDA.JPG\",\"datePublished\":\"2026-04-28T16:59:25+00:00\",\"dateModified\":\"2026-04-28T16:59:26+00:00\",\"breadcrumb\":{\"@id\":\"https:\/\/gysfm.com.ar\/inicio\/inflacion-en-torno-al-31-reservas-en-record-y-elecciones-bajo-la-lupa-el-diagnostico-de-cuatro-economistas-sobre-la-argentina\/#breadcrumb\"},\"inLanguage\":\"es\",\"potentialAction\":[{\"@type\":\"ReadAction\",\"target\":[\"https:\/\/gysfm.com.ar\/inicio\/inflacion-en-torno-al-31-reservas-en-record-y-elecciones-bajo-la-lupa-el-diagnostico-de-cuatro-economistas-sobre-la-argentina\/\"]}]},{\"@type\":\"ImageObject\",\"inLanguage\":\"es\",\"@id\":\"https:\/\/gysfm.com.ar\/inicio\/inflacion-en-torno-al-31-reservas-en-record-y-elecciones-bajo-la-lupa-el-diagnostico-de-cuatro-economistas-sobre-la-argentina\/#primaryimage\",\"url\":\"https:\/\/gysfm.com.ar\/inicio\/wp-content\/uploads\/2026\/04\/expoefi-2026-economia-politica-comunidad-de-O35AAH3W5RFTBJDEYZDILPGZDA.JPG\",\"contentUrl\":\"https:\/\/gysfm.com.ar\/inicio\/wp-content\/uploads\/2026\/04\/expoefi-2026-economia-politica-comunidad-de-O35AAH3W5RFTBJDEYZDILPGZDA.JPG\",\"width\":1200,\"height\":800},{\"@type\":\"BreadcrumbList\",\"@id\":\"https:\/\/gysfm.com.ar\/inicio\/inflacion-en-torno-al-31-reservas-en-record-y-elecciones-bajo-la-lupa-el-diagnostico-de-cuatro-economistas-sobre-la-argentina\/#breadcrumb\",\"itemListElement\":[{\"@type\":\"ListItem\",\"position\":1,\"name\":\"Portada\",\"item\":\"https:\/\/gysfm.com.ar\/inicio\/\"},{\"@type\":\"ListItem\",\"position\":2,\"name\":\"Inflaci\u00f3n en torno al 31%, reservas en r\u00e9cord y elecciones bajo la lupa: el diagn\u00f3stico de cuatro economistas sobre la Argentina\"}]},{\"@type\":\"WebSite\",\"@id\":\"https:\/\/gysfm.com.ar\/inicio\/#website\",\"url\":\"https:\/\/gysfm.com.ar\/inicio\/\",\"name\":\"GYS NOTICIAS |\",\"description\":\"DIARIO - RADIO ONLINE SAN JUAN ARGENTINA\",\"publisher\":{\"@id\":\"https:\/\/gysfm.com.ar\/inicio\/#organization\"},\"potentialAction\":[{\"@type\":\"SearchAction\",\"target\":{\"@type\":\"EntryPoint\",\"urlTemplate\":\"https:\/\/gysfm.com.ar\/inicio\/?s={search_term_string}\"},\"query-input\":{\"@type\":\"PropertyValueSpecification\",\"valueRequired\":true,\"valueName\":\"search_term_string\"}}],\"inLanguage\":\"es\"},{\"@type\":\"Organization\",\"@id\":\"https:\/\/gysfm.com.ar\/inicio\/#organization\",\"name\":\"GYS NOTICIAS |\",\"url\":\"https:\/\/gysfm.com.ar\/inicio\/\",\"logo\":{\"@type\":\"ImageObject\",\"inLanguage\":\"es\",\"@id\":\"https:\/\/gysfm.com.ar\/inicio\/#\/schema\/logo\/image\/\",\"url\":\"https:\/\/gysfm.com.ar\/inicio\/wp-content\/uploads\/2023\/07\/LOGOGYS-OK.png\",\"contentUrl\":\"https:\/\/gysfm.com.ar\/inicio\/wp-content\/uploads\/2023\/07\/LOGOGYS-OK.png\",\"width\":1170,\"height\":872,\"caption\":\"GYS NOTICIAS |\"},\"image\":{\"@id\":\"https:\/\/gysfm.com.ar\/inicio\/#\/schema\/logo\/image\/\"}},{\"@type\":\"Person\",\"@id\":\"https:\/\/gysfm.com.ar\/inicio\/#\/schema\/person\/5bedd7ecd35cc35548d89effafa23696\",\"name\":\"admin\",\"image\":{\"@type\":\"ImageObject\",\"inLanguage\":\"es\",\"@id\":\"https:\/\/gysfm.com.ar\/inicio\/#\/schema\/person\/image\/\",\"url\":\"https:\/\/secure.gravatar.com\/avatar\/c331d312b5243fb64d5ba28108a447b27c925295129a363082c9ea52c28d32c2?s=96&d=mm&r=g\",\"contentUrl\":\"https:\/\/secure.gravatar.com\/avatar\/c331d312b5243fb64d5ba28108a447b27c925295129a363082c9ea52c28d32c2?s=96&d=mm&r=g\",\"caption\":\"admin\"},\"sameAs\":[\"https:\/\/gysfm.com.ar\/inicio\"],\"url\":\"https:\/\/gysfm.com.ar\/inicio\/author\/admin\/\"}]}<\/script>\n<!-- \/ Yoast SEO plugin. -->","yoast_head_json":{"title":"Inflaci\u00f3n en torno al 31%, reservas en r\u00e9cord y elecciones bajo la lupa: el diagn\u00f3stico de cuatro economistas sobre la Argentina - GYS NOTICIAS |","robots":{"index":"index","follow":"follow","max-snippet":"max-snippet:-1","max-image-preview":"max-image-preview:large","max-video-preview":"max-video-preview:-1"},"canonical":"https:\/\/gysfm.com.ar\/inicio\/inflacion-en-torno-al-31-reservas-en-record-y-elecciones-bajo-la-lupa-el-diagnostico-de-cuatro-economistas-sobre-la-argentina\/","og_locale":"es_ES","og_type":"article","og_title":"Inflaci\u00f3n en torno al 31%, reservas en r\u00e9cord y elecciones bajo la lupa: el diagn\u00f3stico de cuatro economistas sobre la Argentina - GYS NOTICIAS |","og_description":"Cuatro de los economistas m\u00e1s seguidos por el mercado se juntaron en ExpoEFI para debatir sobre qu\u00e9 puede esperarse de la econom\u00eda argentina de cara a 2027. Marina Dal Poggetto (Eco Go), Andr\u00e9s Borenstein (BTG Pactual Argentina), Pilar Tavella (Balanz) y Emmanuel \u00c1lvarez Agis (PXQ) ofrecieron diagn\u00f3sticos que combinaron optimismo moderado con advertencias sobre los [&hellip;]","og_url":"https:\/\/gysfm.com.ar\/inicio\/inflacion-en-torno-al-31-reservas-en-record-y-elecciones-bajo-la-lupa-el-diagnostico-de-cuatro-economistas-sobre-la-argentina\/","og_site_name":"GYS NOTICIAS |","article_published_time":"2026-04-28T16:59:25+00:00","article_modified_time":"2026-04-28T16:59:26+00:00","og_image":[{"width":1200,"height":800,"url":"https:\/\/gysfm.com.ar\/inicio\/wp-content\/uploads\/2026\/04\/expoefi-2026-economia-politica-comunidad-de-O35AAH3W5RFTBJDEYZDILPGZDA.JPG","type":"image\/jpeg"}],"author":"admin","twitter_card":"summary_large_image","twitter_misc":{"Escrito por":"admin","Tiempo de lectura":"6 minutos"},"schema":{"@context":"https:\/\/schema.org","@graph":[{"@type":"Article","@id":"https:\/\/gysfm.com.ar\/inicio\/inflacion-en-torno-al-31-reservas-en-record-y-elecciones-bajo-la-lupa-el-diagnostico-de-cuatro-economistas-sobre-la-argentina\/#article","isPartOf":{"@id":"https:\/\/gysfm.com.ar\/inicio\/inflacion-en-torno-al-31-reservas-en-record-y-elecciones-bajo-la-lupa-el-diagnostico-de-cuatro-economistas-sobre-la-argentina\/"},"author":{"name":"admin","@id":"https:\/\/gysfm.com.ar\/inicio\/#\/schema\/person\/5bedd7ecd35cc35548d89effafa23696"},"headline":"Inflaci\u00f3n en torno al 31%, reservas en r\u00e9cord y elecciones bajo la lupa: el diagn\u00f3stico de cuatro economistas sobre la Argentina","datePublished":"2026-04-28T16:59:25+00:00","dateModified":"2026-04-28T16:59:26+00:00","mainEntityOfPage":{"@id":"https:\/\/gysfm.com.ar\/inicio\/inflacion-en-torno-al-31-reservas-en-record-y-elecciones-bajo-la-lupa-el-diagnostico-de-cuatro-economistas-sobre-la-argentina\/"},"wordCount":1273,"publisher":{"@id":"https:\/\/gysfm.com.ar\/inicio\/#organization"},"image":{"@id":"https:\/\/gysfm.com.ar\/inicio\/inflacion-en-torno-al-31-reservas-en-record-y-elecciones-bajo-la-lupa-el-diagnostico-de-cuatro-economistas-sobre-la-argentina\/#primaryimage"},"thumbnailUrl":"https:\/\/gysfm.com.ar\/inicio\/wp-content\/uploads\/2026\/04\/expoefi-2026-economia-politica-comunidad-de-O35AAH3W5RFTBJDEYZDILPGZDA.JPG","articleSection":["ECONOMIA"],"inLanguage":"es"},{"@type":"WebPage","@id":"https:\/\/gysfm.com.ar\/inicio\/inflacion-en-torno-al-31-reservas-en-record-y-elecciones-bajo-la-lupa-el-diagnostico-de-cuatro-economistas-sobre-la-argentina\/","url":"https:\/\/gysfm.com.ar\/inicio\/inflacion-en-torno-al-31-reservas-en-record-y-elecciones-bajo-la-lupa-el-diagnostico-de-cuatro-economistas-sobre-la-argentina\/","name":"Inflaci\u00f3n en torno al 31%, reservas en r\u00e9cord y elecciones bajo la lupa: el diagn\u00f3stico de cuatro economistas sobre la Argentina - GYS NOTICIAS |","isPartOf":{"@id":"https:\/\/gysfm.com.ar\/inicio\/#website"},"primaryImageOfPage":{"@id":"https:\/\/gysfm.com.ar\/inicio\/inflacion-en-torno-al-31-reservas-en-record-y-elecciones-bajo-la-lupa-el-diagnostico-de-cuatro-economistas-sobre-la-argentina\/#primaryimage"},"image":{"@id":"https:\/\/gysfm.com.ar\/inicio\/inflacion-en-torno-al-31-reservas-en-record-y-elecciones-bajo-la-lupa-el-diagnostico-de-cuatro-economistas-sobre-la-argentina\/#primaryimage"},"thumbnailUrl":"https:\/\/gysfm.com.ar\/inicio\/wp-content\/uploads\/2026\/04\/expoefi-2026-economia-politica-comunidad-de-O35AAH3W5RFTBJDEYZDILPGZDA.JPG","datePublished":"2026-04-28T16:59:25+00:00","dateModified":"2026-04-28T16:59:26+00:00","breadcrumb":{"@id":"https:\/\/gysfm.com.ar\/inicio\/inflacion-en-torno-al-31-reservas-en-record-y-elecciones-bajo-la-lupa-el-diagnostico-de-cuatro-economistas-sobre-la-argentina\/#breadcrumb"},"inLanguage":"es","potentialAction":[{"@type":"ReadAction","target":["https:\/\/gysfm.com.ar\/inicio\/inflacion-en-torno-al-31-reservas-en-record-y-elecciones-bajo-la-lupa-el-diagnostico-de-cuatro-economistas-sobre-la-argentina\/"]}]},{"@type":"ImageObject","inLanguage":"es","@id":"https:\/\/gysfm.com.ar\/inicio\/inflacion-en-torno-al-31-reservas-en-record-y-elecciones-bajo-la-lupa-el-diagnostico-de-cuatro-economistas-sobre-la-argentina\/#primaryimage","url":"https:\/\/gysfm.com.ar\/inicio\/wp-content\/uploads\/2026\/04\/expoefi-2026-economia-politica-comunidad-de-O35AAH3W5RFTBJDEYZDILPGZDA.JPG","contentUrl":"https:\/\/gysfm.com.ar\/inicio\/wp-content\/uploads\/2026\/04\/expoefi-2026-economia-politica-comunidad-de-O35AAH3W5RFTBJDEYZDILPGZDA.JPG","width":1200,"height":800},{"@type":"BreadcrumbList","@id":"https:\/\/gysfm.com.ar\/inicio\/inflacion-en-torno-al-31-reservas-en-record-y-elecciones-bajo-la-lupa-el-diagnostico-de-cuatro-economistas-sobre-la-argentina\/#breadcrumb","itemListElement":[{"@type":"ListItem","position":1,"name":"Portada","item":"https:\/\/gysfm.com.ar\/inicio\/"},{"@type":"ListItem","position":2,"name":"Inflaci\u00f3n en torno al 31%, reservas en r\u00e9cord y elecciones bajo la lupa: el diagn\u00f3stico de cuatro economistas sobre la Argentina"}]},{"@type":"WebSite","@id":"https:\/\/gysfm.com.ar\/inicio\/#website","url":"https:\/\/gysfm.com.ar\/inicio\/","name":"GYS NOTICIAS |","description":"DIARIO - RADIO ONLINE SAN JUAN ARGENTINA","publisher":{"@id":"https:\/\/gysfm.com.ar\/inicio\/#organization"},"potentialAction":[{"@type":"SearchAction","target":{"@type":"EntryPoint","urlTemplate":"https:\/\/gysfm.com.ar\/inicio\/?s={search_term_string}"},"query-input":{"@type":"PropertyValueSpecification","valueRequired":true,"valueName":"search_term_string"}}],"inLanguage":"es"},{"@type":"Organization","@id":"https:\/\/gysfm.com.ar\/inicio\/#organization","name":"GYS NOTICIAS |","url":"https:\/\/gysfm.com.ar\/inicio\/","logo":{"@type":"ImageObject","inLanguage":"es","@id":"https:\/\/gysfm.com.ar\/inicio\/#\/schema\/logo\/image\/","url":"https:\/\/gysfm.com.ar\/inicio\/wp-content\/uploads\/2023\/07\/LOGOGYS-OK.png","contentUrl":"https:\/\/gysfm.com.ar\/inicio\/wp-content\/uploads\/2023\/07\/LOGOGYS-OK.png","width":1170,"height":872,"caption":"GYS NOTICIAS |"},"image":{"@id":"https:\/\/gysfm.com.ar\/inicio\/#\/schema\/logo\/image\/"}},{"@type":"Person","@id":"https:\/\/gysfm.com.ar\/inicio\/#\/schema\/person\/5bedd7ecd35cc35548d89effafa23696","name":"admin","image":{"@type":"ImageObject","inLanguage":"es","@id":"https:\/\/gysfm.com.ar\/inicio\/#\/schema\/person\/image\/","url":"https:\/\/secure.gravatar.com\/avatar\/c331d312b5243fb64d5ba28108a447b27c925295129a363082c9ea52c28d32c2?s=96&d=mm&r=g","contentUrl":"https:\/\/secure.gravatar.com\/avatar\/c331d312b5243fb64d5ba28108a447b27c925295129a363082c9ea52c28d32c2?s=96&d=mm&r=g","caption":"admin"},"sameAs":["https:\/\/gysfm.com.ar\/inicio"],"url":"https:\/\/gysfm.com.ar\/inicio\/author\/admin\/"}]}},"_links":{"self":[{"href":"https:\/\/gysfm.com.ar\/inicio\/wp-json\/wp\/v2\/posts\/193492","targetHints":{"allow":["GET"]}}],"collection":[{"href":"https:\/\/gysfm.com.ar\/inicio\/wp-json\/wp\/v2\/posts"}],"about":[{"href":"https:\/\/gysfm.com.ar\/inicio\/wp-json\/wp\/v2\/types\/post"}],"author":[{"embeddable":true,"href":"https:\/\/gysfm.com.ar\/inicio\/wp-json\/wp\/v2\/users\/1"}],"replies":[{"embeddable":true,"href":"https:\/\/gysfm.com.ar\/inicio\/wp-json\/wp\/v2\/comments?post=193492"}],"version-history":[{"count":1,"href":"https:\/\/gysfm.com.ar\/inicio\/wp-json\/wp\/v2\/posts\/193492\/revisions"}],"predecessor-version":[{"id":193494,"href":"https:\/\/gysfm.com.ar\/inicio\/wp-json\/wp\/v2\/posts\/193492\/revisions\/193494"}],"wp:featuredmedia":[{"embeddable":true,"href":"https:\/\/gysfm.com.ar\/inicio\/wp-json\/wp\/v2\/media\/193493"}],"wp:attachment":[{"href":"https:\/\/gysfm.com.ar\/inicio\/wp-json\/wp\/v2\/media?parent=193492"}],"wp:term":[{"taxonomy":"category","embeddable":true,"href":"https:\/\/gysfm.com.ar\/inicio\/wp-json\/wp\/v2\/categories?post=193492"},{"taxonomy":"post_tag","embeddable":true,"href":"https:\/\/gysfm.com.ar\/inicio\/wp-json\/wp\/v2\/tags?post=193492"}],"curies":[{"name":"wp","href":"https:\/\/api.w.org\/{rel}","templated":true}]}}