{"id":193489,"date":"2026-04-28T13:56:12","date_gmt":"2026-04-28T16:56:12","guid":{"rendered":"https:\/\/gysfm.com.ar\/inicio\/trump-no-esta-satisfecho-con-la-ultima-propuesta-de-iran-para-terminar-con-la-guerra-y-las-negociaciones-se-estancan\/"},"modified":"2026-04-28T13:56:12","modified_gmt":"2026-04-28T16:56:12","slug":"trump-no-esta-satisfecho-con-la-ultima-propuesta-de-iran-para-terminar-con-la-guerra-y-las-negociaciones-se-estancan","status":"publish","type":"post","link":"https:\/\/gysfm.com.ar\/inicio\/trump-no-esta-satisfecho-con-la-ultima-propuesta-de-iran-para-terminar-con-la-guerra-y-las-negociaciones-se-estancan\/","title":{"rendered":"Trump no est\u00e1 satisfecho con la \u00faltima propuesta de Ir\u00e1n para terminar con la guerra y las negociaciones se estancan"},"content":{"rendered":"<p> <br \/>\n<\/p>\n<div>\n<p class=\"com-paragraph  --capital --s\">WASHINGTON.\u2013 El presidente norteamericano, <strong>Donald Trump<\/strong>, dijo el martes que <a href=\"https:\/\/www.lanacion.com.ar\/el-mundo\/guerra-de-estados-unidos-e-israel-contra-iran-en-vivo-tension-en-medio-oriente-hoy-martes-28-de-nid28042026\/\" target=\"_self\" title=\"https:\/\/www.lanacion.com.ar\/el-mundo\/guerra-de-estados-unidos-e-israel-contra-iran-en-vivo-tension-en-medio-oriente-hoy-martes-28-de-nid28042026\/\" class=\"com-link break-word\" data-mrf-recirculation=\"n_link_parrafo\"><strong>Ir\u00e1n<\/strong><\/a><strong> pidi\u00f3 a Estados Unidos reabrir el estrecho de Ormuz \u201clo antes posible\u201d<\/strong>, mientras la Casa Blanca analiza la \u00faltima propuesta del r\u00e9gimen isl\u00e1mico para desbloquear la v\u00eda fundamental para el comercio mundial de hidrocarburos. <\/p>\n<p class=\"com-paragraph   --s\"><strong>\u201cIran acaba de informarnos que est\u00e1n en un &#8216;<\/strong><em><strong>estado de colapso\u2019\u201d<\/strong><\/em>, escribi\u00f3 el mandatario en su cuenta de Truth Social.<\/p>\n<p class=\"com-paragraph   --s\"><strong>\u201cQuieren que <\/strong><em><strong>\u201cabramos el estrecho de Ormuz\u201d<\/strong><\/em><strong> lo antes posible, mientras intentan resolver su situaci\u00f3n de liderazgo (\u00a1algo que creo que podr\u00e1n hacer!)\u201c<\/strong>, agreg\u00f3 Trump, haciendo referencia a las divisiones internas reportadas dentro del r\u00e9gimen isl\u00e1mico respecto de las negociaciones con Washington.<\/p>\n<div class=\"content-media\">\n<section role=\"button\" class=\"mod-media   \">\n<figure role=\"button\" tabindex=\"0\" class=\"mod-figure \"><figcaption class=\"mod-figcaption\"><span class=\"com-text --caption --twoxs\">Captura de la publicaci\u00f3n de Trump. Fuente: Truth Social<\/span><\/figcaption><\/figure>\n<\/section>\n<\/div>\n<p class=\"com-paragraph   --s\">Sin embargo, seg\u00fan dijo una fuente estadounidense a Reuters, <strong>Trump no est\u00e1 satisfecho con la \u00faltima propuesta iran\u00ed <\/strong>para resolver la guerra iniciada hace dos meses, lo \u200cque <strong>frena las esperanzas de alcanzar \u200cuna soluci\u00f3n<\/strong> \u2060al conflicto que ha interrumpido el suministro energ\u00e9tico, avivado la inflaci\u00f3n y causado la muerte de miles de personas.<\/p>\n<p class=\"com-paragraph   --s\">Hasta ahora,<strong> las conversaciones de paz entre Washington y <\/strong><a href=\"https:\/\/www.lanacion.com.ar\/el-mundo\/guerra-de-estados-unidos-e-israel-contra-iran-en-vivo-tension-en-medio-oriente-nid26042026-2\/\" target=\"_self\" title=\"https:\/\/www.lanacion.com.ar\/el-mundo\/guerra-de-estados-unidos-e-israel-contra-iran-en-vivo-tension-en-medio-oriente-nid26042026-2\/\" class=\"com-link break-word\" data-mrf-recirculation=\"n_link_parrafo\"><strong>Teher\u00e1n<\/strong><\/a><strong> para poner fin al conflicto<\/strong>, que ha trastocado la econom\u00eda mundial con un doble bloqueo de la estrat\u00e9gica v\u00eda mar\u00edtima, no han dado resultados. Sin embargo,<strong> una fr\u00e1gil tregua se mantiene activa desde hace casi tres semanas<\/strong>.<\/p>\n<div class=\"content-media\">\n<section role=\"button\" class=\"mod-media   \">\n<figure role=\"button\" tabindex=\"0\" class=\"mod-figure \"><figcaption class=\"mod-figcaption\"><span class=\"com-text --caption --twoxs\">Un cartel publicitario que muestra a tropas iran\u00edes utilizando una red para atrapar aviones de combate estadounidenses, en Teher\u00e1n, Ir\u00e1n, el 28 de abril de 2026<\/span><span class=\"com-text --credit --twoxs\">ATTA KENARE &#8211; AFP<\/span><\/figcaption><\/figure>\n<\/section>\n<\/div>\n<p class=\"com-paragraph   --s\"><a href=\"https:\/\/www.lanacion.com.ar\/estados-unidos\/la-casa-blanca-arremete-contra-la-oposicion-y-algunos-medios-por-el-clima-de-violencia-politica-en-nid27042026\/\" target=\"_self\" title=\"https:\/\/www.lanacion.com.ar\/estados-unidos\/la-casa-blanca-arremete-contra-la-oposicion-y-algunos-medios-por-el-clima-de-violencia-politica-en-nid27042026\/\" class=\"com-link break-word\" data-mrf-recirculation=\"n_link_parrafo\"><strong>Trump<\/strong><\/a>, <strong>se reuni\u00f3 el lunes con sus principales asesores de seguridad <\/strong>para discutir una nueva propuesta iran\u00ed, luego de que, seg\u00fan la agencia de noticias iran\u00ed Fars, <strong>el r\u00e9gimen isl\u00e1mico enviara \u201cmensajes escritos\u201d a Washington <\/strong>a trav\u00e9s del mediador <strong>Pakist\u00e1n<\/strong>.<\/p>\n<p class=\"com-paragraph   --s\">El plan contemplar\u00eda que <strong>Ir\u00e1n relaje su control sobre el estrecho de Ormuz <\/strong>y que <strong>Estados Unidos levante su bloqueo de represalia <\/strong>sobre los puertos iran\u00edes, sin dejar de proseguir negociaciones m\u00e1s amplias, incluyendo <strong>la controvertida cuesti\u00f3n del programa nuclear iran\u00ed<\/strong>.<\/p>\n<p class=\"com-paragraph   --s\">La vocera de la Casa Blanca, <strong>Karoline Leavitt<\/strong>, confirm\u00f3 en una rueda de prensa que <strong>la oferta estaba \u201csiendo discutida\u201d<\/strong>.<\/p>\n<div class=\"content-media\">\n<section role=\"button\" class=\"mod-media   \">\n<figure role=\"button\" tabindex=\"0\" class=\"mod-figure \"><figcaption class=\"mod-figcaption\"><span class=\"com-text --caption --twoxs\">Manifestantes progubernamentales agitan banderas iran\u00edes durante una concentraci\u00f3n en Teher\u00e1n, Ir\u00e1n, el 27 de abril de 2026<\/span><span class=\"com-text --credit --twoxs\">Vahid Salemi &#8211; AP<\/span><\/figcaption><\/figure>\n<\/section>\n<\/div>\n<p class=\"com-paragraph   --s\">Al ser consultado sobre los t\u00e9rminos de la propuesta de Ir\u00e1n, el secretario de Estado norteamericano, <strong>Marco Rubio<\/strong>, dijo a Fox News que era <strong>\u201cmejor\u201d de lo que Washington pensaba que \u201ciban a presentar\u201d<\/strong>, pero cuestion\u00f3 la sinceridad de fondo.<\/p>\n<p class=\"com-paragraph   --s\">\u201cTenemos que asegurarnos de que cualquier trato que se haga, cualquier acuerdo que se alcance, sea uno que <strong>les impida definitivamente lanzarse a por un arma nuclear en cualquier momento<\/strong>\u201c, afirm\u00f3 Rubio.<\/p>\n<p class=\"com-paragraph   --s\"><strong>\u201cEstados Unidos ya no est\u00e1 en condiciones de dictar su pol\u00edtica a las naciones independientes\u201d<\/strong>, declar\u00f3 por su parte el portavoz del Ministerio de Defensa iran\u00ed, <strong>Reza Talaei Nik<\/strong>, seg\u00fan la televisi\u00f3n estatal.<\/p>\n<div class=\"content-media\">\n<section role=\"button\" class=\"mod-media   \">\n<figure role=\"button\" tabindex=\"0\" class=\"mod-figure \"><figcaption class=\"mod-figcaption\"><span class=\"com-text --caption --twoxs\">Chicos sostienen banderas iran\u00edes durante una manifestaci\u00f3n progubernamental en Teher\u00e1n, Ir\u00e1n, el 27 de abril de 2026<\/span><span class=\"com-text --credit --twoxs\">Vahid Salemi &#8211; AP<\/span><\/figcaption><\/figure>\n<\/section>\n<\/div>\n<p class=\"com-paragraph   --s\">Washington ha de aceptar que le toca <strong>\u201cabandonar sus exigencias ilegales e irracionales\u201d<\/strong>, agreg\u00f3 el funcionario.<\/p>\n<p class=\"com-paragraph   --s\">Pese al bloqueo, <strong>un metanero cargado con 132.890 m\u00b3 de gas natural licuado (GNL) atraves\u00f3 el estrecho en abril<\/strong>, algo que no ocurr\u00eda desde el inicio de la guerra, seg\u00fan datos de la consultora <strong>Kpler<\/strong> consultados el martes por la AFP.<\/p>\n<p class=\"com-paragraph   --s\">El metanero <a href=\"https:\/\/www.lanacion.com.ar\/el-mundo\/un-buque-con-gas-licuado-atraveso-el-estrecho-de-ormuz-nid28042026\/\" target=\"_self\" title=\"https:\/\/www.lanacion.com.ar\/el-mundo\/un-buque-con-gas-licuado-atraveso-el-estrecho-de-ormuz-nid28042026\/\" class=\"com-link break-word\" data-mrf-recirculation=\"n_link_parrafo\"><strong>Mubaraz<\/strong><\/a>, controlado por la compa\u00f1\u00eda petrolera nacional emirat\u00ed <strong>Adnoc<\/strong>, pudo haberlo cruzado <strong>\u201cel fin de semana del 18-19 de abril, cuando varios buques, entre ellos siete metaneros, intentaron pasar\u201d<\/strong>, aunque la fecha no est\u00e1 a\u00fan confirmada, indic\u00f3 en una nota <strong>Charles Costerousse<\/strong>, analista de Kpler.<\/p>\n<p class=\"com-paragraph   --s\">Sobre el terreno, en <strong>Teher\u00e1n<\/strong>, <strong>\u201cla situaci\u00f3n se ha vuelto aterradora\u201d<\/strong>, cont\u00f3 <strong>Farshad<\/strong>, un empresario de 41 a\u00f1os. <strong>\u201cLa gente est\u00e1 consternada por no tener dinero para comprar nada ni para comer\u201d<\/strong>, dijo a la AFP.<\/p>\n<p class=\"com-paragraph   --s\">Desencadenada por los ataques de Estados Unidos e Israel contra Ir\u00e1n el 28 de febrero, <strong>la guerra en Medio Oriente ha causado miles de muertos<\/strong>, principalmente en Ir\u00e1n y <strong>el L\u00edbano<\/strong>.<\/p>\n<div class=\"content-media\">\n<section role=\"button\" class=\"mod-media   \">\n<figure role=\"button\" tabindex=\"0\" class=\"mod-figure \"><figcaption class=\"mod-figcaption\"><span class=\"com-text --caption --twoxs\">Putin saluda al ministro de Asuntos Exteriores iran\u00ed, Abbas Araghchi, durante su reuni\u00f3n en San Petersburgo, Rusia, el 27 de abril de 2026<\/span><span class=\"com-text --credit --twoxs\">DMITRY LOVETSKY &#8211; POOL<\/span><\/figcaption><\/figure>\n<\/section>\n<\/div>\n<p class=\"com-paragraph   --s\">El jefe del <strong>Mosad<\/strong>, los servicios secretos exteriores israel\u00edes, <strong>elogi\u00f3 los \u00e9xitos de sus agentes <\/strong>y calific\u00f3 de \u201crevolucionarias\u201d las operaciones llevadas a cabo en esos dos pa\u00edses.<\/p>\n<p class=\"com-paragraph   --s\">Por otra parte, el balance de v\u00edctimas de uno de los episodios m\u00e1s dram\u00e1ticos del conflicto, un bombardeo el primer d\u00eda de la guerra contra una escuela de <strong>Minab<\/strong>, en el sur de Ir\u00e1n, <strong>fue revisado a 155 muertos <\/strong>-entre ellos 120 menores- <strong>frente a los 175 anteriores<\/strong>, inform\u00f3 la televisi\u00f3n estatal iran\u00ed.<\/p>\n<div class=\"content-media\">\n<section role=\"button\" class=\"mod-media   \">\n<figure role=\"button\" tabindex=\"0\" class=\"mod-figure \"><figcaption class=\"mod-figcaption\"><span class=\"com-text --caption --twoxs\">Un barco navegando junto a un petrolero fondeado en el estrecho de Ormuz, frente a la costa de la isla de Qeshm, Ir\u00e1n, el 18 de abril de 2026<\/span><span class=\"com-text --credit --twoxs\">Asghar Besharati &#8211; AP<\/span><\/figcaption><\/figure>\n<\/section>\n<\/div>\n<p class=\"com-paragraph   --s\">Con \u200clas partes beligerantes aparentemente a\u00fan muy distanciadas,<strong> los precios del petr\u00f3leo reanudaron su marcha alcista<\/strong>, ampliando las ganancias en las primeras operaciones asi\u00e1ticas del martes.<\/p>\n<p class=\"com-paragraph   --s\">El crudo <strong>Brent<\/strong> del mar del Norte, referencia del mercado internacional, <strong>avanzaba un 2,7% y se ubicaba de nuevo por encima de los 110 d\u00f3lares por barril<\/strong>. Su equivalente estadounidense, el <strong>West Texas Intermediate <\/strong>(WTI), <strong>sub\u00eda un 2,5% hasta los 98,78 d\u00f3lares<\/strong>.<\/p>\n<p class=\"com-paragraph   --s\">Por otra parte, <strong>Arabia Saudita acoger\u00e1 el martes en Yeda una reuni\u00f3n extraordinaria del Consejo de Cooperaci\u00f3n del Golfo (CCG)<\/strong>, la \u200cprimera reuni\u00f3n presencial de \u200clos \u2060l\u00edderes del <strong>golfo P\u00e9rsico <\/strong>desde que sus pa\u00edses se convirtieron en un frente de la guerra contra Ir\u00e1n.<\/p>\n<p class=\"com-paragraph   --s\">Un responsable \u200bdel golfo \u2060P\u00e9rsico, \u2060que habl\u00f3 bajo condici\u00f3n de anonimato, afirm\u00f3 que <strong>la reuni\u00f3n tiene como objetivo elaborar una \u200brespuesta a los miles de ataques <\/strong>con misiles y drones iran\u00edes a \u200clos que se han enfrentado los pa\u00edses de \u200bla regi\u00f3n.<\/p>\n<div class=\"content-media\">\n<section role=\"button\" class=\"mod-media   \">\n<figure role=\"button\" tabindex=\"0\" class=\"mod-figure \"><figcaption class=\"mod-figcaption\"><span class=\"com-text --caption --twoxs\">Fotograf\u00eda difundida por Ir\u00e1n el 26 de abril de 2026, muestra al canciller iran\u00ed Abbas Araghchi estrechando la mano del sult\u00e1n de Om\u00e1n, Haitham bin Tariq, en Mascate<\/span><span class=\"com-text --credit --twoxs\">&#8211; &#8211; Iran&#8217;s Foreign Ministry<\/span><\/figcaption><\/figure>\n<\/section>\n<\/div>\n<p class=\"com-paragraph   --s\">La guerra ha provocado <strong>da\u00f1os en infraestructuras energ\u00e9ticas clave de los seis pa\u00edses del CCG<\/strong>, y tambi\u00e9n han sido blanco de ataques empresas vinculadas a Estados Unidos y otras infraestructuras civiles, <strong>as\u00ed \u200bcomo instalaciones militares<\/strong>.<\/p>\n<p class=\"com-paragraph   --s\">Los ataques han remitido desde que Estados Unidos e Ir\u00e1n acordaron <strong>un alto el fuego el \u20608 de abril<\/strong>, aunque las capitales del golfo P\u00e9rsico <strong>siguen temiendo que se reanude el conflicto<\/strong>.<\/p>\n<p class=\"com-paragraph   --s\">El emir de <strong>Qatar<\/strong>, el pr\u00edncipe heredero de <strong>Kuwait<\/strong>, el rey de <strong>Bahr\u00e9in <\/strong>y el ministro de Asuntos Exteriores de <strong>Emiratos \u00c1rabes Unidos llegaron a Yeda para asistir a la cumbre<\/strong>, seg\u00fan informaron \u200cmedios estatales sauditas. <strong>No estaba claro qui\u00e9n representar\u00eda a Om\u00e1n<\/strong>, el miembro restante del \u2060CCG junto con Arabia Saudita, que alberga la sede del consejo.<\/p>\n<div class=\"content-media\">\n<section role=\"button\" class=\"mod-media   \">\n<figure role=\"button\" tabindex=\"0\" class=\"mod-figure \"><figcaption class=\"mod-figcaption\"><span class=\"com-text --caption --twoxs\">Manifestantes progubernamentales durante una concentraci\u00f3n en Teher\u00e1n, Ir\u00e1n, el 27 de abril de 2026<\/span><span class=\"com-text --credit --twoxs\">Vahid Salemi &#8211; AP<\/span><\/figcaption><\/figure>\n<\/section>\n<\/div>\n<p class=\"com-paragraph   --s\">El CCG \u200cha recibido fuertes cr\u00edticas de Emiratos \u00c1rabes Unidos por lo que, \u2060seg\u00fan estos, ha sido<strong> una respuesta inadecuada a la \u2060guerra<\/strong>.<\/p>\n<p class=\"com-paragraph   --s\">\u201cEs cierto que, desde el punto de vista log\u00edstico, los pa\u00edses del CCG se apoyaron mutuamente, <strong>pero pol\u00edtica y militarmente, creo que su posici\u00f3n fue la m\u00e1s d\u00e9bil de la historia<\/strong>\u201d, dijo el lunes el alto representante de Emiratos \u00c1rabes Unidos <strong>Anwar \u200cGargash<\/strong> en una conferencia celebrada en Emiratos.<\/p>\n<p class=\"com-paragraph   --s\">\u201cEsperaba \u200buna postura tan d\u00e9bil por parte de la Liga \u00c1rabe, y no me sorprende,<strong> pero no la esperaba del CCG, y me sorprende<\/strong>\u201d, agreg\u00f3 el funcionario.<\/p>\n<p class=\"com-paragraph   --s\"><strong>Agencias AP, AFP y Reuters<\/strong><\/p>\n<section class=\"container-center-100 mb-40 border border-bottom border-thin border-neutral-light-700\">\n<hr\/>\n<\/section>\n<\/div>\n<p><script id=\"facebookpixel\" defer=\"\" type=\"text\/javascript\">\n        !function(f,b,e,v,n,t,s)\n        {if(f.fbq)return;n=f.fbq=function(){n.callMethod?\n        n.callMethod.apply(n,arguments):n.queue.push(arguments)};\n        if(!f._fbq)f._fbq=n;n.push=n;n.loaded=!0;n.version='2.0';\n        n.queue=[];t=b.createElement(e);t.async=!0;\n        t.src=v;s=b.getElementsByTagName(e)[0];\n        s.parentNode.insertBefore(t,s)}(window, document,'script',\n        'https:\/\/connect.facebook.net\/en_US\/fbevents.js');\n        fbq('init', '492459597522335');\n        fbq('track', 'PageView');\n    <\/script><br \/>\n<br \/><\/p>\n","protected":false},"excerpt":{"rendered":"<p>WASHINGTON.\u2013 El presidente norteamericano, Donald Trump, dijo el martes que Ir\u00e1n pidi\u00f3 a Estados Unidos reabrir el estrecho de Ormuz \u201clo antes posible\u201d, mientras la Casa Blanca analiza la \u00faltima propuesta del r\u00e9gimen isl\u00e1mico para desbloquear la v\u00eda fundamental para el comercio mundial de hidrocarburos. \u201cIran acaba de informarnos que est\u00e1n en un &#8216;estado de [&hellip;]<\/p>\n","protected":false},"author":2,"featured_media":193490,"comment_status":"closed","ping_status":"closed","sticky":false,"template":"","format":"standard","meta":{"footnotes":""},"categories":[26],"tags":[],"class_list":["post-193489","post","type-post","status-publish","format-standard","has-post-thumbnail","hentry","category-internacionales"],"yoast_head":"<!-- This site is optimized with the Yoast SEO plugin v24.4 - https:\/\/yoast.com\/wordpress\/plugins\/seo\/ -->\n<title>Trump no est\u00e1 satisfecho con la \u00faltima propuesta de Ir\u00e1n para terminar con la guerra y las negociaciones se estancan - GYS NOTICIAS |<\/title>\n<meta name=\"robots\" content=\"index, follow, max-snippet:-1, max-image-preview:large, max-video-preview:-1\" \/>\n<link rel=\"canonical\" href=\"https:\/\/gysfm.com.ar\/inicio\/trump-no-esta-satisfecho-con-la-ultima-propuesta-de-iran-para-terminar-con-la-guerra-y-las-negociaciones-se-estancan\/\" \/>\n<meta property=\"og:locale\" content=\"es_ES\" \/>\n<meta property=\"og:type\" content=\"article\" \/>\n<meta property=\"og:title\" content=\"Trump no est\u00e1 satisfecho con la \u00faltima propuesta de Ir\u00e1n para terminar con la guerra y las negociaciones se estancan - GYS NOTICIAS |\" \/>\n<meta property=\"og:description\" content=\"WASHINGTON.\u2013 El presidente norteamericano, Donald Trump, dijo el martes que Ir\u00e1n pidi\u00f3 a Estados Unidos reabrir el estrecho de Ormuz \u201clo antes posible\u201d, mientras la Casa Blanca analiza la \u00faltima propuesta del r\u00e9gimen isl\u00e1mico para desbloquear la v\u00eda fundamental para el comercio mundial de hidrocarburos. \u201cIran acaba de informarnos que est\u00e1n en un &#8216;estado de [&hellip;]\" \/>\n<meta property=\"og:url\" content=\"https:\/\/gysfm.com.ar\/inicio\/trump-no-esta-satisfecho-con-la-ultima-propuesta-de-iran-para-terminar-con-la-guerra-y-las-negociaciones-se-estancan\/\" \/>\n<meta property=\"og:site_name\" content=\"GYS NOTICIAS |\" \/>\n<meta property=\"article:published_time\" content=\"2026-04-28T16:56:12+00:00\" \/>\n<meta property=\"og:image\" content=\"https:\/\/gysfm.com.ar\/inicio\/wp-content\/uploads\/2026\/04\/el-presidente-de-estados-unidos-donald-trump-VVS6G536F5HA3F5XHOQNNFY77E.JPG\" \/>\n\t<meta property=\"og:image:width\" content=\"1200\" \/>\n\t<meta property=\"og:image:height\" content=\"800\" \/>\n\t<meta property=\"og:image:type\" content=\"image\/jpeg\" \/>\n<meta name=\"author\" content=\"Prensa G&amp;S FM\" \/>\n<meta name=\"twitter:card\" content=\"summary_large_image\" \/>\n<meta name=\"twitter:label1\" content=\"Escrito por\" \/>\n\t<meta name=\"twitter:data1\" content=\"Prensa G&amp;S FM\" \/>\n\t<meta name=\"twitter:label2\" content=\"Tiempo de lectura\" \/>\n\t<meta name=\"twitter:data2\" content=\"7 minutos\" \/>\n<script type=\"application\/ld+json\" class=\"yoast-schema-graph\">{\"@context\":\"https:\/\/schema.org\",\"@graph\":[{\"@type\":\"Article\",\"@id\":\"https:\/\/gysfm.com.ar\/inicio\/trump-no-esta-satisfecho-con-la-ultima-propuesta-de-iran-para-terminar-con-la-guerra-y-las-negociaciones-se-estancan\/#article\",\"isPartOf\":{\"@id\":\"https:\/\/gysfm.com.ar\/inicio\/trump-no-esta-satisfecho-con-la-ultima-propuesta-de-iran-para-terminar-con-la-guerra-y-las-negociaciones-se-estancan\/\"},\"author\":{\"name\":\"Prensa G&amp;S FM\",\"@id\":\"https:\/\/gysfm.com.ar\/inicio\/#\/schema\/person\/3abba7593ef2ad19e1be221d54383dc5\"},\"headline\":\"Trump no est\u00e1 satisfecho con la \u00faltima propuesta de Ir\u00e1n para terminar con la guerra y las negociaciones se estancan\",\"datePublished\":\"2026-04-28T16:56:12+00:00\",\"mainEntityOfPage\":{\"@id\":\"https:\/\/gysfm.com.ar\/inicio\/trump-no-esta-satisfecho-con-la-ultima-propuesta-de-iran-para-terminar-con-la-guerra-y-las-negociaciones-se-estancan\/\"},\"wordCount\":1353,\"publisher\":{\"@id\":\"https:\/\/gysfm.com.ar\/inicio\/#organization\"},\"image\":{\"@id\":\"https:\/\/gysfm.com.ar\/inicio\/trump-no-esta-satisfecho-con-la-ultima-propuesta-de-iran-para-terminar-con-la-guerra-y-las-negociaciones-se-estancan\/#primaryimage\"},\"thumbnailUrl\":\"https:\/\/gysfm.com.ar\/inicio\/wp-content\/uploads\/2026\/04\/el-presidente-de-estados-unidos-donald-trump-VVS6G536F5HA3F5XHOQNNFY77E.JPG\",\"articleSection\":[\"INTERNACIONALES\"],\"inLanguage\":\"es\"},{\"@type\":\"WebPage\",\"@id\":\"https:\/\/gysfm.com.ar\/inicio\/trump-no-esta-satisfecho-con-la-ultima-propuesta-de-iran-para-terminar-con-la-guerra-y-las-negociaciones-se-estancan\/\",\"url\":\"https:\/\/gysfm.com.ar\/inicio\/trump-no-esta-satisfecho-con-la-ultima-propuesta-de-iran-para-terminar-con-la-guerra-y-las-negociaciones-se-estancan\/\",\"name\":\"Trump no est\u00e1 satisfecho con la \u00faltima propuesta de Ir\u00e1n para terminar con la guerra y las negociaciones se estancan - GYS NOTICIAS |\",\"isPartOf\":{\"@id\":\"https:\/\/gysfm.com.ar\/inicio\/#website\"},\"primaryImageOfPage\":{\"@id\":\"https:\/\/gysfm.com.ar\/inicio\/trump-no-esta-satisfecho-con-la-ultima-propuesta-de-iran-para-terminar-con-la-guerra-y-las-negociaciones-se-estancan\/#primaryimage\"},\"image\":{\"@id\":\"https:\/\/gysfm.com.ar\/inicio\/trump-no-esta-satisfecho-con-la-ultima-propuesta-de-iran-para-terminar-con-la-guerra-y-las-negociaciones-se-estancan\/#primaryimage\"},\"thumbnailUrl\":\"https:\/\/gysfm.com.ar\/inicio\/wp-content\/uploads\/2026\/04\/el-presidente-de-estados-unidos-donald-trump-VVS6G536F5HA3F5XHOQNNFY77E.JPG\",\"datePublished\":\"2026-04-28T16:56:12+00:00\",\"breadcrumb\":{\"@id\":\"https:\/\/gysfm.com.ar\/inicio\/trump-no-esta-satisfecho-con-la-ultima-propuesta-de-iran-para-terminar-con-la-guerra-y-las-negociaciones-se-estancan\/#breadcrumb\"},\"inLanguage\":\"es\",\"potentialAction\":[{\"@type\":\"ReadAction\",\"target\":[\"https:\/\/gysfm.com.ar\/inicio\/trump-no-esta-satisfecho-con-la-ultima-propuesta-de-iran-para-terminar-con-la-guerra-y-las-negociaciones-se-estancan\/\"]}]},{\"@type\":\"ImageObject\",\"inLanguage\":\"es\",\"@id\":\"https:\/\/gysfm.com.ar\/inicio\/trump-no-esta-satisfecho-con-la-ultima-propuesta-de-iran-para-terminar-con-la-guerra-y-las-negociaciones-se-estancan\/#primaryimage\",\"url\":\"https:\/\/gysfm.com.ar\/inicio\/wp-content\/uploads\/2026\/04\/el-presidente-de-estados-unidos-donald-trump-VVS6G536F5HA3F5XHOQNNFY77E.JPG\",\"contentUrl\":\"https:\/\/gysfm.com.ar\/inicio\/wp-content\/uploads\/2026\/04\/el-presidente-de-estados-unidos-donald-trump-VVS6G536F5HA3F5XHOQNNFY77E.JPG\",\"width\":1200,\"height\":800},{\"@type\":\"BreadcrumbList\",\"@id\":\"https:\/\/gysfm.com.ar\/inicio\/trump-no-esta-satisfecho-con-la-ultima-propuesta-de-iran-para-terminar-con-la-guerra-y-las-negociaciones-se-estancan\/#breadcrumb\",\"itemListElement\":[{\"@type\":\"ListItem\",\"position\":1,\"name\":\"Portada\",\"item\":\"https:\/\/gysfm.com.ar\/inicio\/\"},{\"@type\":\"ListItem\",\"position\":2,\"name\":\"Trump no est\u00e1 satisfecho con la \u00faltima propuesta de Ir\u00e1n para terminar con la guerra y las negociaciones se estancan\"}]},{\"@type\":\"WebSite\",\"@id\":\"https:\/\/gysfm.com.ar\/inicio\/#website\",\"url\":\"https:\/\/gysfm.com.ar\/inicio\/\",\"name\":\"GYS NOTICIAS |\",\"description\":\"DIARIO - RADIO ONLINE SAN JUAN ARGENTINA\",\"publisher\":{\"@id\":\"https:\/\/gysfm.com.ar\/inicio\/#organization\"},\"potentialAction\":[{\"@type\":\"SearchAction\",\"target\":{\"@type\":\"EntryPoint\",\"urlTemplate\":\"https:\/\/gysfm.com.ar\/inicio\/?s={search_term_string}\"},\"query-input\":{\"@type\":\"PropertyValueSpecification\",\"valueRequired\":true,\"valueName\":\"search_term_string\"}}],\"inLanguage\":\"es\"},{\"@type\":\"Organization\",\"@id\":\"https:\/\/gysfm.com.ar\/inicio\/#organization\",\"name\":\"GYS NOTICIAS |\",\"url\":\"https:\/\/gysfm.com.ar\/inicio\/\",\"logo\":{\"@type\":\"ImageObject\",\"inLanguage\":\"es\",\"@id\":\"https:\/\/gysfm.com.ar\/inicio\/#\/schema\/logo\/image\/\",\"url\":\"https:\/\/gysfm.com.ar\/inicio\/wp-content\/uploads\/2023\/07\/LOGOGYS-OK.png\",\"contentUrl\":\"https:\/\/gysfm.com.ar\/inicio\/wp-content\/uploads\/2023\/07\/LOGOGYS-OK.png\",\"width\":1170,\"height\":872,\"caption\":\"GYS NOTICIAS |\"},\"image\":{\"@id\":\"https:\/\/gysfm.com.ar\/inicio\/#\/schema\/logo\/image\/\"}},{\"@type\":\"Person\",\"@id\":\"https:\/\/gysfm.com.ar\/inicio\/#\/schema\/person\/3abba7593ef2ad19e1be221d54383dc5\",\"name\":\"Prensa G&amp;S FM\",\"image\":{\"@type\":\"ImageObject\",\"inLanguage\":\"es\",\"@id\":\"https:\/\/gysfm.com.ar\/inicio\/#\/schema\/person\/image\/\",\"url\":\"https:\/\/secure.gravatar.com\/avatar\/096ec78df02049ab018702bb4ccedf659377fa92a26540b5247612077a0dbd29?s=96&d=mm&r=g\",\"contentUrl\":\"https:\/\/secure.gravatar.com\/avatar\/096ec78df02049ab018702bb4ccedf659377fa92a26540b5247612077a0dbd29?s=96&d=mm&r=g\",\"caption\":\"Prensa G&amp;S FM\"},\"sameAs\":[\"https:\/\/gysfm.com.ar\/\"],\"url\":\"https:\/\/gysfm.com.ar\/inicio\/author\/lucasm\/\"}]}<\/script>\n<!-- \/ Yoast SEO plugin. -->","yoast_head_json":{"title":"Trump no est\u00e1 satisfecho con la \u00faltima propuesta de Ir\u00e1n para terminar con la guerra y las negociaciones se estancan - GYS NOTICIAS |","robots":{"index":"index","follow":"follow","max-snippet":"max-snippet:-1","max-image-preview":"max-image-preview:large","max-video-preview":"max-video-preview:-1"},"canonical":"https:\/\/gysfm.com.ar\/inicio\/trump-no-esta-satisfecho-con-la-ultima-propuesta-de-iran-para-terminar-con-la-guerra-y-las-negociaciones-se-estancan\/","og_locale":"es_ES","og_type":"article","og_title":"Trump no est\u00e1 satisfecho con la \u00faltima propuesta de Ir\u00e1n para terminar con la guerra y las negociaciones se estancan - GYS NOTICIAS |","og_description":"WASHINGTON.\u2013 El presidente norteamericano, Donald Trump, dijo el martes que Ir\u00e1n pidi\u00f3 a Estados Unidos reabrir el estrecho de Ormuz \u201clo antes posible\u201d, mientras la Casa Blanca analiza la \u00faltima propuesta del r\u00e9gimen isl\u00e1mico para desbloquear la v\u00eda fundamental para el comercio mundial de hidrocarburos. \u201cIran acaba de informarnos que est\u00e1n en un &#8216;estado de [&hellip;]","og_url":"https:\/\/gysfm.com.ar\/inicio\/trump-no-esta-satisfecho-con-la-ultima-propuesta-de-iran-para-terminar-con-la-guerra-y-las-negociaciones-se-estancan\/","og_site_name":"GYS NOTICIAS |","article_published_time":"2026-04-28T16:56:12+00:00","og_image":[{"width":1200,"height":800,"url":"https:\/\/gysfm.com.ar\/inicio\/wp-content\/uploads\/2026\/04\/el-presidente-de-estados-unidos-donald-trump-VVS6G536F5HA3F5XHOQNNFY77E.JPG","type":"image\/jpeg"}],"author":"Prensa G&amp;S FM","twitter_card":"summary_large_image","twitter_misc":{"Escrito por":"Prensa G&amp;S FM","Tiempo de lectura":"7 minutos"},"schema":{"@context":"https:\/\/schema.org","@graph":[{"@type":"Article","@id":"https:\/\/gysfm.com.ar\/inicio\/trump-no-esta-satisfecho-con-la-ultima-propuesta-de-iran-para-terminar-con-la-guerra-y-las-negociaciones-se-estancan\/#article","isPartOf":{"@id":"https:\/\/gysfm.com.ar\/inicio\/trump-no-esta-satisfecho-con-la-ultima-propuesta-de-iran-para-terminar-con-la-guerra-y-las-negociaciones-se-estancan\/"},"author":{"name":"Prensa G&amp;S FM","@id":"https:\/\/gysfm.com.ar\/inicio\/#\/schema\/person\/3abba7593ef2ad19e1be221d54383dc5"},"headline":"Trump no est\u00e1 satisfecho con la \u00faltima propuesta de Ir\u00e1n para terminar con la guerra y las negociaciones se estancan","datePublished":"2026-04-28T16:56:12+00:00","mainEntityOfPage":{"@id":"https:\/\/gysfm.com.ar\/inicio\/trump-no-esta-satisfecho-con-la-ultima-propuesta-de-iran-para-terminar-con-la-guerra-y-las-negociaciones-se-estancan\/"},"wordCount":1353,"publisher":{"@id":"https:\/\/gysfm.com.ar\/inicio\/#organization"},"image":{"@id":"https:\/\/gysfm.com.ar\/inicio\/trump-no-esta-satisfecho-con-la-ultima-propuesta-de-iran-para-terminar-con-la-guerra-y-las-negociaciones-se-estancan\/#primaryimage"},"thumbnailUrl":"https:\/\/gysfm.com.ar\/inicio\/wp-content\/uploads\/2026\/04\/el-presidente-de-estados-unidos-donald-trump-VVS6G536F5HA3F5XHOQNNFY77E.JPG","articleSection":["INTERNACIONALES"],"inLanguage":"es"},{"@type":"WebPage","@id":"https:\/\/gysfm.com.ar\/inicio\/trump-no-esta-satisfecho-con-la-ultima-propuesta-de-iran-para-terminar-con-la-guerra-y-las-negociaciones-se-estancan\/","url":"https:\/\/gysfm.com.ar\/inicio\/trump-no-esta-satisfecho-con-la-ultima-propuesta-de-iran-para-terminar-con-la-guerra-y-las-negociaciones-se-estancan\/","name":"Trump no est\u00e1 satisfecho con la \u00faltima propuesta de Ir\u00e1n para terminar con la guerra y las negociaciones se estancan - GYS NOTICIAS |","isPartOf":{"@id":"https:\/\/gysfm.com.ar\/inicio\/#website"},"primaryImageOfPage":{"@id":"https:\/\/gysfm.com.ar\/inicio\/trump-no-esta-satisfecho-con-la-ultima-propuesta-de-iran-para-terminar-con-la-guerra-y-las-negociaciones-se-estancan\/#primaryimage"},"image":{"@id":"https:\/\/gysfm.com.ar\/inicio\/trump-no-esta-satisfecho-con-la-ultima-propuesta-de-iran-para-terminar-con-la-guerra-y-las-negociaciones-se-estancan\/#primaryimage"},"thumbnailUrl":"https:\/\/gysfm.com.ar\/inicio\/wp-content\/uploads\/2026\/04\/el-presidente-de-estados-unidos-donald-trump-VVS6G536F5HA3F5XHOQNNFY77E.JPG","datePublished":"2026-04-28T16:56:12+00:00","breadcrumb":{"@id":"https:\/\/gysfm.com.ar\/inicio\/trump-no-esta-satisfecho-con-la-ultima-propuesta-de-iran-para-terminar-con-la-guerra-y-las-negociaciones-se-estancan\/#breadcrumb"},"inLanguage":"es","potentialAction":[{"@type":"ReadAction","target":["https:\/\/gysfm.com.ar\/inicio\/trump-no-esta-satisfecho-con-la-ultima-propuesta-de-iran-para-terminar-con-la-guerra-y-las-negociaciones-se-estancan\/"]}]},{"@type":"ImageObject","inLanguage":"es","@id":"https:\/\/gysfm.com.ar\/inicio\/trump-no-esta-satisfecho-con-la-ultima-propuesta-de-iran-para-terminar-con-la-guerra-y-las-negociaciones-se-estancan\/#primaryimage","url":"https:\/\/gysfm.com.ar\/inicio\/wp-content\/uploads\/2026\/04\/el-presidente-de-estados-unidos-donald-trump-VVS6G536F5HA3F5XHOQNNFY77E.JPG","contentUrl":"https:\/\/gysfm.com.ar\/inicio\/wp-content\/uploads\/2026\/04\/el-presidente-de-estados-unidos-donald-trump-VVS6G536F5HA3F5XHOQNNFY77E.JPG","width":1200,"height":800},{"@type":"BreadcrumbList","@id":"https:\/\/gysfm.com.ar\/inicio\/trump-no-esta-satisfecho-con-la-ultima-propuesta-de-iran-para-terminar-con-la-guerra-y-las-negociaciones-se-estancan\/#breadcrumb","itemListElement":[{"@type":"ListItem","position":1,"name":"Portada","item":"https:\/\/gysfm.com.ar\/inicio\/"},{"@type":"ListItem","position":2,"name":"Trump no est\u00e1 satisfecho con la \u00faltima propuesta de Ir\u00e1n para terminar con la guerra y las negociaciones se estancan"}]},{"@type":"WebSite","@id":"https:\/\/gysfm.com.ar\/inicio\/#website","url":"https:\/\/gysfm.com.ar\/inicio\/","name":"GYS NOTICIAS |","description":"DIARIO - RADIO ONLINE SAN JUAN ARGENTINA","publisher":{"@id":"https:\/\/gysfm.com.ar\/inicio\/#organization"},"potentialAction":[{"@type":"SearchAction","target":{"@type":"EntryPoint","urlTemplate":"https:\/\/gysfm.com.ar\/inicio\/?s={search_term_string}"},"query-input":{"@type":"PropertyValueSpecification","valueRequired":true,"valueName":"search_term_string"}}],"inLanguage":"es"},{"@type":"Organization","@id":"https:\/\/gysfm.com.ar\/inicio\/#organization","name":"GYS NOTICIAS |","url":"https:\/\/gysfm.com.ar\/inicio\/","logo":{"@type":"ImageObject","inLanguage":"es","@id":"https:\/\/gysfm.com.ar\/inicio\/#\/schema\/logo\/image\/","url":"https:\/\/gysfm.com.ar\/inicio\/wp-content\/uploads\/2023\/07\/LOGOGYS-OK.png","contentUrl":"https:\/\/gysfm.com.ar\/inicio\/wp-content\/uploads\/2023\/07\/LOGOGYS-OK.png","width":1170,"height":872,"caption":"GYS NOTICIAS |"},"image":{"@id":"https:\/\/gysfm.com.ar\/inicio\/#\/schema\/logo\/image\/"}},{"@type":"Person","@id":"https:\/\/gysfm.com.ar\/inicio\/#\/schema\/person\/3abba7593ef2ad19e1be221d54383dc5","name":"Prensa G&amp;S FM","image":{"@type":"ImageObject","inLanguage":"es","@id":"https:\/\/gysfm.com.ar\/inicio\/#\/schema\/person\/image\/","url":"https:\/\/secure.gravatar.com\/avatar\/096ec78df02049ab018702bb4ccedf659377fa92a26540b5247612077a0dbd29?s=96&d=mm&r=g","contentUrl":"https:\/\/secure.gravatar.com\/avatar\/096ec78df02049ab018702bb4ccedf659377fa92a26540b5247612077a0dbd29?s=96&d=mm&r=g","caption":"Prensa G&amp;S FM"},"sameAs":["https:\/\/gysfm.com.ar\/"],"url":"https:\/\/gysfm.com.ar\/inicio\/author\/lucasm\/"}]}},"_links":{"self":[{"href":"https:\/\/gysfm.com.ar\/inicio\/wp-json\/wp\/v2\/posts\/193489","targetHints":{"allow":["GET"]}}],"collection":[{"href":"https:\/\/gysfm.com.ar\/inicio\/wp-json\/wp\/v2\/posts"}],"about":[{"href":"https:\/\/gysfm.com.ar\/inicio\/wp-json\/wp\/v2\/types\/post"}],"author":[{"embeddable":true,"href":"https:\/\/gysfm.com.ar\/inicio\/wp-json\/wp\/v2\/users\/2"}],"replies":[{"embeddable":true,"href":"https:\/\/gysfm.com.ar\/inicio\/wp-json\/wp\/v2\/comments?post=193489"}],"version-history":[{"count":1,"href":"https:\/\/gysfm.com.ar\/inicio\/wp-json\/wp\/v2\/posts\/193489\/revisions"}],"predecessor-version":[{"id":193491,"href":"https:\/\/gysfm.com.ar\/inicio\/wp-json\/wp\/v2\/posts\/193489\/revisions\/193491"}],"wp:featuredmedia":[{"embeddable":true,"href":"https:\/\/gysfm.com.ar\/inicio\/wp-json\/wp\/v2\/media\/193490"}],"wp:attachment":[{"href":"https:\/\/gysfm.com.ar\/inicio\/wp-json\/wp\/v2\/media?parent=193489"}],"wp:term":[{"taxonomy":"category","embeddable":true,"href":"https:\/\/gysfm.com.ar\/inicio\/wp-json\/wp\/v2\/categories?post=193489"},{"taxonomy":"post_tag","embeddable":true,"href":"https:\/\/gysfm.com.ar\/inicio\/wp-json\/wp\/v2\/tags?post=193489"}],"curies":[{"name":"wp","href":"https:\/\/api.w.org\/{rel}","templated":true}]}}