{"id":193487,"date":"2026-04-28T13:32:35","date_gmt":"2026-04-28T16:32:35","guid":{"rendered":"https:\/\/gysfm.com.ar\/inicio\/video-cuando-adorni-ganaba-un-martin-fierro-y-pedia-grieta-con-los-corruptos\/"},"modified":"2026-04-28T13:32:35","modified_gmt":"2026-04-28T16:32:35","slug":"video-cuando-adorni-ganaba-un-martin-fierro-y-pedia-grieta-con-los-corruptos","status":"publish","type":"post","link":"https:\/\/gysfm.com.ar\/inicio\/video-cuando-adorni-ganaba-un-martin-fierro-y-pedia-grieta-con-los-corruptos\/","title":{"rendered":"Video: cuando Adorni ganaba un Mart\u00edn Fierro y ped\u00eda \u00abgrieta\u00bb con los corruptos"},"content":{"rendered":"<p><\/p>\n<div id=\"news-body\" style=\"overflow-x: hidden;\">\n<p>En 2023, \u00a0<strong>Manuel Adorni<\/strong> obtuvo el<strong> Mart\u00edn Fierro Digital<\/strong> en la categor\u00eda <strong>\u201cMejor twittero\u201d, <\/strong>en una ceremonia organizada por APTRA, la entidad que desde 1959 entrega los premios m\u00e1s tradicionales de la industria audiovisual argentina y que, desde 2018, extendi\u00f3 su alcance a los contenidos nativos de plataformas digitales. Estos galardones buscan reconocer a las figuras y producciones m\u00e1s influyentes del ecosistema online, incorporando m\u00e9tricas como alcance, interacci\u00f3n, impacto p\u00fablico y capacidad de generar agenda en redes sociales, junto con la evaluaci\u00f3n de periodistas especializados que integran la asociaci\u00f3n .<\/p>\n<p>La categor\u00eda<strong> \u201cMejor twittero\u201d <\/strong>\u2014centrada en la r<strong>ed social X<\/strong>\u2014 premia a perfiles con fuerte presencia, volumen de seguidores y capacidad de instalar temas en la conversaci\u00f3n p\u00fablica. En ese marco,el actual Jefe de Gabinete del gobierno de <strong>Javier Milei <\/strong>se hab\u00eda consolidado previamente como uno de los usuarios m\u00e1s visibles del debate pol\u00edtico argentino en redes, con publicaciones de tono directo, ir\u00f3nico y confrontativo, que lograban amplia circulaci\u00f3n y repercusi\u00f3n medi\u00e1tica. Su crecimiento como figura digital fue sostenido durante a\u00f1os, hasta alcanzar una notoriedad tal que lo posicion\u00f3 como referente dentro de ese universo, condici\u00f3n que explica su elecci\u00f3n como ganador.\u00a0<\/p>\n<p>El reconocimiento se produjo adem\u00e1s en un momento bisagra: pocos d\u00edas despu\u00e9s de que se confirmara su desembarco como el principal vocero de Presidencia, lo que amplific\u00f3 el significado pol\u00edtico y medi\u00e1tico del premio. La combinaci\u00f3n entre visibilidad previa en redes, estilo comunicacional definido y creciente centralidad en la escena p\u00fablica termin\u00f3 de consolidar los argumentos para su consagraci\u00f3n dentro de la terna.<\/p>\n<p><iframe loading=\"lazy\" id=\"vrudo\" class=\"vrudo\" src=\"https:\/\/rudo.video\/vod\/bWrwaN?volume=0\" width=\"100%\" height=\"100%\" allowscriptaccess=\"always\" allowfullscreen=\"true\" webkitallowfullscreen=\"true\" frameborder=\"0\" scrolling=\"no\" allow=\"autoplay; fullscreen\"><\/iframe><\/p>\n<p>Durante la ceremonia, el funcionario libertario mantuvo un discurso breve y en l\u00ednea con su estilo. Al recibir la estatuilla agradeci\u00f3 en primer lugar a la organizaci\u00f3n y a su entorno cercano. \u201cPrimero gracias APTRA, por supuesto, es lo que corresponde. Gracias por el premio\u201d, expres\u00f3, y a\u00f1adi\u00f3: \u201cGracias a mi familia que me banca en todas. A mi mujer Betina\u2026\u201d, en un mensaje conciso que luego cerr\u00f3 con la impronta sint\u00e9tica que caracteriza sus intervenciones p\u00fablicas. \u00abSi quiero grieta.Si quiero, a\u00a0los delincuentes, a los corruptos, a los chorros, a todos lo que no le hace bien a la Argentina de un lado y a la gente de bien del otro. Gracias\u00bb.\u00a0<\/p>\n<p>Sin embargo,\u00a0a partir de febrero de este a\u00f1o, una secuencia de episodios protagonizados por el ganador de la dorada\u00a0 est\u00e1tuilla de APTRA combinaron\u00a0 diversos cuestionamientos, que van desde el uso de recursos del Estado, viajes privados y dudas sobre su patrimonio, con investigaciones abiertas y denuncias penales en tr\u00e1mite.<\/p>\n<p>El punto de inflexi\u00f3n fue su participaci\u00f3n en la denominada \u201cArgentina Week\u201d en Nueva York, viaje oficial al que asisti\u00f3 junto al presidente Milei. La pol\u00e9mica se desat\u00f3 cuando se confirm\u00f3 que en el avi\u00f3n presidencial tambi\u00e9n hab\u00eda viajado su esposa, <strong>Bettina Angeletti, <\/strong>quien no ocupa ning\u00fan cargo p\u00fablico. El propio Adorni admiti\u00f3 la situaci\u00f3n y la justific\u00f3 en declaraciones p\u00fablicas: \u201cVengo una semana a deslomarme a Nueva York; quer\u00eda que me acompa\u00f1e\u201d . La inclusi\u00f3n de su pareja gener\u00f3 pedidos de informes en el Congreso y denuncias por posible uso indebido de bienes del Estado, en parte porque la normativa vigente limita el uso de aeronaves oficiales a funciones estrictamente p\u00fablicas . D\u00edas despu\u00e9s, el funcionario reconoci\u00f3 el error y pidi\u00f3 disculpas, afirmando que \u201cfue una p\u00e9sima decisi\u00f3n\u201d, aunque sostuvo que \u201cno se trat\u00f3 de un delito\u201d .<\/p>\n<p><img decoding=\"async\" style=\"max-width: 100%; width: 100%;\" alt=\"Manuel Adorni y Bettina Angeletti\" src=\"https:\/\/fotos.perfil.com\/\/2026\/04\/10\/900\/0\/manuel-adorni-y-bettina-angeletti-2218255.jpg\"\/><\/p>\n<p>En paralelo, sali\u00f3 a la luz otro episodio que agrav\u00f3 la situaci\u00f3n: un viaje a Punta del Este realizado en un avi\u00f3n privado junto a su familia. Ese traslado, cuyo costo se estim\u00f3 en alrededor de 10.000 d\u00f3lares, tambi\u00e9n qued\u00f3 bajo investigaci\u00f3n judicial para establecer qui\u00e9n lo financi\u00f3 y si resulta compatible con los ingresos declarados del funcionario . La existencia de ese vuelo, sumada al caso de Nueva York, dio lugar a m\u00faltiples denuncias por presunto enriquecimiento il\u00edcito, malversaci\u00f3n de fondos y otras figuras penales impulsadas por dirigentes pol\u00edticos .<\/p>\n<p>El eje de las pol\u00e9micas se extendi\u00f3 luego hacia su patrimonio personal. En medio de las cr\u00edticas, Adorni asegur\u00f3 p\u00fablicamente: \u201cA mi patrimonio lo constru\u00ed en los 25 a\u00f1os que estuve en el sector privado, no tengo nada que esconder\u201d , aunque evit\u00f3 brindar detalles espec\u00edficos alegando la existencia de causas judiciales abiertas. Sin embargo, distintas informaciones se\u00f1alaron inconsistencias o dudas en torno a sus bienes. Por un lado, se mencion\u00f3 una vivienda vinculada a su entorno en el <strong>country Indio Cu\u00e1 Golf Club<\/strong>, en Exaltaci\u00f3n de la Cruz, se\u00f1alada en denuncias por presunto enriquecimiento il\u00edcito . Por otro, el propio funcionario reconoci\u00f3 residir en el barrio porte\u00f1o de Caballito, aunque remiti\u00f3 a su declaraci\u00f3n jurada para verificar la totalidad de sus propiedades.<\/p>\n<p><img decoding=\"async\" style=\"max-width: 100%; width: 100%;\" alt=\"Manuel Adorni\" src=\"https:\/\/fotos.perfil.com\/\/2026\/03\/19\/900\/0\/manuel-adorni-2206059.jpg\"\/><\/p>\n<p>Investigaciones period\u00edsticas posteriores profundizaron estas dudas al revelar operaciones inmobiliarias bajo an\u00e1lisis judicial. Entre ellas, la compra de un departamento valuado en unos 230.000 d\u00f3lares, financiado en gran parte mediante un pr\u00e9stamo privado otorgado por las propias vendedoras jubiladas, as\u00ed como la existencia de otras propiedades o hipotecas que no habr\u00edan sido explicitadas inicialmente en su declaraci\u00f3n patrimonial . Estas revelaciones alimentaron las sospechas sobre la correspondencia entre su nivel de ingresos como funcionario y el volumen de sus bienes, cuesti\u00f3n que actualmente forma parte de las investigaciones en curso.<\/p>\n<p>En conjunto, los episodios del vuelo oficial a Nueva York, el viaje privado a Punta del Este y las dudas sobre su patrimonio configuraron un escenario de alta exposici\u00f3n pol\u00edtica y judicial para Adorni. Mientras el funcionario insiste en que no cometi\u00f3 delitos y atribuye las denuncias a motivaciones pol\u00edticas, la Justicia contin\u00faa analizando documentaci\u00f3n, gastos y declaraciones para determinar si existieron irregularidades en el uso de recursos p\u00fablicos o en la evoluci\u00f3n de su patrimonio<\/p>\n<p>\u00a0<\/p>\n<div class=\" d-none \">\n<h3>Galer\u00eda de im\u00e1genes<\/h3>\n<div id=\"gallery-thumbnails\" class=\"bottom-gallery\">\n\t\t\t\t\t\t\t\t\t\t\t\t\t\t\t\t\t\t<a href=\"https:\/\/fotos.perfil.com\/2026\/04\/27\/manuel-adorni-2228421.jpg\" title=\"Manuel Adorni | Foto:CEDOC\"><br \/>\n\t\t\t\t\t\t\t\t\t\t<img decoding=\"async\" src=\"https:\/\/fotos.perfil.com\/2026\/04\/27\/cropped\/250\/250\/center\/manuel-adorni-2228421.jpg\" alt=\"Manuel Adorni | Foto:CEDOC\"\/><br \/>\n\t\t\t\t\t\t\t\t\t<\/a>\n\t\t\t\t\t\t\t\t\t\t\t\t\t\t\t\t\t<\/div><\/div>\n<p>\t\t\t\t\t\t\t<!-- e-planning v3 - Comienzo espacio _ articulo _ teads --><\/p>\n<p><noscript><a href=\"https:\/\/ads.us.e-planning.net\/ei\/3\/2a6bb\/articulo\/teads?it=i&amp;rnd=$RANDOM\" target=\"_blank\"><img loading=\"lazy\" decoding=\"async\" width=\"1\" height=\"1\" alt=\"e-planning ad\" src=\"https:\/\/ads.us.e-planning.net\/eb\/3\/2a6bb\/articulo\/teads?o=i&amp;rnd=$RANDOM\" border=\"0\"\/><\/a><\/noscript><br \/>\n<!-- e-planning v3 - Fin espacio _ articulo _ teads --><\/p><\/div>\n<p><script>\n\t(function(d, s, id) {\n\t\tvar js, fjs = d.getElementsByTagName(s)[0];\n\t\tif (d.getElementById(id)) return;\n\t\tjs = d.createElement(s); js.id = id;\n\t\tjs.src=\"https:\/\/connect.facebook.net\/es_LA\/sdk.js#xfbml=1&version=v3.2\";\n\t\tfjs.parentNode.insertBefore(js, fjs);\n\t}(document, 'script', 'facebook-jssdk'));\n<\/script><\/p>\n","protected":false},"excerpt":{"rendered":"<p>En 2023, \u00a0Manuel Adorni obtuvo el Mart\u00edn Fierro Digital en la categor\u00eda \u201cMejor twittero\u201d, en una ceremonia organizada por APTRA, la entidad que desde 1959 entrega los premios m\u00e1s tradicionales de la industria audiovisual argentina y que, desde 2018, extendi\u00f3 su alcance a los contenidos nativos de plataformas digitales. Estos galardones buscan reconocer a las [&hellip;]<\/p>\n","protected":false},"author":2,"featured_media":193488,"comment_status":"closed","ping_status":"closed","sticky":false,"template":"","format":"standard","meta":{"footnotes":""},"categories":[25],"tags":[],"class_list":["post-193487","post","type-post","status-publish","format-standard","has-post-thumbnail","hentry","category-nacionales"],"yoast_head":"<!-- This site is optimized with the Yoast SEO plugin v24.4 - https:\/\/yoast.com\/wordpress\/plugins\/seo\/ -->\n<title>Video: cuando Adorni ganaba un Mart\u00edn Fierro y ped\u00eda &quot;grieta&quot; con los corruptos - GYS NOTICIAS |<\/title>\n<meta name=\"robots\" content=\"index, follow, max-snippet:-1, max-image-preview:large, max-video-preview:-1\" \/>\n<link rel=\"canonical\" href=\"https:\/\/gysfm.com.ar\/inicio\/video-cuando-adorni-ganaba-un-martin-fierro-y-pedia-grieta-con-los-corruptos\/\" \/>\n<meta property=\"og:locale\" content=\"es_ES\" \/>\n<meta property=\"og:type\" content=\"article\" \/>\n<meta property=\"og:title\" content=\"Video: cuando Adorni ganaba un Mart\u00edn Fierro y ped\u00eda &quot;grieta&quot; con los corruptos - GYS NOTICIAS |\" \/>\n<meta property=\"og:description\" content=\"En 2023, \u00a0Manuel Adorni obtuvo el Mart\u00edn Fierro Digital en la categor\u00eda \u201cMejor twittero\u201d, en una ceremonia organizada por APTRA, la entidad que desde 1959 entrega los premios m\u00e1s tradicionales de la industria audiovisual argentina y que, desde 2018, extendi\u00f3 su alcance a los contenidos nativos de plataformas digitales. Estos galardones buscan reconocer a las [&hellip;]\" \/>\n<meta property=\"og:url\" content=\"https:\/\/gysfm.com.ar\/inicio\/video-cuando-adorni-ganaba-un-martin-fierro-y-pedia-grieta-con-los-corruptos\/\" \/>\n<meta property=\"og:site_name\" content=\"GYS NOTICIAS |\" \/>\n<meta property=\"article:published_time\" content=\"2026-04-28T16:32:35+00:00\" \/>\n<meta property=\"og:image\" content=\"https:\/\/fotos.perfil.com\/\/2026\/04\/10\/900\/0\/manuel-adorni-y-bettina-angeletti-2218255.jpg\" \/>\n<meta name=\"author\" content=\"Prensa G&amp;S FM\" \/>\n<meta name=\"twitter:card\" content=\"summary_large_image\" \/>\n<meta name=\"twitter:label1\" content=\"Escrito por\" \/>\n\t<meta name=\"twitter:data1\" content=\"Prensa G&amp;S FM\" \/>\n\t<meta name=\"twitter:label2\" content=\"Tiempo de lectura\" \/>\n\t<meta name=\"twitter:data2\" content=\"5 minutos\" \/>\n<script type=\"application\/ld+json\" class=\"yoast-schema-graph\">{\"@context\":\"https:\/\/schema.org\",\"@graph\":[{\"@type\":\"Article\",\"@id\":\"https:\/\/gysfm.com.ar\/inicio\/video-cuando-adorni-ganaba-un-martin-fierro-y-pedia-grieta-con-los-corruptos\/#article\",\"isPartOf\":{\"@id\":\"https:\/\/gysfm.com.ar\/inicio\/video-cuando-adorni-ganaba-un-martin-fierro-y-pedia-grieta-con-los-corruptos\/\"},\"author\":{\"name\":\"Prensa G&amp;S FM\",\"@id\":\"https:\/\/gysfm.com.ar\/inicio\/#\/schema\/person\/3abba7593ef2ad19e1be221d54383dc5\"},\"headline\":\"Video: cuando Adorni ganaba un Mart\u00edn Fierro y ped\u00eda \u00abgrieta\u00bb con los corruptos\",\"datePublished\":\"2026-04-28T16:32:35+00:00\",\"mainEntityOfPage\":{\"@id\":\"https:\/\/gysfm.com.ar\/inicio\/video-cuando-adorni-ganaba-un-martin-fierro-y-pedia-grieta-con-los-corruptos\/\"},\"wordCount\":1035,\"publisher\":{\"@id\":\"https:\/\/gysfm.com.ar\/inicio\/#organization\"},\"image\":{\"@id\":\"https:\/\/gysfm.com.ar\/inicio\/video-cuando-adorni-ganaba-un-martin-fierro-y-pedia-grieta-con-los-corruptos\/#primaryimage\"},\"thumbnailUrl\":\"https:\/\/gysfm.com.ar\/inicio\/wp-content\/uploads\/2026\/04\/manuel-adorni-2228421.jpg\",\"articleSection\":[\"NACIONALES\"],\"inLanguage\":\"es\"},{\"@type\":\"WebPage\",\"@id\":\"https:\/\/gysfm.com.ar\/inicio\/video-cuando-adorni-ganaba-un-martin-fierro-y-pedia-grieta-con-los-corruptos\/\",\"url\":\"https:\/\/gysfm.com.ar\/inicio\/video-cuando-adorni-ganaba-un-martin-fierro-y-pedia-grieta-con-los-corruptos\/\",\"name\":\"Video: cuando Adorni ganaba un Mart\u00edn Fierro y ped\u00eda \\\"grieta\\\" con los corruptos - GYS NOTICIAS |\",\"isPartOf\":{\"@id\":\"https:\/\/gysfm.com.ar\/inicio\/#website\"},\"primaryImageOfPage\":{\"@id\":\"https:\/\/gysfm.com.ar\/inicio\/video-cuando-adorni-ganaba-un-martin-fierro-y-pedia-grieta-con-los-corruptos\/#primaryimage\"},\"image\":{\"@id\":\"https:\/\/gysfm.com.ar\/inicio\/video-cuando-adorni-ganaba-un-martin-fierro-y-pedia-grieta-con-los-corruptos\/#primaryimage\"},\"thumbnailUrl\":\"https:\/\/gysfm.com.ar\/inicio\/wp-content\/uploads\/2026\/04\/manuel-adorni-2228421.jpg\",\"datePublished\":\"2026-04-28T16:32:35+00:00\",\"breadcrumb\":{\"@id\":\"https:\/\/gysfm.com.ar\/inicio\/video-cuando-adorni-ganaba-un-martin-fierro-y-pedia-grieta-con-los-corruptos\/#breadcrumb\"},\"inLanguage\":\"es\",\"potentialAction\":[{\"@type\":\"ReadAction\",\"target\":[\"https:\/\/gysfm.com.ar\/inicio\/video-cuando-adorni-ganaba-un-martin-fierro-y-pedia-grieta-con-los-corruptos\/\"]}]},{\"@type\":\"ImageObject\",\"inLanguage\":\"es\",\"@id\":\"https:\/\/gysfm.com.ar\/inicio\/video-cuando-adorni-ganaba-un-martin-fierro-y-pedia-grieta-con-los-corruptos\/#primaryimage\",\"url\":\"https:\/\/gysfm.com.ar\/inicio\/wp-content\/uploads\/2026\/04\/manuel-adorni-2228421.jpg\",\"contentUrl\":\"https:\/\/gysfm.com.ar\/inicio\/wp-content\/uploads\/2026\/04\/manuel-adorni-2228421.jpg\",\"width\":1280,\"height\":720},{\"@type\":\"BreadcrumbList\",\"@id\":\"https:\/\/gysfm.com.ar\/inicio\/video-cuando-adorni-ganaba-un-martin-fierro-y-pedia-grieta-con-los-corruptos\/#breadcrumb\",\"itemListElement\":[{\"@type\":\"ListItem\",\"position\":1,\"name\":\"Portada\",\"item\":\"https:\/\/gysfm.com.ar\/inicio\/\"},{\"@type\":\"ListItem\",\"position\":2,\"name\":\"Video: cuando Adorni ganaba un Mart\u00edn Fierro y ped\u00eda \u00abgrieta\u00bb con los corruptos\"}]},{\"@type\":\"WebSite\",\"@id\":\"https:\/\/gysfm.com.ar\/inicio\/#website\",\"url\":\"https:\/\/gysfm.com.ar\/inicio\/\",\"name\":\"GYS NOTICIAS |\",\"description\":\"DIARIO - RADIO ONLINE SAN JUAN ARGENTINA\",\"publisher\":{\"@id\":\"https:\/\/gysfm.com.ar\/inicio\/#organization\"},\"potentialAction\":[{\"@type\":\"SearchAction\",\"target\":{\"@type\":\"EntryPoint\",\"urlTemplate\":\"https:\/\/gysfm.com.ar\/inicio\/?s={search_term_string}\"},\"query-input\":{\"@type\":\"PropertyValueSpecification\",\"valueRequired\":true,\"valueName\":\"search_term_string\"}}],\"inLanguage\":\"es\"},{\"@type\":\"Organization\",\"@id\":\"https:\/\/gysfm.com.ar\/inicio\/#organization\",\"name\":\"GYS NOTICIAS |\",\"url\":\"https:\/\/gysfm.com.ar\/inicio\/\",\"logo\":{\"@type\":\"ImageObject\",\"inLanguage\":\"es\",\"@id\":\"https:\/\/gysfm.com.ar\/inicio\/#\/schema\/logo\/image\/\",\"url\":\"https:\/\/gysfm.com.ar\/inicio\/wp-content\/uploads\/2023\/07\/LOGOGYS-OK.png\",\"contentUrl\":\"https:\/\/gysfm.com.ar\/inicio\/wp-content\/uploads\/2023\/07\/LOGOGYS-OK.png\",\"width\":1170,\"height\":872,\"caption\":\"GYS NOTICIAS |\"},\"image\":{\"@id\":\"https:\/\/gysfm.com.ar\/inicio\/#\/schema\/logo\/image\/\"}},{\"@type\":\"Person\",\"@id\":\"https:\/\/gysfm.com.ar\/inicio\/#\/schema\/person\/3abba7593ef2ad19e1be221d54383dc5\",\"name\":\"Prensa G&amp;S FM\",\"image\":{\"@type\":\"ImageObject\",\"inLanguage\":\"es\",\"@id\":\"https:\/\/gysfm.com.ar\/inicio\/#\/schema\/person\/image\/\",\"url\":\"https:\/\/secure.gravatar.com\/avatar\/096ec78df02049ab018702bb4ccedf659377fa92a26540b5247612077a0dbd29?s=96&d=mm&r=g\",\"contentUrl\":\"https:\/\/secure.gravatar.com\/avatar\/096ec78df02049ab018702bb4ccedf659377fa92a26540b5247612077a0dbd29?s=96&d=mm&r=g\",\"caption\":\"Prensa G&amp;S FM\"},\"sameAs\":[\"https:\/\/gysfm.com.ar\/\"],\"url\":\"https:\/\/gysfm.com.ar\/inicio\/author\/lucasm\/\"}]}<\/script>\n<!-- \/ Yoast SEO plugin. -->","yoast_head_json":{"title":"Video: cuando Adorni ganaba un Mart\u00edn Fierro y ped\u00eda \"grieta\" con los corruptos - GYS NOTICIAS |","robots":{"index":"index","follow":"follow","max-snippet":"max-snippet:-1","max-image-preview":"max-image-preview:large","max-video-preview":"max-video-preview:-1"},"canonical":"https:\/\/gysfm.com.ar\/inicio\/video-cuando-adorni-ganaba-un-martin-fierro-y-pedia-grieta-con-los-corruptos\/","og_locale":"es_ES","og_type":"article","og_title":"Video: cuando Adorni ganaba un Mart\u00edn Fierro y ped\u00eda \"grieta\" con los corruptos - GYS NOTICIAS |","og_description":"En 2023, \u00a0Manuel Adorni obtuvo el Mart\u00edn Fierro Digital en la categor\u00eda \u201cMejor twittero\u201d, en una ceremonia organizada por APTRA, la entidad que desde 1959 entrega los premios m\u00e1s tradicionales de la industria audiovisual argentina y que, desde 2018, extendi\u00f3 su alcance a los contenidos nativos de plataformas digitales. Estos galardones buscan reconocer a las [&hellip;]","og_url":"https:\/\/gysfm.com.ar\/inicio\/video-cuando-adorni-ganaba-un-martin-fierro-y-pedia-grieta-con-los-corruptos\/","og_site_name":"GYS NOTICIAS |","article_published_time":"2026-04-28T16:32:35+00:00","og_image":[{"url":"https:\/\/fotos.perfil.com\/\/2026\/04\/10\/900\/0\/manuel-adorni-y-bettina-angeletti-2218255.jpg","type":"","width":"","height":""}],"author":"Prensa G&amp;S FM","twitter_card":"summary_large_image","twitter_misc":{"Escrito por":"Prensa G&amp;S FM","Tiempo de lectura":"5 minutos"},"schema":{"@context":"https:\/\/schema.org","@graph":[{"@type":"Article","@id":"https:\/\/gysfm.com.ar\/inicio\/video-cuando-adorni-ganaba-un-martin-fierro-y-pedia-grieta-con-los-corruptos\/#article","isPartOf":{"@id":"https:\/\/gysfm.com.ar\/inicio\/video-cuando-adorni-ganaba-un-martin-fierro-y-pedia-grieta-con-los-corruptos\/"},"author":{"name":"Prensa G&amp;S FM","@id":"https:\/\/gysfm.com.ar\/inicio\/#\/schema\/person\/3abba7593ef2ad19e1be221d54383dc5"},"headline":"Video: cuando Adorni ganaba un Mart\u00edn Fierro y ped\u00eda \u00abgrieta\u00bb con los corruptos","datePublished":"2026-04-28T16:32:35+00:00","mainEntityOfPage":{"@id":"https:\/\/gysfm.com.ar\/inicio\/video-cuando-adorni-ganaba-un-martin-fierro-y-pedia-grieta-con-los-corruptos\/"},"wordCount":1035,"publisher":{"@id":"https:\/\/gysfm.com.ar\/inicio\/#organization"},"image":{"@id":"https:\/\/gysfm.com.ar\/inicio\/video-cuando-adorni-ganaba-un-martin-fierro-y-pedia-grieta-con-los-corruptos\/#primaryimage"},"thumbnailUrl":"https:\/\/gysfm.com.ar\/inicio\/wp-content\/uploads\/2026\/04\/manuel-adorni-2228421.jpg","articleSection":["NACIONALES"],"inLanguage":"es"},{"@type":"WebPage","@id":"https:\/\/gysfm.com.ar\/inicio\/video-cuando-adorni-ganaba-un-martin-fierro-y-pedia-grieta-con-los-corruptos\/","url":"https:\/\/gysfm.com.ar\/inicio\/video-cuando-adorni-ganaba-un-martin-fierro-y-pedia-grieta-con-los-corruptos\/","name":"Video: cuando Adorni ganaba un Mart\u00edn Fierro y ped\u00eda \"grieta\" con los corruptos - GYS NOTICIAS |","isPartOf":{"@id":"https:\/\/gysfm.com.ar\/inicio\/#website"},"primaryImageOfPage":{"@id":"https:\/\/gysfm.com.ar\/inicio\/video-cuando-adorni-ganaba-un-martin-fierro-y-pedia-grieta-con-los-corruptos\/#primaryimage"},"image":{"@id":"https:\/\/gysfm.com.ar\/inicio\/video-cuando-adorni-ganaba-un-martin-fierro-y-pedia-grieta-con-los-corruptos\/#primaryimage"},"thumbnailUrl":"https:\/\/gysfm.com.ar\/inicio\/wp-content\/uploads\/2026\/04\/manuel-adorni-2228421.jpg","datePublished":"2026-04-28T16:32:35+00:00","breadcrumb":{"@id":"https:\/\/gysfm.com.ar\/inicio\/video-cuando-adorni-ganaba-un-martin-fierro-y-pedia-grieta-con-los-corruptos\/#breadcrumb"},"inLanguage":"es","potentialAction":[{"@type":"ReadAction","target":["https:\/\/gysfm.com.ar\/inicio\/video-cuando-adorni-ganaba-un-martin-fierro-y-pedia-grieta-con-los-corruptos\/"]}]},{"@type":"ImageObject","inLanguage":"es","@id":"https:\/\/gysfm.com.ar\/inicio\/video-cuando-adorni-ganaba-un-martin-fierro-y-pedia-grieta-con-los-corruptos\/#primaryimage","url":"https:\/\/gysfm.com.ar\/inicio\/wp-content\/uploads\/2026\/04\/manuel-adorni-2228421.jpg","contentUrl":"https:\/\/gysfm.com.ar\/inicio\/wp-content\/uploads\/2026\/04\/manuel-adorni-2228421.jpg","width":1280,"height":720},{"@type":"BreadcrumbList","@id":"https:\/\/gysfm.com.ar\/inicio\/video-cuando-adorni-ganaba-un-martin-fierro-y-pedia-grieta-con-los-corruptos\/#breadcrumb","itemListElement":[{"@type":"ListItem","position":1,"name":"Portada","item":"https:\/\/gysfm.com.ar\/inicio\/"},{"@type":"ListItem","position":2,"name":"Video: cuando Adorni ganaba un Mart\u00edn Fierro y ped\u00eda \u00abgrieta\u00bb con los corruptos"}]},{"@type":"WebSite","@id":"https:\/\/gysfm.com.ar\/inicio\/#website","url":"https:\/\/gysfm.com.ar\/inicio\/","name":"GYS NOTICIAS |","description":"DIARIO - RADIO ONLINE SAN JUAN ARGENTINA","publisher":{"@id":"https:\/\/gysfm.com.ar\/inicio\/#organization"},"potentialAction":[{"@type":"SearchAction","target":{"@type":"EntryPoint","urlTemplate":"https:\/\/gysfm.com.ar\/inicio\/?s={search_term_string}"},"query-input":{"@type":"PropertyValueSpecification","valueRequired":true,"valueName":"search_term_string"}}],"inLanguage":"es"},{"@type":"Organization","@id":"https:\/\/gysfm.com.ar\/inicio\/#organization","name":"GYS NOTICIAS |","url":"https:\/\/gysfm.com.ar\/inicio\/","logo":{"@type":"ImageObject","inLanguage":"es","@id":"https:\/\/gysfm.com.ar\/inicio\/#\/schema\/logo\/image\/","url":"https:\/\/gysfm.com.ar\/inicio\/wp-content\/uploads\/2023\/07\/LOGOGYS-OK.png","contentUrl":"https:\/\/gysfm.com.ar\/inicio\/wp-content\/uploads\/2023\/07\/LOGOGYS-OK.png","width":1170,"height":872,"caption":"GYS NOTICIAS |"},"image":{"@id":"https:\/\/gysfm.com.ar\/inicio\/#\/schema\/logo\/image\/"}},{"@type":"Person","@id":"https:\/\/gysfm.com.ar\/inicio\/#\/schema\/person\/3abba7593ef2ad19e1be221d54383dc5","name":"Prensa G&amp;S FM","image":{"@type":"ImageObject","inLanguage":"es","@id":"https:\/\/gysfm.com.ar\/inicio\/#\/schema\/person\/image\/","url":"https:\/\/secure.gravatar.com\/avatar\/096ec78df02049ab018702bb4ccedf659377fa92a26540b5247612077a0dbd29?s=96&d=mm&r=g","contentUrl":"https:\/\/secure.gravatar.com\/avatar\/096ec78df02049ab018702bb4ccedf659377fa92a26540b5247612077a0dbd29?s=96&d=mm&r=g","caption":"Prensa G&amp;S FM"},"sameAs":["https:\/\/gysfm.com.ar\/"],"url":"https:\/\/gysfm.com.ar\/inicio\/author\/lucasm\/"}]}},"_links":{"self":[{"href":"https:\/\/gysfm.com.ar\/inicio\/wp-json\/wp\/v2\/posts\/193487","targetHints":{"allow":["GET"]}}],"collection":[{"href":"https:\/\/gysfm.com.ar\/inicio\/wp-json\/wp\/v2\/posts"}],"about":[{"href":"https:\/\/gysfm.com.ar\/inicio\/wp-json\/wp\/v2\/types\/post"}],"author":[{"embeddable":true,"href":"https:\/\/gysfm.com.ar\/inicio\/wp-json\/wp\/v2\/users\/2"}],"replies":[{"embeddable":true,"href":"https:\/\/gysfm.com.ar\/inicio\/wp-json\/wp\/v2\/comments?post=193487"}],"version-history":[{"count":0,"href":"https:\/\/gysfm.com.ar\/inicio\/wp-json\/wp\/v2\/posts\/193487\/revisions"}],"wp:featuredmedia":[{"embeddable":true,"href":"https:\/\/gysfm.com.ar\/inicio\/wp-json\/wp\/v2\/media\/193488"}],"wp:attachment":[{"href":"https:\/\/gysfm.com.ar\/inicio\/wp-json\/wp\/v2\/media?parent=193487"}],"wp:term":[{"taxonomy":"category","embeddable":true,"href":"https:\/\/gysfm.com.ar\/inicio\/wp-json\/wp\/v2\/categories?post=193487"},{"taxonomy":"post_tag","embeddable":true,"href":"https:\/\/gysfm.com.ar\/inicio\/wp-json\/wp\/v2\/tags?post=193487"}],"curies":[{"name":"wp","href":"https:\/\/api.w.org\/{rel}","templated":true}]}}