{"id":193481,"date":"2026-04-28T12:58:07","date_gmt":"2026-04-28T15:58:07","guid":{"rendered":"https:\/\/gysfm.com.ar\/inicio\/en-un-discurso-cargado-de-optimismo-caputo-dijo-que-la-economia-mejoro-en-marzo\/"},"modified":"2026-04-28T12:58:07","modified_gmt":"2026-04-28T15:58:07","slug":"en-un-discurso-cargado-de-optimismo-caputo-dijo-que-la-economia-mejoro-en-marzo","status":"publish","type":"post","link":"https:\/\/gysfm.com.ar\/inicio\/en-un-discurso-cargado-de-optimismo-caputo-dijo-que-la-economia-mejoro-en-marzo\/","title":{"rendered":"En un discurso cargado de optimismo, Caputo dijo que la econom\u00eda mejor\u00f3 en marzo"},"content":{"rendered":"<p><\/p>\n<div>\n<p class=\"com-paragraph  --capital --s\">El ministro de Econom\u00eda, Luis Caputo, se present\u00f3 hoy ante empresarios en ExpoEFI <strong>con un mensaje de confianza en el programa econ\u00f3mico y sin concesiones al pesimismo<\/strong>. En un discurso de 50 minutos, <strong>defendi\u00f3 la solidez del modelo frente a dos <\/strong><em><strong>shocks <\/strong><\/em><strong>simult\u00e1neos<\/strong> \u2014uno interno, el a\u00f1o pasado; otro externo, en los \u00faltimos meses\u2014, anticip\u00f3 que los indicadores de marzo ya apuntan a la recuperaci\u00f3n y <strong>descart\u00f3 de plano cualquier posibilidad de un retorno del kirchnerismo al poder.<\/strong><\/p>\n<p class=\"com-paragraph   --s\"><mark class=\"hl_underline\">\u201cCreo que el riesgo <\/mark><mark class=\"hl_underline\"><em>kuka <\/em><\/mark><mark class=\"hl_underline\">es cero\u201d,<\/mark> dijo Caputo. Y fue m\u00e1s lejos: \u201cLo hablo con los gobernadores peronistas; hoy no quieren ni ver a los kirchneristas. <strong>No hay ninguna posibilidad de volver al pasado<\/strong>\u201d. El ministro atribuy\u00f3 la narrativa contraria a una operaci\u00f3n de desestabilizaci\u00f3n y llam\u00f3 a la audiencia a no dejarse \u201cpsicopatear\u201d.<\/p>\n<p class=\"com-paragraph   --s\">El eje central de la exposici\u00f3n fue la resistencia del programa econ\u00f3mico ante presiones que, seg\u00fan Caputo, <strong>habr\u00edan bastado para voltear a cualquier gobierno anterior<\/strong>. El a\u00f1o pasado, el pa\u00eds atraves\u00f3 lo que el ministro describi\u00f3 como \u201cel <em>shock <\/em>interno m\u00e1s fuerte de la historia\u201d: una dolarizaci\u00f3n del 50% del M2, que implic\u00f3 la mayor corrida cambiaria de la que se tenga registro, seg\u00fan sus palabras. Fracas\u00f3, pero tuvo consecuencias: una ca\u00edda abrupta de la demanda de dinero que elev\u00f3 la inflaci\u00f3n, subi\u00f3 el riesgo pa\u00eds y deprimi\u00f3 el crecimiento.<strong> \u201cEn vez de crecer al 6% o 7% en 2025, crecimos al 4,4%\u201d<\/strong>, dijo. \u201cPero lo superamos\u201d, agreg\u00f3.<\/p>\n<div class=\"content-media\">\n<section role=\"button\" class=\"mod-media   \">\n<figure role=\"button\" tabindex=\"0\" class=\"mod-figure \"><figcaption class=\"mod-figcaption\"><span class=\"com-text --caption --twoxs\">Caputo en ExpoEFI: el ministro proyect\u00f3 un super\u00e1vit energ\u00e9tico y minero de US$862.000 millones para los pr\u00f3ximos diez a\u00f1os<\/span><span class=\"com-text --credit --twoxs\">Fabi\u00e1n  Marelli<\/span><\/figcaption><\/figure>\n<\/section>\n<\/div>\n<p class=\"com-paragraph   --s\">A ese episodio se sum\u00f3, en los \u00faltimos meses, <strong>el <\/strong><em><strong>shock <\/strong><\/em><strong>externo derivado de la guerra en Medio Oriente, que dispar\u00f3 los combustibles m\u00e1s de 60%<\/strong>, seg\u00fan calcul\u00f3, cuando el sector privado lo estima en 35%. Caputo lo present\u00f3 como una segunda prueba de estr\u00e9s que la Argentina tambi\u00e9n sorte\u00f3. Como evidencia, cit\u00f3 el comportamiento del Banco Central: <strong>\u201cCompra todos los d\u00edas d\u00f3lares para que el peso no se aprecie m\u00e1s. Esto es algo in\u00e9dito, no pas\u00f3 nunca\u201d.<\/strong><\/p>\n<p class=\"com-paragraph   --s\">El ministro tambi\u00e9n apel\u00f3 al reconocimiento internacional. Mencion\u00f3 que el secretario del Tesoro de Estados Unidos,<strong> Scott Bessent<\/strong>, y la directora gerente del Fondo Monetario Internacional, <strong>Kristalina Georgieva<\/strong>, pusieron a la Argentina como modelo por dos razones: el super\u00e1vit fiscal y la condici\u00f3n de exportador de petr\u00f3leo. \u201cPasamos de ser importadores de petr\u00f3leo y de tener d\u00e9ficit fiscal y tener como aliados a Venezuela e Ir\u00e1n, a ser exportadores y tener super\u00e1vit. Somos el \u00fanico pa\u00eds con super\u00e1vit de todos los pa\u00edses del G20\u201d, afirm\u00f3.<\/p>\n<p class=\"com-paragraph   --s\">Caputo reconoci\u00f3 que los \u00faltimos datos publicados por el Indec fueron malos. Su argumento para el optimismo apunta a marzo: <strong>\u201cCuando miramos los indicadores que salen del mes de marzo, la mayor\u00eda est\u00e1 en verde, incluso sectores que ven\u00edan retrasados como industria y construcci\u00f3n<\/strong>\u201d. Proyect\u00f3 adem\u00e1s que para junio o julio estar\u00e1n licitados y en obra 9000 km de corredores viales, con otros 9000 km adicionales en proceso. \u201cEso le va a dar un impulso fuert\u00edsimo a la construcci\u00f3n\u201d, dijo.<\/p>\n<div class=\"content-media\">\n<section role=\"button\" class=\"mod-media   \">\n<figure role=\"button\" tabindex=\"0\" class=\"mod-figure \"><figcaption class=\"mod-figcaption\"><span class=\"com-text --caption --twoxs\">El ministro de Econom\u00eda ante empresarios: \u00abEl optimismo que tenemos est\u00e1 fundamentado en datos concretos, no es un optimismo wishful thinking\u00bb<\/span><span class=\"com-text --credit --twoxs\">Fabi\u00e1n  Marelli<\/span><\/figcaption><\/figure>\n<\/section>\n<\/div>\n<p class=\"com-paragraph   --s\">En inflaci\u00f3n, anticip\u00f3 que el pico de marzo no se repetir\u00e1:<strong> \u201cEsperamos que a partir de abril el proceso de desinflaci\u00f3n retome\u201d<\/strong>, se\u00f1al\u00f3, y atribuy\u00f3 la baja de tasas y la apreciaci\u00f3n del peso a la recuperaci\u00f3n de la demanda de dinero. El cr\u00e9dito pyme, indic\u00f3, ya est\u00e1 en r\u00e9cord hist\u00f3rico: 2,7% del PBI, m\u00e1s del doble del nivel heredado en 2023.<\/p>\n<p class=\"com-paragraph   --s\">La parte m\u00e1s llamativa del discurso fue la que proyect\u00f3 hacia adelante. Caputo enumer\u00f3 cifras que, seg\u00fan dijo, todav\u00eda no dimensiona buena parte de la sociedad. Solo en energ\u00eda, <strong>estim\u00f3 un super\u00e1vit de US$350.000 millones entre este a\u00f1o y 2035. <\/strong>En miner\u00eda, los n\u00fameros libres llegar\u00edan a US$512.000 millones en el mismo per\u00edodo. En total, los 36 proyectos ingresados al R\u00e9gimen de Incentivos de Grandes Inversiones (RIGI) representan compromisos por US$900.000 millones, con siete u ocho proyectos adicionales en puerta por entre US$30.000 y US$40.000 millones m\u00e1s, la mayor\u00eda concentrados en <em>upstream <\/em>energ\u00e9tico.<\/p>\n<p class=\"com-paragraph   --s\"><strong>En exportaciones, el ministro se\u00f1al\u00f3 que el pa\u00eds est\u00e1 rozando por primera vez los US$100.000 millones anuales.<\/strong> \u201cHablando de tipo de cambio atrasado, ac\u00e1 hay una muestra contundente de que no hay un problema de tipo de cambio, sino de generar las condiciones para que el sector privado se desarrolle\u201d, afirm\u00f3. El campo proyecta una cosecha de 160 millones de toneladas. El Banco Central lleva acumulados casi US$7000 millones en compras en lo que va del a\u00f1o, por encima del \u201cescenario mega optimista\u201d, seg\u00fan defini\u00f3.<\/p>\n<div class=\"content-media\">\n<section role=\"button\" class=\"mod-media   \">\n<figure role=\"button\" tabindex=\"0\" class=\"mod-figure \"><figcaption class=\"mod-figcaption\"><span class=\"com-text --caption --twoxs\">Luis Caputo dijo que el riesgo de que vuelva el kirchnerismo \u00abes cero\u00bb y defendi\u00f3 la fortaleza del programa econ\u00f3mico<\/span><span class=\"com-text --credit --twoxs\">Fabi\u00e1n  Marelli<\/span><\/figcaption><\/figure>\n<\/section>\n<\/div>\n<p class=\"com-paragraph   --s\">En materia laboral, Caputo reconoci\u00f3 que el empleo registrado cay\u00f3, <strong>pero sostuvo que el total de puestos de trabajo creci\u00f3 en 100.000<\/strong>. Los salarios informales, seg\u00fan dijo, crecieron por encima de la inflaci\u00f3n; los registrados muestran resultados mixtos dependiendo de la fuente: 3% arriba de noviembre de 2023 seg\u00fan el SIPA, que incluye horas extras y bonos, y 2% abajo seg\u00fan el Indec, indic\u00f3.<\/p>\n<p class=\"com-paragraph   --s\">El ministro cerr\u00f3 con una apuesta a 2027 y una advertencia para los inversores: \u201cEl riesgo hoy hay que pensarlo diferente. <strong>El <\/strong><em><strong>downside<\/strong><\/em><strong> es perderse la oportunidad de invertir en el pa\u00eds que m\u00e1s va a crecer en los pr\u00f3ximos 30 a\u00f1os<\/strong>\u201d.<\/p>\n<section class=\"container-center-100 mb-40 border border-bottom border-thin border-neutral-light-700\">\n<hr\/>\n<\/section>\n<\/div>\n<p><script id=\"facebookpixel\" defer=\"\" type=\"text\/javascript\">\n        !function(f,b,e,v,n,t,s)\n        {if(f.fbq)return;n=f.fbq=function(){n.callMethod?\n        n.callMethod.apply(n,arguments):n.queue.push(arguments)};\n        if(!f._fbq)f._fbq=n;n.push=n;n.loaded=!0;n.version='2.0';\n        n.queue=[];t=b.createElement(e);t.async=!0;\n        t.src=v;s=b.getElementsByTagName(e)[0];\n        s.parentNode.insertBefore(t,s)}(window, document,'script',\n        'https:\/\/connect.facebook.net\/en_US\/fbevents.js');\n        fbq('init', '492459597522335');\n        fbq('track', 'PageView');\n    <\/script><\/p>\n","protected":false},"excerpt":{"rendered":"<p>El ministro de Econom\u00eda, Luis Caputo, se present\u00f3 hoy ante empresarios en ExpoEFI con un mensaje de confianza en el programa econ\u00f3mico y sin concesiones al pesimismo. En un discurso de 50 minutos, defendi\u00f3 la solidez del modelo frente a dos shocks simult\u00e1neos \u2014uno interno, el a\u00f1o pasado; otro externo, en los \u00faltimos meses\u2014, anticip\u00f3 [&hellip;]<\/p>\n","protected":false},"author":1,"featured_media":193482,"comment_status":"closed","ping_status":"closed","sticky":false,"template":"","format":"standard","meta":{"footnotes":""},"categories":[28],"tags":[],"class_list":["post-193481","post","type-post","status-publish","format-standard","has-post-thumbnail","hentry","category-economia"],"yoast_head":"<!-- This site is optimized with the Yoast SEO plugin v24.4 - https:\/\/yoast.com\/wordpress\/plugins\/seo\/ -->\n<title>En un discurso cargado de optimismo, Caputo dijo que la econom\u00eda mejor\u00f3 en marzo - GYS NOTICIAS |<\/title>\n<meta name=\"robots\" content=\"index, follow, max-snippet:-1, max-image-preview:large, max-video-preview:-1\" \/>\n<link rel=\"canonical\" href=\"https:\/\/gysfm.com.ar\/inicio\/en-un-discurso-cargado-de-optimismo-caputo-dijo-que-la-economia-mejoro-en-marzo\/\" \/>\n<meta property=\"og:locale\" content=\"es_ES\" \/>\n<meta property=\"og:type\" content=\"article\" \/>\n<meta property=\"og:title\" content=\"En un discurso cargado de optimismo, Caputo dijo que la econom\u00eda mejor\u00f3 en marzo - GYS NOTICIAS |\" \/>\n<meta property=\"og:description\" content=\"El ministro de Econom\u00eda, Luis Caputo, se present\u00f3 hoy ante empresarios en ExpoEFI con un mensaje de confianza en el programa econ\u00f3mico y sin concesiones al pesimismo. En un discurso de 50 minutos, defendi\u00f3 la solidez del modelo frente a dos shocks simult\u00e1neos \u2014uno interno, el a\u00f1o pasado; otro externo, en los \u00faltimos meses\u2014, anticip\u00f3 [&hellip;]\" \/>\n<meta property=\"og:url\" content=\"https:\/\/gysfm.com.ar\/inicio\/en-un-discurso-cargado-de-optimismo-caputo-dijo-que-la-economia-mejoro-en-marzo\/\" \/>\n<meta property=\"og:site_name\" content=\"GYS NOTICIAS |\" \/>\n<meta property=\"article:published_time\" content=\"2026-04-28T15:58:07+00:00\" \/>\n<meta property=\"og:image\" content=\"https:\/\/gysfm.com.ar\/inicio\/wp-content\/uploads\/2026\/04\/expoefi-2026-economia-politica-comunidad-de-MIYPOCSBVVC4PIAP2JJ3OCN4KA.JPG\" \/>\n\t<meta property=\"og:image:width\" content=\"1200\" \/>\n\t<meta property=\"og:image:height\" content=\"800\" \/>\n\t<meta property=\"og:image:type\" content=\"image\/jpeg\" \/>\n<meta name=\"author\" content=\"admin\" \/>\n<meta name=\"twitter:card\" content=\"summary_large_image\" \/>\n<meta name=\"twitter:label1\" content=\"Escrito por\" \/>\n\t<meta name=\"twitter:data1\" content=\"admin\" \/>\n\t<meta name=\"twitter:label2\" content=\"Tiempo de lectura\" \/>\n\t<meta name=\"twitter:data2\" content=\"5 minutos\" \/>\n<script type=\"application\/ld+json\" class=\"yoast-schema-graph\">{\"@context\":\"https:\/\/schema.org\",\"@graph\":[{\"@type\":\"Article\",\"@id\":\"https:\/\/gysfm.com.ar\/inicio\/en-un-discurso-cargado-de-optimismo-caputo-dijo-que-la-economia-mejoro-en-marzo\/#article\",\"isPartOf\":{\"@id\":\"https:\/\/gysfm.com.ar\/inicio\/en-un-discurso-cargado-de-optimismo-caputo-dijo-que-la-economia-mejoro-en-marzo\/\"},\"author\":{\"name\":\"admin\",\"@id\":\"https:\/\/gysfm.com.ar\/inicio\/#\/schema\/person\/5bedd7ecd35cc35548d89effafa23696\"},\"headline\":\"En un discurso cargado de optimismo, Caputo dijo que la econom\u00eda mejor\u00f3 en marzo\",\"datePublished\":\"2026-04-28T15:58:07+00:00\",\"mainEntityOfPage\":{\"@id\":\"https:\/\/gysfm.com.ar\/inicio\/en-un-discurso-cargado-de-optimismo-caputo-dijo-que-la-economia-mejoro-en-marzo\/\"},\"wordCount\":980,\"publisher\":{\"@id\":\"https:\/\/gysfm.com.ar\/inicio\/#organization\"},\"image\":{\"@id\":\"https:\/\/gysfm.com.ar\/inicio\/en-un-discurso-cargado-de-optimismo-caputo-dijo-que-la-economia-mejoro-en-marzo\/#primaryimage\"},\"thumbnailUrl\":\"https:\/\/gysfm.com.ar\/inicio\/wp-content\/uploads\/2026\/04\/expoefi-2026-economia-politica-comunidad-de-MIYPOCSBVVC4PIAP2JJ3OCN4KA.JPG\",\"articleSection\":[\"ECONOMIA\"],\"inLanguage\":\"es\"},{\"@type\":\"WebPage\",\"@id\":\"https:\/\/gysfm.com.ar\/inicio\/en-un-discurso-cargado-de-optimismo-caputo-dijo-que-la-economia-mejoro-en-marzo\/\",\"url\":\"https:\/\/gysfm.com.ar\/inicio\/en-un-discurso-cargado-de-optimismo-caputo-dijo-que-la-economia-mejoro-en-marzo\/\",\"name\":\"En un discurso cargado de optimismo, Caputo dijo que la econom\u00eda mejor\u00f3 en marzo - GYS NOTICIAS |\",\"isPartOf\":{\"@id\":\"https:\/\/gysfm.com.ar\/inicio\/#website\"},\"primaryImageOfPage\":{\"@id\":\"https:\/\/gysfm.com.ar\/inicio\/en-un-discurso-cargado-de-optimismo-caputo-dijo-que-la-economia-mejoro-en-marzo\/#primaryimage\"},\"image\":{\"@id\":\"https:\/\/gysfm.com.ar\/inicio\/en-un-discurso-cargado-de-optimismo-caputo-dijo-que-la-economia-mejoro-en-marzo\/#primaryimage\"},\"thumbnailUrl\":\"https:\/\/gysfm.com.ar\/inicio\/wp-content\/uploads\/2026\/04\/expoefi-2026-economia-politica-comunidad-de-MIYPOCSBVVC4PIAP2JJ3OCN4KA.JPG\",\"datePublished\":\"2026-04-28T15:58:07+00:00\",\"breadcrumb\":{\"@id\":\"https:\/\/gysfm.com.ar\/inicio\/en-un-discurso-cargado-de-optimismo-caputo-dijo-que-la-economia-mejoro-en-marzo\/#breadcrumb\"},\"inLanguage\":\"es\",\"potentialAction\":[{\"@type\":\"ReadAction\",\"target\":[\"https:\/\/gysfm.com.ar\/inicio\/en-un-discurso-cargado-de-optimismo-caputo-dijo-que-la-economia-mejoro-en-marzo\/\"]}]},{\"@type\":\"ImageObject\",\"inLanguage\":\"es\",\"@id\":\"https:\/\/gysfm.com.ar\/inicio\/en-un-discurso-cargado-de-optimismo-caputo-dijo-que-la-economia-mejoro-en-marzo\/#primaryimage\",\"url\":\"https:\/\/gysfm.com.ar\/inicio\/wp-content\/uploads\/2026\/04\/expoefi-2026-economia-politica-comunidad-de-MIYPOCSBVVC4PIAP2JJ3OCN4KA.JPG\",\"contentUrl\":\"https:\/\/gysfm.com.ar\/inicio\/wp-content\/uploads\/2026\/04\/expoefi-2026-economia-politica-comunidad-de-MIYPOCSBVVC4PIAP2JJ3OCN4KA.JPG\",\"width\":1200,\"height\":800},{\"@type\":\"BreadcrumbList\",\"@id\":\"https:\/\/gysfm.com.ar\/inicio\/en-un-discurso-cargado-de-optimismo-caputo-dijo-que-la-economia-mejoro-en-marzo\/#breadcrumb\",\"itemListElement\":[{\"@type\":\"ListItem\",\"position\":1,\"name\":\"Portada\",\"item\":\"https:\/\/gysfm.com.ar\/inicio\/\"},{\"@type\":\"ListItem\",\"position\":2,\"name\":\"En un discurso cargado de optimismo, Caputo dijo que la econom\u00eda mejor\u00f3 en marzo\"}]},{\"@type\":\"WebSite\",\"@id\":\"https:\/\/gysfm.com.ar\/inicio\/#website\",\"url\":\"https:\/\/gysfm.com.ar\/inicio\/\",\"name\":\"GYS NOTICIAS |\",\"description\":\"DIARIO - RADIO ONLINE SAN JUAN ARGENTINA\",\"publisher\":{\"@id\":\"https:\/\/gysfm.com.ar\/inicio\/#organization\"},\"potentialAction\":[{\"@type\":\"SearchAction\",\"target\":{\"@type\":\"EntryPoint\",\"urlTemplate\":\"https:\/\/gysfm.com.ar\/inicio\/?s={search_term_string}\"},\"query-input\":{\"@type\":\"PropertyValueSpecification\",\"valueRequired\":true,\"valueName\":\"search_term_string\"}}],\"inLanguage\":\"es\"},{\"@type\":\"Organization\",\"@id\":\"https:\/\/gysfm.com.ar\/inicio\/#organization\",\"name\":\"GYS NOTICIAS |\",\"url\":\"https:\/\/gysfm.com.ar\/inicio\/\",\"logo\":{\"@type\":\"ImageObject\",\"inLanguage\":\"es\",\"@id\":\"https:\/\/gysfm.com.ar\/inicio\/#\/schema\/logo\/image\/\",\"url\":\"https:\/\/gysfm.com.ar\/inicio\/wp-content\/uploads\/2023\/07\/LOGOGYS-OK.png\",\"contentUrl\":\"https:\/\/gysfm.com.ar\/inicio\/wp-content\/uploads\/2023\/07\/LOGOGYS-OK.png\",\"width\":1170,\"height\":872,\"caption\":\"GYS NOTICIAS |\"},\"image\":{\"@id\":\"https:\/\/gysfm.com.ar\/inicio\/#\/schema\/logo\/image\/\"}},{\"@type\":\"Person\",\"@id\":\"https:\/\/gysfm.com.ar\/inicio\/#\/schema\/person\/5bedd7ecd35cc35548d89effafa23696\",\"name\":\"admin\",\"image\":{\"@type\":\"ImageObject\",\"inLanguage\":\"es\",\"@id\":\"https:\/\/gysfm.com.ar\/inicio\/#\/schema\/person\/image\/\",\"url\":\"https:\/\/secure.gravatar.com\/avatar\/c331d312b5243fb64d5ba28108a447b27c925295129a363082c9ea52c28d32c2?s=96&d=mm&r=g\",\"contentUrl\":\"https:\/\/secure.gravatar.com\/avatar\/c331d312b5243fb64d5ba28108a447b27c925295129a363082c9ea52c28d32c2?s=96&d=mm&r=g\",\"caption\":\"admin\"},\"sameAs\":[\"https:\/\/gysfm.com.ar\/inicio\"],\"url\":\"https:\/\/gysfm.com.ar\/inicio\/author\/admin\/\"}]}<\/script>\n<!-- \/ Yoast SEO plugin. -->","yoast_head_json":{"title":"En un discurso cargado de optimismo, Caputo dijo que la econom\u00eda mejor\u00f3 en marzo - GYS NOTICIAS |","robots":{"index":"index","follow":"follow","max-snippet":"max-snippet:-1","max-image-preview":"max-image-preview:large","max-video-preview":"max-video-preview:-1"},"canonical":"https:\/\/gysfm.com.ar\/inicio\/en-un-discurso-cargado-de-optimismo-caputo-dijo-que-la-economia-mejoro-en-marzo\/","og_locale":"es_ES","og_type":"article","og_title":"En un discurso cargado de optimismo, Caputo dijo que la econom\u00eda mejor\u00f3 en marzo - GYS NOTICIAS |","og_description":"El ministro de Econom\u00eda, Luis Caputo, se present\u00f3 hoy ante empresarios en ExpoEFI con un mensaje de confianza en el programa econ\u00f3mico y sin concesiones al pesimismo. En un discurso de 50 minutos, defendi\u00f3 la solidez del modelo frente a dos shocks simult\u00e1neos \u2014uno interno, el a\u00f1o pasado; otro externo, en los \u00faltimos meses\u2014, anticip\u00f3 [&hellip;]","og_url":"https:\/\/gysfm.com.ar\/inicio\/en-un-discurso-cargado-de-optimismo-caputo-dijo-que-la-economia-mejoro-en-marzo\/","og_site_name":"GYS NOTICIAS |","article_published_time":"2026-04-28T15:58:07+00:00","og_image":[{"width":1200,"height":800,"url":"https:\/\/gysfm.com.ar\/inicio\/wp-content\/uploads\/2026\/04\/expoefi-2026-economia-politica-comunidad-de-MIYPOCSBVVC4PIAP2JJ3OCN4KA.JPG","type":"image\/jpeg"}],"author":"admin","twitter_card":"summary_large_image","twitter_misc":{"Escrito por":"admin","Tiempo de lectura":"5 minutos"},"schema":{"@context":"https:\/\/schema.org","@graph":[{"@type":"Article","@id":"https:\/\/gysfm.com.ar\/inicio\/en-un-discurso-cargado-de-optimismo-caputo-dijo-que-la-economia-mejoro-en-marzo\/#article","isPartOf":{"@id":"https:\/\/gysfm.com.ar\/inicio\/en-un-discurso-cargado-de-optimismo-caputo-dijo-que-la-economia-mejoro-en-marzo\/"},"author":{"name":"admin","@id":"https:\/\/gysfm.com.ar\/inicio\/#\/schema\/person\/5bedd7ecd35cc35548d89effafa23696"},"headline":"En un discurso cargado de optimismo, Caputo dijo que la econom\u00eda mejor\u00f3 en marzo","datePublished":"2026-04-28T15:58:07+00:00","mainEntityOfPage":{"@id":"https:\/\/gysfm.com.ar\/inicio\/en-un-discurso-cargado-de-optimismo-caputo-dijo-que-la-economia-mejoro-en-marzo\/"},"wordCount":980,"publisher":{"@id":"https:\/\/gysfm.com.ar\/inicio\/#organization"},"image":{"@id":"https:\/\/gysfm.com.ar\/inicio\/en-un-discurso-cargado-de-optimismo-caputo-dijo-que-la-economia-mejoro-en-marzo\/#primaryimage"},"thumbnailUrl":"https:\/\/gysfm.com.ar\/inicio\/wp-content\/uploads\/2026\/04\/expoefi-2026-economia-politica-comunidad-de-MIYPOCSBVVC4PIAP2JJ3OCN4KA.JPG","articleSection":["ECONOMIA"],"inLanguage":"es"},{"@type":"WebPage","@id":"https:\/\/gysfm.com.ar\/inicio\/en-un-discurso-cargado-de-optimismo-caputo-dijo-que-la-economia-mejoro-en-marzo\/","url":"https:\/\/gysfm.com.ar\/inicio\/en-un-discurso-cargado-de-optimismo-caputo-dijo-que-la-economia-mejoro-en-marzo\/","name":"En un discurso cargado de optimismo, Caputo dijo que la econom\u00eda mejor\u00f3 en marzo - GYS NOTICIAS |","isPartOf":{"@id":"https:\/\/gysfm.com.ar\/inicio\/#website"},"primaryImageOfPage":{"@id":"https:\/\/gysfm.com.ar\/inicio\/en-un-discurso-cargado-de-optimismo-caputo-dijo-que-la-economia-mejoro-en-marzo\/#primaryimage"},"image":{"@id":"https:\/\/gysfm.com.ar\/inicio\/en-un-discurso-cargado-de-optimismo-caputo-dijo-que-la-economia-mejoro-en-marzo\/#primaryimage"},"thumbnailUrl":"https:\/\/gysfm.com.ar\/inicio\/wp-content\/uploads\/2026\/04\/expoefi-2026-economia-politica-comunidad-de-MIYPOCSBVVC4PIAP2JJ3OCN4KA.JPG","datePublished":"2026-04-28T15:58:07+00:00","breadcrumb":{"@id":"https:\/\/gysfm.com.ar\/inicio\/en-un-discurso-cargado-de-optimismo-caputo-dijo-que-la-economia-mejoro-en-marzo\/#breadcrumb"},"inLanguage":"es","potentialAction":[{"@type":"ReadAction","target":["https:\/\/gysfm.com.ar\/inicio\/en-un-discurso-cargado-de-optimismo-caputo-dijo-que-la-economia-mejoro-en-marzo\/"]}]},{"@type":"ImageObject","inLanguage":"es","@id":"https:\/\/gysfm.com.ar\/inicio\/en-un-discurso-cargado-de-optimismo-caputo-dijo-que-la-economia-mejoro-en-marzo\/#primaryimage","url":"https:\/\/gysfm.com.ar\/inicio\/wp-content\/uploads\/2026\/04\/expoefi-2026-economia-politica-comunidad-de-MIYPOCSBVVC4PIAP2JJ3OCN4KA.JPG","contentUrl":"https:\/\/gysfm.com.ar\/inicio\/wp-content\/uploads\/2026\/04\/expoefi-2026-economia-politica-comunidad-de-MIYPOCSBVVC4PIAP2JJ3OCN4KA.JPG","width":1200,"height":800},{"@type":"BreadcrumbList","@id":"https:\/\/gysfm.com.ar\/inicio\/en-un-discurso-cargado-de-optimismo-caputo-dijo-que-la-economia-mejoro-en-marzo\/#breadcrumb","itemListElement":[{"@type":"ListItem","position":1,"name":"Portada","item":"https:\/\/gysfm.com.ar\/inicio\/"},{"@type":"ListItem","position":2,"name":"En un discurso cargado de optimismo, Caputo dijo que la econom\u00eda mejor\u00f3 en marzo"}]},{"@type":"WebSite","@id":"https:\/\/gysfm.com.ar\/inicio\/#website","url":"https:\/\/gysfm.com.ar\/inicio\/","name":"GYS NOTICIAS |","description":"DIARIO - RADIO ONLINE SAN JUAN ARGENTINA","publisher":{"@id":"https:\/\/gysfm.com.ar\/inicio\/#organization"},"potentialAction":[{"@type":"SearchAction","target":{"@type":"EntryPoint","urlTemplate":"https:\/\/gysfm.com.ar\/inicio\/?s={search_term_string}"},"query-input":{"@type":"PropertyValueSpecification","valueRequired":true,"valueName":"search_term_string"}}],"inLanguage":"es"},{"@type":"Organization","@id":"https:\/\/gysfm.com.ar\/inicio\/#organization","name":"GYS NOTICIAS |","url":"https:\/\/gysfm.com.ar\/inicio\/","logo":{"@type":"ImageObject","inLanguage":"es","@id":"https:\/\/gysfm.com.ar\/inicio\/#\/schema\/logo\/image\/","url":"https:\/\/gysfm.com.ar\/inicio\/wp-content\/uploads\/2023\/07\/LOGOGYS-OK.png","contentUrl":"https:\/\/gysfm.com.ar\/inicio\/wp-content\/uploads\/2023\/07\/LOGOGYS-OK.png","width":1170,"height":872,"caption":"GYS NOTICIAS |"},"image":{"@id":"https:\/\/gysfm.com.ar\/inicio\/#\/schema\/logo\/image\/"}},{"@type":"Person","@id":"https:\/\/gysfm.com.ar\/inicio\/#\/schema\/person\/5bedd7ecd35cc35548d89effafa23696","name":"admin","image":{"@type":"ImageObject","inLanguage":"es","@id":"https:\/\/gysfm.com.ar\/inicio\/#\/schema\/person\/image\/","url":"https:\/\/secure.gravatar.com\/avatar\/c331d312b5243fb64d5ba28108a447b27c925295129a363082c9ea52c28d32c2?s=96&d=mm&r=g","contentUrl":"https:\/\/secure.gravatar.com\/avatar\/c331d312b5243fb64d5ba28108a447b27c925295129a363082c9ea52c28d32c2?s=96&d=mm&r=g","caption":"admin"},"sameAs":["https:\/\/gysfm.com.ar\/inicio"],"url":"https:\/\/gysfm.com.ar\/inicio\/author\/admin\/"}]}},"_links":{"self":[{"href":"https:\/\/gysfm.com.ar\/inicio\/wp-json\/wp\/v2\/posts\/193481","targetHints":{"allow":["GET"]}}],"collection":[{"href":"https:\/\/gysfm.com.ar\/inicio\/wp-json\/wp\/v2\/posts"}],"about":[{"href":"https:\/\/gysfm.com.ar\/inicio\/wp-json\/wp\/v2\/types\/post"}],"author":[{"embeddable":true,"href":"https:\/\/gysfm.com.ar\/inicio\/wp-json\/wp\/v2\/users\/1"}],"replies":[{"embeddable":true,"href":"https:\/\/gysfm.com.ar\/inicio\/wp-json\/wp\/v2\/comments?post=193481"}],"version-history":[{"count":1,"href":"https:\/\/gysfm.com.ar\/inicio\/wp-json\/wp\/v2\/posts\/193481\/revisions"}],"predecessor-version":[{"id":193483,"href":"https:\/\/gysfm.com.ar\/inicio\/wp-json\/wp\/v2\/posts\/193481\/revisions\/193483"}],"wp:featuredmedia":[{"embeddable":true,"href":"https:\/\/gysfm.com.ar\/inicio\/wp-json\/wp\/v2\/media\/193482"}],"wp:attachment":[{"href":"https:\/\/gysfm.com.ar\/inicio\/wp-json\/wp\/v2\/media?parent=193481"}],"wp:term":[{"taxonomy":"category","embeddable":true,"href":"https:\/\/gysfm.com.ar\/inicio\/wp-json\/wp\/v2\/categories?post=193481"},{"taxonomy":"post_tag","embeddable":true,"href":"https:\/\/gysfm.com.ar\/inicio\/wp-json\/wp\/v2\/tags?post=193481"}],"curies":[{"name":"wp","href":"https:\/\/api.w.org\/{rel}","templated":true}]}}